{"id":4245,"date":"2025-02-24T00:15:45","date_gmt":"2025-02-23T19:15:45","guid":{"rendered":"https:\/\/pulso27.com\/?p=4245"},"modified":"2025-02-24T00:15:49","modified_gmt":"2025-02-23T19:15:49","slug":"carlos-rodriguez-pastor-el-hombre-mas-rico-del-peru-enfrenta-denuncias-penales-por-colapso-mortal-en-real-plaza-trujillo","status":"publish","type":"post","link":"https:\/\/pulso27.com\/en\/actualidad\/economia\/carlos-rodriguez-pastor-el-hombre-mas-rico-del-peru-enfrenta-denuncias-penales-por-colapso-mortal-en-real-plaza-trujillo\/","title":{"rendered":"Carlos Rodr\u00edguez Pastor, el hombre m\u00e1s rico del Per\u00fa, enfrenta denuncias penales por colapso mortal en Real Plaza Trujillo"},"content":{"rendered":"<p>La ciudad de Trujillo permanece en estado de shock tras el colapso del techo del patio de comidas del centro comercial Real Plaza, un desastre que ha dejado ocho fallecidos y m\u00e1s de 70 heridos, entre ellos varios ni\u00f1os. Ante la magnitud de la tragedia, ciudadanos se han congregado en las afueras del establecimiento para exigir justicia y han anunciado un plant\u00f3n en solidaridad con las v\u00edctimas.<\/p>\n\n\n\n<p>En el centro de las cr\u00edticas y denuncias se encuentra Carlos Rodr\u00edguez Pastor, due\u00f1o de Real Plaza y considerado el hombre m\u00e1s rico del Per\u00fa. Una denuncia penal, presentada por el abogado Edison F\u00e9lix Tito Peralta ante la Fiscal\u00eda de La Libertad, lo acusa de homicidio culposo, lesiones culposas, omisi\u00f3n de auxilio y negligencia en la construcci\u00f3n y mantenimiento de la infraestructura. Junto a \u00e9l, tambi\u00e9n est\u00e1n se\u00f1alados otros directivos de Intercorp Retail, as\u00ed como a las autoridades regionales y municipales relacionados a C\u00e9sar Acu\u00f1a Peralta, l\u00edder pol\u00edtico de Alianza Para el Progreso (APP).<\/p>\n\n\n\n<figure class=\"wp-block-image size-full is-resized\"><img loading=\"lazy\" decoding=\"async\" width=\"720\" height=\"387\" src=\"https:\/\/pulso27.com\/wp-content\/uploads\/2025\/02\/image-71.png\" alt=\"\" class=\"wp-image-4246\" style=\"width:740px;height:auto\" srcset=\"https:\/\/pulso27.com\/wp-content\/uploads\/2025\/02\/image-71.png 720w, https:\/\/pulso27.com\/wp-content\/uploads\/2025\/02\/image-71-300x161.png 300w, https:\/\/pulso27.com\/wp-content\/uploads\/2025\/02\/image-71-18x10.png 18w\" sizes=\"auto, (max-width: 720px) 100vw, 720px\" \/><figcaption class=\"wp-element-caption\"><em>Carlos Rodr\u00edguez Pastor, due\u00f1o de Real Plaza y considerado el hombre m\u00e1s rico del Per\u00fa<\/em><\/figcaption><\/figure>\n\n\n\n<h3 class=\"wp-block-heading\"><strong>Negligencia y fallas estructurales<\/strong><\/h3>\n\n\n\n<p>Seg\u00fan la denuncia, el derrumbe ocurri\u00f3 alrededor de las 20:30 horas debido a fallas estructurales que habr\u00edan sido reportadas con anterioridad, pero que nunca fueron atendidas. Testigos aseguran que la respuesta de emergencia fue lenta e ineficaz, lo que agrav\u00f3 la situaci\u00f3n de las v\u00edctimas atrapadas bajo los escombros.<\/p>\n\n\n\n<p>\u00abEsto no fue un accidente, fue una tragedia anunciada. La negligencia empresarial y la falta de fiscalizaci\u00f3n han cobrado vidas inocentes\u00bb, declar\u00f3 un familiar de una de las v\u00edctimas.<\/p>\n\n\n\n<p>Adem\u00e1s de Rodr\u00edguez Pastor, la denuncia incluye a Misael Shimizu, vicepresidente de servicios inmobiliarios de Intercorp Retail, y al alcalde de Trujillo, Carlos Fernando Vejarano Celis, por no garantizar las condiciones de seguridad necesarias en el centro comercial.<\/p>\n\n\n<div class=\"wp-block-image\">\n<figure class=\"alignleft size-large is-resized\"><img loading=\"lazy\" decoding=\"async\" width=\"587\" height=\"1024\" src=\"https:\/\/pulso27.com\/wp-content\/uploads\/2025\/02\/image-74-587x1024.png\" alt=\"\" class=\"wp-image-4251\" style=\"width:442px;height:auto\" srcset=\"https:\/\/pulso27.com\/wp-content\/uploads\/2025\/02\/image-74-587x1024.png 587w, https:\/\/pulso27.com\/wp-content\/uploads\/2025\/02\/image-74-172x300.png 172w, https:\/\/pulso27.com\/wp-content\/uploads\/2025\/02\/image-74-7x12.png 7w, https:\/\/pulso27.com\/wp-content\/uploads\/2025\/02\/image-74.png 688w\" sizes=\"auto, (max-width: 587px) 100vw, 587px\" \/><figcaption class=\"wp-element-caption\"><em>Familiares de las v\u00edctimas y afectados esperan que este doloroso hecho no quede en la impunidad<\/em><\/figcaption><\/figure><\/div>\n\n\n<h3 class=\"wp-block-heading\"><strong>Reacciones y exigencias de justicia<\/strong><\/h3>\n\n\n\n<p>Las redes sociales se han convertido en un espacio de indignaci\u00f3n, donde usuarios responsabilizan a Rodr\u00edguez Pastor y a las autoridades por la tragedia. Organizaciones civiles y ciudadanos exigen sanciones ejemplares y una investigaci\u00f3n exhaustiva que esclarezca los hechos. Tambi\u00e9n se ha apuntado a figuras pol\u00edticas como Adriana Tudela y Alejandro Cavero, quienes habr\u00edan impulsado leyes que permitieron el funcionamiento del centro comercial sin las debidas inspecciones t\u00e9cnicas.<\/p>\n\n\n\n<p>Mientras tanto, las instalaciones del Real Plaza Trujillo permanecen clausuradas a la espera de los peritajes t\u00e9cnicos que determinar\u00e1n las causas exactas del colapso. Este caso podr\u00eda sentar un precedente en la regulaci\u00f3n de centros comerciales y en la responsabilidad penal de sus directivos en el Per\u00fa.<\/p>\n\n\n\n<p>La ciudad de Trujillo clama por justicia, y las v\u00edctimas y sus familias esperan que este doloroso hecho no quede en la impunidad. La presi\u00f3n social y medi\u00e1tica mantiene el caso en el centro del debate nacional, mientras las autoridades judiciales tienen la \u00faltima palabra.<\/p>","protected":false},"excerpt":{"rendered":"<p>La ciudad de Trujillo permanece en estado de shock tras el colapso del techo del patio de comidas del centro comercial Real Plaza, un desastre que ha dejado ocho fallecidos y m\u00e1s de 70 heridos, entre ellos varios ni\u00f1os. Ante la magnitud de la tragedia, ciudadanos se han congregado en las afueras del establecimiento para [&hellip;]<\/p>\n","protected":false},"author":7,"featured_media":4249,"comment_status":"open","ping_status":"open","sticky":false,"template":"","format":"standard","meta":{"footnotes":""},"categories":[183,177,174,178,1852],"tags":[455,2128,1960,2129,2125],"class_list":["post-4245","post","type-post","status-publish","format-standard","has-post-thumbnail","hentry","category-actualidad","category-economia","category-nacional","category-policial","category-tendencia","tag-app","tag-carlosrodriguezpastor","tag-cesaracuna-2","tag-intercorpretail","tag-realplaza"],"yoast_head":"<!-- This site is optimized with the Yoast SEO plugin v27.4 - https:\/\/yoast.com\/product\/yoast-seo-wordpress\/ -->\n<title>Carlos Rodr\u00edguez Pastor, el hombre m\u00e1s rico del Per\u00fa, enfrenta denuncias penales por colapso mortal en Real Plaza Trujillo - Pulso27<\/title>\n<meta name=\"robots\" content=\"index, follow, max-snippet:-1, max-image-preview:large, max-video-preview:-1\" \/>\n<link rel=\"canonical\" href=\"https:\/\/pulso27.com\/en\/nacional\/carlos-rodriguez-pastor-el-hombre-mas-rico-del-peru-enfrenta-denuncias-penales-por-colapso-mortal-en-real-plaza-trujillo\/\" \/>\n<meta property=\"og:locale\" content=\"en_US\" \/>\n<meta property=\"og:type\" content=\"article\" \/>\n<meta property=\"og:title\" content=\"Carlos Rodr\u00edguez Pastor, el hombre m\u00e1s rico del Per\u00fa, enfrenta denuncias penales por colapso mortal en Real Plaza Trujillo - Pulso27\" \/>\n<meta property=\"og:description\" content=\"La ciudad de Trujillo permanece en estado de shock tras el colapso del techo del patio de comidas del centro comercial Real Plaza, un desastre que ha dejado ocho fallecidos y m\u00e1s de 70 heridos, entre ellos varios ni\u00f1os. Ante la magnitud de la tragedia, ciudadanos se han congregado en las afueras del establecimiento para [&hellip;]\" \/>\n<meta property=\"og:url\" content=\"https:\/\/pulso27.com\/en\/nacional\/carlos-rodriguez-pastor-el-hombre-mas-rico-del-peru-enfrenta-denuncias-penales-por-colapso-mortal-en-real-plaza-trujillo\/\" \/>\n<meta property=\"og:site_name\" content=\"Pulso27\" \/>\n<meta property=\"article:publisher\" content=\"https:\/\/www.facebook.com\/pulso27\/\" \/>\n<meta property=\"article:published_time\" content=\"2025-02-23T19:15:45+00:00\" \/>\n<meta property=\"article:modified_time\" content=\"2025-02-23T19:15:49+00:00\" \/>\n<meta property=\"og:image\" content=\"https:\/\/pulso27.com\/wp-content\/uploads\/2025\/02\/REalPlaz.png\" \/>\n\t<meta property=\"og:image:width\" content=\"1200\" \/>\n\t<meta property=\"og:image:height\" content=\"900\" \/>\n\t<meta property=\"og:image:type\" content=\"image\/png\" \/>\n<meta name=\"author\" content=\"Tupaq\" \/>\n<meta name=\"twitter:card\" content=\"summary_large_image\" \/>\n<meta name=\"twitter:creator\" content=\"@Pulso_27\" \/>\n<meta name=\"twitter:site\" content=\"@Pulso_27\" \/>\n<meta name=\"twitter:label1\" content=\"Written by\" \/>\n\t<meta name=\"twitter:data1\" content=\"Tupaq\" \/>\n\t<meta name=\"twitter:label2\" content=\"Est. reading time\" \/>\n\t<meta name=\"twitter:data2\" content=\"3 minutes\" \/>\n<script type=\"application\/ld+json\" class=\"yoast-schema-graph\">{\"@context\":\"https:\\\/\\\/schema.org\",\"@graph\":[{\"@type\":\"Article\",\"@id\":\"https:\\\/\\\/pulso27.com\\\/nacional\\\/carlos-rodriguez-pastor-el-hombre-mas-rico-del-peru-enfrenta-denuncias-penales-por-colapso-mortal-en-real-plaza-trujillo\\\/#article\",\"isPartOf\":{\"@id\":\"https:\\\/\\\/pulso27.com\\\/nacional\\\/carlos-rodriguez-pastor-el-hombre-mas-rico-del-peru-enfrenta-denuncias-penales-por-colapso-mortal-en-real-plaza-trujillo\\\/\"},\"author\":{\"name\":\"Tupaq\",\"@id\":\"https:\\\/\\\/pulso27.com\\\/en\\\/#\\\/schema\\\/person\\\/d20fd7f5bc7f2e53fd150d43fca07a78\"},\"headline\":\"Carlos Rodr\u00edguez Pastor, el hombre m\u00e1s rico del Per\u00fa, enfrenta denuncias penales por colapso mortal en Real Plaza Trujillo\",\"datePublished\":\"2025-02-23T19:15:45+00:00\",\"dateModified\":\"2025-02-23T19:15:49+00:00\",\"mainEntityOfPage\":{\"@id\":\"https:\\\/\\\/pulso27.com\\\/nacional\\\/carlos-rodriguez-pastor-el-hombre-mas-rico-del-peru-enfrenta-denuncias-penales-por-colapso-mortal-en-real-plaza-trujillo\\\/\"},\"wordCount\":541,\"commentCount\":0,\"publisher\":{\"@id\":\"https:\\\/\\\/pulso27.com\\\/en\\\/#organization\"},\"image\":{\"@id\":\"https:\\\/\\\/pulso27.com\\\/nacional\\\/carlos-rodriguez-pastor-el-hombre-mas-rico-del-peru-enfrenta-denuncias-penales-por-colapso-mortal-en-real-plaza-trujillo\\\/#primaryimage\"},\"thumbnailUrl\":\"https:\\\/\\\/pulso27.com\\\/wp-content\\\/uploads\\\/2025\\\/02\\\/REalPlaz.png\",\"keywords\":[\"APP\",\"CarlosRodriguezPastor\",\"C\u00e9sarAcu\u00f1a\",\"IntercorpRetail\",\"RealPlaza\"],\"articleSection\":[\"Actualidad\",\"Econom\u00eda\",\"Nacional\",\"Policial\",\"Tendencia\"],\"inLanguage\":\"en-US\",\"potentialAction\":[{\"@type\":\"CommentAction\",\"name\":\"Comment\",\"target\":[\"https:\\\/\\\/pulso27.com\\\/nacional\\\/carlos-rodriguez-pastor-el-hombre-mas-rico-del-peru-enfrenta-denuncias-penales-por-colapso-mortal-en-real-plaza-trujillo\\\/#respond\"]}]},{\"@type\":\"WebPage\",\"@id\":\"https:\\\/\\\/pulso27.com\\\/nacional\\\/carlos-rodriguez-pastor-el-hombre-mas-rico-del-peru-enfrenta-denuncias-penales-por-colapso-mortal-en-real-plaza-trujillo\\\/\",\"url\":\"https:\\\/\\\/pulso27.com\\\/nacional\\\/carlos-rodriguez-pastor-el-hombre-mas-rico-del-peru-enfrenta-denuncias-penales-por-colapso-mortal-en-real-plaza-trujillo\\\/\",\"name\":\"Carlos Rodr\u00edguez Pastor, el hombre m\u00e1s rico del Per\u00fa, enfrenta denuncias penales por colapso mortal en Real Plaza Trujillo - Pulso27\",\"isPartOf\":{\"@id\":\"https:\\\/\\\/pulso27.com\\\/en\\\/#website\"},\"primaryImageOfPage\":{\"@id\":\"https:\\\/\\\/pulso27.com\\\/nacional\\\/carlos-rodriguez-pastor-el-hombre-mas-rico-del-peru-enfrenta-denuncias-penales-por-colapso-mortal-en-real-plaza-trujillo\\\/#primaryimage\"},\"image\":{\"@id\":\"https:\\\/\\\/pulso27.com\\\/nacional\\\/carlos-rodriguez-pastor-el-hombre-mas-rico-del-peru-enfrenta-denuncias-penales-por-colapso-mortal-en-real-plaza-trujillo\\\/#primaryimage\"},\"thumbnailUrl\":\"https:\\\/\\\/pulso27.com\\\/wp-content\\\/uploads\\\/2025\\\/02\\\/REalPlaz.png\",\"datePublished\":\"2025-02-23T19:15:45+00:00\",\"dateModified\":\"2025-02-23T19:15:49+00:00\",\"breadcrumb\":{\"@id\":\"https:\\\/\\\/pulso27.com\\\/nacional\\\/carlos-rodriguez-pastor-el-hombre-mas-rico-del-peru-enfrenta-denuncias-penales-por-colapso-mortal-en-real-plaza-trujillo\\\/#breadcrumb\"},\"inLanguage\":\"en-US\",\"potentialAction\":[{\"@type\":\"ReadAction\",\"target\":[\"https:\\\/\\\/pulso27.com\\\/nacional\\\/carlos-rodriguez-pastor-el-hombre-mas-rico-del-peru-enfrenta-denuncias-penales-por-colapso-mortal-en-real-plaza-trujillo\\\/\"]}]},{\"@type\":\"ImageObject\",\"inLanguage\":\"en-US\",\"@id\":\"https:\\\/\\\/pulso27.com\\\/nacional\\\/carlos-rodriguez-pastor-el-hombre-mas-rico-del-peru-enfrenta-denuncias-penales-por-colapso-mortal-en-real-plaza-trujillo\\\/#primaryimage\",\"url\":\"https:\\\/\\\/pulso27.com\\\/wp-content\\\/uploads\\\/2025\\\/02\\\/REalPlaz.png\",\"contentUrl\":\"https:\\\/\\\/pulso27.com\\\/wp-content\\\/uploads\\\/2025\\\/02\\\/REalPlaz.png\",\"width\":1200,\"height\":900},{\"@type\":\"BreadcrumbList\",\"@id\":\"https:\\\/\\\/pulso27.com\\\/nacional\\\/carlos-rodriguez-pastor-el-hombre-mas-rico-del-peru-enfrenta-denuncias-penales-por-colapso-mortal-en-real-plaza-trujillo\\\/#breadcrumb\",\"itemListElement\":[{\"@type\":\"ListItem\",\"position\":1,\"name\":\"Portada\",\"item\":\"https:\\\/\\\/pulso27.com\\\/\"},{\"@type\":\"ListItem\",\"position\":2,\"name\":\"Carlos Rodr\u00edguez Pastor, el hombre m\u00e1s rico del Per\u00fa, enfrenta denuncias penales por colapso mortal en Real Plaza Trujillo\"}]},{\"@type\":\"WebSite\",\"@id\":\"https:\\\/\\\/pulso27.com\\\/en\\\/#website\",\"url\":\"https:\\\/\\\/pulso27.com\\\/en\\\/\",\"name\":\"Pulso27\",\"description\":\"Web de noticias y publicidad\",\"publisher\":{\"@id\":\"https:\\\/\\\/pulso27.com\\\/en\\\/#organization\"},\"alternateName\":\"El pulso del pueblo\",\"potentialAction\":[{\"@type\":\"SearchAction\",\"target\":{\"@type\":\"EntryPoint\",\"urlTemplate\":\"https:\\\/\\\/pulso27.com\\\/en\\\/?s={search_term_string}\"},\"query-input\":{\"@type\":\"PropertyValueSpecification\",\"valueRequired\":true,\"valueName\":\"search_term_string\"}}],\"inLanguage\":\"en-US\"},{\"@type\":\"Organization\",\"@id\":\"https:\\\/\\\/pulso27.com\\\/en\\\/#organization\",\"name\":\"Pulso27\",\"url\":\"https:\\\/\\\/pulso27.com\\\/en\\\/\",\"logo\":{\"@type\":\"ImageObject\",\"inLanguage\":\"en-US\",\"@id\":\"https:\\\/\\\/pulso27.com\\\/en\\\/#\\\/schema\\\/logo\\\/image\\\/\",\"url\":\"https:\\\/\\\/pulso27.com\\\/wp-content\\\/uploads\\\/2026\\\/02\\\/Logotipo-de-la-organizacion-696-x-696-px-ok.png\",\"contentUrl\":\"https:\\\/\\\/pulso27.com\\\/wp-content\\\/uploads\\\/2026\\\/02\\\/Logotipo-de-la-organizacion-696-x-696-px-ok.png\",\"width\":696,\"height\":696,\"caption\":\"Pulso27\"},\"image\":{\"@id\":\"https:\\\/\\\/pulso27.com\\\/en\\\/#\\\/schema\\\/logo\\\/image\\\/\"},\"sameAs\":[\"https:\\\/\\\/www.facebook.com\\\/pulso27\\\/\",\"https:\\\/\\\/x.com\\\/Pulso_27\",\"https:\\\/\\\/www.youtube.com\\\/@Pulso27\",\"https:\\\/\\\/www.tiktok.com\\\/@pulso_27\"]},{\"@type\":\"Person\",\"@id\":\"https:\\\/\\\/pulso27.com\\\/en\\\/#\\\/schema\\\/person\\\/d20fd7f5bc7f2e53fd150d43fca07a78\",\"name\":\"Tupaq\",\"image\":{\"@type\":\"ImageObject\",\"inLanguage\":\"en-US\",\"@id\":\"https:\\\/\\\/secure.gravatar.com\\\/avatar\\\/7929e9b034aeea560319a601e4f04c59eb5f45a79eafe192adabb67e9604e7e7?s=96&d=mm&r=g\",\"url\":\"https:\\\/\\\/secure.gravatar.com\\\/avatar\\\/7929e9b034aeea560319a601e4f04c59eb5f45a79eafe192adabb67e9604e7e7?s=96&d=mm&r=g\",\"contentUrl\":\"https:\\\/\\\/secure.gravatar.com\\\/avatar\\\/7929e9b034aeea560319a601e4f04c59eb5f45a79eafe192adabb67e9604e7e7?s=96&d=mm&r=g\",\"caption\":\"Tupaq\"},\"url\":\"https:\\\/\\\/pulso27.com\\\/en\\\/author\\\/tupaq\\\/\"}]}<\/script>\n<!-- \/ Yoast SEO plugin. -->","yoast_head_json":{"title":"Carlos Rodr\u00edguez Pastor, el hombre m\u00e1s rico del Per\u00fa, enfrenta denuncias penales por colapso mortal en Real Plaza Trujillo - Pulso27","robots":{"index":"index","follow":"follow","max-snippet":"max-snippet:-1","max-image-preview":"max-image-preview:large","max-video-preview":"max-video-preview:-1"},"canonical":"https:\/\/pulso27.com\/en\/nacional\/carlos-rodriguez-pastor-el-hombre-mas-rico-del-peru-enfrenta-denuncias-penales-por-colapso-mortal-en-real-plaza-trujillo\/","og_locale":"en_US","og_type":"article","og_title":"Carlos Rodr\u00edguez Pastor, el hombre m\u00e1s rico del Per\u00fa, enfrenta denuncias penales por colapso mortal en Real Plaza Trujillo - Pulso27","og_description":"La ciudad de Trujillo permanece en estado de shock tras el colapso del techo del patio de comidas del centro comercial Real Plaza, un desastre que ha dejado ocho fallecidos y m\u00e1s de 70 heridos, entre ellos varios ni\u00f1os. Ante la magnitud de la tragedia, ciudadanos se han congregado en las afueras del establecimiento para [&hellip;]","og_url":"https:\/\/pulso27.com\/en\/nacional\/carlos-rodriguez-pastor-el-hombre-mas-rico-del-peru-enfrenta-denuncias-penales-por-colapso-mortal-en-real-plaza-trujillo\/","og_site_name":"Pulso27","article_publisher":"https:\/\/www.facebook.com\/pulso27\/","article_published_time":"2025-02-23T19:15:45+00:00","article_modified_time":"2025-02-23T19:15:49+00:00","og_image":[{"width":1200,"height":900,"url":"https:\/\/pulso27.com\/wp-content\/uploads\/2025\/02\/REalPlaz.png","type":"image\/png"}],"author":"Tupaq","twitter_card":"summary_large_image","twitter_creator":"@Pulso_27","twitter_site":"@Pulso_27","twitter_misc":{"Written by":"Tupaq","Est. reading time":"3 minutes"},"schema":{"@context":"https:\/\/schema.org","@graph":[{"@type":"Article","@id":"https:\/\/pulso27.com\/nacional\/carlos-rodriguez-pastor-el-hombre-mas-rico-del-peru-enfrenta-denuncias-penales-por-colapso-mortal-en-real-plaza-trujillo\/#article","isPartOf":{"@id":"https:\/\/pulso27.com\/nacional\/carlos-rodriguez-pastor-el-hombre-mas-rico-del-peru-enfrenta-denuncias-penales-por-colapso-mortal-en-real-plaza-trujillo\/"},"author":{"name":"Tupaq","@id":"https:\/\/pulso27.com\/en\/#\/schema\/person\/d20fd7f5bc7f2e53fd150d43fca07a78"},"headline":"Carlos Rodr\u00edguez Pastor, el hombre m\u00e1s rico del Per\u00fa, enfrenta denuncias penales por colapso mortal en Real Plaza Trujillo","datePublished":"2025-02-23T19:15:45+00:00","dateModified":"2025-02-23T19:15:49+00:00","mainEntityOfPage":{"@id":"https:\/\/pulso27.com\/nacional\/carlos-rodriguez-pastor-el-hombre-mas-rico-del-peru-enfrenta-denuncias-penales-por-colapso-mortal-en-real-plaza-trujillo\/"},"wordCount":541,"commentCount":0,"publisher":{"@id":"https:\/\/pulso27.com\/en\/#organization"},"image":{"@id":"https:\/\/pulso27.com\/nacional\/carlos-rodriguez-pastor-el-hombre-mas-rico-del-peru-enfrenta-denuncias-penales-por-colapso-mortal-en-real-plaza-trujillo\/#primaryimage"},"thumbnailUrl":"https:\/\/pulso27.com\/wp-content\/uploads\/2025\/02\/REalPlaz.png","keywords":["APP","CarlosRodriguezPastor","C\u00e9sarAcu\u00f1a","IntercorpRetail","RealPlaza"],"articleSection":["Actualidad","Econom\u00eda","Nacional","Policial","Tendencia"],"inLanguage":"en-US","potentialAction":[{"@type":"CommentAction","name":"Comment","target":["https:\/\/pulso27.com\/nacional\/carlos-rodriguez-pastor-el-hombre-mas-rico-del-peru-enfrenta-denuncias-penales-por-colapso-mortal-en-real-plaza-trujillo\/#respond"]}]},{"@type":"WebPage","@id":"https:\/\/pulso27.com\/nacional\/carlos-rodriguez-pastor-el-hombre-mas-rico-del-peru-enfrenta-denuncias-penales-por-colapso-mortal-en-real-plaza-trujillo\/","url":"https:\/\/pulso27.com\/nacional\/carlos-rodriguez-pastor-el-hombre-mas-rico-del-peru-enfrenta-denuncias-penales-por-colapso-mortal-en-real-plaza-trujillo\/","name":"Carlos Rodr\u00edguez Pastor, el hombre m\u00e1s rico del Per\u00fa, enfrenta denuncias penales por colapso mortal en Real Plaza Trujillo - Pulso27","isPartOf":{"@id":"https:\/\/pulso27.com\/en\/#website"},"primaryImageOfPage":{"@id":"https:\/\/pulso27.com\/nacional\/carlos-rodriguez-pastor-el-hombre-mas-rico-del-peru-enfrenta-denuncias-penales-por-colapso-mortal-en-real-plaza-trujillo\/#primaryimage"},"image":{"@id":"https:\/\/pulso27.com\/nacional\/carlos-rodriguez-pastor-el-hombre-mas-rico-del-peru-enfrenta-denuncias-penales-por-colapso-mortal-en-real-plaza-trujillo\/#primaryimage"},"thumbnailUrl":"https:\/\/pulso27.com\/wp-content\/uploads\/2025\/02\/REalPlaz.png","datePublished":"2025-02-23T19:15:45+00:00","dateModified":"2025-02-23T19:15:49+00:00","breadcrumb":{"@id":"https:\/\/pulso27.com\/nacional\/carlos-rodriguez-pastor-el-hombre-mas-rico-del-peru-enfrenta-denuncias-penales-por-colapso-mortal-en-real-plaza-trujillo\/#breadcrumb"},"inLanguage":"en-US","potentialAction":[{"@type":"ReadAction","target":["https:\/\/pulso27.com\/nacional\/carlos-rodriguez-pastor-el-hombre-mas-rico-del-peru-enfrenta-denuncias-penales-por-colapso-mortal-en-real-plaza-trujillo\/"]}]},{"@type":"ImageObject","inLanguage":"en-US","@id":"https:\/\/pulso27.com\/nacional\/carlos-rodriguez-pastor-el-hombre-mas-rico-del-peru-enfrenta-denuncias-penales-por-colapso-mortal-en-real-plaza-trujillo\/#primaryimage","url":"https:\/\/pulso27.com\/wp-content\/uploads\/2025\/02\/REalPlaz.png","contentUrl":"https:\/\/pulso27.com\/wp-content\/uploads\/2025\/02\/REalPlaz.png","width":1200,"height":900},{"@type":"BreadcrumbList","@id":"https:\/\/pulso27.com\/nacional\/carlos-rodriguez-pastor-el-hombre-mas-rico-del-peru-enfrenta-denuncias-penales-por-colapso-mortal-en-real-plaza-trujillo\/#breadcrumb","itemListElement":[{"@type":"ListItem","position":1,"name":"Portada","item":"https:\/\/pulso27.com\/"},{"@type":"ListItem","position":2,"name":"Carlos Rodr\u00edguez Pastor, el hombre m\u00e1s rico del Per\u00fa, enfrenta denuncias penales por colapso mortal en Real Plaza Trujillo"}]},{"@type":"WebSite","@id":"https:\/\/pulso27.com\/en\/#website","url":"https:\/\/pulso27.com\/en\/","name":"Pulso27","description":"Web de noticias y publicidad","publisher":{"@id":"https:\/\/pulso27.com\/en\/#organization"},"alternateName":"El pulso del pueblo","potentialAction":[{"@type":"SearchAction","target":{"@type":"EntryPoint","urlTemplate":"https:\/\/pulso27.com\/en\/?s={search_term_string}"},"query-input":{"@type":"PropertyValueSpecification","valueRequired":true,"valueName":"search_term_string"}}],"inLanguage":"en-US"},{"@type":"Organization","@id":"https:\/\/pulso27.com\/en\/#organization","name":"Pulso27","url":"https:\/\/pulso27.com\/en\/","logo":{"@type":"ImageObject","inLanguage":"en-US","@id":"https:\/\/pulso27.com\/en\/#\/schema\/logo\/image\/","url":"https:\/\/pulso27.com\/wp-content\/uploads\/2026\/02\/Logotipo-de-la-organizacion-696-x-696-px-ok.png","contentUrl":"https:\/\/pulso27.com\/wp-content\/uploads\/2026\/02\/Logotipo-de-la-organizacion-696-x-696-px-ok.png","width":696,"height":696,"caption":"Pulso27"},"image":{"@id":"https:\/\/pulso27.com\/en\/#\/schema\/logo\/image\/"},"sameAs":["https:\/\/www.facebook.com\/pulso27\/","https:\/\/x.com\/Pulso_27","https:\/\/www.youtube.com\/@Pulso27","https:\/\/www.tiktok.com\/@pulso_27"]},{"@type":"Person","@id":"https:\/\/pulso27.com\/en\/#\/schema\/person\/d20fd7f5bc7f2e53fd150d43fca07a78","name":"Tupaq","image":{"@type":"ImageObject","inLanguage":"en-US","@id":"https:\/\/secure.gravatar.com\/avatar\/7929e9b034aeea560319a601e4f04c59eb5f45a79eafe192adabb67e9604e7e7?s=96&d=mm&r=g","url":"https:\/\/secure.gravatar.com\/avatar\/7929e9b034aeea560319a601e4f04c59eb5f45a79eafe192adabb67e9604e7e7?s=96&d=mm&r=g","contentUrl":"https:\/\/secure.gravatar.com\/avatar\/7929e9b034aeea560319a601e4f04c59eb5f45a79eafe192adabb67e9604e7e7?s=96&d=mm&r=g","caption":"Tupaq"},"url":"https:\/\/pulso27.com\/en\/author\/tupaq\/"}]}},"amp_enabled":true,"_links":{"self":[{"href":"https:\/\/pulso27.com\/en\/wp-json\/wp\/v2\/posts\/4245","targetHints":{"allow":["GET"]}}],"collection":[{"href":"https:\/\/pulso27.com\/en\/wp-json\/wp\/v2\/posts"}],"about":[{"href":"https:\/\/pulso27.com\/en\/wp-json\/wp\/v2\/types\/post"}],"author":[{"embeddable":true,"href":"https:\/\/pulso27.com\/en\/wp-json\/wp\/v2\/users\/7"}],"replies":[{"embeddable":true,"href":"https:\/\/pulso27.com\/en\/wp-json\/wp\/v2\/comments?post=4245"}],"version-history":[{"count":2,"href":"https:\/\/pulso27.com\/en\/wp-json\/wp\/v2\/posts\/4245\/revisions"}],"predecessor-version":[{"id":4257,"href":"https:\/\/pulso27.com\/en\/wp-json\/wp\/v2\/posts\/4245\/revisions\/4257"}],"wp:featuredmedia":[{"embeddable":true,"href":"https:\/\/pulso27.com\/en\/wp-json\/wp\/v2\/media\/4249"}],"wp:attachment":[{"href":"https:\/\/pulso27.com\/en\/wp-json\/wp\/v2\/media?parent=4245"}],"wp:term":[{"taxonomy":"category","embeddable":true,"href":"https:\/\/pulso27.com\/en\/wp-json\/wp\/v2\/categories?post=4245"},{"taxonomy":"post_tag","embeddable":true,"href":"https:\/\/pulso27.com\/en\/wp-json\/wp\/v2\/tags?post=4245"}],"curies":[{"name":"wp","href":"https:\/\/api.w.org\/{rel}","templated":true}]}}