{"id":4522,"date":"2025-03-05T08:31:54","date_gmt":"2025-03-05T03:31:54","guid":{"rendered":"https:\/\/pulso27.com\/?p=4522"},"modified":"2025-03-05T08:39:33","modified_gmt":"2025-03-05T03:39:33","slug":"pedro-castillo-inicia-juicio-sin-abogado-con-amplio-respaldo-de-sus-simpatizantes","status":"publish","type":"post","link":"https:\/\/pulso27.com\/en\/actualidad\/politica\/pedro-castillo-inicia-juicio-sin-abogado-con-amplio-respaldo-de-sus-simpatizantes\/","title":{"rendered":"Pedro Castillo inicia juicio sin abogado con amplio respaldo de sus simpatizantes"},"content":{"rendered":"<p>El expresidente Pedro Castillo enfrent\u00f3 este martes 4 de marzo el inicio de su juicio oral por el fallido golpe de Estado del 7 de diciembre de 2022. La audiencia, llevada a cabo en la Sala Penal Especial de la Corte Suprema, ubicada en la Base Policial de la DINOES en Ate, comenz\u00f3 con 30 minutos de retraso luego de que Castillo se presentara sin abogado defensor. A pesar de su negativa, el tribunal le asign\u00f3 un defensor p\u00fablico para garantizar el debido proceso.<\/p>\n\n\n\n<figure class=\"wp-block-image size-large\"><img loading=\"lazy\" decoding=\"async\" width=\"1024\" height=\"684\" src=\"https:\/\/pulso27.com\/wp-content\/uploads\/2025\/03\/image-12-1024x684.png\" alt=\"\" class=\"wp-image-4528\" srcset=\"https:\/\/pulso27.com\/wp-content\/uploads\/2025\/03\/image-12-1024x684.png 1024w, https:\/\/pulso27.com\/wp-content\/uploads\/2025\/03\/image-12-300x200.png 300w, https:\/\/pulso27.com\/wp-content\/uploads\/2025\/03\/image-12-768x513.png 768w, https:\/\/pulso27.com\/wp-content\/uploads\/2025\/03\/image-12-18x12.png 18w, https:\/\/pulso27.com\/wp-content\/uploads\/2025\/03\/image-12.png 1080w\" sizes=\"auto, (max-width: 1024px) 100vw, 1024px\" \/><\/figure>\n\n\n\n<p><strong>Un inicio accidentado<\/strong><\/p>\n\n\n\n<p>Durante la audiencia, Castillo calific\u00f3 el juicio como una \u00abfarsa\u00bb y asegur\u00f3 que no se someter\u00eda a lo que considera un proceso injusto. \u00abNo tiene raz\u00f3n venir con un abogado a esta audiencia toda vez que no me puedo someter a un juicio oral donde todo parece estar coordinado\u00bb, expres\u00f3 el exmandatario. <\/p>\n\n\n\n<p>Pese a su oposici\u00f3n, el tribunal design\u00f3 al abogado de oficio Edgar Callahualpa Quispe para su defensa, lo que gener\u00f3 tensi\u00f3n en la sala.<\/p>\n\n\n\n<p>El Ministerio P\u00fablico ha solicitado 34 a\u00f1os de prisi\u00f3n para Castillo por el delito de rebeli\u00f3n y una reparaci\u00f3n civil superior a S\/ 65 millones. Entre los otros acusados en el proceso se encuentran la expremier Betssy Ch\u00e1vez, el exasesor An\u00edbal Torres, el exministro del Interior Willy Huerta y tres exoficiales de la Polic\u00eda Nacional.<\/p>\n\n\n\n<p><strong>Protestas y respaldo a Castillo<\/strong><\/p>\n\n\n\n<figure class=\"wp-block-image size-large\"><img loading=\"lazy\" decoding=\"async\" width=\"1024\" height=\"684\" src=\"https:\/\/pulso27.com\/wp-content\/uploads\/2025\/03\/image-8-1024x684.png\" alt=\"\" class=\"wp-image-4524\" srcset=\"https:\/\/pulso27.com\/wp-content\/uploads\/2025\/03\/image-8-1024x684.png 1024w, https:\/\/pulso27.com\/wp-content\/uploads\/2025\/03\/image-8-300x200.png 300w, https:\/\/pulso27.com\/wp-content\/uploads\/2025\/03\/image-8-768x513.png 768w, https:\/\/pulso27.com\/wp-content\/uploads\/2025\/03\/image-8-1536x1026.png 1536w, https:\/\/pulso27.com\/wp-content\/uploads\/2025\/03\/image-8-2048x1368.png 2048w, https:\/\/pulso27.com\/wp-content\/uploads\/2025\/03\/image-8-18x12.png 18w\" sizes=\"auto, (max-width: 1024px) 100vw, 1024px\" \/><\/figure>\n\n\n\n<p>Desde las primeras horas del d\u00eda, decenas de simpatizantes del exmandatario realizaron un plant\u00f3n en los exteriores del Poder Judicial en Huacho y frente a la Base Policial de la DINOES. Con pancartas y arengas, exigieron su liberaci\u00f3n y denunciaron una supuesta persecuci\u00f3n pol\u00edtica.<\/p>\n\n\n\n<p>El expremier An\u00edbal Torres, tambi\u00e9n procesado en este caso, fue abucheado por los simpatizantes de Pedro Castillo, acusado de traidor, su defensa cuestion\u00f3 la imparcialidad del juicio, alegando que se trata de una \u00abpersecuci\u00f3n pol\u00edtica\u00bb y criticando la presunci\u00f3n de culpabilidad en la que, seg\u00fan ellos, incurre el sistema judicial.<\/p>\n\n\n\n<figure class=\"wp-block-image size-full\"><img loading=\"lazy\" decoding=\"async\" width=\"960\" height=\"641\" src=\"https:\/\/pulso27.com\/wp-content\/uploads\/2025\/03\/image-11.png\" alt=\"\" class=\"wp-image-4527\" srcset=\"https:\/\/pulso27.com\/wp-content\/uploads\/2025\/03\/image-11.png 960w, https:\/\/pulso27.com\/wp-content\/uploads\/2025\/03\/image-11-300x200.png 300w, https:\/\/pulso27.com\/wp-content\/uploads\/2025\/03\/image-11-768x513.png 768w, https:\/\/pulso27.com\/wp-content\/uploads\/2025\/03\/image-11-18x12.png 18w\" sizes=\"auto, (max-width: 960px) 100vw, 960px\" \/><\/figure>\n\n\n\n<p><strong>Continuidad del proceso<\/strong><\/p>\n\n\n\n<p>La audiencia se prolong\u00f3 por m\u00e1s de tres horas y fue suspendida hasta el jueves 6 de marzo a las 9:00 a.m. Las sesiones del juicio se realizar\u00e1n tres veces por semana (martes, jueves y viernes), de manera presencial en la Base Policial de la DINOES. La Fiscal\u00eda presentar\u00e1 65 pruebas documentales y contar\u00e1 con el testimonio de 69 testigos, incluyendo exfuncionarios del gobierno de Castillo.<\/p>\n\n\n\n<p>A poco m\u00e1s de dos a\u00f1os de su destituci\u00f3n y arresto, Pedro Castillo enfrenta el proceso judicial m\u00e1s importante en su contra, que podr\u00eda condenarlo a pasar las pr\u00f3ximas d\u00e9cadas en prisi\u00f3n.<\/p>","protected":false},"excerpt":{"rendered":"<p>El expresidente Pedro Castillo enfrent\u00f3 este martes 4 de marzo el inicio de su juicio oral por el fallido golpe de Estado del 7 de diciembre de 2022. La audiencia, llevada a cabo en la Sala Penal Especial de la Corte Suprema, ubicada en la Base Policial de la DINOES en Ate, comenz\u00f3 con 30 [&hellip;]<\/p>\n","protected":false},"author":7,"featured_media":4529,"comment_status":"open","ping_status":"open","sticky":false,"template":"","format":"standard","meta":{"footnotes":""},"categories":[174,180,1852],"tags":[2191,2192,799,797],"class_list":["post-4522","post","type-post","status-publish","format-standard","has-post-thumbnail","hentry","category-nacional","category-politica","category-tendencia","tag-anibaltorres","tag-betsychavez","tag-juicio","tag-pedrocastillo"],"yoast_head":"<!-- This site is optimized with the Yoast SEO plugin v27.4 - https:\/\/yoast.com\/product\/yoast-seo-wordpress\/ -->\n<title>Pedro Castillo inicia juicio sin abogado con amplio respaldo de sus simpatizantes - Pulso27<\/title>\n<meta name=\"robots\" content=\"index, follow, max-snippet:-1, max-image-preview:large, max-video-preview:-1\" \/>\n<link rel=\"canonical\" href=\"https:\/\/pulso27.com\/en\/nacional\/pedro-castillo-inicia-juicio-sin-abogado-con-amplio-respaldo-de-sus-simpatizantes\/\" \/>\n<meta property=\"og:locale\" content=\"en_US\" \/>\n<meta property=\"og:type\" content=\"article\" \/>\n<meta property=\"og:title\" content=\"Pedro Castillo inicia juicio sin abogado con amplio respaldo de sus simpatizantes - Pulso27\" \/>\n<meta property=\"og:description\" content=\"El expresidente Pedro Castillo enfrent\u00f3 este martes 4 de marzo el inicio de su juicio oral por el fallido golpe de Estado del 7 de diciembre de 2022. La audiencia, llevada a cabo en la Sala Penal Especial de la Corte Suprema, ubicada en la Base Policial de la DINOES en Ate, comenz\u00f3 con 30 [&hellip;]\" \/>\n<meta property=\"og:url\" content=\"https:\/\/pulso27.com\/en\/nacional\/pedro-castillo-inicia-juicio-sin-abogado-con-amplio-respaldo-de-sus-simpatizantes\/\" \/>\n<meta property=\"og:site_name\" content=\"Pulso27\" \/>\n<meta property=\"article:publisher\" content=\"https:\/\/www.facebook.com\/pulso27\/\" \/>\n<meta property=\"article:published_time\" content=\"2025-03-05T03:31:54+00:00\" \/>\n<meta property=\"article:modified_time\" content=\"2025-03-05T03:39:33+00:00\" \/>\n<meta property=\"og:image\" content=\"https:\/\/pulso27.com\/wp-content\/uploads\/2025\/03\/PedroCs.png\" \/>\n\t<meta property=\"og:image:width\" content=\"1200\" \/>\n\t<meta property=\"og:image:height\" content=\"900\" \/>\n\t<meta property=\"og:image:type\" content=\"image\/png\" \/>\n<meta name=\"author\" content=\"Tupaq\" \/>\n<meta name=\"twitter:card\" content=\"summary_large_image\" \/>\n<meta name=\"twitter:creator\" content=\"@Pulso_27\" \/>\n<meta name=\"twitter:site\" content=\"@Pulso_27\" \/>\n<meta name=\"twitter:label1\" content=\"Written by\" \/>\n\t<meta name=\"twitter:data1\" content=\"Tupaq\" \/>\n\t<meta name=\"twitter:label2\" content=\"Est. reading time\" \/>\n\t<meta name=\"twitter:data2\" content=\"3 minutes\" \/>\n<script type=\"application\/ld+json\" class=\"yoast-schema-graph\">{\"@context\":\"https:\\\/\\\/schema.org\",\"@graph\":[{\"@type\":\"Article\",\"@id\":\"https:\\\/\\\/pulso27.com\\\/nacional\\\/pedro-castillo-inicia-juicio-sin-abogado-con-amplio-respaldo-de-sus-simpatizantes\\\/#article\",\"isPartOf\":{\"@id\":\"https:\\\/\\\/pulso27.com\\\/nacional\\\/pedro-castillo-inicia-juicio-sin-abogado-con-amplio-respaldo-de-sus-simpatizantes\\\/\"},\"author\":{\"name\":\"Tupaq\",\"@id\":\"https:\\\/\\\/pulso27.com\\\/en\\\/#\\\/schema\\\/person\\\/d20fd7f5bc7f2e53fd150d43fca07a78\"},\"headline\":\"Pedro Castillo inicia juicio sin abogado con amplio respaldo de sus simpatizantes\",\"datePublished\":\"2025-03-05T03:31:54+00:00\",\"dateModified\":\"2025-03-05T03:39:33+00:00\",\"mainEntityOfPage\":{\"@id\":\"https:\\\/\\\/pulso27.com\\\/nacional\\\/pedro-castillo-inicia-juicio-sin-abogado-con-amplio-respaldo-de-sus-simpatizantes\\\/\"},\"wordCount\":456,\"commentCount\":0,\"publisher\":{\"@id\":\"https:\\\/\\\/pulso27.com\\\/en\\\/#organization\"},\"image\":{\"@id\":\"https:\\\/\\\/pulso27.com\\\/nacional\\\/pedro-castillo-inicia-juicio-sin-abogado-con-amplio-respaldo-de-sus-simpatizantes\\\/#primaryimage\"},\"thumbnailUrl\":\"https:\\\/\\\/pulso27.com\\\/wp-content\\\/uploads\\\/2025\\\/03\\\/PedroCs.png\",\"keywords\":[\"AnibalTorres\",\"BetsyChavez\",\"Juicio\",\"PedroCastillo\"],\"articleSection\":[\"Nacional\",\"Pol\u00edtica\",\"Tendencia\"],\"inLanguage\":\"en-US\",\"potentialAction\":[{\"@type\":\"CommentAction\",\"name\":\"Comment\",\"target\":[\"https:\\\/\\\/pulso27.com\\\/nacional\\\/pedro-castillo-inicia-juicio-sin-abogado-con-amplio-respaldo-de-sus-simpatizantes\\\/#respond\"]}]},{\"@type\":\"WebPage\",\"@id\":\"https:\\\/\\\/pulso27.com\\\/nacional\\\/pedro-castillo-inicia-juicio-sin-abogado-con-amplio-respaldo-de-sus-simpatizantes\\\/\",\"url\":\"https:\\\/\\\/pulso27.com\\\/nacional\\\/pedro-castillo-inicia-juicio-sin-abogado-con-amplio-respaldo-de-sus-simpatizantes\\\/\",\"name\":\"Pedro Castillo inicia juicio sin abogado con amplio respaldo de sus simpatizantes - Pulso27\",\"isPartOf\":{\"@id\":\"https:\\\/\\\/pulso27.com\\\/en\\\/#website\"},\"primaryImageOfPage\":{\"@id\":\"https:\\\/\\\/pulso27.com\\\/nacional\\\/pedro-castillo-inicia-juicio-sin-abogado-con-amplio-respaldo-de-sus-simpatizantes\\\/#primaryimage\"},\"image\":{\"@id\":\"https:\\\/\\\/pulso27.com\\\/nacional\\\/pedro-castillo-inicia-juicio-sin-abogado-con-amplio-respaldo-de-sus-simpatizantes\\\/#primaryimage\"},\"thumbnailUrl\":\"https:\\\/\\\/pulso27.com\\\/wp-content\\\/uploads\\\/2025\\\/03\\\/PedroCs.png\",\"datePublished\":\"2025-03-05T03:31:54+00:00\",\"dateModified\":\"2025-03-05T03:39:33+00:00\",\"breadcrumb\":{\"@id\":\"https:\\\/\\\/pulso27.com\\\/nacional\\\/pedro-castillo-inicia-juicio-sin-abogado-con-amplio-respaldo-de-sus-simpatizantes\\\/#breadcrumb\"},\"inLanguage\":\"en-US\",\"potentialAction\":[{\"@type\":\"ReadAction\",\"target\":[\"https:\\\/\\\/pulso27.com\\\/nacional\\\/pedro-castillo-inicia-juicio-sin-abogado-con-amplio-respaldo-de-sus-simpatizantes\\\/\"]}]},{\"@type\":\"ImageObject\",\"inLanguage\":\"en-US\",\"@id\":\"https:\\\/\\\/pulso27.com\\\/nacional\\\/pedro-castillo-inicia-juicio-sin-abogado-con-amplio-respaldo-de-sus-simpatizantes\\\/#primaryimage\",\"url\":\"https:\\\/\\\/pulso27.com\\\/wp-content\\\/uploads\\\/2025\\\/03\\\/PedroCs.png\",\"contentUrl\":\"https:\\\/\\\/pulso27.com\\\/wp-content\\\/uploads\\\/2025\\\/03\\\/PedroCs.png\",\"width\":1200,\"height\":900},{\"@type\":\"BreadcrumbList\",\"@id\":\"https:\\\/\\\/pulso27.com\\\/nacional\\\/pedro-castillo-inicia-juicio-sin-abogado-con-amplio-respaldo-de-sus-simpatizantes\\\/#breadcrumb\",\"itemListElement\":[{\"@type\":\"ListItem\",\"position\":1,\"name\":\"Portada\",\"item\":\"https:\\\/\\\/pulso27.com\\\/\"},{\"@type\":\"ListItem\",\"position\":2,\"name\":\"Pedro Castillo inicia juicio sin abogado con amplio respaldo de sus simpatizantes\"}]},{\"@type\":\"WebSite\",\"@id\":\"https:\\\/\\\/pulso27.com\\\/en\\\/#website\",\"url\":\"https:\\\/\\\/pulso27.com\\\/en\\\/\",\"name\":\"Pulso27\",\"description\":\"Web de noticias y publicidad\",\"publisher\":{\"@id\":\"https:\\\/\\\/pulso27.com\\\/en\\\/#organization\"},\"alternateName\":\"El pulso del pueblo\",\"potentialAction\":[{\"@type\":\"SearchAction\",\"target\":{\"@type\":\"EntryPoint\",\"urlTemplate\":\"https:\\\/\\\/pulso27.com\\\/en\\\/?s={search_term_string}\"},\"query-input\":{\"@type\":\"PropertyValueSpecification\",\"valueRequired\":true,\"valueName\":\"search_term_string\"}}],\"inLanguage\":\"en-US\"},{\"@type\":\"Organization\",\"@id\":\"https:\\\/\\\/pulso27.com\\\/en\\\/#organization\",\"name\":\"Pulso27\",\"url\":\"https:\\\/\\\/pulso27.com\\\/en\\\/\",\"logo\":{\"@type\":\"ImageObject\",\"inLanguage\":\"en-US\",\"@id\":\"https:\\\/\\\/pulso27.com\\\/en\\\/#\\\/schema\\\/logo\\\/image\\\/\",\"url\":\"https:\\\/\\\/pulso27.com\\\/wp-content\\\/uploads\\\/2026\\\/02\\\/Logotipo-de-la-organizacion-696-x-696-px-ok.png\",\"contentUrl\":\"https:\\\/\\\/pulso27.com\\\/wp-content\\\/uploads\\\/2026\\\/02\\\/Logotipo-de-la-organizacion-696-x-696-px-ok.png\",\"width\":696,\"height\":696,\"caption\":\"Pulso27\"},\"image\":{\"@id\":\"https:\\\/\\\/pulso27.com\\\/en\\\/#\\\/schema\\\/logo\\\/image\\\/\"},\"sameAs\":[\"https:\\\/\\\/www.facebook.com\\\/pulso27\\\/\",\"https:\\\/\\\/x.com\\\/Pulso_27\",\"https:\\\/\\\/www.youtube.com\\\/@Pulso27\",\"https:\\\/\\\/www.tiktok.com\\\/@pulso_27\"]},{\"@type\":\"Person\",\"@id\":\"https:\\\/\\\/pulso27.com\\\/en\\\/#\\\/schema\\\/person\\\/d20fd7f5bc7f2e53fd150d43fca07a78\",\"name\":\"Tupaq\",\"image\":{\"@type\":\"ImageObject\",\"inLanguage\":\"en-US\",\"@id\":\"https:\\\/\\\/secure.gravatar.com\\\/avatar\\\/7929e9b034aeea560319a601e4f04c59eb5f45a79eafe192adabb67e9604e7e7?s=96&d=mm&r=g\",\"url\":\"https:\\\/\\\/secure.gravatar.com\\\/avatar\\\/7929e9b034aeea560319a601e4f04c59eb5f45a79eafe192adabb67e9604e7e7?s=96&d=mm&r=g\",\"contentUrl\":\"https:\\\/\\\/secure.gravatar.com\\\/avatar\\\/7929e9b034aeea560319a601e4f04c59eb5f45a79eafe192adabb67e9604e7e7?s=96&d=mm&r=g\",\"caption\":\"Tupaq\"},\"url\":\"https:\\\/\\\/pulso27.com\\\/en\\\/author\\\/tupaq\\\/\"}]}<\/script>\n<!-- \/ Yoast SEO plugin. -->","yoast_head_json":{"title":"Pedro Castillo inicia juicio sin abogado con amplio respaldo de sus simpatizantes - Pulso27","robots":{"index":"index","follow":"follow","max-snippet":"max-snippet:-1","max-image-preview":"max-image-preview:large","max-video-preview":"max-video-preview:-1"},"canonical":"https:\/\/pulso27.com\/en\/nacional\/pedro-castillo-inicia-juicio-sin-abogado-con-amplio-respaldo-de-sus-simpatizantes\/","og_locale":"en_US","og_type":"article","og_title":"Pedro Castillo inicia juicio sin abogado con amplio respaldo de sus simpatizantes - Pulso27","og_description":"El expresidente Pedro Castillo enfrent\u00f3 este martes 4 de marzo el inicio de su juicio oral por el fallido golpe de Estado del 7 de diciembre de 2022. La audiencia, llevada a cabo en la Sala Penal Especial de la Corte Suprema, ubicada en la Base Policial de la DINOES en Ate, comenz\u00f3 con 30 [&hellip;]","og_url":"https:\/\/pulso27.com\/en\/nacional\/pedro-castillo-inicia-juicio-sin-abogado-con-amplio-respaldo-de-sus-simpatizantes\/","og_site_name":"Pulso27","article_publisher":"https:\/\/www.facebook.com\/pulso27\/","article_published_time":"2025-03-05T03:31:54+00:00","article_modified_time":"2025-03-05T03:39:33+00:00","og_image":[{"width":1200,"height":900,"url":"https:\/\/pulso27.com\/wp-content\/uploads\/2025\/03\/PedroCs.png","type":"image\/png"}],"author":"Tupaq","twitter_card":"summary_large_image","twitter_creator":"@Pulso_27","twitter_site":"@Pulso_27","twitter_misc":{"Written by":"Tupaq","Est. reading time":"3 minutes"},"schema":{"@context":"https:\/\/schema.org","@graph":[{"@type":"Article","@id":"https:\/\/pulso27.com\/nacional\/pedro-castillo-inicia-juicio-sin-abogado-con-amplio-respaldo-de-sus-simpatizantes\/#article","isPartOf":{"@id":"https:\/\/pulso27.com\/nacional\/pedro-castillo-inicia-juicio-sin-abogado-con-amplio-respaldo-de-sus-simpatizantes\/"},"author":{"name":"Tupaq","@id":"https:\/\/pulso27.com\/en\/#\/schema\/person\/d20fd7f5bc7f2e53fd150d43fca07a78"},"headline":"Pedro Castillo inicia juicio sin abogado con amplio respaldo de sus simpatizantes","datePublished":"2025-03-05T03:31:54+00:00","dateModified":"2025-03-05T03:39:33+00:00","mainEntityOfPage":{"@id":"https:\/\/pulso27.com\/nacional\/pedro-castillo-inicia-juicio-sin-abogado-con-amplio-respaldo-de-sus-simpatizantes\/"},"wordCount":456,"commentCount":0,"publisher":{"@id":"https:\/\/pulso27.com\/en\/#organization"},"image":{"@id":"https:\/\/pulso27.com\/nacional\/pedro-castillo-inicia-juicio-sin-abogado-con-amplio-respaldo-de-sus-simpatizantes\/#primaryimage"},"thumbnailUrl":"https:\/\/pulso27.com\/wp-content\/uploads\/2025\/03\/PedroCs.png","keywords":["AnibalTorres","BetsyChavez","Juicio","PedroCastillo"],"articleSection":["Nacional","Pol\u00edtica","Tendencia"],"inLanguage":"en-US","potentialAction":[{"@type":"CommentAction","name":"Comment","target":["https:\/\/pulso27.com\/nacional\/pedro-castillo-inicia-juicio-sin-abogado-con-amplio-respaldo-de-sus-simpatizantes\/#respond"]}]},{"@type":"WebPage","@id":"https:\/\/pulso27.com\/nacional\/pedro-castillo-inicia-juicio-sin-abogado-con-amplio-respaldo-de-sus-simpatizantes\/","url":"https:\/\/pulso27.com\/nacional\/pedro-castillo-inicia-juicio-sin-abogado-con-amplio-respaldo-de-sus-simpatizantes\/","name":"Pedro Castillo inicia juicio sin abogado con amplio respaldo de sus simpatizantes - Pulso27","isPartOf":{"@id":"https:\/\/pulso27.com\/en\/#website"},"primaryImageOfPage":{"@id":"https:\/\/pulso27.com\/nacional\/pedro-castillo-inicia-juicio-sin-abogado-con-amplio-respaldo-de-sus-simpatizantes\/#primaryimage"},"image":{"@id":"https:\/\/pulso27.com\/nacional\/pedro-castillo-inicia-juicio-sin-abogado-con-amplio-respaldo-de-sus-simpatizantes\/#primaryimage"},"thumbnailUrl":"https:\/\/pulso27.com\/wp-content\/uploads\/2025\/03\/PedroCs.png","datePublished":"2025-03-05T03:31:54+00:00","dateModified":"2025-03-05T03:39:33+00:00","breadcrumb":{"@id":"https:\/\/pulso27.com\/nacional\/pedro-castillo-inicia-juicio-sin-abogado-con-amplio-respaldo-de-sus-simpatizantes\/#breadcrumb"},"inLanguage":"en-US","potentialAction":[{"@type":"ReadAction","target":["https:\/\/pulso27.com\/nacional\/pedro-castillo-inicia-juicio-sin-abogado-con-amplio-respaldo-de-sus-simpatizantes\/"]}]},{"@type":"ImageObject","inLanguage":"en-US","@id":"https:\/\/pulso27.com\/nacional\/pedro-castillo-inicia-juicio-sin-abogado-con-amplio-respaldo-de-sus-simpatizantes\/#primaryimage","url":"https:\/\/pulso27.com\/wp-content\/uploads\/2025\/03\/PedroCs.png","contentUrl":"https:\/\/pulso27.com\/wp-content\/uploads\/2025\/03\/PedroCs.png","width":1200,"height":900},{"@type":"BreadcrumbList","@id":"https:\/\/pulso27.com\/nacional\/pedro-castillo-inicia-juicio-sin-abogado-con-amplio-respaldo-de-sus-simpatizantes\/#breadcrumb","itemListElement":[{"@type":"ListItem","position":1,"name":"Portada","item":"https:\/\/pulso27.com\/"},{"@type":"ListItem","position":2,"name":"Pedro Castillo inicia juicio sin abogado con amplio respaldo de sus simpatizantes"}]},{"@type":"WebSite","@id":"https:\/\/pulso27.com\/en\/#website","url":"https:\/\/pulso27.com\/en\/","name":"Pulso27","description":"Web de noticias y publicidad","publisher":{"@id":"https:\/\/pulso27.com\/en\/#organization"},"alternateName":"El pulso del pueblo","potentialAction":[{"@type":"SearchAction","target":{"@type":"EntryPoint","urlTemplate":"https:\/\/pulso27.com\/en\/?s={search_term_string}"},"query-input":{"@type":"PropertyValueSpecification","valueRequired":true,"valueName":"search_term_string"}}],"inLanguage":"en-US"},{"@type":"Organization","@id":"https:\/\/pulso27.com\/en\/#organization","name":"Pulso27","url":"https:\/\/pulso27.com\/en\/","logo":{"@type":"ImageObject","inLanguage":"en-US","@id":"https:\/\/pulso27.com\/en\/#\/schema\/logo\/image\/","url":"https:\/\/pulso27.com\/wp-content\/uploads\/2026\/02\/Logotipo-de-la-organizacion-696-x-696-px-ok.png","contentUrl":"https:\/\/pulso27.com\/wp-content\/uploads\/2026\/02\/Logotipo-de-la-organizacion-696-x-696-px-ok.png","width":696,"height":696,"caption":"Pulso27"},"image":{"@id":"https:\/\/pulso27.com\/en\/#\/schema\/logo\/image\/"},"sameAs":["https:\/\/www.facebook.com\/pulso27\/","https:\/\/x.com\/Pulso_27","https:\/\/www.youtube.com\/@Pulso27","https:\/\/www.tiktok.com\/@pulso_27"]},{"@type":"Person","@id":"https:\/\/pulso27.com\/en\/#\/schema\/person\/d20fd7f5bc7f2e53fd150d43fca07a78","name":"Tupaq","image":{"@type":"ImageObject","inLanguage":"en-US","@id":"https:\/\/secure.gravatar.com\/avatar\/7929e9b034aeea560319a601e4f04c59eb5f45a79eafe192adabb67e9604e7e7?s=96&d=mm&r=g","url":"https:\/\/secure.gravatar.com\/avatar\/7929e9b034aeea560319a601e4f04c59eb5f45a79eafe192adabb67e9604e7e7?s=96&d=mm&r=g","contentUrl":"https:\/\/secure.gravatar.com\/avatar\/7929e9b034aeea560319a601e4f04c59eb5f45a79eafe192adabb67e9604e7e7?s=96&d=mm&r=g","caption":"Tupaq"},"url":"https:\/\/pulso27.com\/en\/author\/tupaq\/"}]}},"amp_enabled":true,"_links":{"self":[{"href":"https:\/\/pulso27.com\/en\/wp-json\/wp\/v2\/posts\/4522","targetHints":{"allow":["GET"]}}],"collection":[{"href":"https:\/\/pulso27.com\/en\/wp-json\/wp\/v2\/posts"}],"about":[{"href":"https:\/\/pulso27.com\/en\/wp-json\/wp\/v2\/types\/post"}],"author":[{"embeddable":true,"href":"https:\/\/pulso27.com\/en\/wp-json\/wp\/v2\/users\/7"}],"replies":[{"embeddable":true,"href":"https:\/\/pulso27.com\/en\/wp-json\/wp\/v2\/comments?post=4522"}],"version-history":[{"count":1,"href":"https:\/\/pulso27.com\/en\/wp-json\/wp\/v2\/posts\/4522\/revisions"}],"predecessor-version":[{"id":4530,"href":"https:\/\/pulso27.com\/en\/wp-json\/wp\/v2\/posts\/4522\/revisions\/4530"}],"wp:featuredmedia":[{"embeddable":true,"href":"https:\/\/pulso27.com\/en\/wp-json\/wp\/v2\/media\/4529"}],"wp:attachment":[{"href":"https:\/\/pulso27.com\/en\/wp-json\/wp\/v2\/media?parent=4522"}],"wp:term":[{"taxonomy":"category","embeddable":true,"href":"https:\/\/pulso27.com\/en\/wp-json\/wp\/v2\/categories?post=4522"},{"taxonomy":"post_tag","embeddable":true,"href":"https:\/\/pulso27.com\/en\/wp-json\/wp\/v2\/tags?post=4522"}],"curies":[{"name":"wp","href":"https:\/\/api.w.org\/{rel}","templated":true}]}}