{"id":4547,"date":"2025-03-06T09:09:20","date_gmt":"2025-03-06T04:09:20","guid":{"rendered":"https:\/\/pulso27.com\/?p=4547"},"modified":"2025-03-06T09:09:24","modified_gmt":"2025-03-06T04:09:24","slug":"congreso-debate-restitucion-de-la-detencion-preliminar-en-casos-de-no-flagrancia-tras-presion-de-bancadas-de-izquierda","status":"publish","type":"post","link":"https:\/\/pulso27.com\/en\/actualidad\/politica\/congreso-debate-restitucion-de-la-detencion-preliminar-en-casos-de-no-flagrancia-tras-presion-de-bancadas-de-izquierda\/","title":{"rendered":"Congreso debate restituci\u00f3n de la detenci\u00f3n preliminar en casos de no flagrancia tras presi\u00f3n de bancadas de izquierda"},"content":{"rendered":"<p>El Pleno del Congreso de la Rep\u00fablica debatir\u00e1 este jueves 6 de marzo el proyecto de ley que busca restituir la detenci\u00f3n preliminar en casos de no flagrancia, luego de que el presidente del Legislativo, Eduardo Salhuana, autorizara la inclusi\u00f3n del tema en la agenda mediante un acta virtual. La decisi\u00f3n se tom\u00f3 tras la recolecci\u00f3n de firmas de bancadas de izquierda como Juntos por el Per\u00fa, la Bancada Socialista y el Bloque Democr\u00e1tico, quienes impulsaron la priorizaci\u00f3n del debate.<\/p>\n\n\n\n<p>Inicialmente, la detenci\u00f3n preliminar no figuraba en la agenda oficial del Pleno publicada el mi\u00e9rcoles 5 de marzo, la cual solo inclu\u00eda dos insistencias de las comisiones de Defensa y Educaci\u00f3n. Sin embargo, las bancadas progresistas y de izquierda, presentaron un oficio dirigido a Salhuana solicitando que el tema sea incluido en la sesi\u00f3n del jueves. Argumentaron que la eliminaci\u00f3n de esta figura legal, vigente desde diciembre pasado, ha limitado la capacidad del Ministerio P\u00fablico para actuar en investigaciones complejas, especialmente en casos de crimen organizado.<\/p>\n\n\n\n<figure class=\"wp-block-image size-full is-resized\"><img loading=\"lazy\" decoding=\"async\" width=\"640\" height=\"371\" src=\"https:\/\/pulso27.com\/wp-content\/uploads\/2025\/03\/image-18.png\" alt=\"\" class=\"wp-image-4550\" style=\"width:740px;height:auto\" srcset=\"https:\/\/pulso27.com\/wp-content\/uploads\/2025\/03\/image-18.png 640w, https:\/\/pulso27.com\/wp-content\/uploads\/2025\/03\/image-18-300x174.png 300w, https:\/\/pulso27.com\/wp-content\/uploads\/2025\/03\/image-18-18x10.png 18w\" sizes=\"auto, (max-width: 640px) 100vw, 640px\" \/><\/figure>\n\n\n\n<p>El proyecto de ley, que fue observado por el Gobierno de Dina Boluarte en enero, busca revertir la eliminaci\u00f3n de la detenci\u00f3n preliminar en casos de no flagrancia, una medida que ha sido criticada por expertos y ciudadanos por favorecer a pol\u00edticos implicados en delitos graves. Entre los beneficiados por la eliminaci\u00f3n de esta figura se encuentran el vocero presidencial Fredy Hinojosa, el exministro del Midis Julio Demartini y el l\u00edder de Per\u00fa Libre, Vladimir Cerr\u00f3n.<\/p>\n\n\n\n<p>A pesar de que Salhuana hab\u00eda anunciado que el debate ser\u00eda una prioridad al inicio de la segunda legislatura, el tema fue postergado en reiteradas ocasiones. Incluso, en la Junta de Portavoces del martes 4 de marzo, ning\u00fan vocero parlamentario solicit\u00f3 incluir el tema en la agenda. No obstante, la presi\u00f3n de las bancadas de izquierda y el oficio de Paredes lograron que el presidente del Congreso rectificara su decisi\u00f3n.<\/p>\n\n\n\n<figure class=\"wp-block-image size-large is-resized\"><img loading=\"lazy\" decoding=\"async\" width=\"648\" height=\"1024\" src=\"https:\/\/pulso27.com\/wp-content\/uploads\/2025\/03\/image-17-648x1024.png\" alt=\"\" class=\"wp-image-4548\" style=\"width:740px;height:auto\" srcset=\"https:\/\/pulso27.com\/wp-content\/uploads\/2025\/03\/image-17-648x1024.png 648w, https:\/\/pulso27.com\/wp-content\/uploads\/2025\/03\/image-17-190x300.png 190w, https:\/\/pulso27.com\/wp-content\/uploads\/2025\/03\/image-17-8x12.png 8w, https:\/\/pulso27.com\/wp-content\/uploads\/2025\/03\/image-17.png 759w\" sizes=\"auto, (max-width: 648px) 100vw, 648px\" \/><\/figure>\n\n\n\n<p>El debate de la restituci\u00f3n de la detenci\u00f3n preliminar ha generado divisiones en el Congreso. Mientras que las bancadas de izquierda y algunos sectores de centro insisten en su importancia para combatir la criminalidad, otras fuerzas pol\u00edticas, como Fuerza Popular, Per\u00fa Libre y Alianza Para el Progreso, han mostrado resistencia a su aprobaci\u00f3n. De hecho, un intento previo de convocar un pleno extraordinario para debatir el tema, solo logr\u00f3 recolectar 26 de las 78 firmas necesarias.<\/p>\n\n\n\n<p>El aplazamiento del debate ha sido cuestionado por diversos sectores, que consideran que la no restituci\u00f3n de la detenci\u00f3n preliminar beneficia a pol\u00edticos vinculados a casos de corrupci\u00f3n y crimen organizado. Ahora, la decisi\u00f3n final sobre la norma quedar\u00e1 en manos de las bancadas del Congreso, quienes deber\u00e1n votar en el Pleno de este jueves 6 de marzo de 2025.<\/p>","protected":false},"excerpt":{"rendered":"<p>El Pleno del Congreso de la Rep\u00fablica debatir\u00e1 este jueves 6 de marzo el proyecto de ley que busca restituir la detenci\u00f3n preliminar en casos de no flagrancia, luego de que el presidente del Legislativo, Eduardo Salhuana, autorizara la inclusi\u00f3n del tema en la agenda mediante un acta virtual. La decisi\u00f3n se tom\u00f3 tras la [&hellip;]<\/p>\n","protected":false},"author":13,"featured_media":4549,"comment_status":"open","ping_status":"open","sticky":false,"template":"","format":"standard","meta":{"footnotes":""},"categories":[174,180],"tags":[839,2194,2196,2195],"class_list":["post-4547","post","type-post","status-publish","format-standard","has-post-thumbnail","hentry","category-nacional","category-politica","tag-congresoperu","tag-detencionpreliminar","tag-eduardosalhuana","tag-flagrancia"],"yoast_head":"<!-- This site is optimized with the Yoast SEO plugin v27.4 - https:\/\/yoast.com\/product\/yoast-seo-wordpress\/ -->\n<title>Congreso debate restituci\u00f3n de la detenci\u00f3n preliminar en casos de no flagrancia tras presi\u00f3n de bancadas de izquierda - Pulso27<\/title>\n<meta name=\"robots\" content=\"index, follow, max-snippet:-1, max-image-preview:large, max-video-preview:-1\" \/>\n<link rel=\"canonical\" href=\"https:\/\/pulso27.com\/en\/nacional\/congreso-debate-restitucion-de-la-detencion-preliminar-en-casos-de-no-flagrancia-tras-presion-de-bancadas-de-izquierda\/\" \/>\n<meta property=\"og:locale\" content=\"en_US\" \/>\n<meta property=\"og:type\" content=\"article\" \/>\n<meta property=\"og:title\" content=\"Congreso debate restituci\u00f3n de la detenci\u00f3n preliminar en casos de no flagrancia tras presi\u00f3n de bancadas de izquierda - Pulso27\" \/>\n<meta property=\"og:description\" content=\"El Pleno del Congreso de la Rep\u00fablica debatir\u00e1 este jueves 6 de marzo el proyecto de ley que busca restituir la detenci\u00f3n preliminar en casos de no flagrancia, luego de que el presidente del Legislativo, Eduardo Salhuana, autorizara la inclusi\u00f3n del tema en la agenda mediante un acta virtual. La decisi\u00f3n se tom\u00f3 tras la [&hellip;]\" \/>\n<meta property=\"og:url\" content=\"https:\/\/pulso27.com\/en\/nacional\/congreso-debate-restitucion-de-la-detencion-preliminar-en-casos-de-no-flagrancia-tras-presion-de-bancadas-de-izquierda\/\" \/>\n<meta property=\"og:site_name\" content=\"Pulso27\" \/>\n<meta property=\"article:publisher\" content=\"https:\/\/www.facebook.com\/pulso27\/\" \/>\n<meta property=\"article:published_time\" content=\"2025-03-06T04:09:20+00:00\" \/>\n<meta property=\"article:modified_time\" content=\"2025-03-06T04:09:24+00:00\" \/>\n<meta property=\"og:image\" content=\"https:\/\/pulso27.com\/wp-content\/uploads\/2025\/03\/Salhuanaa.png\" \/>\n\t<meta property=\"og:image:width\" content=\"1200\" \/>\n\t<meta property=\"og:image:height\" content=\"900\" \/>\n\t<meta property=\"og:image:type\" content=\"image\/png\" \/>\n<meta name=\"author\" content=\"Redactor\" \/>\n<meta name=\"twitter:card\" content=\"summary_large_image\" \/>\n<meta name=\"twitter:creator\" content=\"@Pulso_27\" \/>\n<meta name=\"twitter:site\" content=\"@Pulso_27\" \/>\n<meta name=\"twitter:label1\" content=\"Written by\" \/>\n\t<meta name=\"twitter:data1\" content=\"Redactor\" \/>\n\t<meta name=\"twitter:label2\" content=\"Est. reading time\" \/>\n\t<meta name=\"twitter:data2\" content=\"3 minutes\" \/>\n<script type=\"application\/ld+json\" class=\"yoast-schema-graph\">{\"@context\":\"https:\\\/\\\/schema.org\",\"@graph\":[{\"@type\":\"Article\",\"@id\":\"https:\\\/\\\/pulso27.com\\\/nacional\\\/congreso-debate-restitucion-de-la-detencion-preliminar-en-casos-de-no-flagrancia-tras-presion-de-bancadas-de-izquierda\\\/#article\",\"isPartOf\":{\"@id\":\"https:\\\/\\\/pulso27.com\\\/nacional\\\/congreso-debate-restitucion-de-la-detencion-preliminar-en-casos-de-no-flagrancia-tras-presion-de-bancadas-de-izquierda\\\/\"},\"author\":{\"name\":\"Redactor\",\"@id\":\"https:\\\/\\\/pulso27.com\\\/en\\\/#\\\/schema\\\/person\\\/bf5ee161e6c87f6c7d57f5e689ef8526\"},\"headline\":\"Congreso debate restituci\u00f3n de la detenci\u00f3n preliminar en casos de no flagrancia tras presi\u00f3n de bancadas de izquierda\",\"datePublished\":\"2025-03-06T04:09:20+00:00\",\"dateModified\":\"2025-03-06T04:09:24+00:00\",\"mainEntityOfPage\":{\"@id\":\"https:\\\/\\\/pulso27.com\\\/nacional\\\/congreso-debate-restitucion-de-la-detencion-preliminar-en-casos-de-no-flagrancia-tras-presion-de-bancadas-de-izquierda\\\/\"},\"wordCount\":497,\"commentCount\":0,\"publisher\":{\"@id\":\"https:\\\/\\\/pulso27.com\\\/en\\\/#organization\"},\"image\":{\"@id\":\"https:\\\/\\\/pulso27.com\\\/nacional\\\/congreso-debate-restitucion-de-la-detencion-preliminar-en-casos-de-no-flagrancia-tras-presion-de-bancadas-de-izquierda\\\/#primaryimage\"},\"thumbnailUrl\":\"https:\\\/\\\/pulso27.com\\\/wp-content\\\/uploads\\\/2025\\\/03\\\/Salhuanaa.png\",\"keywords\":[\"CongresoPer\u00fa\",\"Detenci\u00f3nPreliminar\",\"EduardoSalhuana\",\"Flagrancia\"],\"articleSection\":[\"Nacional\",\"Pol\u00edtica\"],\"inLanguage\":\"en-US\",\"potentialAction\":[{\"@type\":\"CommentAction\",\"name\":\"Comment\",\"target\":[\"https:\\\/\\\/pulso27.com\\\/nacional\\\/congreso-debate-restitucion-de-la-detencion-preliminar-en-casos-de-no-flagrancia-tras-presion-de-bancadas-de-izquierda\\\/#respond\"]}]},{\"@type\":\"WebPage\",\"@id\":\"https:\\\/\\\/pulso27.com\\\/nacional\\\/congreso-debate-restitucion-de-la-detencion-preliminar-en-casos-de-no-flagrancia-tras-presion-de-bancadas-de-izquierda\\\/\",\"url\":\"https:\\\/\\\/pulso27.com\\\/nacional\\\/congreso-debate-restitucion-de-la-detencion-preliminar-en-casos-de-no-flagrancia-tras-presion-de-bancadas-de-izquierda\\\/\",\"name\":\"Congreso debate restituci\u00f3n de la detenci\u00f3n preliminar en casos de no flagrancia tras presi\u00f3n de bancadas de izquierda - Pulso27\",\"isPartOf\":{\"@id\":\"https:\\\/\\\/pulso27.com\\\/en\\\/#website\"},\"primaryImageOfPage\":{\"@id\":\"https:\\\/\\\/pulso27.com\\\/nacional\\\/congreso-debate-restitucion-de-la-detencion-preliminar-en-casos-de-no-flagrancia-tras-presion-de-bancadas-de-izquierda\\\/#primaryimage\"},\"image\":{\"@id\":\"https:\\\/\\\/pulso27.com\\\/nacional\\\/congreso-debate-restitucion-de-la-detencion-preliminar-en-casos-de-no-flagrancia-tras-presion-de-bancadas-de-izquierda\\\/#primaryimage\"},\"thumbnailUrl\":\"https:\\\/\\\/pulso27.com\\\/wp-content\\\/uploads\\\/2025\\\/03\\\/Salhuanaa.png\",\"datePublished\":\"2025-03-06T04:09:20+00:00\",\"dateModified\":\"2025-03-06T04:09:24+00:00\",\"breadcrumb\":{\"@id\":\"https:\\\/\\\/pulso27.com\\\/nacional\\\/congreso-debate-restitucion-de-la-detencion-preliminar-en-casos-de-no-flagrancia-tras-presion-de-bancadas-de-izquierda\\\/#breadcrumb\"},\"inLanguage\":\"en-US\",\"potentialAction\":[{\"@type\":\"ReadAction\",\"target\":[\"https:\\\/\\\/pulso27.com\\\/nacional\\\/congreso-debate-restitucion-de-la-detencion-preliminar-en-casos-de-no-flagrancia-tras-presion-de-bancadas-de-izquierda\\\/\"]}]},{\"@type\":\"ImageObject\",\"inLanguage\":\"en-US\",\"@id\":\"https:\\\/\\\/pulso27.com\\\/nacional\\\/congreso-debate-restitucion-de-la-detencion-preliminar-en-casos-de-no-flagrancia-tras-presion-de-bancadas-de-izquierda\\\/#primaryimage\",\"url\":\"https:\\\/\\\/pulso27.com\\\/wp-content\\\/uploads\\\/2025\\\/03\\\/Salhuanaa.png\",\"contentUrl\":\"https:\\\/\\\/pulso27.com\\\/wp-content\\\/uploads\\\/2025\\\/03\\\/Salhuanaa.png\",\"width\":1200,\"height\":900},{\"@type\":\"BreadcrumbList\",\"@id\":\"https:\\\/\\\/pulso27.com\\\/nacional\\\/congreso-debate-restitucion-de-la-detencion-preliminar-en-casos-de-no-flagrancia-tras-presion-de-bancadas-de-izquierda\\\/#breadcrumb\",\"itemListElement\":[{\"@type\":\"ListItem\",\"position\":1,\"name\":\"Portada\",\"item\":\"https:\\\/\\\/pulso27.com\\\/\"},{\"@type\":\"ListItem\",\"position\":2,\"name\":\"Congreso debate restituci\u00f3n de la detenci\u00f3n preliminar en casos de no flagrancia tras presi\u00f3n de bancadas de izquierda\"}]},{\"@type\":\"WebSite\",\"@id\":\"https:\\\/\\\/pulso27.com\\\/en\\\/#website\",\"url\":\"https:\\\/\\\/pulso27.com\\\/en\\\/\",\"name\":\"Pulso27\",\"description\":\"Web de noticias y publicidad\",\"publisher\":{\"@id\":\"https:\\\/\\\/pulso27.com\\\/en\\\/#organization\"},\"alternateName\":\"El pulso del pueblo\",\"potentialAction\":[{\"@type\":\"SearchAction\",\"target\":{\"@type\":\"EntryPoint\",\"urlTemplate\":\"https:\\\/\\\/pulso27.com\\\/en\\\/?s={search_term_string}\"},\"query-input\":{\"@type\":\"PropertyValueSpecification\",\"valueRequired\":true,\"valueName\":\"search_term_string\"}}],\"inLanguage\":\"en-US\"},{\"@type\":\"Organization\",\"@id\":\"https:\\\/\\\/pulso27.com\\\/en\\\/#organization\",\"name\":\"Pulso27\",\"url\":\"https:\\\/\\\/pulso27.com\\\/en\\\/\",\"logo\":{\"@type\":\"ImageObject\",\"inLanguage\":\"en-US\",\"@id\":\"https:\\\/\\\/pulso27.com\\\/en\\\/#\\\/schema\\\/logo\\\/image\\\/\",\"url\":\"https:\\\/\\\/pulso27.com\\\/wp-content\\\/uploads\\\/2026\\\/02\\\/Logotipo-de-la-organizacion-696-x-696-px-ok.png\",\"contentUrl\":\"https:\\\/\\\/pulso27.com\\\/wp-content\\\/uploads\\\/2026\\\/02\\\/Logotipo-de-la-organizacion-696-x-696-px-ok.png\",\"width\":696,\"height\":696,\"caption\":\"Pulso27\"},\"image\":{\"@id\":\"https:\\\/\\\/pulso27.com\\\/en\\\/#\\\/schema\\\/logo\\\/image\\\/\"},\"sameAs\":[\"https:\\\/\\\/www.facebook.com\\\/pulso27\\\/\",\"https:\\\/\\\/x.com\\\/Pulso_27\",\"https:\\\/\\\/www.youtube.com\\\/@Pulso27\",\"https:\\\/\\\/www.tiktok.com\\\/@pulso_27\"]},{\"@type\":\"Person\",\"@id\":\"https:\\\/\\\/pulso27.com\\\/en\\\/#\\\/schema\\\/person\\\/bf5ee161e6c87f6c7d57f5e689ef8526\",\"name\":\"Redactor\",\"image\":{\"@type\":\"ImageObject\",\"inLanguage\":\"en-US\",\"@id\":\"https:\\\/\\\/pulso27.com\\\/wp-content\\\/uploads\\\/2025\\\/03\\\/a-150x150.png\",\"url\":\"https:\\\/\\\/pulso27.com\\\/wp-content\\\/uploads\\\/2025\\\/03\\\/a-150x150.png\",\"contentUrl\":\"https:\\\/\\\/pulso27.com\\\/wp-content\\\/uploads\\\/2025\\\/03\\\/a-150x150.png\",\"caption\":\"Redactor\"},\"sameAs\":[\"http:\\\/\\\/www.pulso27.com\"],\"url\":\"https:\\\/\\\/pulso27.com\\\/en\\\/author\\\/redactor\\\/\"}]}<\/script>\n<!-- \/ Yoast SEO plugin. -->","yoast_head_json":{"title":"Congreso debate restituci\u00f3n de la detenci\u00f3n preliminar en casos de no flagrancia tras presi\u00f3n de bancadas de izquierda - Pulso27","robots":{"index":"index","follow":"follow","max-snippet":"max-snippet:-1","max-image-preview":"max-image-preview:large","max-video-preview":"max-video-preview:-1"},"canonical":"https:\/\/pulso27.com\/en\/nacional\/congreso-debate-restitucion-de-la-detencion-preliminar-en-casos-de-no-flagrancia-tras-presion-de-bancadas-de-izquierda\/","og_locale":"en_US","og_type":"article","og_title":"Congreso debate restituci\u00f3n de la detenci\u00f3n preliminar en casos de no flagrancia tras presi\u00f3n de bancadas de izquierda - Pulso27","og_description":"El Pleno del Congreso de la Rep\u00fablica debatir\u00e1 este jueves 6 de marzo el proyecto de ley que busca restituir la detenci\u00f3n preliminar en casos de no flagrancia, luego de que el presidente del Legislativo, Eduardo Salhuana, autorizara la inclusi\u00f3n del tema en la agenda mediante un acta virtual. La decisi\u00f3n se tom\u00f3 tras la [&hellip;]","og_url":"https:\/\/pulso27.com\/en\/nacional\/congreso-debate-restitucion-de-la-detencion-preliminar-en-casos-de-no-flagrancia-tras-presion-de-bancadas-de-izquierda\/","og_site_name":"Pulso27","article_publisher":"https:\/\/www.facebook.com\/pulso27\/","article_published_time":"2025-03-06T04:09:20+00:00","article_modified_time":"2025-03-06T04:09:24+00:00","og_image":[{"width":1200,"height":900,"url":"https:\/\/pulso27.com\/wp-content\/uploads\/2025\/03\/Salhuanaa.png","type":"image\/png"}],"author":"Redactor","twitter_card":"summary_large_image","twitter_creator":"@Pulso_27","twitter_site":"@Pulso_27","twitter_misc":{"Written by":"Redactor","Est. reading time":"3 minutes"},"schema":{"@context":"https:\/\/schema.org","@graph":[{"@type":"Article","@id":"https:\/\/pulso27.com\/nacional\/congreso-debate-restitucion-de-la-detencion-preliminar-en-casos-de-no-flagrancia-tras-presion-de-bancadas-de-izquierda\/#article","isPartOf":{"@id":"https:\/\/pulso27.com\/nacional\/congreso-debate-restitucion-de-la-detencion-preliminar-en-casos-de-no-flagrancia-tras-presion-de-bancadas-de-izquierda\/"},"author":{"name":"Redactor","@id":"https:\/\/pulso27.com\/en\/#\/schema\/person\/bf5ee161e6c87f6c7d57f5e689ef8526"},"headline":"Congreso debate restituci\u00f3n de la detenci\u00f3n preliminar en casos de no flagrancia tras presi\u00f3n de bancadas de izquierda","datePublished":"2025-03-06T04:09:20+00:00","dateModified":"2025-03-06T04:09:24+00:00","mainEntityOfPage":{"@id":"https:\/\/pulso27.com\/nacional\/congreso-debate-restitucion-de-la-detencion-preliminar-en-casos-de-no-flagrancia-tras-presion-de-bancadas-de-izquierda\/"},"wordCount":497,"commentCount":0,"publisher":{"@id":"https:\/\/pulso27.com\/en\/#organization"},"image":{"@id":"https:\/\/pulso27.com\/nacional\/congreso-debate-restitucion-de-la-detencion-preliminar-en-casos-de-no-flagrancia-tras-presion-de-bancadas-de-izquierda\/#primaryimage"},"thumbnailUrl":"https:\/\/pulso27.com\/wp-content\/uploads\/2025\/03\/Salhuanaa.png","keywords":["CongresoPer\u00fa","Detenci\u00f3nPreliminar","EduardoSalhuana","Flagrancia"],"articleSection":["Nacional","Pol\u00edtica"],"inLanguage":"en-US","potentialAction":[{"@type":"CommentAction","name":"Comment","target":["https:\/\/pulso27.com\/nacional\/congreso-debate-restitucion-de-la-detencion-preliminar-en-casos-de-no-flagrancia-tras-presion-de-bancadas-de-izquierda\/#respond"]}]},{"@type":"WebPage","@id":"https:\/\/pulso27.com\/nacional\/congreso-debate-restitucion-de-la-detencion-preliminar-en-casos-de-no-flagrancia-tras-presion-de-bancadas-de-izquierda\/","url":"https:\/\/pulso27.com\/nacional\/congreso-debate-restitucion-de-la-detencion-preliminar-en-casos-de-no-flagrancia-tras-presion-de-bancadas-de-izquierda\/","name":"Congreso debate restituci\u00f3n de la detenci\u00f3n preliminar en casos de no flagrancia tras presi\u00f3n de bancadas de izquierda - Pulso27","isPartOf":{"@id":"https:\/\/pulso27.com\/en\/#website"},"primaryImageOfPage":{"@id":"https:\/\/pulso27.com\/nacional\/congreso-debate-restitucion-de-la-detencion-preliminar-en-casos-de-no-flagrancia-tras-presion-de-bancadas-de-izquierda\/#primaryimage"},"image":{"@id":"https:\/\/pulso27.com\/nacional\/congreso-debate-restitucion-de-la-detencion-preliminar-en-casos-de-no-flagrancia-tras-presion-de-bancadas-de-izquierda\/#primaryimage"},"thumbnailUrl":"https:\/\/pulso27.com\/wp-content\/uploads\/2025\/03\/Salhuanaa.png","datePublished":"2025-03-06T04:09:20+00:00","dateModified":"2025-03-06T04:09:24+00:00","breadcrumb":{"@id":"https:\/\/pulso27.com\/nacional\/congreso-debate-restitucion-de-la-detencion-preliminar-en-casos-de-no-flagrancia-tras-presion-de-bancadas-de-izquierda\/#breadcrumb"},"inLanguage":"en-US","potentialAction":[{"@type":"ReadAction","target":["https:\/\/pulso27.com\/nacional\/congreso-debate-restitucion-de-la-detencion-preliminar-en-casos-de-no-flagrancia-tras-presion-de-bancadas-de-izquierda\/"]}]},{"@type":"ImageObject","inLanguage":"en-US","@id":"https:\/\/pulso27.com\/nacional\/congreso-debate-restitucion-de-la-detencion-preliminar-en-casos-de-no-flagrancia-tras-presion-de-bancadas-de-izquierda\/#primaryimage","url":"https:\/\/pulso27.com\/wp-content\/uploads\/2025\/03\/Salhuanaa.png","contentUrl":"https:\/\/pulso27.com\/wp-content\/uploads\/2025\/03\/Salhuanaa.png","width":1200,"height":900},{"@type":"BreadcrumbList","@id":"https:\/\/pulso27.com\/nacional\/congreso-debate-restitucion-de-la-detencion-preliminar-en-casos-de-no-flagrancia-tras-presion-de-bancadas-de-izquierda\/#breadcrumb","itemListElement":[{"@type":"ListItem","position":1,"name":"Portada","item":"https:\/\/pulso27.com\/"},{"@type":"ListItem","position":2,"name":"Congreso debate restituci\u00f3n de la detenci\u00f3n preliminar en casos de no flagrancia tras presi\u00f3n de bancadas de izquierda"}]},{"@type":"WebSite","@id":"https:\/\/pulso27.com\/en\/#website","url":"https:\/\/pulso27.com\/en\/","name":"Pulso27","description":"Web de noticias y publicidad","publisher":{"@id":"https:\/\/pulso27.com\/en\/#organization"},"alternateName":"El pulso del pueblo","potentialAction":[{"@type":"SearchAction","target":{"@type":"EntryPoint","urlTemplate":"https:\/\/pulso27.com\/en\/?s={search_term_string}"},"query-input":{"@type":"PropertyValueSpecification","valueRequired":true,"valueName":"search_term_string"}}],"inLanguage":"en-US"},{"@type":"Organization","@id":"https:\/\/pulso27.com\/en\/#organization","name":"Pulso27","url":"https:\/\/pulso27.com\/en\/","logo":{"@type":"ImageObject","inLanguage":"en-US","@id":"https:\/\/pulso27.com\/en\/#\/schema\/logo\/image\/","url":"https:\/\/pulso27.com\/wp-content\/uploads\/2026\/02\/Logotipo-de-la-organizacion-696-x-696-px-ok.png","contentUrl":"https:\/\/pulso27.com\/wp-content\/uploads\/2026\/02\/Logotipo-de-la-organizacion-696-x-696-px-ok.png","width":696,"height":696,"caption":"Pulso27"},"image":{"@id":"https:\/\/pulso27.com\/en\/#\/schema\/logo\/image\/"},"sameAs":["https:\/\/www.facebook.com\/pulso27\/","https:\/\/x.com\/Pulso_27","https:\/\/www.youtube.com\/@Pulso27","https:\/\/www.tiktok.com\/@pulso_27"]},{"@type":"Person","@id":"https:\/\/pulso27.com\/en\/#\/schema\/person\/bf5ee161e6c87f6c7d57f5e689ef8526","name":"Redactor","image":{"@type":"ImageObject","inLanguage":"en-US","@id":"https:\/\/pulso27.com\/wp-content\/uploads\/2025\/03\/a-150x150.png","url":"https:\/\/pulso27.com\/wp-content\/uploads\/2025\/03\/a-150x150.png","contentUrl":"https:\/\/pulso27.com\/wp-content\/uploads\/2025\/03\/a-150x150.png","caption":"Redactor"},"sameAs":["http:\/\/www.pulso27.com"],"url":"https:\/\/pulso27.com\/en\/author\/redactor\/"}]}},"amp_enabled":true,"_links":{"self":[{"href":"https:\/\/pulso27.com\/en\/wp-json\/wp\/v2\/posts\/4547","targetHints":{"allow":["GET"]}}],"collection":[{"href":"https:\/\/pulso27.com\/en\/wp-json\/wp\/v2\/posts"}],"about":[{"href":"https:\/\/pulso27.com\/en\/wp-json\/wp\/v2\/types\/post"}],"author":[{"embeddable":true,"href":"https:\/\/pulso27.com\/en\/wp-json\/wp\/v2\/users\/13"}],"replies":[{"embeddable":true,"href":"https:\/\/pulso27.com\/en\/wp-json\/wp\/v2\/comments?post=4547"}],"version-history":[{"count":1,"href":"https:\/\/pulso27.com\/en\/wp-json\/wp\/v2\/posts\/4547\/revisions"}],"predecessor-version":[{"id":4551,"href":"https:\/\/pulso27.com\/en\/wp-json\/wp\/v2\/posts\/4547\/revisions\/4551"}],"wp:featuredmedia":[{"embeddable":true,"href":"https:\/\/pulso27.com\/en\/wp-json\/wp\/v2\/media\/4549"}],"wp:attachment":[{"href":"https:\/\/pulso27.com\/en\/wp-json\/wp\/v2\/media?parent=4547"}],"wp:term":[{"taxonomy":"category","embeddable":true,"href":"https:\/\/pulso27.com\/en\/wp-json\/wp\/v2\/categories?post=4547"},{"taxonomy":"post_tag","embeddable":true,"href":"https:\/\/pulso27.com\/en\/wp-json\/wp\/v2\/tags?post=4547"}],"curies":[{"name":"wp","href":"https:\/\/api.w.org\/{rel}","templated":true}]}}