{"id":4678,"date":"2025-03-11T17:02:08","date_gmt":"2025-03-11T12:02:08","guid":{"rendered":"https:\/\/pulso27.com\/?p=4678"},"modified":"2025-03-11T17:02:12","modified_gmt":"2025-03-11T12:02:12","slug":"represion-policial-en-lima-un-patron-de-abuso-y-omision-de-violencia-revelado","status":"publish","type":"post","link":"https:\/\/pulso27.com\/en\/opinion\/represion-policial-en-lima-un-patron-de-abuso-y-omision-de-violencia-revelado\/","title":{"rendered":"Represi\u00f3n policial en Lima: Un patr\u00f3n de abuso y omisi\u00f3n de violencia revelado"},"content":{"rendered":"<p>La reciente revelaci\u00f3n de los registros de geolocalizaci\u00f3n y audios de las radios policiales ha evidenciado un patr\u00f3n de actuaci\u00f3n que exponen la falta de control y el uso desproporcionado de la fuerza por parte de la Polic\u00eda Nacional del Per\u00fa (PNP) durante las protestas del 24 y 28 de enero de 2023. Este hallazgo no solo revela la cadena de mando que oper\u00f3 en esas fechas, sino tambi\u00e9n la ausencia de \u00f3rdenes que evitaran una escalada violenta, resultando en la muerte de V\u00edctor Santisteban Yacsavilca.<\/p>\n\n\n\n<p>Fallo en el control policial<br>Las comunicaciones interceptadas revelan que los jefes policiales m\u00e1s cercanos a la escena de los hechos \u2014el capit\u00e1n PNP Gianfranco Tolentino Farf\u00e1n y el brigadier PNP Luis Inga Cerr\u00f3n\u2014 ten\u00edan contacto visual directo con los incidentes. A pesar de esto, no hubo una intervenci\u00f3n para frenar el uso excesivo de la fuerza. El informe del Ministerio P\u00fablico concluye que esta omisi\u00f3n constituye un grave incumplimiento del deber, fortaleciendo la hip\u00f3tesis de homicidio por omisi\u00f3n.<\/p>\n\n\n\n<p>Uso indebido de la fuerza letal<br>El an\u00e1lisis de las radios confirm\u00f3 que un agente dispar\u00f3 directamente una bomba lacrim\u00f3gena contra Santisteban Yacsavilca en un \u00e1ngulo indebido, una pr\u00e1ctica que contraviene los protocolos internacionales para el control de disturbios. Adem\u00e1s, se evidencia que el subgrupo Bravo del Grupo de Intervenciones R\u00e1pidas (GIR), bajo el mando del capit\u00e1n Tolentino Farf\u00e1n, avanz\u00f3 sin coordinaci\u00f3n ni medidas preventivas, lo que result\u00f3 en una tragedia evitable.<\/p>\n\n\n\n<p>Encubrimiento y resistencia policial<br>Resulta alarmante que la existencia de registros de geolocalizaci\u00f3n y audio se mantuviera oculta hasta que el suboficial Ignacio Talledo Alcas revel\u00f3 su existencia. Este intento de encubrimiento refleja una estructura que privilegia la protecci\u00f3n institucional por encima de la rendici\u00f3n de cuentas. Adem\u00e1s, la negativa de varios polic\u00edas a brindar declaraciones y su aparente seguridad en la impunidad refuerzan la percepci\u00f3n de un sistema que tolera el abuso.<\/p>\n\n\n\n<p>El sistema de radios Hytera, utilizado por la PNP, cuenta con GPS y grabaci\u00f3n integrada, herramientas que podr\u00edan haber facilitado un control m\u00e1s eficiente de los operativos. Sin embargo, su uso fue limitado a aspectos t\u00e1cticos, dejando de lado su potencial como herramienta de fiscalizaci\u00f3n y control del abuso policial.<\/p>\n\n\n\n<p>El caso de la violenta represi\u00f3n en Lima expone la necesidad urgente de reformar los protocolos de intervenci\u00f3n policial, garantizar la rendici\u00f3n de cuentas y reforzar la supervisi\u00f3n del uso de tecnolog\u00edas como las radios Hytera. La falta de claras \u00f3rdenes para evitar el uso excesivo de la fuerza revela una preocupante permisividad frente a las violaciones de derechos humanos. El Estado peruano y el Poder Judicial, enfrenta el reto de erradicar estos patrones y castigar a los culpables, para garantizar el derecho ciudadano a la protesta y prevenir futuras tragedias.<\/p>","protected":false},"excerpt":{"rendered":"<p>La reciente revelaci\u00f3n de los registros de geolocalizaci\u00f3n y audios de las radios policiales ha evidenciado un patr\u00f3n de actuaci\u00f3n que exponen la falta de control y el uso desproporcionado de la fuerza por parte de la Polic\u00eda Nacional del Per\u00fa (PNP) durante las protestas del 24 y 28 de enero de 2023. Este hallazgo [&hellip;]<\/p>\n","protected":false},"author":5,"featured_media":4679,"comment_status":"open","ping_status":"open","sticky":false,"template":"","format":"standard","meta":{"footnotes":""},"categories":[177,174,1843,180],"tags":[2219,309,2075,2218],"class_list":["post-4678","post","type-post","status-publish","format-standard","has-post-thumbnail","hentry","category-economia","category-nacional","category-opinion","category-politica","tag-georeferenciacion","tag-pnp","tag-poderjudicial","tag-represionpolicial"],"yoast_head":"<!-- This site is optimized with the Yoast SEO plugin v27.4 - https:\/\/yoast.com\/product\/yoast-seo-wordpress\/ -->\n<title>Represi\u00f3n policial en Lima: Un patr\u00f3n de abuso y omisi\u00f3n de violencia revelado - Pulso27<\/title>\n<meta name=\"robots\" content=\"index, follow, max-snippet:-1, max-image-preview:large, max-video-preview:-1\" \/>\n<link rel=\"canonical\" href=\"https:\/\/pulso27.com\/en\/opinion\/represion-policial-en-lima-un-patron-de-abuso-y-omision-de-violencia-revelado\/\" \/>\n<meta property=\"og:locale\" content=\"en_US\" \/>\n<meta property=\"og:type\" content=\"article\" \/>\n<meta property=\"og:title\" content=\"Represi\u00f3n policial en Lima: Un patr\u00f3n de abuso y omisi\u00f3n de violencia revelado - Pulso27\" \/>\n<meta property=\"og:description\" content=\"La reciente revelaci\u00f3n de los registros de geolocalizaci\u00f3n y audios de las radios policiales ha evidenciado un patr\u00f3n de actuaci\u00f3n que exponen la falta de control y el uso desproporcionado de la fuerza por parte de la Polic\u00eda Nacional del Per\u00fa (PNP) durante las protestas del 24 y 28 de enero de 2023. Este hallazgo [&hellip;]\" \/>\n<meta property=\"og:url\" content=\"https:\/\/pulso27.com\/en\/opinion\/represion-policial-en-lima-un-patron-de-abuso-y-omision-de-violencia-revelado\/\" \/>\n<meta property=\"og:site_name\" content=\"Pulso27\" \/>\n<meta property=\"article:publisher\" content=\"https:\/\/www.facebook.com\/pulso27\/\" \/>\n<meta property=\"article:published_time\" content=\"2025-03-11T12:02:08+00:00\" \/>\n<meta property=\"article:modified_time\" content=\"2025-03-11T12:02:12+00:00\" \/>\n<meta property=\"og:image\" content=\"https:\/\/pulso27.com\/wp-content\/uploads\/2025\/03\/Abuso.png\" \/>\n\t<meta property=\"og:image:width\" content=\"1205\" \/>\n\t<meta property=\"og:image:height\" content=\"900\" \/>\n\t<meta property=\"og:image:type\" content=\"image\/png\" \/>\n<meta name=\"author\" content=\"admin\" \/>\n<meta name=\"twitter:card\" content=\"summary_large_image\" \/>\n<meta name=\"twitter:creator\" content=\"@Pulso_27\" \/>\n<meta name=\"twitter:site\" content=\"@Pulso_27\" \/>\n<meta name=\"twitter:label1\" content=\"Written by\" \/>\n\t<meta name=\"twitter:data1\" content=\"admin\" \/>\n\t<meta name=\"twitter:label2\" content=\"Est. reading time\" \/>\n\t<meta name=\"twitter:data2\" content=\"3 minutes\" \/>\n<script type=\"application\/ld+json\" class=\"yoast-schema-graph\">{\"@context\":\"https:\\\/\\\/schema.org\",\"@graph\":[{\"@type\":\"Article\",\"@id\":\"https:\\\/\\\/pulso27.com\\\/opinion\\\/represion-policial-en-lima-un-patron-de-abuso-y-omision-de-violencia-revelado\\\/#article\",\"isPartOf\":{\"@id\":\"https:\\\/\\\/pulso27.com\\\/opinion\\\/represion-policial-en-lima-un-patron-de-abuso-y-omision-de-violencia-revelado\\\/\"},\"author\":{\"name\":\"admin\",\"@id\":\"https:\\\/\\\/pulso27.com\\\/en\\\/#\\\/schema\\\/person\\\/df15ecbcbba89b8627097bc602dc9e15\"},\"headline\":\"Represi\u00f3n policial en Lima: Un patr\u00f3n de abuso y omisi\u00f3n de violencia revelado\",\"datePublished\":\"2025-03-11T12:02:08+00:00\",\"dateModified\":\"2025-03-11T12:02:12+00:00\",\"mainEntityOfPage\":{\"@id\":\"https:\\\/\\\/pulso27.com\\\/opinion\\\/represion-policial-en-lima-un-patron-de-abuso-y-omision-de-violencia-revelado\\\/\"},\"wordCount\":502,\"commentCount\":0,\"publisher\":{\"@id\":\"https:\\\/\\\/pulso27.com\\\/en\\\/#organization\"},\"image\":{\"@id\":\"https:\\\/\\\/pulso27.com\\\/opinion\\\/represion-policial-en-lima-un-patron-de-abuso-y-omision-de-violencia-revelado\\\/#primaryimage\"},\"thumbnailUrl\":\"https:\\\/\\\/pulso27.com\\\/wp-content\\\/uploads\\\/2025\\\/03\\\/Abuso.png\",\"keywords\":[\"Georeferenciaci\u00f3n\",\"PNP\",\"PoderJudicial\",\"Represi\u00f3nPolicial\"],\"articleSection\":[\"Econom\u00eda\",\"Nacional\",\"Opini\u00f3n\",\"Pol\u00edtica\"],\"inLanguage\":\"en-US\",\"potentialAction\":[{\"@type\":\"CommentAction\",\"name\":\"Comment\",\"target\":[\"https:\\\/\\\/pulso27.com\\\/opinion\\\/represion-policial-en-lima-un-patron-de-abuso-y-omision-de-violencia-revelado\\\/#respond\"]}]},{\"@type\":\"WebPage\",\"@id\":\"https:\\\/\\\/pulso27.com\\\/opinion\\\/represion-policial-en-lima-un-patron-de-abuso-y-omision-de-violencia-revelado\\\/\",\"url\":\"https:\\\/\\\/pulso27.com\\\/opinion\\\/represion-policial-en-lima-un-patron-de-abuso-y-omision-de-violencia-revelado\\\/\",\"name\":\"Represi\u00f3n policial en Lima: Un patr\u00f3n de abuso y omisi\u00f3n de violencia revelado - Pulso27\",\"isPartOf\":{\"@id\":\"https:\\\/\\\/pulso27.com\\\/en\\\/#website\"},\"primaryImageOfPage\":{\"@id\":\"https:\\\/\\\/pulso27.com\\\/opinion\\\/represion-policial-en-lima-un-patron-de-abuso-y-omision-de-violencia-revelado\\\/#primaryimage\"},\"image\":{\"@id\":\"https:\\\/\\\/pulso27.com\\\/opinion\\\/represion-policial-en-lima-un-patron-de-abuso-y-omision-de-violencia-revelado\\\/#primaryimage\"},\"thumbnailUrl\":\"https:\\\/\\\/pulso27.com\\\/wp-content\\\/uploads\\\/2025\\\/03\\\/Abuso.png\",\"datePublished\":\"2025-03-11T12:02:08+00:00\",\"dateModified\":\"2025-03-11T12:02:12+00:00\",\"breadcrumb\":{\"@id\":\"https:\\\/\\\/pulso27.com\\\/opinion\\\/represion-policial-en-lima-un-patron-de-abuso-y-omision-de-violencia-revelado\\\/#breadcrumb\"},\"inLanguage\":\"en-US\",\"potentialAction\":[{\"@type\":\"ReadAction\",\"target\":[\"https:\\\/\\\/pulso27.com\\\/opinion\\\/represion-policial-en-lima-un-patron-de-abuso-y-omision-de-violencia-revelado\\\/\"]}]},{\"@type\":\"ImageObject\",\"inLanguage\":\"en-US\",\"@id\":\"https:\\\/\\\/pulso27.com\\\/opinion\\\/represion-policial-en-lima-un-patron-de-abuso-y-omision-de-violencia-revelado\\\/#primaryimage\",\"url\":\"https:\\\/\\\/pulso27.com\\\/wp-content\\\/uploads\\\/2025\\\/03\\\/Abuso.png\",\"contentUrl\":\"https:\\\/\\\/pulso27.com\\\/wp-content\\\/uploads\\\/2025\\\/03\\\/Abuso.png\",\"width\":1205,\"height\":900},{\"@type\":\"BreadcrumbList\",\"@id\":\"https:\\\/\\\/pulso27.com\\\/opinion\\\/represion-policial-en-lima-un-patron-de-abuso-y-omision-de-violencia-revelado\\\/#breadcrumb\",\"itemListElement\":[{\"@type\":\"ListItem\",\"position\":1,\"name\":\"Portada\",\"item\":\"https:\\\/\\\/pulso27.com\\\/\"},{\"@type\":\"ListItem\",\"position\":2,\"name\":\"Represi\u00f3n policial en Lima: Un patr\u00f3n de abuso y omisi\u00f3n de violencia revelado\"}]},{\"@type\":\"WebSite\",\"@id\":\"https:\\\/\\\/pulso27.com\\\/en\\\/#website\",\"url\":\"https:\\\/\\\/pulso27.com\\\/en\\\/\",\"name\":\"Pulso27\",\"description\":\"Web de noticias y publicidad\",\"publisher\":{\"@id\":\"https:\\\/\\\/pulso27.com\\\/en\\\/#organization\"},\"alternateName\":\"El pulso del pueblo\",\"potentialAction\":[{\"@type\":\"SearchAction\",\"target\":{\"@type\":\"EntryPoint\",\"urlTemplate\":\"https:\\\/\\\/pulso27.com\\\/en\\\/?s={search_term_string}\"},\"query-input\":{\"@type\":\"PropertyValueSpecification\",\"valueRequired\":true,\"valueName\":\"search_term_string\"}}],\"inLanguage\":\"en-US\"},{\"@type\":\"Organization\",\"@id\":\"https:\\\/\\\/pulso27.com\\\/en\\\/#organization\",\"name\":\"Pulso27\",\"url\":\"https:\\\/\\\/pulso27.com\\\/en\\\/\",\"logo\":{\"@type\":\"ImageObject\",\"inLanguage\":\"en-US\",\"@id\":\"https:\\\/\\\/pulso27.com\\\/en\\\/#\\\/schema\\\/logo\\\/image\\\/\",\"url\":\"https:\\\/\\\/pulso27.com\\\/wp-content\\\/uploads\\\/2026\\\/02\\\/Logotipo-de-la-organizacion-696-x-696-px-ok.png\",\"contentUrl\":\"https:\\\/\\\/pulso27.com\\\/wp-content\\\/uploads\\\/2026\\\/02\\\/Logotipo-de-la-organizacion-696-x-696-px-ok.png\",\"width\":696,\"height\":696,\"caption\":\"Pulso27\"},\"image\":{\"@id\":\"https:\\\/\\\/pulso27.com\\\/en\\\/#\\\/schema\\\/logo\\\/image\\\/\"},\"sameAs\":[\"https:\\\/\\\/www.facebook.com\\\/pulso27\\\/\",\"https:\\\/\\\/x.com\\\/Pulso_27\",\"https:\\\/\\\/www.youtube.com\\\/@Pulso27\",\"https:\\\/\\\/www.tiktok.com\\\/@pulso_27\"]},{\"@type\":\"Person\",\"@id\":\"https:\\\/\\\/pulso27.com\\\/en\\\/#\\\/schema\\\/person\\\/df15ecbcbba89b8627097bc602dc9e15\",\"name\":\"admin\",\"image\":{\"@type\":\"ImageObject\",\"inLanguage\":\"en-US\",\"@id\":\"https:\\\/\\\/secure.gravatar.com\\\/avatar\\\/828f4a09ba8ce37cfca622f580fec4411ddb2550515ba4e452fa5d850713b8d1?s=96&d=mm&r=g\",\"url\":\"https:\\\/\\\/secure.gravatar.com\\\/avatar\\\/828f4a09ba8ce37cfca622f580fec4411ddb2550515ba4e452fa5d850713b8d1?s=96&d=mm&r=g\",\"contentUrl\":\"https:\\\/\\\/secure.gravatar.com\\\/avatar\\\/828f4a09ba8ce37cfca622f580fec4411ddb2550515ba4e452fa5d850713b8d1?s=96&d=mm&r=g\",\"caption\":\"admin\"},\"sameAs\":[\"http:\\\/\\\/www.pulso27.com\"],\"url\":\"https:\\\/\\\/pulso27.com\\\/en\\\/author\\\/admin-2\\\/\"}]}<\/script>\n<!-- \/ Yoast SEO plugin. -->","yoast_head_json":{"title":"Represi\u00f3n policial en Lima: Un patr\u00f3n de abuso y omisi\u00f3n de violencia revelado - Pulso27","robots":{"index":"index","follow":"follow","max-snippet":"max-snippet:-1","max-image-preview":"max-image-preview:large","max-video-preview":"max-video-preview:-1"},"canonical":"https:\/\/pulso27.com\/en\/opinion\/represion-policial-en-lima-un-patron-de-abuso-y-omision-de-violencia-revelado\/","og_locale":"en_US","og_type":"article","og_title":"Represi\u00f3n policial en Lima: Un patr\u00f3n de abuso y omisi\u00f3n de violencia revelado - Pulso27","og_description":"La reciente revelaci\u00f3n de los registros de geolocalizaci\u00f3n y audios de las radios policiales ha evidenciado un patr\u00f3n de actuaci\u00f3n que exponen la falta de control y el uso desproporcionado de la fuerza por parte de la Polic\u00eda Nacional del Per\u00fa (PNP) durante las protestas del 24 y 28 de enero de 2023. Este hallazgo [&hellip;]","og_url":"https:\/\/pulso27.com\/en\/opinion\/represion-policial-en-lima-un-patron-de-abuso-y-omision-de-violencia-revelado\/","og_site_name":"Pulso27","article_publisher":"https:\/\/www.facebook.com\/pulso27\/","article_published_time":"2025-03-11T12:02:08+00:00","article_modified_time":"2025-03-11T12:02:12+00:00","og_image":[{"width":1205,"height":900,"url":"https:\/\/pulso27.com\/wp-content\/uploads\/2025\/03\/Abuso.png","type":"image\/png"}],"author":"admin","twitter_card":"summary_large_image","twitter_creator":"@Pulso_27","twitter_site":"@Pulso_27","twitter_misc":{"Written by":"admin","Est. reading time":"3 minutes"},"schema":{"@context":"https:\/\/schema.org","@graph":[{"@type":"Article","@id":"https:\/\/pulso27.com\/opinion\/represion-policial-en-lima-un-patron-de-abuso-y-omision-de-violencia-revelado\/#article","isPartOf":{"@id":"https:\/\/pulso27.com\/opinion\/represion-policial-en-lima-un-patron-de-abuso-y-omision-de-violencia-revelado\/"},"author":{"name":"admin","@id":"https:\/\/pulso27.com\/en\/#\/schema\/person\/df15ecbcbba89b8627097bc602dc9e15"},"headline":"Represi\u00f3n policial en Lima: Un patr\u00f3n de abuso y omisi\u00f3n de violencia revelado","datePublished":"2025-03-11T12:02:08+00:00","dateModified":"2025-03-11T12:02:12+00:00","mainEntityOfPage":{"@id":"https:\/\/pulso27.com\/opinion\/represion-policial-en-lima-un-patron-de-abuso-y-omision-de-violencia-revelado\/"},"wordCount":502,"commentCount":0,"publisher":{"@id":"https:\/\/pulso27.com\/en\/#organization"},"image":{"@id":"https:\/\/pulso27.com\/opinion\/represion-policial-en-lima-un-patron-de-abuso-y-omision-de-violencia-revelado\/#primaryimage"},"thumbnailUrl":"https:\/\/pulso27.com\/wp-content\/uploads\/2025\/03\/Abuso.png","keywords":["Georeferenciaci\u00f3n","PNP","PoderJudicial","Represi\u00f3nPolicial"],"articleSection":["Econom\u00eda","Nacional","Opini\u00f3n","Pol\u00edtica"],"inLanguage":"en-US","potentialAction":[{"@type":"CommentAction","name":"Comment","target":["https:\/\/pulso27.com\/opinion\/represion-policial-en-lima-un-patron-de-abuso-y-omision-de-violencia-revelado\/#respond"]}]},{"@type":"WebPage","@id":"https:\/\/pulso27.com\/opinion\/represion-policial-en-lima-un-patron-de-abuso-y-omision-de-violencia-revelado\/","url":"https:\/\/pulso27.com\/opinion\/represion-policial-en-lima-un-patron-de-abuso-y-omision-de-violencia-revelado\/","name":"Represi\u00f3n policial en Lima: Un patr\u00f3n de abuso y omisi\u00f3n de violencia revelado - Pulso27","isPartOf":{"@id":"https:\/\/pulso27.com\/en\/#website"},"primaryImageOfPage":{"@id":"https:\/\/pulso27.com\/opinion\/represion-policial-en-lima-un-patron-de-abuso-y-omision-de-violencia-revelado\/#primaryimage"},"image":{"@id":"https:\/\/pulso27.com\/opinion\/represion-policial-en-lima-un-patron-de-abuso-y-omision-de-violencia-revelado\/#primaryimage"},"thumbnailUrl":"https:\/\/pulso27.com\/wp-content\/uploads\/2025\/03\/Abuso.png","datePublished":"2025-03-11T12:02:08+00:00","dateModified":"2025-03-11T12:02:12+00:00","breadcrumb":{"@id":"https:\/\/pulso27.com\/opinion\/represion-policial-en-lima-un-patron-de-abuso-y-omision-de-violencia-revelado\/#breadcrumb"},"inLanguage":"en-US","potentialAction":[{"@type":"ReadAction","target":["https:\/\/pulso27.com\/opinion\/represion-policial-en-lima-un-patron-de-abuso-y-omision-de-violencia-revelado\/"]}]},{"@type":"ImageObject","inLanguage":"en-US","@id":"https:\/\/pulso27.com\/opinion\/represion-policial-en-lima-un-patron-de-abuso-y-omision-de-violencia-revelado\/#primaryimage","url":"https:\/\/pulso27.com\/wp-content\/uploads\/2025\/03\/Abuso.png","contentUrl":"https:\/\/pulso27.com\/wp-content\/uploads\/2025\/03\/Abuso.png","width":1205,"height":900},{"@type":"BreadcrumbList","@id":"https:\/\/pulso27.com\/opinion\/represion-policial-en-lima-un-patron-de-abuso-y-omision-de-violencia-revelado\/#breadcrumb","itemListElement":[{"@type":"ListItem","position":1,"name":"Portada","item":"https:\/\/pulso27.com\/"},{"@type":"ListItem","position":2,"name":"Represi\u00f3n policial en Lima: Un patr\u00f3n de abuso y omisi\u00f3n de violencia revelado"}]},{"@type":"WebSite","@id":"https:\/\/pulso27.com\/en\/#website","url":"https:\/\/pulso27.com\/en\/","name":"Pulso27","description":"Web de noticias y publicidad","publisher":{"@id":"https:\/\/pulso27.com\/en\/#organization"},"alternateName":"El pulso del pueblo","potentialAction":[{"@type":"SearchAction","target":{"@type":"EntryPoint","urlTemplate":"https:\/\/pulso27.com\/en\/?s={search_term_string}"},"query-input":{"@type":"PropertyValueSpecification","valueRequired":true,"valueName":"search_term_string"}}],"inLanguage":"en-US"},{"@type":"Organization","@id":"https:\/\/pulso27.com\/en\/#organization","name":"Pulso27","url":"https:\/\/pulso27.com\/en\/","logo":{"@type":"ImageObject","inLanguage":"en-US","@id":"https:\/\/pulso27.com\/en\/#\/schema\/logo\/image\/","url":"https:\/\/pulso27.com\/wp-content\/uploads\/2026\/02\/Logotipo-de-la-organizacion-696-x-696-px-ok.png","contentUrl":"https:\/\/pulso27.com\/wp-content\/uploads\/2026\/02\/Logotipo-de-la-organizacion-696-x-696-px-ok.png","width":696,"height":696,"caption":"Pulso27"},"image":{"@id":"https:\/\/pulso27.com\/en\/#\/schema\/logo\/image\/"},"sameAs":["https:\/\/www.facebook.com\/pulso27\/","https:\/\/x.com\/Pulso_27","https:\/\/www.youtube.com\/@Pulso27","https:\/\/www.tiktok.com\/@pulso_27"]},{"@type":"Person","@id":"https:\/\/pulso27.com\/en\/#\/schema\/person\/df15ecbcbba89b8627097bc602dc9e15","name":"admin","image":{"@type":"ImageObject","inLanguage":"en-US","@id":"https:\/\/secure.gravatar.com\/avatar\/828f4a09ba8ce37cfca622f580fec4411ddb2550515ba4e452fa5d850713b8d1?s=96&d=mm&r=g","url":"https:\/\/secure.gravatar.com\/avatar\/828f4a09ba8ce37cfca622f580fec4411ddb2550515ba4e452fa5d850713b8d1?s=96&d=mm&r=g","contentUrl":"https:\/\/secure.gravatar.com\/avatar\/828f4a09ba8ce37cfca622f580fec4411ddb2550515ba4e452fa5d850713b8d1?s=96&d=mm&r=g","caption":"admin"},"sameAs":["http:\/\/www.pulso27.com"],"url":"https:\/\/pulso27.com\/en\/author\/admin-2\/"}]}},"amp_enabled":true,"_links":{"self":[{"href":"https:\/\/pulso27.com\/en\/wp-json\/wp\/v2\/posts\/4678","targetHints":{"allow":["GET"]}}],"collection":[{"href":"https:\/\/pulso27.com\/en\/wp-json\/wp\/v2\/posts"}],"about":[{"href":"https:\/\/pulso27.com\/en\/wp-json\/wp\/v2\/types\/post"}],"author":[{"embeddable":true,"href":"https:\/\/pulso27.com\/en\/wp-json\/wp\/v2\/users\/5"}],"replies":[{"embeddable":true,"href":"https:\/\/pulso27.com\/en\/wp-json\/wp\/v2\/comments?post=4678"}],"version-history":[{"count":1,"href":"https:\/\/pulso27.com\/en\/wp-json\/wp\/v2\/posts\/4678\/revisions"}],"predecessor-version":[{"id":4683,"href":"https:\/\/pulso27.com\/en\/wp-json\/wp\/v2\/posts\/4678\/revisions\/4683"}],"wp:featuredmedia":[{"embeddable":true,"href":"https:\/\/pulso27.com\/en\/wp-json\/wp\/v2\/media\/4679"}],"wp:attachment":[{"href":"https:\/\/pulso27.com\/en\/wp-json\/wp\/v2\/media?parent=4678"}],"wp:term":[{"taxonomy":"category","embeddable":true,"href":"https:\/\/pulso27.com\/en\/wp-json\/wp\/v2\/categories?post=4678"},{"taxonomy":"post_tag","embeddable":true,"href":"https:\/\/pulso27.com\/en\/wp-json\/wp\/v2\/tags?post=4678"}],"curies":[{"name":"wp","href":"https:\/\/api.w.org\/{rel}","templated":true}]}}