{"id":4816,"date":"2025-03-15T22:21:02","date_gmt":"2025-03-15T17:21:02","guid":{"rendered":"https:\/\/pulso27.com\/?p=4816"},"modified":"2025-03-15T22:21:07","modified_gmt":"2025-03-15T17:21:07","slug":"pescador-peruano-rescatado-tras-95-dias-en-altamar-pensar-en-mi-madre-me-mantuvo-vivo","status":"publish","type":"post","link":"https:\/\/pulso27.com\/en\/actualidad\/sociedad\/pescador-peruano-rescatado-tras-95-dias-en-altamar-pensar-en-mi-madre-me-mantuvo-vivo\/","title":{"rendered":"Pescador peruano rescatado tras 95 d\u00edas en altamar: \u00abPensar en mi madre me mantuvo vivo\u00bb"},"content":{"rendered":"<p>M\u00e1ximo Napa Castro, el pescador peruano de 46 a\u00f1os que sobrevivi\u00f3 95 d\u00edas perdido en altamar, finalmente pis\u00f3 tierra firme en Paita, Piura, tras ser rescatado por un buque ecuatoriano. Su historia de resistencia ha conmovido al pa\u00eds, y su testimonio revela el poder de la esperanza en las condiciones m\u00e1s extremas.<\/p>\n\n\n\n<p>Napa Castro zarp\u00f3 el 7 de diciembre de 2024 desde San Juan de Marcona, Ica, a bordo de su embarcaci\u00f3n artesanal \u00abEl Gat\u00f3n 2\u00bb, con la intenci\u00f3n de pescar huevera. Sin embargo, tras perder contacto con su familia el 18 de diciembre, su paradero permaneci\u00f3 desconocido durante tres meses. \u00abPens\u00e9 que no lo lograr\u00eda\u00bb, confes\u00f3 entre l\u00e1grimas al reencontrarse con su hermano Pedro en Paita. Durante su odisea, enfrent\u00f3 la deshidrataci\u00f3n y el hambre, sobreviviendo con agua de lluvia, aves y peque\u00f1os peces que atrapaba con sus manos. \u00abHubo d\u00edas que no llov\u00eda, y sent\u00eda que mi cuerpo no resistir\u00eda m\u00e1s\u00bb, relat\u00f3.<\/p>\n\n\n\n<p>Lo que lo mantuvo vivo, asegura, fue pensar en su madre y su nieta reci\u00e9n nacida. \u00abNo pod\u00eda rendirme. Cada d\u00eda me dec\u00eda: \u201cPor mi madre, por mi familia, tengo que seguir. Ella fue mi fuerza\u201d, expres\u00f3 Napa, quien afirm\u00f3 que la fe y los recuerdos de sus seres queridos le dieron el coraje para no desistir. El pescador fue hallado el 11 de marzo a 388 millas de la costa, frente a Chimbote, en un estado cr\u00edtico pero consciente.<\/p>\n\n\n\n<p>Tras recibir atenci\u00f3n m\u00e9dica inicial en Paita, M\u00e1ximo planea viajar a Lima y luego a Ica para reunirse con el resto de su familia, quienes ya preparan un emotivo reencuentro. Su caso tambi\u00e9n ha reavivado el debate sobre la seguridad de los pescadores artesanales en Per\u00fa, exigiendo mejores protocolos y sistemas de comunicaci\u00f3n para evitar tragedias similares.<\/p>","protected":false},"excerpt":{"rendered":"<p>M\u00e1ximo Napa Castro, el pescador peruano de 46 a\u00f1os que sobrevivi\u00f3 95 d\u00edas perdido en altamar, finalmente pis\u00f3 tierra firme en Paita, Piura, tras ser rescatado por un buque ecuatoriano. Su historia de resistencia ha conmovido al pa\u00eds, y su testimonio revela el poder de la esperanza en las condiciones m\u00e1s extremas. Napa Castro zarp\u00f3 [&hellip;]<\/p>\n","protected":false},"author":8,"featured_media":4817,"comment_status":"open","ping_status":"open","sticky":false,"template":"","format":"standard","meta":{"footnotes":""},"categories":[810,202],"tags":[2234,2233,2235],"class_list":["post-4816","post","type-post","status-publish","format-standard","has-post-thumbnail","hentry","category-regional","category-sociedad","tag-altamar","tag-pescador","tag-rescate"],"yoast_head":"<!-- This site is optimized with the Yoast SEO plugin v27.4 - https:\/\/yoast.com\/product\/yoast-seo-wordpress\/ -->\n<title>Pescador peruano rescatado tras 95 d\u00edas en altamar: &quot;Pensar en mi madre me mantuvo vivo&quot; - Pulso27<\/title>\n<meta name=\"robots\" content=\"index, follow, max-snippet:-1, max-image-preview:large, max-video-preview:-1\" \/>\n<link rel=\"canonical\" href=\"https:\/\/pulso27.com\/en\/actualidad\/sociedad\/pescador-peruano-rescatado-tras-95-dias-en-altamar-pensar-en-mi-madre-me-mantuvo-vivo\/\" \/>\n<meta property=\"og:locale\" content=\"en_US\" \/>\n<meta property=\"og:type\" content=\"article\" \/>\n<meta property=\"og:title\" content=\"Pescador peruano rescatado tras 95 d\u00edas en altamar: &quot;Pensar en mi madre me mantuvo vivo&quot; - Pulso27\" \/>\n<meta property=\"og:description\" content=\"M\u00e1ximo Napa Castro, el pescador peruano de 46 a\u00f1os que sobrevivi\u00f3 95 d\u00edas perdido en altamar, finalmente pis\u00f3 tierra firme en Paita, Piura, tras ser rescatado por un buque ecuatoriano. Su historia de resistencia ha conmovido al pa\u00eds, y su testimonio revela el poder de la esperanza en las condiciones m\u00e1s extremas. Napa Castro zarp\u00f3 [&hellip;]\" \/>\n<meta property=\"og:url\" content=\"https:\/\/pulso27.com\/en\/actualidad\/sociedad\/pescador-peruano-rescatado-tras-95-dias-en-altamar-pensar-en-mi-madre-me-mantuvo-vivo\/\" \/>\n<meta property=\"og:site_name\" content=\"Pulso27\" \/>\n<meta property=\"article:publisher\" content=\"https:\/\/www.facebook.com\/pulso27\/\" \/>\n<meta property=\"article:published_time\" content=\"2025-03-15T17:21:02+00:00\" \/>\n<meta property=\"article:modified_time\" content=\"2025-03-15T17:21:07+00:00\" \/>\n<meta property=\"og:image\" content=\"https:\/\/pulso27.com\/wp-content\/uploads\/2025\/03\/Pescador.png\" \/>\n\t<meta property=\"og:image:width\" content=\"1200\" \/>\n\t<meta property=\"og:image:height\" content=\"900\" \/>\n\t<meta property=\"og:image:type\" content=\"image\/png\" \/>\n<meta name=\"author\" content=\"Maga\" \/>\n<meta name=\"twitter:card\" content=\"summary_large_image\" \/>\n<meta name=\"twitter:creator\" content=\"@Pulso_27\" \/>\n<meta name=\"twitter:site\" content=\"@Pulso_27\" \/>\n<meta name=\"twitter:label1\" content=\"Written by\" \/>\n\t<meta name=\"twitter:data1\" content=\"Maga\" \/>\n\t<meta name=\"twitter:label2\" content=\"Est. reading time\" \/>\n\t<meta name=\"twitter:data2\" content=\"2 minutes\" \/>\n<script type=\"application\/ld+json\" class=\"yoast-schema-graph\">{\"@context\":\"https:\\\/\\\/schema.org\",\"@graph\":[{\"@type\":\"Article\",\"@id\":\"https:\\\/\\\/pulso27.com\\\/actualidad\\\/sociedad\\\/pescador-peruano-rescatado-tras-95-dias-en-altamar-pensar-en-mi-madre-me-mantuvo-vivo\\\/#article\",\"isPartOf\":{\"@id\":\"https:\\\/\\\/pulso27.com\\\/actualidad\\\/sociedad\\\/pescador-peruano-rescatado-tras-95-dias-en-altamar-pensar-en-mi-madre-me-mantuvo-vivo\\\/\"},\"author\":{\"name\":\"Maga\",\"@id\":\"https:\\\/\\\/pulso27.com\\\/en\\\/#\\\/schema\\\/person\\\/92f5059eb04cb644a32d22c9bc998684\"},\"headline\":\"Pescador peruano rescatado tras 95 d\u00edas en altamar: \u00abPensar en mi madre me mantuvo vivo\u00bb\",\"datePublished\":\"2025-03-15T17:21:02+00:00\",\"dateModified\":\"2025-03-15T17:21:07+00:00\",\"mainEntityOfPage\":{\"@id\":\"https:\\\/\\\/pulso27.com\\\/actualidad\\\/sociedad\\\/pescador-peruano-rescatado-tras-95-dias-en-altamar-pensar-en-mi-madre-me-mantuvo-vivo\\\/\"},\"wordCount\":325,\"commentCount\":0,\"publisher\":{\"@id\":\"https:\\\/\\\/pulso27.com\\\/en\\\/#organization\"},\"image\":{\"@id\":\"https:\\\/\\\/pulso27.com\\\/actualidad\\\/sociedad\\\/pescador-peruano-rescatado-tras-95-dias-en-altamar-pensar-en-mi-madre-me-mantuvo-vivo\\\/#primaryimage\"},\"thumbnailUrl\":\"https:\\\/\\\/pulso27.com\\\/wp-content\\\/uploads\\\/2025\\\/03\\\/Pescador.png\",\"keywords\":[\"Altamar\",\"Pescador\",\"Rescate\"],\"articleSection\":[\"Regional\",\"Sociedad\"],\"inLanguage\":\"en-US\",\"potentialAction\":[{\"@type\":\"CommentAction\",\"name\":\"Comment\",\"target\":[\"https:\\\/\\\/pulso27.com\\\/actualidad\\\/sociedad\\\/pescador-peruano-rescatado-tras-95-dias-en-altamar-pensar-en-mi-madre-me-mantuvo-vivo\\\/#respond\"]}]},{\"@type\":\"WebPage\",\"@id\":\"https:\\\/\\\/pulso27.com\\\/actualidad\\\/sociedad\\\/pescador-peruano-rescatado-tras-95-dias-en-altamar-pensar-en-mi-madre-me-mantuvo-vivo\\\/\",\"url\":\"https:\\\/\\\/pulso27.com\\\/actualidad\\\/sociedad\\\/pescador-peruano-rescatado-tras-95-dias-en-altamar-pensar-en-mi-madre-me-mantuvo-vivo\\\/\",\"name\":\"Pescador peruano rescatado tras 95 d\u00edas en altamar: \\\"Pensar en mi madre me mantuvo vivo\\\" - Pulso27\",\"isPartOf\":{\"@id\":\"https:\\\/\\\/pulso27.com\\\/en\\\/#website\"},\"primaryImageOfPage\":{\"@id\":\"https:\\\/\\\/pulso27.com\\\/actualidad\\\/sociedad\\\/pescador-peruano-rescatado-tras-95-dias-en-altamar-pensar-en-mi-madre-me-mantuvo-vivo\\\/#primaryimage\"},\"image\":{\"@id\":\"https:\\\/\\\/pulso27.com\\\/actualidad\\\/sociedad\\\/pescador-peruano-rescatado-tras-95-dias-en-altamar-pensar-en-mi-madre-me-mantuvo-vivo\\\/#primaryimage\"},\"thumbnailUrl\":\"https:\\\/\\\/pulso27.com\\\/wp-content\\\/uploads\\\/2025\\\/03\\\/Pescador.png\",\"datePublished\":\"2025-03-15T17:21:02+00:00\",\"dateModified\":\"2025-03-15T17:21:07+00:00\",\"breadcrumb\":{\"@id\":\"https:\\\/\\\/pulso27.com\\\/actualidad\\\/sociedad\\\/pescador-peruano-rescatado-tras-95-dias-en-altamar-pensar-en-mi-madre-me-mantuvo-vivo\\\/#breadcrumb\"},\"inLanguage\":\"en-US\",\"potentialAction\":[{\"@type\":\"ReadAction\",\"target\":[\"https:\\\/\\\/pulso27.com\\\/actualidad\\\/sociedad\\\/pescador-peruano-rescatado-tras-95-dias-en-altamar-pensar-en-mi-madre-me-mantuvo-vivo\\\/\"]}]},{\"@type\":\"ImageObject\",\"inLanguage\":\"en-US\",\"@id\":\"https:\\\/\\\/pulso27.com\\\/actualidad\\\/sociedad\\\/pescador-peruano-rescatado-tras-95-dias-en-altamar-pensar-en-mi-madre-me-mantuvo-vivo\\\/#primaryimage\",\"url\":\"https:\\\/\\\/pulso27.com\\\/wp-content\\\/uploads\\\/2025\\\/03\\\/Pescador.png\",\"contentUrl\":\"https:\\\/\\\/pulso27.com\\\/wp-content\\\/uploads\\\/2025\\\/03\\\/Pescador.png\",\"width\":1200,\"height\":900},{\"@type\":\"BreadcrumbList\",\"@id\":\"https:\\\/\\\/pulso27.com\\\/actualidad\\\/sociedad\\\/pescador-peruano-rescatado-tras-95-dias-en-altamar-pensar-en-mi-madre-me-mantuvo-vivo\\\/#breadcrumb\",\"itemListElement\":[{\"@type\":\"ListItem\",\"position\":1,\"name\":\"Portada\",\"item\":\"https:\\\/\\\/pulso27.com\\\/\"},{\"@type\":\"ListItem\",\"position\":2,\"name\":\"Pescador peruano rescatado tras 95 d\u00edas en altamar: \u00abPensar en mi madre me mantuvo vivo\u00bb\"}]},{\"@type\":\"WebSite\",\"@id\":\"https:\\\/\\\/pulso27.com\\\/en\\\/#website\",\"url\":\"https:\\\/\\\/pulso27.com\\\/en\\\/\",\"name\":\"Pulso27\",\"description\":\"Web de noticias y publicidad\",\"publisher\":{\"@id\":\"https:\\\/\\\/pulso27.com\\\/en\\\/#organization\"},\"alternateName\":\"El pulso del pueblo\",\"potentialAction\":[{\"@type\":\"SearchAction\",\"target\":{\"@type\":\"EntryPoint\",\"urlTemplate\":\"https:\\\/\\\/pulso27.com\\\/en\\\/?s={search_term_string}\"},\"query-input\":{\"@type\":\"PropertyValueSpecification\",\"valueRequired\":true,\"valueName\":\"search_term_string\"}}],\"inLanguage\":\"en-US\"},{\"@type\":\"Organization\",\"@id\":\"https:\\\/\\\/pulso27.com\\\/en\\\/#organization\",\"name\":\"Pulso27\",\"url\":\"https:\\\/\\\/pulso27.com\\\/en\\\/\",\"logo\":{\"@type\":\"ImageObject\",\"inLanguage\":\"en-US\",\"@id\":\"https:\\\/\\\/pulso27.com\\\/en\\\/#\\\/schema\\\/logo\\\/image\\\/\",\"url\":\"https:\\\/\\\/pulso27.com\\\/wp-content\\\/uploads\\\/2026\\\/02\\\/Logotipo-de-la-organizacion-696-x-696-px-ok.png\",\"contentUrl\":\"https:\\\/\\\/pulso27.com\\\/wp-content\\\/uploads\\\/2026\\\/02\\\/Logotipo-de-la-organizacion-696-x-696-px-ok.png\",\"width\":696,\"height\":696,\"caption\":\"Pulso27\"},\"image\":{\"@id\":\"https:\\\/\\\/pulso27.com\\\/en\\\/#\\\/schema\\\/logo\\\/image\\\/\"},\"sameAs\":[\"https:\\\/\\\/www.facebook.com\\\/pulso27\\\/\",\"https:\\\/\\\/x.com\\\/Pulso_27\",\"https:\\\/\\\/www.youtube.com\\\/@Pulso27\",\"https:\\\/\\\/www.tiktok.com\\\/@pulso_27\"]},{\"@type\":\"Person\",\"@id\":\"https:\\\/\\\/pulso27.com\\\/en\\\/#\\\/schema\\\/person\\\/92f5059eb04cb644a32d22c9bc998684\",\"name\":\"Maga\",\"image\":{\"@type\":\"ImageObject\",\"inLanguage\":\"en-US\",\"@id\":\"https:\\\/\\\/secure.gravatar.com\\\/avatar\\\/c4d5224d4227e7c057cd5793ba910425cc902f3aef97cda3eccc7acba8be2edc?s=96&d=mm&r=g\",\"url\":\"https:\\\/\\\/secure.gravatar.com\\\/avatar\\\/c4d5224d4227e7c057cd5793ba910425cc902f3aef97cda3eccc7acba8be2edc?s=96&d=mm&r=g\",\"contentUrl\":\"https:\\\/\\\/secure.gravatar.com\\\/avatar\\\/c4d5224d4227e7c057cd5793ba910425cc902f3aef97cda3eccc7acba8be2edc?s=96&d=mm&r=g\",\"caption\":\"Maga\"},\"sameAs\":[\"http:\\\/\\\/www.pulso27.com\"],\"url\":\"https:\\\/\\\/pulso27.com\\\/en\\\/author\\\/maga\\\/\"}]}<\/script>\n<!-- \/ Yoast SEO plugin. -->","yoast_head_json":{"title":"Pescador peruano rescatado tras 95 d\u00edas en altamar: \"Pensar en mi madre me mantuvo vivo\" - Pulso27","robots":{"index":"index","follow":"follow","max-snippet":"max-snippet:-1","max-image-preview":"max-image-preview:large","max-video-preview":"max-video-preview:-1"},"canonical":"https:\/\/pulso27.com\/en\/actualidad\/sociedad\/pescador-peruano-rescatado-tras-95-dias-en-altamar-pensar-en-mi-madre-me-mantuvo-vivo\/","og_locale":"en_US","og_type":"article","og_title":"Pescador peruano rescatado tras 95 d\u00edas en altamar: \"Pensar en mi madre me mantuvo vivo\" - Pulso27","og_description":"M\u00e1ximo Napa Castro, el pescador peruano de 46 a\u00f1os que sobrevivi\u00f3 95 d\u00edas perdido en altamar, finalmente pis\u00f3 tierra firme en Paita, Piura, tras ser rescatado por un buque ecuatoriano. Su historia de resistencia ha conmovido al pa\u00eds, y su testimonio revela el poder de la esperanza en las condiciones m\u00e1s extremas. Napa Castro zarp\u00f3 [&hellip;]","og_url":"https:\/\/pulso27.com\/en\/actualidad\/sociedad\/pescador-peruano-rescatado-tras-95-dias-en-altamar-pensar-en-mi-madre-me-mantuvo-vivo\/","og_site_name":"Pulso27","article_publisher":"https:\/\/www.facebook.com\/pulso27\/","article_published_time":"2025-03-15T17:21:02+00:00","article_modified_time":"2025-03-15T17:21:07+00:00","og_image":[{"width":1200,"height":900,"url":"https:\/\/pulso27.com\/wp-content\/uploads\/2025\/03\/Pescador.png","type":"image\/png"}],"author":"Maga","twitter_card":"summary_large_image","twitter_creator":"@Pulso_27","twitter_site":"@Pulso_27","twitter_misc":{"Written by":"Maga","Est. reading time":"2 minutes"},"schema":{"@context":"https:\/\/schema.org","@graph":[{"@type":"Article","@id":"https:\/\/pulso27.com\/actualidad\/sociedad\/pescador-peruano-rescatado-tras-95-dias-en-altamar-pensar-en-mi-madre-me-mantuvo-vivo\/#article","isPartOf":{"@id":"https:\/\/pulso27.com\/actualidad\/sociedad\/pescador-peruano-rescatado-tras-95-dias-en-altamar-pensar-en-mi-madre-me-mantuvo-vivo\/"},"author":{"name":"Maga","@id":"https:\/\/pulso27.com\/en\/#\/schema\/person\/92f5059eb04cb644a32d22c9bc998684"},"headline":"Pescador peruano rescatado tras 95 d\u00edas en altamar: \u00abPensar en mi madre me mantuvo vivo\u00bb","datePublished":"2025-03-15T17:21:02+00:00","dateModified":"2025-03-15T17:21:07+00:00","mainEntityOfPage":{"@id":"https:\/\/pulso27.com\/actualidad\/sociedad\/pescador-peruano-rescatado-tras-95-dias-en-altamar-pensar-en-mi-madre-me-mantuvo-vivo\/"},"wordCount":325,"commentCount":0,"publisher":{"@id":"https:\/\/pulso27.com\/en\/#organization"},"image":{"@id":"https:\/\/pulso27.com\/actualidad\/sociedad\/pescador-peruano-rescatado-tras-95-dias-en-altamar-pensar-en-mi-madre-me-mantuvo-vivo\/#primaryimage"},"thumbnailUrl":"https:\/\/pulso27.com\/wp-content\/uploads\/2025\/03\/Pescador.png","keywords":["Altamar","Pescador","Rescate"],"articleSection":["Regional","Sociedad"],"inLanguage":"en-US","potentialAction":[{"@type":"CommentAction","name":"Comment","target":["https:\/\/pulso27.com\/actualidad\/sociedad\/pescador-peruano-rescatado-tras-95-dias-en-altamar-pensar-en-mi-madre-me-mantuvo-vivo\/#respond"]}]},{"@type":"WebPage","@id":"https:\/\/pulso27.com\/actualidad\/sociedad\/pescador-peruano-rescatado-tras-95-dias-en-altamar-pensar-en-mi-madre-me-mantuvo-vivo\/","url":"https:\/\/pulso27.com\/actualidad\/sociedad\/pescador-peruano-rescatado-tras-95-dias-en-altamar-pensar-en-mi-madre-me-mantuvo-vivo\/","name":"Pescador peruano rescatado tras 95 d\u00edas en altamar: \"Pensar en mi madre me mantuvo vivo\" - Pulso27","isPartOf":{"@id":"https:\/\/pulso27.com\/en\/#website"},"primaryImageOfPage":{"@id":"https:\/\/pulso27.com\/actualidad\/sociedad\/pescador-peruano-rescatado-tras-95-dias-en-altamar-pensar-en-mi-madre-me-mantuvo-vivo\/#primaryimage"},"image":{"@id":"https:\/\/pulso27.com\/actualidad\/sociedad\/pescador-peruano-rescatado-tras-95-dias-en-altamar-pensar-en-mi-madre-me-mantuvo-vivo\/#primaryimage"},"thumbnailUrl":"https:\/\/pulso27.com\/wp-content\/uploads\/2025\/03\/Pescador.png","datePublished":"2025-03-15T17:21:02+00:00","dateModified":"2025-03-15T17:21:07+00:00","breadcrumb":{"@id":"https:\/\/pulso27.com\/actualidad\/sociedad\/pescador-peruano-rescatado-tras-95-dias-en-altamar-pensar-en-mi-madre-me-mantuvo-vivo\/#breadcrumb"},"inLanguage":"en-US","potentialAction":[{"@type":"ReadAction","target":["https:\/\/pulso27.com\/actualidad\/sociedad\/pescador-peruano-rescatado-tras-95-dias-en-altamar-pensar-en-mi-madre-me-mantuvo-vivo\/"]}]},{"@type":"ImageObject","inLanguage":"en-US","@id":"https:\/\/pulso27.com\/actualidad\/sociedad\/pescador-peruano-rescatado-tras-95-dias-en-altamar-pensar-en-mi-madre-me-mantuvo-vivo\/#primaryimage","url":"https:\/\/pulso27.com\/wp-content\/uploads\/2025\/03\/Pescador.png","contentUrl":"https:\/\/pulso27.com\/wp-content\/uploads\/2025\/03\/Pescador.png","width":1200,"height":900},{"@type":"BreadcrumbList","@id":"https:\/\/pulso27.com\/actualidad\/sociedad\/pescador-peruano-rescatado-tras-95-dias-en-altamar-pensar-en-mi-madre-me-mantuvo-vivo\/#breadcrumb","itemListElement":[{"@type":"ListItem","position":1,"name":"Portada","item":"https:\/\/pulso27.com\/"},{"@type":"ListItem","position":2,"name":"Pescador peruano rescatado tras 95 d\u00edas en altamar: \u00abPensar en mi madre me mantuvo vivo\u00bb"}]},{"@type":"WebSite","@id":"https:\/\/pulso27.com\/en\/#website","url":"https:\/\/pulso27.com\/en\/","name":"Pulso27","description":"Web de noticias y publicidad","publisher":{"@id":"https:\/\/pulso27.com\/en\/#organization"},"alternateName":"El pulso del pueblo","potentialAction":[{"@type":"SearchAction","target":{"@type":"EntryPoint","urlTemplate":"https:\/\/pulso27.com\/en\/?s={search_term_string}"},"query-input":{"@type":"PropertyValueSpecification","valueRequired":true,"valueName":"search_term_string"}}],"inLanguage":"en-US"},{"@type":"Organization","@id":"https:\/\/pulso27.com\/en\/#organization","name":"Pulso27","url":"https:\/\/pulso27.com\/en\/","logo":{"@type":"ImageObject","inLanguage":"en-US","@id":"https:\/\/pulso27.com\/en\/#\/schema\/logo\/image\/","url":"https:\/\/pulso27.com\/wp-content\/uploads\/2026\/02\/Logotipo-de-la-organizacion-696-x-696-px-ok.png","contentUrl":"https:\/\/pulso27.com\/wp-content\/uploads\/2026\/02\/Logotipo-de-la-organizacion-696-x-696-px-ok.png","width":696,"height":696,"caption":"Pulso27"},"image":{"@id":"https:\/\/pulso27.com\/en\/#\/schema\/logo\/image\/"},"sameAs":["https:\/\/www.facebook.com\/pulso27\/","https:\/\/x.com\/Pulso_27","https:\/\/www.youtube.com\/@Pulso27","https:\/\/www.tiktok.com\/@pulso_27"]},{"@type":"Person","@id":"https:\/\/pulso27.com\/en\/#\/schema\/person\/92f5059eb04cb644a32d22c9bc998684","name":"Maga","image":{"@type":"ImageObject","inLanguage":"en-US","@id":"https:\/\/secure.gravatar.com\/avatar\/c4d5224d4227e7c057cd5793ba910425cc902f3aef97cda3eccc7acba8be2edc?s=96&d=mm&r=g","url":"https:\/\/secure.gravatar.com\/avatar\/c4d5224d4227e7c057cd5793ba910425cc902f3aef97cda3eccc7acba8be2edc?s=96&d=mm&r=g","contentUrl":"https:\/\/secure.gravatar.com\/avatar\/c4d5224d4227e7c057cd5793ba910425cc902f3aef97cda3eccc7acba8be2edc?s=96&d=mm&r=g","caption":"Maga"},"sameAs":["http:\/\/www.pulso27.com"],"url":"https:\/\/pulso27.com\/en\/author\/maga\/"}]}},"amp_enabled":true,"_links":{"self":[{"href":"https:\/\/pulso27.com\/en\/wp-json\/wp\/v2\/posts\/4816","targetHints":{"allow":["GET"]}}],"collection":[{"href":"https:\/\/pulso27.com\/en\/wp-json\/wp\/v2\/posts"}],"about":[{"href":"https:\/\/pulso27.com\/en\/wp-json\/wp\/v2\/types\/post"}],"author":[{"embeddable":true,"href":"https:\/\/pulso27.com\/en\/wp-json\/wp\/v2\/users\/8"}],"replies":[{"embeddable":true,"href":"https:\/\/pulso27.com\/en\/wp-json\/wp\/v2\/comments?post=4816"}],"version-history":[{"count":1,"href":"https:\/\/pulso27.com\/en\/wp-json\/wp\/v2\/posts\/4816\/revisions"}],"predecessor-version":[{"id":4818,"href":"https:\/\/pulso27.com\/en\/wp-json\/wp\/v2\/posts\/4816\/revisions\/4818"}],"wp:featuredmedia":[{"embeddable":true,"href":"https:\/\/pulso27.com\/en\/wp-json\/wp\/v2\/media\/4817"}],"wp:attachment":[{"href":"https:\/\/pulso27.com\/en\/wp-json\/wp\/v2\/media?parent=4816"}],"wp:term":[{"taxonomy":"category","embeddable":true,"href":"https:\/\/pulso27.com\/en\/wp-json\/wp\/v2\/categories?post=4816"},{"taxonomy":"post_tag","embeddable":true,"href":"https:\/\/pulso27.com\/en\/wp-json\/wp\/v2\/tags?post=4816"}],"curies":[{"name":"wp","href":"https:\/\/api.w.org\/{rel}","templated":true}]}}