{"id":4819,"date":"2025-03-15T22:58:17","date_gmt":"2025-03-15T17:58:17","guid":{"rendered":"https:\/\/pulso27.com\/?p=4819"},"modified":"2025-03-15T22:58:21","modified_gmt":"2025-03-15T17:58:21","slug":"inti-raymi-2025-la-eleccion-del-sapa-inca-y-el-renacer-del-tawantinsuyo-en-el-corazon-de-qosqo","status":"publish","type":"post","link":"https:\/\/pulso27.com\/en\/cultura\/inti-raymi-2025-la-eleccion-del-sapa-inca-y-el-renacer-del-tawantinsuyo-en-el-corazon-de-qosqo\/","title":{"rendered":"Inti Raymi 2025: La Elecci\u00f3n del Sapa Inca y el Renacer del Tawantinsuyo en el Coraz\u00f3n de Qosqo"},"content":{"rendered":"<p>En el ombligo del mundo, donde la piedra a\u00fan susurra las glorias del Tawantinsuyo, Qosqo se prepara para recibir al Inti Raymi 2025, la sagrada Fiesta del Sol que renueva el pacto entre el hombre y el dios Inti. Pero antes de que el solsticio de invierno ilumine la fortaleza de Saqsaywaman, un momento crucial captura la atenci\u00f3n de nuestra Hatun Llaqta: la elecci\u00f3n del Sapa Inca, el hijo del Sol que encarnar\u00e1 el esp\u00edritu de Pachakutiq, el transformador del mundo, y liderar\u00e1 esta ceremonia milenaria.<\/p>\n\n\n\n<p>La Empresa Municipal de Festejos del Cusco (EMUFEC) ha convocado a seis hombres de noble linaje espiritual \u2014Edison Vidal Valencia, David Anca, Casimiro Quispe, Armando Condori Araoz, Edwin Monz\u00f3n y Henry Aquino\u2014 quienes, tras un arduo proceso de selecci\u00f3n, aguardan el veredicto que los ungir\u00e1 como el Willaq Uma, el sumo sacerdote y soberano que hablar\u00e1 por el pueblo ante el Inti. No se trata solo de un papel teatral, sino de una responsabilidad sagrada: el elegido deber\u00e1 portar la masqapaycha, el emblema imperial, con la dignidad que exige el legado de nuestros abuelos, y su voz en quechua resonar\u00e1 en Saqsaywaman como un eco de los tiempos en que el Tawantinsuyo abarcaba los cuatro suyus.<\/p>\n\n\n\n<figure class=\"wp-block-image size-large\"><img loading=\"lazy\" decoding=\"async\" width=\"836\" height=\"1024\" src=\"https:\/\/pulso27.com\/wp-content\/uploads\/2025\/03\/image-49-836x1024.png\" alt=\"\" class=\"wp-image-4821\" srcset=\"https:\/\/pulso27.com\/wp-content\/uploads\/2025\/03\/image-49-836x1024.png 836w, https:\/\/pulso27.com\/wp-content\/uploads\/2025\/03\/image-49-245x300.png 245w, https:\/\/pulso27.com\/wp-content\/uploads\/2025\/03\/image-49-768x941.png 768w, https:\/\/pulso27.com\/wp-content\/uploads\/2025\/03\/image-49-1254x1536.png 1254w, https:\/\/pulso27.com\/wp-content\/uploads\/2025\/03\/image-49-10x12.png 10w, https:\/\/pulso27.com\/wp-content\/uploads\/2025\/03\/image-49.png 1672w\" sizes=\"auto, (max-width: 836px) 100vw, 836px\" \/><figcaption class=\"wp-element-caption\"><em>Buscando la mejor propuesta para representar al Inka en el Inti Raymi 2025<\/em><\/figcaption><\/figure>\n\n\n\n<p>En las calles empedradas de Qosqo, los runas conversan con reverencia mientras caminan hacia el Qorikancha, donde los muros de oro espiritual a\u00fan custodian la memoria del Inti. Los nombres de los finalistas se pronuncian con respeto, y las familias debaten qui\u00e9n ser\u00e1 el digno sucesor de los grandes incas para esta ceremonia que, m\u00e1s all\u00e1 de su esplendor, es un acto de comuni\u00f3n con la Pachamama y el Hanan Pacha. Cada candidato ha demostrado no solo su destreza esc\u00e9nica, sino su comprensi\u00f3n profunda de los usus y las costumbres que forjaron nuestra cosmovisi\u00f3n: el ayni, la minka y el respeto al ciclo eterno de la vida.<\/p>\n\n\n\n<p>Mientras el anuncio del Sapa Inca se acerca, los preparativos para el Inti Raymi alcanzan su apogeo. Los tejedores de Chinchero y Qolqepata hilan el oro y la plata de los trajes reales, los m\u00fasicos ensayan las melod\u00edas que evocan el latir de la tierra, y las sacerdotisas del Sol, las \u00f1ustas, se alistan para rendir tributo con danzas que imitan el movimiento de los astros. En los fogones, las mamakuna preparan ofrendas de ma\u00edz y coca, mientras el aroma del watya y el qapchi llena el aire, record\u00e1ndonos que esta fiesta no solo es espect\u00e1culo, sino tambi\u00e9n un retorno a nuestras ra\u00edces, un momento para agradecer y pedir por la fertilidad de la Pachamama.<\/p>\n\n\n\n<figure class=\"wp-block-image size-large\"><img loading=\"lazy\" decoding=\"async\" width=\"1024\" height=\"682\" src=\"https:\/\/pulso27.com\/wp-content\/uploads\/2025\/03\/image-50-1024x682.png\" alt=\"\" class=\"wp-image-4822\" srcset=\"https:\/\/pulso27.com\/wp-content\/uploads\/2025\/03\/image-50-1024x682.png 1024w, https:\/\/pulso27.com\/wp-content\/uploads\/2025\/03\/image-50-300x200.png 300w, https:\/\/pulso27.com\/wp-content\/uploads\/2025\/03\/image-50-768x512.png 768w, https:\/\/pulso27.com\/wp-content\/uploads\/2025\/03\/image-50-1536x1023.png 1536w, https:\/\/pulso27.com\/wp-content\/uploads\/2025\/03\/image-50-18x12.png 18w, https:\/\/pulso27.com\/wp-content\/uploads\/2025\/03\/image-50.png 1600w\" sizes=\"auto, (max-width: 1024px) 100vw, 1024px\" \/><figcaption class=\"wp-element-caption\"><em>Alcalde del Cusco, Luis Beltr\u00e1n Pantoja Calvo, y el Directorio de la Empresa Municipal de Festejos del Cusco &#8211; EMUFEC, tienen la dif\u00edcil e importante tarea<\/em><\/figcaption><\/figure>\n\n\n\n<p>El Inti Raymi 2025, en su 81 aniversario desde su reinstauraci\u00f3n en 1944, promete ser un puente entre el pasado y el futuro, un recordatorio de que el Tawantinsuyo no es solo historia, sino un esp\u00edritu vivo que late en cada runa que pisa esta tierra sagrada. Cuando el nombre del nuevo Inca sea revelado, el pueblo lo recibir\u00e1 con qamya y wankas, alzando sus voces para que el Inti lo bendiga en su misi\u00f3n de guiarnos hacia un nuevo ciclo de luz.<\/p>\n\n\n\n<p>Qosqo invita al mundo a ser testigo de esta celebraci\u00f3n, pero tambi\u00e9n a comprender su esencia: no solo venimos a mirar, sino a sentir el peso de nuestra herencia. Que el Inti nos ilumine, que el Sapa Inca elegido sea digno de su linaje, y que el Tawantinsuyo renazca en cada coraz\u00f3n que se una a esta fiesta sagrada. \u00a1Kaypi Qosqo, kaypi Tawantinsuyo!<\/p>","protected":false},"excerpt":{"rendered":"<p>En el ombligo del mundo, donde la piedra a\u00fan susurra las glorias del Tawantinsuyo, Qosqo se prepara para recibir al Inti Raymi 2025, la sagrada Fiesta del Sol que renueva el pacto entre el hombre y el dios Inti. Pero antes de que el solsticio de invierno ilumine la fortaleza de Saqsaywaman, un momento crucial [&hellip;]<\/p>\n","protected":false},"author":7,"featured_media":4820,"comment_status":"open","ping_status":"open","sticky":false,"template":"","format":"standard","meta":{"footnotes":""},"categories":[815,393,810,202],"tags":[642,573,1909,2236],"class_list":["post-4819","post","type-post","status-publish","format-standard","has-post-thumbnail","hentry","category-costumbre-y-tradiciones","category-cultura","category-regional","category-sociedad","tag-cultura","tag-cusco","tag-imperioinka","tag-intiraymi2025"],"yoast_head":"<!-- This site is optimized with the Yoast SEO plugin v27.4 - https:\/\/yoast.com\/product\/yoast-seo-wordpress\/ -->\n<title>Inti Raymi 2025: La Elecci\u00f3n del Sapa Inca y el Renacer del Tawantinsuyo en el Coraz\u00f3n de Qosqo - Pulso27<\/title>\n<meta name=\"robots\" content=\"index, follow, max-snippet:-1, max-image-preview:large, max-video-preview:-1\" \/>\n<link rel=\"canonical\" href=\"https:\/\/pulso27.com\/en\/cultura\/inti-raymi-2025-la-eleccion-del-sapa-inca-y-el-renacer-del-tawantinsuyo-en-el-corazon-de-qosqo\/\" \/>\n<meta property=\"og:locale\" content=\"en_US\" \/>\n<meta property=\"og:type\" content=\"article\" \/>\n<meta property=\"og:title\" content=\"Inti Raymi 2025: La Elecci\u00f3n del Sapa Inca y el Renacer del Tawantinsuyo en el Coraz\u00f3n de Qosqo - Pulso27\" \/>\n<meta property=\"og:description\" content=\"En el ombligo del mundo, donde la piedra a\u00fan susurra las glorias del Tawantinsuyo, Qosqo se prepara para recibir al Inti Raymi 2025, la sagrada Fiesta del Sol que renueva el pacto entre el hombre y el dios Inti. Pero antes de que el solsticio de invierno ilumine la fortaleza de Saqsaywaman, un momento crucial [&hellip;]\" \/>\n<meta property=\"og:url\" content=\"https:\/\/pulso27.com\/en\/cultura\/inti-raymi-2025-la-eleccion-del-sapa-inca-y-el-renacer-del-tawantinsuyo-en-el-corazon-de-qosqo\/\" \/>\n<meta property=\"og:site_name\" content=\"Pulso27\" \/>\n<meta property=\"article:publisher\" content=\"https:\/\/www.facebook.com\/pulso27\/\" \/>\n<meta property=\"article:published_time\" content=\"2025-03-15T17:58:17+00:00\" \/>\n<meta property=\"article:modified_time\" content=\"2025-03-15T17:58:21+00:00\" \/>\n<meta property=\"og:image\" content=\"https:\/\/pulso27.com\/wp-content\/uploads\/2025\/03\/IntiRaymi.png\" \/>\n\t<meta property=\"og:image:width\" content=\"1200\" \/>\n\t<meta property=\"og:image:height\" content=\"900\" \/>\n\t<meta property=\"og:image:type\" content=\"image\/png\" \/>\n<meta name=\"author\" content=\"Tupaq\" \/>\n<meta name=\"twitter:card\" content=\"summary_large_image\" \/>\n<meta name=\"twitter:creator\" content=\"@Pulso_27\" \/>\n<meta name=\"twitter:site\" content=\"@Pulso_27\" \/>\n<meta name=\"twitter:label1\" content=\"Written by\" \/>\n\t<meta name=\"twitter:data1\" content=\"Tupaq\" \/>\n\t<meta name=\"twitter:label2\" content=\"Est. reading time\" \/>\n\t<meta name=\"twitter:data2\" content=\"4 minutes\" \/>\n<script type=\"application\/ld+json\" class=\"yoast-schema-graph\">{\"@context\":\"https:\\\/\\\/schema.org\",\"@graph\":[{\"@type\":\"Article\",\"@id\":\"https:\\\/\\\/pulso27.com\\\/cultura\\\/inti-raymi-2025-la-eleccion-del-sapa-inca-y-el-renacer-del-tawantinsuyo-en-el-corazon-de-qosqo\\\/#article\",\"isPartOf\":{\"@id\":\"https:\\\/\\\/pulso27.com\\\/cultura\\\/inti-raymi-2025-la-eleccion-del-sapa-inca-y-el-renacer-del-tawantinsuyo-en-el-corazon-de-qosqo\\\/\"},\"author\":{\"name\":\"Tupaq\",\"@id\":\"https:\\\/\\\/pulso27.com\\\/en\\\/#\\\/schema\\\/person\\\/d20fd7f5bc7f2e53fd150d43fca07a78\"},\"headline\":\"Inti Raymi 2025: La Elecci\u00f3n del Sapa Inca y el Renacer del Tawantinsuyo en el Coraz\u00f3n de Qosqo\",\"datePublished\":\"2025-03-15T17:58:17+00:00\",\"dateModified\":\"2025-03-15T17:58:21+00:00\",\"mainEntityOfPage\":{\"@id\":\"https:\\\/\\\/pulso27.com\\\/cultura\\\/inti-raymi-2025-la-eleccion-del-sapa-inca-y-el-renacer-del-tawantinsuyo-en-el-corazon-de-qosqo\\\/\"},\"wordCount\":651,\"commentCount\":0,\"publisher\":{\"@id\":\"https:\\\/\\\/pulso27.com\\\/en\\\/#organization\"},\"image\":{\"@id\":\"https:\\\/\\\/pulso27.com\\\/cultura\\\/inti-raymi-2025-la-eleccion-del-sapa-inca-y-el-renacer-del-tawantinsuyo-en-el-corazon-de-qosqo\\\/#primaryimage\"},\"thumbnailUrl\":\"https:\\\/\\\/pulso27.com\\\/wp-content\\\/uploads\\\/2025\\\/03\\\/IntiRaymi.png\",\"keywords\":[\"Cultura\",\"Cusco\",\"ImperioInka\",\"IntiRaymi2025\"],\"articleSection\":[\"Costumbre y tradiciones\",\"Cultura\",\"Regional\",\"Sociedad\"],\"inLanguage\":\"en-US\",\"potentialAction\":[{\"@type\":\"CommentAction\",\"name\":\"Comment\",\"target\":[\"https:\\\/\\\/pulso27.com\\\/cultura\\\/inti-raymi-2025-la-eleccion-del-sapa-inca-y-el-renacer-del-tawantinsuyo-en-el-corazon-de-qosqo\\\/#respond\"]}]},{\"@type\":\"WebPage\",\"@id\":\"https:\\\/\\\/pulso27.com\\\/cultura\\\/inti-raymi-2025-la-eleccion-del-sapa-inca-y-el-renacer-del-tawantinsuyo-en-el-corazon-de-qosqo\\\/\",\"url\":\"https:\\\/\\\/pulso27.com\\\/cultura\\\/inti-raymi-2025-la-eleccion-del-sapa-inca-y-el-renacer-del-tawantinsuyo-en-el-corazon-de-qosqo\\\/\",\"name\":\"Inti Raymi 2025: La Elecci\u00f3n del Sapa Inca y el Renacer del Tawantinsuyo en el Coraz\u00f3n de Qosqo - Pulso27\",\"isPartOf\":{\"@id\":\"https:\\\/\\\/pulso27.com\\\/en\\\/#website\"},\"primaryImageOfPage\":{\"@id\":\"https:\\\/\\\/pulso27.com\\\/cultura\\\/inti-raymi-2025-la-eleccion-del-sapa-inca-y-el-renacer-del-tawantinsuyo-en-el-corazon-de-qosqo\\\/#primaryimage\"},\"image\":{\"@id\":\"https:\\\/\\\/pulso27.com\\\/cultura\\\/inti-raymi-2025-la-eleccion-del-sapa-inca-y-el-renacer-del-tawantinsuyo-en-el-corazon-de-qosqo\\\/#primaryimage\"},\"thumbnailUrl\":\"https:\\\/\\\/pulso27.com\\\/wp-content\\\/uploads\\\/2025\\\/03\\\/IntiRaymi.png\",\"datePublished\":\"2025-03-15T17:58:17+00:00\",\"dateModified\":\"2025-03-15T17:58:21+00:00\",\"breadcrumb\":{\"@id\":\"https:\\\/\\\/pulso27.com\\\/cultura\\\/inti-raymi-2025-la-eleccion-del-sapa-inca-y-el-renacer-del-tawantinsuyo-en-el-corazon-de-qosqo\\\/#breadcrumb\"},\"inLanguage\":\"en-US\",\"potentialAction\":[{\"@type\":\"ReadAction\",\"target\":[\"https:\\\/\\\/pulso27.com\\\/cultura\\\/inti-raymi-2025-la-eleccion-del-sapa-inca-y-el-renacer-del-tawantinsuyo-en-el-corazon-de-qosqo\\\/\"]}]},{\"@type\":\"ImageObject\",\"inLanguage\":\"en-US\",\"@id\":\"https:\\\/\\\/pulso27.com\\\/cultura\\\/inti-raymi-2025-la-eleccion-del-sapa-inca-y-el-renacer-del-tawantinsuyo-en-el-corazon-de-qosqo\\\/#primaryimage\",\"url\":\"https:\\\/\\\/pulso27.com\\\/wp-content\\\/uploads\\\/2025\\\/03\\\/IntiRaymi.png\",\"contentUrl\":\"https:\\\/\\\/pulso27.com\\\/wp-content\\\/uploads\\\/2025\\\/03\\\/IntiRaymi.png\",\"width\":1200,\"height\":900},{\"@type\":\"BreadcrumbList\",\"@id\":\"https:\\\/\\\/pulso27.com\\\/cultura\\\/inti-raymi-2025-la-eleccion-del-sapa-inca-y-el-renacer-del-tawantinsuyo-en-el-corazon-de-qosqo\\\/#breadcrumb\",\"itemListElement\":[{\"@type\":\"ListItem\",\"position\":1,\"name\":\"Portada\",\"item\":\"https:\\\/\\\/pulso27.com\\\/\"},{\"@type\":\"ListItem\",\"position\":2,\"name\":\"Inti Raymi 2025: La Elecci\u00f3n del Sapa Inca y el Renacer del Tawantinsuyo en el Coraz\u00f3n de Qosqo\"}]},{\"@type\":\"WebSite\",\"@id\":\"https:\\\/\\\/pulso27.com\\\/en\\\/#website\",\"url\":\"https:\\\/\\\/pulso27.com\\\/en\\\/\",\"name\":\"Pulso27\",\"description\":\"Web de noticias y publicidad\",\"publisher\":{\"@id\":\"https:\\\/\\\/pulso27.com\\\/en\\\/#organization\"},\"alternateName\":\"El pulso del pueblo\",\"potentialAction\":[{\"@type\":\"SearchAction\",\"target\":{\"@type\":\"EntryPoint\",\"urlTemplate\":\"https:\\\/\\\/pulso27.com\\\/en\\\/?s={search_term_string}\"},\"query-input\":{\"@type\":\"PropertyValueSpecification\",\"valueRequired\":true,\"valueName\":\"search_term_string\"}}],\"inLanguage\":\"en-US\"},{\"@type\":\"Organization\",\"@id\":\"https:\\\/\\\/pulso27.com\\\/en\\\/#organization\",\"name\":\"Pulso27\",\"url\":\"https:\\\/\\\/pulso27.com\\\/en\\\/\",\"logo\":{\"@type\":\"ImageObject\",\"inLanguage\":\"en-US\",\"@id\":\"https:\\\/\\\/pulso27.com\\\/en\\\/#\\\/schema\\\/logo\\\/image\\\/\",\"url\":\"https:\\\/\\\/pulso27.com\\\/wp-content\\\/uploads\\\/2026\\\/02\\\/Logotipo-de-la-organizacion-696-x-696-px-ok.png\",\"contentUrl\":\"https:\\\/\\\/pulso27.com\\\/wp-content\\\/uploads\\\/2026\\\/02\\\/Logotipo-de-la-organizacion-696-x-696-px-ok.png\",\"width\":696,\"height\":696,\"caption\":\"Pulso27\"},\"image\":{\"@id\":\"https:\\\/\\\/pulso27.com\\\/en\\\/#\\\/schema\\\/logo\\\/image\\\/\"},\"sameAs\":[\"https:\\\/\\\/www.facebook.com\\\/pulso27\\\/\",\"https:\\\/\\\/x.com\\\/Pulso_27\",\"https:\\\/\\\/www.youtube.com\\\/@Pulso27\",\"https:\\\/\\\/www.tiktok.com\\\/@pulso_27\"]},{\"@type\":\"Person\",\"@id\":\"https:\\\/\\\/pulso27.com\\\/en\\\/#\\\/schema\\\/person\\\/d20fd7f5bc7f2e53fd150d43fca07a78\",\"name\":\"Tupaq\",\"image\":{\"@type\":\"ImageObject\",\"inLanguage\":\"en-US\",\"@id\":\"https:\\\/\\\/secure.gravatar.com\\\/avatar\\\/7929e9b034aeea560319a601e4f04c59eb5f45a79eafe192adabb67e9604e7e7?s=96&d=mm&r=g\",\"url\":\"https:\\\/\\\/secure.gravatar.com\\\/avatar\\\/7929e9b034aeea560319a601e4f04c59eb5f45a79eafe192adabb67e9604e7e7?s=96&d=mm&r=g\",\"contentUrl\":\"https:\\\/\\\/secure.gravatar.com\\\/avatar\\\/7929e9b034aeea560319a601e4f04c59eb5f45a79eafe192adabb67e9604e7e7?s=96&d=mm&r=g\",\"caption\":\"Tupaq\"},\"url\":\"https:\\\/\\\/pulso27.com\\\/en\\\/author\\\/tupaq\\\/\"}]}<\/script>\n<!-- \/ Yoast SEO plugin. -->","yoast_head_json":{"title":"Inti Raymi 2025: La Elecci\u00f3n del Sapa Inca y el Renacer del Tawantinsuyo en el Coraz\u00f3n de Qosqo - Pulso27","robots":{"index":"index","follow":"follow","max-snippet":"max-snippet:-1","max-image-preview":"max-image-preview:large","max-video-preview":"max-video-preview:-1"},"canonical":"https:\/\/pulso27.com\/en\/cultura\/inti-raymi-2025-la-eleccion-del-sapa-inca-y-el-renacer-del-tawantinsuyo-en-el-corazon-de-qosqo\/","og_locale":"en_US","og_type":"article","og_title":"Inti Raymi 2025: La Elecci\u00f3n del Sapa Inca y el Renacer del Tawantinsuyo en el Coraz\u00f3n de Qosqo - Pulso27","og_description":"En el ombligo del mundo, donde la piedra a\u00fan susurra las glorias del Tawantinsuyo, Qosqo se prepara para recibir al Inti Raymi 2025, la sagrada Fiesta del Sol que renueva el pacto entre el hombre y el dios Inti. Pero antes de que el solsticio de invierno ilumine la fortaleza de Saqsaywaman, un momento crucial [&hellip;]","og_url":"https:\/\/pulso27.com\/en\/cultura\/inti-raymi-2025-la-eleccion-del-sapa-inca-y-el-renacer-del-tawantinsuyo-en-el-corazon-de-qosqo\/","og_site_name":"Pulso27","article_publisher":"https:\/\/www.facebook.com\/pulso27\/","article_published_time":"2025-03-15T17:58:17+00:00","article_modified_time":"2025-03-15T17:58:21+00:00","og_image":[{"width":1200,"height":900,"url":"https:\/\/pulso27.com\/wp-content\/uploads\/2025\/03\/IntiRaymi.png","type":"image\/png"}],"author":"Tupaq","twitter_card":"summary_large_image","twitter_creator":"@Pulso_27","twitter_site":"@Pulso_27","twitter_misc":{"Written by":"Tupaq","Est. reading time":"4 minutes"},"schema":{"@context":"https:\/\/schema.org","@graph":[{"@type":"Article","@id":"https:\/\/pulso27.com\/cultura\/inti-raymi-2025-la-eleccion-del-sapa-inca-y-el-renacer-del-tawantinsuyo-en-el-corazon-de-qosqo\/#article","isPartOf":{"@id":"https:\/\/pulso27.com\/cultura\/inti-raymi-2025-la-eleccion-del-sapa-inca-y-el-renacer-del-tawantinsuyo-en-el-corazon-de-qosqo\/"},"author":{"name":"Tupaq","@id":"https:\/\/pulso27.com\/en\/#\/schema\/person\/d20fd7f5bc7f2e53fd150d43fca07a78"},"headline":"Inti Raymi 2025: La Elecci\u00f3n del Sapa Inca y el Renacer del Tawantinsuyo en el Coraz\u00f3n de Qosqo","datePublished":"2025-03-15T17:58:17+00:00","dateModified":"2025-03-15T17:58:21+00:00","mainEntityOfPage":{"@id":"https:\/\/pulso27.com\/cultura\/inti-raymi-2025-la-eleccion-del-sapa-inca-y-el-renacer-del-tawantinsuyo-en-el-corazon-de-qosqo\/"},"wordCount":651,"commentCount":0,"publisher":{"@id":"https:\/\/pulso27.com\/en\/#organization"},"image":{"@id":"https:\/\/pulso27.com\/cultura\/inti-raymi-2025-la-eleccion-del-sapa-inca-y-el-renacer-del-tawantinsuyo-en-el-corazon-de-qosqo\/#primaryimage"},"thumbnailUrl":"https:\/\/pulso27.com\/wp-content\/uploads\/2025\/03\/IntiRaymi.png","keywords":["Cultura","Cusco","ImperioInka","IntiRaymi2025"],"articleSection":["Costumbre y tradiciones","Cultura","Regional","Sociedad"],"inLanguage":"en-US","potentialAction":[{"@type":"CommentAction","name":"Comment","target":["https:\/\/pulso27.com\/cultura\/inti-raymi-2025-la-eleccion-del-sapa-inca-y-el-renacer-del-tawantinsuyo-en-el-corazon-de-qosqo\/#respond"]}]},{"@type":"WebPage","@id":"https:\/\/pulso27.com\/cultura\/inti-raymi-2025-la-eleccion-del-sapa-inca-y-el-renacer-del-tawantinsuyo-en-el-corazon-de-qosqo\/","url":"https:\/\/pulso27.com\/cultura\/inti-raymi-2025-la-eleccion-del-sapa-inca-y-el-renacer-del-tawantinsuyo-en-el-corazon-de-qosqo\/","name":"Inti Raymi 2025: La Elecci\u00f3n del Sapa Inca y el Renacer del Tawantinsuyo en el Coraz\u00f3n de Qosqo - Pulso27","isPartOf":{"@id":"https:\/\/pulso27.com\/en\/#website"},"primaryImageOfPage":{"@id":"https:\/\/pulso27.com\/cultura\/inti-raymi-2025-la-eleccion-del-sapa-inca-y-el-renacer-del-tawantinsuyo-en-el-corazon-de-qosqo\/#primaryimage"},"image":{"@id":"https:\/\/pulso27.com\/cultura\/inti-raymi-2025-la-eleccion-del-sapa-inca-y-el-renacer-del-tawantinsuyo-en-el-corazon-de-qosqo\/#primaryimage"},"thumbnailUrl":"https:\/\/pulso27.com\/wp-content\/uploads\/2025\/03\/IntiRaymi.png","datePublished":"2025-03-15T17:58:17+00:00","dateModified":"2025-03-15T17:58:21+00:00","breadcrumb":{"@id":"https:\/\/pulso27.com\/cultura\/inti-raymi-2025-la-eleccion-del-sapa-inca-y-el-renacer-del-tawantinsuyo-en-el-corazon-de-qosqo\/#breadcrumb"},"inLanguage":"en-US","potentialAction":[{"@type":"ReadAction","target":["https:\/\/pulso27.com\/cultura\/inti-raymi-2025-la-eleccion-del-sapa-inca-y-el-renacer-del-tawantinsuyo-en-el-corazon-de-qosqo\/"]}]},{"@type":"ImageObject","inLanguage":"en-US","@id":"https:\/\/pulso27.com\/cultura\/inti-raymi-2025-la-eleccion-del-sapa-inca-y-el-renacer-del-tawantinsuyo-en-el-corazon-de-qosqo\/#primaryimage","url":"https:\/\/pulso27.com\/wp-content\/uploads\/2025\/03\/IntiRaymi.png","contentUrl":"https:\/\/pulso27.com\/wp-content\/uploads\/2025\/03\/IntiRaymi.png","width":1200,"height":900},{"@type":"BreadcrumbList","@id":"https:\/\/pulso27.com\/cultura\/inti-raymi-2025-la-eleccion-del-sapa-inca-y-el-renacer-del-tawantinsuyo-en-el-corazon-de-qosqo\/#breadcrumb","itemListElement":[{"@type":"ListItem","position":1,"name":"Portada","item":"https:\/\/pulso27.com\/"},{"@type":"ListItem","position":2,"name":"Inti Raymi 2025: La Elecci\u00f3n del Sapa Inca y el Renacer del Tawantinsuyo en el Coraz\u00f3n de Qosqo"}]},{"@type":"WebSite","@id":"https:\/\/pulso27.com\/en\/#website","url":"https:\/\/pulso27.com\/en\/","name":"Pulso27","description":"Web de noticias y publicidad","publisher":{"@id":"https:\/\/pulso27.com\/en\/#organization"},"alternateName":"El pulso del pueblo","potentialAction":[{"@type":"SearchAction","target":{"@type":"EntryPoint","urlTemplate":"https:\/\/pulso27.com\/en\/?s={search_term_string}"},"query-input":{"@type":"PropertyValueSpecification","valueRequired":true,"valueName":"search_term_string"}}],"inLanguage":"en-US"},{"@type":"Organization","@id":"https:\/\/pulso27.com\/en\/#organization","name":"Pulso27","url":"https:\/\/pulso27.com\/en\/","logo":{"@type":"ImageObject","inLanguage":"en-US","@id":"https:\/\/pulso27.com\/en\/#\/schema\/logo\/image\/","url":"https:\/\/pulso27.com\/wp-content\/uploads\/2026\/02\/Logotipo-de-la-organizacion-696-x-696-px-ok.png","contentUrl":"https:\/\/pulso27.com\/wp-content\/uploads\/2026\/02\/Logotipo-de-la-organizacion-696-x-696-px-ok.png","width":696,"height":696,"caption":"Pulso27"},"image":{"@id":"https:\/\/pulso27.com\/en\/#\/schema\/logo\/image\/"},"sameAs":["https:\/\/www.facebook.com\/pulso27\/","https:\/\/x.com\/Pulso_27","https:\/\/www.youtube.com\/@Pulso27","https:\/\/www.tiktok.com\/@pulso_27"]},{"@type":"Person","@id":"https:\/\/pulso27.com\/en\/#\/schema\/person\/d20fd7f5bc7f2e53fd150d43fca07a78","name":"Tupaq","image":{"@type":"ImageObject","inLanguage":"en-US","@id":"https:\/\/secure.gravatar.com\/avatar\/7929e9b034aeea560319a601e4f04c59eb5f45a79eafe192adabb67e9604e7e7?s=96&d=mm&r=g","url":"https:\/\/secure.gravatar.com\/avatar\/7929e9b034aeea560319a601e4f04c59eb5f45a79eafe192adabb67e9604e7e7?s=96&d=mm&r=g","contentUrl":"https:\/\/secure.gravatar.com\/avatar\/7929e9b034aeea560319a601e4f04c59eb5f45a79eafe192adabb67e9604e7e7?s=96&d=mm&r=g","caption":"Tupaq"},"url":"https:\/\/pulso27.com\/en\/author\/tupaq\/"}]}},"amp_enabled":true,"_links":{"self":[{"href":"https:\/\/pulso27.com\/en\/wp-json\/wp\/v2\/posts\/4819","targetHints":{"allow":["GET"]}}],"collection":[{"href":"https:\/\/pulso27.com\/en\/wp-json\/wp\/v2\/posts"}],"about":[{"href":"https:\/\/pulso27.com\/en\/wp-json\/wp\/v2\/types\/post"}],"author":[{"embeddable":true,"href":"https:\/\/pulso27.com\/en\/wp-json\/wp\/v2\/users\/7"}],"replies":[{"embeddable":true,"href":"https:\/\/pulso27.com\/en\/wp-json\/wp\/v2\/comments?post=4819"}],"version-history":[{"count":1,"href":"https:\/\/pulso27.com\/en\/wp-json\/wp\/v2\/posts\/4819\/revisions"}],"predecessor-version":[{"id":4823,"href":"https:\/\/pulso27.com\/en\/wp-json\/wp\/v2\/posts\/4819\/revisions\/4823"}],"wp:featuredmedia":[{"embeddable":true,"href":"https:\/\/pulso27.com\/en\/wp-json\/wp\/v2\/media\/4820"}],"wp:attachment":[{"href":"https:\/\/pulso27.com\/en\/wp-json\/wp\/v2\/media?parent=4819"}],"wp:term":[{"taxonomy":"category","embeddable":true,"href":"https:\/\/pulso27.com\/en\/wp-json\/wp\/v2\/categories?post=4819"},{"taxonomy":"post_tag","embeddable":true,"href":"https:\/\/pulso27.com\/en\/wp-json\/wp\/v2\/tags?post=4819"}],"curies":[{"name":"wp","href":"https:\/\/api.w.org\/{rel}","templated":true}]}}