{"id":4895,"date":"2025-03-22T09:36:15","date_gmt":"2025-03-22T04:36:15","guid":{"rendered":"https:\/\/pulso27.com\/?p=4895"},"modified":"2025-03-22T09:36:18","modified_gmt":"2025-03-22T04:36:18","slug":"masiva-movilizacion-sacude-lima-y-el-pais-en-rechazo-a-dina-boluarte-el-congreso-y-la-inseguridad","status":"publish","type":"post","link":"https:\/\/pulso27.com\/en\/actualidad\/sociedad\/masiva-movilizacion-sacude-lima-y-el-pais-en-rechazo-a-dina-boluarte-el-congreso-y-la-inseguridad\/","title":{"rendered":"Masiva movilizaci\u00f3n sacude Lima y el pa\u00eds en rechazo a Dina Boluarte, el Congreso y la inseguridad"},"content":{"rendered":"<p>Miles de peruanos salieron a las calles de Lima y otras ciudades clave del pa\u00eds en una de las protestas m\u00e1s concurridas del gobierno de Dina Boluarte, evidenciando un profundo malestar hacia su gesti\u00f3n, el Congreso y la inseguridad que asfixia a la naci\u00f3n. Bautizada como la \u00abMarcha Nacional contra la Violencia\u00bb, esta movilizaci\u00f3n uni\u00f3 a una amplia coalici\u00f3n de organizaciones sociales, pol\u00edticas y gremiales, convirti\u00e9ndose en un punto de inflexi\u00f3n que podr\u00eda anunciar nuevas manifestaciones de similar o mayor envergadura, especialmente tras la reciente censura del ministro del Interior por el Parlamento.<\/p>\n\n\n\n<p>En Lima, el coraz\u00f3n de la protesta fue la Plaza San Mart\u00edn, donde desde las 5:00 p.m. se congregaron grupos como la Coordinadora Nacional Unitaria de Lucha (CNUL), que agrupa sindicatos, asociaciones campesinas y frentes regionales. Partidos de izquierda como Juntos por el Per\u00fa, liderado por Roberto S\u00e1nchez, se sumaron con demandas contundentes: la renuncia de Boluarte y el cierre del Congreso, al que acusaron de ser \u00abc\u00f3mplice de la crisis\u00bb. Tambi\u00e9n participaron gremios como la Uni\u00f3n de Trabajadores del Transporte, que denunciaron extorsiones diarias de bandas criminales, y estudiantes de la UNMSM y la UNI, quienes alzaron pancartas con lemas como \u00abNo m\u00e1s sangre, Dina renuncia\u00bb.<\/p>\n\n\n\n<figure class=\"wp-block-image size-full\"><img loading=\"lazy\" decoding=\"async\" width=\"992\" height=\"614\" src=\"https:\/\/pulso27.com\/wp-content\/uploads\/2025\/03\/image-65.png\" alt=\"\" class=\"wp-image-4896\" srcset=\"https:\/\/pulso27.com\/wp-content\/uploads\/2025\/03\/image-65.png 992w, https:\/\/pulso27.com\/wp-content\/uploads\/2025\/03\/image-65-300x186.png 300w, https:\/\/pulso27.com\/wp-content\/uploads\/2025\/03\/image-65-768x475.png 768w, https:\/\/pulso27.com\/wp-content\/uploads\/2025\/03\/image-65-18x12.png 18w\" sizes=\"auto, (max-width: 992px) 100vw, 992px\" \/><figcaption class=\"wp-element-caption\"><em>Multitudinaria marcha contra la inseguridad y las autoridades nacionales<\/em><\/figcaption><\/figure>\n\n\n\n<p>El clamor se extendi\u00f3 con la presencia de organizaciones feministas, como Ni Una Menos, y asociaciones de familiares de v\u00edctimas de la represi\u00f3n de 2022-2023, llegados desde Puno y Ayacucho, quienes exigieron justicia frente a la impunidad y la violencia estatal. En Arequipa, Cusco y Trujillo, las filiales de la CGTP encabezaron marchas simult\u00e1neas, mostrando que el descontento rebasa la capital. Incluso artistas como Coraz\u00f3n Serrano y Daniela Darcourt se unieron, visibilizando el impacto de la inseguridad en el \u00e1mbito cultural.<\/p>\n\n\n\n<p>Tras meses de calma relativa, esta marcha, que moviliz\u00f3 a decenas de miles, deriv\u00f3 en choques con la Polic\u00eda Nacional en avenidas como Abancay, dejando heridos y un clima de tensi\u00f3n. Analistas se\u00f1alan que su escala, in\u00e9dita desde las protestas postelectorales de 2022, podr\u00eda ser el preludio de una escalada mayor. Las consignas contra Boluarte, cuya desaprobaci\u00f3n supera el 80%, y un Congreso desprestigiado por su inacci\u00f3n resuenan como un grito por cambios estructurales en un pa\u00eds agotado de promesas incumplidas.<\/p>","protected":false},"excerpt":{"rendered":"<p>Miles de peruanos salieron a las calles de Lima y otras ciudades clave del pa\u00eds en una de las protestas m\u00e1s concurridas del gobierno de Dina Boluarte, evidenciando un profundo malestar hacia su gesti\u00f3n, el Congreso y la inseguridad que asfixia a la naci\u00f3n. Bautizada como la \u00abMarcha Nacional contra la Violencia\u00bb, esta movilizaci\u00f3n uni\u00f3 [&hellip;]<\/p>\n","protected":false},"author":5,"featured_media":4897,"comment_status":"open","ping_status":"open","sticky":false,"template":"","format":"standard","meta":{"footnotes":""},"categories":[174,202],"tags":[839,1849,1573,2245,2246],"class_list":["post-4895","post","type-post","status-publish","format-standard","has-post-thumbnail","hentry","category-nacional","category-sociedad","tag-congresoperu","tag-dinaboluarte","tag-inseguridad","tag-marcha","tag-movilizacion"],"yoast_head":"<!-- This site is optimized with the Yoast SEO plugin v27.4 - https:\/\/yoast.com\/product\/yoast-seo-wordpress\/ -->\n<title>Masiva movilizaci\u00f3n sacude Lima y el pa\u00eds en rechazo a Dina Boluarte, el Congreso y la inseguridad - Pulso27<\/title>\n<meta name=\"robots\" content=\"index, follow, max-snippet:-1, max-image-preview:large, max-video-preview:-1\" \/>\n<link rel=\"canonical\" href=\"https:\/\/pulso27.com\/en\/actualidad\/sociedad\/masiva-movilizacion-sacude-lima-y-el-pais-en-rechazo-a-dina-boluarte-el-congreso-y-la-inseguridad\/\" \/>\n<meta property=\"og:locale\" content=\"en_US\" \/>\n<meta property=\"og:type\" content=\"article\" \/>\n<meta property=\"og:title\" content=\"Masiva movilizaci\u00f3n sacude Lima y el pa\u00eds en rechazo a Dina Boluarte, el Congreso y la inseguridad - Pulso27\" \/>\n<meta property=\"og:description\" content=\"Miles de peruanos salieron a las calles de Lima y otras ciudades clave del pa\u00eds en una de las protestas m\u00e1s concurridas del gobierno de Dina Boluarte, evidenciando un profundo malestar hacia su gesti\u00f3n, el Congreso y la inseguridad que asfixia a la naci\u00f3n. Bautizada como la \u00abMarcha Nacional contra la Violencia\u00bb, esta movilizaci\u00f3n uni\u00f3 [&hellip;]\" \/>\n<meta property=\"og:url\" content=\"https:\/\/pulso27.com\/en\/actualidad\/sociedad\/masiva-movilizacion-sacude-lima-y-el-pais-en-rechazo-a-dina-boluarte-el-congreso-y-la-inseguridad\/\" \/>\n<meta property=\"og:site_name\" content=\"Pulso27\" \/>\n<meta property=\"article:publisher\" content=\"https:\/\/www.facebook.com\/pulso27\/\" \/>\n<meta property=\"article:published_time\" content=\"2025-03-22T04:36:15+00:00\" \/>\n<meta property=\"article:modified_time\" content=\"2025-03-22T04:36:18+00:00\" \/>\n<meta property=\"og:image\" content=\"https:\/\/pulso27.com\/wp-content\/uploads\/2025\/03\/Marcha21.png\" \/>\n\t<meta property=\"og:image:width\" content=\"1200\" \/>\n\t<meta property=\"og:image:height\" content=\"900\" \/>\n\t<meta property=\"og:image:type\" content=\"image\/png\" \/>\n<meta name=\"author\" content=\"admin\" \/>\n<meta name=\"twitter:card\" content=\"summary_large_image\" \/>\n<meta name=\"twitter:creator\" content=\"@Pulso_27\" \/>\n<meta name=\"twitter:site\" content=\"@Pulso_27\" \/>\n<meta name=\"twitter:label1\" content=\"Written by\" \/>\n\t<meta name=\"twitter:data1\" content=\"admin\" \/>\n\t<meta name=\"twitter:label2\" content=\"Est. reading time\" \/>\n\t<meta name=\"twitter:data2\" content=\"3 minutes\" \/>\n<script type=\"application\/ld+json\" class=\"yoast-schema-graph\">{\"@context\":\"https:\\\/\\\/schema.org\",\"@graph\":[{\"@type\":\"Article\",\"@id\":\"https:\\\/\\\/pulso27.com\\\/actualidad\\\/sociedad\\\/masiva-movilizacion-sacude-lima-y-el-pais-en-rechazo-a-dina-boluarte-el-congreso-y-la-inseguridad\\\/#article\",\"isPartOf\":{\"@id\":\"https:\\\/\\\/pulso27.com\\\/actualidad\\\/sociedad\\\/masiva-movilizacion-sacude-lima-y-el-pais-en-rechazo-a-dina-boluarte-el-congreso-y-la-inseguridad\\\/\"},\"author\":{\"name\":\"admin\",\"@id\":\"https:\\\/\\\/pulso27.com\\\/en\\\/#\\\/schema\\\/person\\\/df15ecbcbba89b8627097bc602dc9e15\"},\"headline\":\"Masiva movilizaci\u00f3n sacude Lima y el pa\u00eds en rechazo a Dina Boluarte, el Congreso y la inseguridad\",\"datePublished\":\"2025-03-22T04:36:15+00:00\",\"dateModified\":\"2025-03-22T04:36:18+00:00\",\"mainEntityOfPage\":{\"@id\":\"https:\\\/\\\/pulso27.com\\\/actualidad\\\/sociedad\\\/masiva-movilizacion-sacude-lima-y-el-pais-en-rechazo-a-dina-boluarte-el-congreso-y-la-inseguridad\\\/\"},\"wordCount\":417,\"commentCount\":0,\"publisher\":{\"@id\":\"https:\\\/\\\/pulso27.com\\\/en\\\/#organization\"},\"image\":{\"@id\":\"https:\\\/\\\/pulso27.com\\\/actualidad\\\/sociedad\\\/masiva-movilizacion-sacude-lima-y-el-pais-en-rechazo-a-dina-boluarte-el-congreso-y-la-inseguridad\\\/#primaryimage\"},\"thumbnailUrl\":\"https:\\\/\\\/pulso27.com\\\/wp-content\\\/uploads\\\/2025\\\/03\\\/Marcha21.png\",\"keywords\":[\"CongresoPer\u00fa\",\"DinaBoluarte\",\"Inseguridad\",\"MArcha\",\"Movilizaci\u00f3n\"],\"articleSection\":[\"Nacional\",\"Sociedad\"],\"inLanguage\":\"en-US\",\"potentialAction\":[{\"@type\":\"CommentAction\",\"name\":\"Comment\",\"target\":[\"https:\\\/\\\/pulso27.com\\\/actualidad\\\/sociedad\\\/masiva-movilizacion-sacude-lima-y-el-pais-en-rechazo-a-dina-boluarte-el-congreso-y-la-inseguridad\\\/#respond\"]}]},{\"@type\":\"WebPage\",\"@id\":\"https:\\\/\\\/pulso27.com\\\/actualidad\\\/sociedad\\\/masiva-movilizacion-sacude-lima-y-el-pais-en-rechazo-a-dina-boluarte-el-congreso-y-la-inseguridad\\\/\",\"url\":\"https:\\\/\\\/pulso27.com\\\/actualidad\\\/sociedad\\\/masiva-movilizacion-sacude-lima-y-el-pais-en-rechazo-a-dina-boluarte-el-congreso-y-la-inseguridad\\\/\",\"name\":\"Masiva movilizaci\u00f3n sacude Lima y el pa\u00eds en rechazo a Dina Boluarte, el Congreso y la inseguridad - Pulso27\",\"isPartOf\":{\"@id\":\"https:\\\/\\\/pulso27.com\\\/en\\\/#website\"},\"primaryImageOfPage\":{\"@id\":\"https:\\\/\\\/pulso27.com\\\/actualidad\\\/sociedad\\\/masiva-movilizacion-sacude-lima-y-el-pais-en-rechazo-a-dina-boluarte-el-congreso-y-la-inseguridad\\\/#primaryimage\"},\"image\":{\"@id\":\"https:\\\/\\\/pulso27.com\\\/actualidad\\\/sociedad\\\/masiva-movilizacion-sacude-lima-y-el-pais-en-rechazo-a-dina-boluarte-el-congreso-y-la-inseguridad\\\/#primaryimage\"},\"thumbnailUrl\":\"https:\\\/\\\/pulso27.com\\\/wp-content\\\/uploads\\\/2025\\\/03\\\/Marcha21.png\",\"datePublished\":\"2025-03-22T04:36:15+00:00\",\"dateModified\":\"2025-03-22T04:36:18+00:00\",\"breadcrumb\":{\"@id\":\"https:\\\/\\\/pulso27.com\\\/actualidad\\\/sociedad\\\/masiva-movilizacion-sacude-lima-y-el-pais-en-rechazo-a-dina-boluarte-el-congreso-y-la-inseguridad\\\/#breadcrumb\"},\"inLanguage\":\"en-US\",\"potentialAction\":[{\"@type\":\"ReadAction\",\"target\":[\"https:\\\/\\\/pulso27.com\\\/actualidad\\\/sociedad\\\/masiva-movilizacion-sacude-lima-y-el-pais-en-rechazo-a-dina-boluarte-el-congreso-y-la-inseguridad\\\/\"]}]},{\"@type\":\"ImageObject\",\"inLanguage\":\"en-US\",\"@id\":\"https:\\\/\\\/pulso27.com\\\/actualidad\\\/sociedad\\\/masiva-movilizacion-sacude-lima-y-el-pais-en-rechazo-a-dina-boluarte-el-congreso-y-la-inseguridad\\\/#primaryimage\",\"url\":\"https:\\\/\\\/pulso27.com\\\/wp-content\\\/uploads\\\/2025\\\/03\\\/Marcha21.png\",\"contentUrl\":\"https:\\\/\\\/pulso27.com\\\/wp-content\\\/uploads\\\/2025\\\/03\\\/Marcha21.png\",\"width\":1200,\"height\":900},{\"@type\":\"BreadcrumbList\",\"@id\":\"https:\\\/\\\/pulso27.com\\\/actualidad\\\/sociedad\\\/masiva-movilizacion-sacude-lima-y-el-pais-en-rechazo-a-dina-boluarte-el-congreso-y-la-inseguridad\\\/#breadcrumb\",\"itemListElement\":[{\"@type\":\"ListItem\",\"position\":1,\"name\":\"Portada\",\"item\":\"https:\\\/\\\/pulso27.com\\\/\"},{\"@type\":\"ListItem\",\"position\":2,\"name\":\"Masiva movilizaci\u00f3n sacude Lima y el pa\u00eds en rechazo a Dina Boluarte, el Congreso y la inseguridad\"}]},{\"@type\":\"WebSite\",\"@id\":\"https:\\\/\\\/pulso27.com\\\/en\\\/#website\",\"url\":\"https:\\\/\\\/pulso27.com\\\/en\\\/\",\"name\":\"Pulso27\",\"description\":\"Web de noticias y publicidad\",\"publisher\":{\"@id\":\"https:\\\/\\\/pulso27.com\\\/en\\\/#organization\"},\"alternateName\":\"El pulso del pueblo\",\"potentialAction\":[{\"@type\":\"SearchAction\",\"target\":{\"@type\":\"EntryPoint\",\"urlTemplate\":\"https:\\\/\\\/pulso27.com\\\/en\\\/?s={search_term_string}\"},\"query-input\":{\"@type\":\"PropertyValueSpecification\",\"valueRequired\":true,\"valueName\":\"search_term_string\"}}],\"inLanguage\":\"en-US\"},{\"@type\":\"Organization\",\"@id\":\"https:\\\/\\\/pulso27.com\\\/en\\\/#organization\",\"name\":\"Pulso27\",\"url\":\"https:\\\/\\\/pulso27.com\\\/en\\\/\",\"logo\":{\"@type\":\"ImageObject\",\"inLanguage\":\"en-US\",\"@id\":\"https:\\\/\\\/pulso27.com\\\/en\\\/#\\\/schema\\\/logo\\\/image\\\/\",\"url\":\"https:\\\/\\\/pulso27.com\\\/wp-content\\\/uploads\\\/2026\\\/02\\\/Logotipo-de-la-organizacion-696-x-696-px-ok.png\",\"contentUrl\":\"https:\\\/\\\/pulso27.com\\\/wp-content\\\/uploads\\\/2026\\\/02\\\/Logotipo-de-la-organizacion-696-x-696-px-ok.png\",\"width\":696,\"height\":696,\"caption\":\"Pulso27\"},\"image\":{\"@id\":\"https:\\\/\\\/pulso27.com\\\/en\\\/#\\\/schema\\\/logo\\\/image\\\/\"},\"sameAs\":[\"https:\\\/\\\/www.facebook.com\\\/pulso27\\\/\",\"https:\\\/\\\/x.com\\\/Pulso_27\",\"https:\\\/\\\/www.youtube.com\\\/@Pulso27\",\"https:\\\/\\\/www.tiktok.com\\\/@pulso_27\"]},{\"@type\":\"Person\",\"@id\":\"https:\\\/\\\/pulso27.com\\\/en\\\/#\\\/schema\\\/person\\\/df15ecbcbba89b8627097bc602dc9e15\",\"name\":\"admin\",\"image\":{\"@type\":\"ImageObject\",\"inLanguage\":\"en-US\",\"@id\":\"https:\\\/\\\/secure.gravatar.com\\\/avatar\\\/828f4a09ba8ce37cfca622f580fec4411ddb2550515ba4e452fa5d850713b8d1?s=96&d=mm&r=g\",\"url\":\"https:\\\/\\\/secure.gravatar.com\\\/avatar\\\/828f4a09ba8ce37cfca622f580fec4411ddb2550515ba4e452fa5d850713b8d1?s=96&d=mm&r=g\",\"contentUrl\":\"https:\\\/\\\/secure.gravatar.com\\\/avatar\\\/828f4a09ba8ce37cfca622f580fec4411ddb2550515ba4e452fa5d850713b8d1?s=96&d=mm&r=g\",\"caption\":\"admin\"},\"sameAs\":[\"http:\\\/\\\/www.pulso27.com\"],\"url\":\"https:\\\/\\\/pulso27.com\\\/en\\\/author\\\/admin-2\\\/\"}]}<\/script>\n<!-- \/ Yoast SEO plugin. -->","yoast_head_json":{"title":"Masiva movilizaci\u00f3n sacude Lima y el pa\u00eds en rechazo a Dina Boluarte, el Congreso y la inseguridad - Pulso27","robots":{"index":"index","follow":"follow","max-snippet":"max-snippet:-1","max-image-preview":"max-image-preview:large","max-video-preview":"max-video-preview:-1"},"canonical":"https:\/\/pulso27.com\/en\/actualidad\/sociedad\/masiva-movilizacion-sacude-lima-y-el-pais-en-rechazo-a-dina-boluarte-el-congreso-y-la-inseguridad\/","og_locale":"en_US","og_type":"article","og_title":"Masiva movilizaci\u00f3n sacude Lima y el pa\u00eds en rechazo a Dina Boluarte, el Congreso y la inseguridad - Pulso27","og_description":"Miles de peruanos salieron a las calles de Lima y otras ciudades clave del pa\u00eds en una de las protestas m\u00e1s concurridas del gobierno de Dina Boluarte, evidenciando un profundo malestar hacia su gesti\u00f3n, el Congreso y la inseguridad que asfixia a la naci\u00f3n. Bautizada como la \u00abMarcha Nacional contra la Violencia\u00bb, esta movilizaci\u00f3n uni\u00f3 [&hellip;]","og_url":"https:\/\/pulso27.com\/en\/actualidad\/sociedad\/masiva-movilizacion-sacude-lima-y-el-pais-en-rechazo-a-dina-boluarte-el-congreso-y-la-inseguridad\/","og_site_name":"Pulso27","article_publisher":"https:\/\/www.facebook.com\/pulso27\/","article_published_time":"2025-03-22T04:36:15+00:00","article_modified_time":"2025-03-22T04:36:18+00:00","og_image":[{"width":1200,"height":900,"url":"https:\/\/pulso27.com\/wp-content\/uploads\/2025\/03\/Marcha21.png","type":"image\/png"}],"author":"admin","twitter_card":"summary_large_image","twitter_creator":"@Pulso_27","twitter_site":"@Pulso_27","twitter_misc":{"Written by":"admin","Est. reading time":"3 minutes"},"schema":{"@context":"https:\/\/schema.org","@graph":[{"@type":"Article","@id":"https:\/\/pulso27.com\/actualidad\/sociedad\/masiva-movilizacion-sacude-lima-y-el-pais-en-rechazo-a-dina-boluarte-el-congreso-y-la-inseguridad\/#article","isPartOf":{"@id":"https:\/\/pulso27.com\/actualidad\/sociedad\/masiva-movilizacion-sacude-lima-y-el-pais-en-rechazo-a-dina-boluarte-el-congreso-y-la-inseguridad\/"},"author":{"name":"admin","@id":"https:\/\/pulso27.com\/en\/#\/schema\/person\/df15ecbcbba89b8627097bc602dc9e15"},"headline":"Masiva movilizaci\u00f3n sacude Lima y el pa\u00eds en rechazo a Dina Boluarte, el Congreso y la inseguridad","datePublished":"2025-03-22T04:36:15+00:00","dateModified":"2025-03-22T04:36:18+00:00","mainEntityOfPage":{"@id":"https:\/\/pulso27.com\/actualidad\/sociedad\/masiva-movilizacion-sacude-lima-y-el-pais-en-rechazo-a-dina-boluarte-el-congreso-y-la-inseguridad\/"},"wordCount":417,"commentCount":0,"publisher":{"@id":"https:\/\/pulso27.com\/en\/#organization"},"image":{"@id":"https:\/\/pulso27.com\/actualidad\/sociedad\/masiva-movilizacion-sacude-lima-y-el-pais-en-rechazo-a-dina-boluarte-el-congreso-y-la-inseguridad\/#primaryimage"},"thumbnailUrl":"https:\/\/pulso27.com\/wp-content\/uploads\/2025\/03\/Marcha21.png","keywords":["CongresoPer\u00fa","DinaBoluarte","Inseguridad","MArcha","Movilizaci\u00f3n"],"articleSection":["Nacional","Sociedad"],"inLanguage":"en-US","potentialAction":[{"@type":"CommentAction","name":"Comment","target":["https:\/\/pulso27.com\/actualidad\/sociedad\/masiva-movilizacion-sacude-lima-y-el-pais-en-rechazo-a-dina-boluarte-el-congreso-y-la-inseguridad\/#respond"]}]},{"@type":"WebPage","@id":"https:\/\/pulso27.com\/actualidad\/sociedad\/masiva-movilizacion-sacude-lima-y-el-pais-en-rechazo-a-dina-boluarte-el-congreso-y-la-inseguridad\/","url":"https:\/\/pulso27.com\/actualidad\/sociedad\/masiva-movilizacion-sacude-lima-y-el-pais-en-rechazo-a-dina-boluarte-el-congreso-y-la-inseguridad\/","name":"Masiva movilizaci\u00f3n sacude Lima y el pa\u00eds en rechazo a Dina Boluarte, el Congreso y la inseguridad - Pulso27","isPartOf":{"@id":"https:\/\/pulso27.com\/en\/#website"},"primaryImageOfPage":{"@id":"https:\/\/pulso27.com\/actualidad\/sociedad\/masiva-movilizacion-sacude-lima-y-el-pais-en-rechazo-a-dina-boluarte-el-congreso-y-la-inseguridad\/#primaryimage"},"image":{"@id":"https:\/\/pulso27.com\/actualidad\/sociedad\/masiva-movilizacion-sacude-lima-y-el-pais-en-rechazo-a-dina-boluarte-el-congreso-y-la-inseguridad\/#primaryimage"},"thumbnailUrl":"https:\/\/pulso27.com\/wp-content\/uploads\/2025\/03\/Marcha21.png","datePublished":"2025-03-22T04:36:15+00:00","dateModified":"2025-03-22T04:36:18+00:00","breadcrumb":{"@id":"https:\/\/pulso27.com\/actualidad\/sociedad\/masiva-movilizacion-sacude-lima-y-el-pais-en-rechazo-a-dina-boluarte-el-congreso-y-la-inseguridad\/#breadcrumb"},"inLanguage":"en-US","potentialAction":[{"@type":"ReadAction","target":["https:\/\/pulso27.com\/actualidad\/sociedad\/masiva-movilizacion-sacude-lima-y-el-pais-en-rechazo-a-dina-boluarte-el-congreso-y-la-inseguridad\/"]}]},{"@type":"ImageObject","inLanguage":"en-US","@id":"https:\/\/pulso27.com\/actualidad\/sociedad\/masiva-movilizacion-sacude-lima-y-el-pais-en-rechazo-a-dina-boluarte-el-congreso-y-la-inseguridad\/#primaryimage","url":"https:\/\/pulso27.com\/wp-content\/uploads\/2025\/03\/Marcha21.png","contentUrl":"https:\/\/pulso27.com\/wp-content\/uploads\/2025\/03\/Marcha21.png","width":1200,"height":900},{"@type":"BreadcrumbList","@id":"https:\/\/pulso27.com\/actualidad\/sociedad\/masiva-movilizacion-sacude-lima-y-el-pais-en-rechazo-a-dina-boluarte-el-congreso-y-la-inseguridad\/#breadcrumb","itemListElement":[{"@type":"ListItem","position":1,"name":"Portada","item":"https:\/\/pulso27.com\/"},{"@type":"ListItem","position":2,"name":"Masiva movilizaci\u00f3n sacude Lima y el pa\u00eds en rechazo a Dina Boluarte, el Congreso y la inseguridad"}]},{"@type":"WebSite","@id":"https:\/\/pulso27.com\/en\/#website","url":"https:\/\/pulso27.com\/en\/","name":"Pulso27","description":"Web de noticias y publicidad","publisher":{"@id":"https:\/\/pulso27.com\/en\/#organization"},"alternateName":"El pulso del pueblo","potentialAction":[{"@type":"SearchAction","target":{"@type":"EntryPoint","urlTemplate":"https:\/\/pulso27.com\/en\/?s={search_term_string}"},"query-input":{"@type":"PropertyValueSpecification","valueRequired":true,"valueName":"search_term_string"}}],"inLanguage":"en-US"},{"@type":"Organization","@id":"https:\/\/pulso27.com\/en\/#organization","name":"Pulso27","url":"https:\/\/pulso27.com\/en\/","logo":{"@type":"ImageObject","inLanguage":"en-US","@id":"https:\/\/pulso27.com\/en\/#\/schema\/logo\/image\/","url":"https:\/\/pulso27.com\/wp-content\/uploads\/2026\/02\/Logotipo-de-la-organizacion-696-x-696-px-ok.png","contentUrl":"https:\/\/pulso27.com\/wp-content\/uploads\/2026\/02\/Logotipo-de-la-organizacion-696-x-696-px-ok.png","width":696,"height":696,"caption":"Pulso27"},"image":{"@id":"https:\/\/pulso27.com\/en\/#\/schema\/logo\/image\/"},"sameAs":["https:\/\/www.facebook.com\/pulso27\/","https:\/\/x.com\/Pulso_27","https:\/\/www.youtube.com\/@Pulso27","https:\/\/www.tiktok.com\/@pulso_27"]},{"@type":"Person","@id":"https:\/\/pulso27.com\/en\/#\/schema\/person\/df15ecbcbba89b8627097bc602dc9e15","name":"admin","image":{"@type":"ImageObject","inLanguage":"en-US","@id":"https:\/\/secure.gravatar.com\/avatar\/828f4a09ba8ce37cfca622f580fec4411ddb2550515ba4e452fa5d850713b8d1?s=96&d=mm&r=g","url":"https:\/\/secure.gravatar.com\/avatar\/828f4a09ba8ce37cfca622f580fec4411ddb2550515ba4e452fa5d850713b8d1?s=96&d=mm&r=g","contentUrl":"https:\/\/secure.gravatar.com\/avatar\/828f4a09ba8ce37cfca622f580fec4411ddb2550515ba4e452fa5d850713b8d1?s=96&d=mm&r=g","caption":"admin"},"sameAs":["http:\/\/www.pulso27.com"],"url":"https:\/\/pulso27.com\/en\/author\/admin-2\/"}]}},"amp_enabled":true,"_links":{"self":[{"href":"https:\/\/pulso27.com\/en\/wp-json\/wp\/v2\/posts\/4895","targetHints":{"allow":["GET"]}}],"collection":[{"href":"https:\/\/pulso27.com\/en\/wp-json\/wp\/v2\/posts"}],"about":[{"href":"https:\/\/pulso27.com\/en\/wp-json\/wp\/v2\/types\/post"}],"author":[{"embeddable":true,"href":"https:\/\/pulso27.com\/en\/wp-json\/wp\/v2\/users\/5"}],"replies":[{"embeddable":true,"href":"https:\/\/pulso27.com\/en\/wp-json\/wp\/v2\/comments?post=4895"}],"version-history":[{"count":1,"href":"https:\/\/pulso27.com\/en\/wp-json\/wp\/v2\/posts\/4895\/revisions"}],"predecessor-version":[{"id":4898,"href":"https:\/\/pulso27.com\/en\/wp-json\/wp\/v2\/posts\/4895\/revisions\/4898"}],"wp:featuredmedia":[{"embeddable":true,"href":"https:\/\/pulso27.com\/en\/wp-json\/wp\/v2\/media\/4897"}],"wp:attachment":[{"href":"https:\/\/pulso27.com\/en\/wp-json\/wp\/v2\/media?parent=4895"}],"wp:term":[{"taxonomy":"category","embeddable":true,"href":"https:\/\/pulso27.com\/en\/wp-json\/wp\/v2\/categories?post=4895"},{"taxonomy":"post_tag","embeddable":true,"href":"https:\/\/pulso27.com\/en\/wp-json\/wp\/v2\/tags?post=4895"}],"curies":[{"name":"wp","href":"https:\/\/api.w.org\/{rel}","templated":true}]}}