{"id":4914,"date":"2025-03-26T01:07:03","date_gmt":"2025-03-25T20:07:03","guid":{"rendered":"https:\/\/pulso27.com\/?p=4914"},"modified":"2025-03-26T01:07:21","modified_gmt":"2025-03-25T20:07:21","slug":"dina-boluarte-convoca-elecciones-generales-para-el-12-de-abril-de-2026-en-un-esfuerzo-por-fortalecer-la-democracia","status":"publish","type":"post","link":"https:\/\/pulso27.com\/en\/actualidad\/politica\/dina-boluarte-convoca-elecciones-generales-para-el-12-de-abril-de-2026-en-un-esfuerzo-por-fortalecer-la-democracia\/","title":{"rendered":"Dina Boluarte convoca elecciones generales para el 12 de abril de 2026 en un esfuerzo por fortalecer la democracia"},"content":{"rendered":"<p>En un mensaje sorpresivo a la Naci\u00f3n, la presidenta del Per\u00fa, Dina Boluarte, anunci\u00f3 este martes la convocatoria a elecciones generales para el 12 de abril de 2026, un d\u00eda antes del plazo l\u00edmite establecido para el 12 de abril de 2025. La mandataria estuvo acompa\u00f1ada por las principales autoridades electorales del pa\u00eds: Piero Corvetto, jefe de la Oficina Nacional de Procesos Electorales (ONPE); Roberto Burneo, presidente del Jurado Nacional de Elecciones (JNE); y Carmen Velarde, jefa del Registro Nacional de Identificaci\u00f3n y Estado Civil (Reniec).&nbsp;<\/p>\n\n\n\n<p>El anuncio se produce apenas un d\u00eda despu\u00e9s de la designaci\u00f3n de Julio D\u00edaz Zulueta como nuevo ministro del Interior, y en un contexto pol\u00edtico marcado por los juicios orales en curso contra los expresidentes Pedro Castillo \u2014por el fallido golpe de Estado\u2014 y Ollanta Humala \u2014por aportes ilegales al Partido Nacionalista\u2014.&nbsp;<\/p>\n\n\n\n<p>Boluarte abri\u00f3 su discurso recordando los eventos que la llevaron al poder tras el intento de golpe de Estado de Castillo en diciembre de 2022. \u00abTom\u00e9 el mandato de la Rep\u00fablica luego de que el Per\u00fa sufriera un golpe de Estado. Hoy, cumpliendo con el mandato constitucional y legal, y demostrando nuestro firme compromiso con la democracia, convoco a elecciones generales para el 12 de abril de 2026\u00bb, afirm\u00f3 la presidenta.&nbsp;<\/p>\n\n\n\n<figure class=\"wp-block-image size-large\"><img loading=\"lazy\" decoding=\"async\" width=\"1024\" height=\"1024\" src=\"https:\/\/pulso27.com\/wp-content\/uploads\/2025\/03\/image-69-1024x1024.png\" alt=\"\" class=\"wp-image-4916\" srcset=\"https:\/\/pulso27.com\/wp-content\/uploads\/2025\/03\/image-69-1024x1024.png 1024w, https:\/\/pulso27.com\/wp-content\/uploads\/2025\/03\/image-69-300x300.png 300w, https:\/\/pulso27.com\/wp-content\/uploads\/2025\/03\/image-69-150x150.png 150w, https:\/\/pulso27.com\/wp-content\/uploads\/2025\/03\/image-69-768x768.png 768w, https:\/\/pulso27.com\/wp-content\/uploads\/2025\/03\/image-69-1536x1536.png 1536w, https:\/\/pulso27.com\/wp-content\/uploads\/2025\/03\/image-69-12x12.png 12w, https:\/\/pulso27.com\/wp-content\/uploads\/2025\/03\/image-69-80x80.png 80w, https:\/\/pulso27.com\/wp-content\/uploads\/2025\/03\/image-69.png 2048w\" sizes=\"auto, (max-width: 1024px) 100vw, 1024px\" \/><figcaption class=\"wp-element-caption\">Jurado Nacional de Elecciones p<em>ublica hitos del cronograma electoral 2026<\/em><\/figcaption><\/figure>\n\n\n\n<p><strong>\u00bfQu\u00e9 se elegir\u00e1 en 2026?<\/strong><\/p>\n\n\n\n<p>La jefa de Estado detall\u00f3 que en estos comicios, los peruanos elegir\u00e1n al pr\u00f3ximo presidente de la Rep\u00fablica, as\u00ed como a los diputados y senadores que conformar\u00e1n el futuro Congreso bicameral \u2014una reforma aprobada previamente\u2014 y a los representantes ante el Parlamento Andino. \u00abEl 12 de abril de 2026, los peruanos tendremos una cita con la historia y elegiremos a las nuevas autoridades en unas elecciones democr\u00e1ticas, limpias, transparentes y ordenadas\u00bb, subray\u00f3 Boluarte, comprometi\u00e9ndose a garantizar la \u00ababsoluta neutralidad e imparcialidad\u00bb del proceso electoral.&nbsp;<\/p>\n\n\n\n<p><strong>41 partidos en carrera<\/strong><\/p>\n\n\n\n<p>El Jurado Nacional de Elecciones (JNE) confirm\u00f3 que, seg\u00fan el Registro de Organizaciones Pol\u00edticas (ROP), 41 partidos pol\u00edticos est\u00e1n inscritos y listos para participar en las elecciones generales de 2026. Estas organizaciones competir\u00e1n por la presidencia y por asegurar la mayor cantidad de esca\u00f1os en el Congreso bicameral. La lista definitiva de los partidos participantes a\u00fan podr\u00eda ajustarse conforme se acerque la fecha de los comicios, pero el n\u00famero refleja la diversidad pol\u00edtica que caracterizar\u00e1 esta contienda.&nbsp;<\/p>\n\n\n\n<p><strong>Contexto pol\u00edtico<\/strong><\/p>\n\n\n\n<p>La convocatoria llega en un momento de alta tensi\u00f3n pol\u00edtica. En vivo desde la c\u00e1rcel de Barbadillo, el juicio oral contra Pedro Castillo contin\u00faa hoy, mientras que Ollanta Humala enfrenta la fase final de su proceso judicial por presuntos aportes ilegales. A esto se suma la reciente designaci\u00f3n de Julio D\u00edaz Zulueta como ministro del Interior, un exmilitante del partido de C\u00e9sar Acu\u00f1a, lo que ha generado cr\u00edticas y debates sobre las decisiones del Ejecutivo.&nbsp;<\/p>\n\n\n\n<p>Con esta convocatoria, Boluarte busca cerrar un cap\u00edtulo de incertidumbre pol\u00edtica y reafirmar el orden constitucional, aunque la fecha elegida \u2014un a\u00f1o despu\u00e9s del l\u00edmite inicialmente previsto\u2014 podr\u00eda avivar cuestionamientos entre la oposici\u00f3n y la ciudadan\u00eda. Por ahora, el Per\u00fa se prepara para un proceso electoral que definir\u00e1 el rumbo del pa\u00eds en los pr\u00f3ximos a\u00f1os.&nbsp;<\/p>","protected":false},"excerpt":{"rendered":"<p>En un mensaje sorpresivo a la Naci\u00f3n, la presidenta del Per\u00fa, Dina Boluarte, anunci\u00f3 este martes la convocatoria a elecciones generales para el 12 de abril de 2026, un d\u00eda antes del plazo l\u00edmite establecido para el 12 de abril de 2025. La mandataria estuvo acompa\u00f1ada por las principales autoridades electorales del pa\u00eds: Piero Corvetto, [&hellip;]<\/p>\n","protected":false},"author":13,"featured_media":4915,"comment_status":"open","ping_status":"open","sticky":false,"template":"","format":"standard","meta":{"footnotes":""},"categories":[174,180],"tags":[2247,601,2185],"class_list":["post-4914","post","type-post","status-publish","format-standard","has-post-thumbnail","hentry","category-nacional","category-politica","tag-eleciones2026","tag-jne","tag-onpe"],"yoast_head":"<!-- This site is optimized with the Yoast SEO plugin v27.4 - https:\/\/yoast.com\/product\/yoast-seo-wordpress\/ -->\n<title>Dina Boluarte convoca elecciones generales para el 12 de abril de 2026 en un esfuerzo por fortalecer la democracia - Pulso27<\/title>\n<meta name=\"robots\" content=\"index, follow, max-snippet:-1, max-image-preview:large, max-video-preview:-1\" \/>\n<link rel=\"canonical\" href=\"https:\/\/pulso27.com\/en\/actualidad\/politica\/dina-boluarte-convoca-elecciones-generales-para-el-12-de-abril-de-2026-en-un-esfuerzo-por-fortalecer-la-democracia\/\" \/>\n<meta property=\"og:locale\" content=\"en_US\" \/>\n<meta property=\"og:type\" content=\"article\" \/>\n<meta property=\"og:title\" content=\"Dina Boluarte convoca elecciones generales para el 12 de abril de 2026 en un esfuerzo por fortalecer la democracia - Pulso27\" \/>\n<meta property=\"og:description\" content=\"En un mensaje sorpresivo a la Naci\u00f3n, la presidenta del Per\u00fa, Dina Boluarte, anunci\u00f3 este martes la convocatoria a elecciones generales para el 12 de abril de 2026, un d\u00eda antes del plazo l\u00edmite establecido para el 12 de abril de 2025. La mandataria estuvo acompa\u00f1ada por las principales autoridades electorales del pa\u00eds: Piero Corvetto, [&hellip;]\" \/>\n<meta property=\"og:url\" content=\"https:\/\/pulso27.com\/en\/actualidad\/politica\/dina-boluarte-convoca-elecciones-generales-para-el-12-de-abril-de-2026-en-un-esfuerzo-por-fortalecer-la-democracia\/\" \/>\n<meta property=\"og:site_name\" content=\"Pulso27\" \/>\n<meta property=\"article:publisher\" content=\"https:\/\/www.facebook.com\/pulso27\/\" \/>\n<meta property=\"article:published_time\" content=\"2025-03-25T20:07:03+00:00\" \/>\n<meta property=\"article:modified_time\" content=\"2025-03-25T20:07:21+00:00\" \/>\n<meta property=\"og:image\" content=\"https:\/\/pulso27.com\/wp-content\/uploads\/2025\/03\/Elec2026.png\" \/>\n\t<meta property=\"og:image:width\" content=\"1200\" \/>\n\t<meta property=\"og:image:height\" content=\"900\" \/>\n\t<meta property=\"og:image:type\" content=\"image\/png\" \/>\n<meta name=\"author\" content=\"Redactor\" \/>\n<meta name=\"twitter:card\" content=\"summary_large_image\" \/>\n<meta name=\"twitter:creator\" content=\"@Pulso_27\" \/>\n<meta name=\"twitter:site\" content=\"@Pulso_27\" \/>\n<meta name=\"twitter:label1\" content=\"Written by\" \/>\n\t<meta name=\"twitter:data1\" content=\"Redactor\" \/>\n\t<meta name=\"twitter:label2\" content=\"Est. reading time\" \/>\n\t<meta name=\"twitter:data2\" content=\"3 minutes\" \/>\n<script type=\"application\/ld+json\" class=\"yoast-schema-graph\">{\"@context\":\"https:\\\/\\\/schema.org\",\"@graph\":[{\"@type\":\"Article\",\"@id\":\"https:\\\/\\\/pulso27.com\\\/actualidad\\\/politica\\\/dina-boluarte-convoca-elecciones-generales-para-el-12-de-abril-de-2026-en-un-esfuerzo-por-fortalecer-la-democracia\\\/#article\",\"isPartOf\":{\"@id\":\"https:\\\/\\\/pulso27.com\\\/actualidad\\\/politica\\\/dina-boluarte-convoca-elecciones-generales-para-el-12-de-abril-de-2026-en-un-esfuerzo-por-fortalecer-la-democracia\\\/\"},\"author\":{\"name\":\"Redactor\",\"@id\":\"https:\\\/\\\/pulso27.com\\\/en\\\/#\\\/schema\\\/person\\\/bf5ee161e6c87f6c7d57f5e689ef8526\"},\"headline\":\"Dina Boluarte convoca elecciones generales para el 12 de abril de 2026 en un esfuerzo por fortalecer la democracia\",\"datePublished\":\"2025-03-25T20:07:03+00:00\",\"dateModified\":\"2025-03-25T20:07:21+00:00\",\"mainEntityOfPage\":{\"@id\":\"https:\\\/\\\/pulso27.com\\\/actualidad\\\/politica\\\/dina-boluarte-convoca-elecciones-generales-para-el-12-de-abril-de-2026-en-un-esfuerzo-por-fortalecer-la-democracia\\\/\"},\"wordCount\":581,\"commentCount\":0,\"publisher\":{\"@id\":\"https:\\\/\\\/pulso27.com\\\/en\\\/#organization\"},\"image\":{\"@id\":\"https:\\\/\\\/pulso27.com\\\/actualidad\\\/politica\\\/dina-boluarte-convoca-elecciones-generales-para-el-12-de-abril-de-2026-en-un-esfuerzo-por-fortalecer-la-democracia\\\/#primaryimage\"},\"thumbnailUrl\":\"https:\\\/\\\/pulso27.com\\\/wp-content\\\/uploads\\\/2025\\\/03\\\/Elec2026.png\",\"keywords\":[\"Eleciones2026\",\"JNE\",\"ONPE\"],\"articleSection\":[\"Nacional\",\"Pol\u00edtica\"],\"inLanguage\":\"en-US\",\"potentialAction\":[{\"@type\":\"CommentAction\",\"name\":\"Comment\",\"target\":[\"https:\\\/\\\/pulso27.com\\\/actualidad\\\/politica\\\/dina-boluarte-convoca-elecciones-generales-para-el-12-de-abril-de-2026-en-un-esfuerzo-por-fortalecer-la-democracia\\\/#respond\"]}]},{\"@type\":\"WebPage\",\"@id\":\"https:\\\/\\\/pulso27.com\\\/actualidad\\\/politica\\\/dina-boluarte-convoca-elecciones-generales-para-el-12-de-abril-de-2026-en-un-esfuerzo-por-fortalecer-la-democracia\\\/\",\"url\":\"https:\\\/\\\/pulso27.com\\\/actualidad\\\/politica\\\/dina-boluarte-convoca-elecciones-generales-para-el-12-de-abril-de-2026-en-un-esfuerzo-por-fortalecer-la-democracia\\\/\",\"name\":\"Dina Boluarte convoca elecciones generales para el 12 de abril de 2026 en un esfuerzo por fortalecer la democracia - Pulso27\",\"isPartOf\":{\"@id\":\"https:\\\/\\\/pulso27.com\\\/en\\\/#website\"},\"primaryImageOfPage\":{\"@id\":\"https:\\\/\\\/pulso27.com\\\/actualidad\\\/politica\\\/dina-boluarte-convoca-elecciones-generales-para-el-12-de-abril-de-2026-en-un-esfuerzo-por-fortalecer-la-democracia\\\/#primaryimage\"},\"image\":{\"@id\":\"https:\\\/\\\/pulso27.com\\\/actualidad\\\/politica\\\/dina-boluarte-convoca-elecciones-generales-para-el-12-de-abril-de-2026-en-un-esfuerzo-por-fortalecer-la-democracia\\\/#primaryimage\"},\"thumbnailUrl\":\"https:\\\/\\\/pulso27.com\\\/wp-content\\\/uploads\\\/2025\\\/03\\\/Elec2026.png\",\"datePublished\":\"2025-03-25T20:07:03+00:00\",\"dateModified\":\"2025-03-25T20:07:21+00:00\",\"breadcrumb\":{\"@id\":\"https:\\\/\\\/pulso27.com\\\/actualidad\\\/politica\\\/dina-boluarte-convoca-elecciones-generales-para-el-12-de-abril-de-2026-en-un-esfuerzo-por-fortalecer-la-democracia\\\/#breadcrumb\"},\"inLanguage\":\"en-US\",\"potentialAction\":[{\"@type\":\"ReadAction\",\"target\":[\"https:\\\/\\\/pulso27.com\\\/actualidad\\\/politica\\\/dina-boluarte-convoca-elecciones-generales-para-el-12-de-abril-de-2026-en-un-esfuerzo-por-fortalecer-la-democracia\\\/\"]}]},{\"@type\":\"ImageObject\",\"inLanguage\":\"en-US\",\"@id\":\"https:\\\/\\\/pulso27.com\\\/actualidad\\\/politica\\\/dina-boluarte-convoca-elecciones-generales-para-el-12-de-abril-de-2026-en-un-esfuerzo-por-fortalecer-la-democracia\\\/#primaryimage\",\"url\":\"https:\\\/\\\/pulso27.com\\\/wp-content\\\/uploads\\\/2025\\\/03\\\/Elec2026.png\",\"contentUrl\":\"https:\\\/\\\/pulso27.com\\\/wp-content\\\/uploads\\\/2025\\\/03\\\/Elec2026.png\",\"width\":1200,\"height\":900},{\"@type\":\"BreadcrumbList\",\"@id\":\"https:\\\/\\\/pulso27.com\\\/actualidad\\\/politica\\\/dina-boluarte-convoca-elecciones-generales-para-el-12-de-abril-de-2026-en-un-esfuerzo-por-fortalecer-la-democracia\\\/#breadcrumb\",\"itemListElement\":[{\"@type\":\"ListItem\",\"position\":1,\"name\":\"Portada\",\"item\":\"https:\\\/\\\/pulso27.com\\\/\"},{\"@type\":\"ListItem\",\"position\":2,\"name\":\"Dina Boluarte convoca elecciones generales para el 12 de abril de 2026 en un esfuerzo por fortalecer la democracia\"}]},{\"@type\":\"WebSite\",\"@id\":\"https:\\\/\\\/pulso27.com\\\/en\\\/#website\",\"url\":\"https:\\\/\\\/pulso27.com\\\/en\\\/\",\"name\":\"Pulso27\",\"description\":\"Web de noticias y publicidad\",\"publisher\":{\"@id\":\"https:\\\/\\\/pulso27.com\\\/en\\\/#organization\"},\"alternateName\":\"El pulso del pueblo\",\"potentialAction\":[{\"@type\":\"SearchAction\",\"target\":{\"@type\":\"EntryPoint\",\"urlTemplate\":\"https:\\\/\\\/pulso27.com\\\/en\\\/?s={search_term_string}\"},\"query-input\":{\"@type\":\"PropertyValueSpecification\",\"valueRequired\":true,\"valueName\":\"search_term_string\"}}],\"inLanguage\":\"en-US\"},{\"@type\":\"Organization\",\"@id\":\"https:\\\/\\\/pulso27.com\\\/en\\\/#organization\",\"name\":\"Pulso27\",\"url\":\"https:\\\/\\\/pulso27.com\\\/en\\\/\",\"logo\":{\"@type\":\"ImageObject\",\"inLanguage\":\"en-US\",\"@id\":\"https:\\\/\\\/pulso27.com\\\/en\\\/#\\\/schema\\\/logo\\\/image\\\/\",\"url\":\"https:\\\/\\\/pulso27.com\\\/wp-content\\\/uploads\\\/2026\\\/02\\\/Logotipo-de-la-organizacion-696-x-696-px-ok.png\",\"contentUrl\":\"https:\\\/\\\/pulso27.com\\\/wp-content\\\/uploads\\\/2026\\\/02\\\/Logotipo-de-la-organizacion-696-x-696-px-ok.png\",\"width\":696,\"height\":696,\"caption\":\"Pulso27\"},\"image\":{\"@id\":\"https:\\\/\\\/pulso27.com\\\/en\\\/#\\\/schema\\\/logo\\\/image\\\/\"},\"sameAs\":[\"https:\\\/\\\/www.facebook.com\\\/pulso27\\\/\",\"https:\\\/\\\/x.com\\\/Pulso_27\",\"https:\\\/\\\/www.youtube.com\\\/@Pulso27\",\"https:\\\/\\\/www.tiktok.com\\\/@pulso_27\"]},{\"@type\":\"Person\",\"@id\":\"https:\\\/\\\/pulso27.com\\\/en\\\/#\\\/schema\\\/person\\\/bf5ee161e6c87f6c7d57f5e689ef8526\",\"name\":\"Redactor\",\"image\":{\"@type\":\"ImageObject\",\"inLanguage\":\"en-US\",\"@id\":\"https:\\\/\\\/pulso27.com\\\/wp-content\\\/uploads\\\/2025\\\/03\\\/a-150x150.png\",\"url\":\"https:\\\/\\\/pulso27.com\\\/wp-content\\\/uploads\\\/2025\\\/03\\\/a-150x150.png\",\"contentUrl\":\"https:\\\/\\\/pulso27.com\\\/wp-content\\\/uploads\\\/2025\\\/03\\\/a-150x150.png\",\"caption\":\"Redactor\"},\"sameAs\":[\"http:\\\/\\\/www.pulso27.com\"],\"url\":\"https:\\\/\\\/pulso27.com\\\/en\\\/author\\\/redactor\\\/\"}]}<\/script>\n<!-- \/ Yoast SEO plugin. -->","yoast_head_json":{"title":"Dina Boluarte convoca elecciones generales para el 12 de abril de 2026 en un esfuerzo por fortalecer la democracia - Pulso27","robots":{"index":"index","follow":"follow","max-snippet":"max-snippet:-1","max-image-preview":"max-image-preview:large","max-video-preview":"max-video-preview:-1"},"canonical":"https:\/\/pulso27.com\/en\/actualidad\/politica\/dina-boluarte-convoca-elecciones-generales-para-el-12-de-abril-de-2026-en-un-esfuerzo-por-fortalecer-la-democracia\/","og_locale":"en_US","og_type":"article","og_title":"Dina Boluarte convoca elecciones generales para el 12 de abril de 2026 en un esfuerzo por fortalecer la democracia - Pulso27","og_description":"En un mensaje sorpresivo a la Naci\u00f3n, la presidenta del Per\u00fa, Dina Boluarte, anunci\u00f3 este martes la convocatoria a elecciones generales para el 12 de abril de 2026, un d\u00eda antes del plazo l\u00edmite establecido para el 12 de abril de 2025. La mandataria estuvo acompa\u00f1ada por las principales autoridades electorales del pa\u00eds: Piero Corvetto, [&hellip;]","og_url":"https:\/\/pulso27.com\/en\/actualidad\/politica\/dina-boluarte-convoca-elecciones-generales-para-el-12-de-abril-de-2026-en-un-esfuerzo-por-fortalecer-la-democracia\/","og_site_name":"Pulso27","article_publisher":"https:\/\/www.facebook.com\/pulso27\/","article_published_time":"2025-03-25T20:07:03+00:00","article_modified_time":"2025-03-25T20:07:21+00:00","og_image":[{"width":1200,"height":900,"url":"https:\/\/pulso27.com\/wp-content\/uploads\/2025\/03\/Elec2026.png","type":"image\/png"}],"author":"Redactor","twitter_card":"summary_large_image","twitter_creator":"@Pulso_27","twitter_site":"@Pulso_27","twitter_misc":{"Written by":"Redactor","Est. reading time":"3 minutes"},"schema":{"@context":"https:\/\/schema.org","@graph":[{"@type":"Article","@id":"https:\/\/pulso27.com\/actualidad\/politica\/dina-boluarte-convoca-elecciones-generales-para-el-12-de-abril-de-2026-en-un-esfuerzo-por-fortalecer-la-democracia\/#article","isPartOf":{"@id":"https:\/\/pulso27.com\/actualidad\/politica\/dina-boluarte-convoca-elecciones-generales-para-el-12-de-abril-de-2026-en-un-esfuerzo-por-fortalecer-la-democracia\/"},"author":{"name":"Redactor","@id":"https:\/\/pulso27.com\/en\/#\/schema\/person\/bf5ee161e6c87f6c7d57f5e689ef8526"},"headline":"Dina Boluarte convoca elecciones generales para el 12 de abril de 2026 en un esfuerzo por fortalecer la democracia","datePublished":"2025-03-25T20:07:03+00:00","dateModified":"2025-03-25T20:07:21+00:00","mainEntityOfPage":{"@id":"https:\/\/pulso27.com\/actualidad\/politica\/dina-boluarte-convoca-elecciones-generales-para-el-12-de-abril-de-2026-en-un-esfuerzo-por-fortalecer-la-democracia\/"},"wordCount":581,"commentCount":0,"publisher":{"@id":"https:\/\/pulso27.com\/en\/#organization"},"image":{"@id":"https:\/\/pulso27.com\/actualidad\/politica\/dina-boluarte-convoca-elecciones-generales-para-el-12-de-abril-de-2026-en-un-esfuerzo-por-fortalecer-la-democracia\/#primaryimage"},"thumbnailUrl":"https:\/\/pulso27.com\/wp-content\/uploads\/2025\/03\/Elec2026.png","keywords":["Eleciones2026","JNE","ONPE"],"articleSection":["Nacional","Pol\u00edtica"],"inLanguage":"en-US","potentialAction":[{"@type":"CommentAction","name":"Comment","target":["https:\/\/pulso27.com\/actualidad\/politica\/dina-boluarte-convoca-elecciones-generales-para-el-12-de-abril-de-2026-en-un-esfuerzo-por-fortalecer-la-democracia\/#respond"]}]},{"@type":"WebPage","@id":"https:\/\/pulso27.com\/actualidad\/politica\/dina-boluarte-convoca-elecciones-generales-para-el-12-de-abril-de-2026-en-un-esfuerzo-por-fortalecer-la-democracia\/","url":"https:\/\/pulso27.com\/actualidad\/politica\/dina-boluarte-convoca-elecciones-generales-para-el-12-de-abril-de-2026-en-un-esfuerzo-por-fortalecer-la-democracia\/","name":"Dina Boluarte convoca elecciones generales para el 12 de abril de 2026 en un esfuerzo por fortalecer la democracia - Pulso27","isPartOf":{"@id":"https:\/\/pulso27.com\/en\/#website"},"primaryImageOfPage":{"@id":"https:\/\/pulso27.com\/actualidad\/politica\/dina-boluarte-convoca-elecciones-generales-para-el-12-de-abril-de-2026-en-un-esfuerzo-por-fortalecer-la-democracia\/#primaryimage"},"image":{"@id":"https:\/\/pulso27.com\/actualidad\/politica\/dina-boluarte-convoca-elecciones-generales-para-el-12-de-abril-de-2026-en-un-esfuerzo-por-fortalecer-la-democracia\/#primaryimage"},"thumbnailUrl":"https:\/\/pulso27.com\/wp-content\/uploads\/2025\/03\/Elec2026.png","datePublished":"2025-03-25T20:07:03+00:00","dateModified":"2025-03-25T20:07:21+00:00","breadcrumb":{"@id":"https:\/\/pulso27.com\/actualidad\/politica\/dina-boluarte-convoca-elecciones-generales-para-el-12-de-abril-de-2026-en-un-esfuerzo-por-fortalecer-la-democracia\/#breadcrumb"},"inLanguage":"en-US","potentialAction":[{"@type":"ReadAction","target":["https:\/\/pulso27.com\/actualidad\/politica\/dina-boluarte-convoca-elecciones-generales-para-el-12-de-abril-de-2026-en-un-esfuerzo-por-fortalecer-la-democracia\/"]}]},{"@type":"ImageObject","inLanguage":"en-US","@id":"https:\/\/pulso27.com\/actualidad\/politica\/dina-boluarte-convoca-elecciones-generales-para-el-12-de-abril-de-2026-en-un-esfuerzo-por-fortalecer-la-democracia\/#primaryimage","url":"https:\/\/pulso27.com\/wp-content\/uploads\/2025\/03\/Elec2026.png","contentUrl":"https:\/\/pulso27.com\/wp-content\/uploads\/2025\/03\/Elec2026.png","width":1200,"height":900},{"@type":"BreadcrumbList","@id":"https:\/\/pulso27.com\/actualidad\/politica\/dina-boluarte-convoca-elecciones-generales-para-el-12-de-abril-de-2026-en-un-esfuerzo-por-fortalecer-la-democracia\/#breadcrumb","itemListElement":[{"@type":"ListItem","position":1,"name":"Portada","item":"https:\/\/pulso27.com\/"},{"@type":"ListItem","position":2,"name":"Dina Boluarte convoca elecciones generales para el 12 de abril de 2026 en un esfuerzo por fortalecer la democracia"}]},{"@type":"WebSite","@id":"https:\/\/pulso27.com\/en\/#website","url":"https:\/\/pulso27.com\/en\/","name":"Pulso27","description":"Web de noticias y publicidad","publisher":{"@id":"https:\/\/pulso27.com\/en\/#organization"},"alternateName":"El pulso del pueblo","potentialAction":[{"@type":"SearchAction","target":{"@type":"EntryPoint","urlTemplate":"https:\/\/pulso27.com\/en\/?s={search_term_string}"},"query-input":{"@type":"PropertyValueSpecification","valueRequired":true,"valueName":"search_term_string"}}],"inLanguage":"en-US"},{"@type":"Organization","@id":"https:\/\/pulso27.com\/en\/#organization","name":"Pulso27","url":"https:\/\/pulso27.com\/en\/","logo":{"@type":"ImageObject","inLanguage":"en-US","@id":"https:\/\/pulso27.com\/en\/#\/schema\/logo\/image\/","url":"https:\/\/pulso27.com\/wp-content\/uploads\/2026\/02\/Logotipo-de-la-organizacion-696-x-696-px-ok.png","contentUrl":"https:\/\/pulso27.com\/wp-content\/uploads\/2026\/02\/Logotipo-de-la-organizacion-696-x-696-px-ok.png","width":696,"height":696,"caption":"Pulso27"},"image":{"@id":"https:\/\/pulso27.com\/en\/#\/schema\/logo\/image\/"},"sameAs":["https:\/\/www.facebook.com\/pulso27\/","https:\/\/x.com\/Pulso_27","https:\/\/www.youtube.com\/@Pulso27","https:\/\/www.tiktok.com\/@pulso_27"]},{"@type":"Person","@id":"https:\/\/pulso27.com\/en\/#\/schema\/person\/bf5ee161e6c87f6c7d57f5e689ef8526","name":"Redactor","image":{"@type":"ImageObject","inLanguage":"en-US","@id":"https:\/\/pulso27.com\/wp-content\/uploads\/2025\/03\/a-150x150.png","url":"https:\/\/pulso27.com\/wp-content\/uploads\/2025\/03\/a-150x150.png","contentUrl":"https:\/\/pulso27.com\/wp-content\/uploads\/2025\/03\/a-150x150.png","caption":"Redactor"},"sameAs":["http:\/\/www.pulso27.com"],"url":"https:\/\/pulso27.com\/en\/author\/redactor\/"}]}},"amp_enabled":true,"_links":{"self":[{"href":"https:\/\/pulso27.com\/en\/wp-json\/wp\/v2\/posts\/4914","targetHints":{"allow":["GET"]}}],"collection":[{"href":"https:\/\/pulso27.com\/en\/wp-json\/wp\/v2\/posts"}],"about":[{"href":"https:\/\/pulso27.com\/en\/wp-json\/wp\/v2\/types\/post"}],"author":[{"embeddable":true,"href":"https:\/\/pulso27.com\/en\/wp-json\/wp\/v2\/users\/13"}],"replies":[{"embeddable":true,"href":"https:\/\/pulso27.com\/en\/wp-json\/wp\/v2\/comments?post=4914"}],"version-history":[{"count":1,"href":"https:\/\/pulso27.com\/en\/wp-json\/wp\/v2\/posts\/4914\/revisions"}],"predecessor-version":[{"id":4917,"href":"https:\/\/pulso27.com\/en\/wp-json\/wp\/v2\/posts\/4914\/revisions\/4917"}],"wp:featuredmedia":[{"embeddable":true,"href":"https:\/\/pulso27.com\/en\/wp-json\/wp\/v2\/media\/4915"}],"wp:attachment":[{"href":"https:\/\/pulso27.com\/en\/wp-json\/wp\/v2\/media?parent=4914"}],"wp:term":[{"taxonomy":"category","embeddable":true,"href":"https:\/\/pulso27.com\/en\/wp-json\/wp\/v2\/categories?post=4914"},{"taxonomy":"post_tag","embeddable":true,"href":"https:\/\/pulso27.com\/en\/wp-json\/wp\/v2\/tags?post=4914"}],"curies":[{"name":"wp","href":"https:\/\/api.w.org\/{rel}","templated":true}]}}