{"id":4928,"date":"2025-03-26T11:23:23","date_gmt":"2025-03-26T06:23:23","guid":{"rendered":"https:\/\/pulso27.com\/?p=4928"},"modified":"2025-03-26T11:46:42","modified_gmt":"2025-03-26T06:46:42","slug":"margot-palacios-intensifica-giras-a-departamentos-del-sur-de-peru","status":"publish","type":"post","link":"https:\/\/pulso27.com\/en\/actualidad\/politica\/margot-palacios-intensifica-giras-a-departamentos-del-sur-de-peru\/","title":{"rendered":"Margot Palacios intensifica visitas a departamentos del sur en semana de representaci\u00f3n"},"content":{"rendered":"<p>La congresista Margot Palacios Huam\u00e1n, representante del campo popular peruano, ha incrementado sus recorridos por el interior del pa\u00eds, con recientes visitas a las provincias de Huancan\u00e9 y Carabaya, en el departamento de Puno, durante su semana de representaci\u00f3n parlamentaria. Estas actividades, realizadas el 24 y 25 de marzo, curiosamente coinciden con la convocatoria a elecciones generales anunciada hoy por la presidenta Dina Boluarte para el 12 de abril de 2026, lo que ha avivado las especulaciones sobre una posible candidatura presidencial de Palacios, respaldada por sectores populares de zonas andinas, amaz\u00f3nicas y barrios pobres de Lima y otras ciudades del pa\u00eds.&nbsp;<\/p>\n\n\n\n<p><strong>Visita a Huancan\u00e9: apoyo a afectados por lluvias intensas&nbsp;<\/strong><\/p>\n\n\n\n<figure class=\"wp-block-image size-large\"><img loading=\"lazy\" decoding=\"async\" width=\"1024\" height=\"683\" src=\"https:\/\/pulso27.com\/wp-content\/uploads\/2025\/03\/image-72-1024x683.png\" alt=\"\" class=\"wp-image-4934\" srcset=\"https:\/\/pulso27.com\/wp-content\/uploads\/2025\/03\/image-72-1024x683.png 1024w, https:\/\/pulso27.com\/wp-content\/uploads\/2025\/03\/image-72-300x200.png 300w, https:\/\/pulso27.com\/wp-content\/uploads\/2025\/03\/image-72-768x512.png 768w, https:\/\/pulso27.com\/wp-content\/uploads\/2025\/03\/image-72-1536x1025.png 1536w, https:\/\/pulso27.com\/wp-content\/uploads\/2025\/03\/image-72-18x12.png 18w, https:\/\/pulso27.com\/wp-content\/uploads\/2025\/03\/image-72.png 2048w\" sizes=\"auto, (max-width: 1024px) 100vw, 1024px\" \/><figcaption class=\"wp-element-caption\"><em>Congresista Margot Palacios recibe reconocimiento de las autoridades locales en Huancan\u00e9 <\/em><\/figcaption><\/figure>\n\n\n\n<p>En Huancan\u00e9, este martes 25 de marzo, Palacios se reuni\u00f3 con autoridades locales, incluyendo al alcalde provincial y los alcaldes distritales de Vilquechico, Rosaspata (Huancan\u00e9), Conima (Moho) y Santa Luc\u00eda (Lampa). Adem\u00e1s, dialog\u00f3 con la poblaci\u00f3n afectada por las recientes lluvias torrenciales, que han devastado viviendas y cultivos, dejando a numerosas familias en situaci\u00f3n de extrema vulnerabilidad. Entre las demandas m\u00e1s urgentes, la comunidad solicit\u00f3 una audiencia p\u00fablica con el Ministerio de Vivienda, Construcci\u00f3n y Saneamiento para gestionar la reconstrucci\u00f3n de las zonas afectadas.<\/p>\n\n\n\n<figure class=\"wp-block-image size-large\"><img loading=\"lazy\" decoding=\"async\" width=\"1024\" height=\"683\" src=\"https:\/\/pulso27.com\/wp-content\/uploads\/2025\/03\/image-73-1024x683.png\" alt=\"\" class=\"wp-image-4935\" srcset=\"https:\/\/pulso27.com\/wp-content\/uploads\/2025\/03\/image-73-1024x683.png 1024w, https:\/\/pulso27.com\/wp-content\/uploads\/2025\/03\/image-73-300x200.png 300w, https:\/\/pulso27.com\/wp-content\/uploads\/2025\/03\/image-73-768x512.png 768w, https:\/\/pulso27.com\/wp-content\/uploads\/2025\/03\/image-73-1536x1025.png 1536w, https:\/\/pulso27.com\/wp-content\/uploads\/2025\/03\/image-73-18x12.png 18w, https:\/\/pulso27.com\/wp-content\/uploads\/2025\/03\/image-73.png 2048w\" sizes=\"auto, (max-width: 1024px) 100vw, 1024px\" \/><figcaption class=\"wp-element-caption\"><em>Reuni\u00f3n con el alcalde provincial de Huancan\u00e9 y los alcaldes distritales de Vilquechico y Rosaspata, de la provincia de Huancan\u00e9; del distrito de Conima, de la provincia de Moho; y del distrito de Santa Luc\u00eda, de la provincia de Lampa.<\/em><\/figcaption><\/figure>\n\n\n\n<p>\u201cEs un imperativo de justicia social que las autoridades escuchen estas voces y act\u00faen con prontitud\u201d, afirm\u00f3 Palacios durante su visita, transmitida en vivo a trav\u00e9s de redes sociales.&nbsp;<\/p>\n\n\n\n<p><strong>Problemas ambientales en Carabaya: denuncia contra MINSUR<\/strong><\/p>\n\n\n\n<p>El d\u00eda anterior, lunes 24 de marzo, la congresista visit\u00f3 la comunidad campesina de Ajoyani, en la provincia de Carabaya, donde abord\u00f3 un problema distinto pero igualmente cr\u00edtico: la contaminaci\u00f3n ambiental causada por la minera MINSUR. Los pobladores denunciaron que las operaciones mineras han provocado la presencia de metales pesados como plomo y ars\u00e9nico en el agua y el suelo, afectando gravemente su salud con un aumento de enfermedades respiratorias, dermatol\u00f3gicas y gastrointestinales. Un informe del Ministerio de Salud ya hab\u00eda confirmado la presencia de estos contaminantes en los habitantes, lo que ha generado indignaci\u00f3n y exigencias de acci\u00f3n inmediata.&nbsp;<\/p>\n\n\n\n<figure class=\"wp-block-image size-large\"><img loading=\"lazy\" decoding=\"async\" width=\"1024\" height=\"682\" src=\"https:\/\/pulso27.com\/wp-content\/uploads\/2025\/03\/Margot-Palacios-en-Puno-1-1024x682.png\" alt=\"\" class=\"wp-image-4942\" srcset=\"https:\/\/pulso27.com\/wp-content\/uploads\/2025\/03\/Margot-Palacios-en-Puno-1-1024x682.png 1024w, https:\/\/pulso27.com\/wp-content\/uploads\/2025\/03\/Margot-Palacios-en-Puno-1-300x200.png 300w, https:\/\/pulso27.com\/wp-content\/uploads\/2025\/03\/Margot-Palacios-en-Puno-1-768x512.png 768w, https:\/\/pulso27.com\/wp-content\/uploads\/2025\/03\/Margot-Palacios-en-Puno-1-18x12.png 18w, https:\/\/pulso27.com\/wp-content\/uploads\/2025\/03\/Margot-Palacios-en-Puno-1.png 1280w\" sizes=\"auto, (max-width: 1024px) 100vw, 1024px\" \/><figcaption class=\"wp-element-caption\"><em>Recorrido por las zonas afectadas por la minera MINSUR en la comunidad campesina de Ajoyani<\/em><\/figcaption><\/figure>\n\n\n\n<p>Durante su visita, Palacios critic\u00f3 la inacci\u00f3n del gobierno de Dina Boluarte y la falta de medidas efectivas por parte de MINSUR, exigiendo estudios ambientales exhaustivos, planes de remediaci\u00f3n y atenci\u00f3n m\u00e9dica urgente para los afectados.&nbsp;<\/p>\n\n\n\n<p>\u201cEl Estado y las empresas deben asumir su responsabilidad en la protecci\u00f3n de los derechos humanos y ambientales\u201d, se\u00f1al\u00f3, anunciando la formaci\u00f3n de una mesa de trabajo con instituciones competentes para buscar soluciones.&nbsp;<\/p>\n\n\n\n<figure class=\"wp-block-image size-large\"><img loading=\"lazy\" decoding=\"async\" width=\"1024\" height=\"682\" src=\"https:\/\/pulso27.com\/wp-content\/uploads\/2025\/03\/486518080_1247120670750902_7792557528628211853_n-Photoroom-1-1024x682.png\" alt=\"\" class=\"wp-image-4930\" srcset=\"https:\/\/pulso27.com\/wp-content\/uploads\/2025\/03\/486518080_1247120670750902_7792557528628211853_n-Photoroom-1-1024x682.png 1024w, https:\/\/pulso27.com\/wp-content\/uploads\/2025\/03\/486518080_1247120670750902_7792557528628211853_n-Photoroom-1-300x200.png 300w, https:\/\/pulso27.com\/wp-content\/uploads\/2025\/03\/486518080_1247120670750902_7792557528628211853_n-Photoroom-1-768x512.png 768w, https:\/\/pulso27.com\/wp-content\/uploads\/2025\/03\/486518080_1247120670750902_7792557528628211853_n-Photoroom-1-18x12.png 18w, https:\/\/pulso27.com\/wp-content\/uploads\/2025\/03\/486518080_1247120670750902_7792557528628211853_n-Photoroom-1.png 1280w\" sizes=\"auto, (max-width: 1024px) 100vw, 1024px\" \/><figcaption class=\"wp-element-caption\"><em>La congresista Margot Palacios es recibida por la comunidad campesina de Ajoyani, en Carabaya, Puno.  Fuente: Facebook<\/em><\/figcaption><\/figure>\n\n\n\n<p><strong>Contexto pol\u00edtico y electoral<\/strong><\/p>\n\n\n\n<p>Las visitas de Palacios a Puno, un departamento que lidera la oposici\u00f3n al gobierno de Dina Boluarte \u2014calificado por algunos sectores como \u201cgenocida y corrupto\u201d tras las protestas de 2022 y 2023\u2014, refuerzan su imagen como una figura cercana a las demandas de las poblaciones rurales y marginadas. Esto ha alimentado las especulaciones de que estar\u00eda en una precampa\u00f1a presidencial de cara a las elecciones de 2026, con el respaldo de sectores populares, especialmente en zonas afectadas por actividades extractivas en el sur andino.&nbsp;<\/p>\n\n\n\n<p>Incluso Vladimir Cerr\u00f3n, l\u00edder de Per\u00fa Libre \u2014partido al que Palacios ya no pertenece\u2014, advirti\u00f3 sobre su ascenso en alguna ocasi\u00f3n, mencionando que ella \u201cfue ilusionada por los caviares\u201d para ser candidata presidencial, alternando entre cr\u00edticas y reconocimientos.&nbsp;<\/p>\n\n\n\n<figure class=\"wp-block-image size-full\"><img loading=\"lazy\" decoding=\"async\" width=\"924\" height=\"612\" src=\"https:\/\/pulso27.com\/wp-content\/uploads\/2025\/03\/image-74.png\" alt=\"\" class=\"wp-image-4936\" srcset=\"https:\/\/pulso27.com\/wp-content\/uploads\/2025\/03\/image-74.png 924w, https:\/\/pulso27.com\/wp-content\/uploads\/2025\/03\/image-74-300x199.png 300w, https:\/\/pulso27.com\/wp-content\/uploads\/2025\/03\/image-74-768x509.png 768w, https:\/\/pulso27.com\/wp-content\/uploads\/2025\/03\/image-74-18x12.png 18w\" sizes=\"auto, (max-width: 924px) 100vw, 924px\" \/><figcaption class=\"wp-element-caption\"><em>Presidenta Dina Boluarte convoc\u00f3 a elecciones generales para el 12 de abril de 2026<\/em><\/figcaption><\/figure>\n\n\n\n<p>Analistas pol\u00edticos sugieren que estas visitas, si bien es cierto sin hacer proselitismo pol\u00edtico, que tambi\u00e9n incluyeron recientes visitas a Ayacucho y Piura, buscan consolidar una base electoral en regiones hist\u00f3ricamente olvidadas por el centralismo lime\u00f1o. Sin embargo, Palacios no ha respondido a Cerr\u00f3n ni a dicho nada sobre sus intenciones electorales, enfoc\u00e1ndose por ahora en su labor de representaci\u00f3n parlamentaria y en visibilizar las problem\u00e1ticas comunales y periurbanas de su naci\u00f3n, que lo viene haciendo desde que asumi\u00f3 la responsabilidad congresal.<\/p>\n\n\n\n<p><strong>Reacciones y expectativas&nbsp;<\/strong><\/p>\n\n\n\n<p>Las actividades de la congresista han generado tanto apoyo como cr\u00edticas. En redes sociales, bajo hashtags como \u201c#EncuentroPopular\u201d y \u201c#Puno\u201d, muchos de sus seguidores destacan su compromiso con las comunidades afectadas por la miner\u00eda irresponsable, mientras que algunos de sus detractores, principalmente de sectores liberales y conservadores, cuestionan si estas visitas tienen un trasfondo electoralista.&nbsp;<\/p>\n\n\n\n<p>En un contexto de creciente polarizaci\u00f3n y con las elecciones generales ya convocadas, Margot Palacios se posiciona como una figura clave en el tablero pol\u00edtico peruano, especialmente en regiones del sur como Puno, donde la resistencia al gobierno central sigue marcando la pauta desde la ca\u00edda del expresidente Pedro Castillo, quien contaba con un fuerte respaldo en la zona.&nbsp;<\/p>\n\n\n\n<figure class=\"wp-block-image size-large\"><img loading=\"lazy\" decoding=\"async\" width=\"1024\" height=\"574\" src=\"https:\/\/pulso27.com\/wp-content\/uploads\/2025\/03\/image-75-1024x574.png\" alt=\"\" class=\"wp-image-4937\" srcset=\"https:\/\/pulso27.com\/wp-content\/uploads\/2025\/03\/image-75-1024x574.png 1024w, https:\/\/pulso27.com\/wp-content\/uploads\/2025\/03\/image-75-300x168.png 300w, https:\/\/pulso27.com\/wp-content\/uploads\/2025\/03\/image-75-768x431.png 768w, https:\/\/pulso27.com\/wp-content\/uploads\/2025\/03\/image-75-18x10.png 18w, https:\/\/pulso27.com\/wp-content\/uploads\/2025\/03\/image-75.png 1045w\" sizes=\"auto, (max-width: 1024px) 100vw, 1024px\" \/><figcaption class=\"wp-element-caption\"><em>Comentarios de sus seguidores de la congresista Margot Palacios en Facebook<\/em><\/figcaption><\/figure>\n\n\n\n<p>Mientras tanto, su ascenso pol\u00edtico en el campo popular la coloca en el radar junto a otras figuras como el nacionalista Antauro Humala, el izquierdista Guillermo Bermejo y la socialdem\u00f3crata Ver\u00f3nica Mendoza, quienes tambi\u00e9n buscan captar el apoyo de las bases populares, cada uno desde su perspectiva peculiar.<\/p>\n\n\n\n<p>Aunque a\u00fan no hay ninguna declaraci\u00f3n oficial, el ritmo de sus visitas y su conexi\u00f3n genuina con las demandas sociales sugieren que Palacios podr\u00eda estar preparando una candidatura presidencial que desaf\u00ede el \u201cstatu quo\u201d en 2026, en un escenario pol\u00edtico que promete ser tan super competitivo y fragmentado.&nbsp;<\/p>","protected":false},"excerpt":{"rendered":"<p>La congresista Margot Palacios Huam\u00e1n, representante del campo popular peruano, ha incrementado sus recorridos por el interior del pa\u00eds, con recientes visitas a las provincias de Huancan\u00e9 y Carabaya, en el departamento de Puno, durante su semana de representaci\u00f3n parlamentaria. Estas actividades, realizadas el 24 y 25 de marzo, curiosamente coinciden con la convocatoria a [&hellip;]<\/p>\n","protected":false},"author":7,"featured_media":4938,"comment_status":"open","ping_status":"open","sticky":false,"template":"","format":"standard","meta":{"footnotes":""},"categories":[818,1847,174,180],"tags":[2251,2250,307],"class_list":["post-4928","post","type-post","status-publish","format-standard","has-post-thumbnail","hentry","category-agricultura","category-ambiente","category-nacional","category-politica","tag-eleccionesgenerales2026","tag-margotpalaciosh","tag-puno"],"yoast_head":"<!-- This site is optimized with the Yoast SEO plugin v27.4 - https:\/\/yoast.com\/product\/yoast-seo-wordpress\/ -->\n<title>Margot Palacios intensifica visitas a departamentos del sur en semana de representaci\u00f3n - Pulso27<\/title>\n<meta name=\"robots\" content=\"index, follow, max-snippet:-1, max-image-preview:large, max-video-preview:-1\" \/>\n<link rel=\"canonical\" href=\"https:\/\/pulso27.com\/en\/actualidad\/politica\/margot-palacios-intensifica-giras-a-departamentos-del-sur-de-peru\/\" \/>\n<meta property=\"og:locale\" content=\"en_US\" \/>\n<meta property=\"og:type\" content=\"article\" \/>\n<meta property=\"og:title\" content=\"Margot Palacios intensifica visitas a departamentos del sur en semana de representaci\u00f3n - Pulso27\" \/>\n<meta property=\"og:description\" content=\"La congresista Margot Palacios Huam\u00e1n, representante del campo popular peruano, ha incrementado sus recorridos por el interior del pa\u00eds, con recientes visitas a las provincias de Huancan\u00e9 y Carabaya, en el departamento de Puno, durante su semana de representaci\u00f3n parlamentaria. Estas actividades, realizadas el 24 y 25 de marzo, curiosamente coinciden con la convocatoria a [&hellip;]\" \/>\n<meta property=\"og:url\" content=\"https:\/\/pulso27.com\/en\/actualidad\/politica\/margot-palacios-intensifica-giras-a-departamentos-del-sur-de-peru\/\" \/>\n<meta property=\"og:site_name\" content=\"Pulso27\" \/>\n<meta property=\"article:publisher\" content=\"https:\/\/www.facebook.com\/pulso27\/\" \/>\n<meta property=\"article:published_time\" content=\"2025-03-26T06:23:23+00:00\" \/>\n<meta property=\"article:modified_time\" content=\"2025-03-26T06:46:42+00:00\" \/>\n<meta property=\"og:image\" content=\"https:\/\/pulso27.com\/wp-content\/uploads\/2025\/03\/Margot-Palacios.png\" \/>\n\t<meta property=\"og:image:width\" content=\"1280\" \/>\n\t<meta property=\"og:image:height\" content=\"853\" \/>\n\t<meta property=\"og:image:type\" content=\"image\/png\" \/>\n<meta name=\"author\" content=\"Tupaq\" \/>\n<meta name=\"twitter:card\" content=\"summary_large_image\" \/>\n<meta name=\"twitter:creator\" content=\"@Pulso_27\" \/>\n<meta name=\"twitter:site\" content=\"@Pulso_27\" \/>\n<meta name=\"twitter:label1\" content=\"Written by\" \/>\n\t<meta name=\"twitter:data1\" content=\"Tupaq\" \/>\n\t<meta name=\"twitter:label2\" content=\"Est. reading time\" \/>\n\t<meta name=\"twitter:data2\" content=\"6 minutes\" \/>\n<script type=\"application\/ld+json\" class=\"yoast-schema-graph\">{\"@context\":\"https:\\\/\\\/schema.org\",\"@graph\":[{\"@type\":\"Article\",\"@id\":\"https:\\\/\\\/pulso27.com\\\/actualidad\\\/politica\\\/margot-palacios-intensifica-giras-a-departamentos-del-sur-de-peru\\\/#article\",\"isPartOf\":{\"@id\":\"https:\\\/\\\/pulso27.com\\\/actualidad\\\/politica\\\/margot-palacios-intensifica-giras-a-departamentos-del-sur-de-peru\\\/\"},\"author\":{\"name\":\"Tupaq\",\"@id\":\"https:\\\/\\\/pulso27.com\\\/en\\\/#\\\/schema\\\/person\\\/d20fd7f5bc7f2e53fd150d43fca07a78\"},\"headline\":\"Margot Palacios intensifica visitas a departamentos del sur en semana de representaci\u00f3n\",\"datePublished\":\"2025-03-26T06:23:23+00:00\",\"dateModified\":\"2025-03-26T06:46:42+00:00\",\"mainEntityOfPage\":{\"@id\":\"https:\\\/\\\/pulso27.com\\\/actualidad\\\/politica\\\/margot-palacios-intensifica-giras-a-departamentos-del-sur-de-peru\\\/\"},\"wordCount\":1007,\"commentCount\":0,\"publisher\":{\"@id\":\"https:\\\/\\\/pulso27.com\\\/en\\\/#organization\"},\"image\":{\"@id\":\"https:\\\/\\\/pulso27.com\\\/actualidad\\\/politica\\\/margot-palacios-intensifica-giras-a-departamentos-del-sur-de-peru\\\/#primaryimage\"},\"thumbnailUrl\":\"https:\\\/\\\/pulso27.com\\\/wp-content\\\/uploads\\\/2025\\\/03\\\/Margot-Palacios.png\",\"keywords\":[\"EleccionesGenerales2026\",\"MargotPalaciosH\",\"Puno\"],\"articleSection\":[\"Agricultura\",\"Ambiente\",\"Nacional\",\"Pol\u00edtica\"],\"inLanguage\":\"en-US\",\"potentialAction\":[{\"@type\":\"CommentAction\",\"name\":\"Comment\",\"target\":[\"https:\\\/\\\/pulso27.com\\\/actualidad\\\/politica\\\/margot-palacios-intensifica-giras-a-departamentos-del-sur-de-peru\\\/#respond\"]}]},{\"@type\":\"WebPage\",\"@id\":\"https:\\\/\\\/pulso27.com\\\/actualidad\\\/politica\\\/margot-palacios-intensifica-giras-a-departamentos-del-sur-de-peru\\\/\",\"url\":\"https:\\\/\\\/pulso27.com\\\/actualidad\\\/politica\\\/margot-palacios-intensifica-giras-a-departamentos-del-sur-de-peru\\\/\",\"name\":\"Margot Palacios intensifica visitas a departamentos del sur en semana de representaci\u00f3n - Pulso27\",\"isPartOf\":{\"@id\":\"https:\\\/\\\/pulso27.com\\\/en\\\/#website\"},\"primaryImageOfPage\":{\"@id\":\"https:\\\/\\\/pulso27.com\\\/actualidad\\\/politica\\\/margot-palacios-intensifica-giras-a-departamentos-del-sur-de-peru\\\/#primaryimage\"},\"image\":{\"@id\":\"https:\\\/\\\/pulso27.com\\\/actualidad\\\/politica\\\/margot-palacios-intensifica-giras-a-departamentos-del-sur-de-peru\\\/#primaryimage\"},\"thumbnailUrl\":\"https:\\\/\\\/pulso27.com\\\/wp-content\\\/uploads\\\/2025\\\/03\\\/Margot-Palacios.png\",\"datePublished\":\"2025-03-26T06:23:23+00:00\",\"dateModified\":\"2025-03-26T06:46:42+00:00\",\"breadcrumb\":{\"@id\":\"https:\\\/\\\/pulso27.com\\\/actualidad\\\/politica\\\/margot-palacios-intensifica-giras-a-departamentos-del-sur-de-peru\\\/#breadcrumb\"},\"inLanguage\":\"en-US\",\"potentialAction\":[{\"@type\":\"ReadAction\",\"target\":[\"https:\\\/\\\/pulso27.com\\\/actualidad\\\/politica\\\/margot-palacios-intensifica-giras-a-departamentos-del-sur-de-peru\\\/\"]}]},{\"@type\":\"ImageObject\",\"inLanguage\":\"en-US\",\"@id\":\"https:\\\/\\\/pulso27.com\\\/actualidad\\\/politica\\\/margot-palacios-intensifica-giras-a-departamentos-del-sur-de-peru\\\/#primaryimage\",\"url\":\"https:\\\/\\\/pulso27.com\\\/wp-content\\\/uploads\\\/2025\\\/03\\\/Margot-Palacios.png\",\"contentUrl\":\"https:\\\/\\\/pulso27.com\\\/wp-content\\\/uploads\\\/2025\\\/03\\\/Margot-Palacios.png\",\"width\":1280,\"height\":853},{\"@type\":\"BreadcrumbList\",\"@id\":\"https:\\\/\\\/pulso27.com\\\/actualidad\\\/politica\\\/margot-palacios-intensifica-giras-a-departamentos-del-sur-de-peru\\\/#breadcrumb\",\"itemListElement\":[{\"@type\":\"ListItem\",\"position\":1,\"name\":\"Portada\",\"item\":\"https:\\\/\\\/pulso27.com\\\/\"},{\"@type\":\"ListItem\",\"position\":2,\"name\":\"Margot Palacios intensifica visitas a departamentos del sur en semana de representaci\u00f3n\"}]},{\"@type\":\"WebSite\",\"@id\":\"https:\\\/\\\/pulso27.com\\\/en\\\/#website\",\"url\":\"https:\\\/\\\/pulso27.com\\\/en\\\/\",\"name\":\"Pulso27\",\"description\":\"Web de noticias y publicidad\",\"publisher\":{\"@id\":\"https:\\\/\\\/pulso27.com\\\/en\\\/#organization\"},\"alternateName\":\"El pulso del pueblo\",\"potentialAction\":[{\"@type\":\"SearchAction\",\"target\":{\"@type\":\"EntryPoint\",\"urlTemplate\":\"https:\\\/\\\/pulso27.com\\\/en\\\/?s={search_term_string}\"},\"query-input\":{\"@type\":\"PropertyValueSpecification\",\"valueRequired\":true,\"valueName\":\"search_term_string\"}}],\"inLanguage\":\"en-US\"},{\"@type\":\"Organization\",\"@id\":\"https:\\\/\\\/pulso27.com\\\/en\\\/#organization\",\"name\":\"Pulso27\",\"url\":\"https:\\\/\\\/pulso27.com\\\/en\\\/\",\"logo\":{\"@type\":\"ImageObject\",\"inLanguage\":\"en-US\",\"@id\":\"https:\\\/\\\/pulso27.com\\\/en\\\/#\\\/schema\\\/logo\\\/image\\\/\",\"url\":\"https:\\\/\\\/pulso27.com\\\/wp-content\\\/uploads\\\/2026\\\/02\\\/Logotipo-de-la-organizacion-696-x-696-px-ok.png\",\"contentUrl\":\"https:\\\/\\\/pulso27.com\\\/wp-content\\\/uploads\\\/2026\\\/02\\\/Logotipo-de-la-organizacion-696-x-696-px-ok.png\",\"width\":696,\"height\":696,\"caption\":\"Pulso27\"},\"image\":{\"@id\":\"https:\\\/\\\/pulso27.com\\\/en\\\/#\\\/schema\\\/logo\\\/image\\\/\"},\"sameAs\":[\"https:\\\/\\\/www.facebook.com\\\/pulso27\\\/\",\"https:\\\/\\\/x.com\\\/Pulso_27\",\"https:\\\/\\\/www.youtube.com\\\/@Pulso27\",\"https:\\\/\\\/www.tiktok.com\\\/@pulso_27\"]},{\"@type\":\"Person\",\"@id\":\"https:\\\/\\\/pulso27.com\\\/en\\\/#\\\/schema\\\/person\\\/d20fd7f5bc7f2e53fd150d43fca07a78\",\"name\":\"Tupaq\",\"image\":{\"@type\":\"ImageObject\",\"inLanguage\":\"en-US\",\"@id\":\"https:\\\/\\\/secure.gravatar.com\\\/avatar\\\/7929e9b034aeea560319a601e4f04c59eb5f45a79eafe192adabb67e9604e7e7?s=96&d=mm&r=g\",\"url\":\"https:\\\/\\\/secure.gravatar.com\\\/avatar\\\/7929e9b034aeea560319a601e4f04c59eb5f45a79eafe192adabb67e9604e7e7?s=96&d=mm&r=g\",\"contentUrl\":\"https:\\\/\\\/secure.gravatar.com\\\/avatar\\\/7929e9b034aeea560319a601e4f04c59eb5f45a79eafe192adabb67e9604e7e7?s=96&d=mm&r=g\",\"caption\":\"Tupaq\"},\"url\":\"https:\\\/\\\/pulso27.com\\\/en\\\/author\\\/tupaq\\\/\"}]}<\/script>\n<!-- \/ Yoast SEO plugin. -->","yoast_head_json":{"title":"Margot Palacios intensifica visitas a departamentos del sur en semana de representaci\u00f3n - Pulso27","robots":{"index":"index","follow":"follow","max-snippet":"max-snippet:-1","max-image-preview":"max-image-preview:large","max-video-preview":"max-video-preview:-1"},"canonical":"https:\/\/pulso27.com\/en\/actualidad\/politica\/margot-palacios-intensifica-giras-a-departamentos-del-sur-de-peru\/","og_locale":"en_US","og_type":"article","og_title":"Margot Palacios intensifica visitas a departamentos del sur en semana de representaci\u00f3n - Pulso27","og_description":"La congresista Margot Palacios Huam\u00e1n, representante del campo popular peruano, ha incrementado sus recorridos por el interior del pa\u00eds, con recientes visitas a las provincias de Huancan\u00e9 y Carabaya, en el departamento de Puno, durante su semana de representaci\u00f3n parlamentaria. Estas actividades, realizadas el 24 y 25 de marzo, curiosamente coinciden con la convocatoria a [&hellip;]","og_url":"https:\/\/pulso27.com\/en\/actualidad\/politica\/margot-palacios-intensifica-giras-a-departamentos-del-sur-de-peru\/","og_site_name":"Pulso27","article_publisher":"https:\/\/www.facebook.com\/pulso27\/","article_published_time":"2025-03-26T06:23:23+00:00","article_modified_time":"2025-03-26T06:46:42+00:00","og_image":[{"width":1280,"height":853,"url":"https:\/\/pulso27.com\/wp-content\/uploads\/2025\/03\/Margot-Palacios.png","type":"image\/png"}],"author":"Tupaq","twitter_card":"summary_large_image","twitter_creator":"@Pulso_27","twitter_site":"@Pulso_27","twitter_misc":{"Written by":"Tupaq","Est. reading time":"6 minutes"},"schema":{"@context":"https:\/\/schema.org","@graph":[{"@type":"Article","@id":"https:\/\/pulso27.com\/actualidad\/politica\/margot-palacios-intensifica-giras-a-departamentos-del-sur-de-peru\/#article","isPartOf":{"@id":"https:\/\/pulso27.com\/actualidad\/politica\/margot-palacios-intensifica-giras-a-departamentos-del-sur-de-peru\/"},"author":{"name":"Tupaq","@id":"https:\/\/pulso27.com\/en\/#\/schema\/person\/d20fd7f5bc7f2e53fd150d43fca07a78"},"headline":"Margot Palacios intensifica visitas a departamentos del sur en semana de representaci\u00f3n","datePublished":"2025-03-26T06:23:23+00:00","dateModified":"2025-03-26T06:46:42+00:00","mainEntityOfPage":{"@id":"https:\/\/pulso27.com\/actualidad\/politica\/margot-palacios-intensifica-giras-a-departamentos-del-sur-de-peru\/"},"wordCount":1007,"commentCount":0,"publisher":{"@id":"https:\/\/pulso27.com\/en\/#organization"},"image":{"@id":"https:\/\/pulso27.com\/actualidad\/politica\/margot-palacios-intensifica-giras-a-departamentos-del-sur-de-peru\/#primaryimage"},"thumbnailUrl":"https:\/\/pulso27.com\/wp-content\/uploads\/2025\/03\/Margot-Palacios.png","keywords":["EleccionesGenerales2026","MargotPalaciosH","Puno"],"articleSection":["Agricultura","Ambiente","Nacional","Pol\u00edtica"],"inLanguage":"en-US","potentialAction":[{"@type":"CommentAction","name":"Comment","target":["https:\/\/pulso27.com\/actualidad\/politica\/margot-palacios-intensifica-giras-a-departamentos-del-sur-de-peru\/#respond"]}]},{"@type":"WebPage","@id":"https:\/\/pulso27.com\/actualidad\/politica\/margot-palacios-intensifica-giras-a-departamentos-del-sur-de-peru\/","url":"https:\/\/pulso27.com\/actualidad\/politica\/margot-palacios-intensifica-giras-a-departamentos-del-sur-de-peru\/","name":"Margot Palacios intensifica visitas a departamentos del sur en semana de representaci\u00f3n - Pulso27","isPartOf":{"@id":"https:\/\/pulso27.com\/en\/#website"},"primaryImageOfPage":{"@id":"https:\/\/pulso27.com\/actualidad\/politica\/margot-palacios-intensifica-giras-a-departamentos-del-sur-de-peru\/#primaryimage"},"image":{"@id":"https:\/\/pulso27.com\/actualidad\/politica\/margot-palacios-intensifica-giras-a-departamentos-del-sur-de-peru\/#primaryimage"},"thumbnailUrl":"https:\/\/pulso27.com\/wp-content\/uploads\/2025\/03\/Margot-Palacios.png","datePublished":"2025-03-26T06:23:23+00:00","dateModified":"2025-03-26T06:46:42+00:00","breadcrumb":{"@id":"https:\/\/pulso27.com\/actualidad\/politica\/margot-palacios-intensifica-giras-a-departamentos-del-sur-de-peru\/#breadcrumb"},"inLanguage":"en-US","potentialAction":[{"@type":"ReadAction","target":["https:\/\/pulso27.com\/actualidad\/politica\/margot-palacios-intensifica-giras-a-departamentos-del-sur-de-peru\/"]}]},{"@type":"ImageObject","inLanguage":"en-US","@id":"https:\/\/pulso27.com\/actualidad\/politica\/margot-palacios-intensifica-giras-a-departamentos-del-sur-de-peru\/#primaryimage","url":"https:\/\/pulso27.com\/wp-content\/uploads\/2025\/03\/Margot-Palacios.png","contentUrl":"https:\/\/pulso27.com\/wp-content\/uploads\/2025\/03\/Margot-Palacios.png","width":1280,"height":853},{"@type":"BreadcrumbList","@id":"https:\/\/pulso27.com\/actualidad\/politica\/margot-palacios-intensifica-giras-a-departamentos-del-sur-de-peru\/#breadcrumb","itemListElement":[{"@type":"ListItem","position":1,"name":"Portada","item":"https:\/\/pulso27.com\/"},{"@type":"ListItem","position":2,"name":"Margot Palacios intensifica visitas a departamentos del sur en semana de representaci\u00f3n"}]},{"@type":"WebSite","@id":"https:\/\/pulso27.com\/en\/#website","url":"https:\/\/pulso27.com\/en\/","name":"Pulso27","description":"Web de noticias y publicidad","publisher":{"@id":"https:\/\/pulso27.com\/en\/#organization"},"alternateName":"El pulso del pueblo","potentialAction":[{"@type":"SearchAction","target":{"@type":"EntryPoint","urlTemplate":"https:\/\/pulso27.com\/en\/?s={search_term_string}"},"query-input":{"@type":"PropertyValueSpecification","valueRequired":true,"valueName":"search_term_string"}}],"inLanguage":"en-US"},{"@type":"Organization","@id":"https:\/\/pulso27.com\/en\/#organization","name":"Pulso27","url":"https:\/\/pulso27.com\/en\/","logo":{"@type":"ImageObject","inLanguage":"en-US","@id":"https:\/\/pulso27.com\/en\/#\/schema\/logo\/image\/","url":"https:\/\/pulso27.com\/wp-content\/uploads\/2026\/02\/Logotipo-de-la-organizacion-696-x-696-px-ok.png","contentUrl":"https:\/\/pulso27.com\/wp-content\/uploads\/2026\/02\/Logotipo-de-la-organizacion-696-x-696-px-ok.png","width":696,"height":696,"caption":"Pulso27"},"image":{"@id":"https:\/\/pulso27.com\/en\/#\/schema\/logo\/image\/"},"sameAs":["https:\/\/www.facebook.com\/pulso27\/","https:\/\/x.com\/Pulso_27","https:\/\/www.youtube.com\/@Pulso27","https:\/\/www.tiktok.com\/@pulso_27"]},{"@type":"Person","@id":"https:\/\/pulso27.com\/en\/#\/schema\/person\/d20fd7f5bc7f2e53fd150d43fca07a78","name":"Tupaq","image":{"@type":"ImageObject","inLanguage":"en-US","@id":"https:\/\/secure.gravatar.com\/avatar\/7929e9b034aeea560319a601e4f04c59eb5f45a79eafe192adabb67e9604e7e7?s=96&d=mm&r=g","url":"https:\/\/secure.gravatar.com\/avatar\/7929e9b034aeea560319a601e4f04c59eb5f45a79eafe192adabb67e9604e7e7?s=96&d=mm&r=g","contentUrl":"https:\/\/secure.gravatar.com\/avatar\/7929e9b034aeea560319a601e4f04c59eb5f45a79eafe192adabb67e9604e7e7?s=96&d=mm&r=g","caption":"Tupaq"},"url":"https:\/\/pulso27.com\/en\/author\/tupaq\/"}]}},"amp_enabled":true,"_links":{"self":[{"href":"https:\/\/pulso27.com\/en\/wp-json\/wp\/v2\/posts\/4928","targetHints":{"allow":["GET"]}}],"collection":[{"href":"https:\/\/pulso27.com\/en\/wp-json\/wp\/v2\/posts"}],"about":[{"href":"https:\/\/pulso27.com\/en\/wp-json\/wp\/v2\/types\/post"}],"author":[{"embeddable":true,"href":"https:\/\/pulso27.com\/en\/wp-json\/wp\/v2\/users\/7"}],"replies":[{"embeddable":true,"href":"https:\/\/pulso27.com\/en\/wp-json\/wp\/v2\/comments?post=4928"}],"version-history":[{"count":4,"href":"https:\/\/pulso27.com\/en\/wp-json\/wp\/v2\/posts\/4928\/revisions"}],"predecessor-version":[{"id":4951,"href":"https:\/\/pulso27.com\/en\/wp-json\/wp\/v2\/posts\/4928\/revisions\/4951"}],"wp:featuredmedia":[{"embeddable":true,"href":"https:\/\/pulso27.com\/en\/wp-json\/wp\/v2\/media\/4938"}],"wp:attachment":[{"href":"https:\/\/pulso27.com\/en\/wp-json\/wp\/v2\/media?parent=4928"}],"wp:term":[{"taxonomy":"category","embeddable":true,"href":"https:\/\/pulso27.com\/en\/wp-json\/wp\/v2\/categories?post=4928"},{"taxonomy":"post_tag","embeddable":true,"href":"https:\/\/pulso27.com\/en\/wp-json\/wp\/v2\/tags?post=4928"}],"curies":[{"name":"wp","href":"https:\/\/api.w.org\/{rel}","templated":true}]}}