{"id":505,"date":"2023-11-07T14:05:05","date_gmt":"2023-11-07T14:05:05","guid":{"rendered":"https:\/\/pulso27.com\/?p=505"},"modified":"2024-11-02T08:46:57","modified_gmt":"2024-11-02T03:46:57","slug":"ministerio-del-interior-anuncia-creacion-de-3-grupos-especiales-para-enfrentar-la-delincuencia","status":"publish","type":"post","link":"https:\/\/pulso27.com\/en\/actualidad\/policial\/ministerio-del-interior-anuncia-creacion-de-3-grupos-especiales-para-enfrentar-la-delincuencia\/","title":{"rendered":"Ministerio del Interior anuncia creaci\u00f3n de 3 grupos especiales para enfrentar la delincuencia"},"content":{"rendered":"<p>El ministro del Interior,\u00a0Vicente Romero, junto con el comandante general PNP\u00a0Jorge Luis Angulo Tejada, anunciaron la creaci\u00f3n de tres nuevos grupos especiales de la\u00a0Polic\u00eda Nacional del Per\u00fa\u00a0(PNP) a fin de combatir la lucha contra la delincuencia en el pa\u00eds. Se trata del Grupo Especial Contra el Crimen Organizado (Grecco), la Brigada Contra Extorsiones y el Grupo de Patrullaje a Pie.<\/p>\n\n\n\n<p><\/p>\n\n\n\n<blockquote class=\"wp-block-quote is-layout-flow wp-block-quote-is-layout-flow\">\n<p>\u00abEs importante la contribuci\u00f3n de la comunidad denunciando las acciones lesivas de las bandas de extorsionadores para erradicarlas a todo nivel\u00bb.<\/p>\n<\/blockquote>\n\n\n\n<p><\/p>\n\n\n\n<p>Tras el redise\u00f1o de Divisi\u00f3n de Operaciones Especiales de la PNP para fortalecer&nbsp;seguridad ciudadana, m\u00e1s de 530 efectivos policiales conformar\u00e1n los nuevos grupos. Asimismo, la PNP invoc\u00f3 a los ciudadanos a&nbsp;seguir denunciando los hechos delincuenciales: \u00abEs importante la contribuci\u00f3n de la comunidad denunciando las acciones lesivas de las bandas de extorsionadores para erradicarlas a todo nivel\u00bb.<\/p>\n\n\n\n<p>El titular del sector del Interior se pronunci\u00f3 sobre el&nbsp;archivamiento del proyecto de ley, por parte del Congreso, que propon\u00eda la creaci\u00f3n de la Polic\u00eda del Orden: \u00abEra una gran oportunidad hist\u00f3rica para el pa\u00eds para contribuir con la seguridad. El&nbsp;Poder Ejecutivo&nbsp;hemos sido respetuosos de las decisiones que puede tomar el&nbsp;Congreso de la Rep\u00fablica. Buscaremos alternativas inmediatas para darle soluciones a la inseguridad\u00bb.<\/p>","protected":false},"excerpt":{"rendered":"<p>Ministerio del Interior anuncia creaci\u00f3n de 3 grupos especiales para enfrentar la delincuencia<\/p>","protected":false},"author":11,"featured_media":507,"comment_status":"open","ping_status":"open","sticky":false,"template":"","format":"standard","meta":{"footnotes":""},"categories":[178],"tags":[179],"class_list":["post-505","post","type-post","status-publish","format-standard","has-post-thumbnail","hentry","category-policial","tag-policiales"],"yoast_head":"<!-- This site is optimized with the Yoast SEO plugin v27.4 - https:\/\/yoast.com\/product\/yoast-seo-wordpress\/ -->\n<title>Ministerio del Interior anuncia creaci\u00f3n de 3 grupos especiales para enfrentar la delincuencia - Pulso27<\/title>\n<meta name=\"robots\" content=\"index, follow, max-snippet:-1, max-image-preview:large, max-video-preview:-1\" \/>\n<link rel=\"canonical\" href=\"https:\/\/pulso27.com\/en\/policial\/ministerio-del-interior-anuncia-creacion-de-3-grupos-especiales-para-enfrentar-la-delincuencia\/\" \/>\n<meta property=\"og:locale\" content=\"en_US\" \/>\n<meta property=\"og:type\" content=\"article\" \/>\n<meta property=\"og:title\" content=\"Ministerio del Interior anuncia creaci\u00f3n de 3 grupos especiales para enfrentar la delincuencia - Pulso27\" \/>\n<meta property=\"og:description\" content=\"Ministerio del Interior anuncia creaci\u00f3n de 3 grupos especiales para enfrentar la delincuencia\" \/>\n<meta property=\"og:url\" content=\"https:\/\/pulso27.com\/en\/policial\/ministerio-del-interior-anuncia-creacion-de-3-grupos-especiales-para-enfrentar-la-delincuencia\/\" \/>\n<meta property=\"og:site_name\" content=\"Pulso27\" \/>\n<meta property=\"article:publisher\" content=\"https:\/\/www.facebook.com\/pulso27\/\" \/>\n<meta property=\"article:author\" content=\"https:\/\/www.facebook.com\/pulso27\" \/>\n<meta property=\"article:published_time\" content=\"2023-11-07T14:05:05+00:00\" \/>\n<meta property=\"article:modified_time\" content=\"2024-11-02T03:46:57+00:00\" \/>\n<meta property=\"og:image\" content=\"https:\/\/pulso27.com\/wp-content\/uploads\/2023\/11\/grupo-terna.jpg\" \/>\n\t<meta property=\"og:image:width\" content=\"980\" \/>\n\t<meta property=\"og:image:height\" content=\"528\" \/>\n\t<meta property=\"og:image:type\" content=\"image\/jpeg\" \/>\n<meta name=\"author\" content=\"Editor\" \/>\n<meta name=\"twitter:card\" content=\"summary_large_image\" \/>\n<meta name=\"twitter:creator\" content=\"@https:\/\/x.com\/Pulso_27\" \/>\n<meta name=\"twitter:site\" content=\"@Pulso_27\" \/>\n<meta name=\"twitter:label1\" content=\"Written by\" \/>\n\t<meta name=\"twitter:data1\" content=\"Editor\" \/>\n\t<meta name=\"twitter:label2\" content=\"Est. reading time\" \/>\n\t<meta name=\"twitter:data2\" content=\"1 minute\" \/>\n<script type=\"application\/ld+json\" class=\"yoast-schema-graph\">{\"@context\":\"https:\\\/\\\/schema.org\",\"@graph\":[{\"@type\":\"Article\",\"@id\":\"https:\\\/\\\/pulso27.com\\\/policial\\\/ministerio-del-interior-anuncia-creacion-de-3-grupos-especiales-para-enfrentar-la-delincuencia\\\/#article\",\"isPartOf\":{\"@id\":\"https:\\\/\\\/pulso27.com\\\/policial\\\/ministerio-del-interior-anuncia-creacion-de-3-grupos-especiales-para-enfrentar-la-delincuencia\\\/\"},\"author\":{\"name\":\"Editor\",\"@id\":\"https:\\\/\\\/pulso27.com\\\/en\\\/#\\\/schema\\\/person\\\/e0da4cfacbab724cbf4ab44bcc030735\"},\"headline\":\"Ministerio del Interior anuncia creaci\u00f3n de 3 grupos especiales para enfrentar la delincuencia\",\"datePublished\":\"2023-11-07T14:05:05+00:00\",\"dateModified\":\"2024-11-02T03:46:57+00:00\",\"mainEntityOfPage\":{\"@id\":\"https:\\\/\\\/pulso27.com\\\/policial\\\/ministerio-del-interior-anuncia-creacion-de-3-grupos-especiales-para-enfrentar-la-delincuencia\\\/\"},\"wordCount\":243,\"commentCount\":0,\"publisher\":{\"@id\":\"https:\\\/\\\/pulso27.com\\\/en\\\/#organization\"},\"image\":{\"@id\":\"https:\\\/\\\/pulso27.com\\\/policial\\\/ministerio-del-interior-anuncia-creacion-de-3-grupos-especiales-para-enfrentar-la-delincuencia\\\/#primaryimage\"},\"thumbnailUrl\":\"https:\\\/\\\/pulso27.com\\\/wp-content\\\/uploads\\\/2023\\\/11\\\/grupo-terna.jpg\",\"keywords\":[\"Policiales\"],\"articleSection\":[\"Policial\"],\"inLanguage\":\"en-US\",\"potentialAction\":[{\"@type\":\"CommentAction\",\"name\":\"Comment\",\"target\":[\"https:\\\/\\\/pulso27.com\\\/policial\\\/ministerio-del-interior-anuncia-creacion-de-3-grupos-especiales-para-enfrentar-la-delincuencia\\\/#respond\"]}]},{\"@type\":\"WebPage\",\"@id\":\"https:\\\/\\\/pulso27.com\\\/policial\\\/ministerio-del-interior-anuncia-creacion-de-3-grupos-especiales-para-enfrentar-la-delincuencia\\\/\",\"url\":\"https:\\\/\\\/pulso27.com\\\/policial\\\/ministerio-del-interior-anuncia-creacion-de-3-grupos-especiales-para-enfrentar-la-delincuencia\\\/\",\"name\":\"Ministerio del Interior anuncia creaci\u00f3n de 3 grupos especiales para enfrentar la delincuencia - Pulso27\",\"isPartOf\":{\"@id\":\"https:\\\/\\\/pulso27.com\\\/en\\\/#website\"},\"primaryImageOfPage\":{\"@id\":\"https:\\\/\\\/pulso27.com\\\/policial\\\/ministerio-del-interior-anuncia-creacion-de-3-grupos-especiales-para-enfrentar-la-delincuencia\\\/#primaryimage\"},\"image\":{\"@id\":\"https:\\\/\\\/pulso27.com\\\/policial\\\/ministerio-del-interior-anuncia-creacion-de-3-grupos-especiales-para-enfrentar-la-delincuencia\\\/#primaryimage\"},\"thumbnailUrl\":\"https:\\\/\\\/pulso27.com\\\/wp-content\\\/uploads\\\/2023\\\/11\\\/grupo-terna.jpg\",\"datePublished\":\"2023-11-07T14:05:05+00:00\",\"dateModified\":\"2024-11-02T03:46:57+00:00\",\"breadcrumb\":{\"@id\":\"https:\\\/\\\/pulso27.com\\\/policial\\\/ministerio-del-interior-anuncia-creacion-de-3-grupos-especiales-para-enfrentar-la-delincuencia\\\/#breadcrumb\"},\"inLanguage\":\"en-US\",\"potentialAction\":[{\"@type\":\"ReadAction\",\"target\":[\"https:\\\/\\\/pulso27.com\\\/policial\\\/ministerio-del-interior-anuncia-creacion-de-3-grupos-especiales-para-enfrentar-la-delincuencia\\\/\"]}]},{\"@type\":\"ImageObject\",\"inLanguage\":\"en-US\",\"@id\":\"https:\\\/\\\/pulso27.com\\\/policial\\\/ministerio-del-interior-anuncia-creacion-de-3-grupos-especiales-para-enfrentar-la-delincuencia\\\/#primaryimage\",\"url\":\"https:\\\/\\\/pulso27.com\\\/wp-content\\\/uploads\\\/2023\\\/11\\\/grupo-terna.jpg\",\"contentUrl\":\"https:\\\/\\\/pulso27.com\\\/wp-content\\\/uploads\\\/2023\\\/11\\\/grupo-terna.jpg\",\"width\":980,\"height\":528},{\"@type\":\"BreadcrumbList\",\"@id\":\"https:\\\/\\\/pulso27.com\\\/policial\\\/ministerio-del-interior-anuncia-creacion-de-3-grupos-especiales-para-enfrentar-la-delincuencia\\\/#breadcrumb\",\"itemListElement\":[{\"@type\":\"ListItem\",\"position\":1,\"name\":\"Portada\",\"item\":\"https:\\\/\\\/pulso27.com\\\/\"},{\"@type\":\"ListItem\",\"position\":2,\"name\":\"Ministerio del Interior anuncia creaci\u00f3n de 3 grupos especiales para enfrentar la delincuencia\"}]},{\"@type\":\"WebSite\",\"@id\":\"https:\\\/\\\/pulso27.com\\\/en\\\/#website\",\"url\":\"https:\\\/\\\/pulso27.com\\\/en\\\/\",\"name\":\"Pulso27\",\"description\":\"Web de noticias y publicidad\",\"publisher\":{\"@id\":\"https:\\\/\\\/pulso27.com\\\/en\\\/#organization\"},\"alternateName\":\"El pulso del pueblo\",\"potentialAction\":[{\"@type\":\"SearchAction\",\"target\":{\"@type\":\"EntryPoint\",\"urlTemplate\":\"https:\\\/\\\/pulso27.com\\\/en\\\/?s={search_term_string}\"},\"query-input\":{\"@type\":\"PropertyValueSpecification\",\"valueRequired\":true,\"valueName\":\"search_term_string\"}}],\"inLanguage\":\"en-US\"},{\"@type\":\"Organization\",\"@id\":\"https:\\\/\\\/pulso27.com\\\/en\\\/#organization\",\"name\":\"Pulso27\",\"url\":\"https:\\\/\\\/pulso27.com\\\/en\\\/\",\"logo\":{\"@type\":\"ImageObject\",\"inLanguage\":\"en-US\",\"@id\":\"https:\\\/\\\/pulso27.com\\\/en\\\/#\\\/schema\\\/logo\\\/image\\\/\",\"url\":\"https:\\\/\\\/pulso27.com\\\/wp-content\\\/uploads\\\/2026\\\/02\\\/Logotipo-de-la-organizacion-696-x-696-px-ok.png\",\"contentUrl\":\"https:\\\/\\\/pulso27.com\\\/wp-content\\\/uploads\\\/2026\\\/02\\\/Logotipo-de-la-organizacion-696-x-696-px-ok.png\",\"width\":696,\"height\":696,\"caption\":\"Pulso27\"},\"image\":{\"@id\":\"https:\\\/\\\/pulso27.com\\\/en\\\/#\\\/schema\\\/logo\\\/image\\\/\"},\"sameAs\":[\"https:\\\/\\\/www.facebook.com\\\/pulso27\\\/\",\"https:\\\/\\\/x.com\\\/Pulso_27\",\"https:\\\/\\\/www.youtube.com\\\/@Pulso27\",\"https:\\\/\\\/www.tiktok.com\\\/@pulso_27\"]},{\"@type\":\"Person\",\"@id\":\"https:\\\/\\\/pulso27.com\\\/en\\\/#\\\/schema\\\/person\\\/e0da4cfacbab724cbf4ab44bcc030735\",\"name\":\"Editor\",\"image\":{\"@type\":\"ImageObject\",\"inLanguage\":\"en-US\",\"@id\":\"https:\\\/\\\/pulso27.com\\\/wp-content\\\/uploads\\\/2025\\\/03\\\/c-150x150.png\",\"url\":\"https:\\\/\\\/pulso27.com\\\/wp-content\\\/uploads\\\/2025\\\/03\\\/c-150x150.png\",\"contentUrl\":\"https:\\\/\\\/pulso27.com\\\/wp-content\\\/uploads\\\/2025\\\/03\\\/c-150x150.png\",\"caption\":\"Editor\"},\"sameAs\":[\"http:\\\/\\\/www.pulso27.com\",\"https:\\\/\\\/www.facebook.com\\\/pulso27\",\"https:\\\/\\\/x.com\\\/https:\\\/\\\/x.com\\\/Pulso_27\",\"https:\\\/\\\/www.youtube.com\\\/@Pulso27\"],\"url\":\"https:\\\/\\\/pulso27.com\\\/en\\\/author\\\/editor\\\/\"}]}<\/script>\n<!-- \/ Yoast SEO plugin. -->","yoast_head_json":{"title":"Ministerio del Interior anuncia creaci\u00f3n de 3 grupos especiales para enfrentar la delincuencia - Pulso27","robots":{"index":"index","follow":"follow","max-snippet":"max-snippet:-1","max-image-preview":"max-image-preview:large","max-video-preview":"max-video-preview:-1"},"canonical":"https:\/\/pulso27.com\/en\/policial\/ministerio-del-interior-anuncia-creacion-de-3-grupos-especiales-para-enfrentar-la-delincuencia\/","og_locale":"en_US","og_type":"article","og_title":"Ministerio del Interior anuncia creaci\u00f3n de 3 grupos especiales para enfrentar la delincuencia - Pulso27","og_description":"Ministerio del Interior anuncia creaci\u00f3n de 3 grupos especiales para enfrentar la delincuencia","og_url":"https:\/\/pulso27.com\/en\/policial\/ministerio-del-interior-anuncia-creacion-de-3-grupos-especiales-para-enfrentar-la-delincuencia\/","og_site_name":"Pulso27","article_publisher":"https:\/\/www.facebook.com\/pulso27\/","article_author":"https:\/\/www.facebook.com\/pulso27","article_published_time":"2023-11-07T14:05:05+00:00","article_modified_time":"2024-11-02T03:46:57+00:00","og_image":[{"width":980,"height":528,"url":"https:\/\/pulso27.com\/wp-content\/uploads\/2023\/11\/grupo-terna.jpg","type":"image\/jpeg"}],"author":"Editor","twitter_card":"summary_large_image","twitter_creator":"@https:\/\/x.com\/Pulso_27","twitter_site":"@Pulso_27","twitter_misc":{"Written by":"Editor","Est. reading time":"1 minute"},"schema":{"@context":"https:\/\/schema.org","@graph":[{"@type":"Article","@id":"https:\/\/pulso27.com\/policial\/ministerio-del-interior-anuncia-creacion-de-3-grupos-especiales-para-enfrentar-la-delincuencia\/#article","isPartOf":{"@id":"https:\/\/pulso27.com\/policial\/ministerio-del-interior-anuncia-creacion-de-3-grupos-especiales-para-enfrentar-la-delincuencia\/"},"author":{"name":"Editor","@id":"https:\/\/pulso27.com\/en\/#\/schema\/person\/e0da4cfacbab724cbf4ab44bcc030735"},"headline":"Ministerio del Interior anuncia creaci\u00f3n de 3 grupos especiales para enfrentar la delincuencia","datePublished":"2023-11-07T14:05:05+00:00","dateModified":"2024-11-02T03:46:57+00:00","mainEntityOfPage":{"@id":"https:\/\/pulso27.com\/policial\/ministerio-del-interior-anuncia-creacion-de-3-grupos-especiales-para-enfrentar-la-delincuencia\/"},"wordCount":243,"commentCount":0,"publisher":{"@id":"https:\/\/pulso27.com\/en\/#organization"},"image":{"@id":"https:\/\/pulso27.com\/policial\/ministerio-del-interior-anuncia-creacion-de-3-grupos-especiales-para-enfrentar-la-delincuencia\/#primaryimage"},"thumbnailUrl":"https:\/\/pulso27.com\/wp-content\/uploads\/2023\/11\/grupo-terna.jpg","keywords":["Policiales"],"articleSection":["Policial"],"inLanguage":"en-US","potentialAction":[{"@type":"CommentAction","name":"Comment","target":["https:\/\/pulso27.com\/policial\/ministerio-del-interior-anuncia-creacion-de-3-grupos-especiales-para-enfrentar-la-delincuencia\/#respond"]}]},{"@type":"WebPage","@id":"https:\/\/pulso27.com\/policial\/ministerio-del-interior-anuncia-creacion-de-3-grupos-especiales-para-enfrentar-la-delincuencia\/","url":"https:\/\/pulso27.com\/policial\/ministerio-del-interior-anuncia-creacion-de-3-grupos-especiales-para-enfrentar-la-delincuencia\/","name":"Ministerio del Interior anuncia creaci\u00f3n de 3 grupos especiales para enfrentar la delincuencia - Pulso27","isPartOf":{"@id":"https:\/\/pulso27.com\/en\/#website"},"primaryImageOfPage":{"@id":"https:\/\/pulso27.com\/policial\/ministerio-del-interior-anuncia-creacion-de-3-grupos-especiales-para-enfrentar-la-delincuencia\/#primaryimage"},"image":{"@id":"https:\/\/pulso27.com\/policial\/ministerio-del-interior-anuncia-creacion-de-3-grupos-especiales-para-enfrentar-la-delincuencia\/#primaryimage"},"thumbnailUrl":"https:\/\/pulso27.com\/wp-content\/uploads\/2023\/11\/grupo-terna.jpg","datePublished":"2023-11-07T14:05:05+00:00","dateModified":"2024-11-02T03:46:57+00:00","breadcrumb":{"@id":"https:\/\/pulso27.com\/policial\/ministerio-del-interior-anuncia-creacion-de-3-grupos-especiales-para-enfrentar-la-delincuencia\/#breadcrumb"},"inLanguage":"en-US","potentialAction":[{"@type":"ReadAction","target":["https:\/\/pulso27.com\/policial\/ministerio-del-interior-anuncia-creacion-de-3-grupos-especiales-para-enfrentar-la-delincuencia\/"]}]},{"@type":"ImageObject","inLanguage":"en-US","@id":"https:\/\/pulso27.com\/policial\/ministerio-del-interior-anuncia-creacion-de-3-grupos-especiales-para-enfrentar-la-delincuencia\/#primaryimage","url":"https:\/\/pulso27.com\/wp-content\/uploads\/2023\/11\/grupo-terna.jpg","contentUrl":"https:\/\/pulso27.com\/wp-content\/uploads\/2023\/11\/grupo-terna.jpg","width":980,"height":528},{"@type":"BreadcrumbList","@id":"https:\/\/pulso27.com\/policial\/ministerio-del-interior-anuncia-creacion-de-3-grupos-especiales-para-enfrentar-la-delincuencia\/#breadcrumb","itemListElement":[{"@type":"ListItem","position":1,"name":"Portada","item":"https:\/\/pulso27.com\/"},{"@type":"ListItem","position":2,"name":"Ministerio del Interior anuncia creaci\u00f3n de 3 grupos especiales para enfrentar la delincuencia"}]},{"@type":"WebSite","@id":"https:\/\/pulso27.com\/en\/#website","url":"https:\/\/pulso27.com\/en\/","name":"Pulso27","description":"Web de noticias y publicidad","publisher":{"@id":"https:\/\/pulso27.com\/en\/#organization"},"alternateName":"El pulso del pueblo","potentialAction":[{"@type":"SearchAction","target":{"@type":"EntryPoint","urlTemplate":"https:\/\/pulso27.com\/en\/?s={search_term_string}"},"query-input":{"@type":"PropertyValueSpecification","valueRequired":true,"valueName":"search_term_string"}}],"inLanguage":"en-US"},{"@type":"Organization","@id":"https:\/\/pulso27.com\/en\/#organization","name":"Pulso27","url":"https:\/\/pulso27.com\/en\/","logo":{"@type":"ImageObject","inLanguage":"en-US","@id":"https:\/\/pulso27.com\/en\/#\/schema\/logo\/image\/","url":"https:\/\/pulso27.com\/wp-content\/uploads\/2026\/02\/Logotipo-de-la-organizacion-696-x-696-px-ok.png","contentUrl":"https:\/\/pulso27.com\/wp-content\/uploads\/2026\/02\/Logotipo-de-la-organizacion-696-x-696-px-ok.png","width":696,"height":696,"caption":"Pulso27"},"image":{"@id":"https:\/\/pulso27.com\/en\/#\/schema\/logo\/image\/"},"sameAs":["https:\/\/www.facebook.com\/pulso27\/","https:\/\/x.com\/Pulso_27","https:\/\/www.youtube.com\/@Pulso27","https:\/\/www.tiktok.com\/@pulso_27"]},{"@type":"Person","@id":"https:\/\/pulso27.com\/en\/#\/schema\/person\/e0da4cfacbab724cbf4ab44bcc030735","name":"Editor","image":{"@type":"ImageObject","inLanguage":"en-US","@id":"https:\/\/pulso27.com\/wp-content\/uploads\/2025\/03\/c-150x150.png","url":"https:\/\/pulso27.com\/wp-content\/uploads\/2025\/03\/c-150x150.png","contentUrl":"https:\/\/pulso27.com\/wp-content\/uploads\/2025\/03\/c-150x150.png","caption":"Editor"},"sameAs":["http:\/\/www.pulso27.com","https:\/\/www.facebook.com\/pulso27","https:\/\/x.com\/https:\/\/x.com\/Pulso_27","https:\/\/www.youtube.com\/@Pulso27"],"url":"https:\/\/pulso27.com\/en\/author\/editor\/"}]}},"amp_enabled":true,"_links":{"self":[{"href":"https:\/\/pulso27.com\/en\/wp-json\/wp\/v2\/posts\/505","targetHints":{"allow":["GET"]}}],"collection":[{"href":"https:\/\/pulso27.com\/en\/wp-json\/wp\/v2\/posts"}],"about":[{"href":"https:\/\/pulso27.com\/en\/wp-json\/wp\/v2\/types\/post"}],"author":[{"embeddable":true,"href":"https:\/\/pulso27.com\/en\/wp-json\/wp\/v2\/users\/11"}],"replies":[{"embeddable":true,"href":"https:\/\/pulso27.com\/en\/wp-json\/wp\/v2\/comments?post=505"}],"version-history":[{"count":1,"href":"https:\/\/pulso27.com\/en\/wp-json\/wp\/v2\/posts\/505\/revisions"}],"predecessor-version":[{"id":508,"href":"https:\/\/pulso27.com\/en\/wp-json\/wp\/v2\/posts\/505\/revisions\/508"}],"wp:featuredmedia":[{"embeddable":true,"href":"https:\/\/pulso27.com\/en\/wp-json\/wp\/v2\/media\/507"}],"wp:attachment":[{"href":"https:\/\/pulso27.com\/en\/wp-json\/wp\/v2\/media?parent=505"}],"wp:term":[{"taxonomy":"category","embeddable":true,"href":"https:\/\/pulso27.com\/en\/wp-json\/wp\/v2\/categories?post=505"},{"taxonomy":"post_tag","embeddable":true,"href":"https:\/\/pulso27.com\/en\/wp-json\/wp\/v2\/tags?post=505"}],"curies":[{"name":"wp","href":"https:\/\/api.w.org\/{rel}","templated":true}]}}