{"id":5148,"date":"2025-04-09T06:17:55","date_gmt":"2025-04-09T01:17:55","guid":{"rendered":"https:\/\/pulso27.com\/?p=5148"},"modified":"2025-04-09T06:18:00","modified_gmt":"2025-04-09T01:18:00","slug":"transportistas-pararan-este-jueves-9-de-abril-por-atentado-contra-choferes-de-combi-en-distrito-de-san-miguel","status":"publish","type":"post","link":"https:\/\/pulso27.com\/en\/actualidad\/policial\/transportistas-pararan-este-jueves-9-de-abril-por-atentado-contra-choferes-de-combi-en-distrito-de-san-miguel\/","title":{"rendered":"Transportistas parar\u00e1n este jueves 9 de abril por atentado contra choferes de combi en distrito de San Miguel"},"content":{"rendered":"<p>La violencia desatada por las extorsiones en el sector del transporte p\u00fablico de Lima alcanz\u00f3 un nuevo pico este martes 8 de abril, cuando dos sicarios a bordo de una motocicleta atacaron a balazos a dos conductores de combis en la avenida Venezuela, en el distrito de San Miguel. El saldo: un chofer muerto y otro gravemente herido, en un hecho que ha indignado a los transportistas y ha motivado la convocatoria a un paro masivo para el jueves 9 de abril.<\/p>\n\n\n\n<p>El ataque ocurri\u00f3 alrededor de las 11:30 de la ma\u00f1ana, cuando los criminales dispararon primero contra Luis Chinchay, de 65 a\u00f1os, conductor de un veh\u00edculo de la empresa Emisca S.A. (placa AJU-943), que cubre la ruta Callao-Bre\u00f1a. Metros m\u00e1s adelante, abrieron fuego contra Daniel Alexis Guillermo D\u00edaz, de 25 a\u00f1os, quien tambi\u00e9n manejaba una combi. Seg\u00fan fuentes preliminares, uno de los conductores falleci\u00f3 en el acto, mientras que el sobreviviente fue trasladado al Hospital Naval en estado cr\u00edtico.<\/p>\n\n\n\n<p>Testigos relataron momentos de p\u00e1nico. \u201c<em>Han disparado y la moto se ha ido. Los pasajeros se tiraron al suelo, fue horrible<\/em>\u201d, se\u00f1al\u00f3 el cobrador de una de las combis afectadas en di\u00e1logo con con una radio de cobertura nacional. A\u00f1adi\u00f3 que las balas impactaron en el abdomen y la pierna de uno de los choferes, y descart\u00f3 que hubieran recibido amenazas previas. \u201c<em>Es la primera vez que pasa algo as\u00ed en esta ruta<\/em>\u201d, afirm\u00f3.<\/p>\n\n\n\n<figure class=\"wp-block-image size-full is-resized\"><img loading=\"lazy\" decoding=\"async\" width=\"640\" height=\"374\" src=\"https:\/\/pulso27.com\/wp-content\/uploads\/2025\/04\/image-23.png\" alt=\"\" class=\"wp-image-5149\" style=\"width:740px;height:auto\" srcset=\"https:\/\/pulso27.com\/wp-content\/uploads\/2025\/04\/image-23.png 640w, https:\/\/pulso27.com\/wp-content\/uploads\/2025\/04\/image-23-300x175.png 300w, https:\/\/pulso27.com\/wp-content\/uploads\/2025\/04\/image-23-18x12.png 18w\" sizes=\"auto, (max-width: 640px) 100vw, 640px\" \/><figcaption class=\"wp-element-caption\"><em>Luego de los hechos de violencia, los conductores y cobradores bloquearon el cruce de la avenida Venezuela con la avenida Faucett<\/em><\/figcaption><\/figure>\n\n\n\n<p><strong>Protesta y bloqueos en respuesta<\/strong><\/p>\n\n\n\n<p>Tras el violento episodio, conductores y cobradores de la zona bloquearon el cruce de la avenida Venezuela con la avenida Faucett como medida de protesta, exigiendo justicia y mayor protecci\u00f3n. \u201c<em>La Polic\u00eda no hace lo suficiente, seguimos muriendo<\/em>\u201d, denunci\u00f3 uno de los manifestantes a Latina Noticias. El sector transporte, hastiado por la impunidad, ha intensificado sus reclamos ante las autoridades.<\/p>\n\n\n\n<p><strong>Paro de transportistas este jueves<\/strong><\/p>\n\n\n\n<p>En respuesta a este nuevo asesinato, el presidente de la Asociaci\u00f3n Nacional de Integraci\u00f3n de Transportistas (Anitra), Mart\u00edn Valeriano, confirm\u00f3 que m\u00e1s de 20 mil unidades de transporte p\u00fablico paralizar\u00e1n sus labores el jueves 9 de abril en Lima y Callao. La protesta, respaldada por empresas como El Anconero, Sesosa, L\u00ednea 39, Translima, Chimp\u00fan Callao y \u00abLa 41\u00bb, busca visibilizar la crisis de seguridad que enfrentan los choferes y presionar al gobierno por soluciones efectivas. A diferencia del paro parcial del lunes 7, esta medida promete un impacto mayor, afectando rutas clave en el norte, sur, centro y este de la capital.<\/p>","protected":false},"excerpt":{"rendered":"<p>La violencia desatada por las extorsiones en el sector del transporte p\u00fablico de Lima alcanz\u00f3 un nuevo pico este martes 8 de abril, cuando dos sicarios a bordo de una motocicleta atacaron a balazos a dos conductores de combis en la avenida Venezuela, en el distrito de San Miguel. El saldo: un chofer muerto y [&hellip;]<\/p>\n","protected":false},"author":13,"featured_media":5150,"comment_status":"open","ping_status":"open","sticky":false,"template":"","format":"standard","meta":{"footnotes":""},"categories":[174,178,809],"tags":[861],"class_list":["post-5148","post","type-post","status-publish","format-standard","has-post-thumbnail","hentry","category-nacional","category-policial","category-salud","tag-parodetransportes"],"yoast_head":"<!-- This site is optimized with the Yoast SEO plugin v27.4 - https:\/\/yoast.com\/product\/yoast-seo-wordpress\/ -->\n<title>Transportistas parar\u00e1n este jueves 9 de abril por atentado contra choferes de combi en distrito de San Miguel - Pulso27<\/title>\n<meta name=\"robots\" content=\"index, follow, max-snippet:-1, max-image-preview:large, max-video-preview:-1\" \/>\n<link rel=\"canonical\" href=\"https:\/\/pulso27.com\/en\/actualidad\/policial\/transportistas-pararan-este-jueves-9-de-abril-por-atentado-contra-choferes-de-combi-en-distrito-de-san-miguel\/\" \/>\n<meta property=\"og:locale\" content=\"en_US\" \/>\n<meta property=\"og:type\" content=\"article\" \/>\n<meta property=\"og:title\" content=\"Transportistas parar\u00e1n este jueves 9 de abril por atentado contra choferes de combi en distrito de San Miguel - Pulso27\" \/>\n<meta property=\"og:description\" content=\"La violencia desatada por las extorsiones en el sector del transporte p\u00fablico de Lima alcanz\u00f3 un nuevo pico este martes 8 de abril, cuando dos sicarios a bordo de una motocicleta atacaron a balazos a dos conductores de combis en la avenida Venezuela, en el distrito de San Miguel. El saldo: un chofer muerto y [&hellip;]\" \/>\n<meta property=\"og:url\" content=\"https:\/\/pulso27.com\/en\/actualidad\/policial\/transportistas-pararan-este-jueves-9-de-abril-por-atentado-contra-choferes-de-combi-en-distrito-de-san-miguel\/\" \/>\n<meta property=\"og:site_name\" content=\"Pulso27\" \/>\n<meta property=\"article:publisher\" content=\"https:\/\/www.facebook.com\/pulso27\/\" \/>\n<meta property=\"article:published_time\" content=\"2025-04-09T01:17:55+00:00\" \/>\n<meta property=\"article:modified_time\" content=\"2025-04-09T01:18:00+00:00\" \/>\n<meta property=\"og:image\" content=\"https:\/\/pulso27.com\/wp-content\/uploads\/2025\/04\/SanMiguel1.png\" \/>\n\t<meta property=\"og:image:width\" content=\"1200\" \/>\n\t<meta property=\"og:image:height\" content=\"900\" \/>\n\t<meta property=\"og:image:type\" content=\"image\/png\" \/>\n<meta name=\"author\" content=\"Redactor\" \/>\n<meta name=\"twitter:card\" content=\"summary_large_image\" \/>\n<meta name=\"twitter:creator\" content=\"@Pulso_27\" \/>\n<meta name=\"twitter:site\" content=\"@Pulso_27\" \/>\n<meta name=\"twitter:label1\" content=\"Written by\" \/>\n\t<meta name=\"twitter:data1\" content=\"Redactor\" \/>\n\t<meta name=\"twitter:label2\" content=\"Est. reading time\" \/>\n\t<meta name=\"twitter:data2\" content=\"3 minutes\" \/>\n<script type=\"application\/ld+json\" class=\"yoast-schema-graph\">{\"@context\":\"https:\\\/\\\/schema.org\",\"@graph\":[{\"@type\":\"Article\",\"@id\":\"https:\\\/\\\/pulso27.com\\\/actualidad\\\/policial\\\/transportistas-pararan-este-jueves-9-de-abril-por-atentado-contra-choferes-de-combi-en-distrito-de-san-miguel\\\/#article\",\"isPartOf\":{\"@id\":\"https:\\\/\\\/pulso27.com\\\/actualidad\\\/policial\\\/transportistas-pararan-este-jueves-9-de-abril-por-atentado-contra-choferes-de-combi-en-distrito-de-san-miguel\\\/\"},\"author\":{\"name\":\"Redactor\",\"@id\":\"https:\\\/\\\/pulso27.com\\\/en\\\/#\\\/schema\\\/person\\\/bf5ee161e6c87f6c7d57f5e689ef8526\"},\"headline\":\"Transportistas parar\u00e1n este jueves 9 de abril por atentado contra choferes de combi en distrito de San Miguel\",\"datePublished\":\"2025-04-09T01:17:55+00:00\",\"dateModified\":\"2025-04-09T01:18:00+00:00\",\"mainEntityOfPage\":{\"@id\":\"https:\\\/\\\/pulso27.com\\\/actualidad\\\/policial\\\/transportistas-pararan-este-jueves-9-de-abril-por-atentado-contra-choferes-de-combi-en-distrito-de-san-miguel\\\/\"},\"wordCount\":461,\"commentCount\":0,\"publisher\":{\"@id\":\"https:\\\/\\\/pulso27.com\\\/en\\\/#organization\"},\"image\":{\"@id\":\"https:\\\/\\\/pulso27.com\\\/actualidad\\\/policial\\\/transportistas-pararan-este-jueves-9-de-abril-por-atentado-contra-choferes-de-combi-en-distrito-de-san-miguel\\\/#primaryimage\"},\"thumbnailUrl\":\"https:\\\/\\\/pulso27.com\\\/wp-content\\\/uploads\\\/2025\\\/04\\\/SanMiguel1.png\",\"keywords\":[\"ParoDeTransportes\"],\"articleSection\":[\"Nacional\",\"Policial\",\"Salud\"],\"inLanguage\":\"en-US\",\"potentialAction\":[{\"@type\":\"CommentAction\",\"name\":\"Comment\",\"target\":[\"https:\\\/\\\/pulso27.com\\\/actualidad\\\/policial\\\/transportistas-pararan-este-jueves-9-de-abril-por-atentado-contra-choferes-de-combi-en-distrito-de-san-miguel\\\/#respond\"]}]},{\"@type\":\"WebPage\",\"@id\":\"https:\\\/\\\/pulso27.com\\\/actualidad\\\/policial\\\/transportistas-pararan-este-jueves-9-de-abril-por-atentado-contra-choferes-de-combi-en-distrito-de-san-miguel\\\/\",\"url\":\"https:\\\/\\\/pulso27.com\\\/actualidad\\\/policial\\\/transportistas-pararan-este-jueves-9-de-abril-por-atentado-contra-choferes-de-combi-en-distrito-de-san-miguel\\\/\",\"name\":\"Transportistas parar\u00e1n este jueves 9 de abril por atentado contra choferes de combi en distrito de San Miguel - Pulso27\",\"isPartOf\":{\"@id\":\"https:\\\/\\\/pulso27.com\\\/en\\\/#website\"},\"primaryImageOfPage\":{\"@id\":\"https:\\\/\\\/pulso27.com\\\/actualidad\\\/policial\\\/transportistas-pararan-este-jueves-9-de-abril-por-atentado-contra-choferes-de-combi-en-distrito-de-san-miguel\\\/#primaryimage\"},\"image\":{\"@id\":\"https:\\\/\\\/pulso27.com\\\/actualidad\\\/policial\\\/transportistas-pararan-este-jueves-9-de-abril-por-atentado-contra-choferes-de-combi-en-distrito-de-san-miguel\\\/#primaryimage\"},\"thumbnailUrl\":\"https:\\\/\\\/pulso27.com\\\/wp-content\\\/uploads\\\/2025\\\/04\\\/SanMiguel1.png\",\"datePublished\":\"2025-04-09T01:17:55+00:00\",\"dateModified\":\"2025-04-09T01:18:00+00:00\",\"breadcrumb\":{\"@id\":\"https:\\\/\\\/pulso27.com\\\/actualidad\\\/policial\\\/transportistas-pararan-este-jueves-9-de-abril-por-atentado-contra-choferes-de-combi-en-distrito-de-san-miguel\\\/#breadcrumb\"},\"inLanguage\":\"en-US\",\"potentialAction\":[{\"@type\":\"ReadAction\",\"target\":[\"https:\\\/\\\/pulso27.com\\\/actualidad\\\/policial\\\/transportistas-pararan-este-jueves-9-de-abril-por-atentado-contra-choferes-de-combi-en-distrito-de-san-miguel\\\/\"]}]},{\"@type\":\"ImageObject\",\"inLanguage\":\"en-US\",\"@id\":\"https:\\\/\\\/pulso27.com\\\/actualidad\\\/policial\\\/transportistas-pararan-este-jueves-9-de-abril-por-atentado-contra-choferes-de-combi-en-distrito-de-san-miguel\\\/#primaryimage\",\"url\":\"https:\\\/\\\/pulso27.com\\\/wp-content\\\/uploads\\\/2025\\\/04\\\/SanMiguel1.png\",\"contentUrl\":\"https:\\\/\\\/pulso27.com\\\/wp-content\\\/uploads\\\/2025\\\/04\\\/SanMiguel1.png\",\"width\":1200,\"height\":900},{\"@type\":\"BreadcrumbList\",\"@id\":\"https:\\\/\\\/pulso27.com\\\/actualidad\\\/policial\\\/transportistas-pararan-este-jueves-9-de-abril-por-atentado-contra-choferes-de-combi-en-distrito-de-san-miguel\\\/#breadcrumb\",\"itemListElement\":[{\"@type\":\"ListItem\",\"position\":1,\"name\":\"Portada\",\"item\":\"https:\\\/\\\/pulso27.com\\\/\"},{\"@type\":\"ListItem\",\"position\":2,\"name\":\"Transportistas parar\u00e1n este jueves 9 de abril por atentado contra choferes de combi en distrito de San Miguel\"}]},{\"@type\":\"WebSite\",\"@id\":\"https:\\\/\\\/pulso27.com\\\/en\\\/#website\",\"url\":\"https:\\\/\\\/pulso27.com\\\/en\\\/\",\"name\":\"Pulso27\",\"description\":\"Web de noticias y publicidad\",\"publisher\":{\"@id\":\"https:\\\/\\\/pulso27.com\\\/en\\\/#organization\"},\"alternateName\":\"El pulso del pueblo\",\"potentialAction\":[{\"@type\":\"SearchAction\",\"target\":{\"@type\":\"EntryPoint\",\"urlTemplate\":\"https:\\\/\\\/pulso27.com\\\/en\\\/?s={search_term_string}\"},\"query-input\":{\"@type\":\"PropertyValueSpecification\",\"valueRequired\":true,\"valueName\":\"search_term_string\"}}],\"inLanguage\":\"en-US\"},{\"@type\":\"Organization\",\"@id\":\"https:\\\/\\\/pulso27.com\\\/en\\\/#organization\",\"name\":\"Pulso27\",\"url\":\"https:\\\/\\\/pulso27.com\\\/en\\\/\",\"logo\":{\"@type\":\"ImageObject\",\"inLanguage\":\"en-US\",\"@id\":\"https:\\\/\\\/pulso27.com\\\/en\\\/#\\\/schema\\\/logo\\\/image\\\/\",\"url\":\"https:\\\/\\\/pulso27.com\\\/wp-content\\\/uploads\\\/2026\\\/02\\\/Logotipo-de-la-organizacion-696-x-696-px-ok.png\",\"contentUrl\":\"https:\\\/\\\/pulso27.com\\\/wp-content\\\/uploads\\\/2026\\\/02\\\/Logotipo-de-la-organizacion-696-x-696-px-ok.png\",\"width\":696,\"height\":696,\"caption\":\"Pulso27\"},\"image\":{\"@id\":\"https:\\\/\\\/pulso27.com\\\/en\\\/#\\\/schema\\\/logo\\\/image\\\/\"},\"sameAs\":[\"https:\\\/\\\/www.facebook.com\\\/pulso27\\\/\",\"https:\\\/\\\/x.com\\\/Pulso_27\",\"https:\\\/\\\/www.youtube.com\\\/@Pulso27\",\"https:\\\/\\\/www.tiktok.com\\\/@pulso_27\"]},{\"@type\":\"Person\",\"@id\":\"https:\\\/\\\/pulso27.com\\\/en\\\/#\\\/schema\\\/person\\\/bf5ee161e6c87f6c7d57f5e689ef8526\",\"name\":\"Redactor\",\"image\":{\"@type\":\"ImageObject\",\"inLanguage\":\"en-US\",\"@id\":\"https:\\\/\\\/pulso27.com\\\/wp-content\\\/uploads\\\/2025\\\/03\\\/a-150x150.png\",\"url\":\"https:\\\/\\\/pulso27.com\\\/wp-content\\\/uploads\\\/2025\\\/03\\\/a-150x150.png\",\"contentUrl\":\"https:\\\/\\\/pulso27.com\\\/wp-content\\\/uploads\\\/2025\\\/03\\\/a-150x150.png\",\"caption\":\"Redactor\"},\"sameAs\":[\"http:\\\/\\\/www.pulso27.com\"],\"url\":\"https:\\\/\\\/pulso27.com\\\/en\\\/author\\\/redactor\\\/\"}]}<\/script>\n<!-- \/ Yoast SEO plugin. -->","yoast_head_json":{"title":"Transportistas parar\u00e1n este jueves 9 de abril por atentado contra choferes de combi en distrito de San Miguel - Pulso27","robots":{"index":"index","follow":"follow","max-snippet":"max-snippet:-1","max-image-preview":"max-image-preview:large","max-video-preview":"max-video-preview:-1"},"canonical":"https:\/\/pulso27.com\/en\/actualidad\/policial\/transportistas-pararan-este-jueves-9-de-abril-por-atentado-contra-choferes-de-combi-en-distrito-de-san-miguel\/","og_locale":"en_US","og_type":"article","og_title":"Transportistas parar\u00e1n este jueves 9 de abril por atentado contra choferes de combi en distrito de San Miguel - Pulso27","og_description":"La violencia desatada por las extorsiones en el sector del transporte p\u00fablico de Lima alcanz\u00f3 un nuevo pico este martes 8 de abril, cuando dos sicarios a bordo de una motocicleta atacaron a balazos a dos conductores de combis en la avenida Venezuela, en el distrito de San Miguel. El saldo: un chofer muerto y [&hellip;]","og_url":"https:\/\/pulso27.com\/en\/actualidad\/policial\/transportistas-pararan-este-jueves-9-de-abril-por-atentado-contra-choferes-de-combi-en-distrito-de-san-miguel\/","og_site_name":"Pulso27","article_publisher":"https:\/\/www.facebook.com\/pulso27\/","article_published_time":"2025-04-09T01:17:55+00:00","article_modified_time":"2025-04-09T01:18:00+00:00","og_image":[{"width":1200,"height":900,"url":"https:\/\/pulso27.com\/wp-content\/uploads\/2025\/04\/SanMiguel1.png","type":"image\/png"}],"author":"Redactor","twitter_card":"summary_large_image","twitter_creator":"@Pulso_27","twitter_site":"@Pulso_27","twitter_misc":{"Written by":"Redactor","Est. reading time":"3 minutes"},"schema":{"@context":"https:\/\/schema.org","@graph":[{"@type":"Article","@id":"https:\/\/pulso27.com\/actualidad\/policial\/transportistas-pararan-este-jueves-9-de-abril-por-atentado-contra-choferes-de-combi-en-distrito-de-san-miguel\/#article","isPartOf":{"@id":"https:\/\/pulso27.com\/actualidad\/policial\/transportistas-pararan-este-jueves-9-de-abril-por-atentado-contra-choferes-de-combi-en-distrito-de-san-miguel\/"},"author":{"name":"Redactor","@id":"https:\/\/pulso27.com\/en\/#\/schema\/person\/bf5ee161e6c87f6c7d57f5e689ef8526"},"headline":"Transportistas parar\u00e1n este jueves 9 de abril por atentado contra choferes de combi en distrito de San Miguel","datePublished":"2025-04-09T01:17:55+00:00","dateModified":"2025-04-09T01:18:00+00:00","mainEntityOfPage":{"@id":"https:\/\/pulso27.com\/actualidad\/policial\/transportistas-pararan-este-jueves-9-de-abril-por-atentado-contra-choferes-de-combi-en-distrito-de-san-miguel\/"},"wordCount":461,"commentCount":0,"publisher":{"@id":"https:\/\/pulso27.com\/en\/#organization"},"image":{"@id":"https:\/\/pulso27.com\/actualidad\/policial\/transportistas-pararan-este-jueves-9-de-abril-por-atentado-contra-choferes-de-combi-en-distrito-de-san-miguel\/#primaryimage"},"thumbnailUrl":"https:\/\/pulso27.com\/wp-content\/uploads\/2025\/04\/SanMiguel1.png","keywords":["ParoDeTransportes"],"articleSection":["Nacional","Policial","Salud"],"inLanguage":"en-US","potentialAction":[{"@type":"CommentAction","name":"Comment","target":["https:\/\/pulso27.com\/actualidad\/policial\/transportistas-pararan-este-jueves-9-de-abril-por-atentado-contra-choferes-de-combi-en-distrito-de-san-miguel\/#respond"]}]},{"@type":"WebPage","@id":"https:\/\/pulso27.com\/actualidad\/policial\/transportistas-pararan-este-jueves-9-de-abril-por-atentado-contra-choferes-de-combi-en-distrito-de-san-miguel\/","url":"https:\/\/pulso27.com\/actualidad\/policial\/transportistas-pararan-este-jueves-9-de-abril-por-atentado-contra-choferes-de-combi-en-distrito-de-san-miguel\/","name":"Transportistas parar\u00e1n este jueves 9 de abril por atentado contra choferes de combi en distrito de San Miguel - Pulso27","isPartOf":{"@id":"https:\/\/pulso27.com\/en\/#website"},"primaryImageOfPage":{"@id":"https:\/\/pulso27.com\/actualidad\/policial\/transportistas-pararan-este-jueves-9-de-abril-por-atentado-contra-choferes-de-combi-en-distrito-de-san-miguel\/#primaryimage"},"image":{"@id":"https:\/\/pulso27.com\/actualidad\/policial\/transportistas-pararan-este-jueves-9-de-abril-por-atentado-contra-choferes-de-combi-en-distrito-de-san-miguel\/#primaryimage"},"thumbnailUrl":"https:\/\/pulso27.com\/wp-content\/uploads\/2025\/04\/SanMiguel1.png","datePublished":"2025-04-09T01:17:55+00:00","dateModified":"2025-04-09T01:18:00+00:00","breadcrumb":{"@id":"https:\/\/pulso27.com\/actualidad\/policial\/transportistas-pararan-este-jueves-9-de-abril-por-atentado-contra-choferes-de-combi-en-distrito-de-san-miguel\/#breadcrumb"},"inLanguage":"en-US","potentialAction":[{"@type":"ReadAction","target":["https:\/\/pulso27.com\/actualidad\/policial\/transportistas-pararan-este-jueves-9-de-abril-por-atentado-contra-choferes-de-combi-en-distrito-de-san-miguel\/"]}]},{"@type":"ImageObject","inLanguage":"en-US","@id":"https:\/\/pulso27.com\/actualidad\/policial\/transportistas-pararan-este-jueves-9-de-abril-por-atentado-contra-choferes-de-combi-en-distrito-de-san-miguel\/#primaryimage","url":"https:\/\/pulso27.com\/wp-content\/uploads\/2025\/04\/SanMiguel1.png","contentUrl":"https:\/\/pulso27.com\/wp-content\/uploads\/2025\/04\/SanMiguel1.png","width":1200,"height":900},{"@type":"BreadcrumbList","@id":"https:\/\/pulso27.com\/actualidad\/policial\/transportistas-pararan-este-jueves-9-de-abril-por-atentado-contra-choferes-de-combi-en-distrito-de-san-miguel\/#breadcrumb","itemListElement":[{"@type":"ListItem","position":1,"name":"Portada","item":"https:\/\/pulso27.com\/"},{"@type":"ListItem","position":2,"name":"Transportistas parar\u00e1n este jueves 9 de abril por atentado contra choferes de combi en distrito de San Miguel"}]},{"@type":"WebSite","@id":"https:\/\/pulso27.com\/en\/#website","url":"https:\/\/pulso27.com\/en\/","name":"Pulso27","description":"Web de noticias y publicidad","publisher":{"@id":"https:\/\/pulso27.com\/en\/#organization"},"alternateName":"El pulso del pueblo","potentialAction":[{"@type":"SearchAction","target":{"@type":"EntryPoint","urlTemplate":"https:\/\/pulso27.com\/en\/?s={search_term_string}"},"query-input":{"@type":"PropertyValueSpecification","valueRequired":true,"valueName":"search_term_string"}}],"inLanguage":"en-US"},{"@type":"Organization","@id":"https:\/\/pulso27.com\/en\/#organization","name":"Pulso27","url":"https:\/\/pulso27.com\/en\/","logo":{"@type":"ImageObject","inLanguage":"en-US","@id":"https:\/\/pulso27.com\/en\/#\/schema\/logo\/image\/","url":"https:\/\/pulso27.com\/wp-content\/uploads\/2026\/02\/Logotipo-de-la-organizacion-696-x-696-px-ok.png","contentUrl":"https:\/\/pulso27.com\/wp-content\/uploads\/2026\/02\/Logotipo-de-la-organizacion-696-x-696-px-ok.png","width":696,"height":696,"caption":"Pulso27"},"image":{"@id":"https:\/\/pulso27.com\/en\/#\/schema\/logo\/image\/"},"sameAs":["https:\/\/www.facebook.com\/pulso27\/","https:\/\/x.com\/Pulso_27","https:\/\/www.youtube.com\/@Pulso27","https:\/\/www.tiktok.com\/@pulso_27"]},{"@type":"Person","@id":"https:\/\/pulso27.com\/en\/#\/schema\/person\/bf5ee161e6c87f6c7d57f5e689ef8526","name":"Redactor","image":{"@type":"ImageObject","inLanguage":"en-US","@id":"https:\/\/pulso27.com\/wp-content\/uploads\/2025\/03\/a-150x150.png","url":"https:\/\/pulso27.com\/wp-content\/uploads\/2025\/03\/a-150x150.png","contentUrl":"https:\/\/pulso27.com\/wp-content\/uploads\/2025\/03\/a-150x150.png","caption":"Redactor"},"sameAs":["http:\/\/www.pulso27.com"],"url":"https:\/\/pulso27.com\/en\/author\/redactor\/"}]}},"amp_enabled":true,"_links":{"self":[{"href":"https:\/\/pulso27.com\/en\/wp-json\/wp\/v2\/posts\/5148","targetHints":{"allow":["GET"]}}],"collection":[{"href":"https:\/\/pulso27.com\/en\/wp-json\/wp\/v2\/posts"}],"about":[{"href":"https:\/\/pulso27.com\/en\/wp-json\/wp\/v2\/types\/post"}],"author":[{"embeddable":true,"href":"https:\/\/pulso27.com\/en\/wp-json\/wp\/v2\/users\/13"}],"replies":[{"embeddable":true,"href":"https:\/\/pulso27.com\/en\/wp-json\/wp\/v2\/comments?post=5148"}],"version-history":[{"count":1,"href":"https:\/\/pulso27.com\/en\/wp-json\/wp\/v2\/posts\/5148\/revisions"}],"predecessor-version":[{"id":5151,"href":"https:\/\/pulso27.com\/en\/wp-json\/wp\/v2\/posts\/5148\/revisions\/5151"}],"wp:featuredmedia":[{"embeddable":true,"href":"https:\/\/pulso27.com\/en\/wp-json\/wp\/v2\/media\/5150"}],"wp:attachment":[{"href":"https:\/\/pulso27.com\/en\/wp-json\/wp\/v2\/media?parent=5148"}],"wp:term":[{"taxonomy":"category","embeddable":true,"href":"https:\/\/pulso27.com\/en\/wp-json\/wp\/v2\/categories?post=5148"},{"taxonomy":"post_tag","embeddable":true,"href":"https:\/\/pulso27.com\/en\/wp-json\/wp\/v2\/tags?post=5148"}],"curies":[{"name":"wp","href":"https:\/\/api.w.org\/{rel}","templated":true}]}}