{"id":5217,"date":"2025-04-14T00:01:54","date_gmt":"2025-04-13T19:01:54","guid":{"rendered":"https:\/\/pulso27.com\/?p=5217"},"modified":"2025-05-03T05:16:19","modified_gmt":"2025-05-03T00:16:19","slug":"43-partidos-politicos-inscritos-para-las-elecciones-generales-2026-en-peru","status":"publish","type":"post","link":"https:\/\/pulso27.com\/en\/actualidad\/politica\/43-partidos-politicos-inscritos-para-las-elecciones-generales-2026-en-peru\/","title":{"rendered":"43 partidos pol\u00edticos inscritos para las Elecciones Generales 2026 en Per\u00fa"},"content":{"rendered":"<p>El 12 de abril de 2025, el Jurado Nacional de Elecciones (JNE) cerr\u00f3 el plazo de inscripci\u00f3n en el Registro de Organizaciones Pol\u00edticas (ROP), habilitando a 43 partidos pol\u00edticos para competir en las Elecciones Generales de 2026, un n\u00famero sin precedentes que refleja la fragmentaci\u00f3n pol\u00edtica en el Per\u00fa. Aunque, varias agrupaciones no lograron cumplir los requisitos y quedaron fuera de la contienda.<\/p>\n\n\n\n<p>Entre los partidos inscritos destacan Acci\u00f3n Popular, fundado por Fernando Belaunde Terry, y el Partido Aprista Peruano, que recuper\u00f3 su registro tras perderlo en 2021. Fuerza Popular, de Keiko Fujimori, y Per\u00fa Libre, liderado por Vladimir Cerr\u00f3n, tambi\u00e9n participar\u00e1n, junto a nuevas agrupaciones como Ahora Naci\u00f3n, de Alfonso L\u00f3pez Chau, y Un Camino Diferente, del exalcalde C\u00e9sar Fern\u00e1ndez. Otros como Alianza para el Progreso, de C\u00e9sar Acu\u00f1a, Renovaci\u00f3n Popular, de Rafael L\u00f3pez Aliaga, y Per\u00fa Primero, de Mart\u00edn Vizcarra, completan un amplio espectro pol\u00edtico derechista y sin definici\u00f3n ideol\u00f3gica clara.<\/p>\n\n\n\n<figure class=\"wp-block-image size-large\"><img loading=\"lazy\" decoding=\"async\" width=\"1024\" height=\"682\" src=\"https:\/\/pulso27.com\/wp-content\/uploads\/2025\/04\/image-42-1024x682.png\" alt=\"\" class=\"wp-image-5218\" srcset=\"https:\/\/pulso27.com\/wp-content\/uploads\/2025\/04\/image-42-1024x682.png 1024w, https:\/\/pulso27.com\/wp-content\/uploads\/2025\/04\/image-42-300x200.png 300w, https:\/\/pulso27.com\/wp-content\/uploads\/2025\/04\/image-42-768x511.png 768w, https:\/\/pulso27.com\/wp-content\/uploads\/2025\/04\/image-42-1536x1022.png 1536w, https:\/\/pulso27.com\/wp-content\/uploads\/2025\/04\/image-42-18x12.png 18w, https:\/\/pulso27.com\/wp-content\/uploads\/2025\/04\/image-42.png 1800w\" sizes=\"auto, (max-width: 1024px) 100vw, 1024px\" \/><figcaption class=\"wp-element-caption\"><em>Todos estos partidos variopintos inscritos hasta el momento podr\u00e1n participar en las elecciones generales convocadas para el 2026<\/em><\/figcaption><\/figure>\n\n\n\n<p>Sin embargo, la lista de 43 partidos incluye opciones progresistas y populares como Juntos por el Per\u00fa y Nuevo Per\u00fa por el Buen Vivir. Esta diversidad plantea un desaf\u00edo para los votantes, quienes enfrentar\u00e1n una c\u00e9dula electoral extensa en un contexto de polarizaci\u00f3n. Las elecciones, que elegir\u00e1n presidente, vicepresidentes, senadores, diputados y parlamentarios andinos, ser\u00e1n un term\u00f3metro del rumbo pol\u00edtico peruano.<\/p>\n\n\n\n<figure class=\"wp-block-image size-full\"><img loading=\"lazy\" decoding=\"async\" width=\"960\" height=\"540\" src=\"https:\/\/pulso27.com\/wp-content\/uploads\/2025\/04\/image-43.png\" alt=\"\" class=\"wp-image-5219\" srcset=\"https:\/\/pulso27.com\/wp-content\/uploads\/2025\/04\/image-43.png 960w, https:\/\/pulso27.com\/wp-content\/uploads\/2025\/04\/image-43-300x169.png 300w, https:\/\/pulso27.com\/wp-content\/uploads\/2025\/04\/image-43-768x432.png 768w, https:\/\/pulso27.com\/wp-content\/uploads\/2025\/04\/image-43-18x10.png 18w\" sizes=\"auto, (max-width: 960px) 100vw, 960px\" \/><figcaption class=\"wp-element-caption\"><em>Los principales partidos en proceso de inscripci\u00f3n que no podr\u00e1n participar en las elecciones generales 2026<\/em><\/figcaption><\/figure>\n\n\n\n<p><strong>Varios quedaron fuera<\/strong><\/p>\n\n\n\n<p>No obstante, el JNE deneg\u00f3 la inscripci\u00f3n a partidos como Adelante Pueblo Unido (APU), ligado a An\u00edbal Torres, Unidad Popular (UP), de Duberl\u00ed Rodr\u00edguez, y Resurgimiento Unido Nacional (RUNA), de Ciro G\u00e1lvez, quienes solicitaron una inscripci\u00f3n provisional que fue rechazada. Estas organizaciones, junto a otras, no culminaron el proceso regular a tiempo, quedando inhabilitadas para presentar candidatos en 2026. La no inscripci\u00f3n de APU, UP y RUNA, entre otros, reduce las opciones, pero el n\u00famero r\u00e9cord de partidos evidencia la vitalidad y los retos de la democracia en el Per\u00fa.<\/p>","protected":false},"excerpt":{"rendered":"<p>El 12 de abril de 2025, el Jurado Nacional de Elecciones (JNE) cerr\u00f3 el plazo de inscripci\u00f3n en el Registro de Organizaciones Pol\u00edticas (ROP), habilitando a 43 partidos pol\u00edticos para competir en las Elecciones Generales de 2026, un n\u00famero sin precedentes que refleja la fragmentaci\u00f3n pol\u00edtica en el Per\u00fa. Aunque, varias agrupaciones no lograron cumplir [&hellip;]<\/p>\n","protected":false},"author":11,"featured_media":5220,"comment_status":"open","ping_status":"open","sticky":false,"template":"","format":"standard","meta":{"footnotes":""},"categories":[174,180],"tags":[2226,2251,601,1999],"class_list":["post-5217","post","type-post","status-publish","format-standard","has-post-thumbnail","hentry","category-nacional","category-politica","tag-elecciones2026","tag-eleccionesgenerales2026","tag-jne","tag-partidospoliticos"],"yoast_head":"<!-- This site is optimized with the Yoast SEO plugin v27.4 - https:\/\/yoast.com\/product\/yoast-seo-wordpress\/ -->\n<title>43 partidos pol\u00edticos inscritos para las Elecciones Generales 2026 en Per\u00fa - Pulso27<\/title>\n<meta name=\"robots\" content=\"index, follow, max-snippet:-1, max-image-preview:large, max-video-preview:-1\" \/>\n<link rel=\"canonical\" href=\"https:\/\/pulso27.com\/en\/nacional\/43-partidos-politicos-inscritos-para-las-elecciones-generales-2026-en-peru\/\" \/>\n<meta property=\"og:locale\" content=\"en_US\" \/>\n<meta property=\"og:type\" content=\"article\" \/>\n<meta property=\"og:title\" content=\"43 partidos pol\u00edticos inscritos para las Elecciones Generales 2026 en Per\u00fa - Pulso27\" \/>\n<meta property=\"og:description\" content=\"El 12 de abril de 2025, el Jurado Nacional de Elecciones (JNE) cerr\u00f3 el plazo de inscripci\u00f3n en el Registro de Organizaciones Pol\u00edticas (ROP), habilitando a 43 partidos pol\u00edticos para competir en las Elecciones Generales de 2026, un n\u00famero sin precedentes que refleja la fragmentaci\u00f3n pol\u00edtica en el Per\u00fa. Aunque, varias agrupaciones no lograron cumplir [&hellip;]\" \/>\n<meta property=\"og:url\" content=\"https:\/\/pulso27.com\/en\/nacional\/43-partidos-politicos-inscritos-para-las-elecciones-generales-2026-en-peru\/\" \/>\n<meta property=\"og:site_name\" content=\"Pulso27\" \/>\n<meta property=\"article:publisher\" content=\"https:\/\/www.facebook.com\/pulso27\/\" \/>\n<meta property=\"article:author\" content=\"https:\/\/www.facebook.com\/pulso27\" \/>\n<meta property=\"article:published_time\" content=\"2025-04-13T19:01:54+00:00\" \/>\n<meta property=\"article:modified_time\" content=\"2025-05-03T00:16:19+00:00\" \/>\n<meta property=\"og:image\" content=\"https:\/\/pulso27.com\/wp-content\/uploads\/2025\/04\/JNE.png\" \/>\n\t<meta property=\"og:image:width\" content=\"1200\" \/>\n\t<meta property=\"og:image:height\" content=\"900\" \/>\n\t<meta property=\"og:image:type\" content=\"image\/png\" \/>\n<meta name=\"author\" content=\"Editor\" \/>\n<meta name=\"twitter:card\" content=\"summary_large_image\" \/>\n<meta name=\"twitter:creator\" content=\"@https:\/\/x.com\/Pulso_27\" \/>\n<meta name=\"twitter:site\" content=\"@Pulso_27\" \/>\n<meta name=\"twitter:label1\" content=\"Written by\" \/>\n\t<meta name=\"twitter:data1\" content=\"Editor\" \/>\n\t<meta name=\"twitter:label2\" content=\"Est. reading time\" \/>\n\t<meta name=\"twitter:data2\" content=\"3 minutes\" \/>\n<script type=\"application\/ld+json\" class=\"yoast-schema-graph\">{\"@context\":\"https:\\\/\\\/schema.org\",\"@graph\":[{\"@type\":\"Article\",\"@id\":\"https:\\\/\\\/pulso27.com\\\/nacional\\\/43-partidos-politicos-inscritos-para-las-elecciones-generales-2026-en-peru\\\/#article\",\"isPartOf\":{\"@id\":\"https:\\\/\\\/pulso27.com\\\/nacional\\\/43-partidos-politicos-inscritos-para-las-elecciones-generales-2026-en-peru\\\/\"},\"author\":{\"name\":\"Editor\",\"@id\":\"https:\\\/\\\/pulso27.com\\\/en\\\/#\\\/schema\\\/person\\\/e0da4cfacbab724cbf4ab44bcc030735\"},\"headline\":\"43 partidos pol\u00edticos inscritos para las Elecciones Generales 2026 en Per\u00fa\",\"datePublished\":\"2025-04-13T19:01:54+00:00\",\"dateModified\":\"2025-05-03T00:16:19+00:00\",\"mainEntityOfPage\":{\"@id\":\"https:\\\/\\\/pulso27.com\\\/nacional\\\/43-partidos-politicos-inscritos-para-las-elecciones-generales-2026-en-peru\\\/\"},\"wordCount\":383,\"commentCount\":0,\"publisher\":{\"@id\":\"https:\\\/\\\/pulso27.com\\\/en\\\/#organization\"},\"image\":{\"@id\":\"https:\\\/\\\/pulso27.com\\\/nacional\\\/43-partidos-politicos-inscritos-para-las-elecciones-generales-2026-en-peru\\\/#primaryimage\"},\"thumbnailUrl\":\"https:\\\/\\\/pulso27.com\\\/wp-content\\\/uploads\\\/2025\\\/04\\\/JNE.png\",\"keywords\":[\"Elecciones2026\",\"EleccionesGenerales2026\",\"JNE\",\"PartidosPol\u00edticos\"],\"articleSection\":[\"Nacional\",\"Pol\u00edtica\"],\"inLanguage\":\"en-US\",\"potentialAction\":[{\"@type\":\"CommentAction\",\"name\":\"Comment\",\"target\":[\"https:\\\/\\\/pulso27.com\\\/nacional\\\/43-partidos-politicos-inscritos-para-las-elecciones-generales-2026-en-peru\\\/#respond\"]}]},{\"@type\":\"WebPage\",\"@id\":\"https:\\\/\\\/pulso27.com\\\/nacional\\\/43-partidos-politicos-inscritos-para-las-elecciones-generales-2026-en-peru\\\/\",\"url\":\"https:\\\/\\\/pulso27.com\\\/nacional\\\/43-partidos-politicos-inscritos-para-las-elecciones-generales-2026-en-peru\\\/\",\"name\":\"43 partidos pol\u00edticos inscritos para las Elecciones Generales 2026 en Per\u00fa - Pulso27\",\"isPartOf\":{\"@id\":\"https:\\\/\\\/pulso27.com\\\/en\\\/#website\"},\"primaryImageOfPage\":{\"@id\":\"https:\\\/\\\/pulso27.com\\\/nacional\\\/43-partidos-politicos-inscritos-para-las-elecciones-generales-2026-en-peru\\\/#primaryimage\"},\"image\":{\"@id\":\"https:\\\/\\\/pulso27.com\\\/nacional\\\/43-partidos-politicos-inscritos-para-las-elecciones-generales-2026-en-peru\\\/#primaryimage\"},\"thumbnailUrl\":\"https:\\\/\\\/pulso27.com\\\/wp-content\\\/uploads\\\/2025\\\/04\\\/JNE.png\",\"datePublished\":\"2025-04-13T19:01:54+00:00\",\"dateModified\":\"2025-05-03T00:16:19+00:00\",\"breadcrumb\":{\"@id\":\"https:\\\/\\\/pulso27.com\\\/nacional\\\/43-partidos-politicos-inscritos-para-las-elecciones-generales-2026-en-peru\\\/#breadcrumb\"},\"inLanguage\":\"en-US\",\"potentialAction\":[{\"@type\":\"ReadAction\",\"target\":[\"https:\\\/\\\/pulso27.com\\\/nacional\\\/43-partidos-politicos-inscritos-para-las-elecciones-generales-2026-en-peru\\\/\"]}]},{\"@type\":\"ImageObject\",\"inLanguage\":\"en-US\",\"@id\":\"https:\\\/\\\/pulso27.com\\\/nacional\\\/43-partidos-politicos-inscritos-para-las-elecciones-generales-2026-en-peru\\\/#primaryimage\",\"url\":\"https:\\\/\\\/pulso27.com\\\/wp-content\\\/uploads\\\/2025\\\/04\\\/JNE.png\",\"contentUrl\":\"https:\\\/\\\/pulso27.com\\\/wp-content\\\/uploads\\\/2025\\\/04\\\/JNE.png\",\"width\":1200,\"height\":900},{\"@type\":\"BreadcrumbList\",\"@id\":\"https:\\\/\\\/pulso27.com\\\/nacional\\\/43-partidos-politicos-inscritos-para-las-elecciones-generales-2026-en-peru\\\/#breadcrumb\",\"itemListElement\":[{\"@type\":\"ListItem\",\"position\":1,\"name\":\"Portada\",\"item\":\"https:\\\/\\\/pulso27.com\\\/\"},{\"@type\":\"ListItem\",\"position\":2,\"name\":\"43 partidos pol\u00edticos inscritos para las Elecciones Generales 2026 en Per\u00fa\"}]},{\"@type\":\"WebSite\",\"@id\":\"https:\\\/\\\/pulso27.com\\\/en\\\/#website\",\"url\":\"https:\\\/\\\/pulso27.com\\\/en\\\/\",\"name\":\"Pulso27\",\"description\":\"Web de noticias y publicidad\",\"publisher\":{\"@id\":\"https:\\\/\\\/pulso27.com\\\/en\\\/#organization\"},\"alternateName\":\"El pulso del pueblo\",\"potentialAction\":[{\"@type\":\"SearchAction\",\"target\":{\"@type\":\"EntryPoint\",\"urlTemplate\":\"https:\\\/\\\/pulso27.com\\\/en\\\/?s={search_term_string}\"},\"query-input\":{\"@type\":\"PropertyValueSpecification\",\"valueRequired\":true,\"valueName\":\"search_term_string\"}}],\"inLanguage\":\"en-US\"},{\"@type\":\"Organization\",\"@id\":\"https:\\\/\\\/pulso27.com\\\/en\\\/#organization\",\"name\":\"Pulso27\",\"url\":\"https:\\\/\\\/pulso27.com\\\/en\\\/\",\"logo\":{\"@type\":\"ImageObject\",\"inLanguage\":\"en-US\",\"@id\":\"https:\\\/\\\/pulso27.com\\\/en\\\/#\\\/schema\\\/logo\\\/image\\\/\",\"url\":\"https:\\\/\\\/pulso27.com\\\/wp-content\\\/uploads\\\/2026\\\/02\\\/Logotipo-de-la-organizacion-696-x-696-px-ok.png\",\"contentUrl\":\"https:\\\/\\\/pulso27.com\\\/wp-content\\\/uploads\\\/2026\\\/02\\\/Logotipo-de-la-organizacion-696-x-696-px-ok.png\",\"width\":696,\"height\":696,\"caption\":\"Pulso27\"},\"image\":{\"@id\":\"https:\\\/\\\/pulso27.com\\\/en\\\/#\\\/schema\\\/logo\\\/image\\\/\"},\"sameAs\":[\"https:\\\/\\\/www.facebook.com\\\/pulso27\\\/\",\"https:\\\/\\\/x.com\\\/Pulso_27\",\"https:\\\/\\\/www.youtube.com\\\/@Pulso27\",\"https:\\\/\\\/www.tiktok.com\\\/@pulso_27\"]},{\"@type\":\"Person\",\"@id\":\"https:\\\/\\\/pulso27.com\\\/en\\\/#\\\/schema\\\/person\\\/e0da4cfacbab724cbf4ab44bcc030735\",\"name\":\"Editor\",\"image\":{\"@type\":\"ImageObject\",\"inLanguage\":\"en-US\",\"@id\":\"https:\\\/\\\/pulso27.com\\\/wp-content\\\/uploads\\\/2025\\\/03\\\/c-150x150.png\",\"url\":\"https:\\\/\\\/pulso27.com\\\/wp-content\\\/uploads\\\/2025\\\/03\\\/c-150x150.png\",\"contentUrl\":\"https:\\\/\\\/pulso27.com\\\/wp-content\\\/uploads\\\/2025\\\/03\\\/c-150x150.png\",\"caption\":\"Editor\"},\"sameAs\":[\"http:\\\/\\\/www.pulso27.com\",\"https:\\\/\\\/www.facebook.com\\\/pulso27\",\"https:\\\/\\\/x.com\\\/https:\\\/\\\/x.com\\\/Pulso_27\",\"https:\\\/\\\/www.youtube.com\\\/@Pulso27\"],\"url\":\"https:\\\/\\\/pulso27.com\\\/en\\\/author\\\/editor\\\/\"}]}<\/script>\n<!-- \/ Yoast SEO plugin. -->","yoast_head_json":{"title":"43 partidos pol\u00edticos inscritos para las Elecciones Generales 2026 en Per\u00fa - Pulso27","robots":{"index":"index","follow":"follow","max-snippet":"max-snippet:-1","max-image-preview":"max-image-preview:large","max-video-preview":"max-video-preview:-1"},"canonical":"https:\/\/pulso27.com\/en\/nacional\/43-partidos-politicos-inscritos-para-las-elecciones-generales-2026-en-peru\/","og_locale":"en_US","og_type":"article","og_title":"43 partidos pol\u00edticos inscritos para las Elecciones Generales 2026 en Per\u00fa - Pulso27","og_description":"El 12 de abril de 2025, el Jurado Nacional de Elecciones (JNE) cerr\u00f3 el plazo de inscripci\u00f3n en el Registro de Organizaciones Pol\u00edticas (ROP), habilitando a 43 partidos pol\u00edticos para competir en las Elecciones Generales de 2026, un n\u00famero sin precedentes que refleja la fragmentaci\u00f3n pol\u00edtica en el Per\u00fa. Aunque, varias agrupaciones no lograron cumplir [&hellip;]","og_url":"https:\/\/pulso27.com\/en\/nacional\/43-partidos-politicos-inscritos-para-las-elecciones-generales-2026-en-peru\/","og_site_name":"Pulso27","article_publisher":"https:\/\/www.facebook.com\/pulso27\/","article_author":"https:\/\/www.facebook.com\/pulso27","article_published_time":"2025-04-13T19:01:54+00:00","article_modified_time":"2025-05-03T00:16:19+00:00","og_image":[{"width":1200,"height":900,"url":"https:\/\/pulso27.com\/wp-content\/uploads\/2025\/04\/JNE.png","type":"image\/png"}],"author":"Editor","twitter_card":"summary_large_image","twitter_creator":"@https:\/\/x.com\/Pulso_27","twitter_site":"@Pulso_27","twitter_misc":{"Written by":"Editor","Est. reading time":"3 minutes"},"schema":{"@context":"https:\/\/schema.org","@graph":[{"@type":"Article","@id":"https:\/\/pulso27.com\/nacional\/43-partidos-politicos-inscritos-para-las-elecciones-generales-2026-en-peru\/#article","isPartOf":{"@id":"https:\/\/pulso27.com\/nacional\/43-partidos-politicos-inscritos-para-las-elecciones-generales-2026-en-peru\/"},"author":{"name":"Editor","@id":"https:\/\/pulso27.com\/en\/#\/schema\/person\/e0da4cfacbab724cbf4ab44bcc030735"},"headline":"43 partidos pol\u00edticos inscritos para las Elecciones Generales 2026 en Per\u00fa","datePublished":"2025-04-13T19:01:54+00:00","dateModified":"2025-05-03T00:16:19+00:00","mainEntityOfPage":{"@id":"https:\/\/pulso27.com\/nacional\/43-partidos-politicos-inscritos-para-las-elecciones-generales-2026-en-peru\/"},"wordCount":383,"commentCount":0,"publisher":{"@id":"https:\/\/pulso27.com\/en\/#organization"},"image":{"@id":"https:\/\/pulso27.com\/nacional\/43-partidos-politicos-inscritos-para-las-elecciones-generales-2026-en-peru\/#primaryimage"},"thumbnailUrl":"https:\/\/pulso27.com\/wp-content\/uploads\/2025\/04\/JNE.png","keywords":["Elecciones2026","EleccionesGenerales2026","JNE","PartidosPol\u00edticos"],"articleSection":["Nacional","Pol\u00edtica"],"inLanguage":"en-US","potentialAction":[{"@type":"CommentAction","name":"Comment","target":["https:\/\/pulso27.com\/nacional\/43-partidos-politicos-inscritos-para-las-elecciones-generales-2026-en-peru\/#respond"]}]},{"@type":"WebPage","@id":"https:\/\/pulso27.com\/nacional\/43-partidos-politicos-inscritos-para-las-elecciones-generales-2026-en-peru\/","url":"https:\/\/pulso27.com\/nacional\/43-partidos-politicos-inscritos-para-las-elecciones-generales-2026-en-peru\/","name":"43 partidos pol\u00edticos inscritos para las Elecciones Generales 2026 en Per\u00fa - Pulso27","isPartOf":{"@id":"https:\/\/pulso27.com\/en\/#website"},"primaryImageOfPage":{"@id":"https:\/\/pulso27.com\/nacional\/43-partidos-politicos-inscritos-para-las-elecciones-generales-2026-en-peru\/#primaryimage"},"image":{"@id":"https:\/\/pulso27.com\/nacional\/43-partidos-politicos-inscritos-para-las-elecciones-generales-2026-en-peru\/#primaryimage"},"thumbnailUrl":"https:\/\/pulso27.com\/wp-content\/uploads\/2025\/04\/JNE.png","datePublished":"2025-04-13T19:01:54+00:00","dateModified":"2025-05-03T00:16:19+00:00","breadcrumb":{"@id":"https:\/\/pulso27.com\/nacional\/43-partidos-politicos-inscritos-para-las-elecciones-generales-2026-en-peru\/#breadcrumb"},"inLanguage":"en-US","potentialAction":[{"@type":"ReadAction","target":["https:\/\/pulso27.com\/nacional\/43-partidos-politicos-inscritos-para-las-elecciones-generales-2026-en-peru\/"]}]},{"@type":"ImageObject","inLanguage":"en-US","@id":"https:\/\/pulso27.com\/nacional\/43-partidos-politicos-inscritos-para-las-elecciones-generales-2026-en-peru\/#primaryimage","url":"https:\/\/pulso27.com\/wp-content\/uploads\/2025\/04\/JNE.png","contentUrl":"https:\/\/pulso27.com\/wp-content\/uploads\/2025\/04\/JNE.png","width":1200,"height":900},{"@type":"BreadcrumbList","@id":"https:\/\/pulso27.com\/nacional\/43-partidos-politicos-inscritos-para-las-elecciones-generales-2026-en-peru\/#breadcrumb","itemListElement":[{"@type":"ListItem","position":1,"name":"Portada","item":"https:\/\/pulso27.com\/"},{"@type":"ListItem","position":2,"name":"43 partidos pol\u00edticos inscritos para las Elecciones Generales 2026 en Per\u00fa"}]},{"@type":"WebSite","@id":"https:\/\/pulso27.com\/en\/#website","url":"https:\/\/pulso27.com\/en\/","name":"Pulso27","description":"Web de noticias y publicidad","publisher":{"@id":"https:\/\/pulso27.com\/en\/#organization"},"alternateName":"El pulso del pueblo","potentialAction":[{"@type":"SearchAction","target":{"@type":"EntryPoint","urlTemplate":"https:\/\/pulso27.com\/en\/?s={search_term_string}"},"query-input":{"@type":"PropertyValueSpecification","valueRequired":true,"valueName":"search_term_string"}}],"inLanguage":"en-US"},{"@type":"Organization","@id":"https:\/\/pulso27.com\/en\/#organization","name":"Pulso27","url":"https:\/\/pulso27.com\/en\/","logo":{"@type":"ImageObject","inLanguage":"en-US","@id":"https:\/\/pulso27.com\/en\/#\/schema\/logo\/image\/","url":"https:\/\/pulso27.com\/wp-content\/uploads\/2026\/02\/Logotipo-de-la-organizacion-696-x-696-px-ok.png","contentUrl":"https:\/\/pulso27.com\/wp-content\/uploads\/2026\/02\/Logotipo-de-la-organizacion-696-x-696-px-ok.png","width":696,"height":696,"caption":"Pulso27"},"image":{"@id":"https:\/\/pulso27.com\/en\/#\/schema\/logo\/image\/"},"sameAs":["https:\/\/www.facebook.com\/pulso27\/","https:\/\/x.com\/Pulso_27","https:\/\/www.youtube.com\/@Pulso27","https:\/\/www.tiktok.com\/@pulso_27"]},{"@type":"Person","@id":"https:\/\/pulso27.com\/en\/#\/schema\/person\/e0da4cfacbab724cbf4ab44bcc030735","name":"Editor","image":{"@type":"ImageObject","inLanguage":"en-US","@id":"https:\/\/pulso27.com\/wp-content\/uploads\/2025\/03\/c-150x150.png","url":"https:\/\/pulso27.com\/wp-content\/uploads\/2025\/03\/c-150x150.png","contentUrl":"https:\/\/pulso27.com\/wp-content\/uploads\/2025\/03\/c-150x150.png","caption":"Editor"},"sameAs":["http:\/\/www.pulso27.com","https:\/\/www.facebook.com\/pulso27","https:\/\/x.com\/https:\/\/x.com\/Pulso_27","https:\/\/www.youtube.com\/@Pulso27"],"url":"https:\/\/pulso27.com\/en\/author\/editor\/"}]}},"amp_enabled":true,"_links":{"self":[{"href":"https:\/\/pulso27.com\/en\/wp-json\/wp\/v2\/posts\/5217","targetHints":{"allow":["GET"]}}],"collection":[{"href":"https:\/\/pulso27.com\/en\/wp-json\/wp\/v2\/posts"}],"about":[{"href":"https:\/\/pulso27.com\/en\/wp-json\/wp\/v2\/types\/post"}],"author":[{"embeddable":true,"href":"https:\/\/pulso27.com\/en\/wp-json\/wp\/v2\/users\/11"}],"replies":[{"embeddable":true,"href":"https:\/\/pulso27.com\/en\/wp-json\/wp\/v2\/comments?post=5217"}],"version-history":[{"count":1,"href":"https:\/\/pulso27.com\/en\/wp-json\/wp\/v2\/posts\/5217\/revisions"}],"predecessor-version":[{"id":5221,"href":"https:\/\/pulso27.com\/en\/wp-json\/wp\/v2\/posts\/5217\/revisions\/5221"}],"wp:featuredmedia":[{"embeddable":true,"href":"https:\/\/pulso27.com\/en\/wp-json\/wp\/v2\/media\/5220"}],"wp:attachment":[{"href":"https:\/\/pulso27.com\/en\/wp-json\/wp\/v2\/media?parent=5217"}],"wp:term":[{"taxonomy":"category","embeddable":true,"href":"https:\/\/pulso27.com\/en\/wp-json\/wp\/v2\/categories?post=5217"},{"taxonomy":"post_tag","embeddable":true,"href":"https:\/\/pulso27.com\/en\/wp-json\/wp\/v2\/tags?post=5217"}],"curies":[{"name":"wp","href":"https:\/\/api.w.org\/{rel}","templated":true}]}}