{"id":5225,"date":"2025-04-14T00:53:41","date_gmt":"2025-04-13T19:53:41","guid":{"rendered":"https:\/\/pulso27.com\/?p=5225"},"modified":"2025-04-14T00:53:45","modified_gmt":"2025-04-13T19:53:45","slug":"lima-desaprueba-a-lopez-aliaga-una-gestion-marcada-por-promesas-rotas-y-desconexion-ciudadana","status":"publish","type":"post","link":"https:\/\/pulso27.com\/en\/nacional\/lima-desaprueba-a-lopez-aliaga-una-gestion-marcada-por-promesas-rotas-y-desconexion-ciudadana\/","title":{"rendered":"Lima desaprueba a L\u00f3pez Aliaga: Una gesti\u00f3n marcada por promesas rotas y desconexi\u00f3n ciudadana"},"content":{"rendered":"<p>Lima &#8211; La gesti\u00f3n del alcalde Rafael L\u00f3pez Aliaga enfrenta un nuevo rev\u00e9s: solo el 40% de los lime\u00f1os aprueba su labor, mientras que un contundente 57% la desaprueba, seg\u00fan la reciente encuesta de Datum publicada por El Comercio. Estos n\u00fameros no solo reflejan el creciente descontento ciudadano, sino que evidencian una administraci\u00f3n que parece navegar en contra de los intereses y necesidades de la mayor\u00eda de la capital.<\/p>\n\n\n\n<p>Desde su campa\u00f1a, L\u00f3pez Aliaga prometi\u00f3 transformar Lima en \u00abpotencia mundial\u00bb con proyectos ambiciosos como la entrega de 10 mil motos para reforzar la seguridad ciudadana, agua para todos y ciudad moderna. Sin embargo, a m\u00e1s de dos a\u00f1os de gesti\u00f3n, estas promesas se han diluido en un mar de excusas y cr\u00edticas. La inseguridad, uno de los principales problemas de los lime\u00f1os \u2014con un alarmante 94% que se siente vulnerable seg\u00fan encuestas previas\u2014, sigue sin respuesta efectiva. <\/p>\n\n\n\n<figure class=\"wp-block-image size-full is-resized\"><img loading=\"lazy\" decoding=\"async\" width=\"600\" height=\"400\" src=\"https:\/\/pulso27.com\/wp-content\/uploads\/2025\/04\/image-45.png\" alt=\"\" class=\"wp-image-5231\" style=\"width:740px;height:auto\" srcset=\"https:\/\/pulso27.com\/wp-content\/uploads\/2025\/04\/image-45.png 600w, https:\/\/pulso27.com\/wp-content\/uploads\/2025\/04\/image-45-300x200.png 300w, https:\/\/pulso27.com\/wp-content\/uploads\/2025\/04\/image-45-18x12.png 18w\" sizes=\"auto, (max-width: 600px) 100vw, 600px\" \/><figcaption class=\"wp-element-caption\"><em>La inseguridad es uno de los grandes problemas no resueltos por el alcalde Rafael L\u00f3pez Aliaga de Renovaci\u00f3n Popular<\/em><\/figcaption><\/figure>\n\n\n\n<p>En lugar de soluciones concretas, la ciudadan\u00eda ha visto iniciativas cuestionadas, como la propuesta de una playa artificial en San Juan de Lurigancho, que muchos consideran un despilfarro frente a necesidades urgentes como el transporte p\u00fablico o la infraestructura b\u00e1sica, porque no cumplen los objetivos de dar acceso al mar y recreaci\u00f3n a los ciudadanos de la capital peruana.<\/p>\n\n\n\n<p>El descontento no se limita a la falta de resultados. Las posturas del burgomaestre han generado una percepci\u00f3n de desconexi\u00f3n con los intereses de la mayor\u00eda. Sus declaraciones polarizantes sobre quienes protestan contra la mandataria Dina Boluarte y su enfoque en proyectos de dudosa prioridad contrastan con las demandas de una ciudad que clama por seguridad, orden y servicios b\u00e1sicos. Analistas coinciden en que L\u00f3pez Aliaga ha priorizado una agenda pol\u00edtica personal por encima del bienestar colectivo, lo que ha erosionado su credibilidad incluso entre quienes inicialmente lo apoyaron.<\/p>\n\n\n\n<figure class=\"wp-block-image size-full\"><img loading=\"lazy\" decoding=\"async\" width=\"1025\" height=\"495\" src=\"https:\/\/pulso27.com\/wp-content\/uploads\/2025\/04\/image-44.png\" alt=\"\" class=\"wp-image-5226\" srcset=\"https:\/\/pulso27.com\/wp-content\/uploads\/2025\/04\/image-44.png 1025w, https:\/\/pulso27.com\/wp-content\/uploads\/2025\/04\/image-44-300x145.png 300w, https:\/\/pulso27.com\/wp-content\/uploads\/2025\/04\/image-44-768x371.png 768w, https:\/\/pulso27.com\/wp-content\/uploads\/2025\/04\/image-44-18x9.png 18w\" sizes=\"auto, (max-width: 1025px) 100vw, 1025px\" \/><figcaption class=\"wp-element-caption\"><em>Seg\u00fan la encuestadora Datum solamente el 40% de lime\u00f1os aprobar\u00eda su gesti\u00f3n municipal<\/em><\/figcaption><\/figure>\n\n\n\n<p>Mientras Lima enfrenta retos hist\u00f3ricos como el caos vehicular, la informalidad y la vulnerabilidad ante desastres naturales, la gesti\u00f3n municipal parece estancada en promesas vac\u00edas y gestos medi\u00e1ticos un tanto burdos. La desaprobaci\u00f3n ciudadana no es solo un n\u00famero: es un grito de una ciudad que exige liderazgo, empat\u00eda y acci\u00f3n.<\/p>\n\n\n\n<p>L\u00f3pez Aliaga a\u00fan tiene tiempo para rectificar, pero el reloj avanza y la paciencia de los lime\u00f1os se agota. S\u00ed no hay cambios sustanciales en su gesti\u00f3n municipal, la poblaci\u00f3n podr\u00e1 castigarle en las elecciones generales del 2026, porque todo parece que igual postular\u00e1 a la presidencia de la Rep\u00fablica de Per\u00fa, liderando su partido Renovaci\u00f3n Popular, con apoyo de sectores empresariales dudosos y discursos populistas a la que ya los tiene acostumbrados.<\/p>","protected":false},"excerpt":{"rendered":"<p>Lima &#8211; La gesti\u00f3n del alcalde Rafael L\u00f3pez Aliaga enfrenta un nuevo rev\u00e9s: solo el 40% de los lime\u00f1os aprueba su labor, mientras que un contundente 57% la desaprueba, seg\u00fan la reciente encuesta de Datum publicada por El Comercio. Estos n\u00fameros no solo reflejan el creciente descontento ciudadano, sino que evidencian una administraci\u00f3n que parece [&hellip;]<\/p>\n","protected":false},"author":7,"featured_media":5229,"comment_status":"open","ping_status":"open","sticky":false,"template":"","format":"standard","meta":{"footnotes":""},"categories":[808,174],"tags":[2098,849,2043],"class_list":["post-5225","post","type-post","status-publish","format-standard","has-post-thumbnail","hentry","category-educacion","category-nacional","tag-encuestadoradatum","tag-lima","tag-rafaellopezaliaga"],"yoast_head":"<!-- This site is optimized with the Yoast SEO plugin v27.4 - https:\/\/yoast.com\/product\/yoast-seo-wordpress\/ -->\n<title>Lima desaprueba a L\u00f3pez Aliaga: Una gesti\u00f3n marcada por promesas rotas y desconexi\u00f3n ciudadana - Pulso27<\/title>\n<meta name=\"robots\" content=\"index, follow, max-snippet:-1, max-image-preview:large, max-video-preview:-1\" \/>\n<link rel=\"canonical\" href=\"https:\/\/pulso27.com\/en\/nacional\/lima-desaprueba-a-lopez-aliaga-una-gestion-marcada-por-promesas-rotas-y-desconexion-ciudadana\/\" \/>\n<meta property=\"og:locale\" content=\"en_US\" \/>\n<meta property=\"og:type\" content=\"article\" \/>\n<meta property=\"og:title\" content=\"Lima desaprueba a L\u00f3pez Aliaga: Una gesti\u00f3n marcada por promesas rotas y desconexi\u00f3n ciudadana - Pulso27\" \/>\n<meta property=\"og:description\" content=\"Lima &#8211; La gesti\u00f3n del alcalde Rafael L\u00f3pez Aliaga enfrenta un nuevo rev\u00e9s: solo el 40% de los lime\u00f1os aprueba su labor, mientras que un contundente 57% la desaprueba, seg\u00fan la reciente encuesta de Datum publicada por El Comercio. Estos n\u00fameros no solo reflejan el creciente descontento ciudadano, sino que evidencian una administraci\u00f3n que parece [&hellip;]\" \/>\n<meta property=\"og:url\" content=\"https:\/\/pulso27.com\/en\/nacional\/lima-desaprueba-a-lopez-aliaga-una-gestion-marcada-por-promesas-rotas-y-desconexion-ciudadana\/\" \/>\n<meta property=\"og:site_name\" content=\"Pulso27\" \/>\n<meta property=\"article:publisher\" content=\"https:\/\/www.facebook.com\/pulso27\/\" \/>\n<meta property=\"article:published_time\" content=\"2025-04-13T19:53:41+00:00\" \/>\n<meta property=\"article:modified_time\" content=\"2025-04-13T19:53:45+00:00\" \/>\n<meta property=\"og:image\" content=\"https:\/\/pulso27.com\/wp-content\/uploads\/2025\/04\/Diseno-sin-titulo-3.png\" \/>\n\t<meta property=\"og:image:width\" content=\"1200\" \/>\n\t<meta property=\"og:image:height\" content=\"900\" \/>\n\t<meta property=\"og:image:type\" content=\"image\/png\" \/>\n<meta name=\"author\" content=\"Tupaq\" \/>\n<meta name=\"twitter:card\" content=\"summary_large_image\" \/>\n<meta name=\"twitter:creator\" content=\"@Pulso_27\" \/>\n<meta name=\"twitter:site\" content=\"@Pulso_27\" \/>\n<meta name=\"twitter:label1\" content=\"Written by\" \/>\n\t<meta name=\"twitter:data1\" content=\"Tupaq\" \/>\n\t<meta name=\"twitter:label2\" content=\"Est. reading time\" \/>\n\t<meta name=\"twitter:data2\" content=\"3 minutes\" \/>\n<script type=\"application\/ld+json\" class=\"yoast-schema-graph\">{\"@context\":\"https:\\\/\\\/schema.org\",\"@graph\":[{\"@type\":\"Article\",\"@id\":\"https:\\\/\\\/pulso27.com\\\/nacional\\\/lima-desaprueba-a-lopez-aliaga-una-gestion-marcada-por-promesas-rotas-y-desconexion-ciudadana\\\/#article\",\"isPartOf\":{\"@id\":\"https:\\\/\\\/pulso27.com\\\/nacional\\\/lima-desaprueba-a-lopez-aliaga-una-gestion-marcada-por-promesas-rotas-y-desconexion-ciudadana\\\/\"},\"author\":{\"name\":\"Tupaq\",\"@id\":\"https:\\\/\\\/pulso27.com\\\/en\\\/#\\\/schema\\\/person\\\/d20fd7f5bc7f2e53fd150d43fca07a78\"},\"headline\":\"Lima desaprueba a L\u00f3pez Aliaga: Una gesti\u00f3n marcada por promesas rotas y desconexi\u00f3n ciudadana\",\"datePublished\":\"2025-04-13T19:53:41+00:00\",\"dateModified\":\"2025-04-13T19:53:45+00:00\",\"mainEntityOfPage\":{\"@id\":\"https:\\\/\\\/pulso27.com\\\/nacional\\\/lima-desaprueba-a-lopez-aliaga-una-gestion-marcada-por-promesas-rotas-y-desconexion-ciudadana\\\/\"},\"wordCount\":509,\"commentCount\":0,\"publisher\":{\"@id\":\"https:\\\/\\\/pulso27.com\\\/en\\\/#organization\"},\"image\":{\"@id\":\"https:\\\/\\\/pulso27.com\\\/nacional\\\/lima-desaprueba-a-lopez-aliaga-una-gestion-marcada-por-promesas-rotas-y-desconexion-ciudadana\\\/#primaryimage\"},\"thumbnailUrl\":\"https:\\\/\\\/pulso27.com\\\/wp-content\\\/uploads\\\/2025\\\/04\\\/Diseno-sin-titulo-3.png\",\"keywords\":[\"EncuestadoraDatum\",\"Lima\",\"RafaelLopezAliaga\"],\"articleSection\":[\"Educaci\u00f3n\",\"Nacional\"],\"inLanguage\":\"en-US\",\"potentialAction\":[{\"@type\":\"CommentAction\",\"name\":\"Comment\",\"target\":[\"https:\\\/\\\/pulso27.com\\\/nacional\\\/lima-desaprueba-a-lopez-aliaga-una-gestion-marcada-por-promesas-rotas-y-desconexion-ciudadana\\\/#respond\"]}]},{\"@type\":\"WebPage\",\"@id\":\"https:\\\/\\\/pulso27.com\\\/nacional\\\/lima-desaprueba-a-lopez-aliaga-una-gestion-marcada-por-promesas-rotas-y-desconexion-ciudadana\\\/\",\"url\":\"https:\\\/\\\/pulso27.com\\\/nacional\\\/lima-desaprueba-a-lopez-aliaga-una-gestion-marcada-por-promesas-rotas-y-desconexion-ciudadana\\\/\",\"name\":\"Lima desaprueba a L\u00f3pez Aliaga: Una gesti\u00f3n marcada por promesas rotas y desconexi\u00f3n ciudadana - Pulso27\",\"isPartOf\":{\"@id\":\"https:\\\/\\\/pulso27.com\\\/en\\\/#website\"},\"primaryImageOfPage\":{\"@id\":\"https:\\\/\\\/pulso27.com\\\/nacional\\\/lima-desaprueba-a-lopez-aliaga-una-gestion-marcada-por-promesas-rotas-y-desconexion-ciudadana\\\/#primaryimage\"},\"image\":{\"@id\":\"https:\\\/\\\/pulso27.com\\\/nacional\\\/lima-desaprueba-a-lopez-aliaga-una-gestion-marcada-por-promesas-rotas-y-desconexion-ciudadana\\\/#primaryimage\"},\"thumbnailUrl\":\"https:\\\/\\\/pulso27.com\\\/wp-content\\\/uploads\\\/2025\\\/04\\\/Diseno-sin-titulo-3.png\",\"datePublished\":\"2025-04-13T19:53:41+00:00\",\"dateModified\":\"2025-04-13T19:53:45+00:00\",\"breadcrumb\":{\"@id\":\"https:\\\/\\\/pulso27.com\\\/nacional\\\/lima-desaprueba-a-lopez-aliaga-una-gestion-marcada-por-promesas-rotas-y-desconexion-ciudadana\\\/#breadcrumb\"},\"inLanguage\":\"en-US\",\"potentialAction\":[{\"@type\":\"ReadAction\",\"target\":[\"https:\\\/\\\/pulso27.com\\\/nacional\\\/lima-desaprueba-a-lopez-aliaga-una-gestion-marcada-por-promesas-rotas-y-desconexion-ciudadana\\\/\"]}]},{\"@type\":\"ImageObject\",\"inLanguage\":\"en-US\",\"@id\":\"https:\\\/\\\/pulso27.com\\\/nacional\\\/lima-desaprueba-a-lopez-aliaga-una-gestion-marcada-por-promesas-rotas-y-desconexion-ciudadana\\\/#primaryimage\",\"url\":\"https:\\\/\\\/pulso27.com\\\/wp-content\\\/uploads\\\/2025\\\/04\\\/Diseno-sin-titulo-3.png\",\"contentUrl\":\"https:\\\/\\\/pulso27.com\\\/wp-content\\\/uploads\\\/2025\\\/04\\\/Diseno-sin-titulo-3.png\",\"width\":1200,\"height\":900},{\"@type\":\"BreadcrumbList\",\"@id\":\"https:\\\/\\\/pulso27.com\\\/nacional\\\/lima-desaprueba-a-lopez-aliaga-una-gestion-marcada-por-promesas-rotas-y-desconexion-ciudadana\\\/#breadcrumb\",\"itemListElement\":[{\"@type\":\"ListItem\",\"position\":1,\"name\":\"Portada\",\"item\":\"https:\\\/\\\/pulso27.com\\\/\"},{\"@type\":\"ListItem\",\"position\":2,\"name\":\"Lima desaprueba a L\u00f3pez Aliaga: Una gesti\u00f3n marcada por promesas rotas y desconexi\u00f3n ciudadana\"}]},{\"@type\":\"WebSite\",\"@id\":\"https:\\\/\\\/pulso27.com\\\/en\\\/#website\",\"url\":\"https:\\\/\\\/pulso27.com\\\/en\\\/\",\"name\":\"Pulso27\",\"description\":\"Web de noticias y publicidad\",\"publisher\":{\"@id\":\"https:\\\/\\\/pulso27.com\\\/en\\\/#organization\"},\"alternateName\":\"El pulso del pueblo\",\"potentialAction\":[{\"@type\":\"SearchAction\",\"target\":{\"@type\":\"EntryPoint\",\"urlTemplate\":\"https:\\\/\\\/pulso27.com\\\/en\\\/?s={search_term_string}\"},\"query-input\":{\"@type\":\"PropertyValueSpecification\",\"valueRequired\":true,\"valueName\":\"search_term_string\"}}],\"inLanguage\":\"en-US\"},{\"@type\":\"Organization\",\"@id\":\"https:\\\/\\\/pulso27.com\\\/en\\\/#organization\",\"name\":\"Pulso27\",\"url\":\"https:\\\/\\\/pulso27.com\\\/en\\\/\",\"logo\":{\"@type\":\"ImageObject\",\"inLanguage\":\"en-US\",\"@id\":\"https:\\\/\\\/pulso27.com\\\/en\\\/#\\\/schema\\\/logo\\\/image\\\/\",\"url\":\"https:\\\/\\\/pulso27.com\\\/wp-content\\\/uploads\\\/2026\\\/02\\\/Logotipo-de-la-organizacion-696-x-696-px-ok.png\",\"contentUrl\":\"https:\\\/\\\/pulso27.com\\\/wp-content\\\/uploads\\\/2026\\\/02\\\/Logotipo-de-la-organizacion-696-x-696-px-ok.png\",\"width\":696,\"height\":696,\"caption\":\"Pulso27\"},\"image\":{\"@id\":\"https:\\\/\\\/pulso27.com\\\/en\\\/#\\\/schema\\\/logo\\\/image\\\/\"},\"sameAs\":[\"https:\\\/\\\/www.facebook.com\\\/pulso27\\\/\",\"https:\\\/\\\/x.com\\\/Pulso_27\",\"https:\\\/\\\/www.youtube.com\\\/@Pulso27\",\"https:\\\/\\\/www.tiktok.com\\\/@pulso_27\"]},{\"@type\":\"Person\",\"@id\":\"https:\\\/\\\/pulso27.com\\\/en\\\/#\\\/schema\\\/person\\\/d20fd7f5bc7f2e53fd150d43fca07a78\",\"name\":\"Tupaq\",\"image\":{\"@type\":\"ImageObject\",\"inLanguage\":\"en-US\",\"@id\":\"https:\\\/\\\/secure.gravatar.com\\\/avatar\\\/7929e9b034aeea560319a601e4f04c59eb5f45a79eafe192adabb67e9604e7e7?s=96&d=mm&r=g\",\"url\":\"https:\\\/\\\/secure.gravatar.com\\\/avatar\\\/7929e9b034aeea560319a601e4f04c59eb5f45a79eafe192adabb67e9604e7e7?s=96&d=mm&r=g\",\"contentUrl\":\"https:\\\/\\\/secure.gravatar.com\\\/avatar\\\/7929e9b034aeea560319a601e4f04c59eb5f45a79eafe192adabb67e9604e7e7?s=96&d=mm&r=g\",\"caption\":\"Tupaq\"},\"url\":\"https:\\\/\\\/pulso27.com\\\/en\\\/author\\\/tupaq\\\/\"}]}<\/script>\n<!-- \/ Yoast SEO plugin. -->","yoast_head_json":{"title":"Lima desaprueba a L\u00f3pez Aliaga: Una gesti\u00f3n marcada por promesas rotas y desconexi\u00f3n ciudadana - Pulso27","robots":{"index":"index","follow":"follow","max-snippet":"max-snippet:-1","max-image-preview":"max-image-preview:large","max-video-preview":"max-video-preview:-1"},"canonical":"https:\/\/pulso27.com\/en\/nacional\/lima-desaprueba-a-lopez-aliaga-una-gestion-marcada-por-promesas-rotas-y-desconexion-ciudadana\/","og_locale":"en_US","og_type":"article","og_title":"Lima desaprueba a L\u00f3pez Aliaga: Una gesti\u00f3n marcada por promesas rotas y desconexi\u00f3n ciudadana - Pulso27","og_description":"Lima &#8211; La gesti\u00f3n del alcalde Rafael L\u00f3pez Aliaga enfrenta un nuevo rev\u00e9s: solo el 40% de los lime\u00f1os aprueba su labor, mientras que un contundente 57% la desaprueba, seg\u00fan la reciente encuesta de Datum publicada por El Comercio. Estos n\u00fameros no solo reflejan el creciente descontento ciudadano, sino que evidencian una administraci\u00f3n que parece [&hellip;]","og_url":"https:\/\/pulso27.com\/en\/nacional\/lima-desaprueba-a-lopez-aliaga-una-gestion-marcada-por-promesas-rotas-y-desconexion-ciudadana\/","og_site_name":"Pulso27","article_publisher":"https:\/\/www.facebook.com\/pulso27\/","article_published_time":"2025-04-13T19:53:41+00:00","article_modified_time":"2025-04-13T19:53:45+00:00","og_image":[{"width":1200,"height":900,"url":"https:\/\/pulso27.com\/wp-content\/uploads\/2025\/04\/Diseno-sin-titulo-3.png","type":"image\/png"}],"author":"Tupaq","twitter_card":"summary_large_image","twitter_creator":"@Pulso_27","twitter_site":"@Pulso_27","twitter_misc":{"Written by":"Tupaq","Est. reading time":"3 minutes"},"schema":{"@context":"https:\/\/schema.org","@graph":[{"@type":"Article","@id":"https:\/\/pulso27.com\/nacional\/lima-desaprueba-a-lopez-aliaga-una-gestion-marcada-por-promesas-rotas-y-desconexion-ciudadana\/#article","isPartOf":{"@id":"https:\/\/pulso27.com\/nacional\/lima-desaprueba-a-lopez-aliaga-una-gestion-marcada-por-promesas-rotas-y-desconexion-ciudadana\/"},"author":{"name":"Tupaq","@id":"https:\/\/pulso27.com\/en\/#\/schema\/person\/d20fd7f5bc7f2e53fd150d43fca07a78"},"headline":"Lima desaprueba a L\u00f3pez Aliaga: Una gesti\u00f3n marcada por promesas rotas y desconexi\u00f3n ciudadana","datePublished":"2025-04-13T19:53:41+00:00","dateModified":"2025-04-13T19:53:45+00:00","mainEntityOfPage":{"@id":"https:\/\/pulso27.com\/nacional\/lima-desaprueba-a-lopez-aliaga-una-gestion-marcada-por-promesas-rotas-y-desconexion-ciudadana\/"},"wordCount":509,"commentCount":0,"publisher":{"@id":"https:\/\/pulso27.com\/en\/#organization"},"image":{"@id":"https:\/\/pulso27.com\/nacional\/lima-desaprueba-a-lopez-aliaga-una-gestion-marcada-por-promesas-rotas-y-desconexion-ciudadana\/#primaryimage"},"thumbnailUrl":"https:\/\/pulso27.com\/wp-content\/uploads\/2025\/04\/Diseno-sin-titulo-3.png","keywords":["EncuestadoraDatum","Lima","RafaelLopezAliaga"],"articleSection":["Educaci\u00f3n","Nacional"],"inLanguage":"en-US","potentialAction":[{"@type":"CommentAction","name":"Comment","target":["https:\/\/pulso27.com\/nacional\/lima-desaprueba-a-lopez-aliaga-una-gestion-marcada-por-promesas-rotas-y-desconexion-ciudadana\/#respond"]}]},{"@type":"WebPage","@id":"https:\/\/pulso27.com\/nacional\/lima-desaprueba-a-lopez-aliaga-una-gestion-marcada-por-promesas-rotas-y-desconexion-ciudadana\/","url":"https:\/\/pulso27.com\/nacional\/lima-desaprueba-a-lopez-aliaga-una-gestion-marcada-por-promesas-rotas-y-desconexion-ciudadana\/","name":"Lima desaprueba a L\u00f3pez Aliaga: Una gesti\u00f3n marcada por promesas rotas y desconexi\u00f3n ciudadana - Pulso27","isPartOf":{"@id":"https:\/\/pulso27.com\/en\/#website"},"primaryImageOfPage":{"@id":"https:\/\/pulso27.com\/nacional\/lima-desaprueba-a-lopez-aliaga-una-gestion-marcada-por-promesas-rotas-y-desconexion-ciudadana\/#primaryimage"},"image":{"@id":"https:\/\/pulso27.com\/nacional\/lima-desaprueba-a-lopez-aliaga-una-gestion-marcada-por-promesas-rotas-y-desconexion-ciudadana\/#primaryimage"},"thumbnailUrl":"https:\/\/pulso27.com\/wp-content\/uploads\/2025\/04\/Diseno-sin-titulo-3.png","datePublished":"2025-04-13T19:53:41+00:00","dateModified":"2025-04-13T19:53:45+00:00","breadcrumb":{"@id":"https:\/\/pulso27.com\/nacional\/lima-desaprueba-a-lopez-aliaga-una-gestion-marcada-por-promesas-rotas-y-desconexion-ciudadana\/#breadcrumb"},"inLanguage":"en-US","potentialAction":[{"@type":"ReadAction","target":["https:\/\/pulso27.com\/nacional\/lima-desaprueba-a-lopez-aliaga-una-gestion-marcada-por-promesas-rotas-y-desconexion-ciudadana\/"]}]},{"@type":"ImageObject","inLanguage":"en-US","@id":"https:\/\/pulso27.com\/nacional\/lima-desaprueba-a-lopez-aliaga-una-gestion-marcada-por-promesas-rotas-y-desconexion-ciudadana\/#primaryimage","url":"https:\/\/pulso27.com\/wp-content\/uploads\/2025\/04\/Diseno-sin-titulo-3.png","contentUrl":"https:\/\/pulso27.com\/wp-content\/uploads\/2025\/04\/Diseno-sin-titulo-3.png","width":1200,"height":900},{"@type":"BreadcrumbList","@id":"https:\/\/pulso27.com\/nacional\/lima-desaprueba-a-lopez-aliaga-una-gestion-marcada-por-promesas-rotas-y-desconexion-ciudadana\/#breadcrumb","itemListElement":[{"@type":"ListItem","position":1,"name":"Portada","item":"https:\/\/pulso27.com\/"},{"@type":"ListItem","position":2,"name":"Lima desaprueba a L\u00f3pez Aliaga: Una gesti\u00f3n marcada por promesas rotas y desconexi\u00f3n ciudadana"}]},{"@type":"WebSite","@id":"https:\/\/pulso27.com\/en\/#website","url":"https:\/\/pulso27.com\/en\/","name":"Pulso27","description":"Web de noticias y publicidad","publisher":{"@id":"https:\/\/pulso27.com\/en\/#organization"},"alternateName":"El pulso del pueblo","potentialAction":[{"@type":"SearchAction","target":{"@type":"EntryPoint","urlTemplate":"https:\/\/pulso27.com\/en\/?s={search_term_string}"},"query-input":{"@type":"PropertyValueSpecification","valueRequired":true,"valueName":"search_term_string"}}],"inLanguage":"en-US"},{"@type":"Organization","@id":"https:\/\/pulso27.com\/en\/#organization","name":"Pulso27","url":"https:\/\/pulso27.com\/en\/","logo":{"@type":"ImageObject","inLanguage":"en-US","@id":"https:\/\/pulso27.com\/en\/#\/schema\/logo\/image\/","url":"https:\/\/pulso27.com\/wp-content\/uploads\/2026\/02\/Logotipo-de-la-organizacion-696-x-696-px-ok.png","contentUrl":"https:\/\/pulso27.com\/wp-content\/uploads\/2026\/02\/Logotipo-de-la-organizacion-696-x-696-px-ok.png","width":696,"height":696,"caption":"Pulso27"},"image":{"@id":"https:\/\/pulso27.com\/en\/#\/schema\/logo\/image\/"},"sameAs":["https:\/\/www.facebook.com\/pulso27\/","https:\/\/x.com\/Pulso_27","https:\/\/www.youtube.com\/@Pulso27","https:\/\/www.tiktok.com\/@pulso_27"]},{"@type":"Person","@id":"https:\/\/pulso27.com\/en\/#\/schema\/person\/d20fd7f5bc7f2e53fd150d43fca07a78","name":"Tupaq","image":{"@type":"ImageObject","inLanguage":"en-US","@id":"https:\/\/secure.gravatar.com\/avatar\/7929e9b034aeea560319a601e4f04c59eb5f45a79eafe192adabb67e9604e7e7?s=96&d=mm&r=g","url":"https:\/\/secure.gravatar.com\/avatar\/7929e9b034aeea560319a601e4f04c59eb5f45a79eafe192adabb67e9604e7e7?s=96&d=mm&r=g","contentUrl":"https:\/\/secure.gravatar.com\/avatar\/7929e9b034aeea560319a601e4f04c59eb5f45a79eafe192adabb67e9604e7e7?s=96&d=mm&r=g","caption":"Tupaq"},"url":"https:\/\/pulso27.com\/en\/author\/tupaq\/"}]}},"amp_enabled":true,"_links":{"self":[{"href":"https:\/\/pulso27.com\/en\/wp-json\/wp\/v2\/posts\/5225","targetHints":{"allow":["GET"]}}],"collection":[{"href":"https:\/\/pulso27.com\/en\/wp-json\/wp\/v2\/posts"}],"about":[{"href":"https:\/\/pulso27.com\/en\/wp-json\/wp\/v2\/types\/post"}],"author":[{"embeddable":true,"href":"https:\/\/pulso27.com\/en\/wp-json\/wp\/v2\/users\/7"}],"replies":[{"embeddable":true,"href":"https:\/\/pulso27.com\/en\/wp-json\/wp\/v2\/comments?post=5225"}],"version-history":[{"count":2,"href":"https:\/\/pulso27.com\/en\/wp-json\/wp\/v2\/posts\/5225\/revisions"}],"predecessor-version":[{"id":5232,"href":"https:\/\/pulso27.com\/en\/wp-json\/wp\/v2\/posts\/5225\/revisions\/5232"}],"wp:featuredmedia":[{"embeddable":true,"href":"https:\/\/pulso27.com\/en\/wp-json\/wp\/v2\/media\/5229"}],"wp:attachment":[{"href":"https:\/\/pulso27.com\/en\/wp-json\/wp\/v2\/media?parent=5225"}],"wp:term":[{"taxonomy":"category","embeddable":true,"href":"https:\/\/pulso27.com\/en\/wp-json\/wp\/v2\/categories?post=5225"},{"taxonomy":"post_tag","embeddable":true,"href":"https:\/\/pulso27.com\/en\/wp-json\/wp\/v2\/tags?post=5225"}],"curies":[{"name":"wp","href":"https:\/\/api.w.org\/{rel}","templated":true}]}}