{"id":5249,"date":"2025-04-19T09:49:28","date_gmt":"2025-04-19T04:49:28","guid":{"rendered":"https:\/\/pulso27.com\/?p=5249"},"modified":"2025-04-19T09:49:33","modified_gmt":"2025-04-19T04:49:33","slug":"semana-santa-2025-en-peru-fervor-religioso-y-riqueza-cultural-en-costa-sierra-y-selva","status":"publish","type":"post","link":"https:\/\/pulso27.com\/en\/cultura\/costumbre-y-tradiciones\/semana-santa-2025-en-peru-fervor-religioso-y-riqueza-cultural-en-costa-sierra-y-selva\/","title":{"rendered":"Semana Santa 2025 en Per\u00fa: Fervor religioso y riqueza cultural en Costa, Sierra y Selva"},"content":{"rendered":"<p>Lima &#8211; La Semana Santa 2025, celebrada del 13 al 20 de abril, ha sumergido al Per\u00fa en un profundo ambiente de devoci\u00f3n, reflexi\u00f3n y tradiciones culturales. Con feriados nacionales el Jueves y Viernes Santo (17 y 18 de abril), miles de peruanos y turistas participan en procesiones, misas y actividades que fusionan la fe cat\u00f3lica con el legado ancestral en las principales ciudades de la Costa, Sierra y Selva. A continuaci\u00f3n, un recorrido por las celebraciones m\u00e1s destacadas de esta festividad, una de las m\u00e1s significativas del calendario cristiano, junto con un vistazo a c\u00f3mo se vive en otros pa\u00edses de Am\u00e9rica Latina.<\/p>\n\n\n\n<p><strong>Costa: Solemnidad y tradiciones urbanas<\/strong><\/p>\n\n\n\n<p>En la Costa, Lima, la capital, lidera las celebraciones con un enfoque urbano pero cargado de espiritualidad. El Centro Hist\u00f3rico se convierte en el epicentro de actividades religiosas, con iglesias como la Catedral de Lima y San Francisco acogiendo misas solemnes y procesiones. El Domingo de Ramos (13 de abril) marc\u00f3 el inicio con la bendici\u00f3n de palmas en la Plaza Mayor, seguida de la recreaci\u00f3n de la entrada de Jes\u00fas a Jerusal\u00e9n. El Jueves Santo, la tradici\u00f3n del recorrido por las siete iglesias atrajo a multitudes que visitaron templos hist\u00f3ricos como La Merced y Santo Domingo, reflexionando sobre la Pasi\u00f3n de Cristo. El Viernes Santo, la representaci\u00f3n del V\u00eda Crucis, liderada por el actor Mario Valencia desde el Cercado hasta el Cerro San Crist\u00f3bal, congreg\u00f3 a cientos de fieles, acompa\u00f1ados por estrictas medidas de seguridad.<\/p>\n\n\n\n<figure class=\"wp-block-image size-large\"><img loading=\"lazy\" decoding=\"async\" width=\"1024\" height=\"768\" src=\"https:\/\/pulso27.com\/wp-content\/uploads\/2025\/04\/image-50-1024x768.png\" alt=\"\" class=\"wp-image-5255\" srcset=\"https:\/\/pulso27.com\/wp-content\/uploads\/2025\/04\/image-50-1024x768.png 1024w, https:\/\/pulso27.com\/wp-content\/uploads\/2025\/04\/image-50-300x225.png 300w, https:\/\/pulso27.com\/wp-content\/uploads\/2025\/04\/image-50-768x576.png 768w, https:\/\/pulso27.com\/wp-content\/uploads\/2025\/04\/image-50-16x12.png 16w, https:\/\/pulso27.com\/wp-content\/uploads\/2025\/04\/image-50.png 1200w\" sizes=\"auto, (max-width: 1024px) 100vw, 1024px\" \/><figcaption class=\"wp-element-caption\"><em>Lima celebr\u00f3 Semana Santa 2025 con misas, procesiones y otras actividades culturales<\/em><\/figcaption><\/figure>\n\n\n\n<p>En Piura, especialmente en el distrito de Catacaos, la Semana Santa, reconocida como Patrimonio Cultural de la Naci\u00f3n, destac\u00f3 por su misticismo. La procesi\u00f3n del Se\u00f1or de la Piedad y la Virgen Dolorosa recorri\u00f3 calles adornadas con alfombras florales, mientras los devotos entonaban c\u00e1nticos en quechua y espa\u00f1ol. La gastronom\u00eda local, con platos como el sudado de trucha y rosquitas de an\u00eds, complement\u00f3 la experiencia. En Ica, la procesi\u00f3n del Se\u00f1or de Luren moviliz\u00f3 a miles de peregrinos, quienes acompa\u00f1aron la imagen con velas y rezos, en un recorrido lleno de sahumerios y fervor religioso.<\/p>\n\n\n\n<p><strong>Sierra: Fusi\u00f3n de devoci\u00f3n cat\u00f3lica y herencia andina<\/strong><\/p>\n\n\n\n<p>En la Sierra, Ayacucho reafirm\u00f3 su t\u00edtulo como la \u201cCapital de la Semana Santa\u201d con una programaci\u00f3n que combina arte, fe y tradiciones andinas. Desde el Domingo de Ramos, las calles se llenaron de alfombras de flores y aserr\u00edn, un espect\u00e1culo que atrae a turistas nacionales e internacionales. La Procesi\u00f3n del Se\u00f1or de la Agon\u00eda, el Jueves Santo, y la del Santo Sepulcro, el Viernes Santo, fueron los eventos m\u00e1s emotivos, con fieles cargando pesadas im\u00e1genes religiosas al ritmo de bandas de viento. La ciudad espera haber recibido a m\u00e1s de 50,000 visitantes, generando un impacto econ\u00f3mico significativo. Adem\u00e1s, los mercados locales ofrecieron retablos y textiles, mientras los visitantes degustaron el chupe de viernes, una sopa tradicional sin carne roja.<\/p>\n\n\n\n<figure class=\"wp-block-image size-large\"><img loading=\"lazy\" decoding=\"async\" width=\"1024\" height=\"576\" src=\"https:\/\/pulso27.com\/wp-content\/uploads\/2025\/04\/image-46-1024x576.png\" alt=\"\" class=\"wp-image-5251\" srcset=\"https:\/\/pulso27.com\/wp-content\/uploads\/2025\/04\/image-46-1024x576.png 1024w, https:\/\/pulso27.com\/wp-content\/uploads\/2025\/04\/image-46-300x169.png 300w, https:\/\/pulso27.com\/wp-content\/uploads\/2025\/04\/image-46-768x432.png 768w, https:\/\/pulso27.com\/wp-content\/uploads\/2025\/04\/image-46-1536x864.png 1536w, https:\/\/pulso27.com\/wp-content\/uploads\/2025\/04\/image-46-18x10.png 18w, https:\/\/pulso27.com\/wp-content\/uploads\/2025\/04\/image-46.png 1920w\" sizes=\"auto, (max-width: 1024px) 100vw, 1024px\" \/><figcaption class=\"wp-element-caption\"><em>El anda m\u00e1s grande y pesado que los creyentes cargan en Semana Santa est\u00e1 en Ayacucho<\/em><\/figcaption><\/figure>\n\n\n\n<p>En Cusco, la Semana Santa fusion\u00f3 el legado inca con el catolicismo. La procesi\u00f3n del Se\u00f1or de los Temblores, una imagen venerada por proteger a la ciudad de terremotos, recorri\u00f3 el centro hist\u00f3rico el Lunes Santo, adornada con flores rojas de \u00f1ucchu, s\u00edmbolo de la sangre de Cristo. La Plaza San Francisco fue el punto de partida del V\u00eda Crucis, que culmin\u00f3 en la Cruz del Papa en Sacsayhuam\u00e1n. La m\u00fasica andina y los dulces t\u00edpicos, como maicillos y suspiros, enriquecieron la experiencia cultural. En Huancavelica, menos conocida pero igualmente fervorosa, la procesi\u00f3n de la Virgen Dolorosa destac\u00f3 por los trajes tradicionales y la m\u00fasica local, reflejando la identidad de la sierra central.<\/p>\n\n\n\n<p><strong>Selva: Espiritualidad en armon\u00eda con la naturaleza<\/strong><\/p>\n\n\n\n<p>En la Selva, las celebraciones son m\u00e1s \u00edntimas pero igualmente significativas. En Iquitos, capital de Loreto, la Semana Santa se vivi\u00f3 con procesiones que recorrieron calles bajo un clima c\u00e1lido y h\u00famedo, con temperaturas cercanas a los 30 \u00b0C. La procesi\u00f3n del Cristo Resucitado, el Domingo de Resurrecci\u00f3n, se acompa\u00f1\u00f3 de danzas tradicionales y bebidas como el masato, elaborado con yuca fermentada. Los visitantes aprovecharon para explorar la biodiversidad amaz\u00f3nica, con paseos en bote por el r\u00edo Amazonas y visitas a comunidades nativas como los Boras y Yaguas.<\/p>\n\n\n\n<figure class=\"wp-block-image size-large\"><img loading=\"lazy\" decoding=\"async\" width=\"1024\" height=\"768\" src=\"https:\/\/pulso27.com\/wp-content\/uploads\/2025\/04\/image-47-1024x768.png\" alt=\"\" class=\"wp-image-5252\" srcset=\"https:\/\/pulso27.com\/wp-content\/uploads\/2025\/04\/image-47-1024x768.png 1024w, https:\/\/pulso27.com\/wp-content\/uploads\/2025\/04\/image-47-300x225.png 300w, https:\/\/pulso27.com\/wp-content\/uploads\/2025\/04\/image-47-768x576.png 768w, https:\/\/pulso27.com\/wp-content\/uploads\/2025\/04\/image-47-16x12.png 16w, https:\/\/pulso27.com\/wp-content\/uploads\/2025\/04\/image-47.png 1200w\" sizes=\"auto, (max-width: 1024px) 100vw, 1024px\" \/><figcaption class=\"wp-element-caption\"><em>Iquitos, capital de Loreto, vivi\u00f3 la V\u00eda Crucis de Sena Santa de esta manera<\/em><\/figcaption><\/figure>\n\n\n\n<p>En Puno, aunque geogr\u00e1ficamente en el altiplano, las celebraciones reflejaron influencias selv\u00e1ticas y andinas. La procesi\u00f3n del Viernes Santo, con el lago Titicaca como tel\u00f3n de fondo, combin\u00f3 c\u00e1nticos cat\u00f3licos con danzas tradicionales, atrayendo a devotos y turistas. La comunidad particip\u00f3 activamente en misas y ferias gastron\u00f3micas, donde se degustaron platos como el sudado de trucha.<\/p>\n\n\n\n<p><strong>Semana Santa en Am\u00e9rica Latina<\/strong><br>La Semana Santa trasciende las fronteras peruanas, siendo una festividad profundamente arraigada en Am\u00e9rica Latina. En M\u00e9xico, la ciudad de Taxco destaca por sus procesiones donde los penitentes cargan cruces y cadenas, mientras en San Crist\u00f3bal de las Casas se realizan altares vivientes y representaciones teatrales de la Pasi\u00f3n. En Guatemala, Antigua Guatemala se convierte en un lienzo de alfombras de aserr\u00edn y flores, similares a las de Ayacucho, que acompa\u00f1an procesiones como la del Cristo Yacente. En Colombia, Popay\u00e1n es famosa por sus procesiones nocturnas, declaradas Patrimonio Inmaterial por la UNESCO, donde las im\u00e1genes religiosas son llevadas por cofrad\u00edas centenarias. En Brasil, las celebraciones en Ouro Preto combinan misas solemnes con m\u00fasica barroca, mientras que en Salvador de Bah\u00eda se integran elementos afrobrasile\u00f1os. Estas manifestaciones reflejan la diversidad de la regi\u00f3n, uniendo la herencia colonial con tradiciones ind\u00edgenas y africanas, en un mosaico cultural que dialoga con las celebraciones peruanas.<\/p>\n\n\n\n<figure class=\"wp-block-image size-large\"><img loading=\"lazy\" decoding=\"async\" width=\"1024\" height=\"683\" src=\"https:\/\/pulso27.com\/wp-content\/uploads\/2025\/04\/image-48-1024x683.png\" alt=\"\" class=\"wp-image-5253\" srcset=\"https:\/\/pulso27.com\/wp-content\/uploads\/2025\/04\/image-48-1024x683.png 1024w, https:\/\/pulso27.com\/wp-content\/uploads\/2025\/04\/image-48-300x200.png 300w, https:\/\/pulso27.com\/wp-content\/uploads\/2025\/04\/image-48-768x512.png 768w, https:\/\/pulso27.com\/wp-content\/uploads\/2025\/04\/image-48-18x12.png 18w, https:\/\/pulso27.com\/wp-content\/uploads\/2025\/04\/image-48.png 1280w\" sizes=\"auto, (max-width: 1024px) 100vw, 1024px\" \/><figcaption class=\"wp-element-caption\"><em>Procesiones en Semana Santa en Quito 2025 -Ecuador<\/em><\/figcaption><\/figure>\n\n\n\n<p><strong>Impacto cultural y econ\u00f3mico<\/strong><\/p>\n\n\n\n<p>La Semana Santa 2025 no solo ha sido un momento de recogimiento espiritual, sino tambi\u00e9n una oportunidad para la reactivaci\u00f3n econ\u00f3mica. En Arequipa, por ejemplo, se proyect\u00f3 la llegada de 50,000 turistas, generando entre S\/15 y S\/25 millones en ingresos, con destinos como el Valle del Colca y el Monasterio de Santa Catalina como favoritos. En Ayacucho, la afluencia de visitantes impuls\u00f3 el comercio de artesan\u00edas y la gastronom\u00eda local. Adem\u00e1s, el turismo religioso, como el recorrido por las siete iglesias en Lima, Cusco y Arequipa, se consolid\u00f3 como una pr\u00e1ctica que une fe y cultura.<\/p>\n\n\n\n<p><strong>Tradiciones gastron\u00f3micas y reflexi\u00f3n<\/strong><\/p>\n\n\n\n<p>A lo largo del pa\u00eds, la gastronom\u00eda reflej\u00f3 la tradici\u00f3n de abstenerse de carne roja. En la Costa, el escabeche de pescado y el chupe de camarones fueron protagonistas; en la Sierra, el chupe de viernes y dulces como los maicillos; y en la Selva, bebidas como el masato y platos a base de pescado. Estas preparaciones, transmitidas de generaci\u00f3n en generaci\u00f3n, unieron a las familias en torno a la mesa.<\/p>\n\n\n\n<figure class=\"wp-block-image size-large\"><img loading=\"lazy\" decoding=\"async\" width=\"1024\" height=\"576\" src=\"https:\/\/pulso27.com\/wp-content\/uploads\/2025\/04\/image-49-1024x576.png\" alt=\"\" class=\"wp-image-5254\" srcset=\"https:\/\/pulso27.com\/wp-content\/uploads\/2025\/04\/image-49-1024x576.png 1024w, https:\/\/pulso27.com\/wp-content\/uploads\/2025\/04\/image-49-300x169.png 300w, https:\/\/pulso27.com\/wp-content\/uploads\/2025\/04\/image-49-768x432.png 768w, https:\/\/pulso27.com\/wp-content\/uploads\/2025\/04\/image-49-18x10.png 18w, https:\/\/pulso27.com\/wp-content\/uploads\/2025\/04\/image-49.png 1280w\" sizes=\"auto, (max-width: 1024px) 100vw, 1024px\" \/><figcaption class=\"wp-element-caption\"><em>Los diferentes platos t\u00edpicos que se degustan a lo largo de todo el Per\u00fa<\/em><\/figcaption><\/figure>\n\n\n\n<p>La Semana Santa 2025 en Per\u00fa ha sido, una vez m\u00e1s, una manifestaci\u00f3n de la diversidad cultural y religiosa del pa\u00eds. Desde las solemnes procesiones de Lima hasta las coloridas alfombras de Ayacucho y las danzas en Puno, esta festividad invita a peruanos y visitantes a reconectar con la fe, la historia y las ra\u00edces de una naci\u00f3n vibrante, en sinton\u00eda con las ricas tradiciones de Am\u00e9rica Latina.<\/p>","protected":false},"excerpt":{"rendered":"<p>Lima &#8211; La Semana Santa 2025, celebrada del 13 al 20 de abril, ha sumergido al Per\u00fa en un profundo ambiente de devoci\u00f3n, reflexi\u00f3n y tradiciones culturales. Con feriados nacionales el Jueves y Viernes Santo (17 y 18 de abril), miles de peruanos y turistas participan en procesiones, misas y actividades que fusionan la fe [&hellip;]<\/p>\n","protected":false},"author":13,"featured_media":5250,"comment_status":"open","ping_status":"open","sticky":false,"template":"","format":"standard","meta":{"footnotes":""},"categories":[815,393,202],"tags":[2276,2275,2277,847,2274],"class_list":["post-5249","post","type-post","status-publish","format-standard","has-post-thumbnail","hentry","category-costumbre-y-tradiciones","category-cultura","category-sociedad","tag-cristo","tag-fervorreligioso","tag-jesus","tag-religion","tag-semanasanta2025"],"yoast_head":"<!-- This site is optimized with the Yoast SEO plugin v27.4 - https:\/\/yoast.com\/product\/yoast-seo-wordpress\/ -->\n<title>Semana Santa 2025 en Per\u00fa: Fervor religioso y riqueza cultural en Costa, Sierra y Selva - Pulso27<\/title>\n<meta name=\"robots\" content=\"index, follow, max-snippet:-1, max-image-preview:large, max-video-preview:-1\" \/>\n<link rel=\"canonical\" href=\"https:\/\/pulso27.com\/en\/cultura\/costumbre-y-tradiciones\/semana-santa-2025-en-peru-fervor-religioso-y-riqueza-cultural-en-costa-sierra-y-selva\/\" \/>\n<meta property=\"og:locale\" content=\"en_US\" \/>\n<meta property=\"og:type\" content=\"article\" \/>\n<meta property=\"og:title\" content=\"Semana Santa 2025 en Per\u00fa: Fervor religioso y riqueza cultural en Costa, Sierra y Selva - Pulso27\" \/>\n<meta property=\"og:description\" content=\"Lima &#8211; La Semana Santa 2025, celebrada del 13 al 20 de abril, ha sumergido al Per\u00fa en un profundo ambiente de devoci\u00f3n, reflexi\u00f3n y tradiciones culturales. Con feriados nacionales el Jueves y Viernes Santo (17 y 18 de abril), miles de peruanos y turistas participan en procesiones, misas y actividades que fusionan la fe [&hellip;]\" \/>\n<meta property=\"og:url\" content=\"https:\/\/pulso27.com\/en\/cultura\/costumbre-y-tradiciones\/semana-santa-2025-en-peru-fervor-religioso-y-riqueza-cultural-en-costa-sierra-y-selva\/\" \/>\n<meta property=\"og:site_name\" content=\"Pulso27\" \/>\n<meta property=\"article:publisher\" content=\"https:\/\/www.facebook.com\/pulso27\/\" \/>\n<meta property=\"article:published_time\" content=\"2025-04-19T04:49:28+00:00\" \/>\n<meta property=\"article:modified_time\" content=\"2025-04-19T04:49:33+00:00\" \/>\n<meta property=\"og:image\" content=\"https:\/\/pulso27.com\/wp-content\/uploads\/2026\/02\/Imagen-del-sitio-1200-x-675-px-ok.png\" \/>\n\t<meta property=\"og:image:width\" content=\"1200\" \/>\n\t<meta property=\"og:image:height\" content=\"675\" \/>\n\t<meta property=\"og:image:type\" content=\"image\/png\" \/>\n<meta name=\"author\" content=\"Redactor\" \/>\n<meta name=\"twitter:card\" content=\"summary_large_image\" \/>\n<meta name=\"twitter:creator\" content=\"@Pulso_27\" \/>\n<meta name=\"twitter:site\" content=\"@Pulso_27\" \/>\n<meta name=\"twitter:label1\" content=\"Written by\" \/>\n\t<meta name=\"twitter:data1\" content=\"Redactor\" \/>\n\t<meta name=\"twitter:label2\" content=\"Est. reading time\" \/>\n\t<meta name=\"twitter:data2\" content=\"7 minutes\" \/>\n<script type=\"application\/ld+json\" class=\"yoast-schema-graph\">{\"@context\":\"https:\\\/\\\/schema.org\",\"@graph\":[{\"@type\":\"Article\",\"@id\":\"https:\\\/\\\/pulso27.com\\\/cultura\\\/costumbre-y-tradiciones\\\/semana-santa-2025-en-peru-fervor-religioso-y-riqueza-cultural-en-costa-sierra-y-selva\\\/#article\",\"isPartOf\":{\"@id\":\"https:\\\/\\\/pulso27.com\\\/cultura\\\/costumbre-y-tradiciones\\\/semana-santa-2025-en-peru-fervor-religioso-y-riqueza-cultural-en-costa-sierra-y-selva\\\/\"},\"author\":{\"name\":\"Redactor\",\"@id\":\"https:\\\/\\\/pulso27.com\\\/en\\\/#\\\/schema\\\/person\\\/bf5ee161e6c87f6c7d57f5e689ef8526\"},\"headline\":\"Semana Santa 2025 en Per\u00fa: Fervor religioso y riqueza cultural en Costa, Sierra y Selva\",\"datePublished\":\"2025-04-19T04:49:28+00:00\",\"dateModified\":\"2025-04-19T04:49:33+00:00\",\"mainEntityOfPage\":{\"@id\":\"https:\\\/\\\/pulso27.com\\\/cultura\\\/costumbre-y-tradiciones\\\/semana-santa-2025-en-peru-fervor-religioso-y-riqueza-cultural-en-costa-sierra-y-selva\\\/\"},\"wordCount\":1307,\"commentCount\":0,\"publisher\":{\"@id\":\"https:\\\/\\\/pulso27.com\\\/en\\\/#organization\"},\"image\":{\"@id\":\"https:\\\/\\\/pulso27.com\\\/cultura\\\/costumbre-y-tradiciones\\\/semana-santa-2025-en-peru-fervor-religioso-y-riqueza-cultural-en-costa-sierra-y-selva\\\/#primaryimage\"},\"thumbnailUrl\":\"https:\\\/\\\/pulso27.com\\\/wp-content\\\/uploads\\\/2025\\\/04\\\/SemanaSanta.avif\",\"keywords\":[\"Cristo\",\"FervorReligioso\",\"Jes\u00fas\",\"Religi\u00f3n\",\"SemanaSanta2025\"],\"articleSection\":[\"Costumbre y tradiciones\",\"Cultura\",\"Sociedad\"],\"inLanguage\":\"en-US\",\"potentialAction\":[{\"@type\":\"CommentAction\",\"name\":\"Comment\",\"target\":[\"https:\\\/\\\/pulso27.com\\\/cultura\\\/costumbre-y-tradiciones\\\/semana-santa-2025-en-peru-fervor-religioso-y-riqueza-cultural-en-costa-sierra-y-selva\\\/#respond\"]}]},{\"@type\":\"WebPage\",\"@id\":\"https:\\\/\\\/pulso27.com\\\/cultura\\\/costumbre-y-tradiciones\\\/semana-santa-2025-en-peru-fervor-religioso-y-riqueza-cultural-en-costa-sierra-y-selva\\\/\",\"url\":\"https:\\\/\\\/pulso27.com\\\/cultura\\\/costumbre-y-tradiciones\\\/semana-santa-2025-en-peru-fervor-religioso-y-riqueza-cultural-en-costa-sierra-y-selva\\\/\",\"name\":\"Semana Santa 2025 en Per\u00fa: Fervor religioso y riqueza cultural en Costa, Sierra y Selva - Pulso27\",\"isPartOf\":{\"@id\":\"https:\\\/\\\/pulso27.com\\\/en\\\/#website\"},\"primaryImageOfPage\":{\"@id\":\"https:\\\/\\\/pulso27.com\\\/cultura\\\/costumbre-y-tradiciones\\\/semana-santa-2025-en-peru-fervor-religioso-y-riqueza-cultural-en-costa-sierra-y-selva\\\/#primaryimage\"},\"image\":{\"@id\":\"https:\\\/\\\/pulso27.com\\\/cultura\\\/costumbre-y-tradiciones\\\/semana-santa-2025-en-peru-fervor-religioso-y-riqueza-cultural-en-costa-sierra-y-selva\\\/#primaryimage\"},\"thumbnailUrl\":\"https:\\\/\\\/pulso27.com\\\/wp-content\\\/uploads\\\/2025\\\/04\\\/SemanaSanta.avif\",\"datePublished\":\"2025-04-19T04:49:28+00:00\",\"dateModified\":\"2025-04-19T04:49:33+00:00\",\"breadcrumb\":{\"@id\":\"https:\\\/\\\/pulso27.com\\\/cultura\\\/costumbre-y-tradiciones\\\/semana-santa-2025-en-peru-fervor-religioso-y-riqueza-cultural-en-costa-sierra-y-selva\\\/#breadcrumb\"},\"inLanguage\":\"en-US\",\"potentialAction\":[{\"@type\":\"ReadAction\",\"target\":[\"https:\\\/\\\/pulso27.com\\\/cultura\\\/costumbre-y-tradiciones\\\/semana-santa-2025-en-peru-fervor-religioso-y-riqueza-cultural-en-costa-sierra-y-selva\\\/\"]}]},{\"@type\":\"ImageObject\",\"inLanguage\":\"en-US\",\"@id\":\"https:\\\/\\\/pulso27.com\\\/cultura\\\/costumbre-y-tradiciones\\\/semana-santa-2025-en-peru-fervor-religioso-y-riqueza-cultural-en-costa-sierra-y-selva\\\/#primaryimage\",\"url\":\"https:\\\/\\\/pulso27.com\\\/wp-content\\\/uploads\\\/2025\\\/04\\\/SemanaSanta.avif\",\"contentUrl\":\"https:\\\/\\\/pulso27.com\\\/wp-content\\\/uploads\\\/2025\\\/04\\\/SemanaSanta.avif\",\"width\":800,\"height\":533},{\"@type\":\"BreadcrumbList\",\"@id\":\"https:\\\/\\\/pulso27.com\\\/cultura\\\/costumbre-y-tradiciones\\\/semana-santa-2025-en-peru-fervor-religioso-y-riqueza-cultural-en-costa-sierra-y-selva\\\/#breadcrumb\",\"itemListElement\":[{\"@type\":\"ListItem\",\"position\":1,\"name\":\"Portada\",\"item\":\"https:\\\/\\\/pulso27.com\\\/\"},{\"@type\":\"ListItem\",\"position\":2,\"name\":\"Semana Santa 2025 en Per\u00fa: Fervor religioso y riqueza cultural en Costa, Sierra y Selva\"}]},{\"@type\":\"WebSite\",\"@id\":\"https:\\\/\\\/pulso27.com\\\/en\\\/#website\",\"url\":\"https:\\\/\\\/pulso27.com\\\/en\\\/\",\"name\":\"Pulso27\",\"description\":\"Web de noticias y publicidad\",\"publisher\":{\"@id\":\"https:\\\/\\\/pulso27.com\\\/en\\\/#organization\"},\"alternateName\":\"El pulso del pueblo\",\"potentialAction\":[{\"@type\":\"SearchAction\",\"target\":{\"@type\":\"EntryPoint\",\"urlTemplate\":\"https:\\\/\\\/pulso27.com\\\/en\\\/?s={search_term_string}\"},\"query-input\":{\"@type\":\"PropertyValueSpecification\",\"valueRequired\":true,\"valueName\":\"search_term_string\"}}],\"inLanguage\":\"en-US\"},{\"@type\":\"Organization\",\"@id\":\"https:\\\/\\\/pulso27.com\\\/en\\\/#organization\",\"name\":\"Pulso27\",\"url\":\"https:\\\/\\\/pulso27.com\\\/en\\\/\",\"logo\":{\"@type\":\"ImageObject\",\"inLanguage\":\"en-US\",\"@id\":\"https:\\\/\\\/pulso27.com\\\/en\\\/#\\\/schema\\\/logo\\\/image\\\/\",\"url\":\"https:\\\/\\\/pulso27.com\\\/wp-content\\\/uploads\\\/2026\\\/02\\\/Logotipo-de-la-organizacion-696-x-696-px-ok.png\",\"contentUrl\":\"https:\\\/\\\/pulso27.com\\\/wp-content\\\/uploads\\\/2026\\\/02\\\/Logotipo-de-la-organizacion-696-x-696-px-ok.png\",\"width\":696,\"height\":696,\"caption\":\"Pulso27\"},\"image\":{\"@id\":\"https:\\\/\\\/pulso27.com\\\/en\\\/#\\\/schema\\\/logo\\\/image\\\/\"},\"sameAs\":[\"https:\\\/\\\/www.facebook.com\\\/pulso27\\\/\",\"https:\\\/\\\/x.com\\\/Pulso_27\",\"https:\\\/\\\/www.youtube.com\\\/@Pulso27\",\"https:\\\/\\\/www.tiktok.com\\\/@pulso_27\"]},{\"@type\":\"Person\",\"@id\":\"https:\\\/\\\/pulso27.com\\\/en\\\/#\\\/schema\\\/person\\\/bf5ee161e6c87f6c7d57f5e689ef8526\",\"name\":\"Redactor\",\"image\":{\"@type\":\"ImageObject\",\"inLanguage\":\"en-US\",\"@id\":\"https:\\\/\\\/pulso27.com\\\/wp-content\\\/uploads\\\/2025\\\/03\\\/a-150x150.png\",\"url\":\"https:\\\/\\\/pulso27.com\\\/wp-content\\\/uploads\\\/2025\\\/03\\\/a-150x150.png\",\"contentUrl\":\"https:\\\/\\\/pulso27.com\\\/wp-content\\\/uploads\\\/2025\\\/03\\\/a-150x150.png\",\"caption\":\"Redactor\"},\"sameAs\":[\"http:\\\/\\\/www.pulso27.com\"],\"url\":\"https:\\\/\\\/pulso27.com\\\/en\\\/author\\\/redactor\\\/\"}]}<\/script>\n<!-- \/ Yoast SEO plugin. -->","yoast_head_json":{"title":"Semana Santa 2025 en Per\u00fa: Fervor religioso y riqueza cultural en Costa, Sierra y Selva - Pulso27","robots":{"index":"index","follow":"follow","max-snippet":"max-snippet:-1","max-image-preview":"max-image-preview:large","max-video-preview":"max-video-preview:-1"},"canonical":"https:\/\/pulso27.com\/en\/cultura\/costumbre-y-tradiciones\/semana-santa-2025-en-peru-fervor-religioso-y-riqueza-cultural-en-costa-sierra-y-selva\/","og_locale":"en_US","og_type":"article","og_title":"Semana Santa 2025 en Per\u00fa: Fervor religioso y riqueza cultural en Costa, Sierra y Selva - Pulso27","og_description":"Lima &#8211; La Semana Santa 2025, celebrada del 13 al 20 de abril, ha sumergido al Per\u00fa en un profundo ambiente de devoci\u00f3n, reflexi\u00f3n y tradiciones culturales. Con feriados nacionales el Jueves y Viernes Santo (17 y 18 de abril), miles de peruanos y turistas participan en procesiones, misas y actividades que fusionan la fe [&hellip;]","og_url":"https:\/\/pulso27.com\/en\/cultura\/costumbre-y-tradiciones\/semana-santa-2025-en-peru-fervor-religioso-y-riqueza-cultural-en-costa-sierra-y-selva\/","og_site_name":"Pulso27","article_publisher":"https:\/\/www.facebook.com\/pulso27\/","article_published_time":"2025-04-19T04:49:28+00:00","article_modified_time":"2025-04-19T04:49:33+00:00","og_image":[{"width":1200,"height":675,"url":"https:\/\/pulso27.com\/wp-content\/uploads\/2026\/02\/Imagen-del-sitio-1200-x-675-px-ok.png","type":"image\/png"}],"author":"Redactor","twitter_card":"summary_large_image","twitter_creator":"@Pulso_27","twitter_site":"@Pulso_27","twitter_misc":{"Written by":"Redactor","Est. reading time":"7 minutes"},"schema":{"@context":"https:\/\/schema.org","@graph":[{"@type":"Article","@id":"https:\/\/pulso27.com\/cultura\/costumbre-y-tradiciones\/semana-santa-2025-en-peru-fervor-religioso-y-riqueza-cultural-en-costa-sierra-y-selva\/#article","isPartOf":{"@id":"https:\/\/pulso27.com\/cultura\/costumbre-y-tradiciones\/semana-santa-2025-en-peru-fervor-religioso-y-riqueza-cultural-en-costa-sierra-y-selva\/"},"author":{"name":"Redactor","@id":"https:\/\/pulso27.com\/en\/#\/schema\/person\/bf5ee161e6c87f6c7d57f5e689ef8526"},"headline":"Semana Santa 2025 en Per\u00fa: Fervor religioso y riqueza cultural en Costa, Sierra y Selva","datePublished":"2025-04-19T04:49:28+00:00","dateModified":"2025-04-19T04:49:33+00:00","mainEntityOfPage":{"@id":"https:\/\/pulso27.com\/cultura\/costumbre-y-tradiciones\/semana-santa-2025-en-peru-fervor-religioso-y-riqueza-cultural-en-costa-sierra-y-selva\/"},"wordCount":1307,"commentCount":0,"publisher":{"@id":"https:\/\/pulso27.com\/en\/#organization"},"image":{"@id":"https:\/\/pulso27.com\/cultura\/costumbre-y-tradiciones\/semana-santa-2025-en-peru-fervor-religioso-y-riqueza-cultural-en-costa-sierra-y-selva\/#primaryimage"},"thumbnailUrl":"https:\/\/pulso27.com\/wp-content\/uploads\/2025\/04\/SemanaSanta.avif","keywords":["Cristo","FervorReligioso","Jes\u00fas","Religi\u00f3n","SemanaSanta2025"],"articleSection":["Costumbre y tradiciones","Cultura","Sociedad"],"inLanguage":"en-US","potentialAction":[{"@type":"CommentAction","name":"Comment","target":["https:\/\/pulso27.com\/cultura\/costumbre-y-tradiciones\/semana-santa-2025-en-peru-fervor-religioso-y-riqueza-cultural-en-costa-sierra-y-selva\/#respond"]}]},{"@type":"WebPage","@id":"https:\/\/pulso27.com\/cultura\/costumbre-y-tradiciones\/semana-santa-2025-en-peru-fervor-religioso-y-riqueza-cultural-en-costa-sierra-y-selva\/","url":"https:\/\/pulso27.com\/cultura\/costumbre-y-tradiciones\/semana-santa-2025-en-peru-fervor-religioso-y-riqueza-cultural-en-costa-sierra-y-selva\/","name":"Semana Santa 2025 en Per\u00fa: Fervor religioso y riqueza cultural en Costa, Sierra y Selva - Pulso27","isPartOf":{"@id":"https:\/\/pulso27.com\/en\/#website"},"primaryImageOfPage":{"@id":"https:\/\/pulso27.com\/cultura\/costumbre-y-tradiciones\/semana-santa-2025-en-peru-fervor-religioso-y-riqueza-cultural-en-costa-sierra-y-selva\/#primaryimage"},"image":{"@id":"https:\/\/pulso27.com\/cultura\/costumbre-y-tradiciones\/semana-santa-2025-en-peru-fervor-religioso-y-riqueza-cultural-en-costa-sierra-y-selva\/#primaryimage"},"thumbnailUrl":"https:\/\/pulso27.com\/wp-content\/uploads\/2025\/04\/SemanaSanta.avif","datePublished":"2025-04-19T04:49:28+00:00","dateModified":"2025-04-19T04:49:33+00:00","breadcrumb":{"@id":"https:\/\/pulso27.com\/cultura\/costumbre-y-tradiciones\/semana-santa-2025-en-peru-fervor-religioso-y-riqueza-cultural-en-costa-sierra-y-selva\/#breadcrumb"},"inLanguage":"en-US","potentialAction":[{"@type":"ReadAction","target":["https:\/\/pulso27.com\/cultura\/costumbre-y-tradiciones\/semana-santa-2025-en-peru-fervor-religioso-y-riqueza-cultural-en-costa-sierra-y-selva\/"]}]},{"@type":"ImageObject","inLanguage":"en-US","@id":"https:\/\/pulso27.com\/cultura\/costumbre-y-tradiciones\/semana-santa-2025-en-peru-fervor-religioso-y-riqueza-cultural-en-costa-sierra-y-selva\/#primaryimage","url":"https:\/\/pulso27.com\/wp-content\/uploads\/2025\/04\/SemanaSanta.avif","contentUrl":"https:\/\/pulso27.com\/wp-content\/uploads\/2025\/04\/SemanaSanta.avif","width":800,"height":533},{"@type":"BreadcrumbList","@id":"https:\/\/pulso27.com\/cultura\/costumbre-y-tradiciones\/semana-santa-2025-en-peru-fervor-religioso-y-riqueza-cultural-en-costa-sierra-y-selva\/#breadcrumb","itemListElement":[{"@type":"ListItem","position":1,"name":"Portada","item":"https:\/\/pulso27.com\/"},{"@type":"ListItem","position":2,"name":"Semana Santa 2025 en Per\u00fa: Fervor religioso y riqueza cultural en Costa, Sierra y Selva"}]},{"@type":"WebSite","@id":"https:\/\/pulso27.com\/en\/#website","url":"https:\/\/pulso27.com\/en\/","name":"Pulso27","description":"Web de noticias y publicidad","publisher":{"@id":"https:\/\/pulso27.com\/en\/#organization"},"alternateName":"El pulso del pueblo","potentialAction":[{"@type":"SearchAction","target":{"@type":"EntryPoint","urlTemplate":"https:\/\/pulso27.com\/en\/?s={search_term_string}"},"query-input":{"@type":"PropertyValueSpecification","valueRequired":true,"valueName":"search_term_string"}}],"inLanguage":"en-US"},{"@type":"Organization","@id":"https:\/\/pulso27.com\/en\/#organization","name":"Pulso27","url":"https:\/\/pulso27.com\/en\/","logo":{"@type":"ImageObject","inLanguage":"en-US","@id":"https:\/\/pulso27.com\/en\/#\/schema\/logo\/image\/","url":"https:\/\/pulso27.com\/wp-content\/uploads\/2026\/02\/Logotipo-de-la-organizacion-696-x-696-px-ok.png","contentUrl":"https:\/\/pulso27.com\/wp-content\/uploads\/2026\/02\/Logotipo-de-la-organizacion-696-x-696-px-ok.png","width":696,"height":696,"caption":"Pulso27"},"image":{"@id":"https:\/\/pulso27.com\/en\/#\/schema\/logo\/image\/"},"sameAs":["https:\/\/www.facebook.com\/pulso27\/","https:\/\/x.com\/Pulso_27","https:\/\/www.youtube.com\/@Pulso27","https:\/\/www.tiktok.com\/@pulso_27"]},{"@type":"Person","@id":"https:\/\/pulso27.com\/en\/#\/schema\/person\/bf5ee161e6c87f6c7d57f5e689ef8526","name":"Redactor","image":{"@type":"ImageObject","inLanguage":"en-US","@id":"https:\/\/pulso27.com\/wp-content\/uploads\/2025\/03\/a-150x150.png","url":"https:\/\/pulso27.com\/wp-content\/uploads\/2025\/03\/a-150x150.png","contentUrl":"https:\/\/pulso27.com\/wp-content\/uploads\/2025\/03\/a-150x150.png","caption":"Redactor"},"sameAs":["http:\/\/www.pulso27.com"],"url":"https:\/\/pulso27.com\/en\/author\/redactor\/"}]}},"amp_enabled":true,"_links":{"self":[{"href":"https:\/\/pulso27.com\/en\/wp-json\/wp\/v2\/posts\/5249","targetHints":{"allow":["GET"]}}],"collection":[{"href":"https:\/\/pulso27.com\/en\/wp-json\/wp\/v2\/posts"}],"about":[{"href":"https:\/\/pulso27.com\/en\/wp-json\/wp\/v2\/types\/post"}],"author":[{"embeddable":true,"href":"https:\/\/pulso27.com\/en\/wp-json\/wp\/v2\/users\/13"}],"replies":[{"embeddable":true,"href":"https:\/\/pulso27.com\/en\/wp-json\/wp\/v2\/comments?post=5249"}],"version-history":[{"count":1,"href":"https:\/\/pulso27.com\/en\/wp-json\/wp\/v2\/posts\/5249\/revisions"}],"predecessor-version":[{"id":5256,"href":"https:\/\/pulso27.com\/en\/wp-json\/wp\/v2\/posts\/5249\/revisions\/5256"}],"wp:featuredmedia":[{"embeddable":true,"href":"https:\/\/pulso27.com\/en\/wp-json\/wp\/v2\/media\/5250"}],"wp:attachment":[{"href":"https:\/\/pulso27.com\/en\/wp-json\/wp\/v2\/media?parent=5249"}],"wp:term":[{"taxonomy":"category","embeddable":true,"href":"https:\/\/pulso27.com\/en\/wp-json\/wp\/v2\/categories?post=5249"},{"taxonomy":"post_tag","embeddable":true,"href":"https:\/\/pulso27.com\/en\/wp-json\/wp\/v2\/tags?post=5249"}],"curies":[{"name":"wp","href":"https:\/\/api.w.org\/{rel}","templated":true}]}}