{"id":5314,"date":"2025-04-23T06:27:53","date_gmt":"2025-04-23T01:27:53","guid":{"rendered":"https:\/\/pulso27.com\/?p=5314"},"modified":"2025-04-23T06:27:57","modified_gmt":"2025-04-23T01:27:57","slug":"congresista-margot-palacios-denuncia-a-jueces-supremos-por-presunta-vulneracion-al-debido-proceso-en-juicio-contra-pedro-castillo","status":"publish","type":"post","link":"https:\/\/pulso27.com\/en\/actualidad\/politica\/congresista-margot-palacios-denuncia-a-jueces-supremos-por-presunta-vulneracion-al-debido-proceso-en-juicio-contra-pedro-castillo\/","title":{"rendered":"Congresista Margot Palacios denuncia a jueces supremos por presunta vulneraci\u00f3n al debido proceso en juicio contra Pedro Castillo"},"content":{"rendered":"<p>Lima \u2013 La congresista no agrupada Margot Palacios Huam\u00e1n present\u00f3 una denuncia constitucional contra los jueces supremos Norma Beatriz Carbajal Ch\u00e1vez, Iv\u00e1n Salom\u00f3n Guerrero L\u00f3pez y Jos\u00e9 Antonio Neyra Flores, integrantes de la Sala Penal Especial de la Corte Suprema que lleva el juicio oral contra el expresidente Pedro Castillo por el intento de golpe de Estado de diciembre de 2022.<\/p>\n\n\n\n<p>La acci\u00f3n legal, respaldada por la bancada Juntos por el Per\u00fa, acusa a los magistrados de afectar el debido proceso y los principios del Estado de Derecho, luego de que la jueza Carbajal emitiera una opini\u00f3n anticipada sobre el caso.<\/p>\n\n\n\n<p><strong>Los argumentos de la denuncia<\/strong><\/p>\n\n\n\n<p>Seg\u00fan el documento, la magistrada Carbajal habr\u00eda vulnerado su imparcialidad al referirse previamente al delito de rebeli\u00f3n \u2013uno de los cargos contra Castillo\u2013 al afirmar en una resoluci\u00f3n que este crimen \u201cno necesariamente implica el uso de armas\u201d. Palacios sostiene que dicha declaraci\u00f3n anticipa un criterio antes del juicio, lo que afectar\u00eda las garant\u00edas de un proceso justo.<\/p>\n\n\n\n<p>Adem\u00e1s, cuestiona a los jueces Guerrero L\u00f3pez y Neyra Flores por no haber exigido la inhibici\u00f3n de Carbajal, permitiendo que contin\u00fae en el tribunal.<\/p>\n\n\n\n<figure class=\"wp-block-image size-large\"><img loading=\"lazy\" decoding=\"async\" width=\"1024\" height=\"556\" src=\"https:\/\/pulso27.com\/wp-content\/uploads\/2025\/04\/image-68-1024x556.png\" alt=\"\" class=\"wp-image-5315\" srcset=\"https:\/\/pulso27.com\/wp-content\/uploads\/2025\/04\/image-68-1024x556.png 1024w, https:\/\/pulso27.com\/wp-content\/uploads\/2025\/04\/image-68-300x163.png 300w, https:\/\/pulso27.com\/wp-content\/uploads\/2025\/04\/image-68-768x417.png 768w, https:\/\/pulso27.com\/wp-content\/uploads\/2025\/04\/image-68-1536x833.png 1536w, https:\/\/pulso27.com\/wp-content\/uploads\/2025\/04\/image-68-18x10.png 18w, https:\/\/pulso27.com\/wp-content\/uploads\/2025\/04\/image-68.png 1600w\" sizes=\"auto, (max-width: 1024px) 100vw, 1024px\" \/><figcaption class=\"wp-element-caption\"><em>La congresista Margot Palacios fue uno de los seis congresistas que votaron contra la vacancia congresal de Pedro Castillo y actualmente desarrolla un intenso trabajo parlamentario en el sur del pa\u00eds<\/em> <\/figcaption><\/figure>\n\n\n\n<p><strong>Declaraciones de la congresista<\/strong><\/p>\n\n\n\n<p>\u201cCuando una jueza del m\u00e1s alto tribunal del pa\u00eds anticipa su postura sobre una causa judicial, no solo vulnera su deber de imparcialidad, sino que atenta contra los principios b\u00e1sicos del Estado de Derecho\u201d, afirm\u00f3 Palacios.<\/p>\n\n\n\n<p>\u201cLa justicia no puede ni debe estar subordinada a intereses pol\u00edticos ni actuar como brazo ejecutor de agendas ideol\u00f3gicas o medi\u00e1ticas\u201d, a\u00f1adi\u00f3, calificando la situaci\u00f3n como una \u201cgrave alerta\u201d para la democracia peruana.<\/p>\n\n\n\n<p><strong>Impacto en el juicio contra Castillo<\/strong><\/p>\n\n\n\n<p>El proceso judicial, iniciado el 4 de marzo de 2025, acusa a Castillo de rebeli\u00f3n, abuso de autoridad y perturbaci\u00f3n del orden p\u00fablico por su intento de disolver el Congreso en 2022. La Fiscal\u00eda pide 34 a\u00f1os de prisi\u00f3n, mientras el exmandatario denuncia una \u201cfarsa judicial\u201d, que es apoyado por diversos juristas nacionales e internacionales, pero el proceso contin\u00faa en autom\u00e1tico.<\/p>\n\n\n\n<p>La denuncia de Palacios busca que se investigue a los magistrados por presunta infracci\u00f3n constitucional y se tomen medidas para garantizar la imparcialidad del juicio. El caso reaviva el debate sobre la independencia judicial en un Per\u00fa marcado por la polarizaci\u00f3n pol\u00edtica.<\/p>","protected":false},"excerpt":{"rendered":"<p>Lima \u2013 La congresista no agrupada Margot Palacios Huam\u00e1n present\u00f3 una denuncia constitucional contra los jueces supremos Norma Beatriz Carbajal Ch\u00e1vez, Iv\u00e1n Salom\u00f3n Guerrero L\u00f3pez y Jos\u00e9 Antonio Neyra Flores, integrantes de la Sala Penal Especial de la Corte Suprema que lleva el juicio oral contra el expresidente Pedro Castillo por el intento de golpe [&hellip;]<\/p>\n","protected":false},"author":7,"featured_media":5316,"comment_status":"open","ping_status":"open","sticky":false,"template":"","format":"standard","meta":{"footnotes":""},"categories":[174,180],"tags":[1263,797],"class_list":["post-5314","post","type-post","status-publish","format-standard","has-post-thumbnail","hentry","category-nacional","category-politica","tag-margotpalacios","tag-pedrocastillo"],"yoast_head":"<!-- This site is optimized with the Yoast SEO plugin v27.4 - https:\/\/yoast.com\/product\/yoast-seo-wordpress\/ -->\n<title>Congresista Margot Palacios denuncia a jueces supremos por presunta vulneraci\u00f3n al debido proceso en juicio contra Pedro Castillo - Pulso27<\/title>\n<meta name=\"robots\" content=\"index, follow, max-snippet:-1, max-image-preview:large, max-video-preview:-1\" \/>\n<link rel=\"canonical\" href=\"https:\/\/pulso27.com\/en\/actualidad\/politica\/congresista-margot-palacios-denuncia-a-jueces-supremos-por-presunta-vulneracion-al-debido-proceso-en-juicio-contra-pedro-castillo\/\" \/>\n<meta property=\"og:locale\" content=\"en_US\" \/>\n<meta property=\"og:type\" content=\"article\" \/>\n<meta property=\"og:title\" content=\"Congresista Margot Palacios denuncia a jueces supremos por presunta vulneraci\u00f3n al debido proceso en juicio contra Pedro Castillo - Pulso27\" \/>\n<meta property=\"og:description\" content=\"Lima \u2013 La congresista no agrupada Margot Palacios Huam\u00e1n present\u00f3 una denuncia constitucional contra los jueces supremos Norma Beatriz Carbajal Ch\u00e1vez, Iv\u00e1n Salom\u00f3n Guerrero L\u00f3pez y Jos\u00e9 Antonio Neyra Flores, integrantes de la Sala Penal Especial de la Corte Suprema que lleva el juicio oral contra el expresidente Pedro Castillo por el intento de golpe [&hellip;]\" \/>\n<meta property=\"og:url\" content=\"https:\/\/pulso27.com\/en\/actualidad\/politica\/congresista-margot-palacios-denuncia-a-jueces-supremos-por-presunta-vulneracion-al-debido-proceso-en-juicio-contra-pedro-castillo\/\" \/>\n<meta property=\"og:site_name\" content=\"Pulso27\" \/>\n<meta property=\"article:publisher\" content=\"https:\/\/www.facebook.com\/pulso27\/\" \/>\n<meta property=\"article:published_time\" content=\"2025-04-23T01:27:53+00:00\" \/>\n<meta property=\"article:modified_time\" content=\"2025-04-23T01:27:57+00:00\" \/>\n<meta property=\"og:image\" content=\"https:\/\/pulso27.com\/wp-content\/uploads\/2025\/04\/Margot-Palacios.png\" \/>\n\t<meta property=\"og:image:width\" content=\"1200\" \/>\n\t<meta property=\"og:image:height\" content=\"900\" \/>\n\t<meta property=\"og:image:type\" content=\"image\/png\" \/>\n<meta name=\"author\" content=\"Tupaq\" \/>\n<meta name=\"twitter:card\" content=\"summary_large_image\" \/>\n<meta name=\"twitter:creator\" content=\"@Pulso_27\" \/>\n<meta name=\"twitter:site\" content=\"@Pulso_27\" \/>\n<meta name=\"twitter:label1\" content=\"Written by\" \/>\n\t<meta name=\"twitter:data1\" content=\"Tupaq\" \/>\n\t<meta name=\"twitter:label2\" content=\"Est. reading time\" \/>\n\t<meta name=\"twitter:data2\" content=\"3 minutes\" \/>\n<script type=\"application\/ld+json\" class=\"yoast-schema-graph\">{\"@context\":\"https:\\\/\\\/schema.org\",\"@graph\":[{\"@type\":\"Article\",\"@id\":\"https:\\\/\\\/pulso27.com\\\/actualidad\\\/politica\\\/congresista-margot-palacios-denuncia-a-jueces-supremos-por-presunta-vulneracion-al-debido-proceso-en-juicio-contra-pedro-castillo\\\/#article\",\"isPartOf\":{\"@id\":\"https:\\\/\\\/pulso27.com\\\/actualidad\\\/politica\\\/congresista-margot-palacios-denuncia-a-jueces-supremos-por-presunta-vulneracion-al-debido-proceso-en-juicio-contra-pedro-castillo\\\/\"},\"author\":{\"name\":\"Tupaq\",\"@id\":\"https:\\\/\\\/pulso27.com\\\/en\\\/#\\\/schema\\\/person\\\/d20fd7f5bc7f2e53fd150d43fca07a78\"},\"headline\":\"Congresista Margot Palacios denuncia a jueces supremos por presunta vulneraci\u00f3n al debido proceso en juicio contra Pedro Castillo\",\"datePublished\":\"2025-04-23T01:27:53+00:00\",\"dateModified\":\"2025-04-23T01:27:57+00:00\",\"mainEntityOfPage\":{\"@id\":\"https:\\\/\\\/pulso27.com\\\/actualidad\\\/politica\\\/congresista-margot-palacios-denuncia-a-jueces-supremos-por-presunta-vulneracion-al-debido-proceso-en-juicio-contra-pedro-castillo\\\/\"},\"wordCount\":452,\"commentCount\":0,\"publisher\":{\"@id\":\"https:\\\/\\\/pulso27.com\\\/en\\\/#organization\"},\"image\":{\"@id\":\"https:\\\/\\\/pulso27.com\\\/actualidad\\\/politica\\\/congresista-margot-palacios-denuncia-a-jueces-supremos-por-presunta-vulneracion-al-debido-proceso-en-juicio-contra-pedro-castillo\\\/#primaryimage\"},\"thumbnailUrl\":\"https:\\\/\\\/pulso27.com\\\/wp-content\\\/uploads\\\/2025\\\/04\\\/Margot-Palacios.png\",\"keywords\":[\"MargotPalacios\",\"PedroCastillo\"],\"articleSection\":[\"Nacional\",\"Pol\u00edtica\"],\"inLanguage\":\"en-US\",\"potentialAction\":[{\"@type\":\"CommentAction\",\"name\":\"Comment\",\"target\":[\"https:\\\/\\\/pulso27.com\\\/actualidad\\\/politica\\\/congresista-margot-palacios-denuncia-a-jueces-supremos-por-presunta-vulneracion-al-debido-proceso-en-juicio-contra-pedro-castillo\\\/#respond\"]}]},{\"@type\":\"WebPage\",\"@id\":\"https:\\\/\\\/pulso27.com\\\/actualidad\\\/politica\\\/congresista-margot-palacios-denuncia-a-jueces-supremos-por-presunta-vulneracion-al-debido-proceso-en-juicio-contra-pedro-castillo\\\/\",\"url\":\"https:\\\/\\\/pulso27.com\\\/actualidad\\\/politica\\\/congresista-margot-palacios-denuncia-a-jueces-supremos-por-presunta-vulneracion-al-debido-proceso-en-juicio-contra-pedro-castillo\\\/\",\"name\":\"Congresista Margot Palacios denuncia a jueces supremos por presunta vulneraci\u00f3n al debido proceso en juicio contra Pedro Castillo - Pulso27\",\"isPartOf\":{\"@id\":\"https:\\\/\\\/pulso27.com\\\/en\\\/#website\"},\"primaryImageOfPage\":{\"@id\":\"https:\\\/\\\/pulso27.com\\\/actualidad\\\/politica\\\/congresista-margot-palacios-denuncia-a-jueces-supremos-por-presunta-vulneracion-al-debido-proceso-en-juicio-contra-pedro-castillo\\\/#primaryimage\"},\"image\":{\"@id\":\"https:\\\/\\\/pulso27.com\\\/actualidad\\\/politica\\\/congresista-margot-palacios-denuncia-a-jueces-supremos-por-presunta-vulneracion-al-debido-proceso-en-juicio-contra-pedro-castillo\\\/#primaryimage\"},\"thumbnailUrl\":\"https:\\\/\\\/pulso27.com\\\/wp-content\\\/uploads\\\/2025\\\/04\\\/Margot-Palacios.png\",\"datePublished\":\"2025-04-23T01:27:53+00:00\",\"dateModified\":\"2025-04-23T01:27:57+00:00\",\"breadcrumb\":{\"@id\":\"https:\\\/\\\/pulso27.com\\\/actualidad\\\/politica\\\/congresista-margot-palacios-denuncia-a-jueces-supremos-por-presunta-vulneracion-al-debido-proceso-en-juicio-contra-pedro-castillo\\\/#breadcrumb\"},\"inLanguage\":\"en-US\",\"potentialAction\":[{\"@type\":\"ReadAction\",\"target\":[\"https:\\\/\\\/pulso27.com\\\/actualidad\\\/politica\\\/congresista-margot-palacios-denuncia-a-jueces-supremos-por-presunta-vulneracion-al-debido-proceso-en-juicio-contra-pedro-castillo\\\/\"]}]},{\"@type\":\"ImageObject\",\"inLanguage\":\"en-US\",\"@id\":\"https:\\\/\\\/pulso27.com\\\/actualidad\\\/politica\\\/congresista-margot-palacios-denuncia-a-jueces-supremos-por-presunta-vulneracion-al-debido-proceso-en-juicio-contra-pedro-castillo\\\/#primaryimage\",\"url\":\"https:\\\/\\\/pulso27.com\\\/wp-content\\\/uploads\\\/2025\\\/04\\\/Margot-Palacios.png\",\"contentUrl\":\"https:\\\/\\\/pulso27.com\\\/wp-content\\\/uploads\\\/2025\\\/04\\\/Margot-Palacios.png\",\"width\":1200,\"height\":900},{\"@type\":\"BreadcrumbList\",\"@id\":\"https:\\\/\\\/pulso27.com\\\/actualidad\\\/politica\\\/congresista-margot-palacios-denuncia-a-jueces-supremos-por-presunta-vulneracion-al-debido-proceso-en-juicio-contra-pedro-castillo\\\/#breadcrumb\",\"itemListElement\":[{\"@type\":\"ListItem\",\"position\":1,\"name\":\"Portada\",\"item\":\"https:\\\/\\\/pulso27.com\\\/\"},{\"@type\":\"ListItem\",\"position\":2,\"name\":\"Congresista Margot Palacios denuncia a jueces supremos por presunta vulneraci\u00f3n al debido proceso en juicio contra Pedro Castillo\"}]},{\"@type\":\"WebSite\",\"@id\":\"https:\\\/\\\/pulso27.com\\\/en\\\/#website\",\"url\":\"https:\\\/\\\/pulso27.com\\\/en\\\/\",\"name\":\"Pulso27\",\"description\":\"Web de noticias y publicidad\",\"publisher\":{\"@id\":\"https:\\\/\\\/pulso27.com\\\/en\\\/#organization\"},\"alternateName\":\"El pulso del pueblo\",\"potentialAction\":[{\"@type\":\"SearchAction\",\"target\":{\"@type\":\"EntryPoint\",\"urlTemplate\":\"https:\\\/\\\/pulso27.com\\\/en\\\/?s={search_term_string}\"},\"query-input\":{\"@type\":\"PropertyValueSpecification\",\"valueRequired\":true,\"valueName\":\"search_term_string\"}}],\"inLanguage\":\"en-US\"},{\"@type\":\"Organization\",\"@id\":\"https:\\\/\\\/pulso27.com\\\/en\\\/#organization\",\"name\":\"Pulso27\",\"url\":\"https:\\\/\\\/pulso27.com\\\/en\\\/\",\"logo\":{\"@type\":\"ImageObject\",\"inLanguage\":\"en-US\",\"@id\":\"https:\\\/\\\/pulso27.com\\\/en\\\/#\\\/schema\\\/logo\\\/image\\\/\",\"url\":\"https:\\\/\\\/pulso27.com\\\/wp-content\\\/uploads\\\/2026\\\/02\\\/Logotipo-de-la-organizacion-696-x-696-px-ok.png\",\"contentUrl\":\"https:\\\/\\\/pulso27.com\\\/wp-content\\\/uploads\\\/2026\\\/02\\\/Logotipo-de-la-organizacion-696-x-696-px-ok.png\",\"width\":696,\"height\":696,\"caption\":\"Pulso27\"},\"image\":{\"@id\":\"https:\\\/\\\/pulso27.com\\\/en\\\/#\\\/schema\\\/logo\\\/image\\\/\"},\"sameAs\":[\"https:\\\/\\\/www.facebook.com\\\/pulso27\\\/\",\"https:\\\/\\\/x.com\\\/Pulso_27\",\"https:\\\/\\\/www.youtube.com\\\/@Pulso27\",\"https:\\\/\\\/www.tiktok.com\\\/@pulso_27\"]},{\"@type\":\"Person\",\"@id\":\"https:\\\/\\\/pulso27.com\\\/en\\\/#\\\/schema\\\/person\\\/d20fd7f5bc7f2e53fd150d43fca07a78\",\"name\":\"Tupaq\",\"image\":{\"@type\":\"ImageObject\",\"inLanguage\":\"en-US\",\"@id\":\"https:\\\/\\\/secure.gravatar.com\\\/avatar\\\/7929e9b034aeea560319a601e4f04c59eb5f45a79eafe192adabb67e9604e7e7?s=96&d=mm&r=g\",\"url\":\"https:\\\/\\\/secure.gravatar.com\\\/avatar\\\/7929e9b034aeea560319a601e4f04c59eb5f45a79eafe192adabb67e9604e7e7?s=96&d=mm&r=g\",\"contentUrl\":\"https:\\\/\\\/secure.gravatar.com\\\/avatar\\\/7929e9b034aeea560319a601e4f04c59eb5f45a79eafe192adabb67e9604e7e7?s=96&d=mm&r=g\",\"caption\":\"Tupaq\"},\"url\":\"https:\\\/\\\/pulso27.com\\\/en\\\/author\\\/tupaq\\\/\"}]}<\/script>\n<!-- \/ Yoast SEO plugin. -->","yoast_head_json":{"title":"Congresista Margot Palacios denuncia a jueces supremos por presunta vulneraci\u00f3n al debido proceso en juicio contra Pedro Castillo - Pulso27","robots":{"index":"index","follow":"follow","max-snippet":"max-snippet:-1","max-image-preview":"max-image-preview:large","max-video-preview":"max-video-preview:-1"},"canonical":"https:\/\/pulso27.com\/en\/actualidad\/politica\/congresista-margot-palacios-denuncia-a-jueces-supremos-por-presunta-vulneracion-al-debido-proceso-en-juicio-contra-pedro-castillo\/","og_locale":"en_US","og_type":"article","og_title":"Congresista Margot Palacios denuncia a jueces supremos por presunta vulneraci\u00f3n al debido proceso en juicio contra Pedro Castillo - Pulso27","og_description":"Lima \u2013 La congresista no agrupada Margot Palacios Huam\u00e1n present\u00f3 una denuncia constitucional contra los jueces supremos Norma Beatriz Carbajal Ch\u00e1vez, Iv\u00e1n Salom\u00f3n Guerrero L\u00f3pez y Jos\u00e9 Antonio Neyra Flores, integrantes de la Sala Penal Especial de la Corte Suprema que lleva el juicio oral contra el expresidente Pedro Castillo por el intento de golpe [&hellip;]","og_url":"https:\/\/pulso27.com\/en\/actualidad\/politica\/congresista-margot-palacios-denuncia-a-jueces-supremos-por-presunta-vulneracion-al-debido-proceso-en-juicio-contra-pedro-castillo\/","og_site_name":"Pulso27","article_publisher":"https:\/\/www.facebook.com\/pulso27\/","article_published_time":"2025-04-23T01:27:53+00:00","article_modified_time":"2025-04-23T01:27:57+00:00","og_image":[{"width":1200,"height":900,"url":"https:\/\/pulso27.com\/wp-content\/uploads\/2025\/04\/Margot-Palacios.png","type":"image\/png"}],"author":"Tupaq","twitter_card":"summary_large_image","twitter_creator":"@Pulso_27","twitter_site":"@Pulso_27","twitter_misc":{"Written by":"Tupaq","Est. reading time":"3 minutes"},"schema":{"@context":"https:\/\/schema.org","@graph":[{"@type":"Article","@id":"https:\/\/pulso27.com\/actualidad\/politica\/congresista-margot-palacios-denuncia-a-jueces-supremos-por-presunta-vulneracion-al-debido-proceso-en-juicio-contra-pedro-castillo\/#article","isPartOf":{"@id":"https:\/\/pulso27.com\/actualidad\/politica\/congresista-margot-palacios-denuncia-a-jueces-supremos-por-presunta-vulneracion-al-debido-proceso-en-juicio-contra-pedro-castillo\/"},"author":{"name":"Tupaq","@id":"https:\/\/pulso27.com\/en\/#\/schema\/person\/d20fd7f5bc7f2e53fd150d43fca07a78"},"headline":"Congresista Margot Palacios denuncia a jueces supremos por presunta vulneraci\u00f3n al debido proceso en juicio contra Pedro Castillo","datePublished":"2025-04-23T01:27:53+00:00","dateModified":"2025-04-23T01:27:57+00:00","mainEntityOfPage":{"@id":"https:\/\/pulso27.com\/actualidad\/politica\/congresista-margot-palacios-denuncia-a-jueces-supremos-por-presunta-vulneracion-al-debido-proceso-en-juicio-contra-pedro-castillo\/"},"wordCount":452,"commentCount":0,"publisher":{"@id":"https:\/\/pulso27.com\/en\/#organization"},"image":{"@id":"https:\/\/pulso27.com\/actualidad\/politica\/congresista-margot-palacios-denuncia-a-jueces-supremos-por-presunta-vulneracion-al-debido-proceso-en-juicio-contra-pedro-castillo\/#primaryimage"},"thumbnailUrl":"https:\/\/pulso27.com\/wp-content\/uploads\/2025\/04\/Margot-Palacios.png","keywords":["MargotPalacios","PedroCastillo"],"articleSection":["Nacional","Pol\u00edtica"],"inLanguage":"en-US","potentialAction":[{"@type":"CommentAction","name":"Comment","target":["https:\/\/pulso27.com\/actualidad\/politica\/congresista-margot-palacios-denuncia-a-jueces-supremos-por-presunta-vulneracion-al-debido-proceso-en-juicio-contra-pedro-castillo\/#respond"]}]},{"@type":"WebPage","@id":"https:\/\/pulso27.com\/actualidad\/politica\/congresista-margot-palacios-denuncia-a-jueces-supremos-por-presunta-vulneracion-al-debido-proceso-en-juicio-contra-pedro-castillo\/","url":"https:\/\/pulso27.com\/actualidad\/politica\/congresista-margot-palacios-denuncia-a-jueces-supremos-por-presunta-vulneracion-al-debido-proceso-en-juicio-contra-pedro-castillo\/","name":"Congresista Margot Palacios denuncia a jueces supremos por presunta vulneraci\u00f3n al debido proceso en juicio contra Pedro Castillo - Pulso27","isPartOf":{"@id":"https:\/\/pulso27.com\/en\/#website"},"primaryImageOfPage":{"@id":"https:\/\/pulso27.com\/actualidad\/politica\/congresista-margot-palacios-denuncia-a-jueces-supremos-por-presunta-vulneracion-al-debido-proceso-en-juicio-contra-pedro-castillo\/#primaryimage"},"image":{"@id":"https:\/\/pulso27.com\/actualidad\/politica\/congresista-margot-palacios-denuncia-a-jueces-supremos-por-presunta-vulneracion-al-debido-proceso-en-juicio-contra-pedro-castillo\/#primaryimage"},"thumbnailUrl":"https:\/\/pulso27.com\/wp-content\/uploads\/2025\/04\/Margot-Palacios.png","datePublished":"2025-04-23T01:27:53+00:00","dateModified":"2025-04-23T01:27:57+00:00","breadcrumb":{"@id":"https:\/\/pulso27.com\/actualidad\/politica\/congresista-margot-palacios-denuncia-a-jueces-supremos-por-presunta-vulneracion-al-debido-proceso-en-juicio-contra-pedro-castillo\/#breadcrumb"},"inLanguage":"en-US","potentialAction":[{"@type":"ReadAction","target":["https:\/\/pulso27.com\/actualidad\/politica\/congresista-margot-palacios-denuncia-a-jueces-supremos-por-presunta-vulneracion-al-debido-proceso-en-juicio-contra-pedro-castillo\/"]}]},{"@type":"ImageObject","inLanguage":"en-US","@id":"https:\/\/pulso27.com\/actualidad\/politica\/congresista-margot-palacios-denuncia-a-jueces-supremos-por-presunta-vulneracion-al-debido-proceso-en-juicio-contra-pedro-castillo\/#primaryimage","url":"https:\/\/pulso27.com\/wp-content\/uploads\/2025\/04\/Margot-Palacios.png","contentUrl":"https:\/\/pulso27.com\/wp-content\/uploads\/2025\/04\/Margot-Palacios.png","width":1200,"height":900},{"@type":"BreadcrumbList","@id":"https:\/\/pulso27.com\/actualidad\/politica\/congresista-margot-palacios-denuncia-a-jueces-supremos-por-presunta-vulneracion-al-debido-proceso-en-juicio-contra-pedro-castillo\/#breadcrumb","itemListElement":[{"@type":"ListItem","position":1,"name":"Portada","item":"https:\/\/pulso27.com\/"},{"@type":"ListItem","position":2,"name":"Congresista Margot Palacios denuncia a jueces supremos por presunta vulneraci\u00f3n al debido proceso en juicio contra Pedro Castillo"}]},{"@type":"WebSite","@id":"https:\/\/pulso27.com\/en\/#website","url":"https:\/\/pulso27.com\/en\/","name":"Pulso27","description":"Web de noticias y publicidad","publisher":{"@id":"https:\/\/pulso27.com\/en\/#organization"},"alternateName":"El pulso del pueblo","potentialAction":[{"@type":"SearchAction","target":{"@type":"EntryPoint","urlTemplate":"https:\/\/pulso27.com\/en\/?s={search_term_string}"},"query-input":{"@type":"PropertyValueSpecification","valueRequired":true,"valueName":"search_term_string"}}],"inLanguage":"en-US"},{"@type":"Organization","@id":"https:\/\/pulso27.com\/en\/#organization","name":"Pulso27","url":"https:\/\/pulso27.com\/en\/","logo":{"@type":"ImageObject","inLanguage":"en-US","@id":"https:\/\/pulso27.com\/en\/#\/schema\/logo\/image\/","url":"https:\/\/pulso27.com\/wp-content\/uploads\/2026\/02\/Logotipo-de-la-organizacion-696-x-696-px-ok.png","contentUrl":"https:\/\/pulso27.com\/wp-content\/uploads\/2026\/02\/Logotipo-de-la-organizacion-696-x-696-px-ok.png","width":696,"height":696,"caption":"Pulso27"},"image":{"@id":"https:\/\/pulso27.com\/en\/#\/schema\/logo\/image\/"},"sameAs":["https:\/\/www.facebook.com\/pulso27\/","https:\/\/x.com\/Pulso_27","https:\/\/www.youtube.com\/@Pulso27","https:\/\/www.tiktok.com\/@pulso_27"]},{"@type":"Person","@id":"https:\/\/pulso27.com\/en\/#\/schema\/person\/d20fd7f5bc7f2e53fd150d43fca07a78","name":"Tupaq","image":{"@type":"ImageObject","inLanguage":"en-US","@id":"https:\/\/secure.gravatar.com\/avatar\/7929e9b034aeea560319a601e4f04c59eb5f45a79eafe192adabb67e9604e7e7?s=96&d=mm&r=g","url":"https:\/\/secure.gravatar.com\/avatar\/7929e9b034aeea560319a601e4f04c59eb5f45a79eafe192adabb67e9604e7e7?s=96&d=mm&r=g","contentUrl":"https:\/\/secure.gravatar.com\/avatar\/7929e9b034aeea560319a601e4f04c59eb5f45a79eafe192adabb67e9604e7e7?s=96&d=mm&r=g","caption":"Tupaq"},"url":"https:\/\/pulso27.com\/en\/author\/tupaq\/"}]}},"amp_enabled":true,"_links":{"self":[{"href":"https:\/\/pulso27.com\/en\/wp-json\/wp\/v2\/posts\/5314","targetHints":{"allow":["GET"]}}],"collection":[{"href":"https:\/\/pulso27.com\/en\/wp-json\/wp\/v2\/posts"}],"about":[{"href":"https:\/\/pulso27.com\/en\/wp-json\/wp\/v2\/types\/post"}],"author":[{"embeddable":true,"href":"https:\/\/pulso27.com\/en\/wp-json\/wp\/v2\/users\/7"}],"replies":[{"embeddable":true,"href":"https:\/\/pulso27.com\/en\/wp-json\/wp\/v2\/comments?post=5314"}],"version-history":[{"count":1,"href":"https:\/\/pulso27.com\/en\/wp-json\/wp\/v2\/posts\/5314\/revisions"}],"predecessor-version":[{"id":5317,"href":"https:\/\/pulso27.com\/en\/wp-json\/wp\/v2\/posts\/5314\/revisions\/5317"}],"wp:featuredmedia":[{"embeddable":true,"href":"https:\/\/pulso27.com\/en\/wp-json\/wp\/v2\/media\/5316"}],"wp:attachment":[{"href":"https:\/\/pulso27.com\/en\/wp-json\/wp\/v2\/media?parent=5314"}],"wp:term":[{"taxonomy":"category","embeddable":true,"href":"https:\/\/pulso27.com\/en\/wp-json\/wp\/v2\/categories?post=5314"},{"taxonomy":"post_tag","embeddable":true,"href":"https:\/\/pulso27.com\/en\/wp-json\/wp\/v2\/tags?post=5314"}],"curies":[{"name":"wp","href":"https:\/\/api.w.org\/{rel}","templated":true}]}}