{"id":5349,"date":"2025-05-01T05:04:34","date_gmt":"2025-05-01T00:04:34","guid":{"rendered":"https:\/\/pulso27.com\/?p=5349"},"modified":"2025-05-01T05:04:38","modified_gmt":"2025-05-01T00:04:38","slug":"peru-conmemora-el-dia-internacional-de-los-trabajadores-con-movilizaciones-y-actos-publicos","status":"publish","type":"post","link":"https:\/\/pulso27.com\/en\/actualidad\/sociedad\/peru-conmemora-el-dia-internacional-de-los-trabajadores-con-movilizaciones-y-actos-publicos\/","title":{"rendered":"Per\u00fa conmemora el D\u00eda Internacional de los Trabajadores con movilizaciones y actos p\u00fablicos"},"content":{"rendered":"<p>Lima \u2013 Este jueves 1 de mayo, Per\u00fa celebrar\u00e1 el D\u00eda Internacional de los Trabajadores, una fecha clave en el calendario nacional que conmemora la hist\u00f3rica lucha por los derechos laborales, como la jornada de ocho horas conquistada en 1919. Declarado feriado no laborable mediante el Decreto Legislativo 713, el d\u00eda ser\u00e1 marcado por marchas, actos simb\u00f3licos y actividades culturales a nivel nacional, en un contexto donde persisten desaf\u00edos como la informalidad y la desigualdad salarial.<\/p>\n\n\n\n<p>Con este motivo, en Palacio de Gobierno, se realiz\u00f3 la Condecoraci\u00f3n de la \u00abOrden Del Trabajo\u00bb, liderada por la mandataria Dina Ercilia Boluarte Zegarra y el ministro Daniel Maurate. \u00abEsta condecoraci\u00f3n que se dict\u00f3 por primera vez hace 61 a\u00f1os, reconoce a los trabajadores, empleadores, personalidades e instituciones que luchan por los derechos de los trabajadores, el empleo formal, el di\u00e1logo y la formalizaci\u00f3n laboral\u00bb, se\u00f1al\u00f3 Maurate.<\/p>\n\n\n\n<figure class=\"wp-block-image size-large\"><img loading=\"lazy\" decoding=\"async\" width=\"1024\" height=\"768\" src=\"https:\/\/pulso27.com\/wp-content\/uploads\/2025\/05\/Diseno-sin-titulo-6-1024x768.png\" alt=\"\" class=\"wp-image-5352\" srcset=\"https:\/\/pulso27.com\/wp-content\/uploads\/2025\/05\/Diseno-sin-titulo-6-1024x768.png 1024w, https:\/\/pulso27.com\/wp-content\/uploads\/2025\/05\/Diseno-sin-titulo-6-300x225.png 300w, https:\/\/pulso27.com\/wp-content\/uploads\/2025\/05\/Diseno-sin-titulo-6-768x576.png 768w, https:\/\/pulso27.com\/wp-content\/uploads\/2025\/05\/Diseno-sin-titulo-6-16x12.png 16w, https:\/\/pulso27.com\/wp-content\/uploads\/2025\/05\/Diseno-sin-titulo-6.png 1200w\" sizes=\"auto, (max-width: 1024px) 100vw, 1024px\" \/><figcaption class=\"wp-element-caption\"><em>Condecoraci\u00f3n de la \u00abOrden Del Trabajo\u00bb a los trabajadores, empleadores, personalidades e instituciones que luchan por los derechos de los trabajadore<\/em>s<\/figcaption><\/figure>\n\n\n\n<p>En la capital, la Central General de Trabajadores del Per\u00fa (CGTP) encabezar\u00e1 una marcha desde el centro de Lima hacia la Plaza San Mart\u00edn. Durante el recorrido y en el mitin central, los l\u00edderes sindicales exigir\u00e1n mejoras salariales y la formalizaci\u00f3n de la econom\u00eda, que actualmente afecta al 70 % de la fuerza laboral, seg\u00fan cifras del Instituto Nacional de Estad\u00edstica e Inform\u00e1tica (INEI). Gremios de sectores como salud, educaci\u00f3n y miner\u00eda tambi\u00e9n alzar\u00e1n su voz frente a la creciente precariedad laboral y al impacto de la automatizaci\u00f3n, una preocupaci\u00f3n creciente en 2025.<\/p>\n\n\n\n<p>En regiones como Arequipa y Cusco, las celebraciones estar\u00e1n marcadas por desfiles y foros tem\u00e1ticos, donde se abordar\u00e1n las condiciones laborales en el \u00e1mbito rural y agr\u00edcola. En estos espacios, se destacar\u00e1 la urgencia de pol\u00edticas p\u00fablicas orientadas al fortalecimiento del trabajo digno en zonas alejadas.<\/p>\n\n\n\n<p>Los trabajadores del sector p\u00fablico, especialmente del \u00e1mbito de la salud, demandar\u00e1n estabilidad laboral y mayor presupuesto para sus instituciones. Por su parte, empleados del sector privado \u2014como los del rubro manufacturero\u2014 reclamar\u00e1n mayores garant\u00edas en seguridad ocupacional y acceso a beneficios sociales. La brecha salarial de g\u00e9nero tambi\u00e9n ser\u00e1 tema central: seg\u00fan la Organizaci\u00f3n Internacional del Trabajo (OIT), las mujeres en Per\u00fa ganan en promedio un 30 % menos que los hombres.<\/p>\n\n\n\n<figure class=\"wp-block-image size-large\"><img loading=\"lazy\" decoding=\"async\" width=\"1024\" height=\"538\" src=\"https:\/\/pulso27.com\/wp-content\/uploads\/2025\/05\/image-1024x538.png\" alt=\"\" class=\"wp-image-5350\" srcset=\"https:\/\/pulso27.com\/wp-content\/uploads\/2025\/05\/image-1024x538.png 1024w, https:\/\/pulso27.com\/wp-content\/uploads\/2025\/05\/image-300x158.png 300w, https:\/\/pulso27.com\/wp-content\/uploads\/2025\/05\/image-768x403.png 768w, https:\/\/pulso27.com\/wp-content\/uploads\/2025\/05\/image-18x9.png 18w, https:\/\/pulso27.com\/wp-content\/uploads\/2025\/05\/image.png 1200w\" sizes=\"auto, (max-width: 1024px) 100vw, 1024px\" \/><figcaption class=\"wp-element-caption\"><em>Se conmemora a nivel global para rendir homenaje a la lucha de los trabajadores por sus derechos y condiciones laborales dignas<\/em><\/figcaption><\/figure>\n\n\n\n<p>Adem\u00e1s de las protestas, la jornada ser\u00e1 una ocasi\u00f3n para valorar el esp\u00edritu emprendedor nacional. Seg\u00fan Ipsos, m\u00e1s de 5.5 millones de peruanos impulsan iniciativas productivas que generan empleo formal, contribuyendo activamente a la econom\u00eda del pa\u00eds.<\/p>\n\n\n\n<p>El feriado, que cae en jueves, abrir\u00e1 la posibilidad de un fin de semana largo, incentivando el turismo interno. Conforme a la ley, aquellos que trabajen el 1 de mayo recibir\u00e1n una remuneraci\u00f3n triple.<\/p>\n\n\n\n<p>Esta conmemoraci\u00f3n no solo celebra los avances en materia laboral, sino que tambi\u00e9n visibiliza la necesidad de profundizar las reformas que combatan la informalidad y promuevan condiciones de trabajo justas y sostenibles para todos los peruanos.<\/p>","protected":false},"excerpt":{"rendered":"<p>Lima \u2013 Este jueves 1 de mayo, Per\u00fa celebrar\u00e1 el D\u00eda Internacional de los Trabajadores, una fecha clave en el calendario nacional que conmemora la hist\u00f3rica lucha por los derechos laborales, como la jornada de ocho horas conquistada en 1919. Declarado feriado no laborable mediante el Decreto Legislativo 713, el d\u00eda ser\u00e1 marcado por marchas, [&hellip;]<\/p>\n","protected":false},"author":7,"featured_media":5353,"comment_status":"open","ping_status":"open","sticky":false,"template":"","format":"standard","meta":{"footnotes":""},"categories":[173,202],"tags":[2298,2126,2297,2296],"class_list":["post-5349","post","type-post","status-publish","format-standard","has-post-thumbnail","hentry","category-internacional","category-sociedad","tag-1demayo","tag-cgtp","tag-diadeltrabajo","tag-diainternacionaldelostrabajadores"],"yoast_head":"<!-- This site is optimized with the Yoast SEO plugin v27.4 - https:\/\/yoast.com\/product\/yoast-seo-wordpress\/ -->\n<title>Per\u00fa conmemora el D\u00eda Internacional de los Trabajadores con movilizaciones y actos p\u00fablicos - Pulso27<\/title>\n<meta name=\"robots\" content=\"index, follow, max-snippet:-1, max-image-preview:large, max-video-preview:-1\" \/>\n<link rel=\"canonical\" href=\"https:\/\/pulso27.com\/en\/actualidad\/sociedad\/peru-conmemora-el-dia-internacional-de-los-trabajadores-con-movilizaciones-y-actos-publicos\/\" \/>\n<meta property=\"og:locale\" content=\"en_US\" \/>\n<meta property=\"og:type\" content=\"article\" \/>\n<meta property=\"og:title\" content=\"Per\u00fa conmemora el D\u00eda Internacional de los Trabajadores con movilizaciones y actos p\u00fablicos - Pulso27\" \/>\n<meta property=\"og:description\" content=\"Lima \u2013 Este jueves 1 de mayo, Per\u00fa celebrar\u00e1 el D\u00eda Internacional de los Trabajadores, una fecha clave en el calendario nacional que conmemora la hist\u00f3rica lucha por los derechos laborales, como la jornada de ocho horas conquistada en 1919. Declarado feriado no laborable mediante el Decreto Legislativo 713, el d\u00eda ser\u00e1 marcado por marchas, [&hellip;]\" \/>\n<meta property=\"og:url\" content=\"https:\/\/pulso27.com\/en\/actualidad\/sociedad\/peru-conmemora-el-dia-internacional-de-los-trabajadores-con-movilizaciones-y-actos-publicos\/\" \/>\n<meta property=\"og:site_name\" content=\"Pulso27\" \/>\n<meta property=\"article:publisher\" content=\"https:\/\/www.facebook.com\/pulso27\/\" \/>\n<meta property=\"article:published_time\" content=\"2025-05-01T00:04:34+00:00\" \/>\n<meta property=\"article:modified_time\" content=\"2025-05-01T00:04:38+00:00\" \/>\n<meta property=\"og:image\" content=\"https:\/\/pulso27.com\/wp-content\/uploads\/2025\/05\/Trabajadoress.png\" \/>\n\t<meta property=\"og:image:width\" content=\"1200\" \/>\n\t<meta property=\"og:image:height\" content=\"900\" \/>\n\t<meta property=\"og:image:type\" content=\"image\/png\" \/>\n<meta name=\"author\" content=\"Tupaq\" \/>\n<meta name=\"twitter:card\" content=\"summary_large_image\" \/>\n<meta name=\"twitter:creator\" content=\"@Pulso_27\" \/>\n<meta name=\"twitter:site\" content=\"@Pulso_27\" \/>\n<meta name=\"twitter:label1\" content=\"Written by\" \/>\n\t<meta name=\"twitter:data1\" content=\"Tupaq\" \/>\n\t<meta name=\"twitter:label2\" content=\"Est. reading time\" \/>\n\t<meta name=\"twitter:data2\" content=\"3 minutes\" \/>\n<script type=\"application\/ld+json\" class=\"yoast-schema-graph\">{\"@context\":\"https:\\\/\\\/schema.org\",\"@graph\":[{\"@type\":\"Article\",\"@id\":\"https:\\\/\\\/pulso27.com\\\/actualidad\\\/sociedad\\\/peru-conmemora-el-dia-internacional-de-los-trabajadores-con-movilizaciones-y-actos-publicos\\\/#article\",\"isPartOf\":{\"@id\":\"https:\\\/\\\/pulso27.com\\\/actualidad\\\/sociedad\\\/peru-conmemora-el-dia-internacional-de-los-trabajadores-con-movilizaciones-y-actos-publicos\\\/\"},\"author\":{\"name\":\"Tupaq\",\"@id\":\"https:\\\/\\\/pulso27.com\\\/en\\\/#\\\/schema\\\/person\\\/d20fd7f5bc7f2e53fd150d43fca07a78\"},\"headline\":\"Per\u00fa conmemora el D\u00eda Internacional de los Trabajadores con movilizaciones y actos p\u00fablicos\",\"datePublished\":\"2025-05-01T00:04:34+00:00\",\"dateModified\":\"2025-05-01T00:04:38+00:00\",\"mainEntityOfPage\":{\"@id\":\"https:\\\/\\\/pulso27.com\\\/actualidad\\\/sociedad\\\/peru-conmemora-el-dia-internacional-de-los-trabajadores-con-movilizaciones-y-actos-publicos\\\/\"},\"wordCount\":558,\"commentCount\":0,\"publisher\":{\"@id\":\"https:\\\/\\\/pulso27.com\\\/en\\\/#organization\"},\"image\":{\"@id\":\"https:\\\/\\\/pulso27.com\\\/actualidad\\\/sociedad\\\/peru-conmemora-el-dia-internacional-de-los-trabajadores-con-movilizaciones-y-actos-publicos\\\/#primaryimage\"},\"thumbnailUrl\":\"https:\\\/\\\/pulso27.com\\\/wp-content\\\/uploads\\\/2025\\\/05\\\/Trabajadoress.png\",\"keywords\":[\"1DeMayo\",\"CGTP\",\"D\u00edaDelTrabajo\",\"D\u00edaInternacionalDeLosTrabajadores\"],\"articleSection\":[\"Internacional\",\"Sociedad\"],\"inLanguage\":\"en-US\",\"potentialAction\":[{\"@type\":\"CommentAction\",\"name\":\"Comment\",\"target\":[\"https:\\\/\\\/pulso27.com\\\/actualidad\\\/sociedad\\\/peru-conmemora-el-dia-internacional-de-los-trabajadores-con-movilizaciones-y-actos-publicos\\\/#respond\"]}]},{\"@type\":\"WebPage\",\"@id\":\"https:\\\/\\\/pulso27.com\\\/actualidad\\\/sociedad\\\/peru-conmemora-el-dia-internacional-de-los-trabajadores-con-movilizaciones-y-actos-publicos\\\/\",\"url\":\"https:\\\/\\\/pulso27.com\\\/actualidad\\\/sociedad\\\/peru-conmemora-el-dia-internacional-de-los-trabajadores-con-movilizaciones-y-actos-publicos\\\/\",\"name\":\"Per\u00fa conmemora el D\u00eda Internacional de los Trabajadores con movilizaciones y actos p\u00fablicos - Pulso27\",\"isPartOf\":{\"@id\":\"https:\\\/\\\/pulso27.com\\\/en\\\/#website\"},\"primaryImageOfPage\":{\"@id\":\"https:\\\/\\\/pulso27.com\\\/actualidad\\\/sociedad\\\/peru-conmemora-el-dia-internacional-de-los-trabajadores-con-movilizaciones-y-actos-publicos\\\/#primaryimage\"},\"image\":{\"@id\":\"https:\\\/\\\/pulso27.com\\\/actualidad\\\/sociedad\\\/peru-conmemora-el-dia-internacional-de-los-trabajadores-con-movilizaciones-y-actos-publicos\\\/#primaryimage\"},\"thumbnailUrl\":\"https:\\\/\\\/pulso27.com\\\/wp-content\\\/uploads\\\/2025\\\/05\\\/Trabajadoress.png\",\"datePublished\":\"2025-05-01T00:04:34+00:00\",\"dateModified\":\"2025-05-01T00:04:38+00:00\",\"breadcrumb\":{\"@id\":\"https:\\\/\\\/pulso27.com\\\/actualidad\\\/sociedad\\\/peru-conmemora-el-dia-internacional-de-los-trabajadores-con-movilizaciones-y-actos-publicos\\\/#breadcrumb\"},\"inLanguage\":\"en-US\",\"potentialAction\":[{\"@type\":\"ReadAction\",\"target\":[\"https:\\\/\\\/pulso27.com\\\/actualidad\\\/sociedad\\\/peru-conmemora-el-dia-internacional-de-los-trabajadores-con-movilizaciones-y-actos-publicos\\\/\"]}]},{\"@type\":\"ImageObject\",\"inLanguage\":\"en-US\",\"@id\":\"https:\\\/\\\/pulso27.com\\\/actualidad\\\/sociedad\\\/peru-conmemora-el-dia-internacional-de-los-trabajadores-con-movilizaciones-y-actos-publicos\\\/#primaryimage\",\"url\":\"https:\\\/\\\/pulso27.com\\\/wp-content\\\/uploads\\\/2025\\\/05\\\/Trabajadoress.png\",\"contentUrl\":\"https:\\\/\\\/pulso27.com\\\/wp-content\\\/uploads\\\/2025\\\/05\\\/Trabajadoress.png\",\"width\":1200,\"height\":900},{\"@type\":\"BreadcrumbList\",\"@id\":\"https:\\\/\\\/pulso27.com\\\/actualidad\\\/sociedad\\\/peru-conmemora-el-dia-internacional-de-los-trabajadores-con-movilizaciones-y-actos-publicos\\\/#breadcrumb\",\"itemListElement\":[{\"@type\":\"ListItem\",\"position\":1,\"name\":\"Portada\",\"item\":\"https:\\\/\\\/pulso27.com\\\/\"},{\"@type\":\"ListItem\",\"position\":2,\"name\":\"Per\u00fa conmemora el D\u00eda Internacional de los Trabajadores con movilizaciones y actos p\u00fablicos\"}]},{\"@type\":\"WebSite\",\"@id\":\"https:\\\/\\\/pulso27.com\\\/en\\\/#website\",\"url\":\"https:\\\/\\\/pulso27.com\\\/en\\\/\",\"name\":\"Pulso27\",\"description\":\"Web de noticias y publicidad\",\"publisher\":{\"@id\":\"https:\\\/\\\/pulso27.com\\\/en\\\/#organization\"},\"alternateName\":\"El pulso del pueblo\",\"potentialAction\":[{\"@type\":\"SearchAction\",\"target\":{\"@type\":\"EntryPoint\",\"urlTemplate\":\"https:\\\/\\\/pulso27.com\\\/en\\\/?s={search_term_string}\"},\"query-input\":{\"@type\":\"PropertyValueSpecification\",\"valueRequired\":true,\"valueName\":\"search_term_string\"}}],\"inLanguage\":\"en-US\"},{\"@type\":\"Organization\",\"@id\":\"https:\\\/\\\/pulso27.com\\\/en\\\/#organization\",\"name\":\"Pulso27\",\"url\":\"https:\\\/\\\/pulso27.com\\\/en\\\/\",\"logo\":{\"@type\":\"ImageObject\",\"inLanguage\":\"en-US\",\"@id\":\"https:\\\/\\\/pulso27.com\\\/en\\\/#\\\/schema\\\/logo\\\/image\\\/\",\"url\":\"https:\\\/\\\/pulso27.com\\\/wp-content\\\/uploads\\\/2026\\\/02\\\/Logotipo-de-la-organizacion-696-x-696-px-ok.png\",\"contentUrl\":\"https:\\\/\\\/pulso27.com\\\/wp-content\\\/uploads\\\/2026\\\/02\\\/Logotipo-de-la-organizacion-696-x-696-px-ok.png\",\"width\":696,\"height\":696,\"caption\":\"Pulso27\"},\"image\":{\"@id\":\"https:\\\/\\\/pulso27.com\\\/en\\\/#\\\/schema\\\/logo\\\/image\\\/\"},\"sameAs\":[\"https:\\\/\\\/www.facebook.com\\\/pulso27\\\/\",\"https:\\\/\\\/x.com\\\/Pulso_27\",\"https:\\\/\\\/www.youtube.com\\\/@Pulso27\",\"https:\\\/\\\/www.tiktok.com\\\/@pulso_27\"]},{\"@type\":\"Person\",\"@id\":\"https:\\\/\\\/pulso27.com\\\/en\\\/#\\\/schema\\\/person\\\/d20fd7f5bc7f2e53fd150d43fca07a78\",\"name\":\"Tupaq\",\"image\":{\"@type\":\"ImageObject\",\"inLanguage\":\"en-US\",\"@id\":\"https:\\\/\\\/secure.gravatar.com\\\/avatar\\\/7929e9b034aeea560319a601e4f04c59eb5f45a79eafe192adabb67e9604e7e7?s=96&d=mm&r=g\",\"url\":\"https:\\\/\\\/secure.gravatar.com\\\/avatar\\\/7929e9b034aeea560319a601e4f04c59eb5f45a79eafe192adabb67e9604e7e7?s=96&d=mm&r=g\",\"contentUrl\":\"https:\\\/\\\/secure.gravatar.com\\\/avatar\\\/7929e9b034aeea560319a601e4f04c59eb5f45a79eafe192adabb67e9604e7e7?s=96&d=mm&r=g\",\"caption\":\"Tupaq\"},\"url\":\"https:\\\/\\\/pulso27.com\\\/en\\\/author\\\/tupaq\\\/\"}]}<\/script>\n<!-- \/ Yoast SEO plugin. -->","yoast_head_json":{"title":"Per\u00fa conmemora el D\u00eda Internacional de los Trabajadores con movilizaciones y actos p\u00fablicos - Pulso27","robots":{"index":"index","follow":"follow","max-snippet":"max-snippet:-1","max-image-preview":"max-image-preview:large","max-video-preview":"max-video-preview:-1"},"canonical":"https:\/\/pulso27.com\/en\/actualidad\/sociedad\/peru-conmemora-el-dia-internacional-de-los-trabajadores-con-movilizaciones-y-actos-publicos\/","og_locale":"en_US","og_type":"article","og_title":"Per\u00fa conmemora el D\u00eda Internacional de los Trabajadores con movilizaciones y actos p\u00fablicos - Pulso27","og_description":"Lima \u2013 Este jueves 1 de mayo, Per\u00fa celebrar\u00e1 el D\u00eda Internacional de los Trabajadores, una fecha clave en el calendario nacional que conmemora la hist\u00f3rica lucha por los derechos laborales, como la jornada de ocho horas conquistada en 1919. Declarado feriado no laborable mediante el Decreto Legislativo 713, el d\u00eda ser\u00e1 marcado por marchas, [&hellip;]","og_url":"https:\/\/pulso27.com\/en\/actualidad\/sociedad\/peru-conmemora-el-dia-internacional-de-los-trabajadores-con-movilizaciones-y-actos-publicos\/","og_site_name":"Pulso27","article_publisher":"https:\/\/www.facebook.com\/pulso27\/","article_published_time":"2025-05-01T00:04:34+00:00","article_modified_time":"2025-05-01T00:04:38+00:00","og_image":[{"width":1200,"height":900,"url":"https:\/\/pulso27.com\/wp-content\/uploads\/2025\/05\/Trabajadoress.png","type":"image\/png"}],"author":"Tupaq","twitter_card":"summary_large_image","twitter_creator":"@Pulso_27","twitter_site":"@Pulso_27","twitter_misc":{"Written by":"Tupaq","Est. reading time":"3 minutes"},"schema":{"@context":"https:\/\/schema.org","@graph":[{"@type":"Article","@id":"https:\/\/pulso27.com\/actualidad\/sociedad\/peru-conmemora-el-dia-internacional-de-los-trabajadores-con-movilizaciones-y-actos-publicos\/#article","isPartOf":{"@id":"https:\/\/pulso27.com\/actualidad\/sociedad\/peru-conmemora-el-dia-internacional-de-los-trabajadores-con-movilizaciones-y-actos-publicos\/"},"author":{"name":"Tupaq","@id":"https:\/\/pulso27.com\/en\/#\/schema\/person\/d20fd7f5bc7f2e53fd150d43fca07a78"},"headline":"Per\u00fa conmemora el D\u00eda Internacional de los Trabajadores con movilizaciones y actos p\u00fablicos","datePublished":"2025-05-01T00:04:34+00:00","dateModified":"2025-05-01T00:04:38+00:00","mainEntityOfPage":{"@id":"https:\/\/pulso27.com\/actualidad\/sociedad\/peru-conmemora-el-dia-internacional-de-los-trabajadores-con-movilizaciones-y-actos-publicos\/"},"wordCount":558,"commentCount":0,"publisher":{"@id":"https:\/\/pulso27.com\/en\/#organization"},"image":{"@id":"https:\/\/pulso27.com\/actualidad\/sociedad\/peru-conmemora-el-dia-internacional-de-los-trabajadores-con-movilizaciones-y-actos-publicos\/#primaryimage"},"thumbnailUrl":"https:\/\/pulso27.com\/wp-content\/uploads\/2025\/05\/Trabajadoress.png","keywords":["1DeMayo","CGTP","D\u00edaDelTrabajo","D\u00edaInternacionalDeLosTrabajadores"],"articleSection":["Internacional","Sociedad"],"inLanguage":"en-US","potentialAction":[{"@type":"CommentAction","name":"Comment","target":["https:\/\/pulso27.com\/actualidad\/sociedad\/peru-conmemora-el-dia-internacional-de-los-trabajadores-con-movilizaciones-y-actos-publicos\/#respond"]}]},{"@type":"WebPage","@id":"https:\/\/pulso27.com\/actualidad\/sociedad\/peru-conmemora-el-dia-internacional-de-los-trabajadores-con-movilizaciones-y-actos-publicos\/","url":"https:\/\/pulso27.com\/actualidad\/sociedad\/peru-conmemora-el-dia-internacional-de-los-trabajadores-con-movilizaciones-y-actos-publicos\/","name":"Per\u00fa conmemora el D\u00eda Internacional de los Trabajadores con movilizaciones y actos p\u00fablicos - Pulso27","isPartOf":{"@id":"https:\/\/pulso27.com\/en\/#website"},"primaryImageOfPage":{"@id":"https:\/\/pulso27.com\/actualidad\/sociedad\/peru-conmemora-el-dia-internacional-de-los-trabajadores-con-movilizaciones-y-actos-publicos\/#primaryimage"},"image":{"@id":"https:\/\/pulso27.com\/actualidad\/sociedad\/peru-conmemora-el-dia-internacional-de-los-trabajadores-con-movilizaciones-y-actos-publicos\/#primaryimage"},"thumbnailUrl":"https:\/\/pulso27.com\/wp-content\/uploads\/2025\/05\/Trabajadoress.png","datePublished":"2025-05-01T00:04:34+00:00","dateModified":"2025-05-01T00:04:38+00:00","breadcrumb":{"@id":"https:\/\/pulso27.com\/actualidad\/sociedad\/peru-conmemora-el-dia-internacional-de-los-trabajadores-con-movilizaciones-y-actos-publicos\/#breadcrumb"},"inLanguage":"en-US","potentialAction":[{"@type":"ReadAction","target":["https:\/\/pulso27.com\/actualidad\/sociedad\/peru-conmemora-el-dia-internacional-de-los-trabajadores-con-movilizaciones-y-actos-publicos\/"]}]},{"@type":"ImageObject","inLanguage":"en-US","@id":"https:\/\/pulso27.com\/actualidad\/sociedad\/peru-conmemora-el-dia-internacional-de-los-trabajadores-con-movilizaciones-y-actos-publicos\/#primaryimage","url":"https:\/\/pulso27.com\/wp-content\/uploads\/2025\/05\/Trabajadoress.png","contentUrl":"https:\/\/pulso27.com\/wp-content\/uploads\/2025\/05\/Trabajadoress.png","width":1200,"height":900},{"@type":"BreadcrumbList","@id":"https:\/\/pulso27.com\/actualidad\/sociedad\/peru-conmemora-el-dia-internacional-de-los-trabajadores-con-movilizaciones-y-actos-publicos\/#breadcrumb","itemListElement":[{"@type":"ListItem","position":1,"name":"Portada","item":"https:\/\/pulso27.com\/"},{"@type":"ListItem","position":2,"name":"Per\u00fa conmemora el D\u00eda Internacional de los Trabajadores con movilizaciones y actos p\u00fablicos"}]},{"@type":"WebSite","@id":"https:\/\/pulso27.com\/en\/#website","url":"https:\/\/pulso27.com\/en\/","name":"Pulso27","description":"Web de noticias y publicidad","publisher":{"@id":"https:\/\/pulso27.com\/en\/#organization"},"alternateName":"El pulso del pueblo","potentialAction":[{"@type":"SearchAction","target":{"@type":"EntryPoint","urlTemplate":"https:\/\/pulso27.com\/en\/?s={search_term_string}"},"query-input":{"@type":"PropertyValueSpecification","valueRequired":true,"valueName":"search_term_string"}}],"inLanguage":"en-US"},{"@type":"Organization","@id":"https:\/\/pulso27.com\/en\/#organization","name":"Pulso27","url":"https:\/\/pulso27.com\/en\/","logo":{"@type":"ImageObject","inLanguage":"en-US","@id":"https:\/\/pulso27.com\/en\/#\/schema\/logo\/image\/","url":"https:\/\/pulso27.com\/wp-content\/uploads\/2026\/02\/Logotipo-de-la-organizacion-696-x-696-px-ok.png","contentUrl":"https:\/\/pulso27.com\/wp-content\/uploads\/2026\/02\/Logotipo-de-la-organizacion-696-x-696-px-ok.png","width":696,"height":696,"caption":"Pulso27"},"image":{"@id":"https:\/\/pulso27.com\/en\/#\/schema\/logo\/image\/"},"sameAs":["https:\/\/www.facebook.com\/pulso27\/","https:\/\/x.com\/Pulso_27","https:\/\/www.youtube.com\/@Pulso27","https:\/\/www.tiktok.com\/@pulso_27"]},{"@type":"Person","@id":"https:\/\/pulso27.com\/en\/#\/schema\/person\/d20fd7f5bc7f2e53fd150d43fca07a78","name":"Tupaq","image":{"@type":"ImageObject","inLanguage":"en-US","@id":"https:\/\/secure.gravatar.com\/avatar\/7929e9b034aeea560319a601e4f04c59eb5f45a79eafe192adabb67e9604e7e7?s=96&d=mm&r=g","url":"https:\/\/secure.gravatar.com\/avatar\/7929e9b034aeea560319a601e4f04c59eb5f45a79eafe192adabb67e9604e7e7?s=96&d=mm&r=g","contentUrl":"https:\/\/secure.gravatar.com\/avatar\/7929e9b034aeea560319a601e4f04c59eb5f45a79eafe192adabb67e9604e7e7?s=96&d=mm&r=g","caption":"Tupaq"},"url":"https:\/\/pulso27.com\/en\/author\/tupaq\/"}]}},"amp_enabled":true,"_links":{"self":[{"href":"https:\/\/pulso27.com\/en\/wp-json\/wp\/v2\/posts\/5349","targetHints":{"allow":["GET"]}}],"collection":[{"href":"https:\/\/pulso27.com\/en\/wp-json\/wp\/v2\/posts"}],"about":[{"href":"https:\/\/pulso27.com\/en\/wp-json\/wp\/v2\/types\/post"}],"author":[{"embeddable":true,"href":"https:\/\/pulso27.com\/en\/wp-json\/wp\/v2\/users\/7"}],"replies":[{"embeddable":true,"href":"https:\/\/pulso27.com\/en\/wp-json\/wp\/v2\/comments?post=5349"}],"version-history":[{"count":1,"href":"https:\/\/pulso27.com\/en\/wp-json\/wp\/v2\/posts\/5349\/revisions"}],"predecessor-version":[{"id":5354,"href":"https:\/\/pulso27.com\/en\/wp-json\/wp\/v2\/posts\/5349\/revisions\/5354"}],"wp:featuredmedia":[{"embeddable":true,"href":"https:\/\/pulso27.com\/en\/wp-json\/wp\/v2\/media\/5353"}],"wp:attachment":[{"href":"https:\/\/pulso27.com\/en\/wp-json\/wp\/v2\/media?parent=5349"}],"wp:term":[{"taxonomy":"category","embeddable":true,"href":"https:\/\/pulso27.com\/en\/wp-json\/wp\/v2\/categories?post=5349"},{"taxonomy":"post_tag","embeddable":true,"href":"https:\/\/pulso27.com\/en\/wp-json\/wp\/v2\/tags?post=5349"}],"curies":[{"name":"wp","href":"https:\/\/api.w.org\/{rel}","templated":true}]}}