{"id":5400,"date":"2025-05-30T09:53:51","date_gmt":"2025-05-30T04:53:51","guid":{"rendered":"https:\/\/pulso27.com\/?p=5400"},"modified":"2025-05-30T09:53:56","modified_gmt":"2025-05-30T04:53:56","slug":"margot-palacios-recorre-arequipa-compromiso-con-los-derechos-de-las-comunidades-rurales-y-critica-al-modelo-extractivista","status":"publish","type":"post","link":"https:\/\/pulso27.com\/en\/actualidad\/ambiente\/margot-palacios-recorre-arequipa-compromiso-con-los-derechos-de-las-comunidades-rurales-y-critica-al-modelo-extractivista\/","title":{"rendered":"Margot Palacios recorre Arequipa: compromiso con los derechos de las comunidades rurales y cr\u00edtica al modelo extractivista"},"content":{"rendered":"\n<p>Arequipa, 29 de mayo de 2025 \u2013 En una intensa agenda de trabajo, la congresista izquierdista Margot Palacios realiz\u00f3 un recorrido por diversas provincias del departamento de Arequipa, reafirmando su compromiso con las poblaciones rurales y la defensa de sus derechos fundamentales. Las actividades, desarrolladas entre el 26 y el 28 de mayo, se centraron en la fiscalizaci\u00f3n, el di\u00e1logo directo con autoridades y ciudadanos, y la visibilizaci\u00f3n de demandas hist\u00f3ricas postergadas por el Estado.<\/p>\n\n\n\n<figure class=\"wp-block-image size-full is-resized\"><img loading=\"lazy\" decoding=\"async\" width=\"720\" height=\"479\" src=\"https:\/\/pulso27.com\/wp-content\/uploads\/2025\/05\/image-9.png\" alt=\"\" class=\"wp-image-5405\" style=\"width:740px;height:auto\" srcset=\"https:\/\/pulso27.com\/wp-content\/uploads\/2025\/05\/image-9.png 720w, https:\/\/pulso27.com\/wp-content\/uploads\/2025\/05\/image-9-300x200.png 300w, https:\/\/pulso27.com\/wp-content\/uploads\/2025\/05\/image-9-18x12.png 18w\" sizes=\"auto, (max-width: 720px) 100vw, 720px\" \/><figcaption class=\"wp-element-caption\"><em>Autoridades locales, organizaciones sociales y pobladores de Caylloma aprobaron paro regional de 48 horas contra las mineras Buenaventura y Batea, estando presente la congresista Margot Palacios<\/em><\/figcaption><\/figure>\n\n\n\n<p><strong>Di\u00e1logo sobre miner\u00eda y resistencia social en Caylloma<\/strong><\/p>\n\n\n\n<p>El 26 de mayo, Palacios particip\u00f3 en la Tercera Reuni\u00f3n de la Mesa de Trabajo sobre Responsabilidad Ambiental y Social de las Empresas Mineras Bateas y Buenaventura, en la ciudad de Chivay, provincia de Caylloma. El encuentro reuni\u00f3 a autoridades locales, representantes del Ejecutivo y organizaciones de la sociedad civil, pero nuevamente evidenci\u00f3 la ausencia de las empresas mineras involucradas, lo que fue duramente cuestionado por la congresista.<\/p>\n\n\n\n<p>\u201cLa ausencia sistem\u00e1tica de las empresas revela un claro desprecio hacia las comunidades y una preocupante falta de voluntad para el di\u00e1logo\u201d, denunci\u00f3 Palacios, quien respald\u00f3 la convocatoria a un paro regional en Arequipa como una expresi\u00f3n leg\u00edtima de resistencia frente a un modelo extractivista que \u2014seg\u00fan indic\u00f3\u2014 \u201cprioriza el lucro sobre los derechos colectivos y la justicia ambiental\u201d.<\/p>\n\n\n\n<figure class=\"wp-block-image size-large\"><img loading=\"lazy\" decoding=\"async\" width=\"1024\" height=\"683\" src=\"https:\/\/pulso27.com\/wp-content\/uploads\/2025\/05\/image-7-1024x683.png\" alt=\"\" class=\"wp-image-5403\" srcset=\"https:\/\/pulso27.com\/wp-content\/uploads\/2025\/05\/image-7-1024x683.png 1024w, https:\/\/pulso27.com\/wp-content\/uploads\/2025\/05\/image-7-300x200.png 300w, https:\/\/pulso27.com\/wp-content\/uploads\/2025\/05\/image-7-768x512.png 768w, https:\/\/pulso27.com\/wp-content\/uploads\/2025\/05\/image-7-1536x1025.png 1536w, https:\/\/pulso27.com\/wp-content\/uploads\/2025\/05\/image-7-18x12.png 18w, https:\/\/pulso27.com\/wp-content\/uploads\/2025\/05\/image-7.png 2048w\" sizes=\"auto, (max-width: 1024px) 100vw, 1024px\" \/><figcaption class=\"wp-element-caption\"><em>Margot Palacios se reuni\u00f3 con la Junta de Usuarios del Valle de Majes, en <a href=\"https:\/\/www.facebook.com\/hashtag\/aplao?__eep__=6&amp;__cft__[0]=AZWwxhHSJMqWSLuUrgBcckQoOxyTcfVmlGYdFENr9djsIbjT731exUfZ1VunXLxdx5TKmSy6450gL2DcLneXDKEY_WjJyHDTSB21JIKaRhsqhglSb-gaOuEaHNb3_VFcXAO1pzd--QMvIheelMiV73MJeXs_zit7iaym7zZWxb_vt2fhhCVG7YYbNZV3D1iACKIQgHAhmNjlH7SzRs4zbT-U&amp;__tn__=*NK-R\">Aplao<\/a>, Arequipa<\/em><\/figcaption><\/figure>\n\n\n\n<p><strong>Agricultura y demandas estructurales en Castilla<\/strong><\/p>\n\n\n\n<p>El 27 de mayo, la parlamentaria se traslad\u00f3 a la provincia de Castilla, donde sostuvo reuniones con la Junta de Usuarios del Valle de Majes en Aplao, que agrupa a m\u00e1s de 700 agricultores. Los temas abordados incluyeron el mejoramiento del sistema de riego, la protecci\u00f3n de cultivos ante desbordes del r\u00edo Majes y la situaci\u00f3n cr\u00edtica de las v\u00edas de comunicaci\u00f3n, particularmente en la zona de la AR106, afectada por constantes derrumbes.<\/p>\n\n\n\n<p>Adem\u00e1s, visit\u00f3 el Instituto de Educaci\u00f3n Superior Tecnol\u00f3gico P\u00fablico de Castilla, donde recogi\u00f3 demandas urgentes relacionadas con infraestructura deficiente, falta de equipamiento y trabas en el proceso de licenciamiento. \u201cLa educaci\u00f3n tecnol\u00f3gica no puede seguir siendo una deuda pendiente; es una herramienta clave para el desarrollo regional y la inclusi\u00f3n productiva de nuestra juventud\u201d, subray\u00f3.<\/p>\n\n\n\n<p><strong>Fiscalizaci\u00f3n en salud en Condesuyos<\/strong><\/p>\n\n\n\n<p>El 28 de mayo, en la provincia de Condesuyos, la congresista realiz\u00f3 una visita inopinada al Centro de Salud de Chuquibamba. Verific\u00f3 el estado del expediente t\u00e9cnico para la construcci\u00f3n de un nuevo establecimiento, una obra valorizada en m\u00e1s de 35 millones de soles. Sin embargo, identific\u00f3 m\u00faltiples deficiencias en el proyecto de contingencia, como la falta de acceso a servicios b\u00e1sicos y la lejan\u00eda del terreno asignado.<\/p>\n\n\n\n<figure class=\"wp-block-image size-large\"><img loading=\"lazy\" decoding=\"async\" width=\"1024\" height=\"768\" src=\"https:\/\/pulso27.com\/wp-content\/uploads\/2025\/05\/image-6-1024x768.png\" alt=\"\" class=\"wp-image-5402\" srcset=\"https:\/\/pulso27.com\/wp-content\/uploads\/2025\/05\/image-6-1024x768.png 1024w, https:\/\/pulso27.com\/wp-content\/uploads\/2025\/05\/image-6-300x225.png 300w, https:\/\/pulso27.com\/wp-content\/uploads\/2025\/05\/image-6-768x576.png 768w, https:\/\/pulso27.com\/wp-content\/uploads\/2025\/05\/image-6-1536x1152.png 1536w, https:\/\/pulso27.com\/wp-content\/uploads\/2025\/05\/image-6-16x12.png 16w, https:\/\/pulso27.com\/wp-content\/uploads\/2025\/05\/image-6.png 2048w\" sizes=\"auto, (max-width: 1024px) 100vw, 1024px\" \/><figcaption class=\"wp-element-caption\"><em>Se reuni\u00f3 con funcionarios de la Municipalidad Distrital de Uraca-Corire y de la Municipalidad Provincial de Castilla, en la regi\u00f3n Arequipa<\/em><\/figcaption><\/figure>\n\n\n\n<p>En respuesta, Palacios anunci\u00f3 que solicitar\u00e1 medidas correctivas a la municipalidad provincial y gestionar\u00e1 el acompa\u00f1amiento de la Contralor\u00eda para asegurar la transparencia y eficiencia en la ejecuci\u00f3n del proyecto.<\/p>\n\n\n\n<p><strong>Una agenda territorial rumbo al 2026<\/strong><\/p>\n\n\n\n<p>A menos de un a\u00f1o del inicio formal del proceso electoral de 2026, la gira de la congresista Margot Palacios por Arequipa refuerza su imagen como una voz cr\u00edtica del centralismo y del actual modelo econ\u00f3mico. Con un discurso firme en defensa de los derechos colectivos, el medio ambiente y la equidad territorial, Palacios busca posicionar una agenda que nace desde las bases y reivindica el papel activo de las comunidades en la construcci\u00f3n de un pa\u00eds m\u00e1s justo.<\/p>\n\n\n\n<p>\u201cVamos a seguir caminando con nuestros pueblos. El desarrollo no puede sostenerse en la desigualdad ni en el abandono. Exigimos un Estado presente, que escuche, respete y act\u00fae\u201d, concluy\u00f3.<\/p>\n","protected":false},"excerpt":{"rendered":"<p>Arequipa, 29 de mayo de 2025 \u2013 En una intensa agenda de trabajo, la congresista izquierdista Margot Palacios realiz\u00f3 un recorrido por diversas provincias del departamento de Arequipa, reafirmando su compromiso con las poblaciones rurales y la defensa de sus derechos fundamentales. Las actividades, desarrolladas entre el 26 y el 28 de mayo, se centraron [&hellip;]<\/p>\n","protected":false},"author":13,"featured_media":5407,"comment_status":"open","ping_status":"open","sticky":false,"template":"","format":"standard","meta":{"footnotes":""},"categories":[183,1847],"tags":[616,701,2250,578],"class_list":["post-5400","post","type-post","status-publish","format-standard","has-post-thumbnail","hentry","category-actualidad","category-ambiente","tag-arequipa","tag-contaminacion","tag-margotpalaciosh","tag-mineria"],"yoast_head":"<!-- This site is optimized with the Yoast SEO plugin v27.4 - https:\/\/yoast.com\/product\/yoast-seo-wordpress\/ -->\n<title>Margot Palacios recorre Arequipa: compromiso con los derechos de las comunidades rurales y cr\u00edtica al modelo extractivista - Pulso27<\/title>\n<meta name=\"robots\" content=\"index, follow, max-snippet:-1, max-image-preview:large, max-video-preview:-1\" \/>\n<link rel=\"canonical\" href=\"https:\/\/pulso27.com\/en\/actualidad\/ambiente\/margot-palacios-recorre-arequipa-compromiso-con-los-derechos-de-las-comunidades-rurales-y-critica-al-modelo-extractivista\/\" \/>\n<meta property=\"og:locale\" content=\"en_US\" \/>\n<meta property=\"og:type\" content=\"article\" \/>\n<meta property=\"og:title\" content=\"Margot Palacios recorre Arequipa: compromiso con los derechos de las comunidades rurales y cr\u00edtica al modelo extractivista - Pulso27\" \/>\n<meta property=\"og:description\" content=\"Arequipa, 29 de mayo de 2025 \u2013 En una intensa agenda de trabajo, la congresista izquierdista Margot Palacios realiz\u00f3 un recorrido por diversas provincias del departamento de Arequipa, reafirmando su compromiso con las poblaciones rurales y la defensa de sus derechos fundamentales. Las actividades, desarrolladas entre el 26 y el 28 de mayo, se centraron [&hellip;]\" \/>\n<meta property=\"og:url\" content=\"https:\/\/pulso27.com\/en\/actualidad\/ambiente\/margot-palacios-recorre-arequipa-compromiso-con-los-derechos-de-las-comunidades-rurales-y-critica-al-modelo-extractivista\/\" \/>\n<meta property=\"og:site_name\" content=\"Pulso27\" \/>\n<meta property=\"article:publisher\" content=\"https:\/\/www.facebook.com\/pulso27\/\" \/>\n<meta property=\"article:published_time\" content=\"2025-05-30T04:53:51+00:00\" \/>\n<meta property=\"article:modified_time\" content=\"2025-05-30T04:53:56+00:00\" \/>\n<meta property=\"og:image\" content=\"https:\/\/pulso27.com\/wp-content\/uploads\/2025\/05\/Margot-Palacios-en-Arequipa-1.png\" \/>\n\t<meta property=\"og:image:width\" content=\"1200\" \/>\n\t<meta property=\"og:image:height\" content=\"900\" \/>\n\t<meta property=\"og:image:type\" content=\"image\/png\" \/>\n<meta name=\"author\" content=\"Redactor\" \/>\n<meta name=\"twitter:card\" content=\"summary_large_image\" \/>\n<meta name=\"twitter:creator\" content=\"@Pulso_27\" \/>\n<meta name=\"twitter:site\" content=\"@Pulso_27\" \/>\n<meta name=\"twitter:label1\" content=\"Written by\" \/>\n\t<meta name=\"twitter:data1\" content=\"Redactor\" \/>\n\t<meta name=\"twitter:label2\" content=\"Est. reading time\" \/>\n\t<meta name=\"twitter:data2\" content=\"4 minutes\" \/>\n<script type=\"application\/ld+json\" class=\"yoast-schema-graph\">{\"@context\":\"https:\\\/\\\/schema.org\",\"@graph\":[{\"@type\":\"Article\",\"@id\":\"https:\\\/\\\/pulso27.com\\\/actualidad\\\/ambiente\\\/margot-palacios-recorre-arequipa-compromiso-con-los-derechos-de-las-comunidades-rurales-y-critica-al-modelo-extractivista\\\/#article\",\"isPartOf\":{\"@id\":\"https:\\\/\\\/pulso27.com\\\/actualidad\\\/ambiente\\\/margot-palacios-recorre-arequipa-compromiso-con-los-derechos-de-las-comunidades-rurales-y-critica-al-modelo-extractivista\\\/\"},\"author\":{\"name\":\"Redactor\",\"@id\":\"https:\\\/\\\/pulso27.com\\\/en\\\/#\\\/schema\\\/person\\\/bf5ee161e6c87f6c7d57f5e689ef8526\"},\"headline\":\"Margot Palacios recorre Arequipa: compromiso con los derechos de las comunidades rurales y cr\u00edtica al modelo extractivista\",\"datePublished\":\"2025-05-30T04:53:51+00:00\",\"dateModified\":\"2025-05-30T04:53:56+00:00\",\"mainEntityOfPage\":{\"@id\":\"https:\\\/\\\/pulso27.com\\\/actualidad\\\/ambiente\\\/margot-palacios-recorre-arequipa-compromiso-con-los-derechos-de-las-comunidades-rurales-y-critica-al-modelo-extractivista\\\/\"},\"wordCount\":673,\"commentCount\":0,\"publisher\":{\"@id\":\"https:\\\/\\\/pulso27.com\\\/en\\\/#organization\"},\"image\":{\"@id\":\"https:\\\/\\\/pulso27.com\\\/actualidad\\\/ambiente\\\/margot-palacios-recorre-arequipa-compromiso-con-los-derechos-de-las-comunidades-rurales-y-critica-al-modelo-extractivista\\\/#primaryimage\"},\"thumbnailUrl\":\"https:\\\/\\\/pulso27.com\\\/wp-content\\\/uploads\\\/2025\\\/05\\\/Margot-Palacios-en-Arequipa-1.png\",\"keywords\":[\"Arequipa\",\"Contaminaci\u00f3n\",\"MargotPalaciosH\",\"Miner\u00eda\"],\"articleSection\":[\"Actualidad\",\"Ambiente\"],\"inLanguage\":\"en-US\",\"potentialAction\":[{\"@type\":\"CommentAction\",\"name\":\"Comment\",\"target\":[\"https:\\\/\\\/pulso27.com\\\/actualidad\\\/ambiente\\\/margot-palacios-recorre-arequipa-compromiso-con-los-derechos-de-las-comunidades-rurales-y-critica-al-modelo-extractivista\\\/#respond\"]}]},{\"@type\":\"WebPage\",\"@id\":\"https:\\\/\\\/pulso27.com\\\/actualidad\\\/ambiente\\\/margot-palacios-recorre-arequipa-compromiso-con-los-derechos-de-las-comunidades-rurales-y-critica-al-modelo-extractivista\\\/\",\"url\":\"https:\\\/\\\/pulso27.com\\\/actualidad\\\/ambiente\\\/margot-palacios-recorre-arequipa-compromiso-con-los-derechos-de-las-comunidades-rurales-y-critica-al-modelo-extractivista\\\/\",\"name\":\"Margot Palacios recorre Arequipa: compromiso con los derechos de las comunidades rurales y cr\u00edtica al modelo extractivista - Pulso27\",\"isPartOf\":{\"@id\":\"https:\\\/\\\/pulso27.com\\\/en\\\/#website\"},\"primaryImageOfPage\":{\"@id\":\"https:\\\/\\\/pulso27.com\\\/actualidad\\\/ambiente\\\/margot-palacios-recorre-arequipa-compromiso-con-los-derechos-de-las-comunidades-rurales-y-critica-al-modelo-extractivista\\\/#primaryimage\"},\"image\":{\"@id\":\"https:\\\/\\\/pulso27.com\\\/actualidad\\\/ambiente\\\/margot-palacios-recorre-arequipa-compromiso-con-los-derechos-de-las-comunidades-rurales-y-critica-al-modelo-extractivista\\\/#primaryimage\"},\"thumbnailUrl\":\"https:\\\/\\\/pulso27.com\\\/wp-content\\\/uploads\\\/2025\\\/05\\\/Margot-Palacios-en-Arequipa-1.png\",\"datePublished\":\"2025-05-30T04:53:51+00:00\",\"dateModified\":\"2025-05-30T04:53:56+00:00\",\"breadcrumb\":{\"@id\":\"https:\\\/\\\/pulso27.com\\\/actualidad\\\/ambiente\\\/margot-palacios-recorre-arequipa-compromiso-con-los-derechos-de-las-comunidades-rurales-y-critica-al-modelo-extractivista\\\/#breadcrumb\"},\"inLanguage\":\"en-US\",\"potentialAction\":[{\"@type\":\"ReadAction\",\"target\":[\"https:\\\/\\\/pulso27.com\\\/actualidad\\\/ambiente\\\/margot-palacios-recorre-arequipa-compromiso-con-los-derechos-de-las-comunidades-rurales-y-critica-al-modelo-extractivista\\\/\"]}]},{\"@type\":\"ImageObject\",\"inLanguage\":\"en-US\",\"@id\":\"https:\\\/\\\/pulso27.com\\\/actualidad\\\/ambiente\\\/margot-palacios-recorre-arequipa-compromiso-con-los-derechos-de-las-comunidades-rurales-y-critica-al-modelo-extractivista\\\/#primaryimage\",\"url\":\"https:\\\/\\\/pulso27.com\\\/wp-content\\\/uploads\\\/2025\\\/05\\\/Margot-Palacios-en-Arequipa-1.png\",\"contentUrl\":\"https:\\\/\\\/pulso27.com\\\/wp-content\\\/uploads\\\/2025\\\/05\\\/Margot-Palacios-en-Arequipa-1.png\",\"width\":1200,\"height\":900},{\"@type\":\"BreadcrumbList\",\"@id\":\"https:\\\/\\\/pulso27.com\\\/actualidad\\\/ambiente\\\/margot-palacios-recorre-arequipa-compromiso-con-los-derechos-de-las-comunidades-rurales-y-critica-al-modelo-extractivista\\\/#breadcrumb\",\"itemListElement\":[{\"@type\":\"ListItem\",\"position\":1,\"name\":\"Portada\",\"item\":\"https:\\\/\\\/pulso27.com\\\/\"},{\"@type\":\"ListItem\",\"position\":2,\"name\":\"Margot Palacios recorre Arequipa: compromiso con los derechos de las comunidades rurales y cr\u00edtica al modelo extractivista\"}]},{\"@type\":\"WebSite\",\"@id\":\"https:\\\/\\\/pulso27.com\\\/en\\\/#website\",\"url\":\"https:\\\/\\\/pulso27.com\\\/en\\\/\",\"name\":\"Pulso27\",\"description\":\"Web de noticias y publicidad\",\"publisher\":{\"@id\":\"https:\\\/\\\/pulso27.com\\\/en\\\/#organization\"},\"alternateName\":\"El pulso del pueblo\",\"potentialAction\":[{\"@type\":\"SearchAction\",\"target\":{\"@type\":\"EntryPoint\",\"urlTemplate\":\"https:\\\/\\\/pulso27.com\\\/en\\\/?s={search_term_string}\"},\"query-input\":{\"@type\":\"PropertyValueSpecification\",\"valueRequired\":true,\"valueName\":\"search_term_string\"}}],\"inLanguage\":\"en-US\"},{\"@type\":\"Organization\",\"@id\":\"https:\\\/\\\/pulso27.com\\\/en\\\/#organization\",\"name\":\"Pulso27\",\"url\":\"https:\\\/\\\/pulso27.com\\\/en\\\/\",\"logo\":{\"@type\":\"ImageObject\",\"inLanguage\":\"en-US\",\"@id\":\"https:\\\/\\\/pulso27.com\\\/en\\\/#\\\/schema\\\/logo\\\/image\\\/\",\"url\":\"https:\\\/\\\/pulso27.com\\\/wp-content\\\/uploads\\\/2026\\\/02\\\/Logotipo-de-la-organizacion-696-x-696-px-ok.png\",\"contentUrl\":\"https:\\\/\\\/pulso27.com\\\/wp-content\\\/uploads\\\/2026\\\/02\\\/Logotipo-de-la-organizacion-696-x-696-px-ok.png\",\"width\":696,\"height\":696,\"caption\":\"Pulso27\"},\"image\":{\"@id\":\"https:\\\/\\\/pulso27.com\\\/en\\\/#\\\/schema\\\/logo\\\/image\\\/\"},\"sameAs\":[\"https:\\\/\\\/www.facebook.com\\\/pulso27\\\/\",\"https:\\\/\\\/x.com\\\/Pulso_27\",\"https:\\\/\\\/www.youtube.com\\\/@Pulso27\",\"https:\\\/\\\/www.tiktok.com\\\/@pulso_27\"]},{\"@type\":\"Person\",\"@id\":\"https:\\\/\\\/pulso27.com\\\/en\\\/#\\\/schema\\\/person\\\/bf5ee161e6c87f6c7d57f5e689ef8526\",\"name\":\"Redactor\",\"image\":{\"@type\":\"ImageObject\",\"inLanguage\":\"en-US\",\"@id\":\"https:\\\/\\\/pulso27.com\\\/wp-content\\\/uploads\\\/2025\\\/03\\\/a-150x150.png\",\"url\":\"https:\\\/\\\/pulso27.com\\\/wp-content\\\/uploads\\\/2025\\\/03\\\/a-150x150.png\",\"contentUrl\":\"https:\\\/\\\/pulso27.com\\\/wp-content\\\/uploads\\\/2025\\\/03\\\/a-150x150.png\",\"caption\":\"Redactor\"},\"sameAs\":[\"http:\\\/\\\/www.pulso27.com\"],\"url\":\"https:\\\/\\\/pulso27.com\\\/en\\\/author\\\/redactor\\\/\"}]}<\/script>\n<!-- \/ Yoast SEO plugin. -->","yoast_head_json":{"title":"Margot Palacios recorre Arequipa: compromiso con los derechos de las comunidades rurales y cr\u00edtica al modelo extractivista - Pulso27","robots":{"index":"index","follow":"follow","max-snippet":"max-snippet:-1","max-image-preview":"max-image-preview:large","max-video-preview":"max-video-preview:-1"},"canonical":"https:\/\/pulso27.com\/en\/actualidad\/ambiente\/margot-palacios-recorre-arequipa-compromiso-con-los-derechos-de-las-comunidades-rurales-y-critica-al-modelo-extractivista\/","og_locale":"en_US","og_type":"article","og_title":"Margot Palacios recorre Arequipa: compromiso con los derechos de las comunidades rurales y cr\u00edtica al modelo extractivista - Pulso27","og_description":"Arequipa, 29 de mayo de 2025 \u2013 En una intensa agenda de trabajo, la congresista izquierdista Margot Palacios realiz\u00f3 un recorrido por diversas provincias del departamento de Arequipa, reafirmando su compromiso con las poblaciones rurales y la defensa de sus derechos fundamentales. Las actividades, desarrolladas entre el 26 y el 28 de mayo, se centraron [&hellip;]","og_url":"https:\/\/pulso27.com\/en\/actualidad\/ambiente\/margot-palacios-recorre-arequipa-compromiso-con-los-derechos-de-las-comunidades-rurales-y-critica-al-modelo-extractivista\/","og_site_name":"Pulso27","article_publisher":"https:\/\/www.facebook.com\/pulso27\/","article_published_time":"2025-05-30T04:53:51+00:00","article_modified_time":"2025-05-30T04:53:56+00:00","og_image":[{"width":1200,"height":900,"url":"https:\/\/pulso27.com\/wp-content\/uploads\/2025\/05\/Margot-Palacios-en-Arequipa-1.png","type":"image\/png"}],"author":"Redactor","twitter_card":"summary_large_image","twitter_creator":"@Pulso_27","twitter_site":"@Pulso_27","twitter_misc":{"Written by":"Redactor","Est. reading time":"4 minutes"},"schema":{"@context":"https:\/\/schema.org","@graph":[{"@type":"Article","@id":"https:\/\/pulso27.com\/actualidad\/ambiente\/margot-palacios-recorre-arequipa-compromiso-con-los-derechos-de-las-comunidades-rurales-y-critica-al-modelo-extractivista\/#article","isPartOf":{"@id":"https:\/\/pulso27.com\/actualidad\/ambiente\/margot-palacios-recorre-arequipa-compromiso-con-los-derechos-de-las-comunidades-rurales-y-critica-al-modelo-extractivista\/"},"author":{"name":"Redactor","@id":"https:\/\/pulso27.com\/en\/#\/schema\/person\/bf5ee161e6c87f6c7d57f5e689ef8526"},"headline":"Margot Palacios recorre Arequipa: compromiso con los derechos de las comunidades rurales y cr\u00edtica al modelo extractivista","datePublished":"2025-05-30T04:53:51+00:00","dateModified":"2025-05-30T04:53:56+00:00","mainEntityOfPage":{"@id":"https:\/\/pulso27.com\/actualidad\/ambiente\/margot-palacios-recorre-arequipa-compromiso-con-los-derechos-de-las-comunidades-rurales-y-critica-al-modelo-extractivista\/"},"wordCount":673,"commentCount":0,"publisher":{"@id":"https:\/\/pulso27.com\/en\/#organization"},"image":{"@id":"https:\/\/pulso27.com\/actualidad\/ambiente\/margot-palacios-recorre-arequipa-compromiso-con-los-derechos-de-las-comunidades-rurales-y-critica-al-modelo-extractivista\/#primaryimage"},"thumbnailUrl":"https:\/\/pulso27.com\/wp-content\/uploads\/2025\/05\/Margot-Palacios-en-Arequipa-1.png","keywords":["Arequipa","Contaminaci\u00f3n","MargotPalaciosH","Miner\u00eda"],"articleSection":["Actualidad","Ambiente"],"inLanguage":"en-US","potentialAction":[{"@type":"CommentAction","name":"Comment","target":["https:\/\/pulso27.com\/actualidad\/ambiente\/margot-palacios-recorre-arequipa-compromiso-con-los-derechos-de-las-comunidades-rurales-y-critica-al-modelo-extractivista\/#respond"]}]},{"@type":"WebPage","@id":"https:\/\/pulso27.com\/actualidad\/ambiente\/margot-palacios-recorre-arequipa-compromiso-con-los-derechos-de-las-comunidades-rurales-y-critica-al-modelo-extractivista\/","url":"https:\/\/pulso27.com\/actualidad\/ambiente\/margot-palacios-recorre-arequipa-compromiso-con-los-derechos-de-las-comunidades-rurales-y-critica-al-modelo-extractivista\/","name":"Margot Palacios recorre Arequipa: compromiso con los derechos de las comunidades rurales y cr\u00edtica al modelo extractivista - Pulso27","isPartOf":{"@id":"https:\/\/pulso27.com\/en\/#website"},"primaryImageOfPage":{"@id":"https:\/\/pulso27.com\/actualidad\/ambiente\/margot-palacios-recorre-arequipa-compromiso-con-los-derechos-de-las-comunidades-rurales-y-critica-al-modelo-extractivista\/#primaryimage"},"image":{"@id":"https:\/\/pulso27.com\/actualidad\/ambiente\/margot-palacios-recorre-arequipa-compromiso-con-los-derechos-de-las-comunidades-rurales-y-critica-al-modelo-extractivista\/#primaryimage"},"thumbnailUrl":"https:\/\/pulso27.com\/wp-content\/uploads\/2025\/05\/Margot-Palacios-en-Arequipa-1.png","datePublished":"2025-05-30T04:53:51+00:00","dateModified":"2025-05-30T04:53:56+00:00","breadcrumb":{"@id":"https:\/\/pulso27.com\/actualidad\/ambiente\/margot-palacios-recorre-arequipa-compromiso-con-los-derechos-de-las-comunidades-rurales-y-critica-al-modelo-extractivista\/#breadcrumb"},"inLanguage":"en-US","potentialAction":[{"@type":"ReadAction","target":["https:\/\/pulso27.com\/actualidad\/ambiente\/margot-palacios-recorre-arequipa-compromiso-con-los-derechos-de-las-comunidades-rurales-y-critica-al-modelo-extractivista\/"]}]},{"@type":"ImageObject","inLanguage":"en-US","@id":"https:\/\/pulso27.com\/actualidad\/ambiente\/margot-palacios-recorre-arequipa-compromiso-con-los-derechos-de-las-comunidades-rurales-y-critica-al-modelo-extractivista\/#primaryimage","url":"https:\/\/pulso27.com\/wp-content\/uploads\/2025\/05\/Margot-Palacios-en-Arequipa-1.png","contentUrl":"https:\/\/pulso27.com\/wp-content\/uploads\/2025\/05\/Margot-Palacios-en-Arequipa-1.png","width":1200,"height":900},{"@type":"BreadcrumbList","@id":"https:\/\/pulso27.com\/actualidad\/ambiente\/margot-palacios-recorre-arequipa-compromiso-con-los-derechos-de-las-comunidades-rurales-y-critica-al-modelo-extractivista\/#breadcrumb","itemListElement":[{"@type":"ListItem","position":1,"name":"Portada","item":"https:\/\/pulso27.com\/"},{"@type":"ListItem","position":2,"name":"Margot Palacios recorre Arequipa: compromiso con los derechos de las comunidades rurales y cr\u00edtica al modelo extractivista"}]},{"@type":"WebSite","@id":"https:\/\/pulso27.com\/en\/#website","url":"https:\/\/pulso27.com\/en\/","name":"Pulso27","description":"Web de noticias y publicidad","publisher":{"@id":"https:\/\/pulso27.com\/en\/#organization"},"alternateName":"El pulso del pueblo","potentialAction":[{"@type":"SearchAction","target":{"@type":"EntryPoint","urlTemplate":"https:\/\/pulso27.com\/en\/?s={search_term_string}"},"query-input":{"@type":"PropertyValueSpecification","valueRequired":true,"valueName":"search_term_string"}}],"inLanguage":"en-US"},{"@type":"Organization","@id":"https:\/\/pulso27.com\/en\/#organization","name":"Pulso27","url":"https:\/\/pulso27.com\/en\/","logo":{"@type":"ImageObject","inLanguage":"en-US","@id":"https:\/\/pulso27.com\/en\/#\/schema\/logo\/image\/","url":"https:\/\/pulso27.com\/wp-content\/uploads\/2026\/02\/Logotipo-de-la-organizacion-696-x-696-px-ok.png","contentUrl":"https:\/\/pulso27.com\/wp-content\/uploads\/2026\/02\/Logotipo-de-la-organizacion-696-x-696-px-ok.png","width":696,"height":696,"caption":"Pulso27"},"image":{"@id":"https:\/\/pulso27.com\/en\/#\/schema\/logo\/image\/"},"sameAs":["https:\/\/www.facebook.com\/pulso27\/","https:\/\/x.com\/Pulso_27","https:\/\/www.youtube.com\/@Pulso27","https:\/\/www.tiktok.com\/@pulso_27"]},{"@type":"Person","@id":"https:\/\/pulso27.com\/en\/#\/schema\/person\/bf5ee161e6c87f6c7d57f5e689ef8526","name":"Redactor","image":{"@type":"ImageObject","inLanguage":"en-US","@id":"https:\/\/pulso27.com\/wp-content\/uploads\/2025\/03\/a-150x150.png","url":"https:\/\/pulso27.com\/wp-content\/uploads\/2025\/03\/a-150x150.png","contentUrl":"https:\/\/pulso27.com\/wp-content\/uploads\/2025\/03\/a-150x150.png","caption":"Redactor"},"sameAs":["http:\/\/www.pulso27.com"],"url":"https:\/\/pulso27.com\/en\/author\/redactor\/"}]}},"amp_enabled":true,"_links":{"self":[{"href":"https:\/\/pulso27.com\/en\/wp-json\/wp\/v2\/posts\/5400","targetHints":{"allow":["GET"]}}],"collection":[{"href":"https:\/\/pulso27.com\/en\/wp-json\/wp\/v2\/posts"}],"about":[{"href":"https:\/\/pulso27.com\/en\/wp-json\/wp\/v2\/types\/post"}],"author":[{"embeddable":true,"href":"https:\/\/pulso27.com\/en\/wp-json\/wp\/v2\/users\/13"}],"replies":[{"embeddable":true,"href":"https:\/\/pulso27.com\/en\/wp-json\/wp\/v2\/comments?post=5400"}],"version-history":[{"count":1,"href":"https:\/\/pulso27.com\/en\/wp-json\/wp\/v2\/posts\/5400\/revisions"}],"predecessor-version":[{"id":5408,"href":"https:\/\/pulso27.com\/en\/wp-json\/wp\/v2\/posts\/5400\/revisions\/5408"}],"wp:featuredmedia":[{"embeddable":true,"href":"https:\/\/pulso27.com\/en\/wp-json\/wp\/v2\/media\/5407"}],"wp:attachment":[{"href":"https:\/\/pulso27.com\/en\/wp-json\/wp\/v2\/media?parent=5400"}],"wp:term":[{"taxonomy":"category","embeddable":true,"href":"https:\/\/pulso27.com\/en\/wp-json\/wp\/v2\/categories?post=5400"},{"taxonomy":"post_tag","embeddable":true,"href":"https:\/\/pulso27.com\/en\/wp-json\/wp\/v2\/tags?post=5400"}],"curies":[{"name":"wp","href":"https:\/\/api.w.org\/{rel}","templated":true}]}}