{"id":5419,"date":"2025-05-30T13:00:10","date_gmt":"2025-05-30T08:00:10","guid":{"rendered":"https:\/\/pulso27.com\/?p=5419"},"modified":"2025-05-30T13:00:15","modified_gmt":"2025-05-30T08:00:15","slug":"roberto-sanchez-lanza-precandidatura-presidencial-por-juntos-por-el-peru-desde-cusco","status":"publish","type":"post","link":"https:\/\/pulso27.com\/en\/actualidad\/politica\/roberto-sanchez-lanza-precandidatura-presidencial-por-juntos-por-el-peru-desde-cusco\/","title":{"rendered":"Roberto S\u00e1nchez lanza precandidatura presidencial por Juntos por el Per\u00fa desde Cusco"},"content":{"rendered":"<p>Desde la base regional cusque\u00f1a de Juntos por el Per\u00fa (JP), el congresista y exministro Roberto S\u00e1nchez fue proclamado como precandidato presidencial para las elecciones generales de 2026. El anuncio se realiz\u00f3 durante una ceremonia simb\u00f3lica cargada de significados culturales andinos y pol\u00edticos progresistas y de izquierda, en la que S\u00e1nchez estuvo acompa\u00f1ado por reconocidas figuras como Wilber Aduviri, Leandra Condori y Br\u00edgida Curo.<\/p>\n\n\n\n<p>\u201cRecibo este respaldo con humildad y compromiso, acompa\u00f1ado de referentes del Per\u00fa profundo\u201d, se\u00f1al\u00f3 el parlamentario. \u201cEste momento no es solo pol\u00edtico: es espiritual y fundacional. Es el llamado de los pueblos originarios, de las luchas sociales y del sentir popular que exige una reforma pol\u00edtica profunda, una nueva Constituci\u00f3n y una Rep\u00fablica verdaderamente plurinacional, justa y soberana\u201d, a\u00f1adi\u00f3.<\/p>\n\n\n\n<figure class=\"wp-block-image size-large\"><img loading=\"lazy\" decoding=\"async\" width=\"1024\" height=\"683\" src=\"https:\/\/pulso27.com\/wp-content\/uploads\/2025\/05\/image-13-1024x683.png\" alt=\"\" class=\"wp-image-5430\" srcset=\"https:\/\/pulso27.com\/wp-content\/uploads\/2025\/05\/image-13-1024x683.png 1024w, https:\/\/pulso27.com\/wp-content\/uploads\/2025\/05\/image-13-300x200.png 300w, https:\/\/pulso27.com\/wp-content\/uploads\/2025\/05\/image-13-768x512.png 768w, https:\/\/pulso27.com\/wp-content\/uploads\/2025\/05\/image-13-18x12.png 18w, https:\/\/pulso27.com\/wp-content\/uploads\/2025\/05\/image-13.png 1179w\" sizes=\"auto, (max-width: 1024px) 100vw, 1024px\" \/><figcaption class=\"wp-element-caption\"><em>Roberto S\u00e1nchez agitando dos \u00abWiphalas\u00bb del Tahuantinsuyo junto a los dirigentes regionales de Cusco<\/em><\/figcaption><\/figure>\n\n\n\n<p>La jornada, descrita por el propio S\u00e1nchez como \u201chist\u00f3rica\u201d, tuvo como escenario simb\u00f3lico la ciudad imperial del Cusco, cuna de T\u00fapac Amaru II y Micaela Bastidas, donde tambi\u00e9n estuvo la congresista ayacuchana Margot Palacios Huam\u00e1n. All\u00ed, el l\u00edder de JP hizo un llamado a la construcci\u00f3n de un Frente Patri\u00f3tico Popular, y no descart\u00f3 que otros liderazgos dentro y fuera del partido puedan asumir la candidatura oficial.<\/p>\n\n\n\n<p><strong>Antauro Humala y la disputa interna en la izquierda<\/strong><\/p>\n\n\n\n<p>El lanzamiento de S\u00e1nchez ocurre en medio de la expectativa por una posible candidatura del exmilitar etnocacerista Antauro Humala, quien semanas antes hab\u00eda asegurado en una entrevista con La Rep\u00fablica que ser\u00eda el candidato presidencial por el mismo partido.<\/p>\n\n\n\n<figure class=\"wp-block-image size-large\"><img loading=\"lazy\" decoding=\"async\" width=\"1024\" height=\"685\" src=\"https:\/\/pulso27.com\/wp-content\/uploads\/2025\/05\/image-12-1024x685.png\" alt=\"\" class=\"wp-image-5429\" srcset=\"https:\/\/pulso27.com\/wp-content\/uploads\/2025\/05\/image-12-1024x685.png 1024w, https:\/\/pulso27.com\/wp-content\/uploads\/2025\/05\/image-12-300x201.png 300w, https:\/\/pulso27.com\/wp-content\/uploads\/2025\/05\/image-12-768x514.png 768w, https:\/\/pulso27.com\/wp-content\/uploads\/2025\/05\/image-12-1536x1027.png 1536w, https:\/\/pulso27.com\/wp-content\/uploads\/2025\/05\/image-12-18x12.png 18w, https:\/\/pulso27.com\/wp-content\/uploads\/2025\/05\/image-12.png 1600w\" sizes=\"auto, (max-width: 1024px) 100vw, 1024px\" \/><figcaption class=\"wp-element-caption\"><em>Se observ\u00f3 a la congresista ayacuchana Margot Palacios Huam\u00e1n junto a Roberto S\u00e1nchez<\/em><\/figcaption><\/figure>\n\n\n\n<p>Consultado nuevamente tras la proclamaci\u00f3n de S\u00e1nchez, Humala reconoci\u00f3 el derecho del parlamentario a postular: \u201cEs natural porque Roberto S\u00e1nchez es el presidente y el principal dirigente de esa organizaci\u00f3n pol\u00edtica\u201d, declar\u00f3. No obstante, insisti\u00f3 en que la candidatura definitiva depender\u00e1 de la conformaci\u00f3n del bloque de alianzas de izquierda, actualmente en proceso.<\/p>\n\n\n\n<p>Humala, quien tambi\u00e9n aspira al Senado, explic\u00f3 que su inclusi\u00f3n en una eventual plancha presidencial depende de un pronunciamiento pendiente de la Corte Interamericana de Derechos Humanos (CIDH) sobre su situaci\u00f3n legal.<\/p>\n\n\n\n<p><strong>Unidad en disputa: precandidaturas y alianzas por definirse<\/strong><\/p>\n\n\n\n<figure class=\"wp-block-image size-large\"><img loading=\"lazy\" decoding=\"async\" width=\"1024\" height=\"576\" src=\"https:\/\/pulso27.com\/wp-content\/uploads\/2025\/05\/image-10-1024x576.png\" alt=\"\" class=\"wp-image-5420\" srcset=\"https:\/\/pulso27.com\/wp-content\/uploads\/2025\/05\/image-10-1024x576.png 1024w, https:\/\/pulso27.com\/wp-content\/uploads\/2025\/05\/image-10-300x169.png 300w, https:\/\/pulso27.com\/wp-content\/uploads\/2025\/05\/image-10-768x432.png 768w, https:\/\/pulso27.com\/wp-content\/uploads\/2025\/05\/image-10-1536x864.png 1536w, https:\/\/pulso27.com\/wp-content\/uploads\/2025\/05\/image-10-18x10.png 18w, https:\/\/pulso27.com\/wp-content\/uploads\/2025\/05\/image-10.png 1600w\" sizes=\"auto, (max-width: 1024px) 100vw, 1024px\" \/><figcaption class=\"wp-element-caption\"><em>Convergencia Socialista, salud\u00f3 el lanzamiento de S\u00e1nchez calific\u00e1ndolo de \u201cvaliente\u201d y \u201coportuno\u201d<\/em><\/figcaption><\/figure>\n\n\n\n<p>En di\u00e1logo con Per\u00fa21, S\u00e1nchez reconoci\u00f3 que fue propuesto por las bases cusque\u00f1as pero que a\u00fan no ha aceptado formalmente la precandidatura, dejando abierta la posibilidad a una competencia interna. \u00abHay otros cuadros capaces en el partido\u00bb, afirm\u00f3.<\/p>\n\n\n\n<p>El congresista tambi\u00e9n revel\u00f3 que se encuentra en conversaciones con dirigentes de agrupaciones a\u00fan no inscritas, como A.N.T.A.U.R.O., el Partido Nacionalista Peruano y Todo con el Pueblo, con miras a articular un frente amplio de izquierda que trascienda lo meramente electoral.<\/p>\n\n\n\n<p><strong>Reacciones desde la izquierda<\/strong><\/p>\n\n\n\n<p>La definici\u00f3n final sobre la plancha presidencial de JP ser\u00e1 dada a conocer durante una Gran Convenci\u00f3n Popular Quechua, Aymara, Amaz\u00f3nica y Popular, prevista para el pr\u00f3ximo 12 de octubre.<\/p>\n\n\n\n<p>El excongresista Humberto Morales, en representaci\u00f3n de <em>Convergencia Socialista<\/em>, salud\u00f3 el lanzamiento de S\u00e1nchez calific\u00e1ndolo de \u201cvaliente\u201d y \u201coportuno\u201d. En un comunicado, Morales sostuvo que esta iniciativa se da en un contexto de \u201cpersecuci\u00f3n legal y pol\u00edtica de la derecha\u201d, y llam\u00f3 a la unidad de la izquierda no solo electoral, sino tambi\u00e9n \u201csocial y popular\u201d.<\/p>\n\n\n\n<figure class=\"wp-block-image size-large\"><img loading=\"lazy\" decoding=\"async\" width=\"1024\" height=\"768\" src=\"https:\/\/pulso27.com\/wp-content\/uploads\/2025\/05\/image-14-1024x768.png\" alt=\"\" class=\"wp-image-5431\" srcset=\"https:\/\/pulso27.com\/wp-content\/uploads\/2025\/05\/image-14-1024x768.png 1024w, https:\/\/pulso27.com\/wp-content\/uploads\/2025\/05\/image-14-300x225.png 300w, https:\/\/pulso27.com\/wp-content\/uploads\/2025\/05\/image-14-768x576.png 768w, https:\/\/pulso27.com\/wp-content\/uploads\/2025\/05\/image-14-16x12.png 16w, https:\/\/pulso27.com\/wp-content\/uploads\/2025\/05\/image-14.png 1280w\" sizes=\"auto, (max-width: 1024px) 100vw, 1024px\" \/><figcaption class=\"wp-element-caption\"><em>Anteriormente, Roberto S\u00e1nchez tambi\u00e9n estuvo en el mercado San Pedro de Cusco<\/em><\/figcaption><\/figure>\n\n\n\n<p>Al interior de JP, tambi\u00e9n gana fuerza la posibilidad de que una mujer andina asuma la candidatura presidencial, como parte de un esfuerzo por visibilizar liderazgos rurales y descentralizados. Nombres provenientes de regiones como Ayacucho, Arequipa, Puno o Cajamarca suenan como alternativas viables para representar a los sectores hist\u00f3ricamente excluidos.<\/p>\n\n\n\n<p><strong>\u00bfQu\u00e9 sigue?<\/strong><\/p>\n\n\n\n<p>Con una izquierda fragmentada pero activa, el panorama hacia las elecciones del 2026 se perfila a\u00fan incierto. Mientras tanto, la precandidatura de Roberto S\u00e1nchez aparece como un primer paso en un proceso que buscar\u00e1 articular diversas fuerzas progresistas, sociales e ind\u00edgenas bajo un proyecto com\u00fan.<\/p>","protected":false},"excerpt":{"rendered":"<p>Desde la base regional cusque\u00f1a de Juntos por el Per\u00fa (JP), el congresista y exministro Roberto S\u00e1nchez fue proclamado como precandidato presidencial para las elecciones generales de 2026. El anuncio se realiz\u00f3 durante una ceremonia simb\u00f3lica cargada de significados culturales andinos y pol\u00edticos progresistas y de izquierda, en la que S\u00e1nchez estuvo acompa\u00f1ado por reconocidas [&hellip;]<\/p>\n","protected":false},"author":11,"featured_media":5427,"comment_status":"open","ping_status":"open","sticky":false,"template":"","format":"standard","meta":{"footnotes":""},"categories":[174,180],"tags":[2225,1892,2262],"class_list":["post-5419","post","type-post","status-publish","format-standard","has-post-thumbnail","hentry","category-nacional","category-politica","tag-jp","tag-juntosporelperu","tag-robertosanchez"],"yoast_head":"<!-- This site is optimized with the Yoast SEO plugin v27.4 - https:\/\/yoast.com\/product\/yoast-seo-wordpress\/ -->\n<title>Roberto S\u00e1nchez lanza precandidatura presidencial por Juntos por el Per\u00fa desde Cusco - Pulso27<\/title>\n<meta name=\"robots\" content=\"index, follow, max-snippet:-1, max-image-preview:large, max-video-preview:-1\" \/>\n<link rel=\"canonical\" href=\"https:\/\/pulso27.com\/en\/actualidad\/politica\/roberto-sanchez-lanza-precandidatura-presidencial-por-juntos-por-el-peru-desde-cusco\/\" \/>\n<meta property=\"og:locale\" content=\"en_US\" \/>\n<meta property=\"og:type\" content=\"article\" \/>\n<meta property=\"og:title\" content=\"Roberto S\u00e1nchez lanza precandidatura presidencial por Juntos por el Per\u00fa desde Cusco - Pulso27\" \/>\n<meta property=\"og:description\" content=\"Desde la base regional cusque\u00f1a de Juntos por el Per\u00fa (JP), el congresista y exministro Roberto S\u00e1nchez fue proclamado como precandidato presidencial para las elecciones generales de 2026. El anuncio se realiz\u00f3 durante una ceremonia simb\u00f3lica cargada de significados culturales andinos y pol\u00edticos progresistas y de izquierda, en la que S\u00e1nchez estuvo acompa\u00f1ado por reconocidas [&hellip;]\" \/>\n<meta property=\"og:url\" content=\"https:\/\/pulso27.com\/en\/actualidad\/politica\/roberto-sanchez-lanza-precandidatura-presidencial-por-juntos-por-el-peru-desde-cusco\/\" \/>\n<meta property=\"og:site_name\" content=\"Pulso27\" \/>\n<meta property=\"article:publisher\" content=\"https:\/\/www.facebook.com\/pulso27\/\" \/>\n<meta property=\"article:author\" content=\"https:\/\/www.facebook.com\/pulso27\" \/>\n<meta property=\"article:published_time\" content=\"2025-05-30T08:00:10+00:00\" \/>\n<meta property=\"article:modified_time\" content=\"2025-05-30T08:00:15+00:00\" \/>\n<meta property=\"og:image\" content=\"https:\/\/pulso27.com\/wp-content\/uploads\/2025\/05\/Roberto-Sanchez-precandidato.png\" \/>\n\t<meta property=\"og:image:width\" content=\"1200\" \/>\n\t<meta property=\"og:image:height\" content=\"900\" \/>\n\t<meta property=\"og:image:type\" content=\"image\/png\" \/>\n<meta name=\"author\" content=\"Editor\" \/>\n<meta name=\"twitter:card\" content=\"summary_large_image\" \/>\n<meta name=\"twitter:creator\" content=\"@https:\/\/x.com\/Pulso_27\" \/>\n<meta name=\"twitter:site\" content=\"@Pulso_27\" \/>\n<meta name=\"twitter:label1\" content=\"Written by\" \/>\n\t<meta name=\"twitter:data1\" content=\"Editor\" \/>\n\t<meta name=\"twitter:label2\" content=\"Est. reading time\" \/>\n\t<meta name=\"twitter:data2\" content=\"4 minutes\" \/>\n<script type=\"application\/ld+json\" class=\"yoast-schema-graph\">{\"@context\":\"https:\\\/\\\/schema.org\",\"@graph\":[{\"@type\":\"Article\",\"@id\":\"https:\\\/\\\/pulso27.com\\\/actualidad\\\/politica\\\/roberto-sanchez-lanza-precandidatura-presidencial-por-juntos-por-el-peru-desde-cusco\\\/#article\",\"isPartOf\":{\"@id\":\"https:\\\/\\\/pulso27.com\\\/actualidad\\\/politica\\\/roberto-sanchez-lanza-precandidatura-presidencial-por-juntos-por-el-peru-desde-cusco\\\/\"},\"author\":{\"name\":\"Editor\",\"@id\":\"https:\\\/\\\/pulso27.com\\\/en\\\/#\\\/schema\\\/person\\\/e0da4cfacbab724cbf4ab44bcc030735\"},\"headline\":\"Roberto S\u00e1nchez lanza precandidatura presidencial por Juntos por el Per\u00fa desde Cusco\",\"datePublished\":\"2025-05-30T08:00:10+00:00\",\"dateModified\":\"2025-05-30T08:00:15+00:00\",\"mainEntityOfPage\":{\"@id\":\"https:\\\/\\\/pulso27.com\\\/actualidad\\\/politica\\\/roberto-sanchez-lanza-precandidatura-presidencial-por-juntos-por-el-peru-desde-cusco\\\/\"},\"wordCount\":729,\"commentCount\":0,\"publisher\":{\"@id\":\"https:\\\/\\\/pulso27.com\\\/en\\\/#organization\"},\"image\":{\"@id\":\"https:\\\/\\\/pulso27.com\\\/actualidad\\\/politica\\\/roberto-sanchez-lanza-precandidatura-presidencial-por-juntos-por-el-peru-desde-cusco\\\/#primaryimage\"},\"thumbnailUrl\":\"https:\\\/\\\/pulso27.com\\\/wp-content\\\/uploads\\\/2025\\\/05\\\/Roberto-Sanchez-precandidato.png\",\"keywords\":[\"JP\",\"JuntosPorElPer\u00fa\",\"RobertoS\u00e1nchez\"],\"articleSection\":[\"Nacional\",\"Pol\u00edtica\"],\"inLanguage\":\"en-US\",\"potentialAction\":[{\"@type\":\"CommentAction\",\"name\":\"Comment\",\"target\":[\"https:\\\/\\\/pulso27.com\\\/actualidad\\\/politica\\\/roberto-sanchez-lanza-precandidatura-presidencial-por-juntos-por-el-peru-desde-cusco\\\/#respond\"]}]},{\"@type\":\"WebPage\",\"@id\":\"https:\\\/\\\/pulso27.com\\\/actualidad\\\/politica\\\/roberto-sanchez-lanza-precandidatura-presidencial-por-juntos-por-el-peru-desde-cusco\\\/\",\"url\":\"https:\\\/\\\/pulso27.com\\\/actualidad\\\/politica\\\/roberto-sanchez-lanza-precandidatura-presidencial-por-juntos-por-el-peru-desde-cusco\\\/\",\"name\":\"Roberto S\u00e1nchez lanza precandidatura presidencial por Juntos por el Per\u00fa desde Cusco - Pulso27\",\"isPartOf\":{\"@id\":\"https:\\\/\\\/pulso27.com\\\/en\\\/#website\"},\"primaryImageOfPage\":{\"@id\":\"https:\\\/\\\/pulso27.com\\\/actualidad\\\/politica\\\/roberto-sanchez-lanza-precandidatura-presidencial-por-juntos-por-el-peru-desde-cusco\\\/#primaryimage\"},\"image\":{\"@id\":\"https:\\\/\\\/pulso27.com\\\/actualidad\\\/politica\\\/roberto-sanchez-lanza-precandidatura-presidencial-por-juntos-por-el-peru-desde-cusco\\\/#primaryimage\"},\"thumbnailUrl\":\"https:\\\/\\\/pulso27.com\\\/wp-content\\\/uploads\\\/2025\\\/05\\\/Roberto-Sanchez-precandidato.png\",\"datePublished\":\"2025-05-30T08:00:10+00:00\",\"dateModified\":\"2025-05-30T08:00:15+00:00\",\"breadcrumb\":{\"@id\":\"https:\\\/\\\/pulso27.com\\\/actualidad\\\/politica\\\/roberto-sanchez-lanza-precandidatura-presidencial-por-juntos-por-el-peru-desde-cusco\\\/#breadcrumb\"},\"inLanguage\":\"en-US\",\"potentialAction\":[{\"@type\":\"ReadAction\",\"target\":[\"https:\\\/\\\/pulso27.com\\\/actualidad\\\/politica\\\/roberto-sanchez-lanza-precandidatura-presidencial-por-juntos-por-el-peru-desde-cusco\\\/\"]}]},{\"@type\":\"ImageObject\",\"inLanguage\":\"en-US\",\"@id\":\"https:\\\/\\\/pulso27.com\\\/actualidad\\\/politica\\\/roberto-sanchez-lanza-precandidatura-presidencial-por-juntos-por-el-peru-desde-cusco\\\/#primaryimage\",\"url\":\"https:\\\/\\\/pulso27.com\\\/wp-content\\\/uploads\\\/2025\\\/05\\\/Roberto-Sanchez-precandidato.png\",\"contentUrl\":\"https:\\\/\\\/pulso27.com\\\/wp-content\\\/uploads\\\/2025\\\/05\\\/Roberto-Sanchez-precandidato.png\",\"width\":1200,\"height\":900},{\"@type\":\"BreadcrumbList\",\"@id\":\"https:\\\/\\\/pulso27.com\\\/actualidad\\\/politica\\\/roberto-sanchez-lanza-precandidatura-presidencial-por-juntos-por-el-peru-desde-cusco\\\/#breadcrumb\",\"itemListElement\":[{\"@type\":\"ListItem\",\"position\":1,\"name\":\"Portada\",\"item\":\"https:\\\/\\\/pulso27.com\\\/\"},{\"@type\":\"ListItem\",\"position\":2,\"name\":\"Roberto S\u00e1nchez lanza precandidatura presidencial por Juntos por el Per\u00fa desde Cusco\"}]},{\"@type\":\"WebSite\",\"@id\":\"https:\\\/\\\/pulso27.com\\\/en\\\/#website\",\"url\":\"https:\\\/\\\/pulso27.com\\\/en\\\/\",\"name\":\"Pulso27\",\"description\":\"Web de noticias y publicidad\",\"publisher\":{\"@id\":\"https:\\\/\\\/pulso27.com\\\/en\\\/#organization\"},\"alternateName\":\"El pulso del pueblo\",\"potentialAction\":[{\"@type\":\"SearchAction\",\"target\":{\"@type\":\"EntryPoint\",\"urlTemplate\":\"https:\\\/\\\/pulso27.com\\\/en\\\/?s={search_term_string}\"},\"query-input\":{\"@type\":\"PropertyValueSpecification\",\"valueRequired\":true,\"valueName\":\"search_term_string\"}}],\"inLanguage\":\"en-US\"},{\"@type\":\"Organization\",\"@id\":\"https:\\\/\\\/pulso27.com\\\/en\\\/#organization\",\"name\":\"Pulso27\",\"url\":\"https:\\\/\\\/pulso27.com\\\/en\\\/\",\"logo\":{\"@type\":\"ImageObject\",\"inLanguage\":\"en-US\",\"@id\":\"https:\\\/\\\/pulso27.com\\\/en\\\/#\\\/schema\\\/logo\\\/image\\\/\",\"url\":\"https:\\\/\\\/pulso27.com\\\/wp-content\\\/uploads\\\/2026\\\/02\\\/Logotipo-de-la-organizacion-696-x-696-px-ok.png\",\"contentUrl\":\"https:\\\/\\\/pulso27.com\\\/wp-content\\\/uploads\\\/2026\\\/02\\\/Logotipo-de-la-organizacion-696-x-696-px-ok.png\",\"width\":696,\"height\":696,\"caption\":\"Pulso27\"},\"image\":{\"@id\":\"https:\\\/\\\/pulso27.com\\\/en\\\/#\\\/schema\\\/logo\\\/image\\\/\"},\"sameAs\":[\"https:\\\/\\\/www.facebook.com\\\/pulso27\\\/\",\"https:\\\/\\\/x.com\\\/Pulso_27\",\"https:\\\/\\\/www.youtube.com\\\/@Pulso27\",\"https:\\\/\\\/www.tiktok.com\\\/@pulso_27\"]},{\"@type\":\"Person\",\"@id\":\"https:\\\/\\\/pulso27.com\\\/en\\\/#\\\/schema\\\/person\\\/e0da4cfacbab724cbf4ab44bcc030735\",\"name\":\"Editor\",\"image\":{\"@type\":\"ImageObject\",\"inLanguage\":\"en-US\",\"@id\":\"https:\\\/\\\/pulso27.com\\\/wp-content\\\/uploads\\\/2025\\\/03\\\/c-150x150.png\",\"url\":\"https:\\\/\\\/pulso27.com\\\/wp-content\\\/uploads\\\/2025\\\/03\\\/c-150x150.png\",\"contentUrl\":\"https:\\\/\\\/pulso27.com\\\/wp-content\\\/uploads\\\/2025\\\/03\\\/c-150x150.png\",\"caption\":\"Editor\"},\"sameAs\":[\"http:\\\/\\\/www.pulso27.com\",\"https:\\\/\\\/www.facebook.com\\\/pulso27\",\"https:\\\/\\\/x.com\\\/https:\\\/\\\/x.com\\\/Pulso_27\",\"https:\\\/\\\/www.youtube.com\\\/@Pulso27\"],\"url\":\"https:\\\/\\\/pulso27.com\\\/en\\\/author\\\/editor\\\/\"}]}<\/script>\n<!-- \/ Yoast SEO plugin. -->","yoast_head_json":{"title":"Roberto S\u00e1nchez lanza precandidatura presidencial por Juntos por el Per\u00fa desde Cusco - Pulso27","robots":{"index":"index","follow":"follow","max-snippet":"max-snippet:-1","max-image-preview":"max-image-preview:large","max-video-preview":"max-video-preview:-1"},"canonical":"https:\/\/pulso27.com\/en\/actualidad\/politica\/roberto-sanchez-lanza-precandidatura-presidencial-por-juntos-por-el-peru-desde-cusco\/","og_locale":"en_US","og_type":"article","og_title":"Roberto S\u00e1nchez lanza precandidatura presidencial por Juntos por el Per\u00fa desde Cusco - Pulso27","og_description":"Desde la base regional cusque\u00f1a de Juntos por el Per\u00fa (JP), el congresista y exministro Roberto S\u00e1nchez fue proclamado como precandidato presidencial para las elecciones generales de 2026. El anuncio se realiz\u00f3 durante una ceremonia simb\u00f3lica cargada de significados culturales andinos y pol\u00edticos progresistas y de izquierda, en la que S\u00e1nchez estuvo acompa\u00f1ado por reconocidas [&hellip;]","og_url":"https:\/\/pulso27.com\/en\/actualidad\/politica\/roberto-sanchez-lanza-precandidatura-presidencial-por-juntos-por-el-peru-desde-cusco\/","og_site_name":"Pulso27","article_publisher":"https:\/\/www.facebook.com\/pulso27\/","article_author":"https:\/\/www.facebook.com\/pulso27","article_published_time":"2025-05-30T08:00:10+00:00","article_modified_time":"2025-05-30T08:00:15+00:00","og_image":[{"width":1200,"height":900,"url":"https:\/\/pulso27.com\/wp-content\/uploads\/2025\/05\/Roberto-Sanchez-precandidato.png","type":"image\/png"}],"author":"Editor","twitter_card":"summary_large_image","twitter_creator":"@https:\/\/x.com\/Pulso_27","twitter_site":"@Pulso_27","twitter_misc":{"Written by":"Editor","Est. reading time":"4 minutes"},"schema":{"@context":"https:\/\/schema.org","@graph":[{"@type":"Article","@id":"https:\/\/pulso27.com\/actualidad\/politica\/roberto-sanchez-lanza-precandidatura-presidencial-por-juntos-por-el-peru-desde-cusco\/#article","isPartOf":{"@id":"https:\/\/pulso27.com\/actualidad\/politica\/roberto-sanchez-lanza-precandidatura-presidencial-por-juntos-por-el-peru-desde-cusco\/"},"author":{"name":"Editor","@id":"https:\/\/pulso27.com\/en\/#\/schema\/person\/e0da4cfacbab724cbf4ab44bcc030735"},"headline":"Roberto S\u00e1nchez lanza precandidatura presidencial por Juntos por el Per\u00fa desde Cusco","datePublished":"2025-05-30T08:00:10+00:00","dateModified":"2025-05-30T08:00:15+00:00","mainEntityOfPage":{"@id":"https:\/\/pulso27.com\/actualidad\/politica\/roberto-sanchez-lanza-precandidatura-presidencial-por-juntos-por-el-peru-desde-cusco\/"},"wordCount":729,"commentCount":0,"publisher":{"@id":"https:\/\/pulso27.com\/en\/#organization"},"image":{"@id":"https:\/\/pulso27.com\/actualidad\/politica\/roberto-sanchez-lanza-precandidatura-presidencial-por-juntos-por-el-peru-desde-cusco\/#primaryimage"},"thumbnailUrl":"https:\/\/pulso27.com\/wp-content\/uploads\/2025\/05\/Roberto-Sanchez-precandidato.png","keywords":["JP","JuntosPorElPer\u00fa","RobertoS\u00e1nchez"],"articleSection":["Nacional","Pol\u00edtica"],"inLanguage":"en-US","potentialAction":[{"@type":"CommentAction","name":"Comment","target":["https:\/\/pulso27.com\/actualidad\/politica\/roberto-sanchez-lanza-precandidatura-presidencial-por-juntos-por-el-peru-desde-cusco\/#respond"]}]},{"@type":"WebPage","@id":"https:\/\/pulso27.com\/actualidad\/politica\/roberto-sanchez-lanza-precandidatura-presidencial-por-juntos-por-el-peru-desde-cusco\/","url":"https:\/\/pulso27.com\/actualidad\/politica\/roberto-sanchez-lanza-precandidatura-presidencial-por-juntos-por-el-peru-desde-cusco\/","name":"Roberto S\u00e1nchez lanza precandidatura presidencial por Juntos por el Per\u00fa desde Cusco - Pulso27","isPartOf":{"@id":"https:\/\/pulso27.com\/en\/#website"},"primaryImageOfPage":{"@id":"https:\/\/pulso27.com\/actualidad\/politica\/roberto-sanchez-lanza-precandidatura-presidencial-por-juntos-por-el-peru-desde-cusco\/#primaryimage"},"image":{"@id":"https:\/\/pulso27.com\/actualidad\/politica\/roberto-sanchez-lanza-precandidatura-presidencial-por-juntos-por-el-peru-desde-cusco\/#primaryimage"},"thumbnailUrl":"https:\/\/pulso27.com\/wp-content\/uploads\/2025\/05\/Roberto-Sanchez-precandidato.png","datePublished":"2025-05-30T08:00:10+00:00","dateModified":"2025-05-30T08:00:15+00:00","breadcrumb":{"@id":"https:\/\/pulso27.com\/actualidad\/politica\/roberto-sanchez-lanza-precandidatura-presidencial-por-juntos-por-el-peru-desde-cusco\/#breadcrumb"},"inLanguage":"en-US","potentialAction":[{"@type":"ReadAction","target":["https:\/\/pulso27.com\/actualidad\/politica\/roberto-sanchez-lanza-precandidatura-presidencial-por-juntos-por-el-peru-desde-cusco\/"]}]},{"@type":"ImageObject","inLanguage":"en-US","@id":"https:\/\/pulso27.com\/actualidad\/politica\/roberto-sanchez-lanza-precandidatura-presidencial-por-juntos-por-el-peru-desde-cusco\/#primaryimage","url":"https:\/\/pulso27.com\/wp-content\/uploads\/2025\/05\/Roberto-Sanchez-precandidato.png","contentUrl":"https:\/\/pulso27.com\/wp-content\/uploads\/2025\/05\/Roberto-Sanchez-precandidato.png","width":1200,"height":900},{"@type":"BreadcrumbList","@id":"https:\/\/pulso27.com\/actualidad\/politica\/roberto-sanchez-lanza-precandidatura-presidencial-por-juntos-por-el-peru-desde-cusco\/#breadcrumb","itemListElement":[{"@type":"ListItem","position":1,"name":"Portada","item":"https:\/\/pulso27.com\/"},{"@type":"ListItem","position":2,"name":"Roberto S\u00e1nchez lanza precandidatura presidencial por Juntos por el Per\u00fa desde Cusco"}]},{"@type":"WebSite","@id":"https:\/\/pulso27.com\/en\/#website","url":"https:\/\/pulso27.com\/en\/","name":"Pulso27","description":"Web de noticias y publicidad","publisher":{"@id":"https:\/\/pulso27.com\/en\/#organization"},"alternateName":"El pulso del pueblo","potentialAction":[{"@type":"SearchAction","target":{"@type":"EntryPoint","urlTemplate":"https:\/\/pulso27.com\/en\/?s={search_term_string}"},"query-input":{"@type":"PropertyValueSpecification","valueRequired":true,"valueName":"search_term_string"}}],"inLanguage":"en-US"},{"@type":"Organization","@id":"https:\/\/pulso27.com\/en\/#organization","name":"Pulso27","url":"https:\/\/pulso27.com\/en\/","logo":{"@type":"ImageObject","inLanguage":"en-US","@id":"https:\/\/pulso27.com\/en\/#\/schema\/logo\/image\/","url":"https:\/\/pulso27.com\/wp-content\/uploads\/2026\/02\/Logotipo-de-la-organizacion-696-x-696-px-ok.png","contentUrl":"https:\/\/pulso27.com\/wp-content\/uploads\/2026\/02\/Logotipo-de-la-organizacion-696-x-696-px-ok.png","width":696,"height":696,"caption":"Pulso27"},"image":{"@id":"https:\/\/pulso27.com\/en\/#\/schema\/logo\/image\/"},"sameAs":["https:\/\/www.facebook.com\/pulso27\/","https:\/\/x.com\/Pulso_27","https:\/\/www.youtube.com\/@Pulso27","https:\/\/www.tiktok.com\/@pulso_27"]},{"@type":"Person","@id":"https:\/\/pulso27.com\/en\/#\/schema\/person\/e0da4cfacbab724cbf4ab44bcc030735","name":"Editor","image":{"@type":"ImageObject","inLanguage":"en-US","@id":"https:\/\/pulso27.com\/wp-content\/uploads\/2025\/03\/c-150x150.png","url":"https:\/\/pulso27.com\/wp-content\/uploads\/2025\/03\/c-150x150.png","contentUrl":"https:\/\/pulso27.com\/wp-content\/uploads\/2025\/03\/c-150x150.png","caption":"Editor"},"sameAs":["http:\/\/www.pulso27.com","https:\/\/www.facebook.com\/pulso27","https:\/\/x.com\/https:\/\/x.com\/Pulso_27","https:\/\/www.youtube.com\/@Pulso27"],"url":"https:\/\/pulso27.com\/en\/author\/editor\/"}]}},"amp_enabled":true,"_links":{"self":[{"href":"https:\/\/pulso27.com\/en\/wp-json\/wp\/v2\/posts\/5419","targetHints":{"allow":["GET"]}}],"collection":[{"href":"https:\/\/pulso27.com\/en\/wp-json\/wp\/v2\/posts"}],"about":[{"href":"https:\/\/pulso27.com\/en\/wp-json\/wp\/v2\/types\/post"}],"author":[{"embeddable":true,"href":"https:\/\/pulso27.com\/en\/wp-json\/wp\/v2\/users\/11"}],"replies":[{"embeddable":true,"href":"https:\/\/pulso27.com\/en\/wp-json\/wp\/v2\/comments?post=5419"}],"version-history":[{"count":3,"href":"https:\/\/pulso27.com\/en\/wp-json\/wp\/v2\/posts\/5419\/revisions"}],"predecessor-version":[{"id":5436,"href":"https:\/\/pulso27.com\/en\/wp-json\/wp\/v2\/posts\/5419\/revisions\/5436"}],"wp:featuredmedia":[{"embeddable":true,"href":"https:\/\/pulso27.com\/en\/wp-json\/wp\/v2\/media\/5427"}],"wp:attachment":[{"href":"https:\/\/pulso27.com\/en\/wp-json\/wp\/v2\/media?parent=5419"}],"wp:term":[{"taxonomy":"category","embeddable":true,"href":"https:\/\/pulso27.com\/en\/wp-json\/wp\/v2\/categories?post=5419"},{"taxonomy":"post_tag","embeddable":true,"href":"https:\/\/pulso27.com\/en\/wp-json\/wp\/v2\/tags?post=5419"}],"curies":[{"name":"wp","href":"https:\/\/api.w.org\/{rel}","templated":true}]}}