{"id":5440,"date":"2025-05-31T03:12:10","date_gmt":"2025-05-30T22:12:10","guid":{"rendered":"https:\/\/pulso27.com\/?p=5440"},"modified":"2025-05-31T03:18:22","modified_gmt":"2025-05-30T22:18:22","slug":"tension-en-cusco-victimas-de-la-represion-exigen-justicia-y-retiro-de-congresistas-en-audiencia-publica","status":"publish","type":"post","link":"https:\/\/pulso27.com\/en\/actualidad\/sociedad\/tension-en-cusco-victimas-de-la-represion-exigen-justicia-y-retiro-de-congresistas-en-audiencia-publica\/","title":{"rendered":"Tensi\u00f3n en Cusco: V\u00edctimas de la Represi\u00f3n Exigen Justicia y Retiro de Congresistas en Audiencia P\u00fablica"},"content":{"rendered":"<p>Cusco, Per\u00fa, 30 de mayo de 2025 \u2014 La IV Audiencia P\u00fablica de la Comisi\u00f3n de Justicia y Derechos Humanos del Congreso de la Rep\u00fablica, realizada en la ciudad de Cusco, concluy\u00f3 en un clima de alta tensi\u00f3n debido a enfrentamientos verbales entre congresistas y familiares de v\u00edctimas de las protestas antigubernamentales de 2022 y 2023.<\/p>\n\n\n\n<p>La audiencia, convocada para recoger testimonios y propuestas ciudadanas en materia de justicia y derechos humanos, fue interrumpida por intervenciones airadas de activistas y deudos que exigieron respuestas claras sobre la falta de justicia en los casos de represi\u00f3n estatal. Algunos participantes increparon a los legisladores por el escaso avance en las investigaciones sobre las m\u00e1s de 50 muertes ocurridas durante las movilizaciones que estallaron tras la destituci\u00f3n del expresidente Pedro Castillo.<\/p>\n\n\n\n<p>Cusco fue uno de los epicentros de las protestas que exig\u00edan la renuncia de la presidenta Dina Boluarte, el cierre del Congreso, elecciones anticipadas y una nueva constituci\u00f3n. El 11 de enero de 2023, enfrentamientos cerca del aeropuerto Alejandro Velasco Astete dejaron al menos 22 heridos, incluidos casos de impacto por armas de fuego y perdigones.<\/p>\n\n\n\n<p>Durante la audiencia, familiares de las v\u00edctimas expresaron su indignaci\u00f3n por la impunidad y acusaron al Congreso de actuar con indiferencia frente a las graves violaciones de derechos humanos registradas en el sur andino. \u201cVenir aqu\u00ed sin ofrecer justicia es una falta de respeto a nuestro duelo\u201d, expres\u00f3 una madre entre l\u00e1grimas, seg\u00fan registros difundidos en redes sociales.<\/p>\n\n\n\n<figure class=\"wp-block-embed is-type-video is-provider-youtube wp-block-embed-youtube wp-embed-aspect-16-9 wp-has-aspect-ratio\"><div class=\"wp-block-embed__wrapper\">\n<iframe loading=\"lazy\" title=\"V\u00edctimas de la Represi\u00f3n de Boluarte Exigen Justicia y Retiro de Congresistas en Audiencia P\u00fablica\" width=\"740\" height=\"416\" src=\"https:\/\/www.youtube.com\/embed\/qd4nTKIk_yU?feature=oembed\" frameborder=\"0\" allow=\"accelerometer; autoplay; clipboard-write; encrypted-media; gyroscope; picture-in-picture; web-share\" referrerpolicy=\"strict-origin-when-cross-origin\" allowfullscreen><\/iframe>\n<\/div><\/figure>\n\n\n\n<p>Aunque las plataformas digitales han restringido parte del material audiovisual del evento, publicaciones en redes sociales y testimonios de asistentes confirman que los \u00e1nimos se caldearon cuando los congresistas evitaron comprometerse con acciones concretas, como la reapertura de investigaciones o el impulso a reformas que garanticen verdad, justicia y reparaci\u00f3n.<\/p>\n\n\n\n<p>Organizaciones como la Federaci\u00f3n Internacional de Derechos Humanos (FIDH) y Aprodeh han denunciado al gobierno peruano ante la Corte Penal Internacional por presuntos cr\u00edmenes de lesa humanidad, en base al uso excesivo y sistem\u00e1tico de la fuerza durante las manifestaciones. Adem\u00e1s, casos como la condena a j\u00f3venes quechuahablantes de Cuyo Grande, sentenciados a entre 6 y 7 a\u00f1os de prisi\u00f3n por participar en las protestas, siguen generando rechazo en la regi\u00f3n.<\/p>\n\n\n\n<p>\u201cEl pueblo de Cusco no olvida ni perdona. Esta audiencia deb\u00eda ser un espacio para escuchar y reparar, no para silenciar ni minimizar el sufrimiento de quienes han perdido a sus seres queridos\u201d, escribi\u00f3 un activista local en redes sociales, reflejando el sentir de muchas familias presentes.<\/p>\n\n\n\n<p>Hasta el momento, la Comisi\u00f3n de Justicia y Derechos Humanos no ha emitido un pronunciamiento oficial sobre los altercados. El incidente pone de manifiesto la persistente desconfianza ciudadana hacia las instituciones, as\u00ed como la urgencia de un proceso de justicia transicional que responda a las heridas abiertas desde fines de 2022.<\/p>","protected":false},"excerpt":{"rendered":"<p>Cusco, Per\u00fa, 30 de mayo de 2025 \u2014 La IV Audiencia P\u00fablica de la Comisi\u00f3n de Justicia y Derechos Humanos del Congreso de la Rep\u00fablica, realizada en la ciudad de Cusco, concluy\u00f3 en un clima de alta tensi\u00f3n debido a enfrentamientos verbales entre congresistas y familiares de v\u00edctimas de las protestas antigubernamentales de 2022 y [&hellip;]<\/p>\n","protected":false},"author":5,"featured_media":5442,"comment_status":"open","ping_status":"open","sticky":false,"template":"","format":"standard","meta":{"footnotes":""},"categories":[183,174,202],"tags":[573,1849,702],"class_list":["post-5440","post","type-post","status-publish","format-standard","has-post-thumbnail","hentry","category-actualidad","category-nacional","category-sociedad","tag-cusco","tag-dinaboluarte","tag-justicia"],"yoast_head":"<!-- This site is optimized with the Yoast SEO plugin v27.4 - https:\/\/yoast.com\/product\/yoast-seo-wordpress\/ -->\n<title>Tensi\u00f3n en Cusco: V\u00edctimas de la Represi\u00f3n Exigen Justicia y Retiro de Congresistas en Audiencia P\u00fablica - Pulso27<\/title>\n<meta name=\"robots\" content=\"index, follow, max-snippet:-1, max-image-preview:large, max-video-preview:-1\" \/>\n<link rel=\"canonical\" href=\"https:\/\/pulso27.com\/en\/actualidad\/sociedad\/tension-en-cusco-victimas-de-la-represion-exigen-justicia-y-retiro-de-congresistas-en-audiencia-publica\/\" \/>\n<meta property=\"og:locale\" content=\"en_US\" \/>\n<meta property=\"og:type\" content=\"article\" \/>\n<meta property=\"og:title\" content=\"Tensi\u00f3n en Cusco: V\u00edctimas de la Represi\u00f3n Exigen Justicia y Retiro de Congresistas en Audiencia P\u00fablica - Pulso27\" \/>\n<meta property=\"og:description\" content=\"Cusco, Per\u00fa, 30 de mayo de 2025 \u2014 La IV Audiencia P\u00fablica de la Comisi\u00f3n de Justicia y Derechos Humanos del Congreso de la Rep\u00fablica, realizada en la ciudad de Cusco, concluy\u00f3 en un clima de alta tensi\u00f3n debido a enfrentamientos verbales entre congresistas y familiares de v\u00edctimas de las protestas antigubernamentales de 2022 y [&hellip;]\" \/>\n<meta property=\"og:url\" content=\"https:\/\/pulso27.com\/en\/actualidad\/sociedad\/tension-en-cusco-victimas-de-la-represion-exigen-justicia-y-retiro-de-congresistas-en-audiencia-publica\/\" \/>\n<meta property=\"og:site_name\" content=\"Pulso27\" \/>\n<meta property=\"article:publisher\" content=\"https:\/\/www.facebook.com\/pulso27\/\" \/>\n<meta property=\"article:published_time\" content=\"2025-05-30T22:12:10+00:00\" \/>\n<meta property=\"article:modified_time\" content=\"2025-05-30T22:18:22+00:00\" \/>\n<meta property=\"og:image\" content=\"https:\/\/pulso27.com\/wp-content\/uploads\/2025\/05\/Diseno-sin-titulo.png\" \/>\n\t<meta property=\"og:image:width\" content=\"1200\" \/>\n\t<meta property=\"og:image:height\" content=\"900\" \/>\n\t<meta property=\"og:image:type\" content=\"image\/png\" \/>\n<meta name=\"author\" content=\"admin\" \/>\n<meta name=\"twitter:card\" content=\"summary_large_image\" \/>\n<meta name=\"twitter:creator\" content=\"@Pulso_27\" \/>\n<meta name=\"twitter:site\" content=\"@Pulso_27\" \/>\n<meta name=\"twitter:label1\" content=\"Written by\" \/>\n\t<meta name=\"twitter:data1\" content=\"admin\" \/>\n\t<meta name=\"twitter:label2\" content=\"Est. reading time\" \/>\n\t<meta name=\"twitter:data2\" content=\"3 minutes\" \/>\n<script type=\"application\/ld+json\" class=\"yoast-schema-graph\">{\"@context\":\"https:\\\/\\\/schema.org\",\"@graph\":[{\"@type\":\"Article\",\"@id\":\"https:\\\/\\\/pulso27.com\\\/actualidad\\\/sociedad\\\/tension-en-cusco-victimas-de-la-represion-exigen-justicia-y-retiro-de-congresistas-en-audiencia-publica\\\/#article\",\"isPartOf\":{\"@id\":\"https:\\\/\\\/pulso27.com\\\/actualidad\\\/sociedad\\\/tension-en-cusco-victimas-de-la-represion-exigen-justicia-y-retiro-de-congresistas-en-audiencia-publica\\\/\"},\"author\":{\"name\":\"admin\",\"@id\":\"https:\\\/\\\/pulso27.com\\\/en\\\/#\\\/schema\\\/person\\\/df15ecbcbba89b8627097bc602dc9e15\"},\"headline\":\"Tensi\u00f3n en Cusco: V\u00edctimas de la Represi\u00f3n Exigen Justicia y Retiro de Congresistas en Audiencia P\u00fablica\",\"datePublished\":\"2025-05-30T22:12:10+00:00\",\"dateModified\":\"2025-05-30T22:18:22+00:00\",\"mainEntityOfPage\":{\"@id\":\"https:\\\/\\\/pulso27.com\\\/actualidad\\\/sociedad\\\/tension-en-cusco-victimas-de-la-represion-exigen-justicia-y-retiro-de-congresistas-en-audiencia-publica\\\/\"},\"wordCount\":500,\"commentCount\":0,\"publisher\":{\"@id\":\"https:\\\/\\\/pulso27.com\\\/en\\\/#organization\"},\"image\":{\"@id\":\"https:\\\/\\\/pulso27.com\\\/actualidad\\\/sociedad\\\/tension-en-cusco-victimas-de-la-represion-exigen-justicia-y-retiro-de-congresistas-en-audiencia-publica\\\/#primaryimage\"},\"thumbnailUrl\":\"https:\\\/\\\/pulso27.com\\\/wp-content\\\/uploads\\\/2025\\\/05\\\/Diseno-sin-titulo.png\",\"keywords\":[\"Cusco\",\"DinaBoluarte\",\"Justicia\"],\"articleSection\":[\"Actualidad\",\"Nacional\",\"Sociedad\"],\"inLanguage\":\"en-US\",\"potentialAction\":[{\"@type\":\"CommentAction\",\"name\":\"Comment\",\"target\":[\"https:\\\/\\\/pulso27.com\\\/actualidad\\\/sociedad\\\/tension-en-cusco-victimas-de-la-represion-exigen-justicia-y-retiro-de-congresistas-en-audiencia-publica\\\/#respond\"]}]},{\"@type\":\"WebPage\",\"@id\":\"https:\\\/\\\/pulso27.com\\\/actualidad\\\/sociedad\\\/tension-en-cusco-victimas-de-la-represion-exigen-justicia-y-retiro-de-congresistas-en-audiencia-publica\\\/\",\"url\":\"https:\\\/\\\/pulso27.com\\\/actualidad\\\/sociedad\\\/tension-en-cusco-victimas-de-la-represion-exigen-justicia-y-retiro-de-congresistas-en-audiencia-publica\\\/\",\"name\":\"Tensi\u00f3n en Cusco: V\u00edctimas de la Represi\u00f3n Exigen Justicia y Retiro de Congresistas en Audiencia P\u00fablica - Pulso27\",\"isPartOf\":{\"@id\":\"https:\\\/\\\/pulso27.com\\\/en\\\/#website\"},\"primaryImageOfPage\":{\"@id\":\"https:\\\/\\\/pulso27.com\\\/actualidad\\\/sociedad\\\/tension-en-cusco-victimas-de-la-represion-exigen-justicia-y-retiro-de-congresistas-en-audiencia-publica\\\/#primaryimage\"},\"image\":{\"@id\":\"https:\\\/\\\/pulso27.com\\\/actualidad\\\/sociedad\\\/tension-en-cusco-victimas-de-la-represion-exigen-justicia-y-retiro-de-congresistas-en-audiencia-publica\\\/#primaryimage\"},\"thumbnailUrl\":\"https:\\\/\\\/pulso27.com\\\/wp-content\\\/uploads\\\/2025\\\/05\\\/Diseno-sin-titulo.png\",\"datePublished\":\"2025-05-30T22:12:10+00:00\",\"dateModified\":\"2025-05-30T22:18:22+00:00\",\"breadcrumb\":{\"@id\":\"https:\\\/\\\/pulso27.com\\\/actualidad\\\/sociedad\\\/tension-en-cusco-victimas-de-la-represion-exigen-justicia-y-retiro-de-congresistas-en-audiencia-publica\\\/#breadcrumb\"},\"inLanguage\":\"en-US\",\"potentialAction\":[{\"@type\":\"ReadAction\",\"target\":[\"https:\\\/\\\/pulso27.com\\\/actualidad\\\/sociedad\\\/tension-en-cusco-victimas-de-la-represion-exigen-justicia-y-retiro-de-congresistas-en-audiencia-publica\\\/\"]}]},{\"@type\":\"ImageObject\",\"inLanguage\":\"en-US\",\"@id\":\"https:\\\/\\\/pulso27.com\\\/actualidad\\\/sociedad\\\/tension-en-cusco-victimas-de-la-represion-exigen-justicia-y-retiro-de-congresistas-en-audiencia-publica\\\/#primaryimage\",\"url\":\"https:\\\/\\\/pulso27.com\\\/wp-content\\\/uploads\\\/2025\\\/05\\\/Diseno-sin-titulo.png\",\"contentUrl\":\"https:\\\/\\\/pulso27.com\\\/wp-content\\\/uploads\\\/2025\\\/05\\\/Diseno-sin-titulo.png\",\"width\":1200,\"height\":900},{\"@type\":\"BreadcrumbList\",\"@id\":\"https:\\\/\\\/pulso27.com\\\/actualidad\\\/sociedad\\\/tension-en-cusco-victimas-de-la-represion-exigen-justicia-y-retiro-de-congresistas-en-audiencia-publica\\\/#breadcrumb\",\"itemListElement\":[{\"@type\":\"ListItem\",\"position\":1,\"name\":\"Portada\",\"item\":\"https:\\\/\\\/pulso27.com\\\/\"},{\"@type\":\"ListItem\",\"position\":2,\"name\":\"Tensi\u00f3n en Cusco: V\u00edctimas de la Represi\u00f3n Exigen Justicia y Retiro de Congresistas en Audiencia P\u00fablica\"}]},{\"@type\":\"WebSite\",\"@id\":\"https:\\\/\\\/pulso27.com\\\/en\\\/#website\",\"url\":\"https:\\\/\\\/pulso27.com\\\/en\\\/\",\"name\":\"Pulso27\",\"description\":\"Web de noticias y publicidad\",\"publisher\":{\"@id\":\"https:\\\/\\\/pulso27.com\\\/en\\\/#organization\"},\"alternateName\":\"El pulso del pueblo\",\"potentialAction\":[{\"@type\":\"SearchAction\",\"target\":{\"@type\":\"EntryPoint\",\"urlTemplate\":\"https:\\\/\\\/pulso27.com\\\/en\\\/?s={search_term_string}\"},\"query-input\":{\"@type\":\"PropertyValueSpecification\",\"valueRequired\":true,\"valueName\":\"search_term_string\"}}],\"inLanguage\":\"en-US\"},{\"@type\":\"Organization\",\"@id\":\"https:\\\/\\\/pulso27.com\\\/en\\\/#organization\",\"name\":\"Pulso27\",\"url\":\"https:\\\/\\\/pulso27.com\\\/en\\\/\",\"logo\":{\"@type\":\"ImageObject\",\"inLanguage\":\"en-US\",\"@id\":\"https:\\\/\\\/pulso27.com\\\/en\\\/#\\\/schema\\\/logo\\\/image\\\/\",\"url\":\"https:\\\/\\\/pulso27.com\\\/wp-content\\\/uploads\\\/2026\\\/02\\\/Logotipo-de-la-organizacion-696-x-696-px-ok.png\",\"contentUrl\":\"https:\\\/\\\/pulso27.com\\\/wp-content\\\/uploads\\\/2026\\\/02\\\/Logotipo-de-la-organizacion-696-x-696-px-ok.png\",\"width\":696,\"height\":696,\"caption\":\"Pulso27\"},\"image\":{\"@id\":\"https:\\\/\\\/pulso27.com\\\/en\\\/#\\\/schema\\\/logo\\\/image\\\/\"},\"sameAs\":[\"https:\\\/\\\/www.facebook.com\\\/pulso27\\\/\",\"https:\\\/\\\/x.com\\\/Pulso_27\",\"https:\\\/\\\/www.youtube.com\\\/@Pulso27\",\"https:\\\/\\\/www.tiktok.com\\\/@pulso_27\"]},{\"@type\":\"Person\",\"@id\":\"https:\\\/\\\/pulso27.com\\\/en\\\/#\\\/schema\\\/person\\\/df15ecbcbba89b8627097bc602dc9e15\",\"name\":\"admin\",\"image\":{\"@type\":\"ImageObject\",\"inLanguage\":\"en-US\",\"@id\":\"https:\\\/\\\/secure.gravatar.com\\\/avatar\\\/828f4a09ba8ce37cfca622f580fec4411ddb2550515ba4e452fa5d850713b8d1?s=96&d=mm&r=g\",\"url\":\"https:\\\/\\\/secure.gravatar.com\\\/avatar\\\/828f4a09ba8ce37cfca622f580fec4411ddb2550515ba4e452fa5d850713b8d1?s=96&d=mm&r=g\",\"contentUrl\":\"https:\\\/\\\/secure.gravatar.com\\\/avatar\\\/828f4a09ba8ce37cfca622f580fec4411ddb2550515ba4e452fa5d850713b8d1?s=96&d=mm&r=g\",\"caption\":\"admin\"},\"sameAs\":[\"http:\\\/\\\/www.pulso27.com\"],\"url\":\"https:\\\/\\\/pulso27.com\\\/en\\\/author\\\/admin-2\\\/\"}]}<\/script>\n<!-- \/ Yoast SEO plugin. -->","yoast_head_json":{"title":"Tensi\u00f3n en Cusco: V\u00edctimas de la Represi\u00f3n Exigen Justicia y Retiro de Congresistas en Audiencia P\u00fablica - Pulso27","robots":{"index":"index","follow":"follow","max-snippet":"max-snippet:-1","max-image-preview":"max-image-preview:large","max-video-preview":"max-video-preview:-1"},"canonical":"https:\/\/pulso27.com\/en\/actualidad\/sociedad\/tension-en-cusco-victimas-de-la-represion-exigen-justicia-y-retiro-de-congresistas-en-audiencia-publica\/","og_locale":"en_US","og_type":"article","og_title":"Tensi\u00f3n en Cusco: V\u00edctimas de la Represi\u00f3n Exigen Justicia y Retiro de Congresistas en Audiencia P\u00fablica - Pulso27","og_description":"Cusco, Per\u00fa, 30 de mayo de 2025 \u2014 La IV Audiencia P\u00fablica de la Comisi\u00f3n de Justicia y Derechos Humanos del Congreso de la Rep\u00fablica, realizada en la ciudad de Cusco, concluy\u00f3 en un clima de alta tensi\u00f3n debido a enfrentamientos verbales entre congresistas y familiares de v\u00edctimas de las protestas antigubernamentales de 2022 y [&hellip;]","og_url":"https:\/\/pulso27.com\/en\/actualidad\/sociedad\/tension-en-cusco-victimas-de-la-represion-exigen-justicia-y-retiro-de-congresistas-en-audiencia-publica\/","og_site_name":"Pulso27","article_publisher":"https:\/\/www.facebook.com\/pulso27\/","article_published_time":"2025-05-30T22:12:10+00:00","article_modified_time":"2025-05-30T22:18:22+00:00","og_image":[{"width":1200,"height":900,"url":"https:\/\/pulso27.com\/wp-content\/uploads\/2025\/05\/Diseno-sin-titulo.png","type":"image\/png"}],"author":"admin","twitter_card":"summary_large_image","twitter_creator":"@Pulso_27","twitter_site":"@Pulso_27","twitter_misc":{"Written by":"admin","Est. reading time":"3 minutes"},"schema":{"@context":"https:\/\/schema.org","@graph":[{"@type":"Article","@id":"https:\/\/pulso27.com\/actualidad\/sociedad\/tension-en-cusco-victimas-de-la-represion-exigen-justicia-y-retiro-de-congresistas-en-audiencia-publica\/#article","isPartOf":{"@id":"https:\/\/pulso27.com\/actualidad\/sociedad\/tension-en-cusco-victimas-de-la-represion-exigen-justicia-y-retiro-de-congresistas-en-audiencia-publica\/"},"author":{"name":"admin","@id":"https:\/\/pulso27.com\/en\/#\/schema\/person\/df15ecbcbba89b8627097bc602dc9e15"},"headline":"Tensi\u00f3n en Cusco: V\u00edctimas de la Represi\u00f3n Exigen Justicia y Retiro de Congresistas en Audiencia P\u00fablica","datePublished":"2025-05-30T22:12:10+00:00","dateModified":"2025-05-30T22:18:22+00:00","mainEntityOfPage":{"@id":"https:\/\/pulso27.com\/actualidad\/sociedad\/tension-en-cusco-victimas-de-la-represion-exigen-justicia-y-retiro-de-congresistas-en-audiencia-publica\/"},"wordCount":500,"commentCount":0,"publisher":{"@id":"https:\/\/pulso27.com\/en\/#organization"},"image":{"@id":"https:\/\/pulso27.com\/actualidad\/sociedad\/tension-en-cusco-victimas-de-la-represion-exigen-justicia-y-retiro-de-congresistas-en-audiencia-publica\/#primaryimage"},"thumbnailUrl":"https:\/\/pulso27.com\/wp-content\/uploads\/2025\/05\/Diseno-sin-titulo.png","keywords":["Cusco","DinaBoluarte","Justicia"],"articleSection":["Actualidad","Nacional","Sociedad"],"inLanguage":"en-US","potentialAction":[{"@type":"CommentAction","name":"Comment","target":["https:\/\/pulso27.com\/actualidad\/sociedad\/tension-en-cusco-victimas-de-la-represion-exigen-justicia-y-retiro-de-congresistas-en-audiencia-publica\/#respond"]}]},{"@type":"WebPage","@id":"https:\/\/pulso27.com\/actualidad\/sociedad\/tension-en-cusco-victimas-de-la-represion-exigen-justicia-y-retiro-de-congresistas-en-audiencia-publica\/","url":"https:\/\/pulso27.com\/actualidad\/sociedad\/tension-en-cusco-victimas-de-la-represion-exigen-justicia-y-retiro-de-congresistas-en-audiencia-publica\/","name":"Tensi\u00f3n en Cusco: V\u00edctimas de la Represi\u00f3n Exigen Justicia y Retiro de Congresistas en Audiencia P\u00fablica - Pulso27","isPartOf":{"@id":"https:\/\/pulso27.com\/en\/#website"},"primaryImageOfPage":{"@id":"https:\/\/pulso27.com\/actualidad\/sociedad\/tension-en-cusco-victimas-de-la-represion-exigen-justicia-y-retiro-de-congresistas-en-audiencia-publica\/#primaryimage"},"image":{"@id":"https:\/\/pulso27.com\/actualidad\/sociedad\/tension-en-cusco-victimas-de-la-represion-exigen-justicia-y-retiro-de-congresistas-en-audiencia-publica\/#primaryimage"},"thumbnailUrl":"https:\/\/pulso27.com\/wp-content\/uploads\/2025\/05\/Diseno-sin-titulo.png","datePublished":"2025-05-30T22:12:10+00:00","dateModified":"2025-05-30T22:18:22+00:00","breadcrumb":{"@id":"https:\/\/pulso27.com\/actualidad\/sociedad\/tension-en-cusco-victimas-de-la-represion-exigen-justicia-y-retiro-de-congresistas-en-audiencia-publica\/#breadcrumb"},"inLanguage":"en-US","potentialAction":[{"@type":"ReadAction","target":["https:\/\/pulso27.com\/actualidad\/sociedad\/tension-en-cusco-victimas-de-la-represion-exigen-justicia-y-retiro-de-congresistas-en-audiencia-publica\/"]}]},{"@type":"ImageObject","inLanguage":"en-US","@id":"https:\/\/pulso27.com\/actualidad\/sociedad\/tension-en-cusco-victimas-de-la-represion-exigen-justicia-y-retiro-de-congresistas-en-audiencia-publica\/#primaryimage","url":"https:\/\/pulso27.com\/wp-content\/uploads\/2025\/05\/Diseno-sin-titulo.png","contentUrl":"https:\/\/pulso27.com\/wp-content\/uploads\/2025\/05\/Diseno-sin-titulo.png","width":1200,"height":900},{"@type":"BreadcrumbList","@id":"https:\/\/pulso27.com\/actualidad\/sociedad\/tension-en-cusco-victimas-de-la-represion-exigen-justicia-y-retiro-de-congresistas-en-audiencia-publica\/#breadcrumb","itemListElement":[{"@type":"ListItem","position":1,"name":"Portada","item":"https:\/\/pulso27.com\/"},{"@type":"ListItem","position":2,"name":"Tensi\u00f3n en Cusco: V\u00edctimas de la Represi\u00f3n Exigen Justicia y Retiro de Congresistas en Audiencia P\u00fablica"}]},{"@type":"WebSite","@id":"https:\/\/pulso27.com\/en\/#website","url":"https:\/\/pulso27.com\/en\/","name":"Pulso27","description":"Web de noticias y publicidad","publisher":{"@id":"https:\/\/pulso27.com\/en\/#organization"},"alternateName":"El pulso del pueblo","potentialAction":[{"@type":"SearchAction","target":{"@type":"EntryPoint","urlTemplate":"https:\/\/pulso27.com\/en\/?s={search_term_string}"},"query-input":{"@type":"PropertyValueSpecification","valueRequired":true,"valueName":"search_term_string"}}],"inLanguage":"en-US"},{"@type":"Organization","@id":"https:\/\/pulso27.com\/en\/#organization","name":"Pulso27","url":"https:\/\/pulso27.com\/en\/","logo":{"@type":"ImageObject","inLanguage":"en-US","@id":"https:\/\/pulso27.com\/en\/#\/schema\/logo\/image\/","url":"https:\/\/pulso27.com\/wp-content\/uploads\/2026\/02\/Logotipo-de-la-organizacion-696-x-696-px-ok.png","contentUrl":"https:\/\/pulso27.com\/wp-content\/uploads\/2026\/02\/Logotipo-de-la-organizacion-696-x-696-px-ok.png","width":696,"height":696,"caption":"Pulso27"},"image":{"@id":"https:\/\/pulso27.com\/en\/#\/schema\/logo\/image\/"},"sameAs":["https:\/\/www.facebook.com\/pulso27\/","https:\/\/x.com\/Pulso_27","https:\/\/www.youtube.com\/@Pulso27","https:\/\/www.tiktok.com\/@pulso_27"]},{"@type":"Person","@id":"https:\/\/pulso27.com\/en\/#\/schema\/person\/df15ecbcbba89b8627097bc602dc9e15","name":"admin","image":{"@type":"ImageObject","inLanguage":"en-US","@id":"https:\/\/secure.gravatar.com\/avatar\/828f4a09ba8ce37cfca622f580fec4411ddb2550515ba4e452fa5d850713b8d1?s=96&d=mm&r=g","url":"https:\/\/secure.gravatar.com\/avatar\/828f4a09ba8ce37cfca622f580fec4411ddb2550515ba4e452fa5d850713b8d1?s=96&d=mm&r=g","contentUrl":"https:\/\/secure.gravatar.com\/avatar\/828f4a09ba8ce37cfca622f580fec4411ddb2550515ba4e452fa5d850713b8d1?s=96&d=mm&r=g","caption":"admin"},"sameAs":["http:\/\/www.pulso27.com"],"url":"https:\/\/pulso27.com\/en\/author\/admin-2\/"}]}},"amp_enabled":true,"_links":{"self":[{"href":"https:\/\/pulso27.com\/en\/wp-json\/wp\/v2\/posts\/5440","targetHints":{"allow":["GET"]}}],"collection":[{"href":"https:\/\/pulso27.com\/en\/wp-json\/wp\/v2\/posts"}],"about":[{"href":"https:\/\/pulso27.com\/en\/wp-json\/wp\/v2\/types\/post"}],"author":[{"embeddable":true,"href":"https:\/\/pulso27.com\/en\/wp-json\/wp\/v2\/users\/5"}],"replies":[{"embeddable":true,"href":"https:\/\/pulso27.com\/en\/wp-json\/wp\/v2\/comments?post=5440"}],"version-history":[{"count":3,"href":"https:\/\/pulso27.com\/en\/wp-json\/wp\/v2\/posts\/5440\/revisions"}],"predecessor-version":[{"id":5449,"href":"https:\/\/pulso27.com\/en\/wp-json\/wp\/v2\/posts\/5440\/revisions\/5449"}],"wp:featuredmedia":[{"embeddable":true,"href":"https:\/\/pulso27.com\/en\/wp-json\/wp\/v2\/media\/5442"}],"wp:attachment":[{"href":"https:\/\/pulso27.com\/en\/wp-json\/wp\/v2\/media?parent=5440"}],"wp:term":[{"taxonomy":"category","embeddable":true,"href":"https:\/\/pulso27.com\/en\/wp-json\/wp\/v2\/categories?post=5440"},{"taxonomy":"post_tag","embeddable":true,"href":"https:\/\/pulso27.com\/en\/wp-json\/wp\/v2\/tags?post=5440"}],"curies":[{"name":"wp","href":"https:\/\/api.w.org\/{rel}","templated":true}]}}