{"id":5474,"date":"2025-06-03T07:10:55","date_gmt":"2025-06-03T02:10:55","guid":{"rendered":"https:\/\/pulso27.com\/?p=5474"},"modified":"2025-06-03T09:27:08","modified_gmt":"2025-06-03T04:27:08","slug":"hijo-del-historico-lider-del-mir-de-chile-visita-a-margot-palacios-y-se-reunen-con-pedro-castillo-en-el-penal-barbadillo","status":"publish","type":"post","link":"https:\/\/pulso27.com\/en\/actualidad\/politica\/hijo-del-historico-lider-del-mir-de-chile-visita-a-margot-palacios-y-se-reunen-con-pedro-castillo-en-el-penal-barbadillo\/","title":{"rendered":"Hijo del hist\u00f3rico l\u00edder del MIR de Chile visita a Margot Palacios y se re\u00fanen con Pedro Castillo en el penal Barbadillo"},"content":{"rendered":"<p>Este lunes 2 de junio, Marco Enr\u00edquez-Ominami, hijo del hist\u00f3rico dirigente del Movimiento de Izquierda Revolucionaria (MIR) de Chile, Miguel Enr\u00edquez, visit\u00f3 el despacho de la congresista peruana Margot Palacios Huam\u00e1n en el Congreso de la Rep\u00fablica. La reuni\u00f3n, de notable carga simb\u00f3lica y pol\u00edtica, se desarroll\u00f3 en un contexto de agudizaci\u00f3n de las tensiones sociales y pol\u00edticas en Am\u00e9rica Latina, y puso en agenda temas clave para las fuerzas populares de la regi\u00f3n.<\/p>\n\n\n\n<p>Durante el encuentro, se abordaron diversos asuntos de coyuntura nacional e internacional, centrados en el actual panorama latinoamericano, caracterizado por la disputa de proyectos pol\u00edticos y la persistencia de desaf\u00edos comunes como la desigualdad, la crisis ambiental y la defensa de la soberan\u00eda de los pueblos. Esta cita reafirm\u00f3 la importancia de revitalizar las alianzas regionales de izquierda, consolidar espacios de integraci\u00f3n y promover una agenda que priorice los derechos sociales y la justicia popular.<\/p>\n\n\n\n<figure class=\"wp-block-image size-large\"><img loading=\"lazy\" decoding=\"async\" width=\"1024\" height=\"640\" src=\"https:\/\/pulso27.com\/wp-content\/uploads\/2025\/06\/Enriquez-1024x640.png\" alt=\"\" class=\"wp-image-5480\" srcset=\"https:\/\/pulso27.com\/wp-content\/uploads\/2025\/06\/Enriquez-1024x640.png 1024w, https:\/\/pulso27.com\/wp-content\/uploads\/2025\/06\/Enriquez-300x188.png 300w, https:\/\/pulso27.com\/wp-content\/uploads\/2025\/06\/Enriquez-768x480.png 768w, https:\/\/pulso27.com\/wp-content\/uploads\/2025\/06\/Enriquez-18x12.png 18w, https:\/\/pulso27.com\/wp-content\/uploads\/2025\/06\/Enriquez.png 1280w\" sizes=\"auto, (max-width: 1024px) 100vw, 1024px\" \/><figcaption class=\"wp-element-caption\"><em>La congresista Margot Palacios con Marco Enr\u00edquez-Ominami, hijo del hist\u00f3rico l\u00edder del Movimiento de Izquierda Revolucionaria (MIR) de Chile, Miguel Enr\u00edquez.<\/em><\/figcaption><\/figure>\n\n\n\n<p>La visita de Enr\u00edquez-Ominami, de marcada dimensi\u00f3n simb\u00f3lica, reaviv\u00f3 el debate sobre los legados de los movimientos revolucionarios de los a\u00f1os 60 y 70, como el MIR chileno, que lucharon contra las dictaduras y el modelo econ\u00f3mico excluyente, en defensa de los sectores hist\u00f3ricamente marginados. El hijo de Miguel Enr\u00edquez, referente del pensamiento y la acci\u00f3n revolucionaria latinoamericana, destac\u00f3 la necesidad de articular nuevas formas de lucha que respondan a las exigencias del siglo XXI, sin perder de vista las ra\u00edces hist\u00f3ricas de los movimientos populares.<\/p>\n\n\n\n<p><strong>Encuentro con Pedro Castillo en Barbadillo<\/strong><\/p>\n\n\n\n<p>M\u00e1s tarde, ese mismo lunes, Enr\u00edquez-Ominami, acompa\u00f1ado de congresistas del bloque de izquierda, visit\u00f3 al expresidente Pedro Castillo Terrones en el penal de Barbadillo. Castillo, maestro rural y dirigente surgido de las entra\u00f1as del Per\u00fa profundo, fue destituido y encarcelado en diciembre de 2022, convirti\u00e9ndose en una figura emblem\u00e1tica de la resistencia popular frente a las \u00e9lites pol\u00edticas tradicionales.<\/p>\n\n\n\n<p>El encuentro no fue posible por temas de seguridad, pero hubiera representado un gesto de solidaridad pol\u00edtica y humana, as\u00ed como una afirmaci\u00f3n del compromiso de las fuerzas progresistas de la regi\u00f3n con la causa de los pueblos. En la conversaci\u00f3n con Castillo \u00e9l pensaba abordar los retos de la izquierda latinoamericana ante el avance de sectores conservadores, la criminalizaci\u00f3n de los l\u00edderes populares y la urgencia de construir proyectos pol\u00edticos que pongan en el centro las demandas de las mayor\u00edas excluidas.<\/p>\n\n\n\n<figure class=\"wp-block-image size-large\"><img loading=\"lazy\" decoding=\"async\" width=\"1024\" height=\"683\" src=\"https:\/\/pulso27.com\/wp-content\/uploads\/2025\/06\/image-1-1024x683.png\" alt=\"\" class=\"wp-image-5476\" srcset=\"https:\/\/pulso27.com\/wp-content\/uploads\/2025\/06\/image-1-1024x683.png 1024w, https:\/\/pulso27.com\/wp-content\/uploads\/2025\/06\/image-1-300x200.png 300w, https:\/\/pulso27.com\/wp-content\/uploads\/2025\/06\/image-1-768x512.png 768w, https:\/\/pulso27.com\/wp-content\/uploads\/2025\/06\/image-1-1536x1024.png 1536w, https:\/\/pulso27.com\/wp-content\/uploads\/2025\/06\/image-1-18x12.png 18w, https:\/\/pulso27.com\/wp-content\/uploads\/2025\/06\/image-1.png 1960w\" sizes=\"auto, (max-width: 1024px) 100vw, 1024px\" \/><figcaption class=\"wp-element-caption\"><em>Ex presidente Pedro Castillo Terrones injustamente encarcelado por la derecha peruana<\/em><\/figcaption><\/figure>\n\n\n\n<p>Pedro Castillo contin\u00faa siendo un s\u00edmbolo para amplios sectores populares, no solo en Per\u00fa sino en toda Am\u00e9rica Latina, donde su figura es vista como parte de la lucha contra el neoliberalismo, la corrupci\u00f3n sist\u00e9mica y el centralismo lime\u00f1o. Por lo que, las reuniones de Enr\u00edquez-Ominami refuerzan el car\u00e1cter internacionalista de la solidaridad entre los pueblos y la vigencia del pensamiento emancipador en el continente.<\/p>\n\n\n\n<p>El encuentro entre Marco Enr\u00edquez-Ominami y Margot Palacios, seguido de la visita de la congresista al expresidente Pedro Castillo, trasciende lo protocolar. Simboliza la continuidad hist\u00f3rica de las luchas populares en Am\u00e9rica Latina, y renueva el compromiso por una integraci\u00f3n soberana, solidaria y con justicia social. En un escenario de profundizaci\u00f3n de las crisis estructurales del modelo capitalista, estos espacios de di\u00e1logo y articulaci\u00f3n se perfilan como esenciales para avanzar hacia una verdadera transformaci\u00f3n regional.<\/p>\n\n\n\n<p>Lejos de ser un acto aislado, esta jornada representa un paso m\u00e1s en la construcci\u00f3n de una agenda com\u00fan de los pueblos, que apunte a la unidad en la diversidad, al rescate de la memoria hist\u00f3rica y a la afirmaci\u00f3n de un proyecto de futuro basado en la dignidad, la justicia y la soberan\u00eda.<\/p>","protected":false},"excerpt":{"rendered":"<p>Este lunes 2 de junio, Marco Enr\u00edquez-Ominami, hijo del hist\u00f3rico dirigente del Movimiento de Izquierda Revolucionaria (MIR) de Chile, Miguel Enr\u00edquez, visit\u00f3 el despacho de la congresista peruana Margot Palacios Huam\u00e1n en el Congreso de la Rep\u00fablica. La reuni\u00f3n, de notable carga simb\u00f3lica y pol\u00edtica, se desarroll\u00f3 en un contexto de agudizaci\u00f3n de las tensiones [&hellip;]<\/p>\n","protected":false},"author":13,"featured_media":5475,"comment_status":"open","ping_status":"open","sticky":false,"template":"","format":"standard","meta":{"footnotes":""},"categories":[173,180],"tags":[192,2313,2250,2312,797],"class_list":["post-5474","post","type-post","status-publish","format-standard","has-post-thumbnail","hentry","category-internacional","category-politica","tag-chile","tag-marcoenriquez","tag-margotpalaciosh","tag-mir","tag-pedrocastillo"],"yoast_head":"<!-- This site is optimized with the Yoast SEO plugin v27.4 - https:\/\/yoast.com\/product\/yoast-seo-wordpress\/ -->\n<title>Hijo del hist\u00f3rico l\u00edder del MIR de Chile visita a Margot Palacios y se re\u00fanen con Pedro Castillo en el penal Barbadillo - Pulso27<\/title>\n<meta name=\"robots\" content=\"index, follow, max-snippet:-1, max-image-preview:large, max-video-preview:-1\" \/>\n<link rel=\"canonical\" href=\"https:\/\/pulso27.com\/en\/actualidad\/politica\/hijo-del-historico-lider-del-mir-de-chile-visita-a-margot-palacios-y-se-reunen-con-pedro-castillo-en-el-penal-barbadillo\/\" \/>\n<meta property=\"og:locale\" content=\"en_US\" \/>\n<meta property=\"og:type\" content=\"article\" \/>\n<meta property=\"og:title\" content=\"Hijo del hist\u00f3rico l\u00edder del MIR de Chile visita a Margot Palacios y se re\u00fanen con Pedro Castillo en el penal Barbadillo - Pulso27\" \/>\n<meta property=\"og:description\" content=\"Este lunes 2 de junio, Marco Enr\u00edquez-Ominami, hijo del hist\u00f3rico dirigente del Movimiento de Izquierda Revolucionaria (MIR) de Chile, Miguel Enr\u00edquez, visit\u00f3 el despacho de la congresista peruana Margot Palacios Huam\u00e1n en el Congreso de la Rep\u00fablica. La reuni\u00f3n, de notable carga simb\u00f3lica y pol\u00edtica, se desarroll\u00f3 en un contexto de agudizaci\u00f3n de las tensiones [&hellip;]\" \/>\n<meta property=\"og:url\" content=\"https:\/\/pulso27.com\/en\/actualidad\/politica\/hijo-del-historico-lider-del-mir-de-chile-visita-a-margot-palacios-y-se-reunen-con-pedro-castillo-en-el-penal-barbadillo\/\" \/>\n<meta property=\"og:site_name\" content=\"Pulso27\" \/>\n<meta property=\"article:publisher\" content=\"https:\/\/www.facebook.com\/pulso27\/\" \/>\n<meta property=\"article:published_time\" content=\"2025-06-03T02:10:55+00:00\" \/>\n<meta property=\"article:modified_time\" content=\"2025-06-03T04:27:08+00:00\" \/>\n<meta property=\"og:image\" content=\"https:\/\/pulso27.com\/wp-content\/uploads\/2025\/06\/Margot.png\" \/>\n\t<meta property=\"og:image:width\" content=\"1285\" \/>\n\t<meta property=\"og:image:height\" content=\"807\" \/>\n\t<meta property=\"og:image:type\" content=\"image\/png\" \/>\n<meta name=\"author\" content=\"Redactor\" \/>\n<meta name=\"twitter:card\" content=\"summary_large_image\" \/>\n<meta name=\"twitter:creator\" content=\"@Pulso_27\" \/>\n<meta name=\"twitter:site\" content=\"@Pulso_27\" \/>\n<meta name=\"twitter:label1\" content=\"Written by\" \/>\n\t<meta name=\"twitter:data1\" content=\"Redactor\" \/>\n\t<meta name=\"twitter:label2\" content=\"Est. reading time\" \/>\n\t<meta name=\"twitter:data2\" content=\"4 minutes\" \/>\n<script type=\"application\/ld+json\" class=\"yoast-schema-graph\">{\"@context\":\"https:\\\/\\\/schema.org\",\"@graph\":[{\"@type\":\"Article\",\"@id\":\"https:\\\/\\\/pulso27.com\\\/actualidad\\\/politica\\\/hijo-del-historico-lider-del-mir-de-chile-visita-a-margot-palacios-y-se-reunen-con-pedro-castillo-en-el-penal-barbadillo\\\/#article\",\"isPartOf\":{\"@id\":\"https:\\\/\\\/pulso27.com\\\/actualidad\\\/politica\\\/hijo-del-historico-lider-del-mir-de-chile-visita-a-margot-palacios-y-se-reunen-con-pedro-castillo-en-el-penal-barbadillo\\\/\"},\"author\":{\"name\":\"Redactor\",\"@id\":\"https:\\\/\\\/pulso27.com\\\/en\\\/#\\\/schema\\\/person\\\/bf5ee161e6c87f6c7d57f5e689ef8526\"},\"headline\":\"Hijo del hist\u00f3rico l\u00edder del MIR de Chile visita a Margot Palacios y se re\u00fanen con Pedro Castillo en el penal Barbadillo\",\"datePublished\":\"2025-06-03T02:10:55+00:00\",\"dateModified\":\"2025-06-03T04:27:08+00:00\",\"mainEntityOfPage\":{\"@id\":\"https:\\\/\\\/pulso27.com\\\/actualidad\\\/politica\\\/hijo-del-historico-lider-del-mir-de-chile-visita-a-margot-palacios-y-se-reunen-con-pedro-castillo-en-el-penal-barbadillo\\\/\"},\"wordCount\":696,\"commentCount\":0,\"publisher\":{\"@id\":\"https:\\\/\\\/pulso27.com\\\/en\\\/#organization\"},\"image\":{\"@id\":\"https:\\\/\\\/pulso27.com\\\/actualidad\\\/politica\\\/hijo-del-historico-lider-del-mir-de-chile-visita-a-margot-palacios-y-se-reunen-con-pedro-castillo-en-el-penal-barbadillo\\\/#primaryimage\"},\"thumbnailUrl\":\"https:\\\/\\\/pulso27.com\\\/wp-content\\\/uploads\\\/2025\\\/06\\\/Margot.png\",\"keywords\":[\"Chile\",\"MarcoEnr\u00edquez\",\"MargotPalaciosH\",\"MIR\",\"PedroCastillo\"],\"articleSection\":[\"Internacional\",\"Pol\u00edtica\"],\"inLanguage\":\"en-US\",\"potentialAction\":[{\"@type\":\"CommentAction\",\"name\":\"Comment\",\"target\":[\"https:\\\/\\\/pulso27.com\\\/actualidad\\\/politica\\\/hijo-del-historico-lider-del-mir-de-chile-visita-a-margot-palacios-y-se-reunen-con-pedro-castillo-en-el-penal-barbadillo\\\/#respond\"]}]},{\"@type\":\"WebPage\",\"@id\":\"https:\\\/\\\/pulso27.com\\\/actualidad\\\/politica\\\/hijo-del-historico-lider-del-mir-de-chile-visita-a-margot-palacios-y-se-reunen-con-pedro-castillo-en-el-penal-barbadillo\\\/\",\"url\":\"https:\\\/\\\/pulso27.com\\\/actualidad\\\/politica\\\/hijo-del-historico-lider-del-mir-de-chile-visita-a-margot-palacios-y-se-reunen-con-pedro-castillo-en-el-penal-barbadillo\\\/\",\"name\":\"Hijo del hist\u00f3rico l\u00edder del MIR de Chile visita a Margot Palacios y se re\u00fanen con Pedro Castillo en el penal Barbadillo - Pulso27\",\"isPartOf\":{\"@id\":\"https:\\\/\\\/pulso27.com\\\/en\\\/#website\"},\"primaryImageOfPage\":{\"@id\":\"https:\\\/\\\/pulso27.com\\\/actualidad\\\/politica\\\/hijo-del-historico-lider-del-mir-de-chile-visita-a-margot-palacios-y-se-reunen-con-pedro-castillo-en-el-penal-barbadillo\\\/#primaryimage\"},\"image\":{\"@id\":\"https:\\\/\\\/pulso27.com\\\/actualidad\\\/politica\\\/hijo-del-historico-lider-del-mir-de-chile-visita-a-margot-palacios-y-se-reunen-con-pedro-castillo-en-el-penal-barbadillo\\\/#primaryimage\"},\"thumbnailUrl\":\"https:\\\/\\\/pulso27.com\\\/wp-content\\\/uploads\\\/2025\\\/06\\\/Margot.png\",\"datePublished\":\"2025-06-03T02:10:55+00:00\",\"dateModified\":\"2025-06-03T04:27:08+00:00\",\"breadcrumb\":{\"@id\":\"https:\\\/\\\/pulso27.com\\\/actualidad\\\/politica\\\/hijo-del-historico-lider-del-mir-de-chile-visita-a-margot-palacios-y-se-reunen-con-pedro-castillo-en-el-penal-barbadillo\\\/#breadcrumb\"},\"inLanguage\":\"en-US\",\"potentialAction\":[{\"@type\":\"ReadAction\",\"target\":[\"https:\\\/\\\/pulso27.com\\\/actualidad\\\/politica\\\/hijo-del-historico-lider-del-mir-de-chile-visita-a-margot-palacios-y-se-reunen-con-pedro-castillo-en-el-penal-barbadillo\\\/\"]}]},{\"@type\":\"ImageObject\",\"inLanguage\":\"en-US\",\"@id\":\"https:\\\/\\\/pulso27.com\\\/actualidad\\\/politica\\\/hijo-del-historico-lider-del-mir-de-chile-visita-a-margot-palacios-y-se-reunen-con-pedro-castillo-en-el-penal-barbadillo\\\/#primaryimage\",\"url\":\"https:\\\/\\\/pulso27.com\\\/wp-content\\\/uploads\\\/2025\\\/06\\\/Margot.png\",\"contentUrl\":\"https:\\\/\\\/pulso27.com\\\/wp-content\\\/uploads\\\/2025\\\/06\\\/Margot.png\",\"width\":1285,\"height\":807},{\"@type\":\"BreadcrumbList\",\"@id\":\"https:\\\/\\\/pulso27.com\\\/actualidad\\\/politica\\\/hijo-del-historico-lider-del-mir-de-chile-visita-a-margot-palacios-y-se-reunen-con-pedro-castillo-en-el-penal-barbadillo\\\/#breadcrumb\",\"itemListElement\":[{\"@type\":\"ListItem\",\"position\":1,\"name\":\"Portada\",\"item\":\"https:\\\/\\\/pulso27.com\\\/\"},{\"@type\":\"ListItem\",\"position\":2,\"name\":\"Hijo del hist\u00f3rico l\u00edder del MIR de Chile visita a Margot Palacios y se re\u00fanen con Pedro Castillo en el penal Barbadillo\"}]},{\"@type\":\"WebSite\",\"@id\":\"https:\\\/\\\/pulso27.com\\\/en\\\/#website\",\"url\":\"https:\\\/\\\/pulso27.com\\\/en\\\/\",\"name\":\"Pulso27\",\"description\":\"Web de noticias y publicidad\",\"publisher\":{\"@id\":\"https:\\\/\\\/pulso27.com\\\/en\\\/#organization\"},\"alternateName\":\"El pulso del pueblo\",\"potentialAction\":[{\"@type\":\"SearchAction\",\"target\":{\"@type\":\"EntryPoint\",\"urlTemplate\":\"https:\\\/\\\/pulso27.com\\\/en\\\/?s={search_term_string}\"},\"query-input\":{\"@type\":\"PropertyValueSpecification\",\"valueRequired\":true,\"valueName\":\"search_term_string\"}}],\"inLanguage\":\"en-US\"},{\"@type\":\"Organization\",\"@id\":\"https:\\\/\\\/pulso27.com\\\/en\\\/#organization\",\"name\":\"Pulso27\",\"url\":\"https:\\\/\\\/pulso27.com\\\/en\\\/\",\"logo\":{\"@type\":\"ImageObject\",\"inLanguage\":\"en-US\",\"@id\":\"https:\\\/\\\/pulso27.com\\\/en\\\/#\\\/schema\\\/logo\\\/image\\\/\",\"url\":\"https:\\\/\\\/pulso27.com\\\/wp-content\\\/uploads\\\/2026\\\/02\\\/Logotipo-de-la-organizacion-696-x-696-px-ok.png\",\"contentUrl\":\"https:\\\/\\\/pulso27.com\\\/wp-content\\\/uploads\\\/2026\\\/02\\\/Logotipo-de-la-organizacion-696-x-696-px-ok.png\",\"width\":696,\"height\":696,\"caption\":\"Pulso27\"},\"image\":{\"@id\":\"https:\\\/\\\/pulso27.com\\\/en\\\/#\\\/schema\\\/logo\\\/image\\\/\"},\"sameAs\":[\"https:\\\/\\\/www.facebook.com\\\/pulso27\\\/\",\"https:\\\/\\\/x.com\\\/Pulso_27\",\"https:\\\/\\\/www.youtube.com\\\/@Pulso27\",\"https:\\\/\\\/www.tiktok.com\\\/@pulso_27\"]},{\"@type\":\"Person\",\"@id\":\"https:\\\/\\\/pulso27.com\\\/en\\\/#\\\/schema\\\/person\\\/bf5ee161e6c87f6c7d57f5e689ef8526\",\"name\":\"Redactor\",\"image\":{\"@type\":\"ImageObject\",\"inLanguage\":\"en-US\",\"@id\":\"https:\\\/\\\/pulso27.com\\\/wp-content\\\/uploads\\\/2025\\\/03\\\/a-150x150.png\",\"url\":\"https:\\\/\\\/pulso27.com\\\/wp-content\\\/uploads\\\/2025\\\/03\\\/a-150x150.png\",\"contentUrl\":\"https:\\\/\\\/pulso27.com\\\/wp-content\\\/uploads\\\/2025\\\/03\\\/a-150x150.png\",\"caption\":\"Redactor\"},\"sameAs\":[\"http:\\\/\\\/www.pulso27.com\"],\"url\":\"https:\\\/\\\/pulso27.com\\\/en\\\/author\\\/redactor\\\/\"}]}<\/script>\n<!-- \/ Yoast SEO plugin. -->","yoast_head_json":{"title":"Hijo del hist\u00f3rico l\u00edder del MIR de Chile visita a Margot Palacios y se re\u00fanen con Pedro Castillo en el penal Barbadillo - Pulso27","robots":{"index":"index","follow":"follow","max-snippet":"max-snippet:-1","max-image-preview":"max-image-preview:large","max-video-preview":"max-video-preview:-1"},"canonical":"https:\/\/pulso27.com\/en\/actualidad\/politica\/hijo-del-historico-lider-del-mir-de-chile-visita-a-margot-palacios-y-se-reunen-con-pedro-castillo-en-el-penal-barbadillo\/","og_locale":"en_US","og_type":"article","og_title":"Hijo del hist\u00f3rico l\u00edder del MIR de Chile visita a Margot Palacios y se re\u00fanen con Pedro Castillo en el penal Barbadillo - Pulso27","og_description":"Este lunes 2 de junio, Marco Enr\u00edquez-Ominami, hijo del hist\u00f3rico dirigente del Movimiento de Izquierda Revolucionaria (MIR) de Chile, Miguel Enr\u00edquez, visit\u00f3 el despacho de la congresista peruana Margot Palacios Huam\u00e1n en el Congreso de la Rep\u00fablica. La reuni\u00f3n, de notable carga simb\u00f3lica y pol\u00edtica, se desarroll\u00f3 en un contexto de agudizaci\u00f3n de las tensiones [&hellip;]","og_url":"https:\/\/pulso27.com\/en\/actualidad\/politica\/hijo-del-historico-lider-del-mir-de-chile-visita-a-margot-palacios-y-se-reunen-con-pedro-castillo-en-el-penal-barbadillo\/","og_site_name":"Pulso27","article_publisher":"https:\/\/www.facebook.com\/pulso27\/","article_published_time":"2025-06-03T02:10:55+00:00","article_modified_time":"2025-06-03T04:27:08+00:00","og_image":[{"width":1285,"height":807,"url":"https:\/\/pulso27.com\/wp-content\/uploads\/2025\/06\/Margot.png","type":"image\/png"}],"author":"Redactor","twitter_card":"summary_large_image","twitter_creator":"@Pulso_27","twitter_site":"@Pulso_27","twitter_misc":{"Written by":"Redactor","Est. reading time":"4 minutes"},"schema":{"@context":"https:\/\/schema.org","@graph":[{"@type":"Article","@id":"https:\/\/pulso27.com\/actualidad\/politica\/hijo-del-historico-lider-del-mir-de-chile-visita-a-margot-palacios-y-se-reunen-con-pedro-castillo-en-el-penal-barbadillo\/#article","isPartOf":{"@id":"https:\/\/pulso27.com\/actualidad\/politica\/hijo-del-historico-lider-del-mir-de-chile-visita-a-margot-palacios-y-se-reunen-con-pedro-castillo-en-el-penal-barbadillo\/"},"author":{"name":"Redactor","@id":"https:\/\/pulso27.com\/en\/#\/schema\/person\/bf5ee161e6c87f6c7d57f5e689ef8526"},"headline":"Hijo del hist\u00f3rico l\u00edder del MIR de Chile visita a Margot Palacios y se re\u00fanen con Pedro Castillo en el penal Barbadillo","datePublished":"2025-06-03T02:10:55+00:00","dateModified":"2025-06-03T04:27:08+00:00","mainEntityOfPage":{"@id":"https:\/\/pulso27.com\/actualidad\/politica\/hijo-del-historico-lider-del-mir-de-chile-visita-a-margot-palacios-y-se-reunen-con-pedro-castillo-en-el-penal-barbadillo\/"},"wordCount":696,"commentCount":0,"publisher":{"@id":"https:\/\/pulso27.com\/en\/#organization"},"image":{"@id":"https:\/\/pulso27.com\/actualidad\/politica\/hijo-del-historico-lider-del-mir-de-chile-visita-a-margot-palacios-y-se-reunen-con-pedro-castillo-en-el-penal-barbadillo\/#primaryimage"},"thumbnailUrl":"https:\/\/pulso27.com\/wp-content\/uploads\/2025\/06\/Margot.png","keywords":["Chile","MarcoEnr\u00edquez","MargotPalaciosH","MIR","PedroCastillo"],"articleSection":["Internacional","Pol\u00edtica"],"inLanguage":"en-US","potentialAction":[{"@type":"CommentAction","name":"Comment","target":["https:\/\/pulso27.com\/actualidad\/politica\/hijo-del-historico-lider-del-mir-de-chile-visita-a-margot-palacios-y-se-reunen-con-pedro-castillo-en-el-penal-barbadillo\/#respond"]}]},{"@type":"WebPage","@id":"https:\/\/pulso27.com\/actualidad\/politica\/hijo-del-historico-lider-del-mir-de-chile-visita-a-margot-palacios-y-se-reunen-con-pedro-castillo-en-el-penal-barbadillo\/","url":"https:\/\/pulso27.com\/actualidad\/politica\/hijo-del-historico-lider-del-mir-de-chile-visita-a-margot-palacios-y-se-reunen-con-pedro-castillo-en-el-penal-barbadillo\/","name":"Hijo del hist\u00f3rico l\u00edder del MIR de Chile visita a Margot Palacios y se re\u00fanen con Pedro Castillo en el penal Barbadillo - Pulso27","isPartOf":{"@id":"https:\/\/pulso27.com\/en\/#website"},"primaryImageOfPage":{"@id":"https:\/\/pulso27.com\/actualidad\/politica\/hijo-del-historico-lider-del-mir-de-chile-visita-a-margot-palacios-y-se-reunen-con-pedro-castillo-en-el-penal-barbadillo\/#primaryimage"},"image":{"@id":"https:\/\/pulso27.com\/actualidad\/politica\/hijo-del-historico-lider-del-mir-de-chile-visita-a-margot-palacios-y-se-reunen-con-pedro-castillo-en-el-penal-barbadillo\/#primaryimage"},"thumbnailUrl":"https:\/\/pulso27.com\/wp-content\/uploads\/2025\/06\/Margot.png","datePublished":"2025-06-03T02:10:55+00:00","dateModified":"2025-06-03T04:27:08+00:00","breadcrumb":{"@id":"https:\/\/pulso27.com\/actualidad\/politica\/hijo-del-historico-lider-del-mir-de-chile-visita-a-margot-palacios-y-se-reunen-con-pedro-castillo-en-el-penal-barbadillo\/#breadcrumb"},"inLanguage":"en-US","potentialAction":[{"@type":"ReadAction","target":["https:\/\/pulso27.com\/actualidad\/politica\/hijo-del-historico-lider-del-mir-de-chile-visita-a-margot-palacios-y-se-reunen-con-pedro-castillo-en-el-penal-barbadillo\/"]}]},{"@type":"ImageObject","inLanguage":"en-US","@id":"https:\/\/pulso27.com\/actualidad\/politica\/hijo-del-historico-lider-del-mir-de-chile-visita-a-margot-palacios-y-se-reunen-con-pedro-castillo-en-el-penal-barbadillo\/#primaryimage","url":"https:\/\/pulso27.com\/wp-content\/uploads\/2025\/06\/Margot.png","contentUrl":"https:\/\/pulso27.com\/wp-content\/uploads\/2025\/06\/Margot.png","width":1285,"height":807},{"@type":"BreadcrumbList","@id":"https:\/\/pulso27.com\/actualidad\/politica\/hijo-del-historico-lider-del-mir-de-chile-visita-a-margot-palacios-y-se-reunen-con-pedro-castillo-en-el-penal-barbadillo\/#breadcrumb","itemListElement":[{"@type":"ListItem","position":1,"name":"Portada","item":"https:\/\/pulso27.com\/"},{"@type":"ListItem","position":2,"name":"Hijo del hist\u00f3rico l\u00edder del MIR de Chile visita a Margot Palacios y se re\u00fanen con Pedro Castillo en el penal Barbadillo"}]},{"@type":"WebSite","@id":"https:\/\/pulso27.com\/en\/#website","url":"https:\/\/pulso27.com\/en\/","name":"Pulso27","description":"Web de noticias y publicidad","publisher":{"@id":"https:\/\/pulso27.com\/en\/#organization"},"alternateName":"El pulso del pueblo","potentialAction":[{"@type":"SearchAction","target":{"@type":"EntryPoint","urlTemplate":"https:\/\/pulso27.com\/en\/?s={search_term_string}"},"query-input":{"@type":"PropertyValueSpecification","valueRequired":true,"valueName":"search_term_string"}}],"inLanguage":"en-US"},{"@type":"Organization","@id":"https:\/\/pulso27.com\/en\/#organization","name":"Pulso27","url":"https:\/\/pulso27.com\/en\/","logo":{"@type":"ImageObject","inLanguage":"en-US","@id":"https:\/\/pulso27.com\/en\/#\/schema\/logo\/image\/","url":"https:\/\/pulso27.com\/wp-content\/uploads\/2026\/02\/Logotipo-de-la-organizacion-696-x-696-px-ok.png","contentUrl":"https:\/\/pulso27.com\/wp-content\/uploads\/2026\/02\/Logotipo-de-la-organizacion-696-x-696-px-ok.png","width":696,"height":696,"caption":"Pulso27"},"image":{"@id":"https:\/\/pulso27.com\/en\/#\/schema\/logo\/image\/"},"sameAs":["https:\/\/www.facebook.com\/pulso27\/","https:\/\/x.com\/Pulso_27","https:\/\/www.youtube.com\/@Pulso27","https:\/\/www.tiktok.com\/@pulso_27"]},{"@type":"Person","@id":"https:\/\/pulso27.com\/en\/#\/schema\/person\/bf5ee161e6c87f6c7d57f5e689ef8526","name":"Redactor","image":{"@type":"ImageObject","inLanguage":"en-US","@id":"https:\/\/pulso27.com\/wp-content\/uploads\/2025\/03\/a-150x150.png","url":"https:\/\/pulso27.com\/wp-content\/uploads\/2025\/03\/a-150x150.png","contentUrl":"https:\/\/pulso27.com\/wp-content\/uploads\/2025\/03\/a-150x150.png","caption":"Redactor"},"sameAs":["http:\/\/www.pulso27.com"],"url":"https:\/\/pulso27.com\/en\/author\/redactor\/"}]}},"amp_enabled":true,"_links":{"self":[{"href":"https:\/\/pulso27.com\/en\/wp-json\/wp\/v2\/posts\/5474","targetHints":{"allow":["GET"]}}],"collection":[{"href":"https:\/\/pulso27.com\/en\/wp-json\/wp\/v2\/posts"}],"about":[{"href":"https:\/\/pulso27.com\/en\/wp-json\/wp\/v2\/types\/post"}],"author":[{"embeddable":true,"href":"https:\/\/pulso27.com\/en\/wp-json\/wp\/v2\/users\/13"}],"replies":[{"embeddable":true,"href":"https:\/\/pulso27.com\/en\/wp-json\/wp\/v2\/comments?post=5474"}],"version-history":[{"count":3,"href":"https:\/\/pulso27.com\/en\/wp-json\/wp\/v2\/posts\/5474\/revisions"}],"predecessor-version":[{"id":5499,"href":"https:\/\/pulso27.com\/en\/wp-json\/wp\/v2\/posts\/5474\/revisions\/5499"}],"wp:featuredmedia":[{"embeddable":true,"href":"https:\/\/pulso27.com\/en\/wp-json\/wp\/v2\/media\/5475"}],"wp:attachment":[{"href":"https:\/\/pulso27.com\/en\/wp-json\/wp\/v2\/media?parent=5474"}],"wp:term":[{"taxonomy":"category","embeddable":true,"href":"https:\/\/pulso27.com\/en\/wp-json\/wp\/v2\/categories?post=5474"},{"taxonomy":"post_tag","embeddable":true,"href":"https:\/\/pulso27.com\/en\/wp-json\/wp\/v2\/tags?post=5474"}],"curies":[{"name":"wp","href":"https:\/\/api.w.org\/{rel}","templated":true}]}}