{"id":5485,"date":"2025-06-03T08:09:25","date_gmt":"2025-06-03T03:09:25","guid":{"rendered":"https:\/\/pulso27.com\/?p=5485"},"modified":"2025-06-03T08:09:31","modified_gmt":"2025-06-03T03:09:31","slug":"cgtp-y-gremios-agrarios-rechazan-ley-chlimper-2-0-advierten-grave-impacto-en-soberania-alimentaria-y-privilegios-fiscales-para-agroexportadoras","status":"publish","type":"post","link":"https:\/\/pulso27.com\/en\/actualidad\/agricultura\/cgtp-y-gremios-agrarios-rechazan-ley-chlimper-2-0-advierten-grave-impacto-en-soberania-alimentaria-y-privilegios-fiscales-para-agroexportadoras\/","title":{"rendered":"CGTP y gremios agrarios rechazan \u00abLey Chlimper 2.0\u00bb: advierten grave impacto en soberan\u00eda alimentaria y privilegios fiscales para agroexportadoras"},"content":{"rendered":"<p>A menos de dos semanas para el cierre de la actual legislatura, el Congreso de la Rep\u00fablica eval\u00faa aprobar el dictamen de la pol\u00e9mica \u00abLey Chlimper 2.0\u00bb, una propuesta que busca reducir sustancialmente la carga tributaria de las grandes empresas agroexportadoras. La iniciativa ha sido duramente criticada por la Confederaci\u00f3n General de Trabajadores del Per\u00fa (CGTP), la Convenci\u00f3n Nacional del Agro Peruano (Conveagro) y diversos especialistas, quienes advierten que la norma no solo desfinanciar\u00eda al Estado, sino que tambi\u00e9n representa una amenaza directa a la soberan\u00eda alimentaria del pa\u00eds.<\/p>\n\n\n\n<p><strong>Beneficios para unos pocos, costo para todos<\/strong><\/p>\n\n\n\n<p>Impulsada por Fuerza Popular y respaldada por bancadas afines al modelo agroexportador, la ley propone mantener hasta 2035 una tasa reducida del Impuesto a la Renta del 15% para las empresas del sector, congelar los aportes patronales a EsSalud en 6% y extender beneficios como la devoluci\u00f3n anticipada del IGV, la depreciaci\u00f3n acelerada y la exoneraci\u00f3n del ITAN. Adem\u00e1s, introduce un cr\u00e9dito tributario por reinversi\u00f3n del 20%, aplicable hasta el 70% de las utilidades anuales.<\/p>\n\n\n\n<p>Seg\u00fan estimaciones del Ministerio de Econom\u00eda y Finanzas (MEF), la aprobaci\u00f3n del proyecto representar\u00eda un costo fiscal de S\/1.850 millones anuales y hasta S\/20.000 millones en una d\u00e9cada. Estos recursos dejar\u00edan de invertirse en sectores clave como salud, educaci\u00f3n o infraestructura rural.<\/p>\n\n\n\n<figure class=\"wp-block-image size-full is-resized\"><img loading=\"lazy\" decoding=\"async\" width=\"640\" height=\"371\" src=\"https:\/\/pulso27.com\/wp-content\/uploads\/2025\/06\/image-2.png\" alt=\"\" class=\"wp-image-5486\" style=\"width:740px;height:auto\" srcset=\"https:\/\/pulso27.com\/wp-content\/uploads\/2025\/06\/image-2.png 640w, https:\/\/pulso27.com\/wp-content\/uploads\/2025\/06\/image-2-300x174.png 300w, https:\/\/pulso27.com\/wp-content\/uploads\/2025\/06\/image-2-18x10.png 18w\" sizes=\"auto, (max-width: 640px) 100vw, 640px\" \/><figcaption class=\"wp-element-caption\">C<em>ongresistas de la derecha peruana pretenden aprobar la denominada \u00abLey Chlimper 2.0\u00bb<\/em><\/figcaption><\/figure>\n\n\n\n<p><strong>Soberan\u00eda alimentaria en riesgo<\/strong><\/p>\n\n\n\n<p>Para gremios agrarios como Conveagro, la medida profundiza el desequilibrio entre el agro exportador y la agricultura familiar, que produce m\u00e1s del 80% de los alimentos que consume el pa\u00eds. \u201cLa ley es un golpe mortal a la soberan\u00eda alimentaria. Se privilegia a grandes corporaciones que exportan esp\u00e1rragos, ar\u00e1ndanos o paltas, pero se deja en el abandono a los peque\u00f1os productores que abastecen los mercados locales\u201d, se\u00f1alaron.<\/p>\n\n\n\n<p>Adem\u00e1s, advierten que el modelo agroexportador prioriza cultivos intensivos en agua en regiones afectadas por el estr\u00e9s h\u00eddrico, como Ica y La Libertad, y se desarrolla en detrimento de ecosistemas fr\u00e1giles, afectando a comunidades campesinas y a los recursos naturales.<\/p>\n\n\n\n<p><strong>Desprotecci\u00f3n laboral y favorecimiento empresarial<\/strong><\/p>\n\n\n\n<p>La CGTP denunci\u00f3 que el dictamen busca reinstaurar privilegios tributarios para conglomerados empresariales como Camposol, Danper o Cerro Prieto, que concentran m\u00e1s del 90% de los ingresos del sector. En paralelo, el 94% de los trabajadores agrarios mantienen contratos temporales, lo que impide la continuidad de aportes a salud y pensiones, y debilita la libertad sindical, actualmente en un m\u00ednimo hist\u00f3rico del 2%.<\/p>\n\n\n\n<p>\u201cEl Congreso pretende beneficiar a quienes m\u00e1s tienen, sin exigirles compromisos laborales, ambientales ni sociales. Se trata de un r\u00e9gimen hecho a la medida del gran capital agroexportador\u201d, indic\u00f3 el gremio sindical en un pronunciamiento.<\/p>\n\n\n\n<figure class=\"wp-block-image size-large\"><img loading=\"lazy\" decoding=\"async\" width=\"1024\" height=\"768\" src=\"https:\/\/pulso27.com\/wp-content\/uploads\/2025\/06\/image-3-1024x768.png\" alt=\"\" class=\"wp-image-5487\" srcset=\"https:\/\/pulso27.com\/wp-content\/uploads\/2025\/06\/image-3-1024x768.png 1024w, https:\/\/pulso27.com\/wp-content\/uploads\/2025\/06\/image-3-300x225.png 300w, https:\/\/pulso27.com\/wp-content\/uploads\/2025\/06\/image-3-768x576.png 768w, https:\/\/pulso27.com\/wp-content\/uploads\/2025\/06\/image-3-1536x1152.png 1536w, https:\/\/pulso27.com\/wp-content\/uploads\/2025\/06\/image-3-16x12.png 16w, https:\/\/pulso27.com\/wp-content\/uploads\/2025\/06\/image-3.png 1600w\" sizes=\"auto, (max-width: 1024px) 100vw, 1024px\" \/><figcaption class=\"wp-element-caption\"><em>La Ley no solo favorece a las empresas agroindustriales sino atenta contra los derechos laborales de los trabajadores agrarios<\/em><\/figcaption><\/figure>\n\n\n\n<p><strong>\u00bfReforma agraria o retroceso fiscal?<\/strong><\/p>\n\n\n\n<p>El dictamen ha sido presentado como parte de una \u201cnueva reforma agraria\u201d por sus impulsores en el Legislativo. Sin embargo, expertos como Eduardo Zegarra y Fernando Cuadros han cuestionado esta narrativa. \u201cNo hay reforma agraria cuando se premia al gran agro sin tocar los problemas estructurales de la peque\u00f1a agricultura. Esta es, en realidad, una contrarreforma tributaria\u201d, sentenci\u00f3 Cuadros.<\/p>\n\n\n\n<p>Aunque su debate en el Pleno fue postergado, la Comisi\u00f3n Permanente \u2014que retiene facultades legislativas\u2014 mantiene la norma en agenda, alimentando las sospechas de una aprobaci\u00f3n apresurada antes del receso parlamentario.<\/p>","protected":false},"excerpt":{"rendered":"<p>A menos de dos semanas para el cierre de la actual legislatura, el Congreso de la Rep\u00fablica eval\u00faa aprobar el dictamen de la pol\u00e9mica \u00abLey Chlimper 2.0\u00bb, una propuesta que busca reducir sustancialmente la carga tributaria de las grandes empresas agroexportadoras. La iniciativa ha sido duramente criticada por la Confederaci\u00f3n General de Trabajadores del Per\u00fa [&hellip;]<\/p>\n","protected":false},"author":11,"featured_media":5491,"comment_status":"open","ping_status":"open","sticky":false,"template":"","format":"standard","meta":{"footnotes":""},"categories":[818,174],"tags":[659,1866,1867,2090,768],"class_list":["post-5485","post","type-post","status-publish","format-standard","has-post-thumbnail","hentry","category-agricultura","category-nacional","tag-agricultura","tag-agroexportacion","tag-agroindustria","tag-angelmanero","tag-midagri"],"yoast_head":"<!-- This site is optimized with the Yoast SEO plugin v27.4 - https:\/\/yoast.com\/product\/yoast-seo-wordpress\/ -->\n<title>CGTP y gremios agrarios rechazan &quot;Ley Chlimper 2.0&quot;: advierten grave impacto en soberan\u00eda alimentaria y privilegios fiscales para agroexportadoras - Pulso27<\/title>\n<meta name=\"robots\" content=\"index, follow, max-snippet:-1, max-image-preview:large, max-video-preview:-1\" \/>\n<link rel=\"canonical\" href=\"https:\/\/pulso27.com\/en\/actualidad\/agricultura\/cgtp-y-gremios-agrarios-rechazan-ley-chlimper-2-0-advierten-grave-impacto-en-soberania-alimentaria-y-privilegios-fiscales-para-agroexportadoras\/\" \/>\n<meta property=\"og:locale\" content=\"en_US\" \/>\n<meta property=\"og:type\" content=\"article\" \/>\n<meta property=\"og:title\" content=\"CGTP y gremios agrarios rechazan &quot;Ley Chlimper 2.0&quot;: advierten grave impacto en soberan\u00eda alimentaria y privilegios fiscales para agroexportadoras - Pulso27\" \/>\n<meta property=\"og:description\" content=\"A menos de dos semanas para el cierre de la actual legislatura, el Congreso de la Rep\u00fablica eval\u00faa aprobar el dictamen de la pol\u00e9mica \u00abLey Chlimper 2.0\u00bb, una propuesta que busca reducir sustancialmente la carga tributaria de las grandes empresas agroexportadoras. La iniciativa ha sido duramente criticada por la Confederaci\u00f3n General de Trabajadores del Per\u00fa [&hellip;]\" \/>\n<meta property=\"og:url\" content=\"https:\/\/pulso27.com\/en\/actualidad\/agricultura\/cgtp-y-gremios-agrarios-rechazan-ley-chlimper-2-0-advierten-grave-impacto-en-soberania-alimentaria-y-privilegios-fiscales-para-agroexportadoras\/\" \/>\n<meta property=\"og:site_name\" content=\"Pulso27\" \/>\n<meta property=\"article:publisher\" content=\"https:\/\/www.facebook.com\/pulso27\/\" \/>\n<meta property=\"article:author\" content=\"https:\/\/www.facebook.com\/pulso27\" \/>\n<meta property=\"article:published_time\" content=\"2025-06-03T03:09:25+00:00\" \/>\n<meta property=\"article:modified_time\" content=\"2025-06-03T03:09:31+00:00\" \/>\n<meta property=\"og:image\" content=\"https:\/\/pulso27.com\/wp-content\/uploads\/2025\/06\/Manero.png\" \/>\n\t<meta property=\"og:image:width\" content=\"1280\" \/>\n\t<meta property=\"og:image:height\" content=\"815\" \/>\n\t<meta property=\"og:image:type\" content=\"image\/png\" \/>\n<meta name=\"author\" content=\"Editor\" \/>\n<meta name=\"twitter:card\" content=\"summary_large_image\" \/>\n<meta name=\"twitter:creator\" content=\"@https:\/\/x.com\/Pulso_27\" \/>\n<meta name=\"twitter:site\" content=\"@Pulso_27\" \/>\n<meta name=\"twitter:label1\" content=\"Written by\" \/>\n\t<meta name=\"twitter:data1\" content=\"Editor\" \/>\n\t<meta name=\"twitter:label2\" content=\"Est. reading time\" \/>\n\t<meta name=\"twitter:data2\" content=\"4 minutes\" \/>\n<script type=\"application\/ld+json\" class=\"yoast-schema-graph\">{\"@context\":\"https:\\\/\\\/schema.org\",\"@graph\":[{\"@type\":\"Article\",\"@id\":\"https:\\\/\\\/pulso27.com\\\/actualidad\\\/agricultura\\\/cgtp-y-gremios-agrarios-rechazan-ley-chlimper-2-0-advierten-grave-impacto-en-soberania-alimentaria-y-privilegios-fiscales-para-agroexportadoras\\\/#article\",\"isPartOf\":{\"@id\":\"https:\\\/\\\/pulso27.com\\\/actualidad\\\/agricultura\\\/cgtp-y-gremios-agrarios-rechazan-ley-chlimper-2-0-advierten-grave-impacto-en-soberania-alimentaria-y-privilegios-fiscales-para-agroexportadoras\\\/\"},\"author\":{\"name\":\"Editor\",\"@id\":\"https:\\\/\\\/pulso27.com\\\/en\\\/#\\\/schema\\\/person\\\/e0da4cfacbab724cbf4ab44bcc030735\"},\"headline\":\"CGTP y gremios agrarios rechazan \u00abLey Chlimper 2.0\u00bb: advierten grave impacto en soberan\u00eda alimentaria y privilegios fiscales para agroexportadoras\",\"datePublished\":\"2025-06-03T03:09:25+00:00\",\"dateModified\":\"2025-06-03T03:09:31+00:00\",\"mainEntityOfPage\":{\"@id\":\"https:\\\/\\\/pulso27.com\\\/actualidad\\\/agricultura\\\/cgtp-y-gremios-agrarios-rechazan-ley-chlimper-2-0-advierten-grave-impacto-en-soberania-alimentaria-y-privilegios-fiscales-para-agroexportadoras\\\/\"},\"wordCount\":604,\"commentCount\":0,\"publisher\":{\"@id\":\"https:\\\/\\\/pulso27.com\\\/en\\\/#organization\"},\"image\":{\"@id\":\"https:\\\/\\\/pulso27.com\\\/actualidad\\\/agricultura\\\/cgtp-y-gremios-agrarios-rechazan-ley-chlimper-2-0-advierten-grave-impacto-en-soberania-alimentaria-y-privilegios-fiscales-para-agroexportadoras\\\/#primaryimage\"},\"thumbnailUrl\":\"https:\\\/\\\/pulso27.com\\\/wp-content\\\/uploads\\\/2025\\\/06\\\/Manero.png\",\"keywords\":[\"Agricultura\",\"Agroexportaci\u00f3n\",\"Agroindustria\",\"AngelManero\",\"MIDAGRI\"],\"articleSection\":[\"Agricultura\",\"Nacional\"],\"inLanguage\":\"en-US\",\"potentialAction\":[{\"@type\":\"CommentAction\",\"name\":\"Comment\",\"target\":[\"https:\\\/\\\/pulso27.com\\\/actualidad\\\/agricultura\\\/cgtp-y-gremios-agrarios-rechazan-ley-chlimper-2-0-advierten-grave-impacto-en-soberania-alimentaria-y-privilegios-fiscales-para-agroexportadoras\\\/#respond\"]}]},{\"@type\":\"WebPage\",\"@id\":\"https:\\\/\\\/pulso27.com\\\/actualidad\\\/agricultura\\\/cgtp-y-gremios-agrarios-rechazan-ley-chlimper-2-0-advierten-grave-impacto-en-soberania-alimentaria-y-privilegios-fiscales-para-agroexportadoras\\\/\",\"url\":\"https:\\\/\\\/pulso27.com\\\/actualidad\\\/agricultura\\\/cgtp-y-gremios-agrarios-rechazan-ley-chlimper-2-0-advierten-grave-impacto-en-soberania-alimentaria-y-privilegios-fiscales-para-agroexportadoras\\\/\",\"name\":\"CGTP y gremios agrarios rechazan \\\"Ley Chlimper 2.0\\\": advierten grave impacto en soberan\u00eda alimentaria y privilegios fiscales para agroexportadoras - Pulso27\",\"isPartOf\":{\"@id\":\"https:\\\/\\\/pulso27.com\\\/en\\\/#website\"},\"primaryImageOfPage\":{\"@id\":\"https:\\\/\\\/pulso27.com\\\/actualidad\\\/agricultura\\\/cgtp-y-gremios-agrarios-rechazan-ley-chlimper-2-0-advierten-grave-impacto-en-soberania-alimentaria-y-privilegios-fiscales-para-agroexportadoras\\\/#primaryimage\"},\"image\":{\"@id\":\"https:\\\/\\\/pulso27.com\\\/actualidad\\\/agricultura\\\/cgtp-y-gremios-agrarios-rechazan-ley-chlimper-2-0-advierten-grave-impacto-en-soberania-alimentaria-y-privilegios-fiscales-para-agroexportadoras\\\/#primaryimage\"},\"thumbnailUrl\":\"https:\\\/\\\/pulso27.com\\\/wp-content\\\/uploads\\\/2025\\\/06\\\/Manero.png\",\"datePublished\":\"2025-06-03T03:09:25+00:00\",\"dateModified\":\"2025-06-03T03:09:31+00:00\",\"breadcrumb\":{\"@id\":\"https:\\\/\\\/pulso27.com\\\/actualidad\\\/agricultura\\\/cgtp-y-gremios-agrarios-rechazan-ley-chlimper-2-0-advierten-grave-impacto-en-soberania-alimentaria-y-privilegios-fiscales-para-agroexportadoras\\\/#breadcrumb\"},\"inLanguage\":\"en-US\",\"potentialAction\":[{\"@type\":\"ReadAction\",\"target\":[\"https:\\\/\\\/pulso27.com\\\/actualidad\\\/agricultura\\\/cgtp-y-gremios-agrarios-rechazan-ley-chlimper-2-0-advierten-grave-impacto-en-soberania-alimentaria-y-privilegios-fiscales-para-agroexportadoras\\\/\"]}]},{\"@type\":\"ImageObject\",\"inLanguage\":\"en-US\",\"@id\":\"https:\\\/\\\/pulso27.com\\\/actualidad\\\/agricultura\\\/cgtp-y-gremios-agrarios-rechazan-ley-chlimper-2-0-advierten-grave-impacto-en-soberania-alimentaria-y-privilegios-fiscales-para-agroexportadoras\\\/#primaryimage\",\"url\":\"https:\\\/\\\/pulso27.com\\\/wp-content\\\/uploads\\\/2025\\\/06\\\/Manero.png\",\"contentUrl\":\"https:\\\/\\\/pulso27.com\\\/wp-content\\\/uploads\\\/2025\\\/06\\\/Manero.png\",\"width\":1280,\"height\":815},{\"@type\":\"BreadcrumbList\",\"@id\":\"https:\\\/\\\/pulso27.com\\\/actualidad\\\/agricultura\\\/cgtp-y-gremios-agrarios-rechazan-ley-chlimper-2-0-advierten-grave-impacto-en-soberania-alimentaria-y-privilegios-fiscales-para-agroexportadoras\\\/#breadcrumb\",\"itemListElement\":[{\"@type\":\"ListItem\",\"position\":1,\"name\":\"Portada\",\"item\":\"https:\\\/\\\/pulso27.com\\\/\"},{\"@type\":\"ListItem\",\"position\":2,\"name\":\"CGTP y gremios agrarios rechazan \u00abLey Chlimper 2.0\u00bb: advierten grave impacto en soberan\u00eda alimentaria y privilegios fiscales para agroexportadoras\"}]},{\"@type\":\"WebSite\",\"@id\":\"https:\\\/\\\/pulso27.com\\\/en\\\/#website\",\"url\":\"https:\\\/\\\/pulso27.com\\\/en\\\/\",\"name\":\"Pulso27\",\"description\":\"Web de noticias y publicidad\",\"publisher\":{\"@id\":\"https:\\\/\\\/pulso27.com\\\/en\\\/#organization\"},\"alternateName\":\"El pulso del pueblo\",\"potentialAction\":[{\"@type\":\"SearchAction\",\"target\":{\"@type\":\"EntryPoint\",\"urlTemplate\":\"https:\\\/\\\/pulso27.com\\\/en\\\/?s={search_term_string}\"},\"query-input\":{\"@type\":\"PropertyValueSpecification\",\"valueRequired\":true,\"valueName\":\"search_term_string\"}}],\"inLanguage\":\"en-US\"},{\"@type\":\"Organization\",\"@id\":\"https:\\\/\\\/pulso27.com\\\/en\\\/#organization\",\"name\":\"Pulso27\",\"url\":\"https:\\\/\\\/pulso27.com\\\/en\\\/\",\"logo\":{\"@type\":\"ImageObject\",\"inLanguage\":\"en-US\",\"@id\":\"https:\\\/\\\/pulso27.com\\\/en\\\/#\\\/schema\\\/logo\\\/image\\\/\",\"url\":\"https:\\\/\\\/pulso27.com\\\/wp-content\\\/uploads\\\/2026\\\/02\\\/Logotipo-de-la-organizacion-696-x-696-px-ok.png\",\"contentUrl\":\"https:\\\/\\\/pulso27.com\\\/wp-content\\\/uploads\\\/2026\\\/02\\\/Logotipo-de-la-organizacion-696-x-696-px-ok.png\",\"width\":696,\"height\":696,\"caption\":\"Pulso27\"},\"image\":{\"@id\":\"https:\\\/\\\/pulso27.com\\\/en\\\/#\\\/schema\\\/logo\\\/image\\\/\"},\"sameAs\":[\"https:\\\/\\\/www.facebook.com\\\/pulso27\\\/\",\"https:\\\/\\\/x.com\\\/Pulso_27\",\"https:\\\/\\\/www.youtube.com\\\/@Pulso27\",\"https:\\\/\\\/www.tiktok.com\\\/@pulso_27\"]},{\"@type\":\"Person\",\"@id\":\"https:\\\/\\\/pulso27.com\\\/en\\\/#\\\/schema\\\/person\\\/e0da4cfacbab724cbf4ab44bcc030735\",\"name\":\"Editor\",\"image\":{\"@type\":\"ImageObject\",\"inLanguage\":\"en-US\",\"@id\":\"https:\\\/\\\/pulso27.com\\\/wp-content\\\/uploads\\\/2025\\\/03\\\/c-150x150.png\",\"url\":\"https:\\\/\\\/pulso27.com\\\/wp-content\\\/uploads\\\/2025\\\/03\\\/c-150x150.png\",\"contentUrl\":\"https:\\\/\\\/pulso27.com\\\/wp-content\\\/uploads\\\/2025\\\/03\\\/c-150x150.png\",\"caption\":\"Editor\"},\"sameAs\":[\"http:\\\/\\\/www.pulso27.com\",\"https:\\\/\\\/www.facebook.com\\\/pulso27\",\"https:\\\/\\\/x.com\\\/https:\\\/\\\/x.com\\\/Pulso_27\",\"https:\\\/\\\/www.youtube.com\\\/@Pulso27\"],\"url\":\"https:\\\/\\\/pulso27.com\\\/en\\\/author\\\/editor\\\/\"}]}<\/script>\n<!-- \/ Yoast SEO plugin. -->","yoast_head_json":{"title":"CGTP y gremios agrarios rechazan \"Ley Chlimper 2.0\": advierten grave impacto en soberan\u00eda alimentaria y privilegios fiscales para agroexportadoras - Pulso27","robots":{"index":"index","follow":"follow","max-snippet":"max-snippet:-1","max-image-preview":"max-image-preview:large","max-video-preview":"max-video-preview:-1"},"canonical":"https:\/\/pulso27.com\/en\/actualidad\/agricultura\/cgtp-y-gremios-agrarios-rechazan-ley-chlimper-2-0-advierten-grave-impacto-en-soberania-alimentaria-y-privilegios-fiscales-para-agroexportadoras\/","og_locale":"en_US","og_type":"article","og_title":"CGTP y gremios agrarios rechazan \"Ley Chlimper 2.0\": advierten grave impacto en soberan\u00eda alimentaria y privilegios fiscales para agroexportadoras - Pulso27","og_description":"A menos de dos semanas para el cierre de la actual legislatura, el Congreso de la Rep\u00fablica eval\u00faa aprobar el dictamen de la pol\u00e9mica \u00abLey Chlimper 2.0\u00bb, una propuesta que busca reducir sustancialmente la carga tributaria de las grandes empresas agroexportadoras. La iniciativa ha sido duramente criticada por la Confederaci\u00f3n General de Trabajadores del Per\u00fa [&hellip;]","og_url":"https:\/\/pulso27.com\/en\/actualidad\/agricultura\/cgtp-y-gremios-agrarios-rechazan-ley-chlimper-2-0-advierten-grave-impacto-en-soberania-alimentaria-y-privilegios-fiscales-para-agroexportadoras\/","og_site_name":"Pulso27","article_publisher":"https:\/\/www.facebook.com\/pulso27\/","article_author":"https:\/\/www.facebook.com\/pulso27","article_published_time":"2025-06-03T03:09:25+00:00","article_modified_time":"2025-06-03T03:09:31+00:00","og_image":[{"width":1280,"height":815,"url":"https:\/\/pulso27.com\/wp-content\/uploads\/2025\/06\/Manero.png","type":"image\/png"}],"author":"Editor","twitter_card":"summary_large_image","twitter_creator":"@https:\/\/x.com\/Pulso_27","twitter_site":"@Pulso_27","twitter_misc":{"Written by":"Editor","Est. reading time":"4 minutes"},"schema":{"@context":"https:\/\/schema.org","@graph":[{"@type":"Article","@id":"https:\/\/pulso27.com\/actualidad\/agricultura\/cgtp-y-gremios-agrarios-rechazan-ley-chlimper-2-0-advierten-grave-impacto-en-soberania-alimentaria-y-privilegios-fiscales-para-agroexportadoras\/#article","isPartOf":{"@id":"https:\/\/pulso27.com\/actualidad\/agricultura\/cgtp-y-gremios-agrarios-rechazan-ley-chlimper-2-0-advierten-grave-impacto-en-soberania-alimentaria-y-privilegios-fiscales-para-agroexportadoras\/"},"author":{"name":"Editor","@id":"https:\/\/pulso27.com\/en\/#\/schema\/person\/e0da4cfacbab724cbf4ab44bcc030735"},"headline":"CGTP y gremios agrarios rechazan \u00abLey Chlimper 2.0\u00bb: advierten grave impacto en soberan\u00eda alimentaria y privilegios fiscales para agroexportadoras","datePublished":"2025-06-03T03:09:25+00:00","dateModified":"2025-06-03T03:09:31+00:00","mainEntityOfPage":{"@id":"https:\/\/pulso27.com\/actualidad\/agricultura\/cgtp-y-gremios-agrarios-rechazan-ley-chlimper-2-0-advierten-grave-impacto-en-soberania-alimentaria-y-privilegios-fiscales-para-agroexportadoras\/"},"wordCount":604,"commentCount":0,"publisher":{"@id":"https:\/\/pulso27.com\/en\/#organization"},"image":{"@id":"https:\/\/pulso27.com\/actualidad\/agricultura\/cgtp-y-gremios-agrarios-rechazan-ley-chlimper-2-0-advierten-grave-impacto-en-soberania-alimentaria-y-privilegios-fiscales-para-agroexportadoras\/#primaryimage"},"thumbnailUrl":"https:\/\/pulso27.com\/wp-content\/uploads\/2025\/06\/Manero.png","keywords":["Agricultura","Agroexportaci\u00f3n","Agroindustria","AngelManero","MIDAGRI"],"articleSection":["Agricultura","Nacional"],"inLanguage":"en-US","potentialAction":[{"@type":"CommentAction","name":"Comment","target":["https:\/\/pulso27.com\/actualidad\/agricultura\/cgtp-y-gremios-agrarios-rechazan-ley-chlimper-2-0-advierten-grave-impacto-en-soberania-alimentaria-y-privilegios-fiscales-para-agroexportadoras\/#respond"]}]},{"@type":"WebPage","@id":"https:\/\/pulso27.com\/actualidad\/agricultura\/cgtp-y-gremios-agrarios-rechazan-ley-chlimper-2-0-advierten-grave-impacto-en-soberania-alimentaria-y-privilegios-fiscales-para-agroexportadoras\/","url":"https:\/\/pulso27.com\/actualidad\/agricultura\/cgtp-y-gremios-agrarios-rechazan-ley-chlimper-2-0-advierten-grave-impacto-en-soberania-alimentaria-y-privilegios-fiscales-para-agroexportadoras\/","name":"CGTP y gremios agrarios rechazan \"Ley Chlimper 2.0\": advierten grave impacto en soberan\u00eda alimentaria y privilegios fiscales para agroexportadoras - Pulso27","isPartOf":{"@id":"https:\/\/pulso27.com\/en\/#website"},"primaryImageOfPage":{"@id":"https:\/\/pulso27.com\/actualidad\/agricultura\/cgtp-y-gremios-agrarios-rechazan-ley-chlimper-2-0-advierten-grave-impacto-en-soberania-alimentaria-y-privilegios-fiscales-para-agroexportadoras\/#primaryimage"},"image":{"@id":"https:\/\/pulso27.com\/actualidad\/agricultura\/cgtp-y-gremios-agrarios-rechazan-ley-chlimper-2-0-advierten-grave-impacto-en-soberania-alimentaria-y-privilegios-fiscales-para-agroexportadoras\/#primaryimage"},"thumbnailUrl":"https:\/\/pulso27.com\/wp-content\/uploads\/2025\/06\/Manero.png","datePublished":"2025-06-03T03:09:25+00:00","dateModified":"2025-06-03T03:09:31+00:00","breadcrumb":{"@id":"https:\/\/pulso27.com\/actualidad\/agricultura\/cgtp-y-gremios-agrarios-rechazan-ley-chlimper-2-0-advierten-grave-impacto-en-soberania-alimentaria-y-privilegios-fiscales-para-agroexportadoras\/#breadcrumb"},"inLanguage":"en-US","potentialAction":[{"@type":"ReadAction","target":["https:\/\/pulso27.com\/actualidad\/agricultura\/cgtp-y-gremios-agrarios-rechazan-ley-chlimper-2-0-advierten-grave-impacto-en-soberania-alimentaria-y-privilegios-fiscales-para-agroexportadoras\/"]}]},{"@type":"ImageObject","inLanguage":"en-US","@id":"https:\/\/pulso27.com\/actualidad\/agricultura\/cgtp-y-gremios-agrarios-rechazan-ley-chlimper-2-0-advierten-grave-impacto-en-soberania-alimentaria-y-privilegios-fiscales-para-agroexportadoras\/#primaryimage","url":"https:\/\/pulso27.com\/wp-content\/uploads\/2025\/06\/Manero.png","contentUrl":"https:\/\/pulso27.com\/wp-content\/uploads\/2025\/06\/Manero.png","width":1280,"height":815},{"@type":"BreadcrumbList","@id":"https:\/\/pulso27.com\/actualidad\/agricultura\/cgtp-y-gremios-agrarios-rechazan-ley-chlimper-2-0-advierten-grave-impacto-en-soberania-alimentaria-y-privilegios-fiscales-para-agroexportadoras\/#breadcrumb","itemListElement":[{"@type":"ListItem","position":1,"name":"Portada","item":"https:\/\/pulso27.com\/"},{"@type":"ListItem","position":2,"name":"CGTP y gremios agrarios rechazan \u00abLey Chlimper 2.0\u00bb: advierten grave impacto en soberan\u00eda alimentaria y privilegios fiscales para agroexportadoras"}]},{"@type":"WebSite","@id":"https:\/\/pulso27.com\/en\/#website","url":"https:\/\/pulso27.com\/en\/","name":"Pulso27","description":"Web de noticias y publicidad","publisher":{"@id":"https:\/\/pulso27.com\/en\/#organization"},"alternateName":"El pulso del pueblo","potentialAction":[{"@type":"SearchAction","target":{"@type":"EntryPoint","urlTemplate":"https:\/\/pulso27.com\/en\/?s={search_term_string}"},"query-input":{"@type":"PropertyValueSpecification","valueRequired":true,"valueName":"search_term_string"}}],"inLanguage":"en-US"},{"@type":"Organization","@id":"https:\/\/pulso27.com\/en\/#organization","name":"Pulso27","url":"https:\/\/pulso27.com\/en\/","logo":{"@type":"ImageObject","inLanguage":"en-US","@id":"https:\/\/pulso27.com\/en\/#\/schema\/logo\/image\/","url":"https:\/\/pulso27.com\/wp-content\/uploads\/2026\/02\/Logotipo-de-la-organizacion-696-x-696-px-ok.png","contentUrl":"https:\/\/pulso27.com\/wp-content\/uploads\/2026\/02\/Logotipo-de-la-organizacion-696-x-696-px-ok.png","width":696,"height":696,"caption":"Pulso27"},"image":{"@id":"https:\/\/pulso27.com\/en\/#\/schema\/logo\/image\/"},"sameAs":["https:\/\/www.facebook.com\/pulso27\/","https:\/\/x.com\/Pulso_27","https:\/\/www.youtube.com\/@Pulso27","https:\/\/www.tiktok.com\/@pulso_27"]},{"@type":"Person","@id":"https:\/\/pulso27.com\/en\/#\/schema\/person\/e0da4cfacbab724cbf4ab44bcc030735","name":"Editor","image":{"@type":"ImageObject","inLanguage":"en-US","@id":"https:\/\/pulso27.com\/wp-content\/uploads\/2025\/03\/c-150x150.png","url":"https:\/\/pulso27.com\/wp-content\/uploads\/2025\/03\/c-150x150.png","contentUrl":"https:\/\/pulso27.com\/wp-content\/uploads\/2025\/03\/c-150x150.png","caption":"Editor"},"sameAs":["http:\/\/www.pulso27.com","https:\/\/www.facebook.com\/pulso27","https:\/\/x.com\/https:\/\/x.com\/Pulso_27","https:\/\/www.youtube.com\/@Pulso27"],"url":"https:\/\/pulso27.com\/en\/author\/editor\/"}]}},"amp_enabled":true,"_links":{"self":[{"href":"https:\/\/pulso27.com\/en\/wp-json\/wp\/v2\/posts\/5485","targetHints":{"allow":["GET"]}}],"collection":[{"href":"https:\/\/pulso27.com\/en\/wp-json\/wp\/v2\/posts"}],"about":[{"href":"https:\/\/pulso27.com\/en\/wp-json\/wp\/v2\/types\/post"}],"author":[{"embeddable":true,"href":"https:\/\/pulso27.com\/en\/wp-json\/wp\/v2\/users\/11"}],"replies":[{"embeddable":true,"href":"https:\/\/pulso27.com\/en\/wp-json\/wp\/v2\/comments?post=5485"}],"version-history":[{"count":1,"href":"https:\/\/pulso27.com\/en\/wp-json\/wp\/v2\/posts\/5485\/revisions"}],"predecessor-version":[{"id":5492,"href":"https:\/\/pulso27.com\/en\/wp-json\/wp\/v2\/posts\/5485\/revisions\/5492"}],"wp:featuredmedia":[{"embeddable":true,"href":"https:\/\/pulso27.com\/en\/wp-json\/wp\/v2\/media\/5491"}],"wp:attachment":[{"href":"https:\/\/pulso27.com\/en\/wp-json\/wp\/v2\/media?parent=5485"}],"wp:term":[{"taxonomy":"category","embeddable":true,"href":"https:\/\/pulso27.com\/en\/wp-json\/wp\/v2\/categories?post=5485"},{"taxonomy":"post_tag","embeddable":true,"href":"https:\/\/pulso27.com\/en\/wp-json\/wp\/v2\/tags?post=5485"}],"curies":[{"name":"wp","href":"https:\/\/api.w.org\/{rel}","templated":true}]}}