{"id":5527,"date":"2025-06-06T09:09:28","date_gmt":"2025-06-06T04:09:28","guid":{"rendered":"https:\/\/pulso27.com\/?p=5527"},"modified":"2025-06-06T10:12:36","modified_gmt":"2025-06-06T05:12:36","slug":"congreso-peruano-no-aprueba-reeleccion-de-gobernadores-y-alcaldes-decision-pasa-al-referendum","status":"publish","type":"post","link":"https:\/\/pulso27.com\/en\/tecnologia\/congreso-peruano-no-aprueba-reeleccion-de-gobernadores-y-alcaldes-decision-pasa-al-referendum\/","title":{"rendered":"Congreso peruano no aprueba reelecci\u00f3n de gobernadores y alcaldes: Decisi\u00f3n pasa al refer\u00e9ndum"},"content":{"rendered":"<p>Lima, 5 de junio de 2025 \u2013 El Congreso de la Rep\u00fablica no logr\u00f3 los 87 votos necesarios para aprobar en segunda votaci\u00f3n la reforma constitucional que permitir\u00eda la reelecci\u00f3n inmediata de gobernadores regionales y alcaldes por un per\u00edodo adicional. Con 80 votos a favor, 33 en contra y 4 abstenciones, la propuesta, liderada por la Comisi\u00f3n de Constituci\u00f3n y Reglamento, ser\u00e1 sometida a refer\u00e9ndum, seg\u00fan lo dispuesto por el art\u00edculo 206 de la Constituci\u00f3n.<\/p>\n\n\n\n<p>La reforma, que modifica los art\u00edculos 191 y 194 de la Carta Magna, busca permitir un segundo mandato consecutivo para autoridades subnacionales. Bancadas como Fuerza Popular, Avanza Pa\u00eds y Alianza para el Progreso respaldaron el dictamen, argumentando que la reelecci\u00f3n garantiza continuidad en proyectos de desarrollo y fortalece la democracia al permitir a los ciudadanos evaluar gestiones. \u201cCuatro a\u00f1os no bastan para ejecutar obras de envergadura. La reelecci\u00f3n es un derecho de los electores\u201d, afirm\u00f3 Fernando Rospigliosi, presidente de la Comisi\u00f3n de Constituci\u00f3n.<\/p>\n\n\n\n<p>Congreso no pudo detener la explotaci\u00f3n mismo voz<\/p>\n\n\n\n<p>Sin embargo, congresistas de ex Per\u00fa Libre y Cambio Democr\u00e1tico se opusieron, alertando sobre riesgos de corrupci\u00f3n y concentraci\u00f3n de poder. \u201cSin fiscalizaci\u00f3n estricta, la reelecci\u00f3n podr\u00eda perpetuar pr\u00e1cticas clientelistas\u201d, se\u00f1al\u00f3 Silvana Robles (ex Per\u00fa Libre). Una propuesta inicial para eliminar movimientos regionales, que ganaron 14 de 25 gobernaciones en 2022, fue archivada tras cr\u00edticas por limitar la pluralidad pol\u00edtica.<\/p>\n\n\n\n<figure class=\"wp-block-image size-full\"><img loading=\"lazy\" decoding=\"async\" width=\"760\" height=\"507\" src=\"https:\/\/pulso27.com\/wp-content\/uploads\/2025\/06\/image-9.png\" alt=\"\" class=\"wp-image-5528\" srcset=\"https:\/\/pulso27.com\/wp-content\/uploads\/2025\/06\/image-9.png 760w, https:\/\/pulso27.com\/wp-content\/uploads\/2025\/06\/image-9-300x200.png 300w, https:\/\/pulso27.com\/wp-content\/uploads\/2025\/06\/image-9-18x12.png 18w\" sizes=\"auto, (max-width: 760px) 100vw, 760px\" \/><figcaption class=\"wp-element-caption\"><em>Congreso no pudo detener la explotaci\u00f3n mismo voz Bancadas como Fuerza Popular, Avanza Pa\u00eds y Alianza para el Progreso respaldaron el dictamen<\/em><\/figcaption><\/figure>\n\n\n\n<p>Lecciones del pasado<\/p>\n\n\n\n<p>La reelecci\u00f3n inmediata, prohibida desde 2015, permiti\u00f3 entre 2006 y 2014 que solo el 21% de las autoridades subnacionales fueran reelectas, seg\u00fan datos hist\u00f3ricos. Regiones como Callao e Ica registraron tasas cercanas al 50%, mientras que en Puno y Pasco fueron inferiores al 20%, lo que refleja la capacidad ciudadana de sancionar gestiones deficientes.<\/p>\n\n\n\n<p>Hacia el refer\u00e9ndum<\/p>\n\n\n\n<p>La Oficina Nacional de Procesos Electorales (ONPE) organizar\u00e1 el refer\u00e9ndum, cuya fecha est\u00e1 pendiente. El debate se traslada a los ciudadanos, quienes decidir\u00e1n si la reelecci\u00f3n fortalece la gesti\u00f3n o abre riesgos de abuso de poder. Mientras tanto, las elecciones de 2026 se regir\u00e1n por las normas actuales, con movimientos regionales y sin reelecci\u00f3n inmediata.<\/p>","protected":false},"excerpt":{"rendered":"<p>Lima, 5 de junio de 2025 \u2013 El Congreso de la Rep\u00fablica no logr\u00f3 los 87 votos necesarios para aprobar en segunda votaci\u00f3n la reforma constitucional que permitir\u00eda la reelecci\u00f3n inmediata de gobernadores regionales y alcaldes por un per\u00edodo adicional. Con 80 votos a favor, 33 en contra y 4 abstenciones, la propuesta, liderada por [&hellip;]<\/p>\n","protected":false},"author":13,"featured_media":5530,"comment_status":"open","ping_status":"open","sticky":false,"template":"","format":"standard","meta":{"footnotes":""},"categories":[181],"tags":[],"class_list":["post-5527","post","type-post","status-publish","format-standard","has-post-thumbnail","hentry","category-tecnologia"],"yoast_head":"<!-- This site is optimized with the Yoast SEO plugin v27.4 - https:\/\/yoast.com\/product\/yoast-seo-wordpress\/ -->\n<title>Congreso peruano no aprueba reelecci\u00f3n de gobernadores y alcaldes: Decisi\u00f3n pasa al refer\u00e9ndum - Pulso27<\/title>\n<meta name=\"robots\" content=\"index, follow, max-snippet:-1, max-image-preview:large, max-video-preview:-1\" \/>\n<link rel=\"canonical\" href=\"https:\/\/pulso27.com\/en\/tecnologia\/congreso-peruano-no-aprueba-reeleccion-de-gobernadores-y-alcaldes-decision-pasa-al-referendum\/\" \/>\n<meta property=\"og:locale\" content=\"en_US\" \/>\n<meta property=\"og:type\" content=\"article\" \/>\n<meta property=\"og:title\" content=\"Congreso peruano no aprueba reelecci\u00f3n de gobernadores y alcaldes: Decisi\u00f3n pasa al refer\u00e9ndum - Pulso27\" \/>\n<meta property=\"og:description\" content=\"Lima, 5 de junio de 2025 \u2013 El Congreso de la Rep\u00fablica no logr\u00f3 los 87 votos necesarios para aprobar en segunda votaci\u00f3n la reforma constitucional que permitir\u00eda la reelecci\u00f3n inmediata de gobernadores regionales y alcaldes por un per\u00edodo adicional. Con 80 votos a favor, 33 en contra y 4 abstenciones, la propuesta, liderada por [&hellip;]\" \/>\n<meta property=\"og:url\" content=\"https:\/\/pulso27.com\/en\/tecnologia\/congreso-peruano-no-aprueba-reeleccion-de-gobernadores-y-alcaldes-decision-pasa-al-referendum\/\" \/>\n<meta property=\"og:site_name\" content=\"Pulso27\" \/>\n<meta property=\"article:publisher\" content=\"https:\/\/www.facebook.com\/pulso27\/\" \/>\n<meta property=\"article:published_time\" content=\"2025-06-06T04:09:28+00:00\" \/>\n<meta property=\"article:modified_time\" content=\"2025-06-06T05:12:36+00:00\" \/>\n<meta property=\"og:image\" content=\"https:\/\/pulso27.com\/wp-content\/uploads\/2025\/06\/Reeleccion.png\" \/>\n\t<meta property=\"og:image:width\" content=\"1024\" \/>\n\t<meta property=\"og:image:height\" content=\"767\" \/>\n\t<meta property=\"og:image:type\" content=\"image\/png\" \/>\n<meta name=\"author\" content=\"Redactor\" \/>\n<meta name=\"twitter:card\" content=\"summary_large_image\" \/>\n<meta name=\"twitter:creator\" content=\"@Pulso_27\" \/>\n<meta name=\"twitter:site\" content=\"@Pulso_27\" \/>\n<meta name=\"twitter:label1\" content=\"Written by\" \/>\n\t<meta name=\"twitter:data1\" content=\"Redactor\" \/>\n\t<meta name=\"twitter:label2\" content=\"Est. reading time\" \/>\n\t<meta name=\"twitter:data2\" content=\"3 minutes\" \/>\n<script type=\"application\/ld+json\" class=\"yoast-schema-graph\">{\"@context\":\"https:\\\/\\\/schema.org\",\"@graph\":[{\"@type\":\"Article\",\"@id\":\"https:\\\/\\\/pulso27.com\\\/tecnologia\\\/congreso-peruano-no-aprueba-reeleccion-de-gobernadores-y-alcaldes-decision-pasa-al-referendum\\\/#article\",\"isPartOf\":{\"@id\":\"https:\\\/\\\/pulso27.com\\\/tecnologia\\\/congreso-peruano-no-aprueba-reeleccion-de-gobernadores-y-alcaldes-decision-pasa-al-referendum\\\/\"},\"author\":{\"name\":\"Redactor\",\"@id\":\"https:\\\/\\\/pulso27.com\\\/en\\\/#\\\/schema\\\/person\\\/bf5ee161e6c87f6c7d57f5e689ef8526\"},\"headline\":\"Congreso peruano no aprueba reelecci\u00f3n de gobernadores y alcaldes: Decisi\u00f3n pasa al refer\u00e9ndum\",\"datePublished\":\"2025-06-06T04:09:28+00:00\",\"dateModified\":\"2025-06-06T05:12:36+00:00\",\"mainEntityOfPage\":{\"@id\":\"https:\\\/\\\/pulso27.com\\\/tecnologia\\\/congreso-peruano-no-aprueba-reeleccion-de-gobernadores-y-alcaldes-decision-pasa-al-referendum\\\/\"},\"wordCount\":400,\"commentCount\":0,\"publisher\":{\"@id\":\"https:\\\/\\\/pulso27.com\\\/en\\\/#organization\"},\"image\":{\"@id\":\"https:\\\/\\\/pulso27.com\\\/tecnologia\\\/congreso-peruano-no-aprueba-reeleccion-de-gobernadores-y-alcaldes-decision-pasa-al-referendum\\\/#primaryimage\"},\"thumbnailUrl\":\"https:\\\/\\\/pulso27.com\\\/wp-content\\\/uploads\\\/2025\\\/06\\\/Reeleccion.png\",\"articleSection\":[\"Tecnolog\u00eda\"],\"inLanguage\":\"en-US\",\"potentialAction\":[{\"@type\":\"CommentAction\",\"name\":\"Comment\",\"target\":[\"https:\\\/\\\/pulso27.com\\\/tecnologia\\\/congreso-peruano-no-aprueba-reeleccion-de-gobernadores-y-alcaldes-decision-pasa-al-referendum\\\/#respond\"]}]},{\"@type\":\"WebPage\",\"@id\":\"https:\\\/\\\/pulso27.com\\\/tecnologia\\\/congreso-peruano-no-aprueba-reeleccion-de-gobernadores-y-alcaldes-decision-pasa-al-referendum\\\/\",\"url\":\"https:\\\/\\\/pulso27.com\\\/tecnologia\\\/congreso-peruano-no-aprueba-reeleccion-de-gobernadores-y-alcaldes-decision-pasa-al-referendum\\\/\",\"name\":\"Congreso peruano no aprueba reelecci\u00f3n de gobernadores y alcaldes: Decisi\u00f3n pasa al refer\u00e9ndum - Pulso27\",\"isPartOf\":{\"@id\":\"https:\\\/\\\/pulso27.com\\\/en\\\/#website\"},\"primaryImageOfPage\":{\"@id\":\"https:\\\/\\\/pulso27.com\\\/tecnologia\\\/congreso-peruano-no-aprueba-reeleccion-de-gobernadores-y-alcaldes-decision-pasa-al-referendum\\\/#primaryimage\"},\"image\":{\"@id\":\"https:\\\/\\\/pulso27.com\\\/tecnologia\\\/congreso-peruano-no-aprueba-reeleccion-de-gobernadores-y-alcaldes-decision-pasa-al-referendum\\\/#primaryimage\"},\"thumbnailUrl\":\"https:\\\/\\\/pulso27.com\\\/wp-content\\\/uploads\\\/2025\\\/06\\\/Reeleccion.png\",\"datePublished\":\"2025-06-06T04:09:28+00:00\",\"dateModified\":\"2025-06-06T05:12:36+00:00\",\"breadcrumb\":{\"@id\":\"https:\\\/\\\/pulso27.com\\\/tecnologia\\\/congreso-peruano-no-aprueba-reeleccion-de-gobernadores-y-alcaldes-decision-pasa-al-referendum\\\/#breadcrumb\"},\"inLanguage\":\"en-US\",\"potentialAction\":[{\"@type\":\"ReadAction\",\"target\":[\"https:\\\/\\\/pulso27.com\\\/tecnologia\\\/congreso-peruano-no-aprueba-reeleccion-de-gobernadores-y-alcaldes-decision-pasa-al-referendum\\\/\"]}]},{\"@type\":\"ImageObject\",\"inLanguage\":\"en-US\",\"@id\":\"https:\\\/\\\/pulso27.com\\\/tecnologia\\\/congreso-peruano-no-aprueba-reeleccion-de-gobernadores-y-alcaldes-decision-pasa-al-referendum\\\/#primaryimage\",\"url\":\"https:\\\/\\\/pulso27.com\\\/wp-content\\\/uploads\\\/2025\\\/06\\\/Reeleccion.png\",\"contentUrl\":\"https:\\\/\\\/pulso27.com\\\/wp-content\\\/uploads\\\/2025\\\/06\\\/Reeleccion.png\",\"width\":1024,\"height\":767,\"caption\":\"Reeleci\u00f3n de gobernadores y alcaldes no se aprob\u00f3\"},{\"@type\":\"BreadcrumbList\",\"@id\":\"https:\\\/\\\/pulso27.com\\\/tecnologia\\\/congreso-peruano-no-aprueba-reeleccion-de-gobernadores-y-alcaldes-decision-pasa-al-referendum\\\/#breadcrumb\",\"itemListElement\":[{\"@type\":\"ListItem\",\"position\":1,\"name\":\"Portada\",\"item\":\"https:\\\/\\\/pulso27.com\\\/\"},{\"@type\":\"ListItem\",\"position\":2,\"name\":\"Congreso peruano no aprueba reelecci\u00f3n de gobernadores y alcaldes: Decisi\u00f3n pasa al refer\u00e9ndum\"}]},{\"@type\":\"WebSite\",\"@id\":\"https:\\\/\\\/pulso27.com\\\/en\\\/#website\",\"url\":\"https:\\\/\\\/pulso27.com\\\/en\\\/\",\"name\":\"Pulso27\",\"description\":\"Web de noticias y publicidad\",\"publisher\":{\"@id\":\"https:\\\/\\\/pulso27.com\\\/en\\\/#organization\"},\"alternateName\":\"El pulso del pueblo\",\"potentialAction\":[{\"@type\":\"SearchAction\",\"target\":{\"@type\":\"EntryPoint\",\"urlTemplate\":\"https:\\\/\\\/pulso27.com\\\/en\\\/?s={search_term_string}\"},\"query-input\":{\"@type\":\"PropertyValueSpecification\",\"valueRequired\":true,\"valueName\":\"search_term_string\"}}],\"inLanguage\":\"en-US\"},{\"@type\":\"Organization\",\"@id\":\"https:\\\/\\\/pulso27.com\\\/en\\\/#organization\",\"name\":\"Pulso27\",\"url\":\"https:\\\/\\\/pulso27.com\\\/en\\\/\",\"logo\":{\"@type\":\"ImageObject\",\"inLanguage\":\"en-US\",\"@id\":\"https:\\\/\\\/pulso27.com\\\/en\\\/#\\\/schema\\\/logo\\\/image\\\/\",\"url\":\"https:\\\/\\\/pulso27.com\\\/wp-content\\\/uploads\\\/2026\\\/02\\\/Logotipo-de-la-organizacion-696-x-696-px-ok.png\",\"contentUrl\":\"https:\\\/\\\/pulso27.com\\\/wp-content\\\/uploads\\\/2026\\\/02\\\/Logotipo-de-la-organizacion-696-x-696-px-ok.png\",\"width\":696,\"height\":696,\"caption\":\"Pulso27\"},\"image\":{\"@id\":\"https:\\\/\\\/pulso27.com\\\/en\\\/#\\\/schema\\\/logo\\\/image\\\/\"},\"sameAs\":[\"https:\\\/\\\/www.facebook.com\\\/pulso27\\\/\",\"https:\\\/\\\/x.com\\\/Pulso_27\",\"https:\\\/\\\/www.youtube.com\\\/@Pulso27\",\"https:\\\/\\\/www.tiktok.com\\\/@pulso_27\"]},{\"@type\":\"Person\",\"@id\":\"https:\\\/\\\/pulso27.com\\\/en\\\/#\\\/schema\\\/person\\\/bf5ee161e6c87f6c7d57f5e689ef8526\",\"name\":\"Redactor\",\"image\":{\"@type\":\"ImageObject\",\"inLanguage\":\"en-US\",\"@id\":\"https:\\\/\\\/pulso27.com\\\/wp-content\\\/uploads\\\/2025\\\/03\\\/a-150x150.png\",\"url\":\"https:\\\/\\\/pulso27.com\\\/wp-content\\\/uploads\\\/2025\\\/03\\\/a-150x150.png\",\"contentUrl\":\"https:\\\/\\\/pulso27.com\\\/wp-content\\\/uploads\\\/2025\\\/03\\\/a-150x150.png\",\"caption\":\"Redactor\"},\"sameAs\":[\"http:\\\/\\\/www.pulso27.com\"],\"url\":\"https:\\\/\\\/pulso27.com\\\/en\\\/author\\\/redactor\\\/\"}]}<\/script>\n<!-- \/ Yoast SEO plugin. -->","yoast_head_json":{"title":"Congreso peruano no aprueba reelecci\u00f3n de gobernadores y alcaldes: Decisi\u00f3n pasa al refer\u00e9ndum - Pulso27","robots":{"index":"index","follow":"follow","max-snippet":"max-snippet:-1","max-image-preview":"max-image-preview:large","max-video-preview":"max-video-preview:-1"},"canonical":"https:\/\/pulso27.com\/en\/tecnologia\/congreso-peruano-no-aprueba-reeleccion-de-gobernadores-y-alcaldes-decision-pasa-al-referendum\/","og_locale":"en_US","og_type":"article","og_title":"Congreso peruano no aprueba reelecci\u00f3n de gobernadores y alcaldes: Decisi\u00f3n pasa al refer\u00e9ndum - Pulso27","og_description":"Lima, 5 de junio de 2025 \u2013 El Congreso de la Rep\u00fablica no logr\u00f3 los 87 votos necesarios para aprobar en segunda votaci\u00f3n la reforma constitucional que permitir\u00eda la reelecci\u00f3n inmediata de gobernadores regionales y alcaldes por un per\u00edodo adicional. Con 80 votos a favor, 33 en contra y 4 abstenciones, la propuesta, liderada por [&hellip;]","og_url":"https:\/\/pulso27.com\/en\/tecnologia\/congreso-peruano-no-aprueba-reeleccion-de-gobernadores-y-alcaldes-decision-pasa-al-referendum\/","og_site_name":"Pulso27","article_publisher":"https:\/\/www.facebook.com\/pulso27\/","article_published_time":"2025-06-06T04:09:28+00:00","article_modified_time":"2025-06-06T05:12:36+00:00","og_image":[{"width":1024,"height":767,"url":"https:\/\/pulso27.com\/wp-content\/uploads\/2025\/06\/Reeleccion.png","type":"image\/png"}],"author":"Redactor","twitter_card":"summary_large_image","twitter_creator":"@Pulso_27","twitter_site":"@Pulso_27","twitter_misc":{"Written by":"Redactor","Est. reading time":"3 minutes"},"schema":{"@context":"https:\/\/schema.org","@graph":[{"@type":"Article","@id":"https:\/\/pulso27.com\/tecnologia\/congreso-peruano-no-aprueba-reeleccion-de-gobernadores-y-alcaldes-decision-pasa-al-referendum\/#article","isPartOf":{"@id":"https:\/\/pulso27.com\/tecnologia\/congreso-peruano-no-aprueba-reeleccion-de-gobernadores-y-alcaldes-decision-pasa-al-referendum\/"},"author":{"name":"Redactor","@id":"https:\/\/pulso27.com\/en\/#\/schema\/person\/bf5ee161e6c87f6c7d57f5e689ef8526"},"headline":"Congreso peruano no aprueba reelecci\u00f3n de gobernadores y alcaldes: Decisi\u00f3n pasa al refer\u00e9ndum","datePublished":"2025-06-06T04:09:28+00:00","dateModified":"2025-06-06T05:12:36+00:00","mainEntityOfPage":{"@id":"https:\/\/pulso27.com\/tecnologia\/congreso-peruano-no-aprueba-reeleccion-de-gobernadores-y-alcaldes-decision-pasa-al-referendum\/"},"wordCount":400,"commentCount":0,"publisher":{"@id":"https:\/\/pulso27.com\/en\/#organization"},"image":{"@id":"https:\/\/pulso27.com\/tecnologia\/congreso-peruano-no-aprueba-reeleccion-de-gobernadores-y-alcaldes-decision-pasa-al-referendum\/#primaryimage"},"thumbnailUrl":"https:\/\/pulso27.com\/wp-content\/uploads\/2025\/06\/Reeleccion.png","articleSection":["Tecnolog\u00eda"],"inLanguage":"en-US","potentialAction":[{"@type":"CommentAction","name":"Comment","target":["https:\/\/pulso27.com\/tecnologia\/congreso-peruano-no-aprueba-reeleccion-de-gobernadores-y-alcaldes-decision-pasa-al-referendum\/#respond"]}]},{"@type":"WebPage","@id":"https:\/\/pulso27.com\/tecnologia\/congreso-peruano-no-aprueba-reeleccion-de-gobernadores-y-alcaldes-decision-pasa-al-referendum\/","url":"https:\/\/pulso27.com\/tecnologia\/congreso-peruano-no-aprueba-reeleccion-de-gobernadores-y-alcaldes-decision-pasa-al-referendum\/","name":"Congreso peruano no aprueba reelecci\u00f3n de gobernadores y alcaldes: Decisi\u00f3n pasa al refer\u00e9ndum - Pulso27","isPartOf":{"@id":"https:\/\/pulso27.com\/en\/#website"},"primaryImageOfPage":{"@id":"https:\/\/pulso27.com\/tecnologia\/congreso-peruano-no-aprueba-reeleccion-de-gobernadores-y-alcaldes-decision-pasa-al-referendum\/#primaryimage"},"image":{"@id":"https:\/\/pulso27.com\/tecnologia\/congreso-peruano-no-aprueba-reeleccion-de-gobernadores-y-alcaldes-decision-pasa-al-referendum\/#primaryimage"},"thumbnailUrl":"https:\/\/pulso27.com\/wp-content\/uploads\/2025\/06\/Reeleccion.png","datePublished":"2025-06-06T04:09:28+00:00","dateModified":"2025-06-06T05:12:36+00:00","breadcrumb":{"@id":"https:\/\/pulso27.com\/tecnologia\/congreso-peruano-no-aprueba-reeleccion-de-gobernadores-y-alcaldes-decision-pasa-al-referendum\/#breadcrumb"},"inLanguage":"en-US","potentialAction":[{"@type":"ReadAction","target":["https:\/\/pulso27.com\/tecnologia\/congreso-peruano-no-aprueba-reeleccion-de-gobernadores-y-alcaldes-decision-pasa-al-referendum\/"]}]},{"@type":"ImageObject","inLanguage":"en-US","@id":"https:\/\/pulso27.com\/tecnologia\/congreso-peruano-no-aprueba-reeleccion-de-gobernadores-y-alcaldes-decision-pasa-al-referendum\/#primaryimage","url":"https:\/\/pulso27.com\/wp-content\/uploads\/2025\/06\/Reeleccion.png","contentUrl":"https:\/\/pulso27.com\/wp-content\/uploads\/2025\/06\/Reeleccion.png","width":1024,"height":767,"caption":"Reeleci\u00f3n de gobernadores y alcaldes no se aprob\u00f3"},{"@type":"BreadcrumbList","@id":"https:\/\/pulso27.com\/tecnologia\/congreso-peruano-no-aprueba-reeleccion-de-gobernadores-y-alcaldes-decision-pasa-al-referendum\/#breadcrumb","itemListElement":[{"@type":"ListItem","position":1,"name":"Portada","item":"https:\/\/pulso27.com\/"},{"@type":"ListItem","position":2,"name":"Congreso peruano no aprueba reelecci\u00f3n de gobernadores y alcaldes: Decisi\u00f3n pasa al refer\u00e9ndum"}]},{"@type":"WebSite","@id":"https:\/\/pulso27.com\/en\/#website","url":"https:\/\/pulso27.com\/en\/","name":"Pulso27","description":"Web de noticias y publicidad","publisher":{"@id":"https:\/\/pulso27.com\/en\/#organization"},"alternateName":"El pulso del pueblo","potentialAction":[{"@type":"SearchAction","target":{"@type":"EntryPoint","urlTemplate":"https:\/\/pulso27.com\/en\/?s={search_term_string}"},"query-input":{"@type":"PropertyValueSpecification","valueRequired":true,"valueName":"search_term_string"}}],"inLanguage":"en-US"},{"@type":"Organization","@id":"https:\/\/pulso27.com\/en\/#organization","name":"Pulso27","url":"https:\/\/pulso27.com\/en\/","logo":{"@type":"ImageObject","inLanguage":"en-US","@id":"https:\/\/pulso27.com\/en\/#\/schema\/logo\/image\/","url":"https:\/\/pulso27.com\/wp-content\/uploads\/2026\/02\/Logotipo-de-la-organizacion-696-x-696-px-ok.png","contentUrl":"https:\/\/pulso27.com\/wp-content\/uploads\/2026\/02\/Logotipo-de-la-organizacion-696-x-696-px-ok.png","width":696,"height":696,"caption":"Pulso27"},"image":{"@id":"https:\/\/pulso27.com\/en\/#\/schema\/logo\/image\/"},"sameAs":["https:\/\/www.facebook.com\/pulso27\/","https:\/\/x.com\/Pulso_27","https:\/\/www.youtube.com\/@Pulso27","https:\/\/www.tiktok.com\/@pulso_27"]},{"@type":"Person","@id":"https:\/\/pulso27.com\/en\/#\/schema\/person\/bf5ee161e6c87f6c7d57f5e689ef8526","name":"Redactor","image":{"@type":"ImageObject","inLanguage":"en-US","@id":"https:\/\/pulso27.com\/wp-content\/uploads\/2025\/03\/a-150x150.png","url":"https:\/\/pulso27.com\/wp-content\/uploads\/2025\/03\/a-150x150.png","contentUrl":"https:\/\/pulso27.com\/wp-content\/uploads\/2025\/03\/a-150x150.png","caption":"Redactor"},"sameAs":["http:\/\/www.pulso27.com"],"url":"https:\/\/pulso27.com\/en\/author\/redactor\/"}]}},"amp_enabled":true,"_links":{"self":[{"href":"https:\/\/pulso27.com\/en\/wp-json\/wp\/v2\/posts\/5527","targetHints":{"allow":["GET"]}}],"collection":[{"href":"https:\/\/pulso27.com\/en\/wp-json\/wp\/v2\/posts"}],"about":[{"href":"https:\/\/pulso27.com\/en\/wp-json\/wp\/v2\/types\/post"}],"author":[{"embeddable":true,"href":"https:\/\/pulso27.com\/en\/wp-json\/wp\/v2\/users\/13"}],"replies":[{"embeddable":true,"href":"https:\/\/pulso27.com\/en\/wp-json\/wp\/v2\/comments?post=5527"}],"version-history":[{"count":4,"href":"https:\/\/pulso27.com\/en\/wp-json\/wp\/v2\/posts\/5527\/revisions"}],"predecessor-version":[{"id":5540,"href":"https:\/\/pulso27.com\/en\/wp-json\/wp\/v2\/posts\/5527\/revisions\/5540"}],"wp:featuredmedia":[{"embeddable":true,"href":"https:\/\/pulso27.com\/en\/wp-json\/wp\/v2\/media\/5530"}],"wp:attachment":[{"href":"https:\/\/pulso27.com\/en\/wp-json\/wp\/v2\/media?parent=5527"}],"wp:term":[{"taxonomy":"category","embeddable":true,"href":"https:\/\/pulso27.com\/en\/wp-json\/wp\/v2\/categories?post=5527"},{"taxonomy":"post_tag","embeddable":true,"href":"https:\/\/pulso27.com\/en\/wp-json\/wp\/v2\/tags?post=5527"}],"curies":[{"name":"wp","href":"https:\/\/api.w.org\/{rel}","templated":true}]}}