{"id":5542,"date":"2025-06-06T11:08:03","date_gmt":"2025-06-06T06:08:03","guid":{"rendered":"https:\/\/pulso27.com\/?p=5542"},"modified":"2025-06-06T11:08:08","modified_gmt":"2025-06-06T06:08:08","slug":"comunidades-campesinas-exigen-derogatoria-de-la-ley-32293-en-defensa-de-sus-tierras-ancestrales","status":"publish","type":"post","link":"https:\/\/pulso27.com\/en\/actualidad\/agricultura\/comunidades-campesinas-exigen-derogatoria-de-la-ley-32293-en-defensa-de-sus-tierras-ancestrales\/","title":{"rendered":"Comunidades Campesinas Exigen Derogatoria de la Ley 32293 en Defensa de sus Tierras Ancestrales"},"content":{"rendered":"<p>Cusco, 6 de junio de 2025 \u2013 M\u00e1s de 6,000 comunidades campesinas del Per\u00fa, representando a unos 2 millones de campesinos, han iniciado una movilizaci\u00f3n nacional para exigir la derogatoria de la Ley 32293, promulgada el 8 de abril de 2025, que permite la formalizaci\u00f3n de posesiones informales sobre tierras comunales ocupadas entre 2004 y 2015. Organizaciones como la Federaci\u00f3n Agraria Revolucionaria T\u00fapac Amaru II del Cusco (FARTAC) denuncian que esta norma vulnera los derechos territoriales de las comunidades, facilitando el despojo de sus tierras en favor de traficantes de terrenos y grandes empresas.<\/p>\n\n\n\n<p>La Ley 32293, que modifica la Ley 24657, ha generado indignaci\u00f3n por contradecir el art\u00edculo 89 de la Constituci\u00f3n, que protege la imprescriptibilidad de las tierras comunales, y por omitir la consulta previa exigida por el Convenio 169 de la OIT. Seg\u00fan AIDESEP y expertos de CEPES e IDL, la norma legaliza ocupaciones informales, exponiendo a las comunidades a la p\u00e9rdida de sus territorios ancestrales y a nuevos conflictos sociales. \u201cEsta ley es un ataque directo a nuestra identidad y sustento\u201d, afirm\u00f3 un l\u00edder de la FARTAC.<\/p>\n\n\n\n<p>En respuesta, las comunidades campesinas, lideradas por organizaciones como la FARTAC, han tomado la iniciativa de impulsar la derogatoria de la Ley 32293. La congresista Margot Palacios apoya esta lucha con el Proyecto de Ley 11394, presentado para anular la norma y restaurar la soberan\u00eda de las comunidades sobre sus tierras. \u201cLas comunidades son las protagonistas de esta lucha; nuestro proyecto es una herramienta para respaldar su justa demanda\u201d, declar\u00f3 Palacios.<\/p>\n\n\n\n<p>Las organizaciones campesinas han anunciado marchas, asambleas y acciones legales a nivel nacional para presionar al Congreso por la aprobaci\u00f3n del Proyecto de Ley 11394. El 5 de junio, un conversatorio virtual en Cusco, titulado \u201cDerogatoria de todas las leyes Boluarte que perjudican al pueblo\u201d, reuni\u00f3 a l\u00edderes campesinos para denunciar la inconstitucionalidad de la Ley 32293 y planificar estrategias de resistencia. \u201cNo permitiremos que nos arrebaten nuestras tierras\u201d, enfatiz\u00f3 un representante de la FARTAC.<\/p>\n\n\n\n<figure class=\"wp-block-image size-full is-resized\"><img loading=\"lazy\" decoding=\"async\" width=\"512\" height=\"640\" src=\"https:\/\/pulso27.com\/wp-content\/uploads\/2025\/06\/image-10.png\" alt=\"\" class=\"wp-image-5544\" style=\"width:740px;height:auto\" srcset=\"https:\/\/pulso27.com\/wp-content\/uploads\/2025\/06\/image-10.png 512w, https:\/\/pulso27.com\/wp-content\/uploads\/2025\/06\/image-10-240x300.png 240w, https:\/\/pulso27.com\/wp-content\/uploads\/2025\/06\/image-10-10x12.png 10w\" sizes=\"auto, (max-width: 512px) 100vw, 512px\" \/><\/figure>\n\n\n\n<p>El impacto de la Ley 32293 va m\u00e1s all\u00e1 de lo territorial, amenazando la identidad cultural y los medios de vida de las comunidades. La norma podr\u00eda facilitar proyectos extractivos y especulaci\u00f3n inmobiliaria, mientras criminaliza a l\u00edderes comunales que defienden sus territorios. AIDESEP ha propuesto demandas de inconstitucionalidad ante el Tribunal Constitucional, se\u00f1alando la falta de consulta previa como una violaci\u00f3n de los derechos fundamentales.<\/p>\n\n\n\n<p>El Proyecto de Ley 11394, disponible en www.congreso.gob.pe y en https:\/\/goo.su\/cZEYozJ, espera ser debatido en comisiones como la Agraria y la de Pueblos Andinos. Su aprobaci\u00f3n depende del apoyo pol\u00edtico y de la presi\u00f3n de las comunidades, que est\u00e1n decididas a proteger su patrimonio. Las organizaciones campesinas llaman a la ciudadan\u00eda a unirse a su causa, difundiendo informaci\u00f3n y participando en las movilizaciones.<\/p>\n\n\n\n<p>La lucha por la derogatoria de la Ley 32293 es un clamor por justicia y dignidad. Con las comunidades campesinas al frente y el respaldo de aliados como la congresista Palacios, esta movilizaci\u00f3n busca revertir siglos de despojo y garantizar que las tierras comunales sigan siendo el coraz\u00f3n de la vida campesina en el Per\u00fa.<\/p>","protected":false},"excerpt":{"rendered":"<p>Cusco, 6 de junio de 2025 \u2013 M\u00e1s de 6,000 comunidades campesinas del Per\u00fa, representando a unos 2 millones de campesinos, han iniciado una movilizaci\u00f3n nacional para exigir la derogatoria de la Ley 32293, promulgada el 8 de abril de 2025, que permite la formalizaci\u00f3n de posesiones informales sobre tierras comunales ocupadas entre 2004 y [&hellip;]<\/p>\n","protected":false},"author":7,"featured_media":5543,"comment_status":"open","ping_status":"open","sticky":false,"template":"","format":"standard","meta":{"footnotes":""},"categories":[818,1847,174],"tags":[659,2317,1263],"class_list":["post-5542","post","type-post","status-publish","format-standard","has-post-thumbnail","hentry","category-agricultura","category-ambiente","category-nacional","tag-agricultura","tag-comunidadescampesinas","tag-margotpalacios"],"yoast_head":"<!-- This site is optimized with the Yoast SEO plugin v27.4 - https:\/\/yoast.com\/product\/yoast-seo-wordpress\/ -->\n<title>Comunidades Campesinas Exigen Derogatoria de la Ley 32293 en Defensa de sus Tierras Ancestrales - Pulso27<\/title>\n<meta name=\"robots\" content=\"index, follow, max-snippet:-1, max-image-preview:large, max-video-preview:-1\" \/>\n<link rel=\"canonical\" href=\"https:\/\/pulso27.com\/en\/actualidad\/agricultura\/comunidades-campesinas-exigen-derogatoria-de-la-ley-32293-en-defensa-de-sus-tierras-ancestrales\/\" \/>\n<meta property=\"og:locale\" content=\"en_US\" \/>\n<meta property=\"og:type\" content=\"article\" \/>\n<meta property=\"og:title\" content=\"Comunidades Campesinas Exigen Derogatoria de la Ley 32293 en Defensa de sus Tierras Ancestrales - Pulso27\" \/>\n<meta property=\"og:description\" content=\"Cusco, 6 de junio de 2025 \u2013 M\u00e1s de 6,000 comunidades campesinas del Per\u00fa, representando a unos 2 millones de campesinos, han iniciado una movilizaci\u00f3n nacional para exigir la derogatoria de la Ley 32293, promulgada el 8 de abril de 2025, que permite la formalizaci\u00f3n de posesiones informales sobre tierras comunales ocupadas entre 2004 y [&hellip;]\" \/>\n<meta property=\"og:url\" content=\"https:\/\/pulso27.com\/en\/actualidad\/agricultura\/comunidades-campesinas-exigen-derogatoria-de-la-ley-32293-en-defensa-de-sus-tierras-ancestrales\/\" \/>\n<meta property=\"og:site_name\" content=\"Pulso27\" \/>\n<meta property=\"article:publisher\" content=\"https:\/\/www.facebook.com\/pulso27\/\" \/>\n<meta property=\"article:published_time\" content=\"2025-06-06T06:08:03+00:00\" \/>\n<meta property=\"article:modified_time\" content=\"2025-06-06T06:08:08+00:00\" \/>\n<meta property=\"og:image\" content=\"https:\/\/pulso27.com\/wp-content\/uploads\/2025\/06\/Fartac.png\" \/>\n\t<meta property=\"og:image:width\" content=\"1024\" \/>\n\t<meta property=\"og:image:height\" content=\"767\" \/>\n\t<meta property=\"og:image:type\" content=\"image\/png\" \/>\n<meta name=\"author\" content=\"Tupaq\" \/>\n<meta name=\"twitter:card\" content=\"summary_large_image\" \/>\n<meta name=\"twitter:creator\" content=\"@Pulso_27\" \/>\n<meta name=\"twitter:site\" content=\"@Pulso_27\" \/>\n<meta name=\"twitter:label1\" content=\"Written by\" \/>\n\t<meta name=\"twitter:data1\" content=\"Tupaq\" \/>\n\t<meta name=\"twitter:label2\" content=\"Est. reading time\" \/>\n\t<meta name=\"twitter:data2\" content=\"3 minutes\" \/>\n<script type=\"application\/ld+json\" class=\"yoast-schema-graph\">{\"@context\":\"https:\\\/\\\/schema.org\",\"@graph\":[{\"@type\":\"Article\",\"@id\":\"https:\\\/\\\/pulso27.com\\\/actualidad\\\/agricultura\\\/comunidades-campesinas-exigen-derogatoria-de-la-ley-32293-en-defensa-de-sus-tierras-ancestrales\\\/#article\",\"isPartOf\":{\"@id\":\"https:\\\/\\\/pulso27.com\\\/actualidad\\\/agricultura\\\/comunidades-campesinas-exigen-derogatoria-de-la-ley-32293-en-defensa-de-sus-tierras-ancestrales\\\/\"},\"author\":{\"name\":\"Tupaq\",\"@id\":\"https:\\\/\\\/pulso27.com\\\/en\\\/#\\\/schema\\\/person\\\/d20fd7f5bc7f2e53fd150d43fca07a78\"},\"headline\":\"Comunidades Campesinas Exigen Derogatoria de la Ley 32293 en Defensa de sus Tierras Ancestrales\",\"datePublished\":\"2025-06-06T06:08:03+00:00\",\"dateModified\":\"2025-06-06T06:08:08+00:00\",\"mainEntityOfPage\":{\"@id\":\"https:\\\/\\\/pulso27.com\\\/actualidad\\\/agricultura\\\/comunidades-campesinas-exigen-derogatoria-de-la-ley-32293-en-defensa-de-sus-tierras-ancestrales\\\/\"},\"wordCount\":535,\"commentCount\":0,\"publisher\":{\"@id\":\"https:\\\/\\\/pulso27.com\\\/en\\\/#organization\"},\"image\":{\"@id\":\"https:\\\/\\\/pulso27.com\\\/actualidad\\\/agricultura\\\/comunidades-campesinas-exigen-derogatoria-de-la-ley-32293-en-defensa-de-sus-tierras-ancestrales\\\/#primaryimage\"},\"thumbnailUrl\":\"https:\\\/\\\/pulso27.com\\\/wp-content\\\/uploads\\\/2025\\\/06\\\/Fartac.png\",\"keywords\":[\"Agricultura\",\"ComunidadesCampesinas\",\"MargotPalacios\"],\"articleSection\":[\"Agricultura\",\"Ambiente\",\"Nacional\"],\"inLanguage\":\"en-US\",\"potentialAction\":[{\"@type\":\"CommentAction\",\"name\":\"Comment\",\"target\":[\"https:\\\/\\\/pulso27.com\\\/actualidad\\\/agricultura\\\/comunidades-campesinas-exigen-derogatoria-de-la-ley-32293-en-defensa-de-sus-tierras-ancestrales\\\/#respond\"]}]},{\"@type\":\"WebPage\",\"@id\":\"https:\\\/\\\/pulso27.com\\\/actualidad\\\/agricultura\\\/comunidades-campesinas-exigen-derogatoria-de-la-ley-32293-en-defensa-de-sus-tierras-ancestrales\\\/\",\"url\":\"https:\\\/\\\/pulso27.com\\\/actualidad\\\/agricultura\\\/comunidades-campesinas-exigen-derogatoria-de-la-ley-32293-en-defensa-de-sus-tierras-ancestrales\\\/\",\"name\":\"Comunidades Campesinas Exigen Derogatoria de la Ley 32293 en Defensa de sus Tierras Ancestrales - Pulso27\",\"isPartOf\":{\"@id\":\"https:\\\/\\\/pulso27.com\\\/en\\\/#website\"},\"primaryImageOfPage\":{\"@id\":\"https:\\\/\\\/pulso27.com\\\/actualidad\\\/agricultura\\\/comunidades-campesinas-exigen-derogatoria-de-la-ley-32293-en-defensa-de-sus-tierras-ancestrales\\\/#primaryimage\"},\"image\":{\"@id\":\"https:\\\/\\\/pulso27.com\\\/actualidad\\\/agricultura\\\/comunidades-campesinas-exigen-derogatoria-de-la-ley-32293-en-defensa-de-sus-tierras-ancestrales\\\/#primaryimage\"},\"thumbnailUrl\":\"https:\\\/\\\/pulso27.com\\\/wp-content\\\/uploads\\\/2025\\\/06\\\/Fartac.png\",\"datePublished\":\"2025-06-06T06:08:03+00:00\",\"dateModified\":\"2025-06-06T06:08:08+00:00\",\"breadcrumb\":{\"@id\":\"https:\\\/\\\/pulso27.com\\\/actualidad\\\/agricultura\\\/comunidades-campesinas-exigen-derogatoria-de-la-ley-32293-en-defensa-de-sus-tierras-ancestrales\\\/#breadcrumb\"},\"inLanguage\":\"en-US\",\"potentialAction\":[{\"@type\":\"ReadAction\",\"target\":[\"https:\\\/\\\/pulso27.com\\\/actualidad\\\/agricultura\\\/comunidades-campesinas-exigen-derogatoria-de-la-ley-32293-en-defensa-de-sus-tierras-ancestrales\\\/\"]}]},{\"@type\":\"ImageObject\",\"inLanguage\":\"en-US\",\"@id\":\"https:\\\/\\\/pulso27.com\\\/actualidad\\\/agricultura\\\/comunidades-campesinas-exigen-derogatoria-de-la-ley-32293-en-defensa-de-sus-tierras-ancestrales\\\/#primaryimage\",\"url\":\"https:\\\/\\\/pulso27.com\\\/wp-content\\\/uploads\\\/2025\\\/06\\\/Fartac.png\",\"contentUrl\":\"https:\\\/\\\/pulso27.com\\\/wp-content\\\/uploads\\\/2025\\\/06\\\/Fartac.png\",\"width\":1024,\"height\":767},{\"@type\":\"BreadcrumbList\",\"@id\":\"https:\\\/\\\/pulso27.com\\\/actualidad\\\/agricultura\\\/comunidades-campesinas-exigen-derogatoria-de-la-ley-32293-en-defensa-de-sus-tierras-ancestrales\\\/#breadcrumb\",\"itemListElement\":[{\"@type\":\"ListItem\",\"position\":1,\"name\":\"Portada\",\"item\":\"https:\\\/\\\/pulso27.com\\\/\"},{\"@type\":\"ListItem\",\"position\":2,\"name\":\"Comunidades Campesinas Exigen Derogatoria de la Ley 32293 en Defensa de sus Tierras Ancestrales\"}]},{\"@type\":\"WebSite\",\"@id\":\"https:\\\/\\\/pulso27.com\\\/en\\\/#website\",\"url\":\"https:\\\/\\\/pulso27.com\\\/en\\\/\",\"name\":\"Pulso27\",\"description\":\"Web de noticias y publicidad\",\"publisher\":{\"@id\":\"https:\\\/\\\/pulso27.com\\\/en\\\/#organization\"},\"alternateName\":\"El pulso del pueblo\",\"potentialAction\":[{\"@type\":\"SearchAction\",\"target\":{\"@type\":\"EntryPoint\",\"urlTemplate\":\"https:\\\/\\\/pulso27.com\\\/en\\\/?s={search_term_string}\"},\"query-input\":{\"@type\":\"PropertyValueSpecification\",\"valueRequired\":true,\"valueName\":\"search_term_string\"}}],\"inLanguage\":\"en-US\"},{\"@type\":\"Organization\",\"@id\":\"https:\\\/\\\/pulso27.com\\\/en\\\/#organization\",\"name\":\"Pulso27\",\"url\":\"https:\\\/\\\/pulso27.com\\\/en\\\/\",\"logo\":{\"@type\":\"ImageObject\",\"inLanguage\":\"en-US\",\"@id\":\"https:\\\/\\\/pulso27.com\\\/en\\\/#\\\/schema\\\/logo\\\/image\\\/\",\"url\":\"https:\\\/\\\/pulso27.com\\\/wp-content\\\/uploads\\\/2026\\\/02\\\/Logotipo-de-la-organizacion-696-x-696-px-ok.png\",\"contentUrl\":\"https:\\\/\\\/pulso27.com\\\/wp-content\\\/uploads\\\/2026\\\/02\\\/Logotipo-de-la-organizacion-696-x-696-px-ok.png\",\"width\":696,\"height\":696,\"caption\":\"Pulso27\"},\"image\":{\"@id\":\"https:\\\/\\\/pulso27.com\\\/en\\\/#\\\/schema\\\/logo\\\/image\\\/\"},\"sameAs\":[\"https:\\\/\\\/www.facebook.com\\\/pulso27\\\/\",\"https:\\\/\\\/x.com\\\/Pulso_27\",\"https:\\\/\\\/www.youtube.com\\\/@Pulso27\",\"https:\\\/\\\/www.tiktok.com\\\/@pulso_27\"]},{\"@type\":\"Person\",\"@id\":\"https:\\\/\\\/pulso27.com\\\/en\\\/#\\\/schema\\\/person\\\/d20fd7f5bc7f2e53fd150d43fca07a78\",\"name\":\"Tupaq\",\"image\":{\"@type\":\"ImageObject\",\"inLanguage\":\"en-US\",\"@id\":\"https:\\\/\\\/secure.gravatar.com\\\/avatar\\\/7929e9b034aeea560319a601e4f04c59eb5f45a79eafe192adabb67e9604e7e7?s=96&d=mm&r=g\",\"url\":\"https:\\\/\\\/secure.gravatar.com\\\/avatar\\\/7929e9b034aeea560319a601e4f04c59eb5f45a79eafe192adabb67e9604e7e7?s=96&d=mm&r=g\",\"contentUrl\":\"https:\\\/\\\/secure.gravatar.com\\\/avatar\\\/7929e9b034aeea560319a601e4f04c59eb5f45a79eafe192adabb67e9604e7e7?s=96&d=mm&r=g\",\"caption\":\"Tupaq\"},\"url\":\"https:\\\/\\\/pulso27.com\\\/en\\\/author\\\/tupaq\\\/\"}]}<\/script>\n<!-- \/ Yoast SEO plugin. -->","yoast_head_json":{"title":"Comunidades Campesinas Exigen Derogatoria de la Ley 32293 en Defensa de sus Tierras Ancestrales - Pulso27","robots":{"index":"index","follow":"follow","max-snippet":"max-snippet:-1","max-image-preview":"max-image-preview:large","max-video-preview":"max-video-preview:-1"},"canonical":"https:\/\/pulso27.com\/en\/actualidad\/agricultura\/comunidades-campesinas-exigen-derogatoria-de-la-ley-32293-en-defensa-de-sus-tierras-ancestrales\/","og_locale":"en_US","og_type":"article","og_title":"Comunidades Campesinas Exigen Derogatoria de la Ley 32293 en Defensa de sus Tierras Ancestrales - Pulso27","og_description":"Cusco, 6 de junio de 2025 \u2013 M\u00e1s de 6,000 comunidades campesinas del Per\u00fa, representando a unos 2 millones de campesinos, han iniciado una movilizaci\u00f3n nacional para exigir la derogatoria de la Ley 32293, promulgada el 8 de abril de 2025, que permite la formalizaci\u00f3n de posesiones informales sobre tierras comunales ocupadas entre 2004 y [&hellip;]","og_url":"https:\/\/pulso27.com\/en\/actualidad\/agricultura\/comunidades-campesinas-exigen-derogatoria-de-la-ley-32293-en-defensa-de-sus-tierras-ancestrales\/","og_site_name":"Pulso27","article_publisher":"https:\/\/www.facebook.com\/pulso27\/","article_published_time":"2025-06-06T06:08:03+00:00","article_modified_time":"2025-06-06T06:08:08+00:00","og_image":[{"width":1024,"height":767,"url":"https:\/\/pulso27.com\/wp-content\/uploads\/2025\/06\/Fartac.png","type":"image\/png"}],"author":"Tupaq","twitter_card":"summary_large_image","twitter_creator":"@Pulso_27","twitter_site":"@Pulso_27","twitter_misc":{"Written by":"Tupaq","Est. reading time":"3 minutes"},"schema":{"@context":"https:\/\/schema.org","@graph":[{"@type":"Article","@id":"https:\/\/pulso27.com\/actualidad\/agricultura\/comunidades-campesinas-exigen-derogatoria-de-la-ley-32293-en-defensa-de-sus-tierras-ancestrales\/#article","isPartOf":{"@id":"https:\/\/pulso27.com\/actualidad\/agricultura\/comunidades-campesinas-exigen-derogatoria-de-la-ley-32293-en-defensa-de-sus-tierras-ancestrales\/"},"author":{"name":"Tupaq","@id":"https:\/\/pulso27.com\/en\/#\/schema\/person\/d20fd7f5bc7f2e53fd150d43fca07a78"},"headline":"Comunidades Campesinas Exigen Derogatoria de la Ley 32293 en Defensa de sus Tierras Ancestrales","datePublished":"2025-06-06T06:08:03+00:00","dateModified":"2025-06-06T06:08:08+00:00","mainEntityOfPage":{"@id":"https:\/\/pulso27.com\/actualidad\/agricultura\/comunidades-campesinas-exigen-derogatoria-de-la-ley-32293-en-defensa-de-sus-tierras-ancestrales\/"},"wordCount":535,"commentCount":0,"publisher":{"@id":"https:\/\/pulso27.com\/en\/#organization"},"image":{"@id":"https:\/\/pulso27.com\/actualidad\/agricultura\/comunidades-campesinas-exigen-derogatoria-de-la-ley-32293-en-defensa-de-sus-tierras-ancestrales\/#primaryimage"},"thumbnailUrl":"https:\/\/pulso27.com\/wp-content\/uploads\/2025\/06\/Fartac.png","keywords":["Agricultura","ComunidadesCampesinas","MargotPalacios"],"articleSection":["Agricultura","Ambiente","Nacional"],"inLanguage":"en-US","potentialAction":[{"@type":"CommentAction","name":"Comment","target":["https:\/\/pulso27.com\/actualidad\/agricultura\/comunidades-campesinas-exigen-derogatoria-de-la-ley-32293-en-defensa-de-sus-tierras-ancestrales\/#respond"]}]},{"@type":"WebPage","@id":"https:\/\/pulso27.com\/actualidad\/agricultura\/comunidades-campesinas-exigen-derogatoria-de-la-ley-32293-en-defensa-de-sus-tierras-ancestrales\/","url":"https:\/\/pulso27.com\/actualidad\/agricultura\/comunidades-campesinas-exigen-derogatoria-de-la-ley-32293-en-defensa-de-sus-tierras-ancestrales\/","name":"Comunidades Campesinas Exigen Derogatoria de la Ley 32293 en Defensa de sus Tierras Ancestrales - Pulso27","isPartOf":{"@id":"https:\/\/pulso27.com\/en\/#website"},"primaryImageOfPage":{"@id":"https:\/\/pulso27.com\/actualidad\/agricultura\/comunidades-campesinas-exigen-derogatoria-de-la-ley-32293-en-defensa-de-sus-tierras-ancestrales\/#primaryimage"},"image":{"@id":"https:\/\/pulso27.com\/actualidad\/agricultura\/comunidades-campesinas-exigen-derogatoria-de-la-ley-32293-en-defensa-de-sus-tierras-ancestrales\/#primaryimage"},"thumbnailUrl":"https:\/\/pulso27.com\/wp-content\/uploads\/2025\/06\/Fartac.png","datePublished":"2025-06-06T06:08:03+00:00","dateModified":"2025-06-06T06:08:08+00:00","breadcrumb":{"@id":"https:\/\/pulso27.com\/actualidad\/agricultura\/comunidades-campesinas-exigen-derogatoria-de-la-ley-32293-en-defensa-de-sus-tierras-ancestrales\/#breadcrumb"},"inLanguage":"en-US","potentialAction":[{"@type":"ReadAction","target":["https:\/\/pulso27.com\/actualidad\/agricultura\/comunidades-campesinas-exigen-derogatoria-de-la-ley-32293-en-defensa-de-sus-tierras-ancestrales\/"]}]},{"@type":"ImageObject","inLanguage":"en-US","@id":"https:\/\/pulso27.com\/actualidad\/agricultura\/comunidades-campesinas-exigen-derogatoria-de-la-ley-32293-en-defensa-de-sus-tierras-ancestrales\/#primaryimage","url":"https:\/\/pulso27.com\/wp-content\/uploads\/2025\/06\/Fartac.png","contentUrl":"https:\/\/pulso27.com\/wp-content\/uploads\/2025\/06\/Fartac.png","width":1024,"height":767},{"@type":"BreadcrumbList","@id":"https:\/\/pulso27.com\/actualidad\/agricultura\/comunidades-campesinas-exigen-derogatoria-de-la-ley-32293-en-defensa-de-sus-tierras-ancestrales\/#breadcrumb","itemListElement":[{"@type":"ListItem","position":1,"name":"Portada","item":"https:\/\/pulso27.com\/"},{"@type":"ListItem","position":2,"name":"Comunidades Campesinas Exigen Derogatoria de la Ley 32293 en Defensa de sus Tierras Ancestrales"}]},{"@type":"WebSite","@id":"https:\/\/pulso27.com\/en\/#website","url":"https:\/\/pulso27.com\/en\/","name":"Pulso27","description":"Web de noticias y publicidad","publisher":{"@id":"https:\/\/pulso27.com\/en\/#organization"},"alternateName":"El pulso del pueblo","potentialAction":[{"@type":"SearchAction","target":{"@type":"EntryPoint","urlTemplate":"https:\/\/pulso27.com\/en\/?s={search_term_string}"},"query-input":{"@type":"PropertyValueSpecification","valueRequired":true,"valueName":"search_term_string"}}],"inLanguage":"en-US"},{"@type":"Organization","@id":"https:\/\/pulso27.com\/en\/#organization","name":"Pulso27","url":"https:\/\/pulso27.com\/en\/","logo":{"@type":"ImageObject","inLanguage":"en-US","@id":"https:\/\/pulso27.com\/en\/#\/schema\/logo\/image\/","url":"https:\/\/pulso27.com\/wp-content\/uploads\/2026\/02\/Logotipo-de-la-organizacion-696-x-696-px-ok.png","contentUrl":"https:\/\/pulso27.com\/wp-content\/uploads\/2026\/02\/Logotipo-de-la-organizacion-696-x-696-px-ok.png","width":696,"height":696,"caption":"Pulso27"},"image":{"@id":"https:\/\/pulso27.com\/en\/#\/schema\/logo\/image\/"},"sameAs":["https:\/\/www.facebook.com\/pulso27\/","https:\/\/x.com\/Pulso_27","https:\/\/www.youtube.com\/@Pulso27","https:\/\/www.tiktok.com\/@pulso_27"]},{"@type":"Person","@id":"https:\/\/pulso27.com\/en\/#\/schema\/person\/d20fd7f5bc7f2e53fd150d43fca07a78","name":"Tupaq","image":{"@type":"ImageObject","inLanguage":"en-US","@id":"https:\/\/secure.gravatar.com\/avatar\/7929e9b034aeea560319a601e4f04c59eb5f45a79eafe192adabb67e9604e7e7?s=96&d=mm&r=g","url":"https:\/\/secure.gravatar.com\/avatar\/7929e9b034aeea560319a601e4f04c59eb5f45a79eafe192adabb67e9604e7e7?s=96&d=mm&r=g","contentUrl":"https:\/\/secure.gravatar.com\/avatar\/7929e9b034aeea560319a601e4f04c59eb5f45a79eafe192adabb67e9604e7e7?s=96&d=mm&r=g","caption":"Tupaq"},"url":"https:\/\/pulso27.com\/en\/author\/tupaq\/"}]}},"amp_enabled":true,"_links":{"self":[{"href":"https:\/\/pulso27.com\/en\/wp-json\/wp\/v2\/posts\/5542","targetHints":{"allow":["GET"]}}],"collection":[{"href":"https:\/\/pulso27.com\/en\/wp-json\/wp\/v2\/posts"}],"about":[{"href":"https:\/\/pulso27.com\/en\/wp-json\/wp\/v2\/types\/post"}],"author":[{"embeddable":true,"href":"https:\/\/pulso27.com\/en\/wp-json\/wp\/v2\/users\/7"}],"replies":[{"embeddable":true,"href":"https:\/\/pulso27.com\/en\/wp-json\/wp\/v2\/comments?post=5542"}],"version-history":[{"count":1,"href":"https:\/\/pulso27.com\/en\/wp-json\/wp\/v2\/posts\/5542\/revisions"}],"predecessor-version":[{"id":5545,"href":"https:\/\/pulso27.com\/en\/wp-json\/wp\/v2\/posts\/5542\/revisions\/5545"}],"wp:featuredmedia":[{"embeddable":true,"href":"https:\/\/pulso27.com\/en\/wp-json\/wp\/v2\/media\/5543"}],"wp:attachment":[{"href":"https:\/\/pulso27.com\/en\/wp-json\/wp\/v2\/media?parent=5542"}],"wp:term":[{"taxonomy":"category","embeddable":true,"href":"https:\/\/pulso27.com\/en\/wp-json\/wp\/v2\/categories?post=5542"},{"taxonomy":"post_tag","embeddable":true,"href":"https:\/\/pulso27.com\/en\/wp-json\/wp\/v2\/tags?post=5542"}],"curies":[{"name":"wp","href":"https:\/\/api.w.org\/{rel}","templated":true}]}}