{"id":5550,"date":"2025-06-07T01:30:26","date_gmt":"2025-06-06T20:30:26","guid":{"rendered":"https:\/\/pulso27.com\/?p=5550"},"modified":"2025-06-07T01:30:31","modified_gmt":"2025-06-06T20:30:31","slug":"alianza-de-partidos-de-centro-derecha-pretende-suplantar-liderazgos-socialistas-y-del-campo-popular","status":"publish","type":"post","link":"https:\/\/pulso27.com\/en\/opinion\/alianza-de-partidos-de-centro-derecha-pretende-suplantar-liderazgos-socialistas-y-del-campo-popular\/","title":{"rendered":"Alianza de partidos de centro derecha pretende suplantar liderazgos socialistas y del campo popular"},"content":{"rendered":"<p>A menos de un a\u00f1o de las elecciones generales de 2026, varios partidos que se autodefinen como progresistas o socialdem\u00f3cratas \u2014Nuevo Per\u00fa, PTE-Per\u00fa, Primero la Gente y Voces del Pueblo, entre otros\u2014 han anunciado su prop\u00f3sito de forjar una \u201cgran convergencia democr\u00e1tica\u201d para enfrentar a las fuerzas liberales y conservadoras. En sendos comunicados aseguran compartir una agenda: el cambio constitucional y una supuesta sinton\u00eda con el \u201cPer\u00fa profundo\u201d. Sin embargo, los hechos y el historial de sus dirigentes sugieren que prima la estrategia de posicionamiento electoral por encima de una convicci\u00f3n ideol\u00f3gica aut\u00e9ntica.<\/p>\n\n\n\n<p>Un discurso sin ra\u00edces<\/p>\n\n\n\n<p>Los l\u00edderes de esta alianza insisten en la necesidad de una nueva Constituci\u00f3n \u201cdesde abajo\u201d, pero sus alianzas, declaraciones y candidaturas no conectan con las demandas reales del campesinado, los trabajadores o los movimientos populares. Figuras como Ver\u00f3nika Mendoza, Marisol P\u00e9rez Tello, Miguel Del Castillo, Alfonso L\u00f3pez-Chau y, m\u00e1s recientemente, Guillermo Bermejo, se han movido entre el progresismo lime\u00f1o y los \u00e1mbitos acad\u00e9micos o tecnocr\u00e1ticos, sin presencia sostenida ni organizaci\u00f3n de base en las zonas rurales. <\/p>\n\n\n\n<p>El caso m\u00e1s ilustrativo es Nuevo Per\u00fa, que acaba de presentar como precandidato presidencial a Vicente Alanoca, acad\u00e9mico pune\u00f1o cuyo discurso se sit\u00faa sorprendentemente en el centro-derecha pese a su origen altipl\u00e1nico. Analistas coinciden en que su figura no logra representar ni movilizar al hist\u00f3ricamente combativo sur andino ni al electorado campesino, que a\u00fan recuerda las promesas incumplidas de la \u201cfalsa izquierda lime\u00f1a\u201d.<\/p>\n\n\n\n<p>Candidaturas propias: s\u00edntoma de fragmentaci\u00f3n<\/p>\n\n\n\n<p>Aunque estos partidos exploraron una alianza unitaria, las desconfianzas mutuas, el personalismo y las divergencias estrat\u00e9gicas frustraron la consolidaci\u00f3n. Primero la Gente qued\u00f3 debilitado tras la salida de Susel Paredes y Flor Pablo, mientras que Ahora Naci\u00f3n \u2014liderado por el rector L\u00f3pez-Chau\u2014 se retir\u00f3 del proyecto, revelando su incomodidad ante la falta de claridad pol\u00edtica del bloque.<\/p>\n\n\n\n<p>La precandidatura de Alanoca es reveladora: Nuevo Per\u00fa prefiere apostar por un camino propio antes que ceder espacio a un frente fragmentado y sin liderazgo leg\u00edtimo. M\u00e1s que una apuesta ideol\u00f3gica, la maniobra parece una retirada t\u00e1ctica para evitar hundirse con una coalici\u00f3n fallida.<\/p>\n\n\n\n<p>\u00bfUna izquierda sin pueblo?<\/p>\n\n\n\n<p>La izquierda lime\u00f1a \u2014en la pr\u00e1ctica, funcional al capital\u2014 carga con una paradoja: pretende hablar en nombre del pueblo sin construir poder real junto a \u00e9l. Se proclama portavoz del cambio estructural, pero sigue atrapada en ONGs, aparatos estatales, universidades y consultoras, sin generar cuadros con conciencia de clase ni estructuras populares en barrios, comunidades o sindicatos.<\/p>\n\n\n\n<p>Ante esta desconexi\u00f3n, sectores populares menos ideologizados miran hacia otras opciones \u2014desde el etnocacerismo hasta expresiones de nacionalismo, regionalismo y populismo andino-amaz\u00f3nico\u2014 que, con todos sus riesgos, al menos se organizan desde el territorio y no desde el eslogan.<\/p>\n\n\n\n<p>El riesgo de la suplantaci\u00f3n<\/p>\n\n\n\n<p>La sustituci\u00f3n de los liderazgos populares y de la izquierda socialista por figuras \u201cprogresistas\u201d o \u201ccaviares\u201d no solo debilita a la izquierda de base como alternativa para 2026, sino que incrementa la antipat\u00eda ciudadana hacia la pol\u00edtica. Si el discurso de cambio se vac\u00eda de contenido, el vac\u00edo ser\u00e1 ocupado por propuestas autoritarias o abiertamente reaccionarias y neofascistas. <\/p>\n\n\n\n<p>En la recta final hacia las elecciones, la aut\u00e9ntica disputa no ser\u00e1 entre derecha e izquierda, sino entre quienes construyen poder popular consistente y quienes solo buscan reciclar discursos para engrosar sus listas parlamentarias.<\/p>","protected":false},"excerpt":{"rendered":"<p>A menos de un a\u00f1o de las elecciones generales de 2026, varios partidos que se autodefinen como progresistas o socialdem\u00f3cratas \u2014Nuevo Per\u00fa, PTE-Per\u00fa, Primero la Gente y Voces del Pueblo, entre otros\u2014 han anunciado su prop\u00f3sito de forjar una \u201cgran convergencia democr\u00e1tica\u201d para enfrentar a las fuerzas liberales y conservadoras. En sendos comunicados aseguran compartir [&hellip;]<\/p>\n","protected":false},"author":12,"featured_media":5551,"comment_status":"open","ping_status":"open","sticky":false,"template":"","format":"standard","meta":{"footnotes":""},"categories":[1845,1843,180],"tags":[2318,1999,2319],"class_list":["post-5550","post","type-post","status-publish","format-standard","has-post-thumbnail","hentry","category-columnas","category-opinion","category-politica","tag-alianzaelectoral","tag-partidospoliticos","tag-veronicamendoza"],"yoast_head":"<!-- This site is optimized with the Yoast SEO plugin v27.4 - https:\/\/yoast.com\/product\/yoast-seo-wordpress\/ -->\n<title>Alianza de partidos de centro derecha pretende suplantar liderazgos socialistas y del campo popular - Pulso27<\/title>\n<meta name=\"robots\" content=\"index, follow, max-snippet:-1, max-image-preview:large, max-video-preview:-1\" \/>\n<link rel=\"canonical\" href=\"https:\/\/pulso27.com\/en\/opinion\/alianza-de-partidos-de-centro-derecha-pretende-suplantar-liderazgos-socialistas-y-del-campo-popular\/\" \/>\n<meta property=\"og:locale\" content=\"en_US\" \/>\n<meta property=\"og:type\" content=\"article\" \/>\n<meta property=\"og:title\" content=\"Alianza de partidos de centro derecha pretende suplantar liderazgos socialistas y del campo popular - Pulso27\" \/>\n<meta property=\"og:description\" content=\"A menos de un a\u00f1o de las elecciones generales de 2026, varios partidos que se autodefinen como progresistas o socialdem\u00f3cratas \u2014Nuevo Per\u00fa, PTE-Per\u00fa, Primero la Gente y Voces del Pueblo, entre otros\u2014 han anunciado su prop\u00f3sito de forjar una \u201cgran convergencia democr\u00e1tica\u201d para enfrentar a las fuerzas liberales y conservadoras. En sendos comunicados aseguran compartir [&hellip;]\" \/>\n<meta property=\"og:url\" content=\"https:\/\/pulso27.com\/en\/opinion\/alianza-de-partidos-de-centro-derecha-pretende-suplantar-liderazgos-socialistas-y-del-campo-popular\/\" \/>\n<meta property=\"og:site_name\" content=\"Pulso27\" \/>\n<meta property=\"article:publisher\" content=\"https:\/\/www.facebook.com\/pulso27\/\" \/>\n<meta property=\"article:published_time\" content=\"2025-06-06T20:30:26+00:00\" \/>\n<meta property=\"article:modified_time\" content=\"2025-06-06T20:30:31+00:00\" \/>\n<meta property=\"og:image\" content=\"https:\/\/pulso27.com\/wp-content\/uploads\/2025\/06\/Alianza.png\" \/>\n\t<meta property=\"og:image:width\" content=\"1024\" \/>\n\t<meta property=\"og:image:height\" content=\"772\" \/>\n\t<meta property=\"og:image:type\" content=\"image\/png\" \/>\n<meta name=\"author\" content=\"Director\" \/>\n<meta name=\"twitter:card\" content=\"summary_large_image\" \/>\n<meta name=\"twitter:creator\" content=\"@Pulso_27\" \/>\n<meta name=\"twitter:site\" content=\"@Pulso_27\" \/>\n<meta name=\"twitter:label1\" content=\"Written by\" \/>\n\t<meta name=\"twitter:data1\" content=\"Director\" \/>\n\t<meta name=\"twitter:label2\" content=\"Est. reading time\" \/>\n\t<meta name=\"twitter:data2\" content=\"3 minutes\" \/>\n<script type=\"application\/ld+json\" class=\"yoast-schema-graph\">{\"@context\":\"https:\\\/\\\/schema.org\",\"@graph\":[{\"@type\":\"Article\",\"@id\":\"https:\\\/\\\/pulso27.com\\\/opinion\\\/alianza-de-partidos-de-centro-derecha-pretende-suplantar-liderazgos-socialistas-y-del-campo-popular\\\/#article\",\"isPartOf\":{\"@id\":\"https:\\\/\\\/pulso27.com\\\/opinion\\\/alianza-de-partidos-de-centro-derecha-pretende-suplantar-liderazgos-socialistas-y-del-campo-popular\\\/\"},\"author\":{\"name\":\"Director\",\"@id\":\"https:\\\/\\\/pulso27.com\\\/en\\\/#\\\/schema\\\/person\\\/7940db817f21ad5f34726c57c8de58e1\"},\"headline\":\"Alianza de partidos de centro derecha pretende suplantar liderazgos socialistas y del campo popular\",\"datePublished\":\"2025-06-06T20:30:26+00:00\",\"dateModified\":\"2025-06-06T20:30:31+00:00\",\"mainEntityOfPage\":{\"@id\":\"https:\\\/\\\/pulso27.com\\\/opinion\\\/alianza-de-partidos-de-centro-derecha-pretende-suplantar-liderazgos-socialistas-y-del-campo-popular\\\/\"},\"wordCount\":601,\"commentCount\":0,\"publisher\":{\"@id\":\"https:\\\/\\\/pulso27.com\\\/en\\\/#organization\"},\"image\":{\"@id\":\"https:\\\/\\\/pulso27.com\\\/opinion\\\/alianza-de-partidos-de-centro-derecha-pretende-suplantar-liderazgos-socialistas-y-del-campo-popular\\\/#primaryimage\"},\"thumbnailUrl\":\"https:\\\/\\\/pulso27.com\\\/wp-content\\\/uploads\\\/2025\\\/06\\\/Alianza.png\",\"keywords\":[\"AlianzaElectoral\",\"PartidosPol\u00edticos\",\"Ver\u00f3nicaMendoza\"],\"articleSection\":[\"Columnas\",\"Opini\u00f3n\",\"Pol\u00edtica\"],\"inLanguage\":\"en-US\",\"potentialAction\":[{\"@type\":\"CommentAction\",\"name\":\"Comment\",\"target\":[\"https:\\\/\\\/pulso27.com\\\/opinion\\\/alianza-de-partidos-de-centro-derecha-pretende-suplantar-liderazgos-socialistas-y-del-campo-popular\\\/#respond\"]}]},{\"@type\":\"WebPage\",\"@id\":\"https:\\\/\\\/pulso27.com\\\/opinion\\\/alianza-de-partidos-de-centro-derecha-pretende-suplantar-liderazgos-socialistas-y-del-campo-popular\\\/\",\"url\":\"https:\\\/\\\/pulso27.com\\\/opinion\\\/alianza-de-partidos-de-centro-derecha-pretende-suplantar-liderazgos-socialistas-y-del-campo-popular\\\/\",\"name\":\"Alianza de partidos de centro derecha pretende suplantar liderazgos socialistas y del campo popular - Pulso27\",\"isPartOf\":{\"@id\":\"https:\\\/\\\/pulso27.com\\\/en\\\/#website\"},\"primaryImageOfPage\":{\"@id\":\"https:\\\/\\\/pulso27.com\\\/opinion\\\/alianza-de-partidos-de-centro-derecha-pretende-suplantar-liderazgos-socialistas-y-del-campo-popular\\\/#primaryimage\"},\"image\":{\"@id\":\"https:\\\/\\\/pulso27.com\\\/opinion\\\/alianza-de-partidos-de-centro-derecha-pretende-suplantar-liderazgos-socialistas-y-del-campo-popular\\\/#primaryimage\"},\"thumbnailUrl\":\"https:\\\/\\\/pulso27.com\\\/wp-content\\\/uploads\\\/2025\\\/06\\\/Alianza.png\",\"datePublished\":\"2025-06-06T20:30:26+00:00\",\"dateModified\":\"2025-06-06T20:30:31+00:00\",\"breadcrumb\":{\"@id\":\"https:\\\/\\\/pulso27.com\\\/opinion\\\/alianza-de-partidos-de-centro-derecha-pretende-suplantar-liderazgos-socialistas-y-del-campo-popular\\\/#breadcrumb\"},\"inLanguage\":\"en-US\",\"potentialAction\":[{\"@type\":\"ReadAction\",\"target\":[\"https:\\\/\\\/pulso27.com\\\/opinion\\\/alianza-de-partidos-de-centro-derecha-pretende-suplantar-liderazgos-socialistas-y-del-campo-popular\\\/\"]}]},{\"@type\":\"ImageObject\",\"inLanguage\":\"en-US\",\"@id\":\"https:\\\/\\\/pulso27.com\\\/opinion\\\/alianza-de-partidos-de-centro-derecha-pretende-suplantar-liderazgos-socialistas-y-del-campo-popular\\\/#primaryimage\",\"url\":\"https:\\\/\\\/pulso27.com\\\/wp-content\\\/uploads\\\/2025\\\/06\\\/Alianza.png\",\"contentUrl\":\"https:\\\/\\\/pulso27.com\\\/wp-content\\\/uploads\\\/2025\\\/06\\\/Alianza.png\",\"width\":1024,\"height\":772},{\"@type\":\"BreadcrumbList\",\"@id\":\"https:\\\/\\\/pulso27.com\\\/opinion\\\/alianza-de-partidos-de-centro-derecha-pretende-suplantar-liderazgos-socialistas-y-del-campo-popular\\\/#breadcrumb\",\"itemListElement\":[{\"@type\":\"ListItem\",\"position\":1,\"name\":\"Portada\",\"item\":\"https:\\\/\\\/pulso27.com\\\/\"},{\"@type\":\"ListItem\",\"position\":2,\"name\":\"Alianza de partidos de centro derecha pretende suplantar liderazgos socialistas y del campo popular\"}]},{\"@type\":\"WebSite\",\"@id\":\"https:\\\/\\\/pulso27.com\\\/en\\\/#website\",\"url\":\"https:\\\/\\\/pulso27.com\\\/en\\\/\",\"name\":\"Pulso27\",\"description\":\"Web de noticias y publicidad\",\"publisher\":{\"@id\":\"https:\\\/\\\/pulso27.com\\\/en\\\/#organization\"},\"alternateName\":\"El pulso del pueblo\",\"potentialAction\":[{\"@type\":\"SearchAction\",\"target\":{\"@type\":\"EntryPoint\",\"urlTemplate\":\"https:\\\/\\\/pulso27.com\\\/en\\\/?s={search_term_string}\"},\"query-input\":{\"@type\":\"PropertyValueSpecification\",\"valueRequired\":true,\"valueName\":\"search_term_string\"}}],\"inLanguage\":\"en-US\"},{\"@type\":\"Organization\",\"@id\":\"https:\\\/\\\/pulso27.com\\\/en\\\/#organization\",\"name\":\"Pulso27\",\"url\":\"https:\\\/\\\/pulso27.com\\\/en\\\/\",\"logo\":{\"@type\":\"ImageObject\",\"inLanguage\":\"en-US\",\"@id\":\"https:\\\/\\\/pulso27.com\\\/en\\\/#\\\/schema\\\/logo\\\/image\\\/\",\"url\":\"https:\\\/\\\/pulso27.com\\\/wp-content\\\/uploads\\\/2026\\\/02\\\/Logotipo-de-la-organizacion-696-x-696-px-ok.png\",\"contentUrl\":\"https:\\\/\\\/pulso27.com\\\/wp-content\\\/uploads\\\/2026\\\/02\\\/Logotipo-de-la-organizacion-696-x-696-px-ok.png\",\"width\":696,\"height\":696,\"caption\":\"Pulso27\"},\"image\":{\"@id\":\"https:\\\/\\\/pulso27.com\\\/en\\\/#\\\/schema\\\/logo\\\/image\\\/\"},\"sameAs\":[\"https:\\\/\\\/www.facebook.com\\\/pulso27\\\/\",\"https:\\\/\\\/x.com\\\/Pulso_27\",\"https:\\\/\\\/www.youtube.com\\\/@Pulso27\",\"https:\\\/\\\/www.tiktok.com\\\/@pulso_27\"]},{\"@type\":\"Person\",\"@id\":\"https:\\\/\\\/pulso27.com\\\/en\\\/#\\\/schema\\\/person\\\/7940db817f21ad5f34726c57c8de58e1\",\"name\":\"Director\",\"image\":{\"@type\":\"ImageObject\",\"inLanguage\":\"en-US\",\"@id\":\"https:\\\/\\\/pulso27.com\\\/wp-content\\\/uploads\\\/2025\\\/03\\\/b-150x150.png\",\"url\":\"https:\\\/\\\/pulso27.com\\\/wp-content\\\/uploads\\\/2025\\\/03\\\/b-150x150.png\",\"contentUrl\":\"https:\\\/\\\/pulso27.com\\\/wp-content\\\/uploads\\\/2025\\\/03\\\/b-150x150.png\",\"caption\":\"Director\"},\"sameAs\":[\"http:\\\/\\\/www.pulso27.com\"],\"url\":\"https:\\\/\\\/pulso27.com\\\/en\\\/author\\\/director\\\/\"}]}<\/script>\n<!-- \/ Yoast SEO plugin. -->","yoast_head_json":{"title":"Alianza de partidos de centro derecha pretende suplantar liderazgos socialistas y del campo popular - Pulso27","robots":{"index":"index","follow":"follow","max-snippet":"max-snippet:-1","max-image-preview":"max-image-preview:large","max-video-preview":"max-video-preview:-1"},"canonical":"https:\/\/pulso27.com\/en\/opinion\/alianza-de-partidos-de-centro-derecha-pretende-suplantar-liderazgos-socialistas-y-del-campo-popular\/","og_locale":"en_US","og_type":"article","og_title":"Alianza de partidos de centro derecha pretende suplantar liderazgos socialistas y del campo popular - Pulso27","og_description":"A menos de un a\u00f1o de las elecciones generales de 2026, varios partidos que se autodefinen como progresistas o socialdem\u00f3cratas \u2014Nuevo Per\u00fa, PTE-Per\u00fa, Primero la Gente y Voces del Pueblo, entre otros\u2014 han anunciado su prop\u00f3sito de forjar una \u201cgran convergencia democr\u00e1tica\u201d para enfrentar a las fuerzas liberales y conservadoras. En sendos comunicados aseguran compartir [&hellip;]","og_url":"https:\/\/pulso27.com\/en\/opinion\/alianza-de-partidos-de-centro-derecha-pretende-suplantar-liderazgos-socialistas-y-del-campo-popular\/","og_site_name":"Pulso27","article_publisher":"https:\/\/www.facebook.com\/pulso27\/","article_published_time":"2025-06-06T20:30:26+00:00","article_modified_time":"2025-06-06T20:30:31+00:00","og_image":[{"width":1024,"height":772,"url":"https:\/\/pulso27.com\/wp-content\/uploads\/2025\/06\/Alianza.png","type":"image\/png"}],"author":"Director","twitter_card":"summary_large_image","twitter_creator":"@Pulso_27","twitter_site":"@Pulso_27","twitter_misc":{"Written by":"Director","Est. reading time":"3 minutes"},"schema":{"@context":"https:\/\/schema.org","@graph":[{"@type":"Article","@id":"https:\/\/pulso27.com\/opinion\/alianza-de-partidos-de-centro-derecha-pretende-suplantar-liderazgos-socialistas-y-del-campo-popular\/#article","isPartOf":{"@id":"https:\/\/pulso27.com\/opinion\/alianza-de-partidos-de-centro-derecha-pretende-suplantar-liderazgos-socialistas-y-del-campo-popular\/"},"author":{"name":"Director","@id":"https:\/\/pulso27.com\/en\/#\/schema\/person\/7940db817f21ad5f34726c57c8de58e1"},"headline":"Alianza de partidos de centro derecha pretende suplantar liderazgos socialistas y del campo popular","datePublished":"2025-06-06T20:30:26+00:00","dateModified":"2025-06-06T20:30:31+00:00","mainEntityOfPage":{"@id":"https:\/\/pulso27.com\/opinion\/alianza-de-partidos-de-centro-derecha-pretende-suplantar-liderazgos-socialistas-y-del-campo-popular\/"},"wordCount":601,"commentCount":0,"publisher":{"@id":"https:\/\/pulso27.com\/en\/#organization"},"image":{"@id":"https:\/\/pulso27.com\/opinion\/alianza-de-partidos-de-centro-derecha-pretende-suplantar-liderazgos-socialistas-y-del-campo-popular\/#primaryimage"},"thumbnailUrl":"https:\/\/pulso27.com\/wp-content\/uploads\/2025\/06\/Alianza.png","keywords":["AlianzaElectoral","PartidosPol\u00edticos","Ver\u00f3nicaMendoza"],"articleSection":["Columnas","Opini\u00f3n","Pol\u00edtica"],"inLanguage":"en-US","potentialAction":[{"@type":"CommentAction","name":"Comment","target":["https:\/\/pulso27.com\/opinion\/alianza-de-partidos-de-centro-derecha-pretende-suplantar-liderazgos-socialistas-y-del-campo-popular\/#respond"]}]},{"@type":"WebPage","@id":"https:\/\/pulso27.com\/opinion\/alianza-de-partidos-de-centro-derecha-pretende-suplantar-liderazgos-socialistas-y-del-campo-popular\/","url":"https:\/\/pulso27.com\/opinion\/alianza-de-partidos-de-centro-derecha-pretende-suplantar-liderazgos-socialistas-y-del-campo-popular\/","name":"Alianza de partidos de centro derecha pretende suplantar liderazgos socialistas y del campo popular - Pulso27","isPartOf":{"@id":"https:\/\/pulso27.com\/en\/#website"},"primaryImageOfPage":{"@id":"https:\/\/pulso27.com\/opinion\/alianza-de-partidos-de-centro-derecha-pretende-suplantar-liderazgos-socialistas-y-del-campo-popular\/#primaryimage"},"image":{"@id":"https:\/\/pulso27.com\/opinion\/alianza-de-partidos-de-centro-derecha-pretende-suplantar-liderazgos-socialistas-y-del-campo-popular\/#primaryimage"},"thumbnailUrl":"https:\/\/pulso27.com\/wp-content\/uploads\/2025\/06\/Alianza.png","datePublished":"2025-06-06T20:30:26+00:00","dateModified":"2025-06-06T20:30:31+00:00","breadcrumb":{"@id":"https:\/\/pulso27.com\/opinion\/alianza-de-partidos-de-centro-derecha-pretende-suplantar-liderazgos-socialistas-y-del-campo-popular\/#breadcrumb"},"inLanguage":"en-US","potentialAction":[{"@type":"ReadAction","target":["https:\/\/pulso27.com\/opinion\/alianza-de-partidos-de-centro-derecha-pretende-suplantar-liderazgos-socialistas-y-del-campo-popular\/"]}]},{"@type":"ImageObject","inLanguage":"en-US","@id":"https:\/\/pulso27.com\/opinion\/alianza-de-partidos-de-centro-derecha-pretende-suplantar-liderazgos-socialistas-y-del-campo-popular\/#primaryimage","url":"https:\/\/pulso27.com\/wp-content\/uploads\/2025\/06\/Alianza.png","contentUrl":"https:\/\/pulso27.com\/wp-content\/uploads\/2025\/06\/Alianza.png","width":1024,"height":772},{"@type":"BreadcrumbList","@id":"https:\/\/pulso27.com\/opinion\/alianza-de-partidos-de-centro-derecha-pretende-suplantar-liderazgos-socialistas-y-del-campo-popular\/#breadcrumb","itemListElement":[{"@type":"ListItem","position":1,"name":"Portada","item":"https:\/\/pulso27.com\/"},{"@type":"ListItem","position":2,"name":"Alianza de partidos de centro derecha pretende suplantar liderazgos socialistas y del campo popular"}]},{"@type":"WebSite","@id":"https:\/\/pulso27.com\/en\/#website","url":"https:\/\/pulso27.com\/en\/","name":"Pulso27","description":"Web de noticias y publicidad","publisher":{"@id":"https:\/\/pulso27.com\/en\/#organization"},"alternateName":"El pulso del pueblo","potentialAction":[{"@type":"SearchAction","target":{"@type":"EntryPoint","urlTemplate":"https:\/\/pulso27.com\/en\/?s={search_term_string}"},"query-input":{"@type":"PropertyValueSpecification","valueRequired":true,"valueName":"search_term_string"}}],"inLanguage":"en-US"},{"@type":"Organization","@id":"https:\/\/pulso27.com\/en\/#organization","name":"Pulso27","url":"https:\/\/pulso27.com\/en\/","logo":{"@type":"ImageObject","inLanguage":"en-US","@id":"https:\/\/pulso27.com\/en\/#\/schema\/logo\/image\/","url":"https:\/\/pulso27.com\/wp-content\/uploads\/2026\/02\/Logotipo-de-la-organizacion-696-x-696-px-ok.png","contentUrl":"https:\/\/pulso27.com\/wp-content\/uploads\/2026\/02\/Logotipo-de-la-organizacion-696-x-696-px-ok.png","width":696,"height":696,"caption":"Pulso27"},"image":{"@id":"https:\/\/pulso27.com\/en\/#\/schema\/logo\/image\/"},"sameAs":["https:\/\/www.facebook.com\/pulso27\/","https:\/\/x.com\/Pulso_27","https:\/\/www.youtube.com\/@Pulso27","https:\/\/www.tiktok.com\/@pulso_27"]},{"@type":"Person","@id":"https:\/\/pulso27.com\/en\/#\/schema\/person\/7940db817f21ad5f34726c57c8de58e1","name":"Director","image":{"@type":"ImageObject","inLanguage":"en-US","@id":"https:\/\/pulso27.com\/wp-content\/uploads\/2025\/03\/b-150x150.png","url":"https:\/\/pulso27.com\/wp-content\/uploads\/2025\/03\/b-150x150.png","contentUrl":"https:\/\/pulso27.com\/wp-content\/uploads\/2025\/03\/b-150x150.png","caption":"Director"},"sameAs":["http:\/\/www.pulso27.com"],"url":"https:\/\/pulso27.com\/en\/author\/director\/"}]}},"amp_enabled":true,"_links":{"self":[{"href":"https:\/\/pulso27.com\/en\/wp-json\/wp\/v2\/posts\/5550","targetHints":{"allow":["GET"]}}],"collection":[{"href":"https:\/\/pulso27.com\/en\/wp-json\/wp\/v2\/posts"}],"about":[{"href":"https:\/\/pulso27.com\/en\/wp-json\/wp\/v2\/types\/post"}],"author":[{"embeddable":true,"href":"https:\/\/pulso27.com\/en\/wp-json\/wp\/v2\/users\/12"}],"replies":[{"embeddable":true,"href":"https:\/\/pulso27.com\/en\/wp-json\/wp\/v2\/comments?post=5550"}],"version-history":[{"count":1,"href":"https:\/\/pulso27.com\/en\/wp-json\/wp\/v2\/posts\/5550\/revisions"}],"predecessor-version":[{"id":5552,"href":"https:\/\/pulso27.com\/en\/wp-json\/wp\/v2\/posts\/5550\/revisions\/5552"}],"wp:featuredmedia":[{"embeddable":true,"href":"https:\/\/pulso27.com\/en\/wp-json\/wp\/v2\/media\/5551"}],"wp:attachment":[{"href":"https:\/\/pulso27.com\/en\/wp-json\/wp\/v2\/media?parent=5550"}],"wp:term":[{"taxonomy":"category","embeddable":true,"href":"https:\/\/pulso27.com\/en\/wp-json\/wp\/v2\/categories?post=5550"},{"taxonomy":"post_tag","embeddable":true,"href":"https:\/\/pulso27.com\/en\/wp-json\/wp\/v2\/tags?post=5550"}],"curies":[{"name":"wp","href":"https:\/\/api.w.org\/{rel}","templated":true}]}}