{"id":5556,"date":"2025-06-07T03:18:32","date_gmt":"2025-06-06T22:18:32","guid":{"rendered":"https:\/\/pulso27.com\/?p=5556"},"modified":"2025-06-07T03:18:37","modified_gmt":"2025-06-06T22:18:37","slug":"congreso-aprueba-informe-que-recomienda-vacar-a-dina-boluarte-por-el-caso-cofre-presidencial","status":"publish","type":"post","link":"https:\/\/pulso27.com\/en\/actualidad\/sociedad\/congreso-aprueba-informe-que-recomienda-vacar-a-dina-boluarte-por-el-caso-cofre-presidencial\/","title":{"rendered":"Congreso aprueba informe que recomienda vacar a Dina Boluarte por el caso \u00abCofre Presidencial\u00bb"},"content":{"rendered":"<p class=\"has-text-align-left\"><em>Margot Palacios lidera la acusaci\u00f3n que ser\u00e1 debatida en el Pleno. El informe vincula a la presidenta con el presunto uso indebido de un veh\u00edculo oficial para facilitar la fuga de Vladimir Cerr\u00f3n.<\/em><\/p>\n\n\n\n<p class=\"has-text-align-left\">Lima, 6 de junio de 2025 \u2013 La Comisi\u00f3n de Fiscalizaci\u00f3n del Congreso de la Rep\u00fablica aprob\u00f3 este jueves, por mayor\u00eda, el informe final que recomienda declarar la vacancia por incapacidad moral permanente de la presidenta Dina Boluarte. El documento la vincula con el caso denominado \u201cCofre Presidencial\u201d, que investiga el presunto uso indebido de un veh\u00edculo oficial para facilitar la fuga del pr\u00f3fugo l\u00edder de Per\u00fa Libre, Vladimir Cerr\u00f3n.<\/p>\n\n\n\n<figure class=\"wp-block-image size-full is-resized\"><img loading=\"lazy\" decoding=\"async\" width=\"412\" height=\"231\" src=\"https:\/\/pulso27.com\/wp-content\/uploads\/2025\/06\/image-12.png\" alt=\"\" class=\"wp-image-5559\" style=\"width:740px;height:auto\" srcset=\"https:\/\/pulso27.com\/wp-content\/uploads\/2025\/06\/image-12.png 412w, https:\/\/pulso27.com\/wp-content\/uploads\/2025\/06\/image-12-300x168.png 300w, https:\/\/pulso27.com\/wp-content\/uploads\/2025\/06\/image-12-18x10.png 18w\" sizes=\"auto, (max-width: 412px) 100vw, 412px\" \/><figcaption class=\"wp-element-caption\"><em>Dina Boluarte podr\u00eda ser vacado si el Congreso de la Rep\u00fablica logra los votos necesarios<\/em><\/figcaption><\/figure>\n\n\n\n<p class=\"has-text-align-left\">Con nueve votos a favor, tres en contra y una abstenci\u00f3n, el informe ser\u00e1 elevado al Pleno del Congreso, donde se definir\u00e1 si la moci\u00f3n de vacancia es admitida a debate. De ser as\u00ed, se requerir\u00e1 el voto favorable de al menos 87 congresistas para concretar la salida de la mandataria.<\/p>\n\n\n\n<p class=\"has-text-align-left\"><strong>\u00bfQu\u00e9 dice el informe?<\/strong><\/p>\n\n\n\n<p class=\"has-text-align-left\">El documento aprobado acusa a Dina Boluarte de peculado de uso, abuso de autoridad, omisi\u00f3n de deberes funcionales y encubrimiento personal, por su supuesta responsabilidad pol\u00edtica y funcional en los hechos que rodean la fuga de Cerr\u00f3n.<\/p>\n\n\n\n<p class=\"has-text-align-left\">Seg\u00fan el informe, un veh\u00edculo del Despacho Presidencial habr\u00eda sido utilizado para facilitar el traslado clandestino del exgobernador de Jun\u00edn, actualmente con orden de captura. La investigaci\u00f3n tambi\u00e9n apunta a la supuesta interferencia de la mandataria en el trabajo del equipo policial que apoyaba al Ministerio P\u00fablico en casos que involucran a su entorno, incluido su hermano Nicanor Boluarte.<\/p>\n\n\n\n<figure class=\"wp-block-image size-large\"><img loading=\"lazy\" decoding=\"async\" width=\"1024\" height=\"576\" src=\"https:\/\/pulso27.com\/wp-content\/uploads\/2025\/06\/image-11-1024x576.png\" alt=\"\" class=\"wp-image-5558\" srcset=\"https:\/\/pulso27.com\/wp-content\/uploads\/2025\/06\/image-11-1024x576.png 1024w, https:\/\/pulso27.com\/wp-content\/uploads\/2025\/06\/image-11-300x169.png 300w, https:\/\/pulso27.com\/wp-content\/uploads\/2025\/06\/image-11-768x432.png 768w, https:\/\/pulso27.com\/wp-content\/uploads\/2025\/06\/image-11-18x10.png 18w, https:\/\/pulso27.com\/wp-content\/uploads\/2025\/06\/image-11.png 1200w\" sizes=\"auto, (max-width: 1024px) 100vw, 1024px\" \/><figcaption class=\"wp-element-caption\"><em>Veh\u00edculo del Despacho Presidencial habr\u00eda sido utilizado para facilitar el traslado clandestino del exgobernador de Jun\u00edn, Vladimir Cerr\u00f3n Rojas<\/em><\/figcaption><\/figure>\n\n\n\n<p class=\"has-text-align-left\"><strong>As\u00ed votaron los congresistas<\/strong><br><strong>A favor (9 votos):<\/strong><\/p>\n\n\n\n<ul class=\"wp-block-list\">\n<li>Margot Palacios (No agrupada)<\/li>\n\n\n\n<li>Juan Burgos (Podemos Per\u00fa)<\/li>\n\n\n\n<li>H\u00e9ctor Acu\u00f1a (APP)<\/li>\n\n\n\n<li>Patricia Chirinos (Renovaci\u00f3n Popular)<\/li>\n\n\n\n<li>Ariana Oru\u00e9 (Podemos Per\u00fa)<\/li>\n\n\n\n<li>Marleny Portero (Acci\u00f3n Popular)<\/li>\n\n\n\n<li>Reymundo Mercado (Bloque Democr\u00e1tico Popular)<\/li>\n\n\n\n<li>Carlos Zeballos (Podemos Per\u00fa)<\/li>\n\n\n\n<li>Pasi\u00f3n D\u00e1vila (Bancada Socialista)<\/li>\n\n\n\n<li><br><strong>En contra (3 votos):<\/strong><\/li>\n\n\n\n<li>Isaac Mita (Per\u00fa Libre)<\/li>\n\n\n\n<li>Segundo Montalvo (Per\u00fa Libre)<\/li>\n\n\n\n<li>Elizabeth Medina (Bloque Magisterial)<\/li>\n\n\n\n<li><br><strong>Abstenci\u00f3n (1 voto):<\/strong><\/li>\n\n\n\n<li>Kelly Portalatino (Per\u00fa Libre)<\/li>\n\n\n\n<li><strong>Margot Palacios, la figura clave detr\u00e1s del informe<\/strong><\/li>\n\n\n\n<li>La congresista Margot Palacios, de Juntos por el Per\u00fa, ha sido una de las principales impulsoras del proceso contra la presidenta. Desde el inicio del gobierno de Boluarte, ha promovido varias mociones de vacancia, incluyendo las relacionadas con los casos \u201cRolex\u201d y \u201cWaykis en la sombra\u201d.<\/li>\n\n\n\n<li>En esta ocasi\u00f3n, Palacios denunci\u00f3 la reuni\u00f3n de la mandataria con el jefe de la Diviac, Franco Moreno, y cuestion\u00f3 la posterior desactivaci\u00f3n del equipo especial que colaboraba con la Fiscal\u00eda. Seg\u00fan la legisladora, estos hechos revelan un intento de encubrimiento desde el Ejecutivo.<\/li>\n\n\n\n<li>Palacios ha sostenido en diversas declaraciones p\u00fablicas que \u201cla permanencia de Boluarte en el cargo denigra la investidura presidencial\u201d y ha criticado su giro pol\u00edtico hacia sectores de derecha, a los que acusa de \u00abblindarla\u00bb desde el Congreso.<\/li>\n\n\n\n<li><strong>\u00bfQu\u00e9 sigue en el proceso?<\/strong><\/li>\n\n\n\n<li>El informe ser\u00e1 presentado ante el Pleno del Congreso. De acuerdo con el reglamento, se necesitan 52 votos para admitir la moci\u00f3n de vacancia a debate. Si se alcanza ese umbral, el siguiente paso ser\u00e1 la votaci\u00f3n definitiva, donde se requieren 87 votos para declarar la incapacidad moral permanente de la presidenta y proceder con su vacancia.<\/li>\n\n\n\n<li>El escenario es complejo. A pesar del respaldo de sectores de izquierda, bancadas como Fuerza Popular, APP, Avanza Pa\u00eds y parte de Acci\u00f3n Popular han defendido a Boluarte en anteriores intentos de destituci\u00f3n, lo que hace incierto el desenlace.<\/li>\n<\/ul>","protected":false},"excerpt":{"rendered":"<p>Margot Palacios lidera la acusaci\u00f3n que ser\u00e1 debatida en el Pleno. El informe vincula a la presidenta con el presunto uso indebido de un veh\u00edculo oficial para facilitar la fuga de Vladimir Cerr\u00f3n. Lima, 6 de junio de 2025 \u2013 La Comisi\u00f3n de Fiscalizaci\u00f3n del Congreso de la Rep\u00fablica aprob\u00f3 este jueves, por mayor\u00eda, el [&hellip;]<\/p>\n","protected":false},"author":13,"featured_media":5564,"comment_status":"open","ping_status":"open","sticky":false,"template":"","format":"standard","meta":{"footnotes":""},"categories":[174,202],"tags":[839,1849,627,444],"class_list":["post-5556","post","type-post","status-publish","format-standard","has-post-thumbnail","hentry","category-nacional","category-sociedad","tag-congresoperu","tag-dinaboluarte","tag-vacancia","tag-vladimircerron"],"yoast_head":"<!-- This site is optimized with the Yoast SEO plugin v27.4 - https:\/\/yoast.com\/product\/yoast-seo-wordpress\/ -->\n<title>Congreso aprueba informe que recomienda vacar a Dina Boluarte por el caso &quot;Cofre Presidencial&quot; - Pulso27<\/title>\n<meta name=\"robots\" content=\"index, follow, max-snippet:-1, max-image-preview:large, max-video-preview:-1\" \/>\n<link rel=\"canonical\" href=\"https:\/\/pulso27.com\/en\/actualidad\/sociedad\/congreso-aprueba-informe-que-recomienda-vacar-a-dina-boluarte-por-el-caso-cofre-presidencial\/\" \/>\n<meta property=\"og:locale\" content=\"en_US\" \/>\n<meta property=\"og:type\" content=\"article\" \/>\n<meta property=\"og:title\" content=\"Congreso aprueba informe que recomienda vacar a Dina Boluarte por el caso &quot;Cofre Presidencial&quot; - Pulso27\" \/>\n<meta property=\"og:description\" content=\"Margot Palacios lidera la acusaci\u00f3n que ser\u00e1 debatida en el Pleno. El informe vincula a la presidenta con el presunto uso indebido de un veh\u00edculo oficial para facilitar la fuga de Vladimir Cerr\u00f3n. Lima, 6 de junio de 2025 \u2013 La Comisi\u00f3n de Fiscalizaci\u00f3n del Congreso de la Rep\u00fablica aprob\u00f3 este jueves, por mayor\u00eda, el [&hellip;]\" \/>\n<meta property=\"og:url\" content=\"https:\/\/pulso27.com\/en\/actualidad\/sociedad\/congreso-aprueba-informe-que-recomienda-vacar-a-dina-boluarte-por-el-caso-cofre-presidencial\/\" \/>\n<meta property=\"og:site_name\" content=\"Pulso27\" \/>\n<meta property=\"article:publisher\" content=\"https:\/\/www.facebook.com\/pulso27\/\" \/>\n<meta property=\"article:published_time\" content=\"2025-06-06T22:18:32+00:00\" \/>\n<meta property=\"article:modified_time\" content=\"2025-06-06T22:18:37+00:00\" \/>\n<meta property=\"og:image\" content=\"https:\/\/pulso27.com\/wp-content\/uploads\/2025\/06\/Margo.png\" \/>\n\t<meta property=\"og:image:width\" content=\"1067\" \/>\n\t<meta property=\"og:image:height\" content=\"800\" \/>\n\t<meta property=\"og:image:type\" content=\"image\/png\" \/>\n<meta name=\"author\" content=\"Redactor\" \/>\n<meta name=\"twitter:card\" content=\"summary_large_image\" \/>\n<meta name=\"twitter:creator\" content=\"@Pulso_27\" \/>\n<meta name=\"twitter:site\" content=\"@Pulso_27\" \/>\n<meta name=\"twitter:label1\" content=\"Written by\" \/>\n\t<meta name=\"twitter:data1\" content=\"Redactor\" \/>\n\t<meta name=\"twitter:label2\" content=\"Est. reading time\" \/>\n\t<meta name=\"twitter:data2\" content=\"4 minutes\" \/>\n<script type=\"application\/ld+json\" class=\"yoast-schema-graph\">{\"@context\":\"https:\\\/\\\/schema.org\",\"@graph\":[{\"@type\":\"Article\",\"@id\":\"https:\\\/\\\/pulso27.com\\\/actualidad\\\/sociedad\\\/congreso-aprueba-informe-que-recomienda-vacar-a-dina-boluarte-por-el-caso-cofre-presidencial\\\/#article\",\"isPartOf\":{\"@id\":\"https:\\\/\\\/pulso27.com\\\/actualidad\\\/sociedad\\\/congreso-aprueba-informe-que-recomienda-vacar-a-dina-boluarte-por-el-caso-cofre-presidencial\\\/\"},\"author\":{\"name\":\"Redactor\",\"@id\":\"https:\\\/\\\/pulso27.com\\\/en\\\/#\\\/schema\\\/person\\\/bf5ee161e6c87f6c7d57f5e689ef8526\"},\"headline\":\"Congreso aprueba informe que recomienda vacar a Dina Boluarte por el caso \u00abCofre Presidencial\u00bb\",\"datePublished\":\"2025-06-06T22:18:32+00:00\",\"dateModified\":\"2025-06-06T22:18:37+00:00\",\"mainEntityOfPage\":{\"@id\":\"https:\\\/\\\/pulso27.com\\\/actualidad\\\/sociedad\\\/congreso-aprueba-informe-que-recomienda-vacar-a-dina-boluarte-por-el-caso-cofre-presidencial\\\/\"},\"wordCount\":647,\"commentCount\":0,\"publisher\":{\"@id\":\"https:\\\/\\\/pulso27.com\\\/en\\\/#organization\"},\"image\":{\"@id\":\"https:\\\/\\\/pulso27.com\\\/actualidad\\\/sociedad\\\/congreso-aprueba-informe-que-recomienda-vacar-a-dina-boluarte-por-el-caso-cofre-presidencial\\\/#primaryimage\"},\"thumbnailUrl\":\"https:\\\/\\\/pulso27.com\\\/wp-content\\\/uploads\\\/2025\\\/06\\\/Margo.png\",\"keywords\":[\"CongresoPer\u00fa\",\"DinaBoluarte\",\"Vacancia\",\"VladimirCerr\u00f3n\"],\"articleSection\":[\"Nacional\",\"Sociedad\"],\"inLanguage\":\"en-US\",\"potentialAction\":[{\"@type\":\"CommentAction\",\"name\":\"Comment\",\"target\":[\"https:\\\/\\\/pulso27.com\\\/actualidad\\\/sociedad\\\/congreso-aprueba-informe-que-recomienda-vacar-a-dina-boluarte-por-el-caso-cofre-presidencial\\\/#respond\"]}]},{\"@type\":\"WebPage\",\"@id\":\"https:\\\/\\\/pulso27.com\\\/actualidad\\\/sociedad\\\/congreso-aprueba-informe-que-recomienda-vacar-a-dina-boluarte-por-el-caso-cofre-presidencial\\\/\",\"url\":\"https:\\\/\\\/pulso27.com\\\/actualidad\\\/sociedad\\\/congreso-aprueba-informe-que-recomienda-vacar-a-dina-boluarte-por-el-caso-cofre-presidencial\\\/\",\"name\":\"Congreso aprueba informe que recomienda vacar a Dina Boluarte por el caso \\\"Cofre Presidencial\\\" - Pulso27\",\"isPartOf\":{\"@id\":\"https:\\\/\\\/pulso27.com\\\/en\\\/#website\"},\"primaryImageOfPage\":{\"@id\":\"https:\\\/\\\/pulso27.com\\\/actualidad\\\/sociedad\\\/congreso-aprueba-informe-que-recomienda-vacar-a-dina-boluarte-por-el-caso-cofre-presidencial\\\/#primaryimage\"},\"image\":{\"@id\":\"https:\\\/\\\/pulso27.com\\\/actualidad\\\/sociedad\\\/congreso-aprueba-informe-que-recomienda-vacar-a-dina-boluarte-por-el-caso-cofre-presidencial\\\/#primaryimage\"},\"thumbnailUrl\":\"https:\\\/\\\/pulso27.com\\\/wp-content\\\/uploads\\\/2025\\\/06\\\/Margo.png\",\"datePublished\":\"2025-06-06T22:18:32+00:00\",\"dateModified\":\"2025-06-06T22:18:37+00:00\",\"breadcrumb\":{\"@id\":\"https:\\\/\\\/pulso27.com\\\/actualidad\\\/sociedad\\\/congreso-aprueba-informe-que-recomienda-vacar-a-dina-boluarte-por-el-caso-cofre-presidencial\\\/#breadcrumb\"},\"inLanguage\":\"en-US\",\"potentialAction\":[{\"@type\":\"ReadAction\",\"target\":[\"https:\\\/\\\/pulso27.com\\\/actualidad\\\/sociedad\\\/congreso-aprueba-informe-que-recomienda-vacar-a-dina-boluarte-por-el-caso-cofre-presidencial\\\/\"]}]},{\"@type\":\"ImageObject\",\"inLanguage\":\"en-US\",\"@id\":\"https:\\\/\\\/pulso27.com\\\/actualidad\\\/sociedad\\\/congreso-aprueba-informe-que-recomienda-vacar-a-dina-boluarte-por-el-caso-cofre-presidencial\\\/#primaryimage\",\"url\":\"https:\\\/\\\/pulso27.com\\\/wp-content\\\/uploads\\\/2025\\\/06\\\/Margo.png\",\"contentUrl\":\"https:\\\/\\\/pulso27.com\\\/wp-content\\\/uploads\\\/2025\\\/06\\\/Margo.png\",\"width\":1067,\"height\":800},{\"@type\":\"BreadcrumbList\",\"@id\":\"https:\\\/\\\/pulso27.com\\\/actualidad\\\/sociedad\\\/congreso-aprueba-informe-que-recomienda-vacar-a-dina-boluarte-por-el-caso-cofre-presidencial\\\/#breadcrumb\",\"itemListElement\":[{\"@type\":\"ListItem\",\"position\":1,\"name\":\"Portada\",\"item\":\"https:\\\/\\\/pulso27.com\\\/\"},{\"@type\":\"ListItem\",\"position\":2,\"name\":\"Congreso aprueba informe que recomienda vacar a Dina Boluarte por el caso \u00abCofre Presidencial\u00bb\"}]},{\"@type\":\"WebSite\",\"@id\":\"https:\\\/\\\/pulso27.com\\\/en\\\/#website\",\"url\":\"https:\\\/\\\/pulso27.com\\\/en\\\/\",\"name\":\"Pulso27\",\"description\":\"Web de noticias y publicidad\",\"publisher\":{\"@id\":\"https:\\\/\\\/pulso27.com\\\/en\\\/#organization\"},\"alternateName\":\"El pulso del pueblo\",\"potentialAction\":[{\"@type\":\"SearchAction\",\"target\":{\"@type\":\"EntryPoint\",\"urlTemplate\":\"https:\\\/\\\/pulso27.com\\\/en\\\/?s={search_term_string}\"},\"query-input\":{\"@type\":\"PropertyValueSpecification\",\"valueRequired\":true,\"valueName\":\"search_term_string\"}}],\"inLanguage\":\"en-US\"},{\"@type\":\"Organization\",\"@id\":\"https:\\\/\\\/pulso27.com\\\/en\\\/#organization\",\"name\":\"Pulso27\",\"url\":\"https:\\\/\\\/pulso27.com\\\/en\\\/\",\"logo\":{\"@type\":\"ImageObject\",\"inLanguage\":\"en-US\",\"@id\":\"https:\\\/\\\/pulso27.com\\\/en\\\/#\\\/schema\\\/logo\\\/image\\\/\",\"url\":\"https:\\\/\\\/pulso27.com\\\/wp-content\\\/uploads\\\/2026\\\/02\\\/Logotipo-de-la-organizacion-696-x-696-px-ok.png\",\"contentUrl\":\"https:\\\/\\\/pulso27.com\\\/wp-content\\\/uploads\\\/2026\\\/02\\\/Logotipo-de-la-organizacion-696-x-696-px-ok.png\",\"width\":696,\"height\":696,\"caption\":\"Pulso27\"},\"image\":{\"@id\":\"https:\\\/\\\/pulso27.com\\\/en\\\/#\\\/schema\\\/logo\\\/image\\\/\"},\"sameAs\":[\"https:\\\/\\\/www.facebook.com\\\/pulso27\\\/\",\"https:\\\/\\\/x.com\\\/Pulso_27\",\"https:\\\/\\\/www.youtube.com\\\/@Pulso27\",\"https:\\\/\\\/www.tiktok.com\\\/@pulso_27\"]},{\"@type\":\"Person\",\"@id\":\"https:\\\/\\\/pulso27.com\\\/en\\\/#\\\/schema\\\/person\\\/bf5ee161e6c87f6c7d57f5e689ef8526\",\"name\":\"Redactor\",\"image\":{\"@type\":\"ImageObject\",\"inLanguage\":\"en-US\",\"@id\":\"https:\\\/\\\/pulso27.com\\\/wp-content\\\/uploads\\\/2025\\\/03\\\/a-150x150.png\",\"url\":\"https:\\\/\\\/pulso27.com\\\/wp-content\\\/uploads\\\/2025\\\/03\\\/a-150x150.png\",\"contentUrl\":\"https:\\\/\\\/pulso27.com\\\/wp-content\\\/uploads\\\/2025\\\/03\\\/a-150x150.png\",\"caption\":\"Redactor\"},\"sameAs\":[\"http:\\\/\\\/www.pulso27.com\"],\"url\":\"https:\\\/\\\/pulso27.com\\\/en\\\/author\\\/redactor\\\/\"}]}<\/script>\n<!-- \/ Yoast SEO plugin. -->","yoast_head_json":{"title":"Congreso aprueba informe que recomienda vacar a Dina Boluarte por el caso \"Cofre Presidencial\" - Pulso27","robots":{"index":"index","follow":"follow","max-snippet":"max-snippet:-1","max-image-preview":"max-image-preview:large","max-video-preview":"max-video-preview:-1"},"canonical":"https:\/\/pulso27.com\/en\/actualidad\/sociedad\/congreso-aprueba-informe-que-recomienda-vacar-a-dina-boluarte-por-el-caso-cofre-presidencial\/","og_locale":"en_US","og_type":"article","og_title":"Congreso aprueba informe que recomienda vacar a Dina Boluarte por el caso \"Cofre Presidencial\" - Pulso27","og_description":"Margot Palacios lidera la acusaci\u00f3n que ser\u00e1 debatida en el Pleno. El informe vincula a la presidenta con el presunto uso indebido de un veh\u00edculo oficial para facilitar la fuga de Vladimir Cerr\u00f3n. Lima, 6 de junio de 2025 \u2013 La Comisi\u00f3n de Fiscalizaci\u00f3n del Congreso de la Rep\u00fablica aprob\u00f3 este jueves, por mayor\u00eda, el [&hellip;]","og_url":"https:\/\/pulso27.com\/en\/actualidad\/sociedad\/congreso-aprueba-informe-que-recomienda-vacar-a-dina-boluarte-por-el-caso-cofre-presidencial\/","og_site_name":"Pulso27","article_publisher":"https:\/\/www.facebook.com\/pulso27\/","article_published_time":"2025-06-06T22:18:32+00:00","article_modified_time":"2025-06-06T22:18:37+00:00","og_image":[{"width":1067,"height":800,"url":"https:\/\/pulso27.com\/wp-content\/uploads\/2025\/06\/Margo.png","type":"image\/png"}],"author":"Redactor","twitter_card":"summary_large_image","twitter_creator":"@Pulso_27","twitter_site":"@Pulso_27","twitter_misc":{"Written by":"Redactor","Est. reading time":"4 minutes"},"schema":{"@context":"https:\/\/schema.org","@graph":[{"@type":"Article","@id":"https:\/\/pulso27.com\/actualidad\/sociedad\/congreso-aprueba-informe-que-recomienda-vacar-a-dina-boluarte-por-el-caso-cofre-presidencial\/#article","isPartOf":{"@id":"https:\/\/pulso27.com\/actualidad\/sociedad\/congreso-aprueba-informe-que-recomienda-vacar-a-dina-boluarte-por-el-caso-cofre-presidencial\/"},"author":{"name":"Redactor","@id":"https:\/\/pulso27.com\/en\/#\/schema\/person\/bf5ee161e6c87f6c7d57f5e689ef8526"},"headline":"Congreso aprueba informe que recomienda vacar a Dina Boluarte por el caso \u00abCofre Presidencial\u00bb","datePublished":"2025-06-06T22:18:32+00:00","dateModified":"2025-06-06T22:18:37+00:00","mainEntityOfPage":{"@id":"https:\/\/pulso27.com\/actualidad\/sociedad\/congreso-aprueba-informe-que-recomienda-vacar-a-dina-boluarte-por-el-caso-cofre-presidencial\/"},"wordCount":647,"commentCount":0,"publisher":{"@id":"https:\/\/pulso27.com\/en\/#organization"},"image":{"@id":"https:\/\/pulso27.com\/actualidad\/sociedad\/congreso-aprueba-informe-que-recomienda-vacar-a-dina-boluarte-por-el-caso-cofre-presidencial\/#primaryimage"},"thumbnailUrl":"https:\/\/pulso27.com\/wp-content\/uploads\/2025\/06\/Margo.png","keywords":["CongresoPer\u00fa","DinaBoluarte","Vacancia","VladimirCerr\u00f3n"],"articleSection":["Nacional","Sociedad"],"inLanguage":"en-US","potentialAction":[{"@type":"CommentAction","name":"Comment","target":["https:\/\/pulso27.com\/actualidad\/sociedad\/congreso-aprueba-informe-que-recomienda-vacar-a-dina-boluarte-por-el-caso-cofre-presidencial\/#respond"]}]},{"@type":"WebPage","@id":"https:\/\/pulso27.com\/actualidad\/sociedad\/congreso-aprueba-informe-que-recomienda-vacar-a-dina-boluarte-por-el-caso-cofre-presidencial\/","url":"https:\/\/pulso27.com\/actualidad\/sociedad\/congreso-aprueba-informe-que-recomienda-vacar-a-dina-boluarte-por-el-caso-cofre-presidencial\/","name":"Congreso aprueba informe que recomienda vacar a Dina Boluarte por el caso \"Cofre Presidencial\" - Pulso27","isPartOf":{"@id":"https:\/\/pulso27.com\/en\/#website"},"primaryImageOfPage":{"@id":"https:\/\/pulso27.com\/actualidad\/sociedad\/congreso-aprueba-informe-que-recomienda-vacar-a-dina-boluarte-por-el-caso-cofre-presidencial\/#primaryimage"},"image":{"@id":"https:\/\/pulso27.com\/actualidad\/sociedad\/congreso-aprueba-informe-que-recomienda-vacar-a-dina-boluarte-por-el-caso-cofre-presidencial\/#primaryimage"},"thumbnailUrl":"https:\/\/pulso27.com\/wp-content\/uploads\/2025\/06\/Margo.png","datePublished":"2025-06-06T22:18:32+00:00","dateModified":"2025-06-06T22:18:37+00:00","breadcrumb":{"@id":"https:\/\/pulso27.com\/actualidad\/sociedad\/congreso-aprueba-informe-que-recomienda-vacar-a-dina-boluarte-por-el-caso-cofre-presidencial\/#breadcrumb"},"inLanguage":"en-US","potentialAction":[{"@type":"ReadAction","target":["https:\/\/pulso27.com\/actualidad\/sociedad\/congreso-aprueba-informe-que-recomienda-vacar-a-dina-boluarte-por-el-caso-cofre-presidencial\/"]}]},{"@type":"ImageObject","inLanguage":"en-US","@id":"https:\/\/pulso27.com\/actualidad\/sociedad\/congreso-aprueba-informe-que-recomienda-vacar-a-dina-boluarte-por-el-caso-cofre-presidencial\/#primaryimage","url":"https:\/\/pulso27.com\/wp-content\/uploads\/2025\/06\/Margo.png","contentUrl":"https:\/\/pulso27.com\/wp-content\/uploads\/2025\/06\/Margo.png","width":1067,"height":800},{"@type":"BreadcrumbList","@id":"https:\/\/pulso27.com\/actualidad\/sociedad\/congreso-aprueba-informe-que-recomienda-vacar-a-dina-boluarte-por-el-caso-cofre-presidencial\/#breadcrumb","itemListElement":[{"@type":"ListItem","position":1,"name":"Portada","item":"https:\/\/pulso27.com\/"},{"@type":"ListItem","position":2,"name":"Congreso aprueba informe que recomienda vacar a Dina Boluarte por el caso \u00abCofre Presidencial\u00bb"}]},{"@type":"WebSite","@id":"https:\/\/pulso27.com\/en\/#website","url":"https:\/\/pulso27.com\/en\/","name":"Pulso27","description":"Web de noticias y publicidad","publisher":{"@id":"https:\/\/pulso27.com\/en\/#organization"},"alternateName":"El pulso del pueblo","potentialAction":[{"@type":"SearchAction","target":{"@type":"EntryPoint","urlTemplate":"https:\/\/pulso27.com\/en\/?s={search_term_string}"},"query-input":{"@type":"PropertyValueSpecification","valueRequired":true,"valueName":"search_term_string"}}],"inLanguage":"en-US"},{"@type":"Organization","@id":"https:\/\/pulso27.com\/en\/#organization","name":"Pulso27","url":"https:\/\/pulso27.com\/en\/","logo":{"@type":"ImageObject","inLanguage":"en-US","@id":"https:\/\/pulso27.com\/en\/#\/schema\/logo\/image\/","url":"https:\/\/pulso27.com\/wp-content\/uploads\/2026\/02\/Logotipo-de-la-organizacion-696-x-696-px-ok.png","contentUrl":"https:\/\/pulso27.com\/wp-content\/uploads\/2026\/02\/Logotipo-de-la-organizacion-696-x-696-px-ok.png","width":696,"height":696,"caption":"Pulso27"},"image":{"@id":"https:\/\/pulso27.com\/en\/#\/schema\/logo\/image\/"},"sameAs":["https:\/\/www.facebook.com\/pulso27\/","https:\/\/x.com\/Pulso_27","https:\/\/www.youtube.com\/@Pulso27","https:\/\/www.tiktok.com\/@pulso_27"]},{"@type":"Person","@id":"https:\/\/pulso27.com\/en\/#\/schema\/person\/bf5ee161e6c87f6c7d57f5e689ef8526","name":"Redactor","image":{"@type":"ImageObject","inLanguage":"en-US","@id":"https:\/\/pulso27.com\/wp-content\/uploads\/2025\/03\/a-150x150.png","url":"https:\/\/pulso27.com\/wp-content\/uploads\/2025\/03\/a-150x150.png","contentUrl":"https:\/\/pulso27.com\/wp-content\/uploads\/2025\/03\/a-150x150.png","caption":"Redactor"},"sameAs":["http:\/\/www.pulso27.com"],"url":"https:\/\/pulso27.com\/en\/author\/redactor\/"}]}},"amp_enabled":true,"_links":{"self":[{"href":"https:\/\/pulso27.com\/en\/wp-json\/wp\/v2\/posts\/5556","targetHints":{"allow":["GET"]}}],"collection":[{"href":"https:\/\/pulso27.com\/en\/wp-json\/wp\/v2\/posts"}],"about":[{"href":"https:\/\/pulso27.com\/en\/wp-json\/wp\/v2\/types\/post"}],"author":[{"embeddable":true,"href":"https:\/\/pulso27.com\/en\/wp-json\/wp\/v2\/users\/13"}],"replies":[{"embeddable":true,"href":"https:\/\/pulso27.com\/en\/wp-json\/wp\/v2\/comments?post=5556"}],"version-history":[{"count":1,"href":"https:\/\/pulso27.com\/en\/wp-json\/wp\/v2\/posts\/5556\/revisions"}],"predecessor-version":[{"id":5560,"href":"https:\/\/pulso27.com\/en\/wp-json\/wp\/v2\/posts\/5556\/revisions\/5560"}],"wp:featuredmedia":[{"embeddable":true,"href":"https:\/\/pulso27.com\/en\/wp-json\/wp\/v2\/media\/5564"}],"wp:attachment":[{"href":"https:\/\/pulso27.com\/en\/wp-json\/wp\/v2\/media?parent=5556"}],"wp:term":[{"taxonomy":"category","embeddable":true,"href":"https:\/\/pulso27.com\/en\/wp-json\/wp\/v2\/categories?post=5556"},{"taxonomy":"post_tag","embeddable":true,"href":"https:\/\/pulso27.com\/en\/wp-json\/wp\/v2\/tags?post=5556"}],"curies":[{"name":"wp","href":"https:\/\/api.w.org\/{rel}","templated":true}]}}