{"id":5578,"date":"2025-06-09T04:26:00","date_gmt":"2025-06-08T23:26:00","guid":{"rendered":"https:\/\/pulso27.com\/?p=5578"},"modified":"2025-06-09T04:26:06","modified_gmt":"2025-06-08T23:26:06","slug":"comunidades-campesinas-anuncian-movilizacion-y-paro-nacional-para-exigir-la-derogatoria-de-la-ley-32293-de-expropiacion-de-tierras-comunales","status":"publish","type":"post","link":"https:\/\/pulso27.com\/en\/actualidad\/agricultura\/comunidades-campesinas-anuncian-movilizacion-y-paro-nacional-para-exigir-la-derogatoria-de-la-ley-32293-de-expropiacion-de-tierras-comunales\/","title":{"rendered":"Comunidades campesinas anuncian movilizaci\u00f3n y paro nacional para exigir la derogatoria de la Ley 32293 de expropiaci\u00f3n de tierras comunales"},"content":{"rendered":"<p>Miles de comuneros, reunidos en asambleas y reuniones provinciales y regionales a lo largo del Per\u00fa, han decidido pasar a la ofensiva contra la Ley 32293, aprobada por el Congreso en abril pasado de este a\u00f1o. Sostienen que la norma vulnera sus derechos hist\u00f3ricos sobre la tierra comunal y pone en riesgo a m\u00e1s de 6 600 comunidades legalmente reconocidas.<\/p>\n\n\n\n<p>Atendiendo el pedido de sus dirigentes, la congresista Margot Palacios \u2014de origen campesino y representante del departamento sure\u00f1o de Ayacucho\u2014 present\u00f3 el 6 de junio el Proyecto de Ley 11394, que plantea la derogatoria total de la controvertida disposici\u00f3n.<\/p>\n\n\n\n<p>El reclamo no surgi\u00f3 de forma espont\u00e1nea, sino que fue construido desde las bases. En Cusco, Puno, Piura, Jun\u00edn, \u00c1ncash, Apur\u00edmac, Huancavelica, Ayacucho y otros departamentos, las comunidades convocaron asambleas para analizar el impacto de la ley. Seg\u00fan se supo, en el encuentro campesinos de Sicuani (Cusco), los l\u00edderes Wilberth Mescco Masa, Walter Torres y Antonio Maquera fueron comisionados para entregar un pronunciamiento al Congreso. El documento es contundente: \u201cEsta ley es una amenaza directa a nuestra forma de vida comunal; exigimos su derogatoria inmediata\u201d.<\/p>\n\n\n\n<figure class=\"wp-block-image size-large\"><img loading=\"lazy\" decoding=\"async\" width=\"1024\" height=\"771\" src=\"https:\/\/pulso27.com\/wp-content\/uploads\/2025\/06\/image-13-1024x771.png\" alt=\"\" class=\"wp-image-5581\" srcset=\"https:\/\/pulso27.com\/wp-content\/uploads\/2025\/06\/image-13-1024x771.png 1024w, https:\/\/pulso27.com\/wp-content\/uploads\/2025\/06\/image-13-300x226.png 300w, https:\/\/pulso27.com\/wp-content\/uploads\/2025\/06\/image-13-768x578.png 768w, https:\/\/pulso27.com\/wp-content\/uploads\/2025\/06\/image-13-1536x1157.png 1536w, https:\/\/pulso27.com\/wp-content\/uploads\/2025\/06\/image-13-16x12.png 16w, https:\/\/pulso27.com\/wp-content\/uploads\/2025\/06\/image-13.png 2048w\" sizes=\"auto, (max-width: 1024px) 100vw, 1024px\" \/><figcaption class=\"wp-element-caption\"><em>Comunidades originarias aymaras y quechuas de Puno realizaron m\u00e1s de tres asambleas consecutivas de an\u00e1lisis y organizaci\u00f3n de las medidas futuras<\/em><\/figcaption><\/figure>\n\n\n\n<p>La Ley 32293 ampl\u00eda hasta 2015 el plazo para formalizar ocupaciones individuales dentro de predios comunales, eliminando el l\u00edmite que hab\u00eda vencido en 2003. Seg\u00fan las comunidades, esta ampliaci\u00f3n abre la puerta al fraccionamiento de la propiedad colectiva, fomenta el tr\u00e1fico de terrenos y contradice el principio de imprescriptibilidad establecido en el art\u00edculo 89 de la Constituci\u00f3n.<\/p>\n\n\n\n<p>\u201cLa tierra comunal no se vende ni se formaliza; se defiende colectivamente\u201d, advirti\u00f3 Jos\u00e9 Carlos Guti\u00e9rrez, dirigente aimara de Puno. En Jun\u00edn, el alcalde de Huay Huay, \u00c1ngel Aylas Jara, alert\u00f3 que la ley \u201cincentiva conflictos sociales y beneficia a invasores con fines comerciales\u201d. En varias provincias se preparan encuentros comunales para coordinar un paro agrario si el Congreso no deroga la norma antes del D\u00eda del Campesino, el 24 de junio.<br>El Proyecto de Ley 11394 no naci\u00f3 en el Congreso, sino en las propias bases comunales. Elaborado con el apoyo de asesores legales de las comunidades, propone anular la Ley 32293, suspender cualquier proceso de formalizaci\u00f3n individual sobre tierras comunales y garantizar que toda decisi\u00f3n futura sobre esos territorios sea aprobada en asamblea y sometida a consulta obligatoria.<\/p>\n\n\n\n<figure class=\"wp-block-image size-large\"><img loading=\"lazy\" decoding=\"async\" width=\"1024\" height=\"768\" src=\"https:\/\/pulso27.com\/wp-content\/uploads\/2025\/06\/image-14-1024x768.png\" alt=\"\" class=\"wp-image-5583\" srcset=\"https:\/\/pulso27.com\/wp-content\/uploads\/2025\/06\/image-14-1024x768.png 1024w, https:\/\/pulso27.com\/wp-content\/uploads\/2025\/06\/image-14-300x225.png 300w, https:\/\/pulso27.com\/wp-content\/uploads\/2025\/06\/image-14-768x576.png 768w, https:\/\/pulso27.com\/wp-content\/uploads\/2025\/06\/image-14-1536x1152.png 1536w, https:\/\/pulso27.com\/wp-content\/uploads\/2025\/06\/image-14-16x12.png 16w, https:\/\/pulso27.com\/wp-content\/uploads\/2025\/06\/image-14.png 1600w\" sizes=\"auto, (max-width: 1024px) 100vw, 1024px\" \/><figcaption class=\"wp-element-caption\"><em>La Federaci\u00f3n Agraria Revoluci\u00f3n Tupac Amaru de Cusco tambi\u00e9n impulsa reuni\u00f3n y anunci\u00f3 paro regional 23 y 24 de junio por el \u00abD\u00eda del Campesino\u00bb<\/em><\/figcaption><\/figure>\n\n\n\n<p>Universidades, centros de investigaci\u00f3n y entidades como las ONGs CEPES, Red Muqui y Aidesep han brindado respaldo t\u00e9cnico a la posici\u00f3n de las comunidades. Sin embargo, la vocer\u00eda leg\u00edtima recae en los propios comuneros y sus federaciones agrarias, entre ellas la FARTAC, Consejo de Autoridades Originarias de la Regi\u00f3n de Puno, y la Federaci\u00f3n Departamental de Campesinos de Cusco, Apur\u00edmac, Puno y Huancavelic, que ya coordinan acciones de protesta en el mes de la Pachamama.<\/p>\n\n\n\n<p>\u201cEl Congreso no puede legislar contra el pueblo que vive y trabaja la tierra desde hace generaciones. Esta ley no puede seguir vigente\u201d, sentenci\u00f3 Walter Torres en representaci\u00f3n de las comunidades del sur. Si el Parlamento no da tr\u00e1mite urgente a la derogatoria, las organizaciones anuncian un ciclo de movilizaciones que partir\u00e1 desde cada territorio rural.<\/p>","protected":false},"excerpt":{"rendered":"<p>Miles de comuneros, reunidos en asambleas y reuniones provinciales y regionales a lo largo del Per\u00fa, han decidido pasar a la ofensiva contra la Ley 32293, aprobada por el Congreso en abril pasado de este a\u00f1o. Sostienen que la norma vulnera sus derechos hist\u00f3ricos sobre la tierra comunal y pone en riesgo a m\u00e1s de [&hellip;]<\/p>\n","protected":false},"author":13,"featured_media":5580,"comment_status":"open","ping_status":"open","sticky":false,"template":"","format":"standard","meta":{"footnotes":""},"categories":[818,1847,174,202],"tags":[2317,839,2324,2325,1263],"class_list":["post-5578","post","type-post","status-publish","format-standard","has-post-thumbnail","hentry","category-agricultura","category-ambiente","category-nacional","category-sociedad","tag-comunidadescampesinas","tag-congresoperu","tag-expropiaciondetierras","tag-ley32293","tag-margotpalacios"],"yoast_head":"<!-- This site is optimized with the Yoast SEO plugin v27.4 - https:\/\/yoast.com\/product\/yoast-seo-wordpress\/ -->\n<title>Comunidades campesinas anuncian movilizaci\u00f3n y paro nacional para exigir la derogatoria de la Ley 32293 de expropiaci\u00f3n de tierras comunales - Pulso27<\/title>\n<meta name=\"robots\" content=\"index, follow, max-snippet:-1, max-image-preview:large, max-video-preview:-1\" \/>\n<link rel=\"canonical\" href=\"https:\/\/pulso27.com\/en\/actualidad\/agricultura\/comunidades-campesinas-anuncian-movilizacion-y-paro-nacional-para-exigir-la-derogatoria-de-la-ley-32293-de-expropiacion-de-tierras-comunales\/\" \/>\n<meta property=\"og:locale\" content=\"en_US\" \/>\n<meta property=\"og:type\" content=\"article\" \/>\n<meta property=\"og:title\" content=\"Comunidades campesinas anuncian movilizaci\u00f3n y paro nacional para exigir la derogatoria de la Ley 32293 de expropiaci\u00f3n de tierras comunales - Pulso27\" \/>\n<meta property=\"og:description\" content=\"Miles de comuneros, reunidos en asambleas y reuniones provinciales y regionales a lo largo del Per\u00fa, han decidido pasar a la ofensiva contra la Ley 32293, aprobada por el Congreso en abril pasado de este a\u00f1o. Sostienen que la norma vulnera sus derechos hist\u00f3ricos sobre la tierra comunal y pone en riesgo a m\u00e1s de [&hellip;]\" \/>\n<meta property=\"og:url\" content=\"https:\/\/pulso27.com\/en\/actualidad\/agricultura\/comunidades-campesinas-anuncian-movilizacion-y-paro-nacional-para-exigir-la-derogatoria-de-la-ley-32293-de-expropiacion-de-tierras-comunales\/\" \/>\n<meta property=\"og:site_name\" content=\"Pulso27\" \/>\n<meta property=\"article:publisher\" content=\"https:\/\/www.facebook.com\/pulso27\/\" \/>\n<meta property=\"article:published_time\" content=\"2025-06-08T23:26:00+00:00\" \/>\n<meta property=\"article:modified_time\" content=\"2025-06-08T23:26:06+00:00\" \/>\n<meta property=\"og:image\" content=\"https:\/\/pulso27.com\/wp-content\/uploads\/2025\/06\/Margg.png\" \/>\n\t<meta property=\"og:image:width\" content=\"1070\" \/>\n\t<meta property=\"og:image:height\" content=\"800\" \/>\n\t<meta property=\"og:image:type\" content=\"image\/png\" \/>\n<meta name=\"author\" content=\"Redactor\" \/>\n<meta name=\"twitter:card\" content=\"summary_large_image\" \/>\n<meta name=\"twitter:creator\" content=\"@Pulso_27\" \/>\n<meta name=\"twitter:site\" content=\"@Pulso_27\" \/>\n<meta name=\"twitter:label1\" content=\"Written by\" \/>\n\t<meta name=\"twitter:data1\" content=\"Redactor\" \/>\n\t<meta name=\"twitter:label2\" content=\"Est. reading time\" \/>\n\t<meta name=\"twitter:data2\" content=\"4 minutes\" \/>\n<script type=\"application\/ld+json\" class=\"yoast-schema-graph\">{\"@context\":\"https:\\\/\\\/schema.org\",\"@graph\":[{\"@type\":\"Article\",\"@id\":\"https:\\\/\\\/pulso27.com\\\/actualidad\\\/agricultura\\\/comunidades-campesinas-anuncian-movilizacion-y-paro-nacional-para-exigir-la-derogatoria-de-la-ley-32293-de-expropiacion-de-tierras-comunales\\\/#article\",\"isPartOf\":{\"@id\":\"https:\\\/\\\/pulso27.com\\\/actualidad\\\/agricultura\\\/comunidades-campesinas-anuncian-movilizacion-y-paro-nacional-para-exigir-la-derogatoria-de-la-ley-32293-de-expropiacion-de-tierras-comunales\\\/\"},\"author\":{\"name\":\"Redactor\",\"@id\":\"https:\\\/\\\/pulso27.com\\\/en\\\/#\\\/schema\\\/person\\\/bf5ee161e6c87f6c7d57f5e689ef8526\"},\"headline\":\"Comunidades campesinas anuncian movilizaci\u00f3n y paro nacional para exigir la derogatoria de la Ley 32293 de expropiaci\u00f3n de tierras comunales\",\"datePublished\":\"2025-06-08T23:26:00+00:00\",\"dateModified\":\"2025-06-08T23:26:06+00:00\",\"mainEntityOfPage\":{\"@id\":\"https:\\\/\\\/pulso27.com\\\/actualidad\\\/agricultura\\\/comunidades-campesinas-anuncian-movilizacion-y-paro-nacional-para-exigir-la-derogatoria-de-la-ley-32293-de-expropiacion-de-tierras-comunales\\\/\"},\"wordCount\":596,\"commentCount\":0,\"publisher\":{\"@id\":\"https:\\\/\\\/pulso27.com\\\/en\\\/#organization\"},\"image\":{\"@id\":\"https:\\\/\\\/pulso27.com\\\/actualidad\\\/agricultura\\\/comunidades-campesinas-anuncian-movilizacion-y-paro-nacional-para-exigir-la-derogatoria-de-la-ley-32293-de-expropiacion-de-tierras-comunales\\\/#primaryimage\"},\"thumbnailUrl\":\"https:\\\/\\\/pulso27.com\\\/wp-content\\\/uploads\\\/2025\\\/06\\\/Margg.png\",\"keywords\":[\"ComunidadesCampesinas\",\"CongresoPer\u00fa\",\"Expropiaci\u00f3nDeTierras\",\"Ley32293\",\"MargotPalacios\"],\"articleSection\":[\"Agricultura\",\"Ambiente\",\"Nacional\",\"Sociedad\"],\"inLanguage\":\"en-US\",\"potentialAction\":[{\"@type\":\"CommentAction\",\"name\":\"Comment\",\"target\":[\"https:\\\/\\\/pulso27.com\\\/actualidad\\\/agricultura\\\/comunidades-campesinas-anuncian-movilizacion-y-paro-nacional-para-exigir-la-derogatoria-de-la-ley-32293-de-expropiacion-de-tierras-comunales\\\/#respond\"]}]},{\"@type\":\"WebPage\",\"@id\":\"https:\\\/\\\/pulso27.com\\\/actualidad\\\/agricultura\\\/comunidades-campesinas-anuncian-movilizacion-y-paro-nacional-para-exigir-la-derogatoria-de-la-ley-32293-de-expropiacion-de-tierras-comunales\\\/\",\"url\":\"https:\\\/\\\/pulso27.com\\\/actualidad\\\/agricultura\\\/comunidades-campesinas-anuncian-movilizacion-y-paro-nacional-para-exigir-la-derogatoria-de-la-ley-32293-de-expropiacion-de-tierras-comunales\\\/\",\"name\":\"Comunidades campesinas anuncian movilizaci\u00f3n y paro nacional para exigir la derogatoria de la Ley 32293 de expropiaci\u00f3n de tierras comunales - Pulso27\",\"isPartOf\":{\"@id\":\"https:\\\/\\\/pulso27.com\\\/en\\\/#website\"},\"primaryImageOfPage\":{\"@id\":\"https:\\\/\\\/pulso27.com\\\/actualidad\\\/agricultura\\\/comunidades-campesinas-anuncian-movilizacion-y-paro-nacional-para-exigir-la-derogatoria-de-la-ley-32293-de-expropiacion-de-tierras-comunales\\\/#primaryimage\"},\"image\":{\"@id\":\"https:\\\/\\\/pulso27.com\\\/actualidad\\\/agricultura\\\/comunidades-campesinas-anuncian-movilizacion-y-paro-nacional-para-exigir-la-derogatoria-de-la-ley-32293-de-expropiacion-de-tierras-comunales\\\/#primaryimage\"},\"thumbnailUrl\":\"https:\\\/\\\/pulso27.com\\\/wp-content\\\/uploads\\\/2025\\\/06\\\/Margg.png\",\"datePublished\":\"2025-06-08T23:26:00+00:00\",\"dateModified\":\"2025-06-08T23:26:06+00:00\",\"breadcrumb\":{\"@id\":\"https:\\\/\\\/pulso27.com\\\/actualidad\\\/agricultura\\\/comunidades-campesinas-anuncian-movilizacion-y-paro-nacional-para-exigir-la-derogatoria-de-la-ley-32293-de-expropiacion-de-tierras-comunales\\\/#breadcrumb\"},\"inLanguage\":\"en-US\",\"potentialAction\":[{\"@type\":\"ReadAction\",\"target\":[\"https:\\\/\\\/pulso27.com\\\/actualidad\\\/agricultura\\\/comunidades-campesinas-anuncian-movilizacion-y-paro-nacional-para-exigir-la-derogatoria-de-la-ley-32293-de-expropiacion-de-tierras-comunales\\\/\"]}]},{\"@type\":\"ImageObject\",\"inLanguage\":\"en-US\",\"@id\":\"https:\\\/\\\/pulso27.com\\\/actualidad\\\/agricultura\\\/comunidades-campesinas-anuncian-movilizacion-y-paro-nacional-para-exigir-la-derogatoria-de-la-ley-32293-de-expropiacion-de-tierras-comunales\\\/#primaryimage\",\"url\":\"https:\\\/\\\/pulso27.com\\\/wp-content\\\/uploads\\\/2025\\\/06\\\/Margg.png\",\"contentUrl\":\"https:\\\/\\\/pulso27.com\\\/wp-content\\\/uploads\\\/2025\\\/06\\\/Margg.png\",\"width\":1070,\"height\":800},{\"@type\":\"BreadcrumbList\",\"@id\":\"https:\\\/\\\/pulso27.com\\\/actualidad\\\/agricultura\\\/comunidades-campesinas-anuncian-movilizacion-y-paro-nacional-para-exigir-la-derogatoria-de-la-ley-32293-de-expropiacion-de-tierras-comunales\\\/#breadcrumb\",\"itemListElement\":[{\"@type\":\"ListItem\",\"position\":1,\"name\":\"Portada\",\"item\":\"https:\\\/\\\/pulso27.com\\\/\"},{\"@type\":\"ListItem\",\"position\":2,\"name\":\"Comunidades campesinas anuncian movilizaci\u00f3n y paro nacional para exigir la derogatoria de la Ley 32293 de expropiaci\u00f3n de tierras comunales\"}]},{\"@type\":\"WebSite\",\"@id\":\"https:\\\/\\\/pulso27.com\\\/en\\\/#website\",\"url\":\"https:\\\/\\\/pulso27.com\\\/en\\\/\",\"name\":\"Pulso27\",\"description\":\"Web de noticias y publicidad\",\"publisher\":{\"@id\":\"https:\\\/\\\/pulso27.com\\\/en\\\/#organization\"},\"alternateName\":\"El pulso del pueblo\",\"potentialAction\":[{\"@type\":\"SearchAction\",\"target\":{\"@type\":\"EntryPoint\",\"urlTemplate\":\"https:\\\/\\\/pulso27.com\\\/en\\\/?s={search_term_string}\"},\"query-input\":{\"@type\":\"PropertyValueSpecification\",\"valueRequired\":true,\"valueName\":\"search_term_string\"}}],\"inLanguage\":\"en-US\"},{\"@type\":\"Organization\",\"@id\":\"https:\\\/\\\/pulso27.com\\\/en\\\/#organization\",\"name\":\"Pulso27\",\"url\":\"https:\\\/\\\/pulso27.com\\\/en\\\/\",\"logo\":{\"@type\":\"ImageObject\",\"inLanguage\":\"en-US\",\"@id\":\"https:\\\/\\\/pulso27.com\\\/en\\\/#\\\/schema\\\/logo\\\/image\\\/\",\"url\":\"https:\\\/\\\/pulso27.com\\\/wp-content\\\/uploads\\\/2026\\\/02\\\/Logotipo-de-la-organizacion-696-x-696-px-ok.png\",\"contentUrl\":\"https:\\\/\\\/pulso27.com\\\/wp-content\\\/uploads\\\/2026\\\/02\\\/Logotipo-de-la-organizacion-696-x-696-px-ok.png\",\"width\":696,\"height\":696,\"caption\":\"Pulso27\"},\"image\":{\"@id\":\"https:\\\/\\\/pulso27.com\\\/en\\\/#\\\/schema\\\/logo\\\/image\\\/\"},\"sameAs\":[\"https:\\\/\\\/www.facebook.com\\\/pulso27\\\/\",\"https:\\\/\\\/x.com\\\/Pulso_27\",\"https:\\\/\\\/www.youtube.com\\\/@Pulso27\",\"https:\\\/\\\/www.tiktok.com\\\/@pulso_27\"]},{\"@type\":\"Person\",\"@id\":\"https:\\\/\\\/pulso27.com\\\/en\\\/#\\\/schema\\\/person\\\/bf5ee161e6c87f6c7d57f5e689ef8526\",\"name\":\"Redactor\",\"image\":{\"@type\":\"ImageObject\",\"inLanguage\":\"en-US\",\"@id\":\"https:\\\/\\\/pulso27.com\\\/wp-content\\\/uploads\\\/2025\\\/03\\\/a-150x150.png\",\"url\":\"https:\\\/\\\/pulso27.com\\\/wp-content\\\/uploads\\\/2025\\\/03\\\/a-150x150.png\",\"contentUrl\":\"https:\\\/\\\/pulso27.com\\\/wp-content\\\/uploads\\\/2025\\\/03\\\/a-150x150.png\",\"caption\":\"Redactor\"},\"sameAs\":[\"http:\\\/\\\/www.pulso27.com\"],\"url\":\"https:\\\/\\\/pulso27.com\\\/en\\\/author\\\/redactor\\\/\"}]}<\/script>\n<!-- \/ Yoast SEO plugin. -->","yoast_head_json":{"title":"Comunidades campesinas anuncian movilizaci\u00f3n y paro nacional para exigir la derogatoria de la Ley 32293 de expropiaci\u00f3n de tierras comunales - Pulso27","robots":{"index":"index","follow":"follow","max-snippet":"max-snippet:-1","max-image-preview":"max-image-preview:large","max-video-preview":"max-video-preview:-1"},"canonical":"https:\/\/pulso27.com\/en\/actualidad\/agricultura\/comunidades-campesinas-anuncian-movilizacion-y-paro-nacional-para-exigir-la-derogatoria-de-la-ley-32293-de-expropiacion-de-tierras-comunales\/","og_locale":"en_US","og_type":"article","og_title":"Comunidades campesinas anuncian movilizaci\u00f3n y paro nacional para exigir la derogatoria de la Ley 32293 de expropiaci\u00f3n de tierras comunales - Pulso27","og_description":"Miles de comuneros, reunidos en asambleas y reuniones provinciales y regionales a lo largo del Per\u00fa, han decidido pasar a la ofensiva contra la Ley 32293, aprobada por el Congreso en abril pasado de este a\u00f1o. Sostienen que la norma vulnera sus derechos hist\u00f3ricos sobre la tierra comunal y pone en riesgo a m\u00e1s de [&hellip;]","og_url":"https:\/\/pulso27.com\/en\/actualidad\/agricultura\/comunidades-campesinas-anuncian-movilizacion-y-paro-nacional-para-exigir-la-derogatoria-de-la-ley-32293-de-expropiacion-de-tierras-comunales\/","og_site_name":"Pulso27","article_publisher":"https:\/\/www.facebook.com\/pulso27\/","article_published_time":"2025-06-08T23:26:00+00:00","article_modified_time":"2025-06-08T23:26:06+00:00","og_image":[{"width":1070,"height":800,"url":"https:\/\/pulso27.com\/wp-content\/uploads\/2025\/06\/Margg.png","type":"image\/png"}],"author":"Redactor","twitter_card":"summary_large_image","twitter_creator":"@Pulso_27","twitter_site":"@Pulso_27","twitter_misc":{"Written by":"Redactor","Est. reading time":"4 minutes"},"schema":{"@context":"https:\/\/schema.org","@graph":[{"@type":"Article","@id":"https:\/\/pulso27.com\/actualidad\/agricultura\/comunidades-campesinas-anuncian-movilizacion-y-paro-nacional-para-exigir-la-derogatoria-de-la-ley-32293-de-expropiacion-de-tierras-comunales\/#article","isPartOf":{"@id":"https:\/\/pulso27.com\/actualidad\/agricultura\/comunidades-campesinas-anuncian-movilizacion-y-paro-nacional-para-exigir-la-derogatoria-de-la-ley-32293-de-expropiacion-de-tierras-comunales\/"},"author":{"name":"Redactor","@id":"https:\/\/pulso27.com\/en\/#\/schema\/person\/bf5ee161e6c87f6c7d57f5e689ef8526"},"headline":"Comunidades campesinas anuncian movilizaci\u00f3n y paro nacional para exigir la derogatoria de la Ley 32293 de expropiaci\u00f3n de tierras comunales","datePublished":"2025-06-08T23:26:00+00:00","dateModified":"2025-06-08T23:26:06+00:00","mainEntityOfPage":{"@id":"https:\/\/pulso27.com\/actualidad\/agricultura\/comunidades-campesinas-anuncian-movilizacion-y-paro-nacional-para-exigir-la-derogatoria-de-la-ley-32293-de-expropiacion-de-tierras-comunales\/"},"wordCount":596,"commentCount":0,"publisher":{"@id":"https:\/\/pulso27.com\/en\/#organization"},"image":{"@id":"https:\/\/pulso27.com\/actualidad\/agricultura\/comunidades-campesinas-anuncian-movilizacion-y-paro-nacional-para-exigir-la-derogatoria-de-la-ley-32293-de-expropiacion-de-tierras-comunales\/#primaryimage"},"thumbnailUrl":"https:\/\/pulso27.com\/wp-content\/uploads\/2025\/06\/Margg.png","keywords":["ComunidadesCampesinas","CongresoPer\u00fa","Expropiaci\u00f3nDeTierras","Ley32293","MargotPalacios"],"articleSection":["Agricultura","Ambiente","Nacional","Sociedad"],"inLanguage":"en-US","potentialAction":[{"@type":"CommentAction","name":"Comment","target":["https:\/\/pulso27.com\/actualidad\/agricultura\/comunidades-campesinas-anuncian-movilizacion-y-paro-nacional-para-exigir-la-derogatoria-de-la-ley-32293-de-expropiacion-de-tierras-comunales\/#respond"]}]},{"@type":"WebPage","@id":"https:\/\/pulso27.com\/actualidad\/agricultura\/comunidades-campesinas-anuncian-movilizacion-y-paro-nacional-para-exigir-la-derogatoria-de-la-ley-32293-de-expropiacion-de-tierras-comunales\/","url":"https:\/\/pulso27.com\/actualidad\/agricultura\/comunidades-campesinas-anuncian-movilizacion-y-paro-nacional-para-exigir-la-derogatoria-de-la-ley-32293-de-expropiacion-de-tierras-comunales\/","name":"Comunidades campesinas anuncian movilizaci\u00f3n y paro nacional para exigir la derogatoria de la Ley 32293 de expropiaci\u00f3n de tierras comunales - Pulso27","isPartOf":{"@id":"https:\/\/pulso27.com\/en\/#website"},"primaryImageOfPage":{"@id":"https:\/\/pulso27.com\/actualidad\/agricultura\/comunidades-campesinas-anuncian-movilizacion-y-paro-nacional-para-exigir-la-derogatoria-de-la-ley-32293-de-expropiacion-de-tierras-comunales\/#primaryimage"},"image":{"@id":"https:\/\/pulso27.com\/actualidad\/agricultura\/comunidades-campesinas-anuncian-movilizacion-y-paro-nacional-para-exigir-la-derogatoria-de-la-ley-32293-de-expropiacion-de-tierras-comunales\/#primaryimage"},"thumbnailUrl":"https:\/\/pulso27.com\/wp-content\/uploads\/2025\/06\/Margg.png","datePublished":"2025-06-08T23:26:00+00:00","dateModified":"2025-06-08T23:26:06+00:00","breadcrumb":{"@id":"https:\/\/pulso27.com\/actualidad\/agricultura\/comunidades-campesinas-anuncian-movilizacion-y-paro-nacional-para-exigir-la-derogatoria-de-la-ley-32293-de-expropiacion-de-tierras-comunales\/#breadcrumb"},"inLanguage":"en-US","potentialAction":[{"@type":"ReadAction","target":["https:\/\/pulso27.com\/actualidad\/agricultura\/comunidades-campesinas-anuncian-movilizacion-y-paro-nacional-para-exigir-la-derogatoria-de-la-ley-32293-de-expropiacion-de-tierras-comunales\/"]}]},{"@type":"ImageObject","inLanguage":"en-US","@id":"https:\/\/pulso27.com\/actualidad\/agricultura\/comunidades-campesinas-anuncian-movilizacion-y-paro-nacional-para-exigir-la-derogatoria-de-la-ley-32293-de-expropiacion-de-tierras-comunales\/#primaryimage","url":"https:\/\/pulso27.com\/wp-content\/uploads\/2025\/06\/Margg.png","contentUrl":"https:\/\/pulso27.com\/wp-content\/uploads\/2025\/06\/Margg.png","width":1070,"height":800},{"@type":"BreadcrumbList","@id":"https:\/\/pulso27.com\/actualidad\/agricultura\/comunidades-campesinas-anuncian-movilizacion-y-paro-nacional-para-exigir-la-derogatoria-de-la-ley-32293-de-expropiacion-de-tierras-comunales\/#breadcrumb","itemListElement":[{"@type":"ListItem","position":1,"name":"Portada","item":"https:\/\/pulso27.com\/"},{"@type":"ListItem","position":2,"name":"Comunidades campesinas anuncian movilizaci\u00f3n y paro nacional para exigir la derogatoria de la Ley 32293 de expropiaci\u00f3n de tierras comunales"}]},{"@type":"WebSite","@id":"https:\/\/pulso27.com\/en\/#website","url":"https:\/\/pulso27.com\/en\/","name":"Pulso27","description":"Web de noticias y publicidad","publisher":{"@id":"https:\/\/pulso27.com\/en\/#organization"},"alternateName":"El pulso del pueblo","potentialAction":[{"@type":"SearchAction","target":{"@type":"EntryPoint","urlTemplate":"https:\/\/pulso27.com\/en\/?s={search_term_string}"},"query-input":{"@type":"PropertyValueSpecification","valueRequired":true,"valueName":"search_term_string"}}],"inLanguage":"en-US"},{"@type":"Organization","@id":"https:\/\/pulso27.com\/en\/#organization","name":"Pulso27","url":"https:\/\/pulso27.com\/en\/","logo":{"@type":"ImageObject","inLanguage":"en-US","@id":"https:\/\/pulso27.com\/en\/#\/schema\/logo\/image\/","url":"https:\/\/pulso27.com\/wp-content\/uploads\/2026\/02\/Logotipo-de-la-organizacion-696-x-696-px-ok.png","contentUrl":"https:\/\/pulso27.com\/wp-content\/uploads\/2026\/02\/Logotipo-de-la-organizacion-696-x-696-px-ok.png","width":696,"height":696,"caption":"Pulso27"},"image":{"@id":"https:\/\/pulso27.com\/en\/#\/schema\/logo\/image\/"},"sameAs":["https:\/\/www.facebook.com\/pulso27\/","https:\/\/x.com\/Pulso_27","https:\/\/www.youtube.com\/@Pulso27","https:\/\/www.tiktok.com\/@pulso_27"]},{"@type":"Person","@id":"https:\/\/pulso27.com\/en\/#\/schema\/person\/bf5ee161e6c87f6c7d57f5e689ef8526","name":"Redactor","image":{"@type":"ImageObject","inLanguage":"en-US","@id":"https:\/\/pulso27.com\/wp-content\/uploads\/2025\/03\/a-150x150.png","url":"https:\/\/pulso27.com\/wp-content\/uploads\/2025\/03\/a-150x150.png","contentUrl":"https:\/\/pulso27.com\/wp-content\/uploads\/2025\/03\/a-150x150.png","caption":"Redactor"},"sameAs":["http:\/\/www.pulso27.com"],"url":"https:\/\/pulso27.com\/en\/author\/redactor\/"}]}},"amp_enabled":true,"_links":{"self":[{"href":"https:\/\/pulso27.com\/en\/wp-json\/wp\/v2\/posts\/5578","targetHints":{"allow":["GET"]}}],"collection":[{"href":"https:\/\/pulso27.com\/en\/wp-json\/wp\/v2\/posts"}],"about":[{"href":"https:\/\/pulso27.com\/en\/wp-json\/wp\/v2\/types\/post"}],"author":[{"embeddable":true,"href":"https:\/\/pulso27.com\/en\/wp-json\/wp\/v2\/users\/13"}],"replies":[{"embeddable":true,"href":"https:\/\/pulso27.com\/en\/wp-json\/wp\/v2\/comments?post=5578"}],"version-history":[{"count":3,"href":"https:\/\/pulso27.com\/en\/wp-json\/wp\/v2\/posts\/5578\/revisions"}],"predecessor-version":[{"id":5588,"href":"https:\/\/pulso27.com\/en\/wp-json\/wp\/v2\/posts\/5578\/revisions\/5588"}],"wp:featuredmedia":[{"embeddable":true,"href":"https:\/\/pulso27.com\/en\/wp-json\/wp\/v2\/media\/5580"}],"wp:attachment":[{"href":"https:\/\/pulso27.com\/en\/wp-json\/wp\/v2\/media?parent=5578"}],"wp:term":[{"taxonomy":"category","embeddable":true,"href":"https:\/\/pulso27.com\/en\/wp-json\/wp\/v2\/categories?post=5578"},{"taxonomy":"post_tag","embeddable":true,"href":"https:\/\/pulso27.com\/en\/wp-json\/wp\/v2\/tags?post=5578"}],"curies":[{"name":"wp","href":"https:\/\/api.w.org\/{rel}","templated":true}]}}