{"id":5601,"date":"2025-06-11T07:31:38","date_gmt":"2025-06-11T02:31:38","guid":{"rendered":"https:\/\/pulso27.com\/?p=5601"},"modified":"2025-06-11T07:31:42","modified_gmt":"2025-06-11T02:31:42","slug":"pedro-castillo-llama-a-la-mas-amplia-unidad-rumbo-a-las-elecciones-generales-del-2026","status":"publish","type":"post","link":"https:\/\/pulso27.com\/en\/actualidad\/politica\/pedro-castillo-llama-a-la-mas-amplia-unidad-rumbo-a-las-elecciones-generales-del-2026\/","title":{"rendered":"Pedro Castillo llama a la \u201cm\u00e1s amplia unidad\u201d rumbo a las elecciones generales del 2026"},"content":{"rendered":"<p>Lima, 10 de junio de 2025. Desde su celda en el penal de Barbadillo, el expresidente Pedro Castillo emiti\u00f3 un pronunciamiento pol\u00edtico en el que convoca a \u201cla m\u00e1s amplia unidad pol\u00edtica y social\u201d de cara a las elecciones generales del 2026. El mensaje, difundido a trav\u00e9s de sus redes sociales, hace un llamado a los sectores populares, organizaciones sociales, y ciudadanos independientes a organizarse para disputar el poder pol\u00edtico desde una agenda transformadora.<\/p>\n\n\n\n<p>En el documento, Castillo plantea siete ejes principales, entre ellos: la convocatoria a una Asamblea Constituyente, la recuperaci\u00f3n de la soberan\u00eda sobre los recursos naturales, el fortalecimiento de los derechos sociales, la reforma del sistema de justicia y la liberaci\u00f3n de los denominados \u201cpresos pol\u00edticos\u201d. Asimismo, insiste en que su mandato presidencial fue interrumpido de forma ileg\u00edtima y que a\u00fan cuenta con respaldo popular.<\/p>\n\n\n\n<p>\u201cLlamamos a organizarnos y movilizarnos para impedir que los mismos de siempre sigan dirigiendo los destinos del pa\u00eds. \u00a1El pueblo tiene la palabra!\u201d, se\u00f1ala Castillo.<\/p>\n\n\n\n<figure class=\"wp-block-image size-large\"><img loading=\"lazy\" decoding=\"async\" width=\"1024\" height=\"1024\" src=\"https:\/\/pulso27.com\/wp-content\/uploads\/2025\/06\/image-18-1024x1024.png\" alt=\"\" class=\"wp-image-5603\" srcset=\"https:\/\/pulso27.com\/wp-content\/uploads\/2025\/06\/image-18-1024x1024.png 1024w, https:\/\/pulso27.com\/wp-content\/uploads\/2025\/06\/image-18-300x300.png 300w, https:\/\/pulso27.com\/wp-content\/uploads\/2025\/06\/image-18-150x150.png 150w, https:\/\/pulso27.com\/wp-content\/uploads\/2025\/06\/image-18-768x768.png 768w, https:\/\/pulso27.com\/wp-content\/uploads\/2025\/06\/image-18-12x12.png 12w, https:\/\/pulso27.com\/wp-content\/uploads\/2025\/06\/image-18-80x80.png 80w, https:\/\/pulso27.com\/wp-content\/uploads\/2025\/06\/image-18.png 1080w\" sizes=\"auto, (max-width: 1024px) 100vw, 1024px\" \/><figcaption class=\"wp-element-caption\"><em>La congresista Margot Palacios fue una de las defensoras reconocidas de la voluntad popular <\/em><\/figcaption><\/figure>\n\n\n\n<p><strong>Castillo fue visitado por Margot Palacios en Barbadillo<\/strong><\/p>\n\n\n\n<p>El pronunciamiento ocurre, coincidentemente cuando la congresista Margot Palacios, legisladora no agrupada, pero militante de Juntos por el Per\u00fa (JP) desde 2024, realiz\u00f3 varias visitas en las \u00faltimas semanas, acompa\u00f1ado de otros congresistas, aparentemente con diferentes motivos. Palacios goza del respaldo de un sector importante de los movimientos populares del interior del pa\u00eds y es una figura activa en la articulaci\u00f3n de sectores de izquierda que buscan una alternativa distinta frente al actual modelo pol\u00edtico y econ\u00f3mico.<\/p>\n\n\n\n<p>Aunque no se han revelado detalles de los encuentros, fuentes cercanas se\u00f1alan que la visita no habr\u00eda dejado de abordar la necesidad de coordinar esfuerzos con miras al 2026. La congresista habr\u00eda ratificado su respaldo a una agenda popular y constituyente.<\/p>\n\n\n\n<figure class=\"wp-block-image size-full\"><img loading=\"lazy\" decoding=\"async\" width=\"750\" height=\"691\" src=\"https:\/\/pulso27.com\/wp-content\/uploads\/2025\/06\/image-17.png\" alt=\"\" class=\"wp-image-5602\" srcset=\"https:\/\/pulso27.com\/wp-content\/uploads\/2025\/06\/image-17.png 750w, https:\/\/pulso27.com\/wp-content\/uploads\/2025\/06\/image-17-300x276.png 300w, https:\/\/pulso27.com\/wp-content\/uploads\/2025\/06\/image-17-13x12.png 13w\" sizes=\"auto, (max-width: 750px) 100vw, 750px\" \/><figcaption class=\"wp-element-caption\"><em>Mensaje publicado en \u00abX\u00bb del expresidente Pedro Castillo Terrones<\/em><\/figcaption><\/figure>\n\n\n\n<p><strong>Castillo mantiene respaldo amplio<\/strong><\/p>\n\n\n\n<p>A pesar de estar en prisi\u00f3n preventiva desde diciembre de 2022 por su fallido intento de disoluci\u00f3n del Congreso, Pedro Castillo conserva una base s\u00f3lida de apoyo, especialmente entre ex militantes de Per\u00fa Libre y sectores del magisterio nacional, que lo consideran un referente de la izquierda, al triunfar con Per\u00fa Libre.<\/p>\n\n\n\n<p>Su llamado se produce en un contexto de fragmentaci\u00f3n de la izquierda lime\u00f1a, pero tambi\u00e9n de intentos por rearticular un frente com\u00fan con figuras del movimiento popular peruano. Analistas advierten que, aunque la participaci\u00f3n directa de Castillo en el proceso electoral es improbable, su figura podr\u00eda influir en la definici\u00f3n de candidaturas y alianzas.<\/p>","protected":false},"excerpt":{"rendered":"<p>Lima, 10 de junio de 2025. Desde su celda en el penal de Barbadillo, el expresidente Pedro Castillo emiti\u00f3 un pronunciamiento pol\u00edtico en el que convoca a \u201cla m\u00e1s amplia unidad pol\u00edtica y social\u201d de cara a las elecciones generales del 2026. El mensaje, difundido a trav\u00e9s de sus redes sociales, hace un llamado a [&hellip;]<\/p>\n","protected":false},"author":7,"featured_media":5604,"comment_status":"open","ping_status":"open","sticky":false,"template":"","format":"standard","meta":{"footnotes":""},"categories":[174,180],"tags":[2226,1263,797],"class_list":["post-5601","post","type-post","status-publish","format-standard","has-post-thumbnail","hentry","category-nacional","category-politica","tag-elecciones2026","tag-margotpalacios","tag-pedrocastillo"],"yoast_head":"<!-- This site is optimized with the Yoast SEO plugin v27.4 - https:\/\/yoast.com\/product\/yoast-seo-wordpress\/ -->\n<title>Pedro Castillo llama a la \u201cm\u00e1s amplia unidad\u201d rumbo a las elecciones generales del 2026 - Pulso27<\/title>\n<meta name=\"robots\" content=\"index, follow, max-snippet:-1, max-image-preview:large, max-video-preview:-1\" \/>\n<link rel=\"canonical\" href=\"https:\/\/pulso27.com\/en\/actualidad\/politica\/pedro-castillo-llama-a-la-mas-amplia-unidad-rumbo-a-las-elecciones-generales-del-2026\/\" \/>\n<meta property=\"og:locale\" content=\"en_US\" \/>\n<meta property=\"og:type\" content=\"article\" \/>\n<meta property=\"og:title\" content=\"Pedro Castillo llama a la \u201cm\u00e1s amplia unidad\u201d rumbo a las elecciones generales del 2026 - Pulso27\" \/>\n<meta property=\"og:description\" content=\"Lima, 10 de junio de 2025. Desde su celda en el penal de Barbadillo, el expresidente Pedro Castillo emiti\u00f3 un pronunciamiento pol\u00edtico en el que convoca a \u201cla m\u00e1s amplia unidad pol\u00edtica y social\u201d de cara a las elecciones generales del 2026. El mensaje, difundido a trav\u00e9s de sus redes sociales, hace un llamado a [&hellip;]\" \/>\n<meta property=\"og:url\" content=\"https:\/\/pulso27.com\/en\/actualidad\/politica\/pedro-castillo-llama-a-la-mas-amplia-unidad-rumbo-a-las-elecciones-generales-del-2026\/\" \/>\n<meta property=\"og:site_name\" content=\"Pulso27\" \/>\n<meta property=\"article:publisher\" content=\"https:\/\/www.facebook.com\/pulso27\/\" \/>\n<meta property=\"article:published_time\" content=\"2025-06-11T02:31:38+00:00\" \/>\n<meta property=\"article:modified_time\" content=\"2025-06-11T02:31:42+00:00\" \/>\n<meta property=\"og:image\" content=\"https:\/\/pulso27.com\/wp-content\/uploads\/2025\/06\/Pedroo.png\" \/>\n\t<meta property=\"og:image:width\" content=\"1067\" \/>\n\t<meta property=\"og:image:height\" content=\"802\" \/>\n\t<meta property=\"og:image:type\" content=\"image\/png\" \/>\n<meta name=\"author\" content=\"Tupaq\" \/>\n<meta name=\"twitter:card\" content=\"summary_large_image\" \/>\n<meta name=\"twitter:creator\" content=\"@Pulso_27\" \/>\n<meta name=\"twitter:site\" content=\"@Pulso_27\" \/>\n<meta name=\"twitter:label1\" content=\"Written by\" \/>\n\t<meta name=\"twitter:data1\" content=\"Tupaq\" \/>\n\t<meta name=\"twitter:label2\" content=\"Est. reading time\" \/>\n\t<meta name=\"twitter:data2\" content=\"3 minutes\" \/>\n<script type=\"application\/ld+json\" class=\"yoast-schema-graph\">{\"@context\":\"https:\\\/\\\/schema.org\",\"@graph\":[{\"@type\":\"Article\",\"@id\":\"https:\\\/\\\/pulso27.com\\\/actualidad\\\/politica\\\/pedro-castillo-llama-a-la-mas-amplia-unidad-rumbo-a-las-elecciones-generales-del-2026\\\/#article\",\"isPartOf\":{\"@id\":\"https:\\\/\\\/pulso27.com\\\/actualidad\\\/politica\\\/pedro-castillo-llama-a-la-mas-amplia-unidad-rumbo-a-las-elecciones-generales-del-2026\\\/\"},\"author\":{\"name\":\"Tupaq\",\"@id\":\"https:\\\/\\\/pulso27.com\\\/en\\\/#\\\/schema\\\/person\\\/d20fd7f5bc7f2e53fd150d43fca07a78\"},\"headline\":\"Pedro Castillo llama a la \u201cm\u00e1s amplia unidad\u201d rumbo a las elecciones generales del 2026\",\"datePublished\":\"2025-06-11T02:31:38+00:00\",\"dateModified\":\"2025-06-11T02:31:42+00:00\",\"mainEntityOfPage\":{\"@id\":\"https:\\\/\\\/pulso27.com\\\/actualidad\\\/politica\\\/pedro-castillo-llama-a-la-mas-amplia-unidad-rumbo-a-las-elecciones-generales-del-2026\\\/\"},\"wordCount\":462,\"commentCount\":0,\"publisher\":{\"@id\":\"https:\\\/\\\/pulso27.com\\\/en\\\/#organization\"},\"image\":{\"@id\":\"https:\\\/\\\/pulso27.com\\\/actualidad\\\/politica\\\/pedro-castillo-llama-a-la-mas-amplia-unidad-rumbo-a-las-elecciones-generales-del-2026\\\/#primaryimage\"},\"thumbnailUrl\":\"https:\\\/\\\/pulso27.com\\\/wp-content\\\/uploads\\\/2025\\\/06\\\/Pedroo.png\",\"keywords\":[\"Elecciones2026\",\"MargotPalacios\",\"PedroCastillo\"],\"articleSection\":[\"Nacional\",\"Pol\u00edtica\"],\"inLanguage\":\"en-US\",\"potentialAction\":[{\"@type\":\"CommentAction\",\"name\":\"Comment\",\"target\":[\"https:\\\/\\\/pulso27.com\\\/actualidad\\\/politica\\\/pedro-castillo-llama-a-la-mas-amplia-unidad-rumbo-a-las-elecciones-generales-del-2026\\\/#respond\"]}]},{\"@type\":\"WebPage\",\"@id\":\"https:\\\/\\\/pulso27.com\\\/actualidad\\\/politica\\\/pedro-castillo-llama-a-la-mas-amplia-unidad-rumbo-a-las-elecciones-generales-del-2026\\\/\",\"url\":\"https:\\\/\\\/pulso27.com\\\/actualidad\\\/politica\\\/pedro-castillo-llama-a-la-mas-amplia-unidad-rumbo-a-las-elecciones-generales-del-2026\\\/\",\"name\":\"Pedro Castillo llama a la \u201cm\u00e1s amplia unidad\u201d rumbo a las elecciones generales del 2026 - Pulso27\",\"isPartOf\":{\"@id\":\"https:\\\/\\\/pulso27.com\\\/en\\\/#website\"},\"primaryImageOfPage\":{\"@id\":\"https:\\\/\\\/pulso27.com\\\/actualidad\\\/politica\\\/pedro-castillo-llama-a-la-mas-amplia-unidad-rumbo-a-las-elecciones-generales-del-2026\\\/#primaryimage\"},\"image\":{\"@id\":\"https:\\\/\\\/pulso27.com\\\/actualidad\\\/politica\\\/pedro-castillo-llama-a-la-mas-amplia-unidad-rumbo-a-las-elecciones-generales-del-2026\\\/#primaryimage\"},\"thumbnailUrl\":\"https:\\\/\\\/pulso27.com\\\/wp-content\\\/uploads\\\/2025\\\/06\\\/Pedroo.png\",\"datePublished\":\"2025-06-11T02:31:38+00:00\",\"dateModified\":\"2025-06-11T02:31:42+00:00\",\"breadcrumb\":{\"@id\":\"https:\\\/\\\/pulso27.com\\\/actualidad\\\/politica\\\/pedro-castillo-llama-a-la-mas-amplia-unidad-rumbo-a-las-elecciones-generales-del-2026\\\/#breadcrumb\"},\"inLanguage\":\"en-US\",\"potentialAction\":[{\"@type\":\"ReadAction\",\"target\":[\"https:\\\/\\\/pulso27.com\\\/actualidad\\\/politica\\\/pedro-castillo-llama-a-la-mas-amplia-unidad-rumbo-a-las-elecciones-generales-del-2026\\\/\"]}]},{\"@type\":\"ImageObject\",\"inLanguage\":\"en-US\",\"@id\":\"https:\\\/\\\/pulso27.com\\\/actualidad\\\/politica\\\/pedro-castillo-llama-a-la-mas-amplia-unidad-rumbo-a-las-elecciones-generales-del-2026\\\/#primaryimage\",\"url\":\"https:\\\/\\\/pulso27.com\\\/wp-content\\\/uploads\\\/2025\\\/06\\\/Pedroo.png\",\"contentUrl\":\"https:\\\/\\\/pulso27.com\\\/wp-content\\\/uploads\\\/2025\\\/06\\\/Pedroo.png\",\"width\":1067,\"height\":802},{\"@type\":\"BreadcrumbList\",\"@id\":\"https:\\\/\\\/pulso27.com\\\/actualidad\\\/politica\\\/pedro-castillo-llama-a-la-mas-amplia-unidad-rumbo-a-las-elecciones-generales-del-2026\\\/#breadcrumb\",\"itemListElement\":[{\"@type\":\"ListItem\",\"position\":1,\"name\":\"Portada\",\"item\":\"https:\\\/\\\/pulso27.com\\\/\"},{\"@type\":\"ListItem\",\"position\":2,\"name\":\"Pedro Castillo llama a la \u201cm\u00e1s amplia unidad\u201d rumbo a las elecciones generales del 2026\"}]},{\"@type\":\"WebSite\",\"@id\":\"https:\\\/\\\/pulso27.com\\\/en\\\/#website\",\"url\":\"https:\\\/\\\/pulso27.com\\\/en\\\/\",\"name\":\"Pulso27\",\"description\":\"Web de noticias y publicidad\",\"publisher\":{\"@id\":\"https:\\\/\\\/pulso27.com\\\/en\\\/#organization\"},\"alternateName\":\"El pulso del pueblo\",\"potentialAction\":[{\"@type\":\"SearchAction\",\"target\":{\"@type\":\"EntryPoint\",\"urlTemplate\":\"https:\\\/\\\/pulso27.com\\\/en\\\/?s={search_term_string}\"},\"query-input\":{\"@type\":\"PropertyValueSpecification\",\"valueRequired\":true,\"valueName\":\"search_term_string\"}}],\"inLanguage\":\"en-US\"},{\"@type\":\"Organization\",\"@id\":\"https:\\\/\\\/pulso27.com\\\/en\\\/#organization\",\"name\":\"Pulso27\",\"url\":\"https:\\\/\\\/pulso27.com\\\/en\\\/\",\"logo\":{\"@type\":\"ImageObject\",\"inLanguage\":\"en-US\",\"@id\":\"https:\\\/\\\/pulso27.com\\\/en\\\/#\\\/schema\\\/logo\\\/image\\\/\",\"url\":\"https:\\\/\\\/pulso27.com\\\/wp-content\\\/uploads\\\/2026\\\/02\\\/Logotipo-de-la-organizacion-696-x-696-px-ok.png\",\"contentUrl\":\"https:\\\/\\\/pulso27.com\\\/wp-content\\\/uploads\\\/2026\\\/02\\\/Logotipo-de-la-organizacion-696-x-696-px-ok.png\",\"width\":696,\"height\":696,\"caption\":\"Pulso27\"},\"image\":{\"@id\":\"https:\\\/\\\/pulso27.com\\\/en\\\/#\\\/schema\\\/logo\\\/image\\\/\"},\"sameAs\":[\"https:\\\/\\\/www.facebook.com\\\/pulso27\\\/\",\"https:\\\/\\\/x.com\\\/Pulso_27\",\"https:\\\/\\\/www.youtube.com\\\/@Pulso27\",\"https:\\\/\\\/www.tiktok.com\\\/@pulso_27\"]},{\"@type\":\"Person\",\"@id\":\"https:\\\/\\\/pulso27.com\\\/en\\\/#\\\/schema\\\/person\\\/d20fd7f5bc7f2e53fd150d43fca07a78\",\"name\":\"Tupaq\",\"image\":{\"@type\":\"ImageObject\",\"inLanguage\":\"en-US\",\"@id\":\"https:\\\/\\\/secure.gravatar.com\\\/avatar\\\/7929e9b034aeea560319a601e4f04c59eb5f45a79eafe192adabb67e9604e7e7?s=96&d=mm&r=g\",\"url\":\"https:\\\/\\\/secure.gravatar.com\\\/avatar\\\/7929e9b034aeea560319a601e4f04c59eb5f45a79eafe192adabb67e9604e7e7?s=96&d=mm&r=g\",\"contentUrl\":\"https:\\\/\\\/secure.gravatar.com\\\/avatar\\\/7929e9b034aeea560319a601e4f04c59eb5f45a79eafe192adabb67e9604e7e7?s=96&d=mm&r=g\",\"caption\":\"Tupaq\"},\"url\":\"https:\\\/\\\/pulso27.com\\\/en\\\/author\\\/tupaq\\\/\"}]}<\/script>\n<!-- \/ Yoast SEO plugin. -->","yoast_head_json":{"title":"Pedro Castillo llama a la \u201cm\u00e1s amplia unidad\u201d rumbo a las elecciones generales del 2026 - Pulso27","robots":{"index":"index","follow":"follow","max-snippet":"max-snippet:-1","max-image-preview":"max-image-preview:large","max-video-preview":"max-video-preview:-1"},"canonical":"https:\/\/pulso27.com\/en\/actualidad\/politica\/pedro-castillo-llama-a-la-mas-amplia-unidad-rumbo-a-las-elecciones-generales-del-2026\/","og_locale":"en_US","og_type":"article","og_title":"Pedro Castillo llama a la \u201cm\u00e1s amplia unidad\u201d rumbo a las elecciones generales del 2026 - Pulso27","og_description":"Lima, 10 de junio de 2025. Desde su celda en el penal de Barbadillo, el expresidente Pedro Castillo emiti\u00f3 un pronunciamiento pol\u00edtico en el que convoca a \u201cla m\u00e1s amplia unidad pol\u00edtica y social\u201d de cara a las elecciones generales del 2026. El mensaje, difundido a trav\u00e9s de sus redes sociales, hace un llamado a [&hellip;]","og_url":"https:\/\/pulso27.com\/en\/actualidad\/politica\/pedro-castillo-llama-a-la-mas-amplia-unidad-rumbo-a-las-elecciones-generales-del-2026\/","og_site_name":"Pulso27","article_publisher":"https:\/\/www.facebook.com\/pulso27\/","article_published_time":"2025-06-11T02:31:38+00:00","article_modified_time":"2025-06-11T02:31:42+00:00","og_image":[{"width":1067,"height":802,"url":"https:\/\/pulso27.com\/wp-content\/uploads\/2025\/06\/Pedroo.png","type":"image\/png"}],"author":"Tupaq","twitter_card":"summary_large_image","twitter_creator":"@Pulso_27","twitter_site":"@Pulso_27","twitter_misc":{"Written by":"Tupaq","Est. reading time":"3 minutes"},"schema":{"@context":"https:\/\/schema.org","@graph":[{"@type":"Article","@id":"https:\/\/pulso27.com\/actualidad\/politica\/pedro-castillo-llama-a-la-mas-amplia-unidad-rumbo-a-las-elecciones-generales-del-2026\/#article","isPartOf":{"@id":"https:\/\/pulso27.com\/actualidad\/politica\/pedro-castillo-llama-a-la-mas-amplia-unidad-rumbo-a-las-elecciones-generales-del-2026\/"},"author":{"name":"Tupaq","@id":"https:\/\/pulso27.com\/en\/#\/schema\/person\/d20fd7f5bc7f2e53fd150d43fca07a78"},"headline":"Pedro Castillo llama a la \u201cm\u00e1s amplia unidad\u201d rumbo a las elecciones generales del 2026","datePublished":"2025-06-11T02:31:38+00:00","dateModified":"2025-06-11T02:31:42+00:00","mainEntityOfPage":{"@id":"https:\/\/pulso27.com\/actualidad\/politica\/pedro-castillo-llama-a-la-mas-amplia-unidad-rumbo-a-las-elecciones-generales-del-2026\/"},"wordCount":462,"commentCount":0,"publisher":{"@id":"https:\/\/pulso27.com\/en\/#organization"},"image":{"@id":"https:\/\/pulso27.com\/actualidad\/politica\/pedro-castillo-llama-a-la-mas-amplia-unidad-rumbo-a-las-elecciones-generales-del-2026\/#primaryimage"},"thumbnailUrl":"https:\/\/pulso27.com\/wp-content\/uploads\/2025\/06\/Pedroo.png","keywords":["Elecciones2026","MargotPalacios","PedroCastillo"],"articleSection":["Nacional","Pol\u00edtica"],"inLanguage":"en-US","potentialAction":[{"@type":"CommentAction","name":"Comment","target":["https:\/\/pulso27.com\/actualidad\/politica\/pedro-castillo-llama-a-la-mas-amplia-unidad-rumbo-a-las-elecciones-generales-del-2026\/#respond"]}]},{"@type":"WebPage","@id":"https:\/\/pulso27.com\/actualidad\/politica\/pedro-castillo-llama-a-la-mas-amplia-unidad-rumbo-a-las-elecciones-generales-del-2026\/","url":"https:\/\/pulso27.com\/actualidad\/politica\/pedro-castillo-llama-a-la-mas-amplia-unidad-rumbo-a-las-elecciones-generales-del-2026\/","name":"Pedro Castillo llama a la \u201cm\u00e1s amplia unidad\u201d rumbo a las elecciones generales del 2026 - Pulso27","isPartOf":{"@id":"https:\/\/pulso27.com\/en\/#website"},"primaryImageOfPage":{"@id":"https:\/\/pulso27.com\/actualidad\/politica\/pedro-castillo-llama-a-la-mas-amplia-unidad-rumbo-a-las-elecciones-generales-del-2026\/#primaryimage"},"image":{"@id":"https:\/\/pulso27.com\/actualidad\/politica\/pedro-castillo-llama-a-la-mas-amplia-unidad-rumbo-a-las-elecciones-generales-del-2026\/#primaryimage"},"thumbnailUrl":"https:\/\/pulso27.com\/wp-content\/uploads\/2025\/06\/Pedroo.png","datePublished":"2025-06-11T02:31:38+00:00","dateModified":"2025-06-11T02:31:42+00:00","breadcrumb":{"@id":"https:\/\/pulso27.com\/actualidad\/politica\/pedro-castillo-llama-a-la-mas-amplia-unidad-rumbo-a-las-elecciones-generales-del-2026\/#breadcrumb"},"inLanguage":"en-US","potentialAction":[{"@type":"ReadAction","target":["https:\/\/pulso27.com\/actualidad\/politica\/pedro-castillo-llama-a-la-mas-amplia-unidad-rumbo-a-las-elecciones-generales-del-2026\/"]}]},{"@type":"ImageObject","inLanguage":"en-US","@id":"https:\/\/pulso27.com\/actualidad\/politica\/pedro-castillo-llama-a-la-mas-amplia-unidad-rumbo-a-las-elecciones-generales-del-2026\/#primaryimage","url":"https:\/\/pulso27.com\/wp-content\/uploads\/2025\/06\/Pedroo.png","contentUrl":"https:\/\/pulso27.com\/wp-content\/uploads\/2025\/06\/Pedroo.png","width":1067,"height":802},{"@type":"BreadcrumbList","@id":"https:\/\/pulso27.com\/actualidad\/politica\/pedro-castillo-llama-a-la-mas-amplia-unidad-rumbo-a-las-elecciones-generales-del-2026\/#breadcrumb","itemListElement":[{"@type":"ListItem","position":1,"name":"Portada","item":"https:\/\/pulso27.com\/"},{"@type":"ListItem","position":2,"name":"Pedro Castillo llama a la \u201cm\u00e1s amplia unidad\u201d rumbo a las elecciones generales del 2026"}]},{"@type":"WebSite","@id":"https:\/\/pulso27.com\/en\/#website","url":"https:\/\/pulso27.com\/en\/","name":"Pulso27","description":"Web de noticias y publicidad","publisher":{"@id":"https:\/\/pulso27.com\/en\/#organization"},"alternateName":"El pulso del pueblo","potentialAction":[{"@type":"SearchAction","target":{"@type":"EntryPoint","urlTemplate":"https:\/\/pulso27.com\/en\/?s={search_term_string}"},"query-input":{"@type":"PropertyValueSpecification","valueRequired":true,"valueName":"search_term_string"}}],"inLanguage":"en-US"},{"@type":"Organization","@id":"https:\/\/pulso27.com\/en\/#organization","name":"Pulso27","url":"https:\/\/pulso27.com\/en\/","logo":{"@type":"ImageObject","inLanguage":"en-US","@id":"https:\/\/pulso27.com\/en\/#\/schema\/logo\/image\/","url":"https:\/\/pulso27.com\/wp-content\/uploads\/2026\/02\/Logotipo-de-la-organizacion-696-x-696-px-ok.png","contentUrl":"https:\/\/pulso27.com\/wp-content\/uploads\/2026\/02\/Logotipo-de-la-organizacion-696-x-696-px-ok.png","width":696,"height":696,"caption":"Pulso27"},"image":{"@id":"https:\/\/pulso27.com\/en\/#\/schema\/logo\/image\/"},"sameAs":["https:\/\/www.facebook.com\/pulso27\/","https:\/\/x.com\/Pulso_27","https:\/\/www.youtube.com\/@Pulso27","https:\/\/www.tiktok.com\/@pulso_27"]},{"@type":"Person","@id":"https:\/\/pulso27.com\/en\/#\/schema\/person\/d20fd7f5bc7f2e53fd150d43fca07a78","name":"Tupaq","image":{"@type":"ImageObject","inLanguage":"en-US","@id":"https:\/\/secure.gravatar.com\/avatar\/7929e9b034aeea560319a601e4f04c59eb5f45a79eafe192adabb67e9604e7e7?s=96&d=mm&r=g","url":"https:\/\/secure.gravatar.com\/avatar\/7929e9b034aeea560319a601e4f04c59eb5f45a79eafe192adabb67e9604e7e7?s=96&d=mm&r=g","contentUrl":"https:\/\/secure.gravatar.com\/avatar\/7929e9b034aeea560319a601e4f04c59eb5f45a79eafe192adabb67e9604e7e7?s=96&d=mm&r=g","caption":"Tupaq"},"url":"https:\/\/pulso27.com\/en\/author\/tupaq\/"}]}},"amp_enabled":true,"_links":{"self":[{"href":"https:\/\/pulso27.com\/en\/wp-json\/wp\/v2\/posts\/5601","targetHints":{"allow":["GET"]}}],"collection":[{"href":"https:\/\/pulso27.com\/en\/wp-json\/wp\/v2\/posts"}],"about":[{"href":"https:\/\/pulso27.com\/en\/wp-json\/wp\/v2\/types\/post"}],"author":[{"embeddable":true,"href":"https:\/\/pulso27.com\/en\/wp-json\/wp\/v2\/users\/7"}],"replies":[{"embeddable":true,"href":"https:\/\/pulso27.com\/en\/wp-json\/wp\/v2\/comments?post=5601"}],"version-history":[{"count":1,"href":"https:\/\/pulso27.com\/en\/wp-json\/wp\/v2\/posts\/5601\/revisions"}],"predecessor-version":[{"id":5605,"href":"https:\/\/pulso27.com\/en\/wp-json\/wp\/v2\/posts\/5601\/revisions\/5605"}],"wp:featuredmedia":[{"embeddable":true,"href":"https:\/\/pulso27.com\/en\/wp-json\/wp\/v2\/media\/5604"}],"wp:attachment":[{"href":"https:\/\/pulso27.com\/en\/wp-json\/wp\/v2\/media?parent=5601"}],"wp:term":[{"taxonomy":"category","embeddable":true,"href":"https:\/\/pulso27.com\/en\/wp-json\/wp\/v2\/categories?post=5601"},{"taxonomy":"post_tag","embeddable":true,"href":"https:\/\/pulso27.com\/en\/wp-json\/wp\/v2\/tags?post=5601"}],"curies":[{"name":"wp","href":"https:\/\/api.w.org\/{rel}","templated":true}]}}