{"id":585,"date":"2023-11-08T20:32:53","date_gmt":"2023-11-08T20:32:53","guid":{"rendered":"https:\/\/pulso27.com\/?p=585"},"modified":"2024-11-02T08:48:16","modified_gmt":"2024-11-02T03:48:16","slug":"congreso-suspenden-el-pleno-donde-hoy-se-programo-votar-el-informe-de-la-jnj","status":"publish","type":"post","link":"https:\/\/pulso27.com\/en\/nacional\/congreso-suspenden-el-pleno-donde-hoy-se-programo-votar-el-informe-de-la-jnj\/","title":{"rendered":"Congreso: Suspenden el pleno donde hoy se programo votar el informe de la JNJ"},"content":{"rendered":"<p>La Junta de Portavoces anoche convino que el pleno del Congreso abordar\u00eda hoy 02:00 p.m., el informe final de la Comisi\u00f3n de Justicia que recomienda destituir a los siete integrantes de la Junta Nacional de Justicia (JNJ) por supuesta causa grave, a pesar de que el Poder Judicial suspendi\u00f3 el procedimiento.<\/p>\n\n\n\n<p>Congresistas hab\u00edan expresado su discrepancia sobre iniciar hoy el debate y votaci\u00f3n en el que se definir\u00e1 el futuro de los magistrados Imelda Tumial\u00e1n, Aldo V\u00e1squez, Henry \u00c1vila, Antonio de la Haza, Mar\u00eda Zavala, Guillermo Thornberry e In\u00e9s Tello, quienes adelantaron que no acudir\u00e1n a la sesi\u00f3n.<\/p>\n\n\n\n<p>Alejandro Soto, titular del Parlamento, dispuso la reprogramaci\u00f3n de la sesi\u00f3n de este mi\u00e9rcoles ante la ausencia de los magistrados. Tambi\u00e9n anunci\u00f3 que la Procuradur\u00eda del Congreso ha presentado una apelaci\u00f3n a la medida cautelar dictada por el PJ.<\/p>\n\n\n\n<blockquote class=\"wp-block-quote is-layout-flow wp-block-quote-is-layout-flow\">\n<p>Congresistas Eduardo Salhuana, Flor Pablo y Ruth Luque se mostraron a favor de suspender la sesi\u00f3n de hoy<\/p>\n<\/blockquote>\n\n\n\n<p><\/p>\n\n\n\n<p>Congresistas Eduardo Salhuana, Flor Pablo y Ruth Luque se manifestaron a favor de suspender la sesi\u00f3n de hoy, tras la medida cautelar emitida por la Tercera Sala Constitucional de la Corte Superior de Justicia de Lima.<\/p>\n\n\n\n<p>\u201cCreo que, en realidad, lo que estamos viendo es un desacato por parte del Congreso y esta creencia de que somos el primer, m\u00e1ximo y todopoderoso poder del Estado. Ah\u00ed hay un problema\u201d, sostuvo Flor Pablo.<\/p>\n\n\n\n<p>La tambi\u00e9n exministra de Educaci\u00f3n precis\u00f3 que el Parlamento pudo haber presentado una demanda competencial ante el Tribunal Constitucional, a fin de revertir la orden judicial.<\/p>\n\n\n\n<figure class=\"wp-block-gallery has-nested-images columns-default is-cropped wp-block-gallery-1 is-layout-flex wp-block-gallery-is-layout-flex\">\n<figure class=\"wp-block-image size-large\"><img loading=\"lazy\" decoding=\"async\" width=\"1024\" height=\"626\" data-id=\"588\" src=\"https:\/\/pulso27.com\/wp-content\/uploads\/2023\/11\/JNJ_-1-1024x626.jpg\" alt=\"\" class=\"wp-image-588\" srcset=\"https:\/\/pulso27.com\/wp-content\/uploads\/2023\/11\/JNJ_-1-1024x626.jpg 1024w, https:\/\/pulso27.com\/wp-content\/uploads\/2023\/11\/JNJ_-1-300x183.jpg 300w, https:\/\/pulso27.com\/wp-content\/uploads\/2023\/11\/JNJ_-1-768x469.jpg 768w, https:\/\/pulso27.com\/wp-content\/uploads\/2023\/11\/JNJ_-1.jpg 1316w\" sizes=\"auto, (max-width: 1024px) 100vw, 1024px\" \/><\/figure>\n<\/figure>","protected":false},"excerpt":{"rendered":"<p>Congresistas a favor de suspender la sesi\u00f3n de hoy donde se programo el debate sobre suspender a los magistrados de la JNJ. <\/p>","protected":false},"author":7,"featured_media":587,"comment_status":"open","ping_status":"open","sticky":false,"template":"","format":"standard","meta":{"footnotes":""},"categories":[183,174,180],"tags":[],"class_list":["post-585","post","type-post","status-publish","format-standard","has-post-thumbnail","hentry","category-actualidad","category-nacional","category-politica"],"yoast_head":"<!-- This site is optimized with the Yoast SEO plugin v27.4 - https:\/\/yoast.com\/product\/yoast-seo-wordpress\/ -->\n<title>Congreso: Suspenden el pleno donde hoy se programo votar el informe de la JNJ - Pulso27<\/title>\n<meta name=\"robots\" content=\"index, follow, max-snippet:-1, max-image-preview:large, max-video-preview:-1\" \/>\n<link rel=\"canonical\" href=\"https:\/\/pulso27.com\/en\/nacional\/congreso-suspenden-el-pleno-donde-hoy-se-programo-votar-el-informe-de-la-jnj\/\" \/>\n<meta property=\"og:locale\" content=\"en_US\" \/>\n<meta property=\"og:type\" content=\"article\" \/>\n<meta property=\"og:title\" content=\"Congreso: Suspenden el pleno donde hoy se programo votar el informe de la JNJ - Pulso27\" \/>\n<meta property=\"og:description\" content=\"Congresistas a favor de suspender la sesi\u00f3n de hoy donde se programo el debate sobre suspender a los magistrados de la JNJ.\" \/>\n<meta property=\"og:url\" content=\"https:\/\/pulso27.com\/en\/nacional\/congreso-suspenden-el-pleno-donde-hoy-se-programo-votar-el-informe-de-la-jnj\/\" \/>\n<meta property=\"og:site_name\" content=\"Pulso27\" \/>\n<meta property=\"article:publisher\" content=\"https:\/\/www.facebook.com\/pulso27\/\" \/>\n<meta property=\"article:published_time\" content=\"2023-11-08T20:32:53+00:00\" \/>\n<meta property=\"article:modified_time\" content=\"2024-11-02T03:48:16+00:00\" \/>\n<meta property=\"og:image\" content=\"https:\/\/pulso27.com\/wp-content\/uploads\/2023\/11\/congreso_.jpg\" \/>\n\t<meta property=\"og:image:width\" content=\"474\" \/>\n\t<meta property=\"og:image:height\" content=\"316\" \/>\n\t<meta property=\"og:image:type\" content=\"image\/jpeg\" \/>\n<meta name=\"author\" content=\"Tupaq\" \/>\n<meta name=\"twitter:card\" content=\"summary_large_image\" \/>\n<meta name=\"twitter:creator\" content=\"@Pulso_27\" \/>\n<meta name=\"twitter:site\" content=\"@Pulso_27\" \/>\n<meta name=\"twitter:label1\" content=\"Written by\" \/>\n\t<meta name=\"twitter:data1\" content=\"Tupaq\" \/>\n\t<meta name=\"twitter:label2\" content=\"Est. reading time\" \/>\n\t<meta name=\"twitter:data2\" content=\"1 minute\" \/>\n<script type=\"application\/ld+json\" class=\"yoast-schema-graph\">{\"@context\":\"https:\\\/\\\/schema.org\",\"@graph\":[{\"@type\":\"Article\",\"@id\":\"https:\\\/\\\/pulso27.com\\\/nacional\\\/congreso-suspenden-el-pleno-donde-hoy-se-programo-votar-el-informe-de-la-jnj\\\/#article\",\"isPartOf\":{\"@id\":\"https:\\\/\\\/pulso27.com\\\/nacional\\\/congreso-suspenden-el-pleno-donde-hoy-se-programo-votar-el-informe-de-la-jnj\\\/\"},\"author\":{\"name\":\"Tupaq\",\"@id\":\"https:\\\/\\\/pulso27.com\\\/en\\\/#\\\/schema\\\/person\\\/d20fd7f5bc7f2e53fd150d43fca07a78\"},\"headline\":\"Congreso: Suspenden el pleno donde hoy se programo votar el informe de la JNJ\",\"datePublished\":\"2023-11-08T20:32:53+00:00\",\"dateModified\":\"2024-11-02T03:48:16+00:00\",\"mainEntityOfPage\":{\"@id\":\"https:\\\/\\\/pulso27.com\\\/nacional\\\/congreso-suspenden-el-pleno-donde-hoy-se-programo-votar-el-informe-de-la-jnj\\\/\"},\"wordCount\":288,\"commentCount\":0,\"publisher\":{\"@id\":\"https:\\\/\\\/pulso27.com\\\/en\\\/#organization\"},\"image\":{\"@id\":\"https:\\\/\\\/pulso27.com\\\/nacional\\\/congreso-suspenden-el-pleno-donde-hoy-se-programo-votar-el-informe-de-la-jnj\\\/#primaryimage\"},\"thumbnailUrl\":\"https:\\\/\\\/pulso27.com\\\/wp-content\\\/uploads\\\/2023\\\/11\\\/congreso_.jpg\",\"articleSection\":[\"Actualidad\",\"Nacional\",\"Pol\u00edtica\"],\"inLanguage\":\"en-US\",\"potentialAction\":[{\"@type\":\"CommentAction\",\"name\":\"Comment\",\"target\":[\"https:\\\/\\\/pulso27.com\\\/nacional\\\/congreso-suspenden-el-pleno-donde-hoy-se-programo-votar-el-informe-de-la-jnj\\\/#respond\"]}]},{\"@type\":\"WebPage\",\"@id\":\"https:\\\/\\\/pulso27.com\\\/nacional\\\/congreso-suspenden-el-pleno-donde-hoy-se-programo-votar-el-informe-de-la-jnj\\\/\",\"url\":\"https:\\\/\\\/pulso27.com\\\/nacional\\\/congreso-suspenden-el-pleno-donde-hoy-se-programo-votar-el-informe-de-la-jnj\\\/\",\"name\":\"Congreso: Suspenden el pleno donde hoy se programo votar el informe de la JNJ - Pulso27\",\"isPartOf\":{\"@id\":\"https:\\\/\\\/pulso27.com\\\/en\\\/#website\"},\"primaryImageOfPage\":{\"@id\":\"https:\\\/\\\/pulso27.com\\\/nacional\\\/congreso-suspenden-el-pleno-donde-hoy-se-programo-votar-el-informe-de-la-jnj\\\/#primaryimage\"},\"image\":{\"@id\":\"https:\\\/\\\/pulso27.com\\\/nacional\\\/congreso-suspenden-el-pleno-donde-hoy-se-programo-votar-el-informe-de-la-jnj\\\/#primaryimage\"},\"thumbnailUrl\":\"https:\\\/\\\/pulso27.com\\\/wp-content\\\/uploads\\\/2023\\\/11\\\/congreso_.jpg\",\"datePublished\":\"2023-11-08T20:32:53+00:00\",\"dateModified\":\"2024-11-02T03:48:16+00:00\",\"breadcrumb\":{\"@id\":\"https:\\\/\\\/pulso27.com\\\/nacional\\\/congreso-suspenden-el-pleno-donde-hoy-se-programo-votar-el-informe-de-la-jnj\\\/#breadcrumb\"},\"inLanguage\":\"en-US\",\"potentialAction\":[{\"@type\":\"ReadAction\",\"target\":[\"https:\\\/\\\/pulso27.com\\\/nacional\\\/congreso-suspenden-el-pleno-donde-hoy-se-programo-votar-el-informe-de-la-jnj\\\/\"]}]},{\"@type\":\"ImageObject\",\"inLanguage\":\"en-US\",\"@id\":\"https:\\\/\\\/pulso27.com\\\/nacional\\\/congreso-suspenden-el-pleno-donde-hoy-se-programo-votar-el-informe-de-la-jnj\\\/#primaryimage\",\"url\":\"https:\\\/\\\/pulso27.com\\\/wp-content\\\/uploads\\\/2023\\\/11\\\/congreso_.jpg\",\"contentUrl\":\"https:\\\/\\\/pulso27.com\\\/wp-content\\\/uploads\\\/2023\\\/11\\\/congreso_.jpg\",\"width\":474,\"height\":316},{\"@type\":\"BreadcrumbList\",\"@id\":\"https:\\\/\\\/pulso27.com\\\/nacional\\\/congreso-suspenden-el-pleno-donde-hoy-se-programo-votar-el-informe-de-la-jnj\\\/#breadcrumb\",\"itemListElement\":[{\"@type\":\"ListItem\",\"position\":1,\"name\":\"Portada\",\"item\":\"https:\\\/\\\/pulso27.com\\\/\"},{\"@type\":\"ListItem\",\"position\":2,\"name\":\"Congreso: Suspenden el pleno donde hoy se programo votar el informe de la JNJ\"}]},{\"@type\":\"WebSite\",\"@id\":\"https:\\\/\\\/pulso27.com\\\/en\\\/#website\",\"url\":\"https:\\\/\\\/pulso27.com\\\/en\\\/\",\"name\":\"Pulso27\",\"description\":\"Web de noticias y publicidad\",\"publisher\":{\"@id\":\"https:\\\/\\\/pulso27.com\\\/en\\\/#organization\"},\"alternateName\":\"El pulso del pueblo\",\"potentialAction\":[{\"@type\":\"SearchAction\",\"target\":{\"@type\":\"EntryPoint\",\"urlTemplate\":\"https:\\\/\\\/pulso27.com\\\/en\\\/?s={search_term_string}\"},\"query-input\":{\"@type\":\"PropertyValueSpecification\",\"valueRequired\":true,\"valueName\":\"search_term_string\"}}],\"inLanguage\":\"en-US\"},{\"@type\":\"Organization\",\"@id\":\"https:\\\/\\\/pulso27.com\\\/en\\\/#organization\",\"name\":\"Pulso27\",\"url\":\"https:\\\/\\\/pulso27.com\\\/en\\\/\",\"logo\":{\"@type\":\"ImageObject\",\"inLanguage\":\"en-US\",\"@id\":\"https:\\\/\\\/pulso27.com\\\/en\\\/#\\\/schema\\\/logo\\\/image\\\/\",\"url\":\"https:\\\/\\\/pulso27.com\\\/wp-content\\\/uploads\\\/2026\\\/02\\\/Logotipo-de-la-organizacion-696-x-696-px-ok.png\",\"contentUrl\":\"https:\\\/\\\/pulso27.com\\\/wp-content\\\/uploads\\\/2026\\\/02\\\/Logotipo-de-la-organizacion-696-x-696-px-ok.png\",\"width\":696,\"height\":696,\"caption\":\"Pulso27\"},\"image\":{\"@id\":\"https:\\\/\\\/pulso27.com\\\/en\\\/#\\\/schema\\\/logo\\\/image\\\/\"},\"sameAs\":[\"https:\\\/\\\/www.facebook.com\\\/pulso27\\\/\",\"https:\\\/\\\/x.com\\\/Pulso_27\",\"https:\\\/\\\/www.youtube.com\\\/@Pulso27\",\"https:\\\/\\\/www.tiktok.com\\\/@pulso_27\"]},{\"@type\":\"Person\",\"@id\":\"https:\\\/\\\/pulso27.com\\\/en\\\/#\\\/schema\\\/person\\\/d20fd7f5bc7f2e53fd150d43fca07a78\",\"name\":\"Tupaq\",\"image\":{\"@type\":\"ImageObject\",\"inLanguage\":\"en-US\",\"@id\":\"https:\\\/\\\/secure.gravatar.com\\\/avatar\\\/7929e9b034aeea560319a601e4f04c59eb5f45a79eafe192adabb67e9604e7e7?s=96&d=mm&r=g\",\"url\":\"https:\\\/\\\/secure.gravatar.com\\\/avatar\\\/7929e9b034aeea560319a601e4f04c59eb5f45a79eafe192adabb67e9604e7e7?s=96&d=mm&r=g\",\"contentUrl\":\"https:\\\/\\\/secure.gravatar.com\\\/avatar\\\/7929e9b034aeea560319a601e4f04c59eb5f45a79eafe192adabb67e9604e7e7?s=96&d=mm&r=g\",\"caption\":\"Tupaq\"},\"url\":\"https:\\\/\\\/pulso27.com\\\/en\\\/author\\\/tupaq\\\/\"}]}<\/script>\n<!-- \/ Yoast SEO plugin. -->","yoast_head_json":{"title":"Congreso: Suspenden el pleno donde hoy se programo votar el informe de la JNJ - Pulso27","robots":{"index":"index","follow":"follow","max-snippet":"max-snippet:-1","max-image-preview":"max-image-preview:large","max-video-preview":"max-video-preview:-1"},"canonical":"https:\/\/pulso27.com\/en\/nacional\/congreso-suspenden-el-pleno-donde-hoy-se-programo-votar-el-informe-de-la-jnj\/","og_locale":"en_US","og_type":"article","og_title":"Congreso: Suspenden el pleno donde hoy se programo votar el informe de la JNJ - Pulso27","og_description":"Congresistas a favor de suspender la sesi\u00f3n de hoy donde se programo el debate sobre suspender a los magistrados de la JNJ.","og_url":"https:\/\/pulso27.com\/en\/nacional\/congreso-suspenden-el-pleno-donde-hoy-se-programo-votar-el-informe-de-la-jnj\/","og_site_name":"Pulso27","article_publisher":"https:\/\/www.facebook.com\/pulso27\/","article_published_time":"2023-11-08T20:32:53+00:00","article_modified_time":"2024-11-02T03:48:16+00:00","og_image":[{"width":474,"height":316,"url":"https:\/\/pulso27.com\/wp-content\/uploads\/2023\/11\/congreso_.jpg","type":"image\/jpeg"}],"author":"Tupaq","twitter_card":"summary_large_image","twitter_creator":"@Pulso_27","twitter_site":"@Pulso_27","twitter_misc":{"Written by":"Tupaq","Est. reading time":"1 minute"},"schema":{"@context":"https:\/\/schema.org","@graph":[{"@type":"Article","@id":"https:\/\/pulso27.com\/nacional\/congreso-suspenden-el-pleno-donde-hoy-se-programo-votar-el-informe-de-la-jnj\/#article","isPartOf":{"@id":"https:\/\/pulso27.com\/nacional\/congreso-suspenden-el-pleno-donde-hoy-se-programo-votar-el-informe-de-la-jnj\/"},"author":{"name":"Tupaq","@id":"https:\/\/pulso27.com\/en\/#\/schema\/person\/d20fd7f5bc7f2e53fd150d43fca07a78"},"headline":"Congreso: Suspenden el pleno donde hoy se programo votar el informe de la JNJ","datePublished":"2023-11-08T20:32:53+00:00","dateModified":"2024-11-02T03:48:16+00:00","mainEntityOfPage":{"@id":"https:\/\/pulso27.com\/nacional\/congreso-suspenden-el-pleno-donde-hoy-se-programo-votar-el-informe-de-la-jnj\/"},"wordCount":288,"commentCount":0,"publisher":{"@id":"https:\/\/pulso27.com\/en\/#organization"},"image":{"@id":"https:\/\/pulso27.com\/nacional\/congreso-suspenden-el-pleno-donde-hoy-se-programo-votar-el-informe-de-la-jnj\/#primaryimage"},"thumbnailUrl":"https:\/\/pulso27.com\/wp-content\/uploads\/2023\/11\/congreso_.jpg","articleSection":["Actualidad","Nacional","Pol\u00edtica"],"inLanguage":"en-US","potentialAction":[{"@type":"CommentAction","name":"Comment","target":["https:\/\/pulso27.com\/nacional\/congreso-suspenden-el-pleno-donde-hoy-se-programo-votar-el-informe-de-la-jnj\/#respond"]}]},{"@type":"WebPage","@id":"https:\/\/pulso27.com\/nacional\/congreso-suspenden-el-pleno-donde-hoy-se-programo-votar-el-informe-de-la-jnj\/","url":"https:\/\/pulso27.com\/nacional\/congreso-suspenden-el-pleno-donde-hoy-se-programo-votar-el-informe-de-la-jnj\/","name":"Congreso: Suspenden el pleno donde hoy se programo votar el informe de la JNJ - Pulso27","isPartOf":{"@id":"https:\/\/pulso27.com\/en\/#website"},"primaryImageOfPage":{"@id":"https:\/\/pulso27.com\/nacional\/congreso-suspenden-el-pleno-donde-hoy-se-programo-votar-el-informe-de-la-jnj\/#primaryimage"},"image":{"@id":"https:\/\/pulso27.com\/nacional\/congreso-suspenden-el-pleno-donde-hoy-se-programo-votar-el-informe-de-la-jnj\/#primaryimage"},"thumbnailUrl":"https:\/\/pulso27.com\/wp-content\/uploads\/2023\/11\/congreso_.jpg","datePublished":"2023-11-08T20:32:53+00:00","dateModified":"2024-11-02T03:48:16+00:00","breadcrumb":{"@id":"https:\/\/pulso27.com\/nacional\/congreso-suspenden-el-pleno-donde-hoy-se-programo-votar-el-informe-de-la-jnj\/#breadcrumb"},"inLanguage":"en-US","potentialAction":[{"@type":"ReadAction","target":["https:\/\/pulso27.com\/nacional\/congreso-suspenden-el-pleno-donde-hoy-se-programo-votar-el-informe-de-la-jnj\/"]}]},{"@type":"ImageObject","inLanguage":"en-US","@id":"https:\/\/pulso27.com\/nacional\/congreso-suspenden-el-pleno-donde-hoy-se-programo-votar-el-informe-de-la-jnj\/#primaryimage","url":"https:\/\/pulso27.com\/wp-content\/uploads\/2023\/11\/congreso_.jpg","contentUrl":"https:\/\/pulso27.com\/wp-content\/uploads\/2023\/11\/congreso_.jpg","width":474,"height":316},{"@type":"BreadcrumbList","@id":"https:\/\/pulso27.com\/nacional\/congreso-suspenden-el-pleno-donde-hoy-se-programo-votar-el-informe-de-la-jnj\/#breadcrumb","itemListElement":[{"@type":"ListItem","position":1,"name":"Portada","item":"https:\/\/pulso27.com\/"},{"@type":"ListItem","position":2,"name":"Congreso: Suspenden el pleno donde hoy se programo votar el informe de la JNJ"}]},{"@type":"WebSite","@id":"https:\/\/pulso27.com\/en\/#website","url":"https:\/\/pulso27.com\/en\/","name":"Pulso27","description":"Web de noticias y publicidad","publisher":{"@id":"https:\/\/pulso27.com\/en\/#organization"},"alternateName":"El pulso del pueblo","potentialAction":[{"@type":"SearchAction","target":{"@type":"EntryPoint","urlTemplate":"https:\/\/pulso27.com\/en\/?s={search_term_string}"},"query-input":{"@type":"PropertyValueSpecification","valueRequired":true,"valueName":"search_term_string"}}],"inLanguage":"en-US"},{"@type":"Organization","@id":"https:\/\/pulso27.com\/en\/#organization","name":"Pulso27","url":"https:\/\/pulso27.com\/en\/","logo":{"@type":"ImageObject","inLanguage":"en-US","@id":"https:\/\/pulso27.com\/en\/#\/schema\/logo\/image\/","url":"https:\/\/pulso27.com\/wp-content\/uploads\/2026\/02\/Logotipo-de-la-organizacion-696-x-696-px-ok.png","contentUrl":"https:\/\/pulso27.com\/wp-content\/uploads\/2026\/02\/Logotipo-de-la-organizacion-696-x-696-px-ok.png","width":696,"height":696,"caption":"Pulso27"},"image":{"@id":"https:\/\/pulso27.com\/en\/#\/schema\/logo\/image\/"},"sameAs":["https:\/\/www.facebook.com\/pulso27\/","https:\/\/x.com\/Pulso_27","https:\/\/www.youtube.com\/@Pulso27","https:\/\/www.tiktok.com\/@pulso_27"]},{"@type":"Person","@id":"https:\/\/pulso27.com\/en\/#\/schema\/person\/d20fd7f5bc7f2e53fd150d43fca07a78","name":"Tupaq","image":{"@type":"ImageObject","inLanguage":"en-US","@id":"https:\/\/secure.gravatar.com\/avatar\/7929e9b034aeea560319a601e4f04c59eb5f45a79eafe192adabb67e9604e7e7?s=96&d=mm&r=g","url":"https:\/\/secure.gravatar.com\/avatar\/7929e9b034aeea560319a601e4f04c59eb5f45a79eafe192adabb67e9604e7e7?s=96&d=mm&r=g","contentUrl":"https:\/\/secure.gravatar.com\/avatar\/7929e9b034aeea560319a601e4f04c59eb5f45a79eafe192adabb67e9604e7e7?s=96&d=mm&r=g","caption":"Tupaq"},"url":"https:\/\/pulso27.com\/en\/author\/tupaq\/"}]}},"amp_enabled":true,"_links":{"self":[{"href":"https:\/\/pulso27.com\/en\/wp-json\/wp\/v2\/posts\/585","targetHints":{"allow":["GET"]}}],"collection":[{"href":"https:\/\/pulso27.com\/en\/wp-json\/wp\/v2\/posts"}],"about":[{"href":"https:\/\/pulso27.com\/en\/wp-json\/wp\/v2\/types\/post"}],"author":[{"embeddable":true,"href":"https:\/\/pulso27.com\/en\/wp-json\/wp\/v2\/users\/7"}],"replies":[{"embeddable":true,"href":"https:\/\/pulso27.com\/en\/wp-json\/wp\/v2\/comments?post=585"}],"version-history":[{"count":1,"href":"https:\/\/pulso27.com\/en\/wp-json\/wp\/v2\/posts\/585\/revisions"}],"predecessor-version":[{"id":589,"href":"https:\/\/pulso27.com\/en\/wp-json\/wp\/v2\/posts\/585\/revisions\/589"}],"wp:featuredmedia":[{"embeddable":true,"href":"https:\/\/pulso27.com\/en\/wp-json\/wp\/v2\/media\/587"}],"wp:attachment":[{"href":"https:\/\/pulso27.com\/en\/wp-json\/wp\/v2\/media?parent=585"}],"wp:term":[{"taxonomy":"category","embeddable":true,"href":"https:\/\/pulso27.com\/en\/wp-json\/wp\/v2\/categories?post=585"},{"taxonomy":"post_tag","embeddable":true,"href":"https:\/\/pulso27.com\/en\/wp-json\/wp\/v2\/tags?post=585"}],"curies":[{"name":"wp","href":"https:\/\/api.w.org\/{rel}","templated":true}]}}