{"id":5995,"date":"2025-08-08T07:10:17","date_gmt":"2025-08-08T02:10:17","guid":{"rendered":"https:\/\/pulso27.com\/?p=5995"},"modified":"2025-08-08T07:10:21","modified_gmt":"2025-08-08T02:10:21","slug":"distribucion-de-presidencias-de-comisiones-ordinarias-para-el-periodo-2025-2026-en-el-congreso-del-peru","status":"publish","type":"post","link":"https:\/\/pulso27.com\/en\/actualidad\/politica\/distribucion-de-presidencias-de-comisiones-ordinarias-para-el-periodo-2025-2026-en-el-congreso-del-peru\/","title":{"rendered":"Distribuci\u00f3n de presidencias de comisiones ordinarias para el per\u00edodo 2025-2026 en el Congreso del Per\u00fa"},"content":{"rendered":"<p>El Pleno del Congreso de la Rep\u00fablica aprob\u00f3 hoy el cuadro nominativo de las 24 comisiones ordinarias para el per\u00edodo legislativo 2025-2026, el \u00faltimo a\u00f1o de la era unicameral antes de la transici\u00f3n al Congreso bicameral. Tras intensas negociaciones entre las bancadas, lideradas por la Mesa Directiva presidida por Jos\u00e9 Jer\u00ed Or\u00e9 (Somos Per\u00fa), se defini\u00f3 una distribuci\u00f3n considerada equilibrada, con Fuerza Popular, Acci\u00f3n Popular, Alianza para el Progreso (APP) y Juntos por el Per\u00fa-Voces del Pueblo asumiendo el control de las comisiones m\u00e1s relevantes. La votaci\u00f3n, con 107 votos a favor, tres en contra y una abstenci\u00f3n, refleja el respaldo mayoritario del bloque que apoy\u00f3 la elecci\u00f3n de la Mesa Directiva.<\/p>\n\n\n\n<p>Entre las comisiones de mayor peso pol\u00edtico, Fuerza Popular se asegur\u00f3 las presidencias de Constituci\u00f3n y Reglamento y Econom\u00eda, Banca, Finanzas e Inteligencia Financiera, claves para dictaminar proyectos como el retiro de fondos de las AFP y reformas constitucionales. APP liderar\u00e1 Presupuesto y Cuenta General de la Rep\u00fablica y Vivienda, consolidando su influencia en la aprobaci\u00f3n del presupuesto p\u00fablico y pol\u00edticas de vivienda. Acci\u00f3n Popular presidir\u00e1 Fiscalizaci\u00f3n y Contralor\u00eda y Transportes y Comunicaciones, mientras que Juntos por el Per\u00fa asumir\u00e1 Energ\u00eda y Minas, con facultades para legislar sobre miner\u00eda, incluyendo propuestas controversiales como la ampliaci\u00f3n del Registro Integral de Formalizaci\u00f3n Minera (Reinfo) hasta 2026. Somos Per\u00fa, por su parte, dirigir\u00e1 Descentralizaci\u00f3n y Trabajo y Seguridad Social, esta \u00faltima codiciada por su impacto en pol\u00edticas laborales.<\/p>\n\n\n\n<p>La distribuci\u00f3n refleja un delicado equilibrio de poder entre las bancadas, con cambios en ocho comisiones respecto al per\u00edodo anterior, como Relaciones Exteriores (ahora liderada por Podemos Per\u00fa) y Defensa del Consumidor (Juntos por el Per\u00fa). Avanza Pa\u00eds, que perdi\u00f3 una presidencia, mantendr\u00e1 Defensa Nacional, mientras que Per\u00fa Libre presidir\u00e1 Educaci\u00f3n y Justicia. Esta configuraci\u00f3n, ratificada tras reuniones de la Junta de Portavoces y el Consejo Directivo, busca garantizar una gesti\u00f3n legislativa arm\u00f3nica, aunque persisten cr\u00edticas por la exclusi\u00f3n de algunas bancadas minoritarias, como el Bloque Magisterial, que reclam\u00f3 mayor representaci\u00f3n.<\/p>","protected":false},"excerpt":{"rendered":"<p>El Pleno del Congreso de la Rep\u00fablica aprob\u00f3 hoy el cuadro nominativo de las 24 comisiones ordinarias para el per\u00edodo legislativo 2025-2026, el \u00faltimo a\u00f1o de la era unicameral antes de la transici\u00f3n al Congreso bicameral. Tras intensas negociaciones entre las bancadas, lideradas por la Mesa Directiva presidida por Jos\u00e9 Jer\u00ed Or\u00e9 (Somos Per\u00fa), se [&hellip;]<\/p>\n","protected":false},"author":7,"featured_media":5996,"comment_status":"open","ping_status":"open","sticky":false,"template":"","format":"standard","meta":{"footnotes":""},"categories":[174,180],"tags":[2398,719,2399],"class_list":["post-5995","post","type-post","status-publish","format-standard","has-post-thumbnail","hentry","category-nacional","category-politica","tag-comisiones-ordinarias","tag-congreso-de-la-republica-2","tag-mesa-directiva"],"yoast_head":"<!-- This site is optimized with the Yoast SEO plugin v27.4 - https:\/\/yoast.com\/product\/yoast-seo-wordpress\/ -->\n<title>Distribuci\u00f3n de presidencias de comisiones ordinarias para el per\u00edodo 2025-2026 en el Congreso del Per\u00fa - Pulso27<\/title>\n<meta name=\"robots\" content=\"index, follow, max-snippet:-1, max-image-preview:large, max-video-preview:-1\" \/>\n<link rel=\"canonical\" href=\"https:\/\/pulso27.com\/en\/actualidad\/politica\/distribucion-de-presidencias-de-comisiones-ordinarias-para-el-periodo-2025-2026-en-el-congreso-del-peru\/\" \/>\n<meta property=\"og:locale\" content=\"en_US\" \/>\n<meta property=\"og:type\" content=\"article\" \/>\n<meta property=\"og:title\" content=\"Distribuci\u00f3n de presidencias de comisiones ordinarias para el per\u00edodo 2025-2026 en el Congreso del Per\u00fa - Pulso27\" \/>\n<meta property=\"og:description\" content=\"El Pleno del Congreso de la Rep\u00fablica aprob\u00f3 hoy el cuadro nominativo de las 24 comisiones ordinarias para el per\u00edodo legislativo 2025-2026, el \u00faltimo a\u00f1o de la era unicameral antes de la transici\u00f3n al Congreso bicameral. Tras intensas negociaciones entre las bancadas, lideradas por la Mesa Directiva presidida por Jos\u00e9 Jer\u00ed Or\u00e9 (Somos Per\u00fa), se [&hellip;]\" \/>\n<meta property=\"og:url\" content=\"https:\/\/pulso27.com\/en\/actualidad\/politica\/distribucion-de-presidencias-de-comisiones-ordinarias-para-el-periodo-2025-2026-en-el-congreso-del-peru\/\" \/>\n<meta property=\"og:site_name\" content=\"Pulso27\" \/>\n<meta property=\"article:publisher\" content=\"https:\/\/www.facebook.com\/pulso27\/\" \/>\n<meta property=\"article:published_time\" content=\"2025-08-08T02:10:17+00:00\" \/>\n<meta property=\"article:modified_time\" content=\"2025-08-08T02:10:21+00:00\" \/>\n<meta property=\"og:image\" content=\"https:\/\/pulso27.com\/wp-content\/uploads\/2025\/08\/Comisiones.png\" \/>\n\t<meta property=\"og:image:width\" content=\"1285\" \/>\n\t<meta property=\"og:image:height\" content=\"800\" \/>\n\t<meta property=\"og:image:type\" content=\"image\/png\" \/>\n<meta name=\"author\" content=\"Tupaq\" \/>\n<meta name=\"twitter:card\" content=\"summary_large_image\" \/>\n<meta name=\"twitter:creator\" content=\"@Pulso_27\" \/>\n<meta name=\"twitter:site\" content=\"@Pulso_27\" \/>\n<meta name=\"twitter:label1\" content=\"Written by\" \/>\n\t<meta name=\"twitter:data1\" content=\"Tupaq\" \/>\n\t<meta name=\"twitter:label2\" content=\"Est. reading time\" \/>\n\t<meta name=\"twitter:data2\" content=\"2 minutes\" \/>\n<script type=\"application\/ld+json\" class=\"yoast-schema-graph\">{\"@context\":\"https:\\\/\\\/schema.org\",\"@graph\":[{\"@type\":\"Article\",\"@id\":\"https:\\\/\\\/pulso27.com\\\/actualidad\\\/politica\\\/distribucion-de-presidencias-de-comisiones-ordinarias-para-el-periodo-2025-2026-en-el-congreso-del-peru\\\/#article\",\"isPartOf\":{\"@id\":\"https:\\\/\\\/pulso27.com\\\/actualidad\\\/politica\\\/distribucion-de-presidencias-de-comisiones-ordinarias-para-el-periodo-2025-2026-en-el-congreso-del-peru\\\/\"},\"author\":{\"name\":\"Tupaq\",\"@id\":\"https:\\\/\\\/pulso27.com\\\/en\\\/#\\\/schema\\\/person\\\/d20fd7f5bc7f2e53fd150d43fca07a78\"},\"headline\":\"Distribuci\u00f3n de presidencias de comisiones ordinarias para el per\u00edodo 2025-2026 en el Congreso del Per\u00fa\",\"datePublished\":\"2025-08-08T02:10:17+00:00\",\"dateModified\":\"2025-08-08T02:10:21+00:00\",\"mainEntityOfPage\":{\"@id\":\"https:\\\/\\\/pulso27.com\\\/actualidad\\\/politica\\\/distribucion-de-presidencias-de-comisiones-ordinarias-para-el-periodo-2025-2026-en-el-congreso-del-peru\\\/\"},\"wordCount\":379,\"commentCount\":0,\"publisher\":{\"@id\":\"https:\\\/\\\/pulso27.com\\\/en\\\/#organization\"},\"image\":{\"@id\":\"https:\\\/\\\/pulso27.com\\\/actualidad\\\/politica\\\/distribucion-de-presidencias-de-comisiones-ordinarias-para-el-periodo-2025-2026-en-el-congreso-del-peru\\\/#primaryimage\"},\"thumbnailUrl\":\"https:\\\/\\\/pulso27.com\\\/wp-content\\\/uploads\\\/2025\\\/08\\\/Comisiones.png\",\"keywords\":[\"Comisiones Ordinarias\",\"Congreso de la Rep\u00fablica\",\"Mesa Directiva\"],\"articleSection\":[\"Nacional\",\"Pol\u00edtica\"],\"inLanguage\":\"en-US\",\"potentialAction\":[{\"@type\":\"CommentAction\",\"name\":\"Comment\",\"target\":[\"https:\\\/\\\/pulso27.com\\\/actualidad\\\/politica\\\/distribucion-de-presidencias-de-comisiones-ordinarias-para-el-periodo-2025-2026-en-el-congreso-del-peru\\\/#respond\"]}]},{\"@type\":\"WebPage\",\"@id\":\"https:\\\/\\\/pulso27.com\\\/actualidad\\\/politica\\\/distribucion-de-presidencias-de-comisiones-ordinarias-para-el-periodo-2025-2026-en-el-congreso-del-peru\\\/\",\"url\":\"https:\\\/\\\/pulso27.com\\\/actualidad\\\/politica\\\/distribucion-de-presidencias-de-comisiones-ordinarias-para-el-periodo-2025-2026-en-el-congreso-del-peru\\\/\",\"name\":\"Distribuci\u00f3n de presidencias de comisiones ordinarias para el per\u00edodo 2025-2026 en el Congreso del Per\u00fa - Pulso27\",\"isPartOf\":{\"@id\":\"https:\\\/\\\/pulso27.com\\\/en\\\/#website\"},\"primaryImageOfPage\":{\"@id\":\"https:\\\/\\\/pulso27.com\\\/actualidad\\\/politica\\\/distribucion-de-presidencias-de-comisiones-ordinarias-para-el-periodo-2025-2026-en-el-congreso-del-peru\\\/#primaryimage\"},\"image\":{\"@id\":\"https:\\\/\\\/pulso27.com\\\/actualidad\\\/politica\\\/distribucion-de-presidencias-de-comisiones-ordinarias-para-el-periodo-2025-2026-en-el-congreso-del-peru\\\/#primaryimage\"},\"thumbnailUrl\":\"https:\\\/\\\/pulso27.com\\\/wp-content\\\/uploads\\\/2025\\\/08\\\/Comisiones.png\",\"datePublished\":\"2025-08-08T02:10:17+00:00\",\"dateModified\":\"2025-08-08T02:10:21+00:00\",\"breadcrumb\":{\"@id\":\"https:\\\/\\\/pulso27.com\\\/actualidad\\\/politica\\\/distribucion-de-presidencias-de-comisiones-ordinarias-para-el-periodo-2025-2026-en-el-congreso-del-peru\\\/#breadcrumb\"},\"inLanguage\":\"en-US\",\"potentialAction\":[{\"@type\":\"ReadAction\",\"target\":[\"https:\\\/\\\/pulso27.com\\\/actualidad\\\/politica\\\/distribucion-de-presidencias-de-comisiones-ordinarias-para-el-periodo-2025-2026-en-el-congreso-del-peru\\\/\"]}]},{\"@type\":\"ImageObject\",\"inLanguage\":\"en-US\",\"@id\":\"https:\\\/\\\/pulso27.com\\\/actualidad\\\/politica\\\/distribucion-de-presidencias-de-comisiones-ordinarias-para-el-periodo-2025-2026-en-el-congreso-del-peru\\\/#primaryimage\",\"url\":\"https:\\\/\\\/pulso27.com\\\/wp-content\\\/uploads\\\/2025\\\/08\\\/Comisiones.png\",\"contentUrl\":\"https:\\\/\\\/pulso27.com\\\/wp-content\\\/uploads\\\/2025\\\/08\\\/Comisiones.png\",\"width\":1285,\"height\":800},{\"@type\":\"BreadcrumbList\",\"@id\":\"https:\\\/\\\/pulso27.com\\\/actualidad\\\/politica\\\/distribucion-de-presidencias-de-comisiones-ordinarias-para-el-periodo-2025-2026-en-el-congreso-del-peru\\\/#breadcrumb\",\"itemListElement\":[{\"@type\":\"ListItem\",\"position\":1,\"name\":\"Portada\",\"item\":\"https:\\\/\\\/pulso27.com\\\/\"},{\"@type\":\"ListItem\",\"position\":2,\"name\":\"Distribuci\u00f3n de presidencias de comisiones ordinarias para el per\u00edodo 2025-2026 en el Congreso del Per\u00fa\"}]},{\"@type\":\"WebSite\",\"@id\":\"https:\\\/\\\/pulso27.com\\\/en\\\/#website\",\"url\":\"https:\\\/\\\/pulso27.com\\\/en\\\/\",\"name\":\"Pulso27\",\"description\":\"Web de noticias y publicidad\",\"publisher\":{\"@id\":\"https:\\\/\\\/pulso27.com\\\/en\\\/#organization\"},\"alternateName\":\"El pulso del pueblo\",\"potentialAction\":[{\"@type\":\"SearchAction\",\"target\":{\"@type\":\"EntryPoint\",\"urlTemplate\":\"https:\\\/\\\/pulso27.com\\\/en\\\/?s={search_term_string}\"},\"query-input\":{\"@type\":\"PropertyValueSpecification\",\"valueRequired\":true,\"valueName\":\"search_term_string\"}}],\"inLanguage\":\"en-US\"},{\"@type\":\"Organization\",\"@id\":\"https:\\\/\\\/pulso27.com\\\/en\\\/#organization\",\"name\":\"Pulso27\",\"url\":\"https:\\\/\\\/pulso27.com\\\/en\\\/\",\"logo\":{\"@type\":\"ImageObject\",\"inLanguage\":\"en-US\",\"@id\":\"https:\\\/\\\/pulso27.com\\\/en\\\/#\\\/schema\\\/logo\\\/image\\\/\",\"url\":\"https:\\\/\\\/pulso27.com\\\/wp-content\\\/uploads\\\/2026\\\/02\\\/Logotipo-de-la-organizacion-696-x-696-px-ok.png\",\"contentUrl\":\"https:\\\/\\\/pulso27.com\\\/wp-content\\\/uploads\\\/2026\\\/02\\\/Logotipo-de-la-organizacion-696-x-696-px-ok.png\",\"width\":696,\"height\":696,\"caption\":\"Pulso27\"},\"image\":{\"@id\":\"https:\\\/\\\/pulso27.com\\\/en\\\/#\\\/schema\\\/logo\\\/image\\\/\"},\"sameAs\":[\"https:\\\/\\\/www.facebook.com\\\/pulso27\\\/\",\"https:\\\/\\\/x.com\\\/Pulso_27\",\"https:\\\/\\\/www.youtube.com\\\/@Pulso27\",\"https:\\\/\\\/www.tiktok.com\\\/@pulso_27\"]},{\"@type\":\"Person\",\"@id\":\"https:\\\/\\\/pulso27.com\\\/en\\\/#\\\/schema\\\/person\\\/d20fd7f5bc7f2e53fd150d43fca07a78\",\"name\":\"Tupaq\",\"image\":{\"@type\":\"ImageObject\",\"inLanguage\":\"en-US\",\"@id\":\"https:\\\/\\\/secure.gravatar.com\\\/avatar\\\/7929e9b034aeea560319a601e4f04c59eb5f45a79eafe192adabb67e9604e7e7?s=96&d=mm&r=g\",\"url\":\"https:\\\/\\\/secure.gravatar.com\\\/avatar\\\/7929e9b034aeea560319a601e4f04c59eb5f45a79eafe192adabb67e9604e7e7?s=96&d=mm&r=g\",\"contentUrl\":\"https:\\\/\\\/secure.gravatar.com\\\/avatar\\\/7929e9b034aeea560319a601e4f04c59eb5f45a79eafe192adabb67e9604e7e7?s=96&d=mm&r=g\",\"caption\":\"Tupaq\"},\"url\":\"https:\\\/\\\/pulso27.com\\\/en\\\/author\\\/tupaq\\\/\"}]}<\/script>\n<!-- \/ Yoast SEO plugin. -->","yoast_head_json":{"title":"Distribuci\u00f3n de presidencias de comisiones ordinarias para el per\u00edodo 2025-2026 en el Congreso del Per\u00fa - Pulso27","robots":{"index":"index","follow":"follow","max-snippet":"max-snippet:-1","max-image-preview":"max-image-preview:large","max-video-preview":"max-video-preview:-1"},"canonical":"https:\/\/pulso27.com\/en\/actualidad\/politica\/distribucion-de-presidencias-de-comisiones-ordinarias-para-el-periodo-2025-2026-en-el-congreso-del-peru\/","og_locale":"en_US","og_type":"article","og_title":"Distribuci\u00f3n de presidencias de comisiones ordinarias para el per\u00edodo 2025-2026 en el Congreso del Per\u00fa - Pulso27","og_description":"El Pleno del Congreso de la Rep\u00fablica aprob\u00f3 hoy el cuadro nominativo de las 24 comisiones ordinarias para el per\u00edodo legislativo 2025-2026, el \u00faltimo a\u00f1o de la era unicameral antes de la transici\u00f3n al Congreso bicameral. Tras intensas negociaciones entre las bancadas, lideradas por la Mesa Directiva presidida por Jos\u00e9 Jer\u00ed Or\u00e9 (Somos Per\u00fa), se [&hellip;]","og_url":"https:\/\/pulso27.com\/en\/actualidad\/politica\/distribucion-de-presidencias-de-comisiones-ordinarias-para-el-periodo-2025-2026-en-el-congreso-del-peru\/","og_site_name":"Pulso27","article_publisher":"https:\/\/www.facebook.com\/pulso27\/","article_published_time":"2025-08-08T02:10:17+00:00","article_modified_time":"2025-08-08T02:10:21+00:00","og_image":[{"width":1285,"height":800,"url":"https:\/\/pulso27.com\/wp-content\/uploads\/2025\/08\/Comisiones.png","type":"image\/png"}],"author":"Tupaq","twitter_card":"summary_large_image","twitter_creator":"@Pulso_27","twitter_site":"@Pulso_27","twitter_misc":{"Written by":"Tupaq","Est. reading time":"2 minutes"},"schema":{"@context":"https:\/\/schema.org","@graph":[{"@type":"Article","@id":"https:\/\/pulso27.com\/actualidad\/politica\/distribucion-de-presidencias-de-comisiones-ordinarias-para-el-periodo-2025-2026-en-el-congreso-del-peru\/#article","isPartOf":{"@id":"https:\/\/pulso27.com\/actualidad\/politica\/distribucion-de-presidencias-de-comisiones-ordinarias-para-el-periodo-2025-2026-en-el-congreso-del-peru\/"},"author":{"name":"Tupaq","@id":"https:\/\/pulso27.com\/en\/#\/schema\/person\/d20fd7f5bc7f2e53fd150d43fca07a78"},"headline":"Distribuci\u00f3n de presidencias de comisiones ordinarias para el per\u00edodo 2025-2026 en el Congreso del Per\u00fa","datePublished":"2025-08-08T02:10:17+00:00","dateModified":"2025-08-08T02:10:21+00:00","mainEntityOfPage":{"@id":"https:\/\/pulso27.com\/actualidad\/politica\/distribucion-de-presidencias-de-comisiones-ordinarias-para-el-periodo-2025-2026-en-el-congreso-del-peru\/"},"wordCount":379,"commentCount":0,"publisher":{"@id":"https:\/\/pulso27.com\/en\/#organization"},"image":{"@id":"https:\/\/pulso27.com\/actualidad\/politica\/distribucion-de-presidencias-de-comisiones-ordinarias-para-el-periodo-2025-2026-en-el-congreso-del-peru\/#primaryimage"},"thumbnailUrl":"https:\/\/pulso27.com\/wp-content\/uploads\/2025\/08\/Comisiones.png","keywords":["Comisiones Ordinarias","Congreso de la Rep\u00fablica","Mesa Directiva"],"articleSection":["Nacional","Pol\u00edtica"],"inLanguage":"en-US","potentialAction":[{"@type":"CommentAction","name":"Comment","target":["https:\/\/pulso27.com\/actualidad\/politica\/distribucion-de-presidencias-de-comisiones-ordinarias-para-el-periodo-2025-2026-en-el-congreso-del-peru\/#respond"]}]},{"@type":"WebPage","@id":"https:\/\/pulso27.com\/actualidad\/politica\/distribucion-de-presidencias-de-comisiones-ordinarias-para-el-periodo-2025-2026-en-el-congreso-del-peru\/","url":"https:\/\/pulso27.com\/actualidad\/politica\/distribucion-de-presidencias-de-comisiones-ordinarias-para-el-periodo-2025-2026-en-el-congreso-del-peru\/","name":"Distribuci\u00f3n de presidencias de comisiones ordinarias para el per\u00edodo 2025-2026 en el Congreso del Per\u00fa - Pulso27","isPartOf":{"@id":"https:\/\/pulso27.com\/en\/#website"},"primaryImageOfPage":{"@id":"https:\/\/pulso27.com\/actualidad\/politica\/distribucion-de-presidencias-de-comisiones-ordinarias-para-el-periodo-2025-2026-en-el-congreso-del-peru\/#primaryimage"},"image":{"@id":"https:\/\/pulso27.com\/actualidad\/politica\/distribucion-de-presidencias-de-comisiones-ordinarias-para-el-periodo-2025-2026-en-el-congreso-del-peru\/#primaryimage"},"thumbnailUrl":"https:\/\/pulso27.com\/wp-content\/uploads\/2025\/08\/Comisiones.png","datePublished":"2025-08-08T02:10:17+00:00","dateModified":"2025-08-08T02:10:21+00:00","breadcrumb":{"@id":"https:\/\/pulso27.com\/actualidad\/politica\/distribucion-de-presidencias-de-comisiones-ordinarias-para-el-periodo-2025-2026-en-el-congreso-del-peru\/#breadcrumb"},"inLanguage":"en-US","potentialAction":[{"@type":"ReadAction","target":["https:\/\/pulso27.com\/actualidad\/politica\/distribucion-de-presidencias-de-comisiones-ordinarias-para-el-periodo-2025-2026-en-el-congreso-del-peru\/"]}]},{"@type":"ImageObject","inLanguage":"en-US","@id":"https:\/\/pulso27.com\/actualidad\/politica\/distribucion-de-presidencias-de-comisiones-ordinarias-para-el-periodo-2025-2026-en-el-congreso-del-peru\/#primaryimage","url":"https:\/\/pulso27.com\/wp-content\/uploads\/2025\/08\/Comisiones.png","contentUrl":"https:\/\/pulso27.com\/wp-content\/uploads\/2025\/08\/Comisiones.png","width":1285,"height":800},{"@type":"BreadcrumbList","@id":"https:\/\/pulso27.com\/actualidad\/politica\/distribucion-de-presidencias-de-comisiones-ordinarias-para-el-periodo-2025-2026-en-el-congreso-del-peru\/#breadcrumb","itemListElement":[{"@type":"ListItem","position":1,"name":"Portada","item":"https:\/\/pulso27.com\/"},{"@type":"ListItem","position":2,"name":"Distribuci\u00f3n de presidencias de comisiones ordinarias para el per\u00edodo 2025-2026 en el Congreso del Per\u00fa"}]},{"@type":"WebSite","@id":"https:\/\/pulso27.com\/en\/#website","url":"https:\/\/pulso27.com\/en\/","name":"Pulso27","description":"Web de noticias y publicidad","publisher":{"@id":"https:\/\/pulso27.com\/en\/#organization"},"alternateName":"El pulso del pueblo","potentialAction":[{"@type":"SearchAction","target":{"@type":"EntryPoint","urlTemplate":"https:\/\/pulso27.com\/en\/?s={search_term_string}"},"query-input":{"@type":"PropertyValueSpecification","valueRequired":true,"valueName":"search_term_string"}}],"inLanguage":"en-US"},{"@type":"Organization","@id":"https:\/\/pulso27.com\/en\/#organization","name":"Pulso27","url":"https:\/\/pulso27.com\/en\/","logo":{"@type":"ImageObject","inLanguage":"en-US","@id":"https:\/\/pulso27.com\/en\/#\/schema\/logo\/image\/","url":"https:\/\/pulso27.com\/wp-content\/uploads\/2026\/02\/Logotipo-de-la-organizacion-696-x-696-px-ok.png","contentUrl":"https:\/\/pulso27.com\/wp-content\/uploads\/2026\/02\/Logotipo-de-la-organizacion-696-x-696-px-ok.png","width":696,"height":696,"caption":"Pulso27"},"image":{"@id":"https:\/\/pulso27.com\/en\/#\/schema\/logo\/image\/"},"sameAs":["https:\/\/www.facebook.com\/pulso27\/","https:\/\/x.com\/Pulso_27","https:\/\/www.youtube.com\/@Pulso27","https:\/\/www.tiktok.com\/@pulso_27"]},{"@type":"Person","@id":"https:\/\/pulso27.com\/en\/#\/schema\/person\/d20fd7f5bc7f2e53fd150d43fca07a78","name":"Tupaq","image":{"@type":"ImageObject","inLanguage":"en-US","@id":"https:\/\/secure.gravatar.com\/avatar\/7929e9b034aeea560319a601e4f04c59eb5f45a79eafe192adabb67e9604e7e7?s=96&d=mm&r=g","url":"https:\/\/secure.gravatar.com\/avatar\/7929e9b034aeea560319a601e4f04c59eb5f45a79eafe192adabb67e9604e7e7?s=96&d=mm&r=g","contentUrl":"https:\/\/secure.gravatar.com\/avatar\/7929e9b034aeea560319a601e4f04c59eb5f45a79eafe192adabb67e9604e7e7?s=96&d=mm&r=g","caption":"Tupaq"},"url":"https:\/\/pulso27.com\/en\/author\/tupaq\/"}]}},"amp_enabled":true,"_links":{"self":[{"href":"https:\/\/pulso27.com\/en\/wp-json\/wp\/v2\/posts\/5995","targetHints":{"allow":["GET"]}}],"collection":[{"href":"https:\/\/pulso27.com\/en\/wp-json\/wp\/v2\/posts"}],"about":[{"href":"https:\/\/pulso27.com\/en\/wp-json\/wp\/v2\/types\/post"}],"author":[{"embeddable":true,"href":"https:\/\/pulso27.com\/en\/wp-json\/wp\/v2\/users\/7"}],"replies":[{"embeddable":true,"href":"https:\/\/pulso27.com\/en\/wp-json\/wp\/v2\/comments?post=5995"}],"version-history":[{"count":1,"href":"https:\/\/pulso27.com\/en\/wp-json\/wp\/v2\/posts\/5995\/revisions"}],"predecessor-version":[{"id":5997,"href":"https:\/\/pulso27.com\/en\/wp-json\/wp\/v2\/posts\/5995\/revisions\/5997"}],"wp:featuredmedia":[{"embeddable":true,"href":"https:\/\/pulso27.com\/en\/wp-json\/wp\/v2\/media\/5996"}],"wp:attachment":[{"href":"https:\/\/pulso27.com\/en\/wp-json\/wp\/v2\/media?parent=5995"}],"wp:term":[{"taxonomy":"category","embeddable":true,"href":"https:\/\/pulso27.com\/en\/wp-json\/wp\/v2\/categories?post=5995"},{"taxonomy":"post_tag","embeddable":true,"href":"https:\/\/pulso27.com\/en\/wp-json\/wp\/v2\/tags?post=5995"}],"curies":[{"name":"wp","href":"https:\/\/api.w.org\/{rel}","templated":true}]}}