{"id":6029,"date":"2025-08-15T08:55:01","date_gmt":"2025-08-15T03:55:01","guid":{"rendered":"https:\/\/pulso27.com\/?p=6029"},"modified":"2025-08-15T08:55:08","modified_gmt":"2025-08-15T03:55:08","slug":"nueva-ley-agraria-aprobada-genera-preocupacion-por-sus-impactos-negativos-en-trabajadores-y-pequenos-agricultores","status":"publish","type":"post","link":"https:\/\/pulso27.com\/en\/actualidad\/agricultura\/nueva-ley-agraria-aprobada-genera-preocupacion-por-sus-impactos-negativos-en-trabajadores-y-pequenos-agricultores\/","title":{"rendered":"Nueva Ley Agraria aprobada genera preocupaci\u00f3n por sus impactos negativos en trabajadores y peque\u00f1os agricultores"},"content":{"rendered":"<p>El Congreso de la Rep\u00fablica del Per\u00fa aprob\u00f3 hoy, 14 de agosto de 2025, en segunda votaci\u00f3n, la nueva Ley Agraria, conocida como \u00abLey Chlimper 2.0\u00bb, con 43 votos a favor, 32 en contra y 17 abstenciones. La norma, que reduce el Impuesto a la Renta de 29.5% a 15% para agroexportadoras con ventas superiores a S\/ 8.4 millones hasta 2035, ha desatado cr\u00edticas por sus potenciales efectos negativos en los trabajadores agrarios y los peque\u00f1os y medianos agricultores.<\/p>\n\n\n\n<p>Organizaciones como la Federaci\u00f3n Nacional de Trabajadores de la Agroindustria (Fentagro) y Conveagro advierten que la ley profundiza la precariedad laboral y la desigualdad en el sector, favoreciendo principalmente a grandes empresas agroexportadoras nacionales y for\u00e1neas.<\/p>\n\n\n\n<p>Los trabajadores agrarios enfrentan un panorama preocupante, ya que la ley perpet\u00faa condiciones laborales precarias, como contratos temporales para el 94% de los empleados del sector, bajos salarios y aportes reducidos a EsSalud (4% frente al 9% est\u00e1ndar), seg\u00fan Fentagro. Adem\u00e1s, se critica la debilitaci\u00f3n de la fiscalizaci\u00f3n laboral de SUNAFIL, lo que podr\u00eda agravar abusos en el sector.<\/p>\n\n\n\n<figure class=\"wp-block-image size-large is-resized\"><img loading=\"lazy\" decoding=\"async\" width=\"667\" height=\"1024\" src=\"https:\/\/pulso27.com\/wp-content\/uploads\/2025\/08\/image-2-667x1024.png\" alt=\"\" class=\"wp-image-6033\" style=\"width:740px;height:auto\" srcset=\"https:\/\/pulso27.com\/wp-content\/uploads\/2025\/08\/image-2-667x1024.png 667w, https:\/\/pulso27.com\/wp-content\/uploads\/2025\/08\/image-2-195x300.png 195w, https:\/\/pulso27.com\/wp-content\/uploads\/2025\/08\/image-2-768x1179.png 768w, https:\/\/pulso27.com\/wp-content\/uploads\/2025\/08\/image-2-8x12.png 8w, https:\/\/pulso27.com\/wp-content\/uploads\/2025\/08\/image-2.png 834w\" sizes=\"auto, (max-width: 667px) 100vw, 667px\" \/><figcaption class=\"wp-element-caption\"><em>Organizaciones de trabajadores agrarios se pronuncian frente a la nueva Ley Agraria<\/em><\/figcaption><\/figure>\n\n\n\n<p> Por su parte, el Ministerio de Econom\u00eda y Finanzas (MEF) estima un costo fiscal de S\/ 1,850 millones anuales, lo que limita la inversi\u00f3n en servicios p\u00fablicos esenciales como salud y educaci\u00f3n, afectando directamente a las comunidades rurales donde operan estos trabajadores.<\/p>\n\n\n\n<p>Para los peque\u00f1os y medianos agricultores, que representan el 97% de las unidades productivas y proveen el 80% de los alimentos para el mercado interno, la ley supone una amenaza a su competitividad. Conveagro y otros gremios denuncian que la norma desv\u00eda programas de apoyo, como Agroideas y Agromercado, hacia grandes agroexportadoras, desplazando a la agricultura familiar. Esto genera una competencia desleal que podr\u00eda profundizar las brechas econ\u00f3micas y sociales, aumentando el riesgo de conflictos sociales. Los gremios exigen una revisi\u00f3n t\u00e9cnica y participativa para garantizar una pol\u00edtica agraria equitativa que priorice la sostenibilidad y la inclusi\u00f3n.<\/p>","protected":false},"excerpt":{"rendered":"<p>El Congreso de la Rep\u00fablica del Per\u00fa aprob\u00f3 hoy, 14 de agosto de 2025, en segunda votaci\u00f3n, la nueva Ley Agraria, conocida como \u00abLey Chlimper 2.0\u00bb, con 43 votos a favor, 32 en contra y 17 abstenciones. La norma, que reduce el Impuesto a la Renta de 29.5% a 15% para agroexportadoras con ventas superiores [&hellip;]<\/p>\n","protected":false},"author":7,"featured_media":6031,"comment_status":"open","ping_status":"open","sticky":false,"template":"","format":"standard","meta":{"footnotes":""},"categories":[818,174],"tags":[2417,648,719,2415,2416],"class_list":["post-6029","post","type-post","status-publish","format-standard","has-post-thumbnail","hentry","category-agricultura","category-nacional","tag-agricultores","tag-campesinos","tag-congreso-de-la-republica-2","tag-ley-chlimper-2-0","tag-ley-de-promocion-agraria"],"yoast_head":"<!-- This site is optimized with the Yoast SEO plugin v27.4 - https:\/\/yoast.com\/product\/yoast-seo-wordpress\/ -->\n<title>Nueva Ley Agraria aprobada genera preocupaci\u00f3n por sus impactos negativos en trabajadores y peque\u00f1os agricultores - Pulso27<\/title>\n<meta name=\"robots\" content=\"index, follow, max-snippet:-1, max-image-preview:large, max-video-preview:-1\" \/>\n<link rel=\"canonical\" href=\"https:\/\/pulso27.com\/en\/actualidad\/agricultura\/nueva-ley-agraria-aprobada-genera-preocupacion-por-sus-impactos-negativos-en-trabajadores-y-pequenos-agricultores\/\" \/>\n<meta property=\"og:locale\" content=\"en_US\" \/>\n<meta property=\"og:type\" content=\"article\" \/>\n<meta property=\"og:title\" content=\"Nueva Ley Agraria aprobada genera preocupaci\u00f3n por sus impactos negativos en trabajadores y peque\u00f1os agricultores - Pulso27\" \/>\n<meta property=\"og:description\" content=\"El Congreso de la Rep\u00fablica del Per\u00fa aprob\u00f3 hoy, 14 de agosto de 2025, en segunda votaci\u00f3n, la nueva Ley Agraria, conocida como \u00abLey Chlimper 2.0\u00bb, con 43 votos a favor, 32 en contra y 17 abstenciones. La norma, que reduce el Impuesto a la Renta de 29.5% a 15% para agroexportadoras con ventas superiores [&hellip;]\" \/>\n<meta property=\"og:url\" content=\"https:\/\/pulso27.com\/en\/actualidad\/agricultura\/nueva-ley-agraria-aprobada-genera-preocupacion-por-sus-impactos-negativos-en-trabajadores-y-pequenos-agricultores\/\" \/>\n<meta property=\"og:site_name\" content=\"Pulso27\" \/>\n<meta property=\"article:publisher\" content=\"https:\/\/www.facebook.com\/pulso27\/\" \/>\n<meta property=\"article:published_time\" content=\"2025-08-15T03:55:01+00:00\" \/>\n<meta property=\"article:modified_time\" content=\"2025-08-15T03:55:08+00:00\" \/>\n<meta property=\"og:image\" content=\"https:\/\/pulso27.com\/wp-content\/uploads\/2025\/08\/Agrario.png\" \/>\n\t<meta property=\"og:image:width\" content=\"1280\" \/>\n\t<meta property=\"og:image:height\" content=\"800\" \/>\n\t<meta property=\"og:image:type\" content=\"image\/png\" \/>\n<meta name=\"author\" content=\"Tupaq\" \/>\n<meta name=\"twitter:card\" content=\"summary_large_image\" \/>\n<meta name=\"twitter:creator\" content=\"@Pulso_27\" \/>\n<meta name=\"twitter:site\" content=\"@Pulso_27\" \/>\n<meta name=\"twitter:label1\" content=\"Written by\" \/>\n\t<meta name=\"twitter:data1\" content=\"Tupaq\" \/>\n\t<meta name=\"twitter:label2\" content=\"Est. reading time\" \/>\n\t<meta name=\"twitter:data2\" content=\"2 minutes\" \/>\n<script type=\"application\/ld+json\" class=\"yoast-schema-graph\">{\"@context\":\"https:\\\/\\\/schema.org\",\"@graph\":[{\"@type\":\"Article\",\"@id\":\"https:\\\/\\\/pulso27.com\\\/actualidad\\\/agricultura\\\/nueva-ley-agraria-aprobada-genera-preocupacion-por-sus-impactos-negativos-en-trabajadores-y-pequenos-agricultores\\\/#article\",\"isPartOf\":{\"@id\":\"https:\\\/\\\/pulso27.com\\\/actualidad\\\/agricultura\\\/nueva-ley-agraria-aprobada-genera-preocupacion-por-sus-impactos-negativos-en-trabajadores-y-pequenos-agricultores\\\/\"},\"author\":{\"name\":\"Tupaq\",\"@id\":\"https:\\\/\\\/pulso27.com\\\/en\\\/#\\\/schema\\\/person\\\/d20fd7f5bc7f2e53fd150d43fca07a78\"},\"headline\":\"Nueva Ley Agraria aprobada genera preocupaci\u00f3n por sus impactos negativos en trabajadores y peque\u00f1os agricultores\",\"datePublished\":\"2025-08-15T03:55:01+00:00\",\"dateModified\":\"2025-08-15T03:55:08+00:00\",\"mainEntityOfPage\":{\"@id\":\"https:\\\/\\\/pulso27.com\\\/actualidad\\\/agricultura\\\/nueva-ley-agraria-aprobada-genera-preocupacion-por-sus-impactos-negativos-en-trabajadores-y-pequenos-agricultores\\\/\"},\"wordCount\":351,\"commentCount\":0,\"publisher\":{\"@id\":\"https:\\\/\\\/pulso27.com\\\/en\\\/#organization\"},\"image\":{\"@id\":\"https:\\\/\\\/pulso27.com\\\/actualidad\\\/agricultura\\\/nueva-ley-agraria-aprobada-genera-preocupacion-por-sus-impactos-negativos-en-trabajadores-y-pequenos-agricultores\\\/#primaryimage\"},\"thumbnailUrl\":\"https:\\\/\\\/pulso27.com\\\/wp-content\\\/uploads\\\/2025\\\/08\\\/Agrario.png\",\"keywords\":[\"Agricultores\",\"Campesinos\",\"Congreso de la Rep\u00fablica\",\"Ley Chlimper 2.0\",\"Ley de Promoci\u00f3n Agraria\"],\"articleSection\":[\"Agricultura\",\"Nacional\"],\"inLanguage\":\"en-US\",\"potentialAction\":[{\"@type\":\"CommentAction\",\"name\":\"Comment\",\"target\":[\"https:\\\/\\\/pulso27.com\\\/actualidad\\\/agricultura\\\/nueva-ley-agraria-aprobada-genera-preocupacion-por-sus-impactos-negativos-en-trabajadores-y-pequenos-agricultores\\\/#respond\"]}]},{\"@type\":\"WebPage\",\"@id\":\"https:\\\/\\\/pulso27.com\\\/actualidad\\\/agricultura\\\/nueva-ley-agraria-aprobada-genera-preocupacion-por-sus-impactos-negativos-en-trabajadores-y-pequenos-agricultores\\\/\",\"url\":\"https:\\\/\\\/pulso27.com\\\/actualidad\\\/agricultura\\\/nueva-ley-agraria-aprobada-genera-preocupacion-por-sus-impactos-negativos-en-trabajadores-y-pequenos-agricultores\\\/\",\"name\":\"Nueva Ley Agraria aprobada genera preocupaci\u00f3n por sus impactos negativos en trabajadores y peque\u00f1os agricultores - Pulso27\",\"isPartOf\":{\"@id\":\"https:\\\/\\\/pulso27.com\\\/en\\\/#website\"},\"primaryImageOfPage\":{\"@id\":\"https:\\\/\\\/pulso27.com\\\/actualidad\\\/agricultura\\\/nueva-ley-agraria-aprobada-genera-preocupacion-por-sus-impactos-negativos-en-trabajadores-y-pequenos-agricultores\\\/#primaryimage\"},\"image\":{\"@id\":\"https:\\\/\\\/pulso27.com\\\/actualidad\\\/agricultura\\\/nueva-ley-agraria-aprobada-genera-preocupacion-por-sus-impactos-negativos-en-trabajadores-y-pequenos-agricultores\\\/#primaryimage\"},\"thumbnailUrl\":\"https:\\\/\\\/pulso27.com\\\/wp-content\\\/uploads\\\/2025\\\/08\\\/Agrario.png\",\"datePublished\":\"2025-08-15T03:55:01+00:00\",\"dateModified\":\"2025-08-15T03:55:08+00:00\",\"breadcrumb\":{\"@id\":\"https:\\\/\\\/pulso27.com\\\/actualidad\\\/agricultura\\\/nueva-ley-agraria-aprobada-genera-preocupacion-por-sus-impactos-negativos-en-trabajadores-y-pequenos-agricultores\\\/#breadcrumb\"},\"inLanguage\":\"en-US\",\"potentialAction\":[{\"@type\":\"ReadAction\",\"target\":[\"https:\\\/\\\/pulso27.com\\\/actualidad\\\/agricultura\\\/nueva-ley-agraria-aprobada-genera-preocupacion-por-sus-impactos-negativos-en-trabajadores-y-pequenos-agricultores\\\/\"]}]},{\"@type\":\"ImageObject\",\"inLanguage\":\"en-US\",\"@id\":\"https:\\\/\\\/pulso27.com\\\/actualidad\\\/agricultura\\\/nueva-ley-agraria-aprobada-genera-preocupacion-por-sus-impactos-negativos-en-trabajadores-y-pequenos-agricultores\\\/#primaryimage\",\"url\":\"https:\\\/\\\/pulso27.com\\\/wp-content\\\/uploads\\\/2025\\\/08\\\/Agrario.png\",\"contentUrl\":\"https:\\\/\\\/pulso27.com\\\/wp-content\\\/uploads\\\/2025\\\/08\\\/Agrario.png\",\"width\":1280,\"height\":800},{\"@type\":\"BreadcrumbList\",\"@id\":\"https:\\\/\\\/pulso27.com\\\/actualidad\\\/agricultura\\\/nueva-ley-agraria-aprobada-genera-preocupacion-por-sus-impactos-negativos-en-trabajadores-y-pequenos-agricultores\\\/#breadcrumb\",\"itemListElement\":[{\"@type\":\"ListItem\",\"position\":1,\"name\":\"Portada\",\"item\":\"https:\\\/\\\/pulso27.com\\\/\"},{\"@type\":\"ListItem\",\"position\":2,\"name\":\"Nueva Ley Agraria aprobada genera preocupaci\u00f3n por sus impactos negativos en trabajadores y peque\u00f1os agricultores\"}]},{\"@type\":\"WebSite\",\"@id\":\"https:\\\/\\\/pulso27.com\\\/en\\\/#website\",\"url\":\"https:\\\/\\\/pulso27.com\\\/en\\\/\",\"name\":\"Pulso27\",\"description\":\"Web de noticias y publicidad\",\"publisher\":{\"@id\":\"https:\\\/\\\/pulso27.com\\\/en\\\/#organization\"},\"alternateName\":\"El pulso del pueblo\",\"potentialAction\":[{\"@type\":\"SearchAction\",\"target\":{\"@type\":\"EntryPoint\",\"urlTemplate\":\"https:\\\/\\\/pulso27.com\\\/en\\\/?s={search_term_string}\"},\"query-input\":{\"@type\":\"PropertyValueSpecification\",\"valueRequired\":true,\"valueName\":\"search_term_string\"}}],\"inLanguage\":\"en-US\"},{\"@type\":\"Organization\",\"@id\":\"https:\\\/\\\/pulso27.com\\\/en\\\/#organization\",\"name\":\"Pulso27\",\"url\":\"https:\\\/\\\/pulso27.com\\\/en\\\/\",\"logo\":{\"@type\":\"ImageObject\",\"inLanguage\":\"en-US\",\"@id\":\"https:\\\/\\\/pulso27.com\\\/en\\\/#\\\/schema\\\/logo\\\/image\\\/\",\"url\":\"https:\\\/\\\/pulso27.com\\\/wp-content\\\/uploads\\\/2026\\\/02\\\/Logotipo-de-la-organizacion-696-x-696-px-ok.png\",\"contentUrl\":\"https:\\\/\\\/pulso27.com\\\/wp-content\\\/uploads\\\/2026\\\/02\\\/Logotipo-de-la-organizacion-696-x-696-px-ok.png\",\"width\":696,\"height\":696,\"caption\":\"Pulso27\"},\"image\":{\"@id\":\"https:\\\/\\\/pulso27.com\\\/en\\\/#\\\/schema\\\/logo\\\/image\\\/\"},\"sameAs\":[\"https:\\\/\\\/www.facebook.com\\\/pulso27\\\/\",\"https:\\\/\\\/x.com\\\/Pulso_27\",\"https:\\\/\\\/www.youtube.com\\\/@Pulso27\",\"https:\\\/\\\/www.tiktok.com\\\/@pulso_27\"]},{\"@type\":\"Person\",\"@id\":\"https:\\\/\\\/pulso27.com\\\/en\\\/#\\\/schema\\\/person\\\/d20fd7f5bc7f2e53fd150d43fca07a78\",\"name\":\"Tupaq\",\"image\":{\"@type\":\"ImageObject\",\"inLanguage\":\"en-US\",\"@id\":\"https:\\\/\\\/secure.gravatar.com\\\/avatar\\\/7929e9b034aeea560319a601e4f04c59eb5f45a79eafe192adabb67e9604e7e7?s=96&d=mm&r=g\",\"url\":\"https:\\\/\\\/secure.gravatar.com\\\/avatar\\\/7929e9b034aeea560319a601e4f04c59eb5f45a79eafe192adabb67e9604e7e7?s=96&d=mm&r=g\",\"contentUrl\":\"https:\\\/\\\/secure.gravatar.com\\\/avatar\\\/7929e9b034aeea560319a601e4f04c59eb5f45a79eafe192adabb67e9604e7e7?s=96&d=mm&r=g\",\"caption\":\"Tupaq\"},\"url\":\"https:\\\/\\\/pulso27.com\\\/en\\\/author\\\/tupaq\\\/\"}]}<\/script>\n<!-- \/ Yoast SEO plugin. -->","yoast_head_json":{"title":"Nueva Ley Agraria aprobada genera preocupaci\u00f3n por sus impactos negativos en trabajadores y peque\u00f1os agricultores - Pulso27","robots":{"index":"index","follow":"follow","max-snippet":"max-snippet:-1","max-image-preview":"max-image-preview:large","max-video-preview":"max-video-preview:-1"},"canonical":"https:\/\/pulso27.com\/en\/actualidad\/agricultura\/nueva-ley-agraria-aprobada-genera-preocupacion-por-sus-impactos-negativos-en-trabajadores-y-pequenos-agricultores\/","og_locale":"en_US","og_type":"article","og_title":"Nueva Ley Agraria aprobada genera preocupaci\u00f3n por sus impactos negativos en trabajadores y peque\u00f1os agricultores - Pulso27","og_description":"El Congreso de la Rep\u00fablica del Per\u00fa aprob\u00f3 hoy, 14 de agosto de 2025, en segunda votaci\u00f3n, la nueva Ley Agraria, conocida como \u00abLey Chlimper 2.0\u00bb, con 43 votos a favor, 32 en contra y 17 abstenciones. La norma, que reduce el Impuesto a la Renta de 29.5% a 15% para agroexportadoras con ventas superiores [&hellip;]","og_url":"https:\/\/pulso27.com\/en\/actualidad\/agricultura\/nueva-ley-agraria-aprobada-genera-preocupacion-por-sus-impactos-negativos-en-trabajadores-y-pequenos-agricultores\/","og_site_name":"Pulso27","article_publisher":"https:\/\/www.facebook.com\/pulso27\/","article_published_time":"2025-08-15T03:55:01+00:00","article_modified_time":"2025-08-15T03:55:08+00:00","og_image":[{"width":1280,"height":800,"url":"https:\/\/pulso27.com\/wp-content\/uploads\/2025\/08\/Agrario.png","type":"image\/png"}],"author":"Tupaq","twitter_card":"summary_large_image","twitter_creator":"@Pulso_27","twitter_site":"@Pulso_27","twitter_misc":{"Written by":"Tupaq","Est. reading time":"2 minutes"},"schema":{"@context":"https:\/\/schema.org","@graph":[{"@type":"Article","@id":"https:\/\/pulso27.com\/actualidad\/agricultura\/nueva-ley-agraria-aprobada-genera-preocupacion-por-sus-impactos-negativos-en-trabajadores-y-pequenos-agricultores\/#article","isPartOf":{"@id":"https:\/\/pulso27.com\/actualidad\/agricultura\/nueva-ley-agraria-aprobada-genera-preocupacion-por-sus-impactos-negativos-en-trabajadores-y-pequenos-agricultores\/"},"author":{"name":"Tupaq","@id":"https:\/\/pulso27.com\/en\/#\/schema\/person\/d20fd7f5bc7f2e53fd150d43fca07a78"},"headline":"Nueva Ley Agraria aprobada genera preocupaci\u00f3n por sus impactos negativos en trabajadores y peque\u00f1os agricultores","datePublished":"2025-08-15T03:55:01+00:00","dateModified":"2025-08-15T03:55:08+00:00","mainEntityOfPage":{"@id":"https:\/\/pulso27.com\/actualidad\/agricultura\/nueva-ley-agraria-aprobada-genera-preocupacion-por-sus-impactos-negativos-en-trabajadores-y-pequenos-agricultores\/"},"wordCount":351,"commentCount":0,"publisher":{"@id":"https:\/\/pulso27.com\/en\/#organization"},"image":{"@id":"https:\/\/pulso27.com\/actualidad\/agricultura\/nueva-ley-agraria-aprobada-genera-preocupacion-por-sus-impactos-negativos-en-trabajadores-y-pequenos-agricultores\/#primaryimage"},"thumbnailUrl":"https:\/\/pulso27.com\/wp-content\/uploads\/2025\/08\/Agrario.png","keywords":["Agricultores","Campesinos","Congreso de la Rep\u00fablica","Ley Chlimper 2.0","Ley de Promoci\u00f3n Agraria"],"articleSection":["Agricultura","Nacional"],"inLanguage":"en-US","potentialAction":[{"@type":"CommentAction","name":"Comment","target":["https:\/\/pulso27.com\/actualidad\/agricultura\/nueva-ley-agraria-aprobada-genera-preocupacion-por-sus-impactos-negativos-en-trabajadores-y-pequenos-agricultores\/#respond"]}]},{"@type":"WebPage","@id":"https:\/\/pulso27.com\/actualidad\/agricultura\/nueva-ley-agraria-aprobada-genera-preocupacion-por-sus-impactos-negativos-en-trabajadores-y-pequenos-agricultores\/","url":"https:\/\/pulso27.com\/actualidad\/agricultura\/nueva-ley-agraria-aprobada-genera-preocupacion-por-sus-impactos-negativos-en-trabajadores-y-pequenos-agricultores\/","name":"Nueva Ley Agraria aprobada genera preocupaci\u00f3n por sus impactos negativos en trabajadores y peque\u00f1os agricultores - Pulso27","isPartOf":{"@id":"https:\/\/pulso27.com\/en\/#website"},"primaryImageOfPage":{"@id":"https:\/\/pulso27.com\/actualidad\/agricultura\/nueva-ley-agraria-aprobada-genera-preocupacion-por-sus-impactos-negativos-en-trabajadores-y-pequenos-agricultores\/#primaryimage"},"image":{"@id":"https:\/\/pulso27.com\/actualidad\/agricultura\/nueva-ley-agraria-aprobada-genera-preocupacion-por-sus-impactos-negativos-en-trabajadores-y-pequenos-agricultores\/#primaryimage"},"thumbnailUrl":"https:\/\/pulso27.com\/wp-content\/uploads\/2025\/08\/Agrario.png","datePublished":"2025-08-15T03:55:01+00:00","dateModified":"2025-08-15T03:55:08+00:00","breadcrumb":{"@id":"https:\/\/pulso27.com\/actualidad\/agricultura\/nueva-ley-agraria-aprobada-genera-preocupacion-por-sus-impactos-negativos-en-trabajadores-y-pequenos-agricultores\/#breadcrumb"},"inLanguage":"en-US","potentialAction":[{"@type":"ReadAction","target":["https:\/\/pulso27.com\/actualidad\/agricultura\/nueva-ley-agraria-aprobada-genera-preocupacion-por-sus-impactos-negativos-en-trabajadores-y-pequenos-agricultores\/"]}]},{"@type":"ImageObject","inLanguage":"en-US","@id":"https:\/\/pulso27.com\/actualidad\/agricultura\/nueva-ley-agraria-aprobada-genera-preocupacion-por-sus-impactos-negativos-en-trabajadores-y-pequenos-agricultores\/#primaryimage","url":"https:\/\/pulso27.com\/wp-content\/uploads\/2025\/08\/Agrario.png","contentUrl":"https:\/\/pulso27.com\/wp-content\/uploads\/2025\/08\/Agrario.png","width":1280,"height":800},{"@type":"BreadcrumbList","@id":"https:\/\/pulso27.com\/actualidad\/agricultura\/nueva-ley-agraria-aprobada-genera-preocupacion-por-sus-impactos-negativos-en-trabajadores-y-pequenos-agricultores\/#breadcrumb","itemListElement":[{"@type":"ListItem","position":1,"name":"Portada","item":"https:\/\/pulso27.com\/"},{"@type":"ListItem","position":2,"name":"Nueva Ley Agraria aprobada genera preocupaci\u00f3n por sus impactos negativos en trabajadores y peque\u00f1os agricultores"}]},{"@type":"WebSite","@id":"https:\/\/pulso27.com\/en\/#website","url":"https:\/\/pulso27.com\/en\/","name":"Pulso27","description":"Web de noticias y publicidad","publisher":{"@id":"https:\/\/pulso27.com\/en\/#organization"},"alternateName":"El pulso del pueblo","potentialAction":[{"@type":"SearchAction","target":{"@type":"EntryPoint","urlTemplate":"https:\/\/pulso27.com\/en\/?s={search_term_string}"},"query-input":{"@type":"PropertyValueSpecification","valueRequired":true,"valueName":"search_term_string"}}],"inLanguage":"en-US"},{"@type":"Organization","@id":"https:\/\/pulso27.com\/en\/#organization","name":"Pulso27","url":"https:\/\/pulso27.com\/en\/","logo":{"@type":"ImageObject","inLanguage":"en-US","@id":"https:\/\/pulso27.com\/en\/#\/schema\/logo\/image\/","url":"https:\/\/pulso27.com\/wp-content\/uploads\/2026\/02\/Logotipo-de-la-organizacion-696-x-696-px-ok.png","contentUrl":"https:\/\/pulso27.com\/wp-content\/uploads\/2026\/02\/Logotipo-de-la-organizacion-696-x-696-px-ok.png","width":696,"height":696,"caption":"Pulso27"},"image":{"@id":"https:\/\/pulso27.com\/en\/#\/schema\/logo\/image\/"},"sameAs":["https:\/\/www.facebook.com\/pulso27\/","https:\/\/x.com\/Pulso_27","https:\/\/www.youtube.com\/@Pulso27","https:\/\/www.tiktok.com\/@pulso_27"]},{"@type":"Person","@id":"https:\/\/pulso27.com\/en\/#\/schema\/person\/d20fd7f5bc7f2e53fd150d43fca07a78","name":"Tupaq","image":{"@type":"ImageObject","inLanguage":"en-US","@id":"https:\/\/secure.gravatar.com\/avatar\/7929e9b034aeea560319a601e4f04c59eb5f45a79eafe192adabb67e9604e7e7?s=96&d=mm&r=g","url":"https:\/\/secure.gravatar.com\/avatar\/7929e9b034aeea560319a601e4f04c59eb5f45a79eafe192adabb67e9604e7e7?s=96&d=mm&r=g","contentUrl":"https:\/\/secure.gravatar.com\/avatar\/7929e9b034aeea560319a601e4f04c59eb5f45a79eafe192adabb67e9604e7e7?s=96&d=mm&r=g","caption":"Tupaq"},"url":"https:\/\/pulso27.com\/en\/author\/tupaq\/"}]}},"amp_enabled":true,"_links":{"self":[{"href":"https:\/\/pulso27.com\/en\/wp-json\/wp\/v2\/posts\/6029","targetHints":{"allow":["GET"]}}],"collection":[{"href":"https:\/\/pulso27.com\/en\/wp-json\/wp\/v2\/posts"}],"about":[{"href":"https:\/\/pulso27.com\/en\/wp-json\/wp\/v2\/types\/post"}],"author":[{"embeddable":true,"href":"https:\/\/pulso27.com\/en\/wp-json\/wp\/v2\/users\/7"}],"replies":[{"embeddable":true,"href":"https:\/\/pulso27.com\/en\/wp-json\/wp\/v2\/comments?post=6029"}],"version-history":[{"count":2,"href":"https:\/\/pulso27.com\/en\/wp-json\/wp\/v2\/posts\/6029\/revisions"}],"predecessor-version":[{"id":6038,"href":"https:\/\/pulso27.com\/en\/wp-json\/wp\/v2\/posts\/6029\/revisions\/6038"}],"wp:featuredmedia":[{"embeddable":true,"href":"https:\/\/pulso27.com\/en\/wp-json\/wp\/v2\/media\/6031"}],"wp:attachment":[{"href":"https:\/\/pulso27.com\/en\/wp-json\/wp\/v2\/media?parent=6029"}],"wp:term":[{"taxonomy":"category","embeddable":true,"href":"https:\/\/pulso27.com\/en\/wp-json\/wp\/v2\/categories?post=6029"},{"taxonomy":"post_tag","embeddable":true,"href":"https:\/\/pulso27.com\/en\/wp-json\/wp\/v2\/tags?post=6029"}],"curies":[{"name":"wp","href":"https:\/\/api.w.org\/{rel}","templated":true}]}}