{"id":6039,"date":"2025-08-15T09:06:32","date_gmt":"2025-08-15T04:06:32","guid":{"rendered":"https:\/\/pulso27.com\/?p=6039"},"modified":"2025-08-15T09:06:37","modified_gmt":"2025-08-15T04:06:37","slug":"martin-vizcarra-fue-recluido-en-la-carcel-de-manera-preventiva-acusado-de-corrupcion","status":"publish","type":"post","link":"https:\/\/pulso27.com\/en\/actualidad\/economia\/martin-vizcarra-fue-recluido-en-la-carcel-de-manera-preventiva-acusado-de-corrupcion\/","title":{"rendered":"Mart\u00edn Vizcarra fue recluido en la c\u00e1rcel de manera preventiva acusado de corrupci\u00f3n"},"content":{"rendered":"<p>El expresidente de Per\u00fa, Mart\u00edn Vizcarra, fue trasladado el 13 de agosto de 2025 al penal Barbadillo, en Lima, para cumplir cinco meses de prisi\u00f3n preventiva ordenados por el juez Jorge Ch\u00e1vez Tamariz, en el marco de investigaciones por presuntos sobornos recibidos durante su gesti\u00f3n como gobernador regional de Moquegua (2011-2014). <\/p>\n\n\n\n<p>La Fiscal\u00eda, liderada por Germ\u00e1n Ju\u00e1rez Atoche, acusa a Vizcarra de recibir 2.3 millones de soles en coimas relacionadas con los proyectos Lomas de Ilo y el Hospital Regional de Moquegua, solicitando inicialmente una pena de 15 a\u00f1os por cohecho pasivo propio. Sin embargo, la reciente inclusi\u00f3n del delito de colusi\u00f3n ha elevado la solicitud fiscal a 25 a\u00f1os de c\u00e1rcel, marcando un nuevo cap\u00edtulo en los procesos judiciales que enfrenta el exmandatario.<\/p>\n\n\n\n<p>El juicio oral contra Vizcarra, iniciado en octubre de 2024, se encuentra en su fase final, con el fiscal Rafael Vela estimando que podr\u00eda concluir en uno o dos meses, gracias a la dedicaci\u00f3n exclusiva del Poder Judicial. Las pruebas presentadas incluyen testimonios de colaboradores eficaces y documentos que sugieren pagos irregulares de constructoras como Obrainsa y ICCGSA, quienes habr\u00edan obtenido contratos a cambio de sobornos.<\/p>\n\n\n\n<p>La defensa de Vizcarra, encabezada por el abogado Erwin Siccha, sostiene que las acusaciones carecen de pruebas directas y denuncia una persecuci\u00f3n pol\u00edtica, se\u00f1alando que el expresidente fue advertido previamente sobre la resoluci\u00f3n judicial, lo que cuestiona la imparcialidad del proceso.<\/p>\n\n\n\n<p>El impacto de estas acusaciones trasciende lo judicial, afectando la imagen de Vizcarra, l\u00edder del partido Per\u00fa Primero, y generando tensiones pol\u00edticas en un contexto electoral rumbo a 2026. La Fiscal\u00eda tambi\u00e9n busca una reparaci\u00f3n civil de 4.6 millones de soles, mientras que el caso refuerza la percepci\u00f3n de una crisis estructural de corrupci\u00f3n, con Vizcarra convirti\u00e9ndose en el cuarto expresidente peruano encarcelado, junto a Alejandro Toledo, Ollanta Humala y Pedro Castillo.<\/p>\n\n\n\n<p>La posibilidad de una condena de hasta 25 a\u00f1os, sumada a inhabilitaciones pol\u00edticas, podr\u00eda cerrar definitivamente las aspiraciones presidenciales de Vizcarra, quien a\u00fan busca revertir dichas restricciones ante la Corte Interamericana de Derechos Humanos.<\/p>","protected":false},"excerpt":{"rendered":"<p>El expresidente de Per\u00fa, Mart\u00edn Vizcarra, fue trasladado el 13 de agosto de 2025 al penal Barbadillo, en Lima, para cumplir cinco meses de prisi\u00f3n preventiva ordenados por el juez Jorge Ch\u00e1vez Tamariz, en el marco de investigaciones por presuntos sobornos recibidos durante su gesti\u00f3n como gobernador regional de Moquegua (2011-2014). La Fiscal\u00eda, liderada por [&hellip;]<\/p>\n","protected":false},"author":13,"featured_media":6040,"comment_status":"open","ping_status":"open","sticky":false,"template":"","format":"standard","meta":{"footnotes":""},"categories":[177,174],"tags":[2419,624,1928,2418],"class_list":["post-6039","post","type-post","status-publish","format-standard","has-post-thumbnail","hentry","category-economia","category-nacional","tag-constructoras-obrainsa-y-iccgsa","tag-martin-vizcarra","tag-moquegua","tag-penal-barbadillo"],"yoast_head":"<!-- This site is optimized with the Yoast SEO plugin v27.4 - https:\/\/yoast.com\/product\/yoast-seo-wordpress\/ -->\n<title>Mart\u00edn Vizcarra fue recluido en la c\u00e1rcel de manera preventiva acusado de corrupci\u00f3n - Pulso27<\/title>\n<meta name=\"robots\" content=\"index, follow, max-snippet:-1, max-image-preview:large, max-video-preview:-1\" \/>\n<link rel=\"canonical\" href=\"https:\/\/pulso27.com\/en\/actualidad\/economia\/martin-vizcarra-fue-recluido-en-la-carcel-de-manera-preventiva-acusado-de-corrupcion\/\" \/>\n<meta property=\"og:locale\" content=\"en_US\" \/>\n<meta property=\"og:type\" content=\"article\" \/>\n<meta property=\"og:title\" content=\"Mart\u00edn Vizcarra fue recluido en la c\u00e1rcel de manera preventiva acusado de corrupci\u00f3n - Pulso27\" \/>\n<meta property=\"og:description\" content=\"El expresidente de Per\u00fa, Mart\u00edn Vizcarra, fue trasladado el 13 de agosto de 2025 al penal Barbadillo, en Lima, para cumplir cinco meses de prisi\u00f3n preventiva ordenados por el juez Jorge Ch\u00e1vez Tamariz, en el marco de investigaciones por presuntos sobornos recibidos durante su gesti\u00f3n como gobernador regional de Moquegua (2011-2014). La Fiscal\u00eda, liderada por [&hellip;]\" \/>\n<meta property=\"og:url\" content=\"https:\/\/pulso27.com\/en\/actualidad\/economia\/martin-vizcarra-fue-recluido-en-la-carcel-de-manera-preventiva-acusado-de-corrupcion\/\" \/>\n<meta property=\"og:site_name\" content=\"Pulso27\" \/>\n<meta property=\"article:publisher\" content=\"https:\/\/www.facebook.com\/pulso27\/\" \/>\n<meta property=\"article:published_time\" content=\"2025-08-15T04:06:32+00:00\" \/>\n<meta property=\"article:modified_time\" content=\"2025-08-15T04:06:37+00:00\" \/>\n<meta property=\"og:image\" content=\"https:\/\/pulso27.com\/wp-content\/uploads\/2025\/08\/MartinV.png\" \/>\n\t<meta property=\"og:image:width\" content=\"1280\" \/>\n\t<meta property=\"og:image:height\" content=\"800\" \/>\n\t<meta property=\"og:image:type\" content=\"image\/png\" \/>\n<meta name=\"author\" content=\"Redactor\" \/>\n<meta name=\"twitter:card\" content=\"summary_large_image\" \/>\n<meta name=\"twitter:creator\" content=\"@Pulso_27\" \/>\n<meta name=\"twitter:site\" content=\"@Pulso_27\" \/>\n<meta name=\"twitter:label1\" content=\"Written by\" \/>\n\t<meta name=\"twitter:data1\" content=\"Redactor\" \/>\n\t<meta name=\"twitter:label2\" content=\"Est. reading time\" \/>\n\t<meta name=\"twitter:data2\" content=\"2 minutes\" \/>\n<script type=\"application\/ld+json\" class=\"yoast-schema-graph\">{\"@context\":\"https:\\\/\\\/schema.org\",\"@graph\":[{\"@type\":\"Article\",\"@id\":\"https:\\\/\\\/pulso27.com\\\/actualidad\\\/economia\\\/martin-vizcarra-fue-recluido-en-la-carcel-de-manera-preventiva-acusado-de-corrupcion\\\/#article\",\"isPartOf\":{\"@id\":\"https:\\\/\\\/pulso27.com\\\/actualidad\\\/economia\\\/martin-vizcarra-fue-recluido-en-la-carcel-de-manera-preventiva-acusado-de-corrupcion\\\/\"},\"author\":{\"name\":\"Redactor\",\"@id\":\"https:\\\/\\\/pulso27.com\\\/en\\\/#\\\/schema\\\/person\\\/bf5ee161e6c87f6c7d57f5e689ef8526\"},\"headline\":\"Mart\u00edn Vizcarra fue recluido en la c\u00e1rcel de manera preventiva acusado de corrupci\u00f3n\",\"datePublished\":\"2025-08-15T04:06:32+00:00\",\"dateModified\":\"2025-08-15T04:06:37+00:00\",\"mainEntityOfPage\":{\"@id\":\"https:\\\/\\\/pulso27.com\\\/actualidad\\\/economia\\\/martin-vizcarra-fue-recluido-en-la-carcel-de-manera-preventiva-acusado-de-corrupcion\\\/\"},\"wordCount\":376,\"commentCount\":0,\"publisher\":{\"@id\":\"https:\\\/\\\/pulso27.com\\\/en\\\/#organization\"},\"image\":{\"@id\":\"https:\\\/\\\/pulso27.com\\\/actualidad\\\/economia\\\/martin-vizcarra-fue-recluido-en-la-carcel-de-manera-preventiva-acusado-de-corrupcion\\\/#primaryimage\"},\"thumbnailUrl\":\"https:\\\/\\\/pulso27.com\\\/wp-content\\\/uploads\\\/2025\\\/08\\\/MartinV.png\",\"keywords\":[\"Constructoras Obrainsa y ICCGSA\",\"Mart\u00edn Vizcarra\",\"Moquegua\",\"Penal Barbadillo\"],\"articleSection\":[\"Econom\u00eda\",\"Nacional\"],\"inLanguage\":\"en-US\",\"potentialAction\":[{\"@type\":\"CommentAction\",\"name\":\"Comment\",\"target\":[\"https:\\\/\\\/pulso27.com\\\/actualidad\\\/economia\\\/martin-vizcarra-fue-recluido-en-la-carcel-de-manera-preventiva-acusado-de-corrupcion\\\/#respond\"]}]},{\"@type\":\"WebPage\",\"@id\":\"https:\\\/\\\/pulso27.com\\\/actualidad\\\/economia\\\/martin-vizcarra-fue-recluido-en-la-carcel-de-manera-preventiva-acusado-de-corrupcion\\\/\",\"url\":\"https:\\\/\\\/pulso27.com\\\/actualidad\\\/economia\\\/martin-vizcarra-fue-recluido-en-la-carcel-de-manera-preventiva-acusado-de-corrupcion\\\/\",\"name\":\"Mart\u00edn Vizcarra fue recluido en la c\u00e1rcel de manera preventiva acusado de corrupci\u00f3n - Pulso27\",\"isPartOf\":{\"@id\":\"https:\\\/\\\/pulso27.com\\\/en\\\/#website\"},\"primaryImageOfPage\":{\"@id\":\"https:\\\/\\\/pulso27.com\\\/actualidad\\\/economia\\\/martin-vizcarra-fue-recluido-en-la-carcel-de-manera-preventiva-acusado-de-corrupcion\\\/#primaryimage\"},\"image\":{\"@id\":\"https:\\\/\\\/pulso27.com\\\/actualidad\\\/economia\\\/martin-vizcarra-fue-recluido-en-la-carcel-de-manera-preventiva-acusado-de-corrupcion\\\/#primaryimage\"},\"thumbnailUrl\":\"https:\\\/\\\/pulso27.com\\\/wp-content\\\/uploads\\\/2025\\\/08\\\/MartinV.png\",\"datePublished\":\"2025-08-15T04:06:32+00:00\",\"dateModified\":\"2025-08-15T04:06:37+00:00\",\"breadcrumb\":{\"@id\":\"https:\\\/\\\/pulso27.com\\\/actualidad\\\/economia\\\/martin-vizcarra-fue-recluido-en-la-carcel-de-manera-preventiva-acusado-de-corrupcion\\\/#breadcrumb\"},\"inLanguage\":\"en-US\",\"potentialAction\":[{\"@type\":\"ReadAction\",\"target\":[\"https:\\\/\\\/pulso27.com\\\/actualidad\\\/economia\\\/martin-vizcarra-fue-recluido-en-la-carcel-de-manera-preventiva-acusado-de-corrupcion\\\/\"]}]},{\"@type\":\"ImageObject\",\"inLanguage\":\"en-US\",\"@id\":\"https:\\\/\\\/pulso27.com\\\/actualidad\\\/economia\\\/martin-vizcarra-fue-recluido-en-la-carcel-de-manera-preventiva-acusado-de-corrupcion\\\/#primaryimage\",\"url\":\"https:\\\/\\\/pulso27.com\\\/wp-content\\\/uploads\\\/2025\\\/08\\\/MartinV.png\",\"contentUrl\":\"https:\\\/\\\/pulso27.com\\\/wp-content\\\/uploads\\\/2025\\\/08\\\/MartinV.png\",\"width\":1280,\"height\":800},{\"@type\":\"BreadcrumbList\",\"@id\":\"https:\\\/\\\/pulso27.com\\\/actualidad\\\/economia\\\/martin-vizcarra-fue-recluido-en-la-carcel-de-manera-preventiva-acusado-de-corrupcion\\\/#breadcrumb\",\"itemListElement\":[{\"@type\":\"ListItem\",\"position\":1,\"name\":\"Portada\",\"item\":\"https:\\\/\\\/pulso27.com\\\/\"},{\"@type\":\"ListItem\",\"position\":2,\"name\":\"Mart\u00edn Vizcarra fue recluido en la c\u00e1rcel de manera preventiva acusado de corrupci\u00f3n\"}]},{\"@type\":\"WebSite\",\"@id\":\"https:\\\/\\\/pulso27.com\\\/en\\\/#website\",\"url\":\"https:\\\/\\\/pulso27.com\\\/en\\\/\",\"name\":\"Pulso27\",\"description\":\"Web de noticias y publicidad\",\"publisher\":{\"@id\":\"https:\\\/\\\/pulso27.com\\\/en\\\/#organization\"},\"alternateName\":\"El pulso del pueblo\",\"potentialAction\":[{\"@type\":\"SearchAction\",\"target\":{\"@type\":\"EntryPoint\",\"urlTemplate\":\"https:\\\/\\\/pulso27.com\\\/en\\\/?s={search_term_string}\"},\"query-input\":{\"@type\":\"PropertyValueSpecification\",\"valueRequired\":true,\"valueName\":\"search_term_string\"}}],\"inLanguage\":\"en-US\"},{\"@type\":\"Organization\",\"@id\":\"https:\\\/\\\/pulso27.com\\\/en\\\/#organization\",\"name\":\"Pulso27\",\"url\":\"https:\\\/\\\/pulso27.com\\\/en\\\/\",\"logo\":{\"@type\":\"ImageObject\",\"inLanguage\":\"en-US\",\"@id\":\"https:\\\/\\\/pulso27.com\\\/en\\\/#\\\/schema\\\/logo\\\/image\\\/\",\"url\":\"https:\\\/\\\/pulso27.com\\\/wp-content\\\/uploads\\\/2026\\\/02\\\/Logotipo-de-la-organizacion-696-x-696-px-ok.png\",\"contentUrl\":\"https:\\\/\\\/pulso27.com\\\/wp-content\\\/uploads\\\/2026\\\/02\\\/Logotipo-de-la-organizacion-696-x-696-px-ok.png\",\"width\":696,\"height\":696,\"caption\":\"Pulso27\"},\"image\":{\"@id\":\"https:\\\/\\\/pulso27.com\\\/en\\\/#\\\/schema\\\/logo\\\/image\\\/\"},\"sameAs\":[\"https:\\\/\\\/www.facebook.com\\\/pulso27\\\/\",\"https:\\\/\\\/x.com\\\/Pulso_27\",\"https:\\\/\\\/www.youtube.com\\\/@Pulso27\",\"https:\\\/\\\/www.tiktok.com\\\/@pulso_27\"]},{\"@type\":\"Person\",\"@id\":\"https:\\\/\\\/pulso27.com\\\/en\\\/#\\\/schema\\\/person\\\/bf5ee161e6c87f6c7d57f5e689ef8526\",\"name\":\"Redactor\",\"image\":{\"@type\":\"ImageObject\",\"inLanguage\":\"en-US\",\"@id\":\"https:\\\/\\\/pulso27.com\\\/wp-content\\\/uploads\\\/2025\\\/03\\\/a-150x150.png\",\"url\":\"https:\\\/\\\/pulso27.com\\\/wp-content\\\/uploads\\\/2025\\\/03\\\/a-150x150.png\",\"contentUrl\":\"https:\\\/\\\/pulso27.com\\\/wp-content\\\/uploads\\\/2025\\\/03\\\/a-150x150.png\",\"caption\":\"Redactor\"},\"sameAs\":[\"http:\\\/\\\/www.pulso27.com\"],\"url\":\"https:\\\/\\\/pulso27.com\\\/en\\\/author\\\/redactor\\\/\"}]}<\/script>\n<!-- \/ Yoast SEO plugin. -->","yoast_head_json":{"title":"Mart\u00edn Vizcarra fue recluido en la c\u00e1rcel de manera preventiva acusado de corrupci\u00f3n - Pulso27","robots":{"index":"index","follow":"follow","max-snippet":"max-snippet:-1","max-image-preview":"max-image-preview:large","max-video-preview":"max-video-preview:-1"},"canonical":"https:\/\/pulso27.com\/en\/actualidad\/economia\/martin-vizcarra-fue-recluido-en-la-carcel-de-manera-preventiva-acusado-de-corrupcion\/","og_locale":"en_US","og_type":"article","og_title":"Mart\u00edn Vizcarra fue recluido en la c\u00e1rcel de manera preventiva acusado de corrupci\u00f3n - Pulso27","og_description":"El expresidente de Per\u00fa, Mart\u00edn Vizcarra, fue trasladado el 13 de agosto de 2025 al penal Barbadillo, en Lima, para cumplir cinco meses de prisi\u00f3n preventiva ordenados por el juez Jorge Ch\u00e1vez Tamariz, en el marco de investigaciones por presuntos sobornos recibidos durante su gesti\u00f3n como gobernador regional de Moquegua (2011-2014). La Fiscal\u00eda, liderada por [&hellip;]","og_url":"https:\/\/pulso27.com\/en\/actualidad\/economia\/martin-vizcarra-fue-recluido-en-la-carcel-de-manera-preventiva-acusado-de-corrupcion\/","og_site_name":"Pulso27","article_publisher":"https:\/\/www.facebook.com\/pulso27\/","article_published_time":"2025-08-15T04:06:32+00:00","article_modified_time":"2025-08-15T04:06:37+00:00","og_image":[{"width":1280,"height":800,"url":"https:\/\/pulso27.com\/wp-content\/uploads\/2025\/08\/MartinV.png","type":"image\/png"}],"author":"Redactor","twitter_card":"summary_large_image","twitter_creator":"@Pulso_27","twitter_site":"@Pulso_27","twitter_misc":{"Written by":"Redactor","Est. reading time":"2 minutes"},"schema":{"@context":"https:\/\/schema.org","@graph":[{"@type":"Article","@id":"https:\/\/pulso27.com\/actualidad\/economia\/martin-vizcarra-fue-recluido-en-la-carcel-de-manera-preventiva-acusado-de-corrupcion\/#article","isPartOf":{"@id":"https:\/\/pulso27.com\/actualidad\/economia\/martin-vizcarra-fue-recluido-en-la-carcel-de-manera-preventiva-acusado-de-corrupcion\/"},"author":{"name":"Redactor","@id":"https:\/\/pulso27.com\/en\/#\/schema\/person\/bf5ee161e6c87f6c7d57f5e689ef8526"},"headline":"Mart\u00edn Vizcarra fue recluido en la c\u00e1rcel de manera preventiva acusado de corrupci\u00f3n","datePublished":"2025-08-15T04:06:32+00:00","dateModified":"2025-08-15T04:06:37+00:00","mainEntityOfPage":{"@id":"https:\/\/pulso27.com\/actualidad\/economia\/martin-vizcarra-fue-recluido-en-la-carcel-de-manera-preventiva-acusado-de-corrupcion\/"},"wordCount":376,"commentCount":0,"publisher":{"@id":"https:\/\/pulso27.com\/en\/#organization"},"image":{"@id":"https:\/\/pulso27.com\/actualidad\/economia\/martin-vizcarra-fue-recluido-en-la-carcel-de-manera-preventiva-acusado-de-corrupcion\/#primaryimage"},"thumbnailUrl":"https:\/\/pulso27.com\/wp-content\/uploads\/2025\/08\/MartinV.png","keywords":["Constructoras Obrainsa y ICCGSA","Mart\u00edn Vizcarra","Moquegua","Penal Barbadillo"],"articleSection":["Econom\u00eda","Nacional"],"inLanguage":"en-US","potentialAction":[{"@type":"CommentAction","name":"Comment","target":["https:\/\/pulso27.com\/actualidad\/economia\/martin-vizcarra-fue-recluido-en-la-carcel-de-manera-preventiva-acusado-de-corrupcion\/#respond"]}]},{"@type":"WebPage","@id":"https:\/\/pulso27.com\/actualidad\/economia\/martin-vizcarra-fue-recluido-en-la-carcel-de-manera-preventiva-acusado-de-corrupcion\/","url":"https:\/\/pulso27.com\/actualidad\/economia\/martin-vizcarra-fue-recluido-en-la-carcel-de-manera-preventiva-acusado-de-corrupcion\/","name":"Mart\u00edn Vizcarra fue recluido en la c\u00e1rcel de manera preventiva acusado de corrupci\u00f3n - Pulso27","isPartOf":{"@id":"https:\/\/pulso27.com\/en\/#website"},"primaryImageOfPage":{"@id":"https:\/\/pulso27.com\/actualidad\/economia\/martin-vizcarra-fue-recluido-en-la-carcel-de-manera-preventiva-acusado-de-corrupcion\/#primaryimage"},"image":{"@id":"https:\/\/pulso27.com\/actualidad\/economia\/martin-vizcarra-fue-recluido-en-la-carcel-de-manera-preventiva-acusado-de-corrupcion\/#primaryimage"},"thumbnailUrl":"https:\/\/pulso27.com\/wp-content\/uploads\/2025\/08\/MartinV.png","datePublished":"2025-08-15T04:06:32+00:00","dateModified":"2025-08-15T04:06:37+00:00","breadcrumb":{"@id":"https:\/\/pulso27.com\/actualidad\/economia\/martin-vizcarra-fue-recluido-en-la-carcel-de-manera-preventiva-acusado-de-corrupcion\/#breadcrumb"},"inLanguage":"en-US","potentialAction":[{"@type":"ReadAction","target":["https:\/\/pulso27.com\/actualidad\/economia\/martin-vizcarra-fue-recluido-en-la-carcel-de-manera-preventiva-acusado-de-corrupcion\/"]}]},{"@type":"ImageObject","inLanguage":"en-US","@id":"https:\/\/pulso27.com\/actualidad\/economia\/martin-vizcarra-fue-recluido-en-la-carcel-de-manera-preventiva-acusado-de-corrupcion\/#primaryimage","url":"https:\/\/pulso27.com\/wp-content\/uploads\/2025\/08\/MartinV.png","contentUrl":"https:\/\/pulso27.com\/wp-content\/uploads\/2025\/08\/MartinV.png","width":1280,"height":800},{"@type":"BreadcrumbList","@id":"https:\/\/pulso27.com\/actualidad\/economia\/martin-vizcarra-fue-recluido-en-la-carcel-de-manera-preventiva-acusado-de-corrupcion\/#breadcrumb","itemListElement":[{"@type":"ListItem","position":1,"name":"Portada","item":"https:\/\/pulso27.com\/"},{"@type":"ListItem","position":2,"name":"Mart\u00edn Vizcarra fue recluido en la c\u00e1rcel de manera preventiva acusado de corrupci\u00f3n"}]},{"@type":"WebSite","@id":"https:\/\/pulso27.com\/en\/#website","url":"https:\/\/pulso27.com\/en\/","name":"Pulso27","description":"Web de noticias y publicidad","publisher":{"@id":"https:\/\/pulso27.com\/en\/#organization"},"alternateName":"El pulso del pueblo","potentialAction":[{"@type":"SearchAction","target":{"@type":"EntryPoint","urlTemplate":"https:\/\/pulso27.com\/en\/?s={search_term_string}"},"query-input":{"@type":"PropertyValueSpecification","valueRequired":true,"valueName":"search_term_string"}}],"inLanguage":"en-US"},{"@type":"Organization","@id":"https:\/\/pulso27.com\/en\/#organization","name":"Pulso27","url":"https:\/\/pulso27.com\/en\/","logo":{"@type":"ImageObject","inLanguage":"en-US","@id":"https:\/\/pulso27.com\/en\/#\/schema\/logo\/image\/","url":"https:\/\/pulso27.com\/wp-content\/uploads\/2026\/02\/Logotipo-de-la-organizacion-696-x-696-px-ok.png","contentUrl":"https:\/\/pulso27.com\/wp-content\/uploads\/2026\/02\/Logotipo-de-la-organizacion-696-x-696-px-ok.png","width":696,"height":696,"caption":"Pulso27"},"image":{"@id":"https:\/\/pulso27.com\/en\/#\/schema\/logo\/image\/"},"sameAs":["https:\/\/www.facebook.com\/pulso27\/","https:\/\/x.com\/Pulso_27","https:\/\/www.youtube.com\/@Pulso27","https:\/\/www.tiktok.com\/@pulso_27"]},{"@type":"Person","@id":"https:\/\/pulso27.com\/en\/#\/schema\/person\/bf5ee161e6c87f6c7d57f5e689ef8526","name":"Redactor","image":{"@type":"ImageObject","inLanguage":"en-US","@id":"https:\/\/pulso27.com\/wp-content\/uploads\/2025\/03\/a-150x150.png","url":"https:\/\/pulso27.com\/wp-content\/uploads\/2025\/03\/a-150x150.png","contentUrl":"https:\/\/pulso27.com\/wp-content\/uploads\/2025\/03\/a-150x150.png","caption":"Redactor"},"sameAs":["http:\/\/www.pulso27.com"],"url":"https:\/\/pulso27.com\/en\/author\/redactor\/"}]}},"amp_enabled":true,"_links":{"self":[{"href":"https:\/\/pulso27.com\/en\/wp-json\/wp\/v2\/posts\/6039","targetHints":{"allow":["GET"]}}],"collection":[{"href":"https:\/\/pulso27.com\/en\/wp-json\/wp\/v2\/posts"}],"about":[{"href":"https:\/\/pulso27.com\/en\/wp-json\/wp\/v2\/types\/post"}],"author":[{"embeddable":true,"href":"https:\/\/pulso27.com\/en\/wp-json\/wp\/v2\/users\/13"}],"replies":[{"embeddable":true,"href":"https:\/\/pulso27.com\/en\/wp-json\/wp\/v2\/comments?post=6039"}],"version-history":[{"count":1,"href":"https:\/\/pulso27.com\/en\/wp-json\/wp\/v2\/posts\/6039\/revisions"}],"predecessor-version":[{"id":6044,"href":"https:\/\/pulso27.com\/en\/wp-json\/wp\/v2\/posts\/6039\/revisions\/6044"}],"wp:featuredmedia":[{"embeddable":true,"href":"https:\/\/pulso27.com\/en\/wp-json\/wp\/v2\/media\/6040"}],"wp:attachment":[{"href":"https:\/\/pulso27.com\/en\/wp-json\/wp\/v2\/media?parent=6039"}],"wp:term":[{"taxonomy":"category","embeddable":true,"href":"https:\/\/pulso27.com\/en\/wp-json\/wp\/v2\/categories?post=6039"},{"taxonomy":"post_tag","embeddable":true,"href":"https:\/\/pulso27.com\/en\/wp-json\/wp\/v2\/tags?post=6039"}],"curies":[{"name":"wp","href":"https:\/\/api.w.org\/{rel}","templated":true}]}}