{"id":6069,"date":"2025-08-18T10:47:31","date_gmt":"2025-08-18T05:47:31","guid":{"rendered":"https:\/\/pulso27.com\/?p=6069"},"modified":"2025-08-18T10:47:36","modified_gmt":"2025-08-18T05:47:36","slug":"se-disuelve-la-alianza-entre-peru-moderno-y-salvemos-peru","status":"publish","type":"post","link":"https:\/\/pulso27.com\/en\/actualidad\/educacion\/se-disuelve-la-alianza-entre-peru-moderno-y-salvemos-peru\/","title":{"rendered":"Se disuelve la alianza entre Per\u00fa Moderno y Salvemos Per\u00fa"},"content":{"rendered":"<p>La alianza pol\u00edtica entre Ahora Naci\u00f3n, liderada por el exrector y excandidato presidencial Alfonso L\u00f3pez Chau, y el movimiento Salvemos al Per\u00fa qued\u00f3 oficialmente disuelta, seg\u00fan resoluciones del Jurado Nacional de Elecciones (JNE). El acuerdo, anunciado previamente como una estrategia conjunta para competir en las elecciones generales de 2026, se cancel\u00f3 debido a problemas administrativos y conflictos internos en Salvemos al Per\u00fa, incluyendo tr\u00e1mites pendientes y disputas entre su dirigencia. La decisi\u00f3n fue formalizada el 15 de agosto de 2025, tras el desistimiento de Ahora Naci\u00f3n ante el JNE.<\/p>\n\n\n\n<p>El rompimiento se origin\u00f3 por la suspensi\u00f3n inicial de la alianza por parte del JNE el 11 de agosto, debido a irregularidades en la inscripci\u00f3n de Salvemos al Per\u00fa, como la falta de actualizaci\u00f3n de su estatuto y conflictos entre su presidente, Guillermo Su\u00e1rez, y el personero legal, Julio C\u00e9sar Gamboa. Ahora Naci\u00f3n, liderada por Nelson Oswaldo Machuca Castillo, opt\u00f3 por retirarse tras no resolverse estos inconvenientes. Por su parte, Salvemos al Per\u00fa comunic\u00f3 al Registro de Organizaciones Pol\u00edticas su decisi\u00f3n de no formar parte de ninguna alianza electoral para 2026, marcando un giro en su estrategia.<\/p>\n\n\n\n<p>Con esta ruptura, ambas organizaciones enfrentan el desaf\u00edo de redefinir sus planes en un escenario pol\u00edtico fragmentado, donde superar la valla electoral ser\u00e1 clave. Ahora Naci\u00f3n ha anunciado su intenci\u00f3n de construir un frente social con organizaciones como Construcci\u00f3n Civil, SUTEP y CGTP, apelando a una \u00abalianza con el pueblo peruano\u00bb. Mientras tanto, Salvemos al Per\u00fa deber\u00e1 superar sus conflictos internos para consolidar su participaci\u00f3n independiente en los comicios, en un contexto de creciente competencia por el apoyo ciudadano.<\/p>","protected":false},"excerpt":{"rendered":"<p>La alianza pol\u00edtica entre Ahora Naci\u00f3n, liderada por el exrector y excandidato presidencial Alfonso L\u00f3pez Chau, y el movimiento Salvemos al Per\u00fa qued\u00f3 oficialmente disuelta, seg\u00fan resoluciones del Jurado Nacional de Elecciones (JNE). El acuerdo, anunciado previamente como una estrategia conjunta para competir en las elecciones generales de 2026, se cancel\u00f3 debido a problemas administrativos [&hellip;]<\/p>\n","protected":false},"author":13,"featured_media":6070,"comment_status":"open","ping_status":"open","sticky":false,"template":"","format":"standard","meta":{"footnotes":""},"categories":[808,174],"tags":[2421,2423,601,2422],"class_list":["post-6069","post","type-post","status-publish","format-standard","has-post-thumbnail","hentry","category-educacion","category-nacional","tag-ahora-nacion","tag-elecciones-generales-2026","tag-jne","tag-salvemos-al-peru"],"yoast_head":"<!-- This site is optimized with the Yoast SEO plugin v27.4 - https:\/\/yoast.com\/product\/yoast-seo-wordpress\/ -->\n<title>Se disuelve la alianza entre Per\u00fa Moderno y Salvemos Per\u00fa - Pulso27<\/title>\n<meta name=\"robots\" content=\"index, follow, max-snippet:-1, max-image-preview:large, max-video-preview:-1\" \/>\n<link rel=\"canonical\" href=\"https:\/\/pulso27.com\/en\/actualidad\/educacion\/se-disuelve-la-alianza-entre-peru-moderno-y-salvemos-peru\/\" \/>\n<meta property=\"og:locale\" content=\"en_US\" \/>\n<meta property=\"og:type\" content=\"article\" \/>\n<meta property=\"og:title\" content=\"Se disuelve la alianza entre Per\u00fa Moderno y Salvemos Per\u00fa - Pulso27\" \/>\n<meta property=\"og:description\" content=\"La alianza pol\u00edtica entre Ahora Naci\u00f3n, liderada por el exrector y excandidato presidencial Alfonso L\u00f3pez Chau, y el movimiento Salvemos al Per\u00fa qued\u00f3 oficialmente disuelta, seg\u00fan resoluciones del Jurado Nacional de Elecciones (JNE). El acuerdo, anunciado previamente como una estrategia conjunta para competir en las elecciones generales de 2026, se cancel\u00f3 debido a problemas administrativos [&hellip;]\" \/>\n<meta property=\"og:url\" content=\"https:\/\/pulso27.com\/en\/actualidad\/educacion\/se-disuelve-la-alianza-entre-peru-moderno-y-salvemos-peru\/\" \/>\n<meta property=\"og:site_name\" content=\"Pulso27\" \/>\n<meta property=\"article:publisher\" content=\"https:\/\/www.facebook.com\/pulso27\/\" \/>\n<meta property=\"article:published_time\" content=\"2025-08-18T05:47:31+00:00\" \/>\n<meta property=\"article:modified_time\" content=\"2025-08-18T05:47:36+00:00\" \/>\n<meta property=\"og:image\" content=\"https:\/\/pulso27.com\/wp-content\/uploads\/2025\/08\/Disolucion.png\" \/>\n\t<meta property=\"og:image:width\" content=\"1280\" \/>\n\t<meta property=\"og:image:height\" content=\"796\" \/>\n\t<meta property=\"og:image:type\" content=\"image\/png\" \/>\n<meta name=\"author\" content=\"Redactor\" \/>\n<meta name=\"twitter:card\" content=\"summary_large_image\" \/>\n<meta name=\"twitter:creator\" content=\"@Pulso_27\" \/>\n<meta name=\"twitter:site\" content=\"@Pulso_27\" \/>\n<meta name=\"twitter:label1\" content=\"Written by\" \/>\n\t<meta name=\"twitter:data1\" content=\"Redactor\" \/>\n\t<meta name=\"twitter:label2\" content=\"Est. reading time\" \/>\n\t<meta name=\"twitter:data2\" content=\"2 minutes\" \/>\n<script type=\"application\/ld+json\" class=\"yoast-schema-graph\">{\"@context\":\"https:\\\/\\\/schema.org\",\"@graph\":[{\"@type\":\"Article\",\"@id\":\"https:\\\/\\\/pulso27.com\\\/actualidad\\\/educacion\\\/se-disuelve-la-alianza-entre-peru-moderno-y-salvemos-peru\\\/#article\",\"isPartOf\":{\"@id\":\"https:\\\/\\\/pulso27.com\\\/actualidad\\\/educacion\\\/se-disuelve-la-alianza-entre-peru-moderno-y-salvemos-peru\\\/\"},\"author\":{\"name\":\"Redactor\",\"@id\":\"https:\\\/\\\/pulso27.com\\\/en\\\/#\\\/schema\\\/person\\\/bf5ee161e6c87f6c7d57f5e689ef8526\"},\"headline\":\"Se disuelve la alianza entre Per\u00fa Moderno y Salvemos Per\u00fa\",\"datePublished\":\"2025-08-18T05:47:31+00:00\",\"dateModified\":\"2025-08-18T05:47:36+00:00\",\"mainEntityOfPage\":{\"@id\":\"https:\\\/\\\/pulso27.com\\\/actualidad\\\/educacion\\\/se-disuelve-la-alianza-entre-peru-moderno-y-salvemos-peru\\\/\"},\"wordCount\":291,\"commentCount\":0,\"publisher\":{\"@id\":\"https:\\\/\\\/pulso27.com\\\/en\\\/#organization\"},\"image\":{\"@id\":\"https:\\\/\\\/pulso27.com\\\/actualidad\\\/educacion\\\/se-disuelve-la-alianza-entre-peru-moderno-y-salvemos-peru\\\/#primaryimage\"},\"thumbnailUrl\":\"https:\\\/\\\/pulso27.com\\\/wp-content\\\/uploads\\\/2025\\\/08\\\/Disolucion.png\",\"keywords\":[\"Ahora Naci\u00f3n\",\"Elecciones Generales 2026\",\"JNE\",\"Salvemos al Per\u00fa\"],\"articleSection\":[\"Educaci\u00f3n\",\"Nacional\"],\"inLanguage\":\"en-US\",\"potentialAction\":[{\"@type\":\"CommentAction\",\"name\":\"Comment\",\"target\":[\"https:\\\/\\\/pulso27.com\\\/actualidad\\\/educacion\\\/se-disuelve-la-alianza-entre-peru-moderno-y-salvemos-peru\\\/#respond\"]}]},{\"@type\":\"WebPage\",\"@id\":\"https:\\\/\\\/pulso27.com\\\/actualidad\\\/educacion\\\/se-disuelve-la-alianza-entre-peru-moderno-y-salvemos-peru\\\/\",\"url\":\"https:\\\/\\\/pulso27.com\\\/actualidad\\\/educacion\\\/se-disuelve-la-alianza-entre-peru-moderno-y-salvemos-peru\\\/\",\"name\":\"Se disuelve la alianza entre Per\u00fa Moderno y Salvemos Per\u00fa - Pulso27\",\"isPartOf\":{\"@id\":\"https:\\\/\\\/pulso27.com\\\/en\\\/#website\"},\"primaryImageOfPage\":{\"@id\":\"https:\\\/\\\/pulso27.com\\\/actualidad\\\/educacion\\\/se-disuelve-la-alianza-entre-peru-moderno-y-salvemos-peru\\\/#primaryimage\"},\"image\":{\"@id\":\"https:\\\/\\\/pulso27.com\\\/actualidad\\\/educacion\\\/se-disuelve-la-alianza-entre-peru-moderno-y-salvemos-peru\\\/#primaryimage\"},\"thumbnailUrl\":\"https:\\\/\\\/pulso27.com\\\/wp-content\\\/uploads\\\/2025\\\/08\\\/Disolucion.png\",\"datePublished\":\"2025-08-18T05:47:31+00:00\",\"dateModified\":\"2025-08-18T05:47:36+00:00\",\"breadcrumb\":{\"@id\":\"https:\\\/\\\/pulso27.com\\\/actualidad\\\/educacion\\\/se-disuelve-la-alianza-entre-peru-moderno-y-salvemos-peru\\\/#breadcrumb\"},\"inLanguage\":\"en-US\",\"potentialAction\":[{\"@type\":\"ReadAction\",\"target\":[\"https:\\\/\\\/pulso27.com\\\/actualidad\\\/educacion\\\/se-disuelve-la-alianza-entre-peru-moderno-y-salvemos-peru\\\/\"]}]},{\"@type\":\"ImageObject\",\"inLanguage\":\"en-US\",\"@id\":\"https:\\\/\\\/pulso27.com\\\/actualidad\\\/educacion\\\/se-disuelve-la-alianza-entre-peru-moderno-y-salvemos-peru\\\/#primaryimage\",\"url\":\"https:\\\/\\\/pulso27.com\\\/wp-content\\\/uploads\\\/2025\\\/08\\\/Disolucion.png\",\"contentUrl\":\"https:\\\/\\\/pulso27.com\\\/wp-content\\\/uploads\\\/2025\\\/08\\\/Disolucion.png\",\"width\":1280,\"height\":796},{\"@type\":\"BreadcrumbList\",\"@id\":\"https:\\\/\\\/pulso27.com\\\/actualidad\\\/educacion\\\/se-disuelve-la-alianza-entre-peru-moderno-y-salvemos-peru\\\/#breadcrumb\",\"itemListElement\":[{\"@type\":\"ListItem\",\"position\":1,\"name\":\"Portada\",\"item\":\"https:\\\/\\\/pulso27.com\\\/\"},{\"@type\":\"ListItem\",\"position\":2,\"name\":\"Se disuelve la alianza entre Per\u00fa Moderno y Salvemos Per\u00fa\"}]},{\"@type\":\"WebSite\",\"@id\":\"https:\\\/\\\/pulso27.com\\\/en\\\/#website\",\"url\":\"https:\\\/\\\/pulso27.com\\\/en\\\/\",\"name\":\"Pulso27\",\"description\":\"Web de noticias y publicidad\",\"publisher\":{\"@id\":\"https:\\\/\\\/pulso27.com\\\/en\\\/#organization\"},\"alternateName\":\"El pulso del pueblo\",\"potentialAction\":[{\"@type\":\"SearchAction\",\"target\":{\"@type\":\"EntryPoint\",\"urlTemplate\":\"https:\\\/\\\/pulso27.com\\\/en\\\/?s={search_term_string}\"},\"query-input\":{\"@type\":\"PropertyValueSpecification\",\"valueRequired\":true,\"valueName\":\"search_term_string\"}}],\"inLanguage\":\"en-US\"},{\"@type\":\"Organization\",\"@id\":\"https:\\\/\\\/pulso27.com\\\/en\\\/#organization\",\"name\":\"Pulso27\",\"url\":\"https:\\\/\\\/pulso27.com\\\/en\\\/\",\"logo\":{\"@type\":\"ImageObject\",\"inLanguage\":\"en-US\",\"@id\":\"https:\\\/\\\/pulso27.com\\\/en\\\/#\\\/schema\\\/logo\\\/image\\\/\",\"url\":\"https:\\\/\\\/pulso27.com\\\/wp-content\\\/uploads\\\/2026\\\/02\\\/Logotipo-de-la-organizacion-696-x-696-px-ok.png\",\"contentUrl\":\"https:\\\/\\\/pulso27.com\\\/wp-content\\\/uploads\\\/2026\\\/02\\\/Logotipo-de-la-organizacion-696-x-696-px-ok.png\",\"width\":696,\"height\":696,\"caption\":\"Pulso27\"},\"image\":{\"@id\":\"https:\\\/\\\/pulso27.com\\\/en\\\/#\\\/schema\\\/logo\\\/image\\\/\"},\"sameAs\":[\"https:\\\/\\\/www.facebook.com\\\/pulso27\\\/\",\"https:\\\/\\\/x.com\\\/Pulso_27\",\"https:\\\/\\\/www.youtube.com\\\/@Pulso27\",\"https:\\\/\\\/www.tiktok.com\\\/@pulso_27\"]},{\"@type\":\"Person\",\"@id\":\"https:\\\/\\\/pulso27.com\\\/en\\\/#\\\/schema\\\/person\\\/bf5ee161e6c87f6c7d57f5e689ef8526\",\"name\":\"Redactor\",\"image\":{\"@type\":\"ImageObject\",\"inLanguage\":\"en-US\",\"@id\":\"https:\\\/\\\/pulso27.com\\\/wp-content\\\/uploads\\\/2025\\\/03\\\/a-150x150.png\",\"url\":\"https:\\\/\\\/pulso27.com\\\/wp-content\\\/uploads\\\/2025\\\/03\\\/a-150x150.png\",\"contentUrl\":\"https:\\\/\\\/pulso27.com\\\/wp-content\\\/uploads\\\/2025\\\/03\\\/a-150x150.png\",\"caption\":\"Redactor\"},\"sameAs\":[\"http:\\\/\\\/www.pulso27.com\"],\"url\":\"https:\\\/\\\/pulso27.com\\\/en\\\/author\\\/redactor\\\/\"}]}<\/script>\n<!-- \/ Yoast SEO plugin. -->","yoast_head_json":{"title":"Se disuelve la alianza entre Per\u00fa Moderno y Salvemos Per\u00fa - Pulso27","robots":{"index":"index","follow":"follow","max-snippet":"max-snippet:-1","max-image-preview":"max-image-preview:large","max-video-preview":"max-video-preview:-1"},"canonical":"https:\/\/pulso27.com\/en\/actualidad\/educacion\/se-disuelve-la-alianza-entre-peru-moderno-y-salvemos-peru\/","og_locale":"en_US","og_type":"article","og_title":"Se disuelve la alianza entre Per\u00fa Moderno y Salvemos Per\u00fa - Pulso27","og_description":"La alianza pol\u00edtica entre Ahora Naci\u00f3n, liderada por el exrector y excandidato presidencial Alfonso L\u00f3pez Chau, y el movimiento Salvemos al Per\u00fa qued\u00f3 oficialmente disuelta, seg\u00fan resoluciones del Jurado Nacional de Elecciones (JNE). El acuerdo, anunciado previamente como una estrategia conjunta para competir en las elecciones generales de 2026, se cancel\u00f3 debido a problemas administrativos [&hellip;]","og_url":"https:\/\/pulso27.com\/en\/actualidad\/educacion\/se-disuelve-la-alianza-entre-peru-moderno-y-salvemos-peru\/","og_site_name":"Pulso27","article_publisher":"https:\/\/www.facebook.com\/pulso27\/","article_published_time":"2025-08-18T05:47:31+00:00","article_modified_time":"2025-08-18T05:47:36+00:00","og_image":[{"width":1280,"height":796,"url":"https:\/\/pulso27.com\/wp-content\/uploads\/2025\/08\/Disolucion.png","type":"image\/png"}],"author":"Redactor","twitter_card":"summary_large_image","twitter_creator":"@Pulso_27","twitter_site":"@Pulso_27","twitter_misc":{"Written by":"Redactor","Est. reading time":"2 minutes"},"schema":{"@context":"https:\/\/schema.org","@graph":[{"@type":"Article","@id":"https:\/\/pulso27.com\/actualidad\/educacion\/se-disuelve-la-alianza-entre-peru-moderno-y-salvemos-peru\/#article","isPartOf":{"@id":"https:\/\/pulso27.com\/actualidad\/educacion\/se-disuelve-la-alianza-entre-peru-moderno-y-salvemos-peru\/"},"author":{"name":"Redactor","@id":"https:\/\/pulso27.com\/en\/#\/schema\/person\/bf5ee161e6c87f6c7d57f5e689ef8526"},"headline":"Se disuelve la alianza entre Per\u00fa Moderno y Salvemos Per\u00fa","datePublished":"2025-08-18T05:47:31+00:00","dateModified":"2025-08-18T05:47:36+00:00","mainEntityOfPage":{"@id":"https:\/\/pulso27.com\/actualidad\/educacion\/se-disuelve-la-alianza-entre-peru-moderno-y-salvemos-peru\/"},"wordCount":291,"commentCount":0,"publisher":{"@id":"https:\/\/pulso27.com\/en\/#organization"},"image":{"@id":"https:\/\/pulso27.com\/actualidad\/educacion\/se-disuelve-la-alianza-entre-peru-moderno-y-salvemos-peru\/#primaryimage"},"thumbnailUrl":"https:\/\/pulso27.com\/wp-content\/uploads\/2025\/08\/Disolucion.png","keywords":["Ahora Naci\u00f3n","Elecciones Generales 2026","JNE","Salvemos al Per\u00fa"],"articleSection":["Educaci\u00f3n","Nacional"],"inLanguage":"en-US","potentialAction":[{"@type":"CommentAction","name":"Comment","target":["https:\/\/pulso27.com\/actualidad\/educacion\/se-disuelve-la-alianza-entre-peru-moderno-y-salvemos-peru\/#respond"]}]},{"@type":"WebPage","@id":"https:\/\/pulso27.com\/actualidad\/educacion\/se-disuelve-la-alianza-entre-peru-moderno-y-salvemos-peru\/","url":"https:\/\/pulso27.com\/actualidad\/educacion\/se-disuelve-la-alianza-entre-peru-moderno-y-salvemos-peru\/","name":"Se disuelve la alianza entre Per\u00fa Moderno y Salvemos Per\u00fa - Pulso27","isPartOf":{"@id":"https:\/\/pulso27.com\/en\/#website"},"primaryImageOfPage":{"@id":"https:\/\/pulso27.com\/actualidad\/educacion\/se-disuelve-la-alianza-entre-peru-moderno-y-salvemos-peru\/#primaryimage"},"image":{"@id":"https:\/\/pulso27.com\/actualidad\/educacion\/se-disuelve-la-alianza-entre-peru-moderno-y-salvemos-peru\/#primaryimage"},"thumbnailUrl":"https:\/\/pulso27.com\/wp-content\/uploads\/2025\/08\/Disolucion.png","datePublished":"2025-08-18T05:47:31+00:00","dateModified":"2025-08-18T05:47:36+00:00","breadcrumb":{"@id":"https:\/\/pulso27.com\/actualidad\/educacion\/se-disuelve-la-alianza-entre-peru-moderno-y-salvemos-peru\/#breadcrumb"},"inLanguage":"en-US","potentialAction":[{"@type":"ReadAction","target":["https:\/\/pulso27.com\/actualidad\/educacion\/se-disuelve-la-alianza-entre-peru-moderno-y-salvemos-peru\/"]}]},{"@type":"ImageObject","inLanguage":"en-US","@id":"https:\/\/pulso27.com\/actualidad\/educacion\/se-disuelve-la-alianza-entre-peru-moderno-y-salvemos-peru\/#primaryimage","url":"https:\/\/pulso27.com\/wp-content\/uploads\/2025\/08\/Disolucion.png","contentUrl":"https:\/\/pulso27.com\/wp-content\/uploads\/2025\/08\/Disolucion.png","width":1280,"height":796},{"@type":"BreadcrumbList","@id":"https:\/\/pulso27.com\/actualidad\/educacion\/se-disuelve-la-alianza-entre-peru-moderno-y-salvemos-peru\/#breadcrumb","itemListElement":[{"@type":"ListItem","position":1,"name":"Portada","item":"https:\/\/pulso27.com\/"},{"@type":"ListItem","position":2,"name":"Se disuelve la alianza entre Per\u00fa Moderno y Salvemos Per\u00fa"}]},{"@type":"WebSite","@id":"https:\/\/pulso27.com\/en\/#website","url":"https:\/\/pulso27.com\/en\/","name":"Pulso27","description":"Web de noticias y publicidad","publisher":{"@id":"https:\/\/pulso27.com\/en\/#organization"},"alternateName":"El pulso del pueblo","potentialAction":[{"@type":"SearchAction","target":{"@type":"EntryPoint","urlTemplate":"https:\/\/pulso27.com\/en\/?s={search_term_string}"},"query-input":{"@type":"PropertyValueSpecification","valueRequired":true,"valueName":"search_term_string"}}],"inLanguage":"en-US"},{"@type":"Organization","@id":"https:\/\/pulso27.com\/en\/#organization","name":"Pulso27","url":"https:\/\/pulso27.com\/en\/","logo":{"@type":"ImageObject","inLanguage":"en-US","@id":"https:\/\/pulso27.com\/en\/#\/schema\/logo\/image\/","url":"https:\/\/pulso27.com\/wp-content\/uploads\/2026\/02\/Logotipo-de-la-organizacion-696-x-696-px-ok.png","contentUrl":"https:\/\/pulso27.com\/wp-content\/uploads\/2026\/02\/Logotipo-de-la-organizacion-696-x-696-px-ok.png","width":696,"height":696,"caption":"Pulso27"},"image":{"@id":"https:\/\/pulso27.com\/en\/#\/schema\/logo\/image\/"},"sameAs":["https:\/\/www.facebook.com\/pulso27\/","https:\/\/x.com\/Pulso_27","https:\/\/www.youtube.com\/@Pulso27","https:\/\/www.tiktok.com\/@pulso_27"]},{"@type":"Person","@id":"https:\/\/pulso27.com\/en\/#\/schema\/person\/bf5ee161e6c87f6c7d57f5e689ef8526","name":"Redactor","image":{"@type":"ImageObject","inLanguage":"en-US","@id":"https:\/\/pulso27.com\/wp-content\/uploads\/2025\/03\/a-150x150.png","url":"https:\/\/pulso27.com\/wp-content\/uploads\/2025\/03\/a-150x150.png","contentUrl":"https:\/\/pulso27.com\/wp-content\/uploads\/2025\/03\/a-150x150.png","caption":"Redactor"},"sameAs":["http:\/\/www.pulso27.com"],"url":"https:\/\/pulso27.com\/en\/author\/redactor\/"}]}},"amp_enabled":true,"_links":{"self":[{"href":"https:\/\/pulso27.com\/en\/wp-json\/wp\/v2\/posts\/6069","targetHints":{"allow":["GET"]}}],"collection":[{"href":"https:\/\/pulso27.com\/en\/wp-json\/wp\/v2\/posts"}],"about":[{"href":"https:\/\/pulso27.com\/en\/wp-json\/wp\/v2\/types\/post"}],"author":[{"embeddable":true,"href":"https:\/\/pulso27.com\/en\/wp-json\/wp\/v2\/users\/13"}],"replies":[{"embeddable":true,"href":"https:\/\/pulso27.com\/en\/wp-json\/wp\/v2\/comments?post=6069"}],"version-history":[{"count":1,"href":"https:\/\/pulso27.com\/en\/wp-json\/wp\/v2\/posts\/6069\/revisions"}],"predecessor-version":[{"id":6071,"href":"https:\/\/pulso27.com\/en\/wp-json\/wp\/v2\/posts\/6069\/revisions\/6071"}],"wp:featuredmedia":[{"embeddable":true,"href":"https:\/\/pulso27.com\/en\/wp-json\/wp\/v2\/media\/6070"}],"wp:attachment":[{"href":"https:\/\/pulso27.com\/en\/wp-json\/wp\/v2\/media?parent=6069"}],"wp:term":[{"taxonomy":"category","embeddable":true,"href":"https:\/\/pulso27.com\/en\/wp-json\/wp\/v2\/categories?post=6069"},{"taxonomy":"post_tag","embeddable":true,"href":"https:\/\/pulso27.com\/en\/wp-json\/wp\/v2\/tags?post=6069"}],"curies":[{"name":"wp","href":"https:\/\/api.w.org\/{rel}","templated":true}]}}