{"id":6089,"date":"2025-08-19T08:01:23","date_gmt":"2025-08-19T03:01:23","guid":{"rendered":"https:\/\/pulso27.com\/?p=6089"},"modified":"2025-08-19T08:01:29","modified_gmt":"2025-08-19T03:01:29","slug":"corte-suprema-de-peru-rechaza-apelacion-de-pedro-castillo-para-salir-de-prision","status":"publish","type":"post","link":"https:\/\/pulso27.com\/en\/actualidad\/educacion\/corte-suprema-de-peru-rechaza-apelacion-de-pedro-castillo-para-salir-de-prision\/","title":{"rendered":"Corte Suprema de Per\u00fa rechaza apelaci\u00f3n de Pedro Castillo para salir de prisi\u00f3n"},"content":{"rendered":"<p>La Sala Penal Permanente de la Corte Suprema de Per\u00fa rechaz\u00f3 por unanimidad el recurso de apelaci\u00f3n presentado por la defensa del expresidente Pedro Castillo, quien solicitaba el cese de la prisi\u00f3n preventiva que cumple en el penal de Barbadillo. La decisi\u00f3n, tomada este lunes 18 de agosto de 2025, ratifica la medida impuesta tras el intento de golpe de Estado de diciembre de 2022, por el cual Castillo enfrenta cargos por el presunto delito de rebeli\u00f3n. La defensa argument\u00f3 que la prisi\u00f3n preventiva fue solicitada por fiscales adjuntos sin competencia, pero el tribunal desestim\u00f3 este planteamiento, manteniendo la reclusi\u00f3n del exmandatario.<\/p>\n\n\n\n<p>Castillo, quien gobern\u00f3 Per\u00fa entre julio de 2021 y diciembre de 2022, permanece en prisi\u00f3n preventiva mientras avanza el juicio oral en su contra, con una solicitud fiscal que pide 34 a\u00f1os de c\u00e1rcel por el delito de rebeli\u00f3n. Adem\u00e1s, enfrenta otra medida de prisi\u00f3n preventiva de 36 meses por cargos relacionados con organizaci\u00f3n criminal, tr\u00e1fico de influencias y colusi\u00f3n. Estas acusaciones se derivan de presuntas irregularidades durante su gesti\u00f3n, lo que ha generado un amplio debate sobre su situaci\u00f3n judicial y pol\u00edtica en el pa\u00eds.<\/p>\n\n\n\n<p>La resoluci\u00f3n de la Corte Suprema refuerza la postura de las autoridades judiciales peruanas en este caso de alto perfil, que contin\u00faa polarizando a la opini\u00f3n p\u00fablica. Mientras la defensa de Castillo eval\u00faa nuevas acciones legales, el proceso judicial sigue su curso, con el expresidente enfrentando m\u00faltiples investigaciones que podr\u00edan definir su futuro en los pr\u00f3ximos a\u00f1os. La ciudadan\u00eda permanece atenta a los desarrollos de este caso, que marca un cap\u00edtulo significativo en la historia pol\u00edtica reciente de Per\u00fa.<\/p>","protected":false},"excerpt":{"rendered":"<p>La Sala Penal Permanente de la Corte Suprema de Per\u00fa rechaz\u00f3 por unanimidad el recurso de apelaci\u00f3n presentado por la defensa del expresidente Pedro Castillo, quien solicitaba el cese de la prisi\u00f3n preventiva que cumple en el penal de Barbadillo. La decisi\u00f3n, tomada este lunes 18 de agosto de 2025, ratifica la medida impuesta tras [&hellip;]<\/p>\n","protected":false},"author":13,"featured_media":6090,"comment_status":"open","ping_status":"open","sticky":false,"template":"","format":"standard","meta":{"footnotes":""},"categories":[808,174],"tags":[2433,2431,2430,2432],"class_list":["post-6089","post","type-post","status-publish","format-standard","has-post-thumbnail","hentry","category-educacion","category-nacional","tag-barbadillo","tag-corte-suprema","tag-pedro-castillo-terrones","tag-prision-preventiva"],"yoast_head":"<!-- This site is optimized with the Yoast SEO plugin v27.4 - https:\/\/yoast.com\/product\/yoast-seo-wordpress\/ -->\n<title>Corte Suprema de Per\u00fa rechaza apelaci\u00f3n de Pedro Castillo para salir de prisi\u00f3n - Pulso27<\/title>\n<meta name=\"robots\" content=\"index, follow, max-snippet:-1, max-image-preview:large, max-video-preview:-1\" \/>\n<link rel=\"canonical\" href=\"https:\/\/pulso27.com\/en\/actualidad\/educacion\/corte-suprema-de-peru-rechaza-apelacion-de-pedro-castillo-para-salir-de-prision\/\" \/>\n<meta property=\"og:locale\" content=\"en_US\" \/>\n<meta property=\"og:type\" content=\"article\" \/>\n<meta property=\"og:title\" content=\"Corte Suprema de Per\u00fa rechaza apelaci\u00f3n de Pedro Castillo para salir de prisi\u00f3n - Pulso27\" \/>\n<meta property=\"og:description\" content=\"La Sala Penal Permanente de la Corte Suprema de Per\u00fa rechaz\u00f3 por unanimidad el recurso de apelaci\u00f3n presentado por la defensa del expresidente Pedro Castillo, quien solicitaba el cese de la prisi\u00f3n preventiva que cumple en el penal de Barbadillo. La decisi\u00f3n, tomada este lunes 18 de agosto de 2025, ratifica la medida impuesta tras [&hellip;]\" \/>\n<meta property=\"og:url\" content=\"https:\/\/pulso27.com\/en\/actualidad\/educacion\/corte-suprema-de-peru-rechaza-apelacion-de-pedro-castillo-para-salir-de-prision\/\" \/>\n<meta property=\"og:site_name\" content=\"Pulso27\" \/>\n<meta property=\"article:publisher\" content=\"https:\/\/www.facebook.com\/pulso27\/\" \/>\n<meta property=\"article:published_time\" content=\"2025-08-19T03:01:23+00:00\" \/>\n<meta property=\"article:modified_time\" content=\"2025-08-19T03:01:29+00:00\" \/>\n<meta property=\"og:image\" content=\"https:\/\/pulso27.com\/wp-content\/uploads\/2025\/08\/PedroCa.png\" \/>\n\t<meta property=\"og:image:width\" content=\"1280\" \/>\n\t<meta property=\"og:image:height\" content=\"800\" \/>\n\t<meta property=\"og:image:type\" content=\"image\/png\" \/>\n<meta name=\"author\" content=\"Redactor\" \/>\n<meta name=\"twitter:card\" content=\"summary_large_image\" \/>\n<meta name=\"twitter:creator\" content=\"@Pulso_27\" \/>\n<meta name=\"twitter:site\" content=\"@Pulso_27\" \/>\n<meta name=\"twitter:label1\" content=\"Written by\" \/>\n\t<meta name=\"twitter:data1\" content=\"Redactor\" \/>\n\t<meta name=\"twitter:label2\" content=\"Est. reading time\" \/>\n\t<meta name=\"twitter:data2\" content=\"2 minutes\" \/>\n<script type=\"application\/ld+json\" class=\"yoast-schema-graph\">{\"@context\":\"https:\\\/\\\/schema.org\",\"@graph\":[{\"@type\":\"Article\",\"@id\":\"https:\\\/\\\/pulso27.com\\\/actualidad\\\/educacion\\\/corte-suprema-de-peru-rechaza-apelacion-de-pedro-castillo-para-salir-de-prision\\\/#article\",\"isPartOf\":{\"@id\":\"https:\\\/\\\/pulso27.com\\\/actualidad\\\/educacion\\\/corte-suprema-de-peru-rechaza-apelacion-de-pedro-castillo-para-salir-de-prision\\\/\"},\"author\":{\"name\":\"Redactor\",\"@id\":\"https:\\\/\\\/pulso27.com\\\/en\\\/#\\\/schema\\\/person\\\/bf5ee161e6c87f6c7d57f5e689ef8526\"},\"headline\":\"Corte Suprema de Per\u00fa rechaza apelaci\u00f3n de Pedro Castillo para salir de prisi\u00f3n\",\"datePublished\":\"2025-08-19T03:01:23+00:00\",\"dateModified\":\"2025-08-19T03:01:29+00:00\",\"mainEntityOfPage\":{\"@id\":\"https:\\\/\\\/pulso27.com\\\/actualidad\\\/educacion\\\/corte-suprema-de-peru-rechaza-apelacion-de-pedro-castillo-para-salir-de-prision\\\/\"},\"wordCount\":306,\"commentCount\":0,\"publisher\":{\"@id\":\"https:\\\/\\\/pulso27.com\\\/en\\\/#organization\"},\"image\":{\"@id\":\"https:\\\/\\\/pulso27.com\\\/actualidad\\\/educacion\\\/corte-suprema-de-peru-rechaza-apelacion-de-pedro-castillo-para-salir-de-prision\\\/#primaryimage\"},\"thumbnailUrl\":\"https:\\\/\\\/pulso27.com\\\/wp-content\\\/uploads\\\/2025\\\/08\\\/PedroCa.png\",\"keywords\":[\"Barbadillo\",\"Corte Suprema\",\"Pedro Castillo Terrones\",\"Prisi\u00f3n Preventiva\"],\"articleSection\":[\"Educaci\u00f3n\",\"Nacional\"],\"inLanguage\":\"en-US\",\"potentialAction\":[{\"@type\":\"CommentAction\",\"name\":\"Comment\",\"target\":[\"https:\\\/\\\/pulso27.com\\\/actualidad\\\/educacion\\\/corte-suprema-de-peru-rechaza-apelacion-de-pedro-castillo-para-salir-de-prision\\\/#respond\"]}]},{\"@type\":\"WebPage\",\"@id\":\"https:\\\/\\\/pulso27.com\\\/actualidad\\\/educacion\\\/corte-suprema-de-peru-rechaza-apelacion-de-pedro-castillo-para-salir-de-prision\\\/\",\"url\":\"https:\\\/\\\/pulso27.com\\\/actualidad\\\/educacion\\\/corte-suprema-de-peru-rechaza-apelacion-de-pedro-castillo-para-salir-de-prision\\\/\",\"name\":\"Corte Suprema de Per\u00fa rechaza apelaci\u00f3n de Pedro Castillo para salir de prisi\u00f3n - Pulso27\",\"isPartOf\":{\"@id\":\"https:\\\/\\\/pulso27.com\\\/en\\\/#website\"},\"primaryImageOfPage\":{\"@id\":\"https:\\\/\\\/pulso27.com\\\/actualidad\\\/educacion\\\/corte-suprema-de-peru-rechaza-apelacion-de-pedro-castillo-para-salir-de-prision\\\/#primaryimage\"},\"image\":{\"@id\":\"https:\\\/\\\/pulso27.com\\\/actualidad\\\/educacion\\\/corte-suprema-de-peru-rechaza-apelacion-de-pedro-castillo-para-salir-de-prision\\\/#primaryimage\"},\"thumbnailUrl\":\"https:\\\/\\\/pulso27.com\\\/wp-content\\\/uploads\\\/2025\\\/08\\\/PedroCa.png\",\"datePublished\":\"2025-08-19T03:01:23+00:00\",\"dateModified\":\"2025-08-19T03:01:29+00:00\",\"breadcrumb\":{\"@id\":\"https:\\\/\\\/pulso27.com\\\/actualidad\\\/educacion\\\/corte-suprema-de-peru-rechaza-apelacion-de-pedro-castillo-para-salir-de-prision\\\/#breadcrumb\"},\"inLanguage\":\"en-US\",\"potentialAction\":[{\"@type\":\"ReadAction\",\"target\":[\"https:\\\/\\\/pulso27.com\\\/actualidad\\\/educacion\\\/corte-suprema-de-peru-rechaza-apelacion-de-pedro-castillo-para-salir-de-prision\\\/\"]}]},{\"@type\":\"ImageObject\",\"inLanguage\":\"en-US\",\"@id\":\"https:\\\/\\\/pulso27.com\\\/actualidad\\\/educacion\\\/corte-suprema-de-peru-rechaza-apelacion-de-pedro-castillo-para-salir-de-prision\\\/#primaryimage\",\"url\":\"https:\\\/\\\/pulso27.com\\\/wp-content\\\/uploads\\\/2025\\\/08\\\/PedroCa.png\",\"contentUrl\":\"https:\\\/\\\/pulso27.com\\\/wp-content\\\/uploads\\\/2025\\\/08\\\/PedroCa.png\",\"width\":1280,\"height\":800},{\"@type\":\"BreadcrumbList\",\"@id\":\"https:\\\/\\\/pulso27.com\\\/actualidad\\\/educacion\\\/corte-suprema-de-peru-rechaza-apelacion-de-pedro-castillo-para-salir-de-prision\\\/#breadcrumb\",\"itemListElement\":[{\"@type\":\"ListItem\",\"position\":1,\"name\":\"Portada\",\"item\":\"https:\\\/\\\/pulso27.com\\\/\"},{\"@type\":\"ListItem\",\"position\":2,\"name\":\"Corte Suprema de Per\u00fa rechaza apelaci\u00f3n de Pedro Castillo para salir de prisi\u00f3n\"}]},{\"@type\":\"WebSite\",\"@id\":\"https:\\\/\\\/pulso27.com\\\/en\\\/#website\",\"url\":\"https:\\\/\\\/pulso27.com\\\/en\\\/\",\"name\":\"Pulso27\",\"description\":\"Web de noticias y publicidad\",\"publisher\":{\"@id\":\"https:\\\/\\\/pulso27.com\\\/en\\\/#organization\"},\"alternateName\":\"El pulso del pueblo\",\"potentialAction\":[{\"@type\":\"SearchAction\",\"target\":{\"@type\":\"EntryPoint\",\"urlTemplate\":\"https:\\\/\\\/pulso27.com\\\/en\\\/?s={search_term_string}\"},\"query-input\":{\"@type\":\"PropertyValueSpecification\",\"valueRequired\":true,\"valueName\":\"search_term_string\"}}],\"inLanguage\":\"en-US\"},{\"@type\":\"Organization\",\"@id\":\"https:\\\/\\\/pulso27.com\\\/en\\\/#organization\",\"name\":\"Pulso27\",\"url\":\"https:\\\/\\\/pulso27.com\\\/en\\\/\",\"logo\":{\"@type\":\"ImageObject\",\"inLanguage\":\"en-US\",\"@id\":\"https:\\\/\\\/pulso27.com\\\/en\\\/#\\\/schema\\\/logo\\\/image\\\/\",\"url\":\"https:\\\/\\\/pulso27.com\\\/wp-content\\\/uploads\\\/2026\\\/02\\\/Logotipo-de-la-organizacion-696-x-696-px-ok.png\",\"contentUrl\":\"https:\\\/\\\/pulso27.com\\\/wp-content\\\/uploads\\\/2026\\\/02\\\/Logotipo-de-la-organizacion-696-x-696-px-ok.png\",\"width\":696,\"height\":696,\"caption\":\"Pulso27\"},\"image\":{\"@id\":\"https:\\\/\\\/pulso27.com\\\/en\\\/#\\\/schema\\\/logo\\\/image\\\/\"},\"sameAs\":[\"https:\\\/\\\/www.facebook.com\\\/pulso27\\\/\",\"https:\\\/\\\/x.com\\\/Pulso_27\",\"https:\\\/\\\/www.youtube.com\\\/@Pulso27\",\"https:\\\/\\\/www.tiktok.com\\\/@pulso_27\"]},{\"@type\":\"Person\",\"@id\":\"https:\\\/\\\/pulso27.com\\\/en\\\/#\\\/schema\\\/person\\\/bf5ee161e6c87f6c7d57f5e689ef8526\",\"name\":\"Redactor\",\"image\":{\"@type\":\"ImageObject\",\"inLanguage\":\"en-US\",\"@id\":\"https:\\\/\\\/pulso27.com\\\/wp-content\\\/uploads\\\/2025\\\/03\\\/a-150x150.png\",\"url\":\"https:\\\/\\\/pulso27.com\\\/wp-content\\\/uploads\\\/2025\\\/03\\\/a-150x150.png\",\"contentUrl\":\"https:\\\/\\\/pulso27.com\\\/wp-content\\\/uploads\\\/2025\\\/03\\\/a-150x150.png\",\"caption\":\"Redactor\"},\"sameAs\":[\"http:\\\/\\\/www.pulso27.com\"],\"url\":\"https:\\\/\\\/pulso27.com\\\/en\\\/author\\\/redactor\\\/\"}]}<\/script>\n<!-- \/ Yoast SEO plugin. -->","yoast_head_json":{"title":"Corte Suprema de Per\u00fa rechaza apelaci\u00f3n de Pedro Castillo para salir de prisi\u00f3n - Pulso27","robots":{"index":"index","follow":"follow","max-snippet":"max-snippet:-1","max-image-preview":"max-image-preview:large","max-video-preview":"max-video-preview:-1"},"canonical":"https:\/\/pulso27.com\/en\/actualidad\/educacion\/corte-suprema-de-peru-rechaza-apelacion-de-pedro-castillo-para-salir-de-prision\/","og_locale":"en_US","og_type":"article","og_title":"Corte Suprema de Per\u00fa rechaza apelaci\u00f3n de Pedro Castillo para salir de prisi\u00f3n - Pulso27","og_description":"La Sala Penal Permanente de la Corte Suprema de Per\u00fa rechaz\u00f3 por unanimidad el recurso de apelaci\u00f3n presentado por la defensa del expresidente Pedro Castillo, quien solicitaba el cese de la prisi\u00f3n preventiva que cumple en el penal de Barbadillo. La decisi\u00f3n, tomada este lunes 18 de agosto de 2025, ratifica la medida impuesta tras [&hellip;]","og_url":"https:\/\/pulso27.com\/en\/actualidad\/educacion\/corte-suprema-de-peru-rechaza-apelacion-de-pedro-castillo-para-salir-de-prision\/","og_site_name":"Pulso27","article_publisher":"https:\/\/www.facebook.com\/pulso27\/","article_published_time":"2025-08-19T03:01:23+00:00","article_modified_time":"2025-08-19T03:01:29+00:00","og_image":[{"width":1280,"height":800,"url":"https:\/\/pulso27.com\/wp-content\/uploads\/2025\/08\/PedroCa.png","type":"image\/png"}],"author":"Redactor","twitter_card":"summary_large_image","twitter_creator":"@Pulso_27","twitter_site":"@Pulso_27","twitter_misc":{"Written by":"Redactor","Est. reading time":"2 minutes"},"schema":{"@context":"https:\/\/schema.org","@graph":[{"@type":"Article","@id":"https:\/\/pulso27.com\/actualidad\/educacion\/corte-suprema-de-peru-rechaza-apelacion-de-pedro-castillo-para-salir-de-prision\/#article","isPartOf":{"@id":"https:\/\/pulso27.com\/actualidad\/educacion\/corte-suprema-de-peru-rechaza-apelacion-de-pedro-castillo-para-salir-de-prision\/"},"author":{"name":"Redactor","@id":"https:\/\/pulso27.com\/en\/#\/schema\/person\/bf5ee161e6c87f6c7d57f5e689ef8526"},"headline":"Corte Suprema de Per\u00fa rechaza apelaci\u00f3n de Pedro Castillo para salir de prisi\u00f3n","datePublished":"2025-08-19T03:01:23+00:00","dateModified":"2025-08-19T03:01:29+00:00","mainEntityOfPage":{"@id":"https:\/\/pulso27.com\/actualidad\/educacion\/corte-suprema-de-peru-rechaza-apelacion-de-pedro-castillo-para-salir-de-prision\/"},"wordCount":306,"commentCount":0,"publisher":{"@id":"https:\/\/pulso27.com\/en\/#organization"},"image":{"@id":"https:\/\/pulso27.com\/actualidad\/educacion\/corte-suprema-de-peru-rechaza-apelacion-de-pedro-castillo-para-salir-de-prision\/#primaryimage"},"thumbnailUrl":"https:\/\/pulso27.com\/wp-content\/uploads\/2025\/08\/PedroCa.png","keywords":["Barbadillo","Corte Suprema","Pedro Castillo Terrones","Prisi\u00f3n Preventiva"],"articleSection":["Educaci\u00f3n","Nacional"],"inLanguage":"en-US","potentialAction":[{"@type":"CommentAction","name":"Comment","target":["https:\/\/pulso27.com\/actualidad\/educacion\/corte-suprema-de-peru-rechaza-apelacion-de-pedro-castillo-para-salir-de-prision\/#respond"]}]},{"@type":"WebPage","@id":"https:\/\/pulso27.com\/actualidad\/educacion\/corte-suprema-de-peru-rechaza-apelacion-de-pedro-castillo-para-salir-de-prision\/","url":"https:\/\/pulso27.com\/actualidad\/educacion\/corte-suprema-de-peru-rechaza-apelacion-de-pedro-castillo-para-salir-de-prision\/","name":"Corte Suprema de Per\u00fa rechaza apelaci\u00f3n de Pedro Castillo para salir de prisi\u00f3n - Pulso27","isPartOf":{"@id":"https:\/\/pulso27.com\/en\/#website"},"primaryImageOfPage":{"@id":"https:\/\/pulso27.com\/actualidad\/educacion\/corte-suprema-de-peru-rechaza-apelacion-de-pedro-castillo-para-salir-de-prision\/#primaryimage"},"image":{"@id":"https:\/\/pulso27.com\/actualidad\/educacion\/corte-suprema-de-peru-rechaza-apelacion-de-pedro-castillo-para-salir-de-prision\/#primaryimage"},"thumbnailUrl":"https:\/\/pulso27.com\/wp-content\/uploads\/2025\/08\/PedroCa.png","datePublished":"2025-08-19T03:01:23+00:00","dateModified":"2025-08-19T03:01:29+00:00","breadcrumb":{"@id":"https:\/\/pulso27.com\/actualidad\/educacion\/corte-suprema-de-peru-rechaza-apelacion-de-pedro-castillo-para-salir-de-prision\/#breadcrumb"},"inLanguage":"en-US","potentialAction":[{"@type":"ReadAction","target":["https:\/\/pulso27.com\/actualidad\/educacion\/corte-suprema-de-peru-rechaza-apelacion-de-pedro-castillo-para-salir-de-prision\/"]}]},{"@type":"ImageObject","inLanguage":"en-US","@id":"https:\/\/pulso27.com\/actualidad\/educacion\/corte-suprema-de-peru-rechaza-apelacion-de-pedro-castillo-para-salir-de-prision\/#primaryimage","url":"https:\/\/pulso27.com\/wp-content\/uploads\/2025\/08\/PedroCa.png","contentUrl":"https:\/\/pulso27.com\/wp-content\/uploads\/2025\/08\/PedroCa.png","width":1280,"height":800},{"@type":"BreadcrumbList","@id":"https:\/\/pulso27.com\/actualidad\/educacion\/corte-suprema-de-peru-rechaza-apelacion-de-pedro-castillo-para-salir-de-prision\/#breadcrumb","itemListElement":[{"@type":"ListItem","position":1,"name":"Portada","item":"https:\/\/pulso27.com\/"},{"@type":"ListItem","position":2,"name":"Corte Suprema de Per\u00fa rechaza apelaci\u00f3n de Pedro Castillo para salir de prisi\u00f3n"}]},{"@type":"WebSite","@id":"https:\/\/pulso27.com\/en\/#website","url":"https:\/\/pulso27.com\/en\/","name":"Pulso27","description":"Web de noticias y publicidad","publisher":{"@id":"https:\/\/pulso27.com\/en\/#organization"},"alternateName":"El pulso del pueblo","potentialAction":[{"@type":"SearchAction","target":{"@type":"EntryPoint","urlTemplate":"https:\/\/pulso27.com\/en\/?s={search_term_string}"},"query-input":{"@type":"PropertyValueSpecification","valueRequired":true,"valueName":"search_term_string"}}],"inLanguage":"en-US"},{"@type":"Organization","@id":"https:\/\/pulso27.com\/en\/#organization","name":"Pulso27","url":"https:\/\/pulso27.com\/en\/","logo":{"@type":"ImageObject","inLanguage":"en-US","@id":"https:\/\/pulso27.com\/en\/#\/schema\/logo\/image\/","url":"https:\/\/pulso27.com\/wp-content\/uploads\/2026\/02\/Logotipo-de-la-organizacion-696-x-696-px-ok.png","contentUrl":"https:\/\/pulso27.com\/wp-content\/uploads\/2026\/02\/Logotipo-de-la-organizacion-696-x-696-px-ok.png","width":696,"height":696,"caption":"Pulso27"},"image":{"@id":"https:\/\/pulso27.com\/en\/#\/schema\/logo\/image\/"},"sameAs":["https:\/\/www.facebook.com\/pulso27\/","https:\/\/x.com\/Pulso_27","https:\/\/www.youtube.com\/@Pulso27","https:\/\/www.tiktok.com\/@pulso_27"]},{"@type":"Person","@id":"https:\/\/pulso27.com\/en\/#\/schema\/person\/bf5ee161e6c87f6c7d57f5e689ef8526","name":"Redactor","image":{"@type":"ImageObject","inLanguage":"en-US","@id":"https:\/\/pulso27.com\/wp-content\/uploads\/2025\/03\/a-150x150.png","url":"https:\/\/pulso27.com\/wp-content\/uploads\/2025\/03\/a-150x150.png","contentUrl":"https:\/\/pulso27.com\/wp-content\/uploads\/2025\/03\/a-150x150.png","caption":"Redactor"},"sameAs":["http:\/\/www.pulso27.com"],"url":"https:\/\/pulso27.com\/en\/author\/redactor\/"}]}},"amp_enabled":true,"_links":{"self":[{"href":"https:\/\/pulso27.com\/en\/wp-json\/wp\/v2\/posts\/6089","targetHints":{"allow":["GET"]}}],"collection":[{"href":"https:\/\/pulso27.com\/en\/wp-json\/wp\/v2\/posts"}],"about":[{"href":"https:\/\/pulso27.com\/en\/wp-json\/wp\/v2\/types\/post"}],"author":[{"embeddable":true,"href":"https:\/\/pulso27.com\/en\/wp-json\/wp\/v2\/users\/13"}],"replies":[{"embeddable":true,"href":"https:\/\/pulso27.com\/en\/wp-json\/wp\/v2\/comments?post=6089"}],"version-history":[{"count":1,"href":"https:\/\/pulso27.com\/en\/wp-json\/wp\/v2\/posts\/6089\/revisions"}],"predecessor-version":[{"id":6091,"href":"https:\/\/pulso27.com\/en\/wp-json\/wp\/v2\/posts\/6089\/revisions\/6091"}],"wp:featuredmedia":[{"embeddable":true,"href":"https:\/\/pulso27.com\/en\/wp-json\/wp\/v2\/media\/6090"}],"wp:attachment":[{"href":"https:\/\/pulso27.com\/en\/wp-json\/wp\/v2\/media?parent=6089"}],"wp:term":[{"taxonomy":"category","embeddable":true,"href":"https:\/\/pulso27.com\/en\/wp-json\/wp\/v2\/categories?post=6089"},{"taxonomy":"post_tag","embeddable":true,"href":"https:\/\/pulso27.com\/en\/wp-json\/wp\/v2\/tags?post=6089"}],"curies":[{"name":"wp","href":"https:\/\/api.w.org\/{rel}","templated":true}]}}