{"id":6129,"date":"2025-08-25T09:57:24","date_gmt":"2025-08-25T04:57:24","guid":{"rendered":"https:\/\/pulso27.com\/?p=6129"},"modified":"2025-08-25T09:57:29","modified_gmt":"2025-08-25T04:57:29","slug":"jose-luna-galvez-es-acusado-de-liderar-organizacion-criminal-para-controlar-cnm-y-onpe","status":"publish","type":"post","link":"https:\/\/pulso27.com\/en\/actualidad\/educacion\/jose-luna-galvez-es-acusado-de-liderar-organizacion-criminal-para-controlar-cnm-y-onpe\/","title":{"rendered":"Jos\u00e9 Luna G\u00e1lvez es acusado de liderar organizaci\u00f3n criminal para controlar CNM y ONPE"},"content":{"rendered":"<p>La Fiscal\u00eda de la Naci\u00f3n ha presentado una grave acusaci\u00f3n contra el congresista Jos\u00e9 Luna G\u00e1lvez, fundador de Podemos Per\u00fa, se\u00f1al\u00e1ndolo como cabecilla de una organizaci\u00f3n criminal que oper\u00f3 entre 2014 y 2018 con el objetivo de controlar el Consejo Nacional de la Magistratura (CNM) y la Oficina Nacional de Procesos Electorales (ONPE). Seg\u00fan la investigaci\u00f3n, conocida como \u00abLos G\u00e1ngsters de la Pol\u00edtica\u00bb, Luna G\u00e1lvez habr\u00eda utilizado recursos de la Universidad Telesup para influir en el CNM, asegurando la designaci\u00f3n de Adolfo Castillo como jefe de la ONPE y facilitando la inscripci\u00f3n fraudulenta de su partido. La Fiscal\u00eda solicita 22 a\u00f1os y 8 meses de prisi\u00f3n para el parlamentario por los delitos de organizaci\u00f3n criminal y cohecho activo espec\u00edfico.<\/p>\n\n\n\n<p>El caso implica a 22 personas, incluyendo al hijo de Luna, Jos\u00e9 Luna Morales, para quien se piden 16 a\u00f1os y 4 meses de c\u00e1rcel, y exconsejeros del CNM como Guido \u00c1guila, con una solicitud de 26 a\u00f1os. La red habr\u00eda operado en tres fases: primero, copando el CNM con beneficios econ\u00f3micos; segundo, colocando funcionarios afines en la ONPE; y tercero, manipulando la verificaci\u00f3n de firmas para inscribir Podemos Per\u00fa. Entre las pruebas presentadas destacan cheques por casi S\/1.5 millones entregados a exconsejeros del CNM. Adem\u00e1s, se solicitan multas de S\/2.7 millones para Telesup y S\/1.3 millones para Podemos Per\u00fa, junto con inhabilitaciones para cargos p\u00fablicos.<\/p>\n\n\n\n<p>El proceso est\u00e1 en etapa de control de acusaci\u00f3n a cargo del juez Jorge Ch\u00e1vez Tamariz, quien determinar\u00e1 si el caso avanza a juicio oral. Luna G\u00e1lvez, quien enfrenta otras investigaciones por presuntos aportes ilegales de Odebrecht y OAS a Solidaridad Nacional, ha negado las acusaciones, calific\u00e1ndolas como persecuci\u00f3n pol\u00edtica. Este caso, destapado por Per\u00fa21 como parte de una serie investigativa, pone en el centro del debate la influencia de redes de poder en las instituciones electorales peruanas, generando expectativa sobre las pr\u00f3ximas revelaciones.<\/p>","protected":false},"excerpt":{"rendered":"<p>La Fiscal\u00eda de la Naci\u00f3n ha presentado una grave acusaci\u00f3n contra el congresista Jos\u00e9 Luna G\u00e1lvez, fundador de Podemos Per\u00fa, se\u00f1al\u00e1ndolo como cabecilla de una organizaci\u00f3n criminal que oper\u00f3 entre 2014 y 2018 con el objetivo de controlar el Consejo Nacional de la Magistratura (CNM) y la Oficina Nacional de Procesos Electorales (ONPE). Seg\u00fan la [&hellip;]<\/p>\n","protected":false},"author":7,"featured_media":6130,"comment_status":"open","ping_status":"open","sticky":false,"template":"","format":"standard","meta":{"footnotes":""},"categories":[808,174],"tags":[2382,2408,2177,2442,2443],"class_list":["post-6129","post","type-post","status-publish","format-standard","has-post-thumbnail","hentry","category-educacion","category-nacional","tag-jose-luna-galvez","tag-oas","tag-odebrecht","tag-podemos-peru","tag-telesup"],"yoast_head":"<!-- This site is optimized with the Yoast SEO plugin v27.4 - https:\/\/yoast.com\/product\/yoast-seo-wordpress\/ -->\n<title>Jos\u00e9 Luna G\u00e1lvez es acusado de liderar organizaci\u00f3n criminal para controlar CNM y ONPE - Pulso27<\/title>\n<meta name=\"robots\" content=\"index, follow, max-snippet:-1, max-image-preview:large, max-video-preview:-1\" \/>\n<link rel=\"canonical\" href=\"https:\/\/pulso27.com\/en\/actualidad\/educacion\/jose-luna-galvez-es-acusado-de-liderar-organizacion-criminal-para-controlar-cnm-y-onpe\/\" \/>\n<meta property=\"og:locale\" content=\"en_US\" \/>\n<meta property=\"og:type\" content=\"article\" \/>\n<meta property=\"og:title\" content=\"Jos\u00e9 Luna G\u00e1lvez es acusado de liderar organizaci\u00f3n criminal para controlar CNM y ONPE - Pulso27\" \/>\n<meta property=\"og:description\" content=\"La Fiscal\u00eda de la Naci\u00f3n ha presentado una grave acusaci\u00f3n contra el congresista Jos\u00e9 Luna G\u00e1lvez, fundador de Podemos Per\u00fa, se\u00f1al\u00e1ndolo como cabecilla de una organizaci\u00f3n criminal que oper\u00f3 entre 2014 y 2018 con el objetivo de controlar el Consejo Nacional de la Magistratura (CNM) y la Oficina Nacional de Procesos Electorales (ONPE). Seg\u00fan la [&hellip;]\" \/>\n<meta property=\"og:url\" content=\"https:\/\/pulso27.com\/en\/actualidad\/educacion\/jose-luna-galvez-es-acusado-de-liderar-organizacion-criminal-para-controlar-cnm-y-onpe\/\" \/>\n<meta property=\"og:site_name\" content=\"Pulso27\" \/>\n<meta property=\"article:publisher\" content=\"https:\/\/www.facebook.com\/pulso27\/\" \/>\n<meta property=\"article:published_time\" content=\"2025-08-25T04:57:24+00:00\" \/>\n<meta property=\"article:modified_time\" content=\"2025-08-25T04:57:29+00:00\" \/>\n<meta property=\"og:image\" content=\"https:\/\/pulso27.com\/wp-content\/uploads\/2025\/08\/Podemo.png\" \/>\n\t<meta property=\"og:image:width\" content=\"1280\" \/>\n\t<meta property=\"og:image:height\" content=\"802\" \/>\n\t<meta property=\"og:image:type\" content=\"image\/png\" \/>\n<meta name=\"author\" content=\"Tupaq\" \/>\n<meta name=\"twitter:card\" content=\"summary_large_image\" \/>\n<meta name=\"twitter:creator\" content=\"@Pulso_27\" \/>\n<meta name=\"twitter:site\" content=\"@Pulso_27\" \/>\n<meta name=\"twitter:label1\" content=\"Written by\" \/>\n\t<meta name=\"twitter:data1\" content=\"Tupaq\" \/>\n\t<meta name=\"twitter:label2\" content=\"Est. reading time\" \/>\n\t<meta name=\"twitter:data2\" content=\"2 minutes\" \/>\n<script type=\"application\/ld+json\" class=\"yoast-schema-graph\">{\"@context\":\"https:\\\/\\\/schema.org\",\"@graph\":[{\"@type\":\"Article\",\"@id\":\"https:\\\/\\\/pulso27.com\\\/actualidad\\\/educacion\\\/jose-luna-galvez-es-acusado-de-liderar-organizacion-criminal-para-controlar-cnm-y-onpe\\\/#article\",\"isPartOf\":{\"@id\":\"https:\\\/\\\/pulso27.com\\\/actualidad\\\/educacion\\\/jose-luna-galvez-es-acusado-de-liderar-organizacion-criminal-para-controlar-cnm-y-onpe\\\/\"},\"author\":{\"name\":\"Tupaq\",\"@id\":\"https:\\\/\\\/pulso27.com\\\/en\\\/#\\\/schema\\\/person\\\/d20fd7f5bc7f2e53fd150d43fca07a78\"},\"headline\":\"Jos\u00e9 Luna G\u00e1lvez es acusado de liderar organizaci\u00f3n criminal para controlar CNM y ONPE\",\"datePublished\":\"2025-08-25T04:57:24+00:00\",\"dateModified\":\"2025-08-25T04:57:29+00:00\",\"mainEntityOfPage\":{\"@id\":\"https:\\\/\\\/pulso27.com\\\/actualidad\\\/educacion\\\/jose-luna-galvez-es-acusado-de-liderar-organizacion-criminal-para-controlar-cnm-y-onpe\\\/\"},\"wordCount\":352,\"commentCount\":0,\"publisher\":{\"@id\":\"https:\\\/\\\/pulso27.com\\\/en\\\/#organization\"},\"image\":{\"@id\":\"https:\\\/\\\/pulso27.com\\\/actualidad\\\/educacion\\\/jose-luna-galvez-es-acusado-de-liderar-organizacion-criminal-para-controlar-cnm-y-onpe\\\/#primaryimage\"},\"thumbnailUrl\":\"https:\\\/\\\/pulso27.com\\\/wp-content\\\/uploads\\\/2025\\\/08\\\/Podemo.png\",\"keywords\":[\"Jos\u00e9 Luna G\u00e1lvez\",\"OAS\",\"Odebrecht\",\"Podemos Per\u00fa\",\"Telesup\"],\"articleSection\":[\"Educaci\u00f3n\",\"Nacional\"],\"inLanguage\":\"en-US\",\"potentialAction\":[{\"@type\":\"CommentAction\",\"name\":\"Comment\",\"target\":[\"https:\\\/\\\/pulso27.com\\\/actualidad\\\/educacion\\\/jose-luna-galvez-es-acusado-de-liderar-organizacion-criminal-para-controlar-cnm-y-onpe\\\/#respond\"]}]},{\"@type\":\"WebPage\",\"@id\":\"https:\\\/\\\/pulso27.com\\\/actualidad\\\/educacion\\\/jose-luna-galvez-es-acusado-de-liderar-organizacion-criminal-para-controlar-cnm-y-onpe\\\/\",\"url\":\"https:\\\/\\\/pulso27.com\\\/actualidad\\\/educacion\\\/jose-luna-galvez-es-acusado-de-liderar-organizacion-criminal-para-controlar-cnm-y-onpe\\\/\",\"name\":\"Jos\u00e9 Luna G\u00e1lvez es acusado de liderar organizaci\u00f3n criminal para controlar CNM y ONPE - Pulso27\",\"isPartOf\":{\"@id\":\"https:\\\/\\\/pulso27.com\\\/en\\\/#website\"},\"primaryImageOfPage\":{\"@id\":\"https:\\\/\\\/pulso27.com\\\/actualidad\\\/educacion\\\/jose-luna-galvez-es-acusado-de-liderar-organizacion-criminal-para-controlar-cnm-y-onpe\\\/#primaryimage\"},\"image\":{\"@id\":\"https:\\\/\\\/pulso27.com\\\/actualidad\\\/educacion\\\/jose-luna-galvez-es-acusado-de-liderar-organizacion-criminal-para-controlar-cnm-y-onpe\\\/#primaryimage\"},\"thumbnailUrl\":\"https:\\\/\\\/pulso27.com\\\/wp-content\\\/uploads\\\/2025\\\/08\\\/Podemo.png\",\"datePublished\":\"2025-08-25T04:57:24+00:00\",\"dateModified\":\"2025-08-25T04:57:29+00:00\",\"breadcrumb\":{\"@id\":\"https:\\\/\\\/pulso27.com\\\/actualidad\\\/educacion\\\/jose-luna-galvez-es-acusado-de-liderar-organizacion-criminal-para-controlar-cnm-y-onpe\\\/#breadcrumb\"},\"inLanguage\":\"en-US\",\"potentialAction\":[{\"@type\":\"ReadAction\",\"target\":[\"https:\\\/\\\/pulso27.com\\\/actualidad\\\/educacion\\\/jose-luna-galvez-es-acusado-de-liderar-organizacion-criminal-para-controlar-cnm-y-onpe\\\/\"]}]},{\"@type\":\"ImageObject\",\"inLanguage\":\"en-US\",\"@id\":\"https:\\\/\\\/pulso27.com\\\/actualidad\\\/educacion\\\/jose-luna-galvez-es-acusado-de-liderar-organizacion-criminal-para-controlar-cnm-y-onpe\\\/#primaryimage\",\"url\":\"https:\\\/\\\/pulso27.com\\\/wp-content\\\/uploads\\\/2025\\\/08\\\/Podemo.png\",\"contentUrl\":\"https:\\\/\\\/pulso27.com\\\/wp-content\\\/uploads\\\/2025\\\/08\\\/Podemo.png\",\"width\":1280,\"height\":802},{\"@type\":\"BreadcrumbList\",\"@id\":\"https:\\\/\\\/pulso27.com\\\/actualidad\\\/educacion\\\/jose-luna-galvez-es-acusado-de-liderar-organizacion-criminal-para-controlar-cnm-y-onpe\\\/#breadcrumb\",\"itemListElement\":[{\"@type\":\"ListItem\",\"position\":1,\"name\":\"Portada\",\"item\":\"https:\\\/\\\/pulso27.com\\\/\"},{\"@type\":\"ListItem\",\"position\":2,\"name\":\"Jos\u00e9 Luna G\u00e1lvez es acusado de liderar organizaci\u00f3n criminal para controlar CNM y ONPE\"}]},{\"@type\":\"WebSite\",\"@id\":\"https:\\\/\\\/pulso27.com\\\/en\\\/#website\",\"url\":\"https:\\\/\\\/pulso27.com\\\/en\\\/\",\"name\":\"Pulso27\",\"description\":\"Web de noticias y publicidad\",\"publisher\":{\"@id\":\"https:\\\/\\\/pulso27.com\\\/en\\\/#organization\"},\"alternateName\":\"El pulso del pueblo\",\"potentialAction\":[{\"@type\":\"SearchAction\",\"target\":{\"@type\":\"EntryPoint\",\"urlTemplate\":\"https:\\\/\\\/pulso27.com\\\/en\\\/?s={search_term_string}\"},\"query-input\":{\"@type\":\"PropertyValueSpecification\",\"valueRequired\":true,\"valueName\":\"search_term_string\"}}],\"inLanguage\":\"en-US\"},{\"@type\":\"Organization\",\"@id\":\"https:\\\/\\\/pulso27.com\\\/en\\\/#organization\",\"name\":\"Pulso27\",\"url\":\"https:\\\/\\\/pulso27.com\\\/en\\\/\",\"logo\":{\"@type\":\"ImageObject\",\"inLanguage\":\"en-US\",\"@id\":\"https:\\\/\\\/pulso27.com\\\/en\\\/#\\\/schema\\\/logo\\\/image\\\/\",\"url\":\"https:\\\/\\\/pulso27.com\\\/wp-content\\\/uploads\\\/2026\\\/02\\\/Logotipo-de-la-organizacion-696-x-696-px-ok.png\",\"contentUrl\":\"https:\\\/\\\/pulso27.com\\\/wp-content\\\/uploads\\\/2026\\\/02\\\/Logotipo-de-la-organizacion-696-x-696-px-ok.png\",\"width\":696,\"height\":696,\"caption\":\"Pulso27\"},\"image\":{\"@id\":\"https:\\\/\\\/pulso27.com\\\/en\\\/#\\\/schema\\\/logo\\\/image\\\/\"},\"sameAs\":[\"https:\\\/\\\/www.facebook.com\\\/pulso27\\\/\",\"https:\\\/\\\/x.com\\\/Pulso_27\",\"https:\\\/\\\/www.youtube.com\\\/@Pulso27\",\"https:\\\/\\\/www.tiktok.com\\\/@pulso_27\"]},{\"@type\":\"Person\",\"@id\":\"https:\\\/\\\/pulso27.com\\\/en\\\/#\\\/schema\\\/person\\\/d20fd7f5bc7f2e53fd150d43fca07a78\",\"name\":\"Tupaq\",\"image\":{\"@type\":\"ImageObject\",\"inLanguage\":\"en-US\",\"@id\":\"https:\\\/\\\/secure.gravatar.com\\\/avatar\\\/7929e9b034aeea560319a601e4f04c59eb5f45a79eafe192adabb67e9604e7e7?s=96&d=mm&r=g\",\"url\":\"https:\\\/\\\/secure.gravatar.com\\\/avatar\\\/7929e9b034aeea560319a601e4f04c59eb5f45a79eafe192adabb67e9604e7e7?s=96&d=mm&r=g\",\"contentUrl\":\"https:\\\/\\\/secure.gravatar.com\\\/avatar\\\/7929e9b034aeea560319a601e4f04c59eb5f45a79eafe192adabb67e9604e7e7?s=96&d=mm&r=g\",\"caption\":\"Tupaq\"},\"url\":\"https:\\\/\\\/pulso27.com\\\/en\\\/author\\\/tupaq\\\/\"}]}<\/script>\n<!-- \/ Yoast SEO plugin. -->","yoast_head_json":{"title":"Jos\u00e9 Luna G\u00e1lvez es acusado de liderar organizaci\u00f3n criminal para controlar CNM y ONPE - Pulso27","robots":{"index":"index","follow":"follow","max-snippet":"max-snippet:-1","max-image-preview":"max-image-preview:large","max-video-preview":"max-video-preview:-1"},"canonical":"https:\/\/pulso27.com\/en\/actualidad\/educacion\/jose-luna-galvez-es-acusado-de-liderar-organizacion-criminal-para-controlar-cnm-y-onpe\/","og_locale":"en_US","og_type":"article","og_title":"Jos\u00e9 Luna G\u00e1lvez es acusado de liderar organizaci\u00f3n criminal para controlar CNM y ONPE - Pulso27","og_description":"La Fiscal\u00eda de la Naci\u00f3n ha presentado una grave acusaci\u00f3n contra el congresista Jos\u00e9 Luna G\u00e1lvez, fundador de Podemos Per\u00fa, se\u00f1al\u00e1ndolo como cabecilla de una organizaci\u00f3n criminal que oper\u00f3 entre 2014 y 2018 con el objetivo de controlar el Consejo Nacional de la Magistratura (CNM) y la Oficina Nacional de Procesos Electorales (ONPE). Seg\u00fan la [&hellip;]","og_url":"https:\/\/pulso27.com\/en\/actualidad\/educacion\/jose-luna-galvez-es-acusado-de-liderar-organizacion-criminal-para-controlar-cnm-y-onpe\/","og_site_name":"Pulso27","article_publisher":"https:\/\/www.facebook.com\/pulso27\/","article_published_time":"2025-08-25T04:57:24+00:00","article_modified_time":"2025-08-25T04:57:29+00:00","og_image":[{"width":1280,"height":802,"url":"https:\/\/pulso27.com\/wp-content\/uploads\/2025\/08\/Podemo.png","type":"image\/png"}],"author":"Tupaq","twitter_card":"summary_large_image","twitter_creator":"@Pulso_27","twitter_site":"@Pulso_27","twitter_misc":{"Written by":"Tupaq","Est. reading time":"2 minutes"},"schema":{"@context":"https:\/\/schema.org","@graph":[{"@type":"Article","@id":"https:\/\/pulso27.com\/actualidad\/educacion\/jose-luna-galvez-es-acusado-de-liderar-organizacion-criminal-para-controlar-cnm-y-onpe\/#article","isPartOf":{"@id":"https:\/\/pulso27.com\/actualidad\/educacion\/jose-luna-galvez-es-acusado-de-liderar-organizacion-criminal-para-controlar-cnm-y-onpe\/"},"author":{"name":"Tupaq","@id":"https:\/\/pulso27.com\/en\/#\/schema\/person\/d20fd7f5bc7f2e53fd150d43fca07a78"},"headline":"Jos\u00e9 Luna G\u00e1lvez es acusado de liderar organizaci\u00f3n criminal para controlar CNM y ONPE","datePublished":"2025-08-25T04:57:24+00:00","dateModified":"2025-08-25T04:57:29+00:00","mainEntityOfPage":{"@id":"https:\/\/pulso27.com\/actualidad\/educacion\/jose-luna-galvez-es-acusado-de-liderar-organizacion-criminal-para-controlar-cnm-y-onpe\/"},"wordCount":352,"commentCount":0,"publisher":{"@id":"https:\/\/pulso27.com\/en\/#organization"},"image":{"@id":"https:\/\/pulso27.com\/actualidad\/educacion\/jose-luna-galvez-es-acusado-de-liderar-organizacion-criminal-para-controlar-cnm-y-onpe\/#primaryimage"},"thumbnailUrl":"https:\/\/pulso27.com\/wp-content\/uploads\/2025\/08\/Podemo.png","keywords":["Jos\u00e9 Luna G\u00e1lvez","OAS","Odebrecht","Podemos Per\u00fa","Telesup"],"articleSection":["Educaci\u00f3n","Nacional"],"inLanguage":"en-US","potentialAction":[{"@type":"CommentAction","name":"Comment","target":["https:\/\/pulso27.com\/actualidad\/educacion\/jose-luna-galvez-es-acusado-de-liderar-organizacion-criminal-para-controlar-cnm-y-onpe\/#respond"]}]},{"@type":"WebPage","@id":"https:\/\/pulso27.com\/actualidad\/educacion\/jose-luna-galvez-es-acusado-de-liderar-organizacion-criminal-para-controlar-cnm-y-onpe\/","url":"https:\/\/pulso27.com\/actualidad\/educacion\/jose-luna-galvez-es-acusado-de-liderar-organizacion-criminal-para-controlar-cnm-y-onpe\/","name":"Jos\u00e9 Luna G\u00e1lvez es acusado de liderar organizaci\u00f3n criminal para controlar CNM y ONPE - Pulso27","isPartOf":{"@id":"https:\/\/pulso27.com\/en\/#website"},"primaryImageOfPage":{"@id":"https:\/\/pulso27.com\/actualidad\/educacion\/jose-luna-galvez-es-acusado-de-liderar-organizacion-criminal-para-controlar-cnm-y-onpe\/#primaryimage"},"image":{"@id":"https:\/\/pulso27.com\/actualidad\/educacion\/jose-luna-galvez-es-acusado-de-liderar-organizacion-criminal-para-controlar-cnm-y-onpe\/#primaryimage"},"thumbnailUrl":"https:\/\/pulso27.com\/wp-content\/uploads\/2025\/08\/Podemo.png","datePublished":"2025-08-25T04:57:24+00:00","dateModified":"2025-08-25T04:57:29+00:00","breadcrumb":{"@id":"https:\/\/pulso27.com\/actualidad\/educacion\/jose-luna-galvez-es-acusado-de-liderar-organizacion-criminal-para-controlar-cnm-y-onpe\/#breadcrumb"},"inLanguage":"en-US","potentialAction":[{"@type":"ReadAction","target":["https:\/\/pulso27.com\/actualidad\/educacion\/jose-luna-galvez-es-acusado-de-liderar-organizacion-criminal-para-controlar-cnm-y-onpe\/"]}]},{"@type":"ImageObject","inLanguage":"en-US","@id":"https:\/\/pulso27.com\/actualidad\/educacion\/jose-luna-galvez-es-acusado-de-liderar-organizacion-criminal-para-controlar-cnm-y-onpe\/#primaryimage","url":"https:\/\/pulso27.com\/wp-content\/uploads\/2025\/08\/Podemo.png","contentUrl":"https:\/\/pulso27.com\/wp-content\/uploads\/2025\/08\/Podemo.png","width":1280,"height":802},{"@type":"BreadcrumbList","@id":"https:\/\/pulso27.com\/actualidad\/educacion\/jose-luna-galvez-es-acusado-de-liderar-organizacion-criminal-para-controlar-cnm-y-onpe\/#breadcrumb","itemListElement":[{"@type":"ListItem","position":1,"name":"Portada","item":"https:\/\/pulso27.com\/"},{"@type":"ListItem","position":2,"name":"Jos\u00e9 Luna G\u00e1lvez es acusado de liderar organizaci\u00f3n criminal para controlar CNM y ONPE"}]},{"@type":"WebSite","@id":"https:\/\/pulso27.com\/en\/#website","url":"https:\/\/pulso27.com\/en\/","name":"Pulso27","description":"Web de noticias y publicidad","publisher":{"@id":"https:\/\/pulso27.com\/en\/#organization"},"alternateName":"El pulso del pueblo","potentialAction":[{"@type":"SearchAction","target":{"@type":"EntryPoint","urlTemplate":"https:\/\/pulso27.com\/en\/?s={search_term_string}"},"query-input":{"@type":"PropertyValueSpecification","valueRequired":true,"valueName":"search_term_string"}}],"inLanguage":"en-US"},{"@type":"Organization","@id":"https:\/\/pulso27.com\/en\/#organization","name":"Pulso27","url":"https:\/\/pulso27.com\/en\/","logo":{"@type":"ImageObject","inLanguage":"en-US","@id":"https:\/\/pulso27.com\/en\/#\/schema\/logo\/image\/","url":"https:\/\/pulso27.com\/wp-content\/uploads\/2026\/02\/Logotipo-de-la-organizacion-696-x-696-px-ok.png","contentUrl":"https:\/\/pulso27.com\/wp-content\/uploads\/2026\/02\/Logotipo-de-la-organizacion-696-x-696-px-ok.png","width":696,"height":696,"caption":"Pulso27"},"image":{"@id":"https:\/\/pulso27.com\/en\/#\/schema\/logo\/image\/"},"sameAs":["https:\/\/www.facebook.com\/pulso27\/","https:\/\/x.com\/Pulso_27","https:\/\/www.youtube.com\/@Pulso27","https:\/\/www.tiktok.com\/@pulso_27"]},{"@type":"Person","@id":"https:\/\/pulso27.com\/en\/#\/schema\/person\/d20fd7f5bc7f2e53fd150d43fca07a78","name":"Tupaq","image":{"@type":"ImageObject","inLanguage":"en-US","@id":"https:\/\/secure.gravatar.com\/avatar\/7929e9b034aeea560319a601e4f04c59eb5f45a79eafe192adabb67e9604e7e7?s=96&d=mm&r=g","url":"https:\/\/secure.gravatar.com\/avatar\/7929e9b034aeea560319a601e4f04c59eb5f45a79eafe192adabb67e9604e7e7?s=96&d=mm&r=g","contentUrl":"https:\/\/secure.gravatar.com\/avatar\/7929e9b034aeea560319a601e4f04c59eb5f45a79eafe192adabb67e9604e7e7?s=96&d=mm&r=g","caption":"Tupaq"},"url":"https:\/\/pulso27.com\/en\/author\/tupaq\/"}]}},"amp_enabled":true,"_links":{"self":[{"href":"https:\/\/pulso27.com\/en\/wp-json\/wp\/v2\/posts\/6129","targetHints":{"allow":["GET"]}}],"collection":[{"href":"https:\/\/pulso27.com\/en\/wp-json\/wp\/v2\/posts"}],"about":[{"href":"https:\/\/pulso27.com\/en\/wp-json\/wp\/v2\/types\/post"}],"author":[{"embeddable":true,"href":"https:\/\/pulso27.com\/en\/wp-json\/wp\/v2\/users\/7"}],"replies":[{"embeddable":true,"href":"https:\/\/pulso27.com\/en\/wp-json\/wp\/v2\/comments?post=6129"}],"version-history":[{"count":1,"href":"https:\/\/pulso27.com\/en\/wp-json\/wp\/v2\/posts\/6129\/revisions"}],"predecessor-version":[{"id":6134,"href":"https:\/\/pulso27.com\/en\/wp-json\/wp\/v2\/posts\/6129\/revisions\/6134"}],"wp:featuredmedia":[{"embeddable":true,"href":"https:\/\/pulso27.com\/en\/wp-json\/wp\/v2\/media\/6130"}],"wp:attachment":[{"href":"https:\/\/pulso27.com\/en\/wp-json\/wp\/v2\/media?parent=6129"}],"wp:term":[{"taxonomy":"category","embeddable":true,"href":"https:\/\/pulso27.com\/en\/wp-json\/wp\/v2\/categories?post=6129"},{"taxonomy":"post_tag","embeddable":true,"href":"https:\/\/pulso27.com\/en\/wp-json\/wp\/v2\/tags?post=6129"}],"curies":[{"name":"wp","href":"https:\/\/api.w.org\/{rel}","templated":true}]}}