{"id":6136,"date":"2025-08-27T09:29:45","date_gmt":"2025-08-27T04:29:45","guid":{"rendered":"https:\/\/pulso27.com\/?p=6136"},"modified":"2025-08-27T10:39:34","modified_gmt":"2025-08-27T05:39:34","slug":"congresista-margot-palacios-presenta-proyecto-de-ley-para-crear-registro-unico-de-victimas-de-la-represion","status":"publish","type":"post","link":"https:\/\/pulso27.com\/en\/actualidad\/congresista-margot-palacios-presenta-proyecto-de-ley-para-crear-registro-unico-de-victimas-de-la-represion\/","title":{"rendered":"Congresista Margot Palacios presenta proyecto de ley para crear registro \u00fanico de v\u00edctimas de la represi\u00f3n"},"content":{"rendered":"<p>La congresista Margot Palacios Huam\u00e1n present\u00f3 el Proyecto de Ley N.\u00b0 12162, que propone la creaci\u00f3n de un Registro \u00danico de Afectados por la represi\u00f3n estatal ocurrida durante las protestas sociales entre diciembre de 2022 y marzo de 2023 contra el r\u00e9gimen de Dina Boluarte, periodo en el que murieron m\u00e1s de 50 personas y miles resultaron heridas. El objetivo de la iniciativa es garantizar un plan de reparaci\u00f3n integral para las v\u00edctimas y sus familias.<\/p>\n\n\n\n<p>De acuerdo con la propuesta, el registro estar\u00e1 a cargo del Ministerio de Justicia y Derechos Humanos y permitir\u00e1 centralizar la informaci\u00f3n oficial de las personas fallecidas y heridas. Asimismo, contempla medidas concretas como atenci\u00f3n m\u00e9dica gratuita y prioritaria, becas integrales para hijos de las v\u00edctimas, programas de atenci\u00f3n psicol\u00f3gica especializada, e indemnizaciones econ\u00f3micas con pensiones mensuales equivalentes a una Remuneraci\u00f3n M\u00ednima Vital para cada heredero.<\/p>\n\n\n\n<p>Palacios sostuvo que el proyecto se fundamenta en tratados internacionales de derechos humanos suscritos por el Per\u00fa, como la Convenci\u00f3n Americana sobre Derechos Humanos y busca no solo reconocer a las v\u00edctimas, sino tambi\u00e9n establecer un precedente para que el Estado asuma su responsabilidad en materia de justicia social. \u201cEste proyecto es un paso necesario hacia la verdad, la reparaci\u00f3n y las sanciones ejemplares contra los responsables\u201d, declar\u00f3 la legisladora no agrupada y militante de Juntos por el Per\u00fa.<\/p>","protected":false},"excerpt":{"rendered":"<p>La congresista Margot Palacios Huam\u00e1n present\u00f3 el Proyecto de Ley N.\u00b0 12162, que propone la creaci\u00f3n de un Registro \u00danico de Afectados por la represi\u00f3n estatal ocurrida durante las protestas sociales entre diciembre de 2022 y marzo de 2023 contra el r\u00e9gimen de Dina Boluarte, periodo en el que murieron m\u00e1s de 50 personas y [&hellip;]<\/p>\n","protected":false},"author":7,"featured_media":6137,"comment_status":"open","ping_status":"open","sticky":false,"template":"","format":"standard","meta":{"footnotes":""},"categories":[183,177,174],"tags":[702,2410,2445,2444,2187],"class_list":["post-6136","post","type-post","status-publish","format-standard","has-post-thumbnail","hentry","category-actualidad","category-economia","category-nacional","tag-justicia","tag-margot-palacios-huaman","tag-proyecto-de-ley","tag-registro-unico-de-afectados","tag-reparacion"],"yoast_head":"<!-- This site is optimized with the Yoast SEO plugin v27.4 - https:\/\/yoast.com\/product\/yoast-seo-wordpress\/ -->\n<title>Congresista Margot Palacios presenta proyecto de ley para crear registro \u00fanico de v\u00edctimas de la represi\u00f3n - Pulso27<\/title>\n<meta name=\"robots\" content=\"index, follow, max-snippet:-1, max-image-preview:large, max-video-preview:-1\" \/>\n<link rel=\"canonical\" href=\"https:\/\/pulso27.com\/en\/actualidad\/congresista-margot-palacios-presenta-proyecto-de-ley-para-crear-registro-unico-de-victimas-de-la-represion\/\" \/>\n<meta property=\"og:locale\" content=\"en_US\" \/>\n<meta property=\"og:type\" content=\"article\" \/>\n<meta property=\"og:title\" content=\"Congresista Margot Palacios presenta proyecto de ley para crear registro \u00fanico de v\u00edctimas de la represi\u00f3n - Pulso27\" \/>\n<meta property=\"og:description\" content=\"La congresista Margot Palacios Huam\u00e1n present\u00f3 el Proyecto de Ley N.\u00b0 12162, que propone la creaci\u00f3n de un Registro \u00danico de Afectados por la represi\u00f3n estatal ocurrida durante las protestas sociales entre diciembre de 2022 y marzo de 2023 contra el r\u00e9gimen de Dina Boluarte, periodo en el que murieron m\u00e1s de 50 personas y [&hellip;]\" \/>\n<meta property=\"og:url\" content=\"https:\/\/pulso27.com\/en\/actualidad\/congresista-margot-palacios-presenta-proyecto-de-ley-para-crear-registro-unico-de-victimas-de-la-represion\/\" \/>\n<meta property=\"og:site_name\" content=\"Pulso27\" \/>\n<meta property=\"article:publisher\" content=\"https:\/\/www.facebook.com\/pulso27\/\" \/>\n<meta property=\"article:published_time\" content=\"2025-08-27T04:29:45+00:00\" \/>\n<meta property=\"article:modified_time\" content=\"2025-08-27T05:39:34+00:00\" \/>\n<meta property=\"og:image\" content=\"https:\/\/pulso27.com\/wp-content\/uploads\/2025\/08\/Victimas.png\" \/>\n\t<meta property=\"og:image:width\" content=\"1280\" \/>\n\t<meta property=\"og:image:height\" content=\"800\" \/>\n\t<meta property=\"og:image:type\" content=\"image\/png\" \/>\n<meta name=\"author\" content=\"Tupaq\" \/>\n<meta name=\"twitter:card\" content=\"summary_large_image\" \/>\n<meta name=\"twitter:creator\" content=\"@Pulso_27\" \/>\n<meta name=\"twitter:site\" content=\"@Pulso_27\" \/>\n<meta name=\"twitter:label1\" content=\"Written by\" \/>\n\t<meta name=\"twitter:data1\" content=\"Tupaq\" \/>\n\t<meta name=\"twitter:label2\" content=\"Est. reading time\" \/>\n\t<meta name=\"twitter:data2\" content=\"2 minutes\" \/>\n<script type=\"application\/ld+json\" class=\"yoast-schema-graph\">{\"@context\":\"https:\\\/\\\/schema.org\",\"@graph\":[{\"@type\":\"Article\",\"@id\":\"https:\\\/\\\/pulso27.com\\\/actualidad\\\/congresista-margot-palacios-presenta-proyecto-de-ley-para-crear-registro-unico-de-victimas-de-la-represion\\\/#article\",\"isPartOf\":{\"@id\":\"https:\\\/\\\/pulso27.com\\\/actualidad\\\/congresista-margot-palacios-presenta-proyecto-de-ley-para-crear-registro-unico-de-victimas-de-la-represion\\\/\"},\"author\":{\"name\":\"Tupaq\",\"@id\":\"https:\\\/\\\/pulso27.com\\\/en\\\/#\\\/schema\\\/person\\\/d20fd7f5bc7f2e53fd150d43fca07a78\"},\"headline\":\"Congresista Margot Palacios presenta proyecto de ley para crear registro \u00fanico de v\u00edctimas de la represi\u00f3n\",\"datePublished\":\"2025-08-27T04:29:45+00:00\",\"dateModified\":\"2025-08-27T05:39:34+00:00\",\"mainEntityOfPage\":{\"@id\":\"https:\\\/\\\/pulso27.com\\\/actualidad\\\/congresista-margot-palacios-presenta-proyecto-de-ley-para-crear-registro-unico-de-victimas-de-la-represion\\\/\"},\"wordCount\":255,\"commentCount\":0,\"publisher\":{\"@id\":\"https:\\\/\\\/pulso27.com\\\/en\\\/#organization\"},\"image\":{\"@id\":\"https:\\\/\\\/pulso27.com\\\/actualidad\\\/congresista-margot-palacios-presenta-proyecto-de-ley-para-crear-registro-unico-de-victimas-de-la-represion\\\/#primaryimage\"},\"thumbnailUrl\":\"https:\\\/\\\/pulso27.com\\\/wp-content\\\/uploads\\\/2025\\\/08\\\/Victimas.png\",\"keywords\":[\"Justicia\",\"Margot Palacios Huaman\",\"Proyecto de Ley\",\"Registro \u00danico de Afectados\",\"Reparaci\u00f3n\"],\"articleSection\":[\"Actualidad\",\"Econom\u00eda\",\"Nacional\"],\"inLanguage\":\"en-US\",\"potentialAction\":[{\"@type\":\"CommentAction\",\"name\":\"Comment\",\"target\":[\"https:\\\/\\\/pulso27.com\\\/actualidad\\\/congresista-margot-palacios-presenta-proyecto-de-ley-para-crear-registro-unico-de-victimas-de-la-represion\\\/#respond\"]}]},{\"@type\":\"WebPage\",\"@id\":\"https:\\\/\\\/pulso27.com\\\/actualidad\\\/congresista-margot-palacios-presenta-proyecto-de-ley-para-crear-registro-unico-de-victimas-de-la-represion\\\/\",\"url\":\"https:\\\/\\\/pulso27.com\\\/actualidad\\\/congresista-margot-palacios-presenta-proyecto-de-ley-para-crear-registro-unico-de-victimas-de-la-represion\\\/\",\"name\":\"Congresista Margot Palacios presenta proyecto de ley para crear registro \u00fanico de v\u00edctimas de la represi\u00f3n - Pulso27\",\"isPartOf\":{\"@id\":\"https:\\\/\\\/pulso27.com\\\/en\\\/#website\"},\"primaryImageOfPage\":{\"@id\":\"https:\\\/\\\/pulso27.com\\\/actualidad\\\/congresista-margot-palacios-presenta-proyecto-de-ley-para-crear-registro-unico-de-victimas-de-la-represion\\\/#primaryimage\"},\"image\":{\"@id\":\"https:\\\/\\\/pulso27.com\\\/actualidad\\\/congresista-margot-palacios-presenta-proyecto-de-ley-para-crear-registro-unico-de-victimas-de-la-represion\\\/#primaryimage\"},\"thumbnailUrl\":\"https:\\\/\\\/pulso27.com\\\/wp-content\\\/uploads\\\/2025\\\/08\\\/Victimas.png\",\"datePublished\":\"2025-08-27T04:29:45+00:00\",\"dateModified\":\"2025-08-27T05:39:34+00:00\",\"breadcrumb\":{\"@id\":\"https:\\\/\\\/pulso27.com\\\/actualidad\\\/congresista-margot-palacios-presenta-proyecto-de-ley-para-crear-registro-unico-de-victimas-de-la-represion\\\/#breadcrumb\"},\"inLanguage\":\"en-US\",\"potentialAction\":[{\"@type\":\"ReadAction\",\"target\":[\"https:\\\/\\\/pulso27.com\\\/actualidad\\\/congresista-margot-palacios-presenta-proyecto-de-ley-para-crear-registro-unico-de-victimas-de-la-represion\\\/\"]}]},{\"@type\":\"ImageObject\",\"inLanguage\":\"en-US\",\"@id\":\"https:\\\/\\\/pulso27.com\\\/actualidad\\\/congresista-margot-palacios-presenta-proyecto-de-ley-para-crear-registro-unico-de-victimas-de-la-represion\\\/#primaryimage\",\"url\":\"https:\\\/\\\/pulso27.com\\\/wp-content\\\/uploads\\\/2025\\\/08\\\/Victimas.png\",\"contentUrl\":\"https:\\\/\\\/pulso27.com\\\/wp-content\\\/uploads\\\/2025\\\/08\\\/Victimas.png\",\"width\":1280,\"height\":800},{\"@type\":\"BreadcrumbList\",\"@id\":\"https:\\\/\\\/pulso27.com\\\/actualidad\\\/congresista-margot-palacios-presenta-proyecto-de-ley-para-crear-registro-unico-de-victimas-de-la-represion\\\/#breadcrumb\",\"itemListElement\":[{\"@type\":\"ListItem\",\"position\":1,\"name\":\"Portada\",\"item\":\"https:\\\/\\\/pulso27.com\\\/\"},{\"@type\":\"ListItem\",\"position\":2,\"name\":\"Congresista Margot Palacios presenta proyecto de ley para crear registro \u00fanico de v\u00edctimas de la represi\u00f3n\"}]},{\"@type\":\"WebSite\",\"@id\":\"https:\\\/\\\/pulso27.com\\\/en\\\/#website\",\"url\":\"https:\\\/\\\/pulso27.com\\\/en\\\/\",\"name\":\"Pulso27\",\"description\":\"Web de noticias y publicidad\",\"publisher\":{\"@id\":\"https:\\\/\\\/pulso27.com\\\/en\\\/#organization\"},\"alternateName\":\"El pulso del pueblo\",\"potentialAction\":[{\"@type\":\"SearchAction\",\"target\":{\"@type\":\"EntryPoint\",\"urlTemplate\":\"https:\\\/\\\/pulso27.com\\\/en\\\/?s={search_term_string}\"},\"query-input\":{\"@type\":\"PropertyValueSpecification\",\"valueRequired\":true,\"valueName\":\"search_term_string\"}}],\"inLanguage\":\"en-US\"},{\"@type\":\"Organization\",\"@id\":\"https:\\\/\\\/pulso27.com\\\/en\\\/#organization\",\"name\":\"Pulso27\",\"url\":\"https:\\\/\\\/pulso27.com\\\/en\\\/\",\"logo\":{\"@type\":\"ImageObject\",\"inLanguage\":\"en-US\",\"@id\":\"https:\\\/\\\/pulso27.com\\\/en\\\/#\\\/schema\\\/logo\\\/image\\\/\",\"url\":\"https:\\\/\\\/pulso27.com\\\/wp-content\\\/uploads\\\/2026\\\/02\\\/Logotipo-de-la-organizacion-696-x-696-px-ok.png\",\"contentUrl\":\"https:\\\/\\\/pulso27.com\\\/wp-content\\\/uploads\\\/2026\\\/02\\\/Logotipo-de-la-organizacion-696-x-696-px-ok.png\",\"width\":696,\"height\":696,\"caption\":\"Pulso27\"},\"image\":{\"@id\":\"https:\\\/\\\/pulso27.com\\\/en\\\/#\\\/schema\\\/logo\\\/image\\\/\"},\"sameAs\":[\"https:\\\/\\\/www.facebook.com\\\/pulso27\\\/\",\"https:\\\/\\\/x.com\\\/Pulso_27\",\"https:\\\/\\\/www.youtube.com\\\/@Pulso27\",\"https:\\\/\\\/www.tiktok.com\\\/@pulso_27\"]},{\"@type\":\"Person\",\"@id\":\"https:\\\/\\\/pulso27.com\\\/en\\\/#\\\/schema\\\/person\\\/d20fd7f5bc7f2e53fd150d43fca07a78\",\"name\":\"Tupaq\",\"image\":{\"@type\":\"ImageObject\",\"inLanguage\":\"en-US\",\"@id\":\"https:\\\/\\\/secure.gravatar.com\\\/avatar\\\/7929e9b034aeea560319a601e4f04c59eb5f45a79eafe192adabb67e9604e7e7?s=96&d=mm&r=g\",\"url\":\"https:\\\/\\\/secure.gravatar.com\\\/avatar\\\/7929e9b034aeea560319a601e4f04c59eb5f45a79eafe192adabb67e9604e7e7?s=96&d=mm&r=g\",\"contentUrl\":\"https:\\\/\\\/secure.gravatar.com\\\/avatar\\\/7929e9b034aeea560319a601e4f04c59eb5f45a79eafe192adabb67e9604e7e7?s=96&d=mm&r=g\",\"caption\":\"Tupaq\"},\"url\":\"https:\\\/\\\/pulso27.com\\\/en\\\/author\\\/tupaq\\\/\"}]}<\/script>\n<!-- \/ Yoast SEO plugin. -->","yoast_head_json":{"title":"Congresista Margot Palacios presenta proyecto de ley para crear registro \u00fanico de v\u00edctimas de la represi\u00f3n - Pulso27","robots":{"index":"index","follow":"follow","max-snippet":"max-snippet:-1","max-image-preview":"max-image-preview:large","max-video-preview":"max-video-preview:-1"},"canonical":"https:\/\/pulso27.com\/en\/actualidad\/congresista-margot-palacios-presenta-proyecto-de-ley-para-crear-registro-unico-de-victimas-de-la-represion\/","og_locale":"en_US","og_type":"article","og_title":"Congresista Margot Palacios presenta proyecto de ley para crear registro \u00fanico de v\u00edctimas de la represi\u00f3n - Pulso27","og_description":"La congresista Margot Palacios Huam\u00e1n present\u00f3 el Proyecto de Ley N.\u00b0 12162, que propone la creaci\u00f3n de un Registro \u00danico de Afectados por la represi\u00f3n estatal ocurrida durante las protestas sociales entre diciembre de 2022 y marzo de 2023 contra el r\u00e9gimen de Dina Boluarte, periodo en el que murieron m\u00e1s de 50 personas y [&hellip;]","og_url":"https:\/\/pulso27.com\/en\/actualidad\/congresista-margot-palacios-presenta-proyecto-de-ley-para-crear-registro-unico-de-victimas-de-la-represion\/","og_site_name":"Pulso27","article_publisher":"https:\/\/www.facebook.com\/pulso27\/","article_published_time":"2025-08-27T04:29:45+00:00","article_modified_time":"2025-08-27T05:39:34+00:00","og_image":[{"width":1280,"height":800,"url":"https:\/\/pulso27.com\/wp-content\/uploads\/2025\/08\/Victimas.png","type":"image\/png"}],"author":"Tupaq","twitter_card":"summary_large_image","twitter_creator":"@Pulso_27","twitter_site":"@Pulso_27","twitter_misc":{"Written by":"Tupaq","Est. reading time":"2 minutes"},"schema":{"@context":"https:\/\/schema.org","@graph":[{"@type":"Article","@id":"https:\/\/pulso27.com\/actualidad\/congresista-margot-palacios-presenta-proyecto-de-ley-para-crear-registro-unico-de-victimas-de-la-represion\/#article","isPartOf":{"@id":"https:\/\/pulso27.com\/actualidad\/congresista-margot-palacios-presenta-proyecto-de-ley-para-crear-registro-unico-de-victimas-de-la-represion\/"},"author":{"name":"Tupaq","@id":"https:\/\/pulso27.com\/en\/#\/schema\/person\/d20fd7f5bc7f2e53fd150d43fca07a78"},"headline":"Congresista Margot Palacios presenta proyecto de ley para crear registro \u00fanico de v\u00edctimas de la represi\u00f3n","datePublished":"2025-08-27T04:29:45+00:00","dateModified":"2025-08-27T05:39:34+00:00","mainEntityOfPage":{"@id":"https:\/\/pulso27.com\/actualidad\/congresista-margot-palacios-presenta-proyecto-de-ley-para-crear-registro-unico-de-victimas-de-la-represion\/"},"wordCount":255,"commentCount":0,"publisher":{"@id":"https:\/\/pulso27.com\/en\/#organization"},"image":{"@id":"https:\/\/pulso27.com\/actualidad\/congresista-margot-palacios-presenta-proyecto-de-ley-para-crear-registro-unico-de-victimas-de-la-represion\/#primaryimage"},"thumbnailUrl":"https:\/\/pulso27.com\/wp-content\/uploads\/2025\/08\/Victimas.png","keywords":["Justicia","Margot Palacios Huaman","Proyecto de Ley","Registro \u00danico de Afectados","Reparaci\u00f3n"],"articleSection":["Actualidad","Econom\u00eda","Nacional"],"inLanguage":"en-US","potentialAction":[{"@type":"CommentAction","name":"Comment","target":["https:\/\/pulso27.com\/actualidad\/congresista-margot-palacios-presenta-proyecto-de-ley-para-crear-registro-unico-de-victimas-de-la-represion\/#respond"]}]},{"@type":"WebPage","@id":"https:\/\/pulso27.com\/actualidad\/congresista-margot-palacios-presenta-proyecto-de-ley-para-crear-registro-unico-de-victimas-de-la-represion\/","url":"https:\/\/pulso27.com\/actualidad\/congresista-margot-palacios-presenta-proyecto-de-ley-para-crear-registro-unico-de-victimas-de-la-represion\/","name":"Congresista Margot Palacios presenta proyecto de ley para crear registro \u00fanico de v\u00edctimas de la represi\u00f3n - Pulso27","isPartOf":{"@id":"https:\/\/pulso27.com\/en\/#website"},"primaryImageOfPage":{"@id":"https:\/\/pulso27.com\/actualidad\/congresista-margot-palacios-presenta-proyecto-de-ley-para-crear-registro-unico-de-victimas-de-la-represion\/#primaryimage"},"image":{"@id":"https:\/\/pulso27.com\/actualidad\/congresista-margot-palacios-presenta-proyecto-de-ley-para-crear-registro-unico-de-victimas-de-la-represion\/#primaryimage"},"thumbnailUrl":"https:\/\/pulso27.com\/wp-content\/uploads\/2025\/08\/Victimas.png","datePublished":"2025-08-27T04:29:45+00:00","dateModified":"2025-08-27T05:39:34+00:00","breadcrumb":{"@id":"https:\/\/pulso27.com\/actualidad\/congresista-margot-palacios-presenta-proyecto-de-ley-para-crear-registro-unico-de-victimas-de-la-represion\/#breadcrumb"},"inLanguage":"en-US","potentialAction":[{"@type":"ReadAction","target":["https:\/\/pulso27.com\/actualidad\/congresista-margot-palacios-presenta-proyecto-de-ley-para-crear-registro-unico-de-victimas-de-la-represion\/"]}]},{"@type":"ImageObject","inLanguage":"en-US","@id":"https:\/\/pulso27.com\/actualidad\/congresista-margot-palacios-presenta-proyecto-de-ley-para-crear-registro-unico-de-victimas-de-la-represion\/#primaryimage","url":"https:\/\/pulso27.com\/wp-content\/uploads\/2025\/08\/Victimas.png","contentUrl":"https:\/\/pulso27.com\/wp-content\/uploads\/2025\/08\/Victimas.png","width":1280,"height":800},{"@type":"BreadcrumbList","@id":"https:\/\/pulso27.com\/actualidad\/congresista-margot-palacios-presenta-proyecto-de-ley-para-crear-registro-unico-de-victimas-de-la-represion\/#breadcrumb","itemListElement":[{"@type":"ListItem","position":1,"name":"Portada","item":"https:\/\/pulso27.com\/"},{"@type":"ListItem","position":2,"name":"Congresista Margot Palacios presenta proyecto de ley para crear registro \u00fanico de v\u00edctimas de la represi\u00f3n"}]},{"@type":"WebSite","@id":"https:\/\/pulso27.com\/en\/#website","url":"https:\/\/pulso27.com\/en\/","name":"Pulso27","description":"Web de noticias y publicidad","publisher":{"@id":"https:\/\/pulso27.com\/en\/#organization"},"alternateName":"El pulso del pueblo","potentialAction":[{"@type":"SearchAction","target":{"@type":"EntryPoint","urlTemplate":"https:\/\/pulso27.com\/en\/?s={search_term_string}"},"query-input":{"@type":"PropertyValueSpecification","valueRequired":true,"valueName":"search_term_string"}}],"inLanguage":"en-US"},{"@type":"Organization","@id":"https:\/\/pulso27.com\/en\/#organization","name":"Pulso27","url":"https:\/\/pulso27.com\/en\/","logo":{"@type":"ImageObject","inLanguage":"en-US","@id":"https:\/\/pulso27.com\/en\/#\/schema\/logo\/image\/","url":"https:\/\/pulso27.com\/wp-content\/uploads\/2026\/02\/Logotipo-de-la-organizacion-696-x-696-px-ok.png","contentUrl":"https:\/\/pulso27.com\/wp-content\/uploads\/2026\/02\/Logotipo-de-la-organizacion-696-x-696-px-ok.png","width":696,"height":696,"caption":"Pulso27"},"image":{"@id":"https:\/\/pulso27.com\/en\/#\/schema\/logo\/image\/"},"sameAs":["https:\/\/www.facebook.com\/pulso27\/","https:\/\/x.com\/Pulso_27","https:\/\/www.youtube.com\/@Pulso27","https:\/\/www.tiktok.com\/@pulso_27"]},{"@type":"Person","@id":"https:\/\/pulso27.com\/en\/#\/schema\/person\/d20fd7f5bc7f2e53fd150d43fca07a78","name":"Tupaq","image":{"@type":"ImageObject","inLanguage":"en-US","@id":"https:\/\/secure.gravatar.com\/avatar\/7929e9b034aeea560319a601e4f04c59eb5f45a79eafe192adabb67e9604e7e7?s=96&d=mm&r=g","url":"https:\/\/secure.gravatar.com\/avatar\/7929e9b034aeea560319a601e4f04c59eb5f45a79eafe192adabb67e9604e7e7?s=96&d=mm&r=g","contentUrl":"https:\/\/secure.gravatar.com\/avatar\/7929e9b034aeea560319a601e4f04c59eb5f45a79eafe192adabb67e9604e7e7?s=96&d=mm&r=g","caption":"Tupaq"},"url":"https:\/\/pulso27.com\/en\/author\/tupaq\/"}]}},"amp_enabled":true,"_links":{"self":[{"href":"https:\/\/pulso27.com\/en\/wp-json\/wp\/v2\/posts\/6136","targetHints":{"allow":["GET"]}}],"collection":[{"href":"https:\/\/pulso27.com\/en\/wp-json\/wp\/v2\/posts"}],"about":[{"href":"https:\/\/pulso27.com\/en\/wp-json\/wp\/v2\/types\/post"}],"author":[{"embeddable":true,"href":"https:\/\/pulso27.com\/en\/wp-json\/wp\/v2\/users\/7"}],"replies":[{"embeddable":true,"href":"https:\/\/pulso27.com\/en\/wp-json\/wp\/v2\/comments?post=6136"}],"version-history":[{"count":2,"href":"https:\/\/pulso27.com\/en\/wp-json\/wp\/v2\/posts\/6136\/revisions"}],"predecessor-version":[{"id":6155,"href":"https:\/\/pulso27.com\/en\/wp-json\/wp\/v2\/posts\/6136\/revisions\/6155"}],"wp:featuredmedia":[{"embeddable":true,"href":"https:\/\/pulso27.com\/en\/wp-json\/wp\/v2\/media\/6137"}],"wp:attachment":[{"href":"https:\/\/pulso27.com\/en\/wp-json\/wp\/v2\/media?parent=6136"}],"wp:term":[{"taxonomy":"category","embeddable":true,"href":"https:\/\/pulso27.com\/en\/wp-json\/wp\/v2\/categories?post=6136"},{"taxonomy":"post_tag","embeddable":true,"href":"https:\/\/pulso27.com\/en\/wp-json\/wp\/v2\/tags?post=6136"}],"curies":[{"name":"wp","href":"https:\/\/api.w.org\/{rel}","templated":true}]}}