{"id":6142,"date":"2025-08-27T10:09:11","date_gmt":"2025-08-27T05:09:11","guid":{"rendered":"https:\/\/pulso27.com\/?p=6142"},"modified":"2025-08-27T10:09:16","modified_gmt":"2025-08-27T05:09:16","slug":"comunidad-campesina-de-huaripampa-en-paro-indefinido-contra-antamina-por-usurpacion-de-sus-tierras","status":"publish","type":"post","link":"https:\/\/pulso27.com\/en\/actualidad\/ambiente\/comunidad-campesina-de-huaripampa-en-paro-indefinido-contra-antamina-por-usurpacion-de-sus-tierras\/","title":{"rendered":"Comunidad campesina de Huaripampa en paro indefinido contra Antamina por usurpaci\u00f3n de sus tierras"},"content":{"rendered":"<p>La comunidad campesina de Huaripampa, en el distrito de San Marcos, Huaraz, \u00c1ncash, mantiene un paro indefinido contra la empresa minera Antamina, denunciando la usurpaci\u00f3n de 184 hect\u00e1reas de sus tierras ancestrales. Reconocida bajo la Ley de Comunidades Campesinas de 1973, la comunidad acusa a la compa\u00f1\u00eda de da\u00f1ar r\u00edos, arroyos y pastizales esenciales para su subsistencia, exigiendo una compensaci\u00f3n justa y el cumplimiento de acuerdos previos. Desde el 15 de agosto de 2025, los comuneros ocuparon la zona de Huacacocha, cerca del relave de Antamina, intensificando el conflicto y rechazando propuestas econ\u00f3micas que consideran insuficientes.<\/p>\n\n\n\n<p>El 23 de agosto, la protesta escal\u00f3 con violentos enfrentamientos tras la intervenci\u00f3n de la Polic\u00eda, respaldada por Antamina, para desalojar el \u00e1rea. Los comuneros denuncian represi\u00f3n policial, uso de gases lacrim\u00f3genos y la quema de sus refugios y pertenencias, acusando a las autoridades de intentar criminalizar su lucha. El saldo incluye varios heridos, cinco detenidos y la destrucci\u00f3n de maquinaria pesada valorada en m\u00e1s de 20 millones de soles, adem\u00e1s de incendios forestales en la zona que han generado alarma ambiental. La comunidad, liderada por figuras como Duberli Pintado, insiste en la defensa de sus derechos territoriales y acusa a Antamina de emplear t\u00e1ticas de divisi\u00f3n.<\/p>\n\n\n\n<p>Antamina, por su parte, asegura tener la propiedad legal de las tierras desde 1998, respaldada por acuerdos documentados con Huaripampa, y califica la ocupaci\u00f3n como ilegal, argumentando riesgos de seguridad cerca del relave. La empresa propone un di\u00e1logo para el 28 de agosto en Huaraz, destacando una relaci\u00f3n de 25 a\u00f1os de inversi\u00f3n social en la comunidad. Sin embargo, los comuneros exigen el reconocimiento de sus derechos y una compensaci\u00f3n adecuada, prometiendo continuar la protesta hasta lograr justicia. La Defensor\u00eda del Pueblo y autoridades locales buscan mediar en el conflicto, mientras la tensi\u00f3n persiste en la regi\u00f3n.<\/p>","protected":false},"excerpt":{"rendered":"<p>La comunidad campesina de Huaripampa, en el distrito de San Marcos, Huaraz, \u00c1ncash, mantiene un paro indefinido contra la empresa minera Antamina, denunciando la usurpaci\u00f3n de 184 hect\u00e1reas de sus tierras ancestrales. Reconocida bajo la Ley de Comunidades Campesinas de 1973, la comunidad acusa a la compa\u00f1\u00eda de da\u00f1ar r\u00edos, arroyos y pastizales esenciales para [&hellip;]<\/p>\n","protected":false},"author":13,"featured_media":6143,"comment_status":"open","ping_status":"open","sticky":false,"template":"","format":"standard","meta":{"footnotes":""},"categories":[1847,174],"tags":[2449,2446,2448,2447,578],"class_list":["post-6142","post","type-post","status-publish","format-standard","has-post-thumbnail","hentry","category-ambiente","category-nacional","tag-ancash","tag-antamina","tag-huaraz","tag-huaripampa","tag-mineria"],"yoast_head":"<!-- This site is optimized with the Yoast SEO plugin v27.4 - https:\/\/yoast.com\/product\/yoast-seo-wordpress\/ -->\n<title>Comunidad campesina de Huaripampa en paro indefinido contra Antamina por usurpaci\u00f3n de sus tierras - Pulso27<\/title>\n<meta name=\"robots\" content=\"index, follow, max-snippet:-1, max-image-preview:large, max-video-preview:-1\" \/>\n<link rel=\"canonical\" href=\"https:\/\/pulso27.com\/en\/actualidad\/ambiente\/comunidad-campesina-de-huaripampa-en-paro-indefinido-contra-antamina-por-usurpacion-de-sus-tierras\/\" \/>\n<meta property=\"og:locale\" content=\"en_US\" \/>\n<meta property=\"og:type\" content=\"article\" \/>\n<meta property=\"og:title\" content=\"Comunidad campesina de Huaripampa en paro indefinido contra Antamina por usurpaci\u00f3n de sus tierras - Pulso27\" \/>\n<meta property=\"og:description\" content=\"La comunidad campesina de Huaripampa, en el distrito de San Marcos, Huaraz, \u00c1ncash, mantiene un paro indefinido contra la empresa minera Antamina, denunciando la usurpaci\u00f3n de 184 hect\u00e1reas de sus tierras ancestrales. Reconocida bajo la Ley de Comunidades Campesinas de 1973, la comunidad acusa a la compa\u00f1\u00eda de da\u00f1ar r\u00edos, arroyos y pastizales esenciales para [&hellip;]\" \/>\n<meta property=\"og:url\" content=\"https:\/\/pulso27.com\/en\/actualidad\/ambiente\/comunidad-campesina-de-huaripampa-en-paro-indefinido-contra-antamina-por-usurpacion-de-sus-tierras\/\" \/>\n<meta property=\"og:site_name\" content=\"Pulso27\" \/>\n<meta property=\"article:publisher\" content=\"https:\/\/www.facebook.com\/pulso27\/\" \/>\n<meta property=\"article:published_time\" content=\"2025-08-27T05:09:11+00:00\" \/>\n<meta property=\"article:modified_time\" content=\"2025-08-27T05:09:16+00:00\" \/>\n<meta property=\"og:image\" content=\"https:\/\/pulso27.com\/wp-content\/uploads\/2025\/08\/Huaripampa.png\" \/>\n\t<meta property=\"og:image:width\" content=\"1279\" \/>\n\t<meta property=\"og:image:height\" content=\"802\" \/>\n\t<meta property=\"og:image:type\" content=\"image\/png\" \/>\n<meta name=\"author\" content=\"Redactor\" \/>\n<meta name=\"twitter:card\" content=\"summary_large_image\" \/>\n<meta name=\"twitter:creator\" content=\"@Pulso_27\" \/>\n<meta name=\"twitter:site\" content=\"@Pulso_27\" \/>\n<meta name=\"twitter:label1\" content=\"Written by\" \/>\n\t<meta name=\"twitter:data1\" content=\"Redactor\" \/>\n\t<meta name=\"twitter:label2\" content=\"Est. reading time\" \/>\n\t<meta name=\"twitter:data2\" content=\"2 minutes\" \/>\n<script type=\"application\/ld+json\" class=\"yoast-schema-graph\">{\"@context\":\"https:\\\/\\\/schema.org\",\"@graph\":[{\"@type\":\"Article\",\"@id\":\"https:\\\/\\\/pulso27.com\\\/actualidad\\\/ambiente\\\/comunidad-campesina-de-huaripampa-en-paro-indefinido-contra-antamina-por-usurpacion-de-sus-tierras\\\/#article\",\"isPartOf\":{\"@id\":\"https:\\\/\\\/pulso27.com\\\/actualidad\\\/ambiente\\\/comunidad-campesina-de-huaripampa-en-paro-indefinido-contra-antamina-por-usurpacion-de-sus-tierras\\\/\"},\"author\":{\"name\":\"Redactor\",\"@id\":\"https:\\\/\\\/pulso27.com\\\/en\\\/#\\\/schema\\\/person\\\/bf5ee161e6c87f6c7d57f5e689ef8526\"},\"headline\":\"Comunidad campesina de Huaripampa en paro indefinido contra Antamina por usurpaci\u00f3n de sus tierras\",\"datePublished\":\"2025-08-27T05:09:11+00:00\",\"dateModified\":\"2025-08-27T05:09:16+00:00\",\"mainEntityOfPage\":{\"@id\":\"https:\\\/\\\/pulso27.com\\\/actualidad\\\/ambiente\\\/comunidad-campesina-de-huaripampa-en-paro-indefinido-contra-antamina-por-usurpacion-de-sus-tierras\\\/\"},\"wordCount\":331,\"commentCount\":0,\"publisher\":{\"@id\":\"https:\\\/\\\/pulso27.com\\\/en\\\/#organization\"},\"image\":{\"@id\":\"https:\\\/\\\/pulso27.com\\\/actualidad\\\/ambiente\\\/comunidad-campesina-de-huaripampa-en-paro-indefinido-contra-antamina-por-usurpacion-de-sus-tierras\\\/#primaryimage\"},\"thumbnailUrl\":\"https:\\\/\\\/pulso27.com\\\/wp-content\\\/uploads\\\/2025\\\/08\\\/Huaripampa.png\",\"keywords\":[\"Ancash\",\"Antamina\",\"Huaraz\",\"Huaripampa\",\"Miner\u00eda\"],\"articleSection\":[\"Ambiente\",\"Nacional\"],\"inLanguage\":\"en-US\",\"potentialAction\":[{\"@type\":\"CommentAction\",\"name\":\"Comment\",\"target\":[\"https:\\\/\\\/pulso27.com\\\/actualidad\\\/ambiente\\\/comunidad-campesina-de-huaripampa-en-paro-indefinido-contra-antamina-por-usurpacion-de-sus-tierras\\\/#respond\"]}]},{\"@type\":\"WebPage\",\"@id\":\"https:\\\/\\\/pulso27.com\\\/actualidad\\\/ambiente\\\/comunidad-campesina-de-huaripampa-en-paro-indefinido-contra-antamina-por-usurpacion-de-sus-tierras\\\/\",\"url\":\"https:\\\/\\\/pulso27.com\\\/actualidad\\\/ambiente\\\/comunidad-campesina-de-huaripampa-en-paro-indefinido-contra-antamina-por-usurpacion-de-sus-tierras\\\/\",\"name\":\"Comunidad campesina de Huaripampa en paro indefinido contra Antamina por usurpaci\u00f3n de sus tierras - Pulso27\",\"isPartOf\":{\"@id\":\"https:\\\/\\\/pulso27.com\\\/en\\\/#website\"},\"primaryImageOfPage\":{\"@id\":\"https:\\\/\\\/pulso27.com\\\/actualidad\\\/ambiente\\\/comunidad-campesina-de-huaripampa-en-paro-indefinido-contra-antamina-por-usurpacion-de-sus-tierras\\\/#primaryimage\"},\"image\":{\"@id\":\"https:\\\/\\\/pulso27.com\\\/actualidad\\\/ambiente\\\/comunidad-campesina-de-huaripampa-en-paro-indefinido-contra-antamina-por-usurpacion-de-sus-tierras\\\/#primaryimage\"},\"thumbnailUrl\":\"https:\\\/\\\/pulso27.com\\\/wp-content\\\/uploads\\\/2025\\\/08\\\/Huaripampa.png\",\"datePublished\":\"2025-08-27T05:09:11+00:00\",\"dateModified\":\"2025-08-27T05:09:16+00:00\",\"breadcrumb\":{\"@id\":\"https:\\\/\\\/pulso27.com\\\/actualidad\\\/ambiente\\\/comunidad-campesina-de-huaripampa-en-paro-indefinido-contra-antamina-por-usurpacion-de-sus-tierras\\\/#breadcrumb\"},\"inLanguage\":\"en-US\",\"potentialAction\":[{\"@type\":\"ReadAction\",\"target\":[\"https:\\\/\\\/pulso27.com\\\/actualidad\\\/ambiente\\\/comunidad-campesina-de-huaripampa-en-paro-indefinido-contra-antamina-por-usurpacion-de-sus-tierras\\\/\"]}]},{\"@type\":\"ImageObject\",\"inLanguage\":\"en-US\",\"@id\":\"https:\\\/\\\/pulso27.com\\\/actualidad\\\/ambiente\\\/comunidad-campesina-de-huaripampa-en-paro-indefinido-contra-antamina-por-usurpacion-de-sus-tierras\\\/#primaryimage\",\"url\":\"https:\\\/\\\/pulso27.com\\\/wp-content\\\/uploads\\\/2025\\\/08\\\/Huaripampa.png\",\"contentUrl\":\"https:\\\/\\\/pulso27.com\\\/wp-content\\\/uploads\\\/2025\\\/08\\\/Huaripampa.png\",\"width\":1279,\"height\":802},{\"@type\":\"BreadcrumbList\",\"@id\":\"https:\\\/\\\/pulso27.com\\\/actualidad\\\/ambiente\\\/comunidad-campesina-de-huaripampa-en-paro-indefinido-contra-antamina-por-usurpacion-de-sus-tierras\\\/#breadcrumb\",\"itemListElement\":[{\"@type\":\"ListItem\",\"position\":1,\"name\":\"Portada\",\"item\":\"https:\\\/\\\/pulso27.com\\\/\"},{\"@type\":\"ListItem\",\"position\":2,\"name\":\"Comunidad campesina de Huaripampa en paro indefinido contra Antamina por usurpaci\u00f3n de sus tierras\"}]},{\"@type\":\"WebSite\",\"@id\":\"https:\\\/\\\/pulso27.com\\\/en\\\/#website\",\"url\":\"https:\\\/\\\/pulso27.com\\\/en\\\/\",\"name\":\"Pulso27\",\"description\":\"Web de noticias y publicidad\",\"publisher\":{\"@id\":\"https:\\\/\\\/pulso27.com\\\/en\\\/#organization\"},\"alternateName\":\"El pulso del pueblo\",\"potentialAction\":[{\"@type\":\"SearchAction\",\"target\":{\"@type\":\"EntryPoint\",\"urlTemplate\":\"https:\\\/\\\/pulso27.com\\\/en\\\/?s={search_term_string}\"},\"query-input\":{\"@type\":\"PropertyValueSpecification\",\"valueRequired\":true,\"valueName\":\"search_term_string\"}}],\"inLanguage\":\"en-US\"},{\"@type\":\"Organization\",\"@id\":\"https:\\\/\\\/pulso27.com\\\/en\\\/#organization\",\"name\":\"Pulso27\",\"url\":\"https:\\\/\\\/pulso27.com\\\/en\\\/\",\"logo\":{\"@type\":\"ImageObject\",\"inLanguage\":\"en-US\",\"@id\":\"https:\\\/\\\/pulso27.com\\\/en\\\/#\\\/schema\\\/logo\\\/image\\\/\",\"url\":\"https:\\\/\\\/pulso27.com\\\/wp-content\\\/uploads\\\/2026\\\/02\\\/Logotipo-de-la-organizacion-696-x-696-px-ok.png\",\"contentUrl\":\"https:\\\/\\\/pulso27.com\\\/wp-content\\\/uploads\\\/2026\\\/02\\\/Logotipo-de-la-organizacion-696-x-696-px-ok.png\",\"width\":696,\"height\":696,\"caption\":\"Pulso27\"},\"image\":{\"@id\":\"https:\\\/\\\/pulso27.com\\\/en\\\/#\\\/schema\\\/logo\\\/image\\\/\"},\"sameAs\":[\"https:\\\/\\\/www.facebook.com\\\/pulso27\\\/\",\"https:\\\/\\\/x.com\\\/Pulso_27\",\"https:\\\/\\\/www.youtube.com\\\/@Pulso27\",\"https:\\\/\\\/www.tiktok.com\\\/@pulso_27\"]},{\"@type\":\"Person\",\"@id\":\"https:\\\/\\\/pulso27.com\\\/en\\\/#\\\/schema\\\/person\\\/bf5ee161e6c87f6c7d57f5e689ef8526\",\"name\":\"Redactor\",\"image\":{\"@type\":\"ImageObject\",\"inLanguage\":\"en-US\",\"@id\":\"https:\\\/\\\/pulso27.com\\\/wp-content\\\/uploads\\\/2025\\\/03\\\/a-150x150.png\",\"url\":\"https:\\\/\\\/pulso27.com\\\/wp-content\\\/uploads\\\/2025\\\/03\\\/a-150x150.png\",\"contentUrl\":\"https:\\\/\\\/pulso27.com\\\/wp-content\\\/uploads\\\/2025\\\/03\\\/a-150x150.png\",\"caption\":\"Redactor\"},\"sameAs\":[\"http:\\\/\\\/www.pulso27.com\"],\"url\":\"https:\\\/\\\/pulso27.com\\\/en\\\/author\\\/redactor\\\/\"}]}<\/script>\n<!-- \/ Yoast SEO plugin. -->","yoast_head_json":{"title":"Comunidad campesina de Huaripampa en paro indefinido contra Antamina por usurpaci\u00f3n de sus tierras - Pulso27","robots":{"index":"index","follow":"follow","max-snippet":"max-snippet:-1","max-image-preview":"max-image-preview:large","max-video-preview":"max-video-preview:-1"},"canonical":"https:\/\/pulso27.com\/en\/actualidad\/ambiente\/comunidad-campesina-de-huaripampa-en-paro-indefinido-contra-antamina-por-usurpacion-de-sus-tierras\/","og_locale":"en_US","og_type":"article","og_title":"Comunidad campesina de Huaripampa en paro indefinido contra Antamina por usurpaci\u00f3n de sus tierras - Pulso27","og_description":"La comunidad campesina de Huaripampa, en el distrito de San Marcos, Huaraz, \u00c1ncash, mantiene un paro indefinido contra la empresa minera Antamina, denunciando la usurpaci\u00f3n de 184 hect\u00e1reas de sus tierras ancestrales. Reconocida bajo la Ley de Comunidades Campesinas de 1973, la comunidad acusa a la compa\u00f1\u00eda de da\u00f1ar r\u00edos, arroyos y pastizales esenciales para [&hellip;]","og_url":"https:\/\/pulso27.com\/en\/actualidad\/ambiente\/comunidad-campesina-de-huaripampa-en-paro-indefinido-contra-antamina-por-usurpacion-de-sus-tierras\/","og_site_name":"Pulso27","article_publisher":"https:\/\/www.facebook.com\/pulso27\/","article_published_time":"2025-08-27T05:09:11+00:00","article_modified_time":"2025-08-27T05:09:16+00:00","og_image":[{"width":1279,"height":802,"url":"https:\/\/pulso27.com\/wp-content\/uploads\/2025\/08\/Huaripampa.png","type":"image\/png"}],"author":"Redactor","twitter_card":"summary_large_image","twitter_creator":"@Pulso_27","twitter_site":"@Pulso_27","twitter_misc":{"Written by":"Redactor","Est. reading time":"2 minutes"},"schema":{"@context":"https:\/\/schema.org","@graph":[{"@type":"Article","@id":"https:\/\/pulso27.com\/actualidad\/ambiente\/comunidad-campesina-de-huaripampa-en-paro-indefinido-contra-antamina-por-usurpacion-de-sus-tierras\/#article","isPartOf":{"@id":"https:\/\/pulso27.com\/actualidad\/ambiente\/comunidad-campesina-de-huaripampa-en-paro-indefinido-contra-antamina-por-usurpacion-de-sus-tierras\/"},"author":{"name":"Redactor","@id":"https:\/\/pulso27.com\/en\/#\/schema\/person\/bf5ee161e6c87f6c7d57f5e689ef8526"},"headline":"Comunidad campesina de Huaripampa en paro indefinido contra Antamina por usurpaci\u00f3n de sus tierras","datePublished":"2025-08-27T05:09:11+00:00","dateModified":"2025-08-27T05:09:16+00:00","mainEntityOfPage":{"@id":"https:\/\/pulso27.com\/actualidad\/ambiente\/comunidad-campesina-de-huaripampa-en-paro-indefinido-contra-antamina-por-usurpacion-de-sus-tierras\/"},"wordCount":331,"commentCount":0,"publisher":{"@id":"https:\/\/pulso27.com\/en\/#organization"},"image":{"@id":"https:\/\/pulso27.com\/actualidad\/ambiente\/comunidad-campesina-de-huaripampa-en-paro-indefinido-contra-antamina-por-usurpacion-de-sus-tierras\/#primaryimage"},"thumbnailUrl":"https:\/\/pulso27.com\/wp-content\/uploads\/2025\/08\/Huaripampa.png","keywords":["Ancash","Antamina","Huaraz","Huaripampa","Miner\u00eda"],"articleSection":["Ambiente","Nacional"],"inLanguage":"en-US","potentialAction":[{"@type":"CommentAction","name":"Comment","target":["https:\/\/pulso27.com\/actualidad\/ambiente\/comunidad-campesina-de-huaripampa-en-paro-indefinido-contra-antamina-por-usurpacion-de-sus-tierras\/#respond"]}]},{"@type":"WebPage","@id":"https:\/\/pulso27.com\/actualidad\/ambiente\/comunidad-campesina-de-huaripampa-en-paro-indefinido-contra-antamina-por-usurpacion-de-sus-tierras\/","url":"https:\/\/pulso27.com\/actualidad\/ambiente\/comunidad-campesina-de-huaripampa-en-paro-indefinido-contra-antamina-por-usurpacion-de-sus-tierras\/","name":"Comunidad campesina de Huaripampa en paro indefinido contra Antamina por usurpaci\u00f3n de sus tierras - Pulso27","isPartOf":{"@id":"https:\/\/pulso27.com\/en\/#website"},"primaryImageOfPage":{"@id":"https:\/\/pulso27.com\/actualidad\/ambiente\/comunidad-campesina-de-huaripampa-en-paro-indefinido-contra-antamina-por-usurpacion-de-sus-tierras\/#primaryimage"},"image":{"@id":"https:\/\/pulso27.com\/actualidad\/ambiente\/comunidad-campesina-de-huaripampa-en-paro-indefinido-contra-antamina-por-usurpacion-de-sus-tierras\/#primaryimage"},"thumbnailUrl":"https:\/\/pulso27.com\/wp-content\/uploads\/2025\/08\/Huaripampa.png","datePublished":"2025-08-27T05:09:11+00:00","dateModified":"2025-08-27T05:09:16+00:00","breadcrumb":{"@id":"https:\/\/pulso27.com\/actualidad\/ambiente\/comunidad-campesina-de-huaripampa-en-paro-indefinido-contra-antamina-por-usurpacion-de-sus-tierras\/#breadcrumb"},"inLanguage":"en-US","potentialAction":[{"@type":"ReadAction","target":["https:\/\/pulso27.com\/actualidad\/ambiente\/comunidad-campesina-de-huaripampa-en-paro-indefinido-contra-antamina-por-usurpacion-de-sus-tierras\/"]}]},{"@type":"ImageObject","inLanguage":"en-US","@id":"https:\/\/pulso27.com\/actualidad\/ambiente\/comunidad-campesina-de-huaripampa-en-paro-indefinido-contra-antamina-por-usurpacion-de-sus-tierras\/#primaryimage","url":"https:\/\/pulso27.com\/wp-content\/uploads\/2025\/08\/Huaripampa.png","contentUrl":"https:\/\/pulso27.com\/wp-content\/uploads\/2025\/08\/Huaripampa.png","width":1279,"height":802},{"@type":"BreadcrumbList","@id":"https:\/\/pulso27.com\/actualidad\/ambiente\/comunidad-campesina-de-huaripampa-en-paro-indefinido-contra-antamina-por-usurpacion-de-sus-tierras\/#breadcrumb","itemListElement":[{"@type":"ListItem","position":1,"name":"Portada","item":"https:\/\/pulso27.com\/"},{"@type":"ListItem","position":2,"name":"Comunidad campesina de Huaripampa en paro indefinido contra Antamina por usurpaci\u00f3n de sus tierras"}]},{"@type":"WebSite","@id":"https:\/\/pulso27.com\/en\/#website","url":"https:\/\/pulso27.com\/en\/","name":"Pulso27","description":"Web de noticias y publicidad","publisher":{"@id":"https:\/\/pulso27.com\/en\/#organization"},"alternateName":"El pulso del pueblo","potentialAction":[{"@type":"SearchAction","target":{"@type":"EntryPoint","urlTemplate":"https:\/\/pulso27.com\/en\/?s={search_term_string}"},"query-input":{"@type":"PropertyValueSpecification","valueRequired":true,"valueName":"search_term_string"}}],"inLanguage":"en-US"},{"@type":"Organization","@id":"https:\/\/pulso27.com\/en\/#organization","name":"Pulso27","url":"https:\/\/pulso27.com\/en\/","logo":{"@type":"ImageObject","inLanguage":"en-US","@id":"https:\/\/pulso27.com\/en\/#\/schema\/logo\/image\/","url":"https:\/\/pulso27.com\/wp-content\/uploads\/2026\/02\/Logotipo-de-la-organizacion-696-x-696-px-ok.png","contentUrl":"https:\/\/pulso27.com\/wp-content\/uploads\/2026\/02\/Logotipo-de-la-organizacion-696-x-696-px-ok.png","width":696,"height":696,"caption":"Pulso27"},"image":{"@id":"https:\/\/pulso27.com\/en\/#\/schema\/logo\/image\/"},"sameAs":["https:\/\/www.facebook.com\/pulso27\/","https:\/\/x.com\/Pulso_27","https:\/\/www.youtube.com\/@Pulso27","https:\/\/www.tiktok.com\/@pulso_27"]},{"@type":"Person","@id":"https:\/\/pulso27.com\/en\/#\/schema\/person\/bf5ee161e6c87f6c7d57f5e689ef8526","name":"Redactor","image":{"@type":"ImageObject","inLanguage":"en-US","@id":"https:\/\/pulso27.com\/wp-content\/uploads\/2025\/03\/a-150x150.png","url":"https:\/\/pulso27.com\/wp-content\/uploads\/2025\/03\/a-150x150.png","contentUrl":"https:\/\/pulso27.com\/wp-content\/uploads\/2025\/03\/a-150x150.png","caption":"Redactor"},"sameAs":["http:\/\/www.pulso27.com"],"url":"https:\/\/pulso27.com\/en\/author\/redactor\/"}]}},"amp_enabled":true,"_links":{"self":[{"href":"https:\/\/pulso27.com\/en\/wp-json\/wp\/v2\/posts\/6142","targetHints":{"allow":["GET"]}}],"collection":[{"href":"https:\/\/pulso27.com\/en\/wp-json\/wp\/v2\/posts"}],"about":[{"href":"https:\/\/pulso27.com\/en\/wp-json\/wp\/v2\/types\/post"}],"author":[{"embeddable":true,"href":"https:\/\/pulso27.com\/en\/wp-json\/wp\/v2\/users\/13"}],"replies":[{"embeddable":true,"href":"https:\/\/pulso27.com\/en\/wp-json\/wp\/v2\/comments?post=6142"}],"version-history":[{"count":1,"href":"https:\/\/pulso27.com\/en\/wp-json\/wp\/v2\/posts\/6142\/revisions"}],"predecessor-version":[{"id":6147,"href":"https:\/\/pulso27.com\/en\/wp-json\/wp\/v2\/posts\/6142\/revisions\/6147"}],"wp:featuredmedia":[{"embeddable":true,"href":"https:\/\/pulso27.com\/en\/wp-json\/wp\/v2\/media\/6143"}],"wp:attachment":[{"href":"https:\/\/pulso27.com\/en\/wp-json\/wp\/v2\/media?parent=6142"}],"wp:term":[{"taxonomy":"category","embeddable":true,"href":"https:\/\/pulso27.com\/en\/wp-json\/wp\/v2\/categories?post=6142"},{"taxonomy":"post_tag","embeddable":true,"href":"https:\/\/pulso27.com\/en\/wp-json\/wp\/v2\/tags?post=6142"}],"curies":[{"name":"wp","href":"https:\/\/api.w.org\/{rel}","templated":true}]}}