{"id":6172,"date":"2025-08-31T06:56:36","date_gmt":"2025-08-31T01:56:36","guid":{"rendered":"https:\/\/pulso27.com\/?p=6172"},"modified":"2025-08-31T06:56:41","modified_gmt":"2025-08-31T01:56:41","slug":"son-22667-desaparecidos-registrados-por-el-conflicto-armado-en-peru","status":"publish","type":"post","link":"https:\/\/pulso27.com\/en\/actualidad\/salud\/son-22667-desaparecidos-registrados-por-el-conflicto-armado-en-peru\/","title":{"rendered":"Son 22,667 desaparecidos registrados por el conflicto armado en Per\u00fa"},"content":{"rendered":"<p>El Registro Nacional de Personas Desaparecidas y Sitios de Entierro (RENADE) del Ministerio de Justicia y Derechos Humanos (MINJUS) de Per\u00fa inform\u00f3 que, hasta la fecha, se han inscrito 22,667 personas desaparecidas durante el conflicto armado interno que azot\u00f3 al pa\u00eds entre 1980 y 2000. Esta cifra, reconocida oficialmente por el Estado, refleja un incremento sostenido en los \u00faltimos ocho a\u00f1os, evidenciando la persistencia de esfuerzos para esclarecer el destino de las v\u00edctimas.<\/p>\n\n\n\n<p>El conflicto armado, marcado por la violencia entre grupos subversivos como Sendero Luminoso (SL) o el Movimiento Revolucionario Tupac Amaru (MRTA) y las fuerzas armadas del Estado peruano, dej\u00f3 profundas heridas en la sociedad peruana. Seg\u00fan el RENADE, el aumento en el registro se debe a nuevas denuncias de familiares, investigaciones en curso y el hallazgo de fosas comunes en regiones afectadas, como Ayacucho, Hu\u00e1nuco y el Alto Huallaga. Organizaciones de derechos humanos han destacado la importancia de estas cifras para visibilizar el drama de miles de familias que a\u00fan buscan a sus seres queridos.<\/p>\n\n\n\n<p>\u201cCada nuevo caso registrado es un paso hacia la verdad, pero tambi\u00e9n un recordatorio del dolor que persiste,\u201d se\u00f1al\u00f3 Mar\u00eda G\u00f3mez, representante de la Coordinadora Nacional de Derechos Humanos. \u201cEs crucial que el Estado refuerce las labores de b\u00fasqueda, identificaci\u00f3n y reparaci\u00f3n a las v\u00edctimas.\u201d<\/p>\n\n\n\n<p>El Ministerio de Justicia y Derechos Humanos reafirm\u00f3 su compromiso con la implementaci\u00f3n de la Ley de B\u00fasqueda de Personas Desaparecidas, que incluye el uso de tecnolog\u00eda forense y la colaboraci\u00f3n con comunidades locales para localizar sitios de entierro. Sin embargo, familiares y activistas insisten en la necesidad de mayor celeridad y recursos para enfrentar esta deuda hist\u00f3rica.<\/p>\n\n\n\n<p>El incremento en las cifras del RENADE pone en evidencia la magnitud de la tragedia y la urgencia de seguir trabajando por la memoria, la justicia y la reconciliaci\u00f3n en el Per\u00fa.<\/p>","protected":false},"excerpt":{"rendered":"<p>El Registro Nacional de Personas Desaparecidas y Sitios de Entierro (RENADE) del Ministerio de Justicia y Derechos Humanos (MINJUS) de Per\u00fa inform\u00f3 que, hasta la fecha, se han inscrito 22,667 personas desaparecidas durante el conflicto armado interno que azot\u00f3 al pa\u00eds entre 1980 y 2000. Esta cifra, reconocida oficialmente por el Estado, refleja un incremento [&hellip;]<\/p>\n","protected":false},"author":7,"featured_media":6173,"comment_status":"open","ping_status":"open","sticky":false,"template":"","format":"standard","meta":{"footnotes":""},"categories":[174,809],"tags":[2462,750,2461,2464,2463],"class_list":["post-6172","post","type-post","status-publish","format-standard","has-post-thumbnail","hentry","category-nacional","category-salud","tag-conflicto-armado","tag-derechos-humanos","tag-desaparecidos","tag-memoria-y-justicia","tag-minjus"],"yoast_head":"<!-- This site is optimized with the Yoast SEO plugin v27.4 - https:\/\/yoast.com\/product\/yoast-seo-wordpress\/ -->\n<title>Son 22,667 desaparecidos registrados por el conflicto armado en Per\u00fa - Pulso27<\/title>\n<meta name=\"robots\" content=\"index, follow, max-snippet:-1, max-image-preview:large, max-video-preview:-1\" \/>\n<link rel=\"canonical\" href=\"https:\/\/pulso27.com\/en\/actualidad\/salud\/son-22667-desaparecidos-registrados-por-el-conflicto-armado-en-peru\/\" \/>\n<meta property=\"og:locale\" content=\"en_US\" \/>\n<meta property=\"og:type\" content=\"article\" \/>\n<meta property=\"og:title\" content=\"Son 22,667 desaparecidos registrados por el conflicto armado en Per\u00fa - Pulso27\" \/>\n<meta property=\"og:description\" content=\"El Registro Nacional de Personas Desaparecidas y Sitios de Entierro (RENADE) del Ministerio de Justicia y Derechos Humanos (MINJUS) de Per\u00fa inform\u00f3 que, hasta la fecha, se han inscrito 22,667 personas desaparecidas durante el conflicto armado interno que azot\u00f3 al pa\u00eds entre 1980 y 2000. Esta cifra, reconocida oficialmente por el Estado, refleja un incremento [&hellip;]\" \/>\n<meta property=\"og:url\" content=\"https:\/\/pulso27.com\/en\/actualidad\/salud\/son-22667-desaparecidos-registrados-por-el-conflicto-armado-en-peru\/\" \/>\n<meta property=\"og:site_name\" content=\"Pulso27\" \/>\n<meta property=\"article:publisher\" content=\"https:\/\/www.facebook.com\/pulso27\/\" \/>\n<meta property=\"article:published_time\" content=\"2025-08-31T01:56:36+00:00\" \/>\n<meta property=\"article:modified_time\" content=\"2025-08-31T01:56:41+00:00\" \/>\n<meta property=\"og:image\" content=\"https:\/\/pulso27.com\/wp-content\/uploads\/2025\/08\/90-al-20.png\" \/>\n\t<meta property=\"og:image:width\" content=\"1258\" \/>\n\t<meta property=\"og:image:height\" content=\"800\" \/>\n\t<meta property=\"og:image:type\" content=\"image\/png\" \/>\n<meta name=\"author\" content=\"Tupaq\" \/>\n<meta name=\"twitter:card\" content=\"summary_large_image\" \/>\n<meta name=\"twitter:creator\" content=\"@Pulso_27\" \/>\n<meta name=\"twitter:site\" content=\"@Pulso_27\" \/>\n<meta name=\"twitter:label1\" content=\"Written by\" \/>\n\t<meta name=\"twitter:data1\" content=\"Tupaq\" \/>\n\t<meta name=\"twitter:label2\" content=\"Est. reading time\" \/>\n\t<meta name=\"twitter:data2\" content=\"2 minutes\" \/>\n<script type=\"application\/ld+json\" class=\"yoast-schema-graph\">{\"@context\":\"https:\\\/\\\/schema.org\",\"@graph\":[{\"@type\":\"Article\",\"@id\":\"https:\\\/\\\/pulso27.com\\\/actualidad\\\/salud\\\/son-22667-desaparecidos-registrados-por-el-conflicto-armado-en-peru\\\/#article\",\"isPartOf\":{\"@id\":\"https:\\\/\\\/pulso27.com\\\/actualidad\\\/salud\\\/son-22667-desaparecidos-registrados-por-el-conflicto-armado-en-peru\\\/\"},\"author\":{\"name\":\"Tupaq\",\"@id\":\"https:\\\/\\\/pulso27.com\\\/en\\\/#\\\/schema\\\/person\\\/d20fd7f5bc7f2e53fd150d43fca07a78\"},\"headline\":\"Son 22,667 desaparecidos registrados por el conflicto armado en Per\u00fa\",\"datePublished\":\"2025-08-31T01:56:36+00:00\",\"dateModified\":\"2025-08-31T01:56:41+00:00\",\"mainEntityOfPage\":{\"@id\":\"https:\\\/\\\/pulso27.com\\\/actualidad\\\/salud\\\/son-22667-desaparecidos-registrados-por-el-conflicto-armado-en-peru\\\/\"},\"wordCount\":329,\"commentCount\":0,\"publisher\":{\"@id\":\"https:\\\/\\\/pulso27.com\\\/en\\\/#organization\"},\"image\":{\"@id\":\"https:\\\/\\\/pulso27.com\\\/actualidad\\\/salud\\\/son-22667-desaparecidos-registrados-por-el-conflicto-armado-en-peru\\\/#primaryimage\"},\"thumbnailUrl\":\"https:\\\/\\\/pulso27.com\\\/wp-content\\\/uploads\\\/2025\\\/08\\\/90-al-20.png\",\"keywords\":[\"Conflicto armado\",\"Derechos humanos\",\"Desaparecidos\",\"Memoria y justicia\",\"MINJUS\"],\"articleSection\":[\"Nacional\",\"Salud\"],\"inLanguage\":\"en-US\",\"potentialAction\":[{\"@type\":\"CommentAction\",\"name\":\"Comment\",\"target\":[\"https:\\\/\\\/pulso27.com\\\/actualidad\\\/salud\\\/son-22667-desaparecidos-registrados-por-el-conflicto-armado-en-peru\\\/#respond\"]}]},{\"@type\":\"WebPage\",\"@id\":\"https:\\\/\\\/pulso27.com\\\/actualidad\\\/salud\\\/son-22667-desaparecidos-registrados-por-el-conflicto-armado-en-peru\\\/\",\"url\":\"https:\\\/\\\/pulso27.com\\\/actualidad\\\/salud\\\/son-22667-desaparecidos-registrados-por-el-conflicto-armado-en-peru\\\/\",\"name\":\"Son 22,667 desaparecidos registrados por el conflicto armado en Per\u00fa - Pulso27\",\"isPartOf\":{\"@id\":\"https:\\\/\\\/pulso27.com\\\/en\\\/#website\"},\"primaryImageOfPage\":{\"@id\":\"https:\\\/\\\/pulso27.com\\\/actualidad\\\/salud\\\/son-22667-desaparecidos-registrados-por-el-conflicto-armado-en-peru\\\/#primaryimage\"},\"image\":{\"@id\":\"https:\\\/\\\/pulso27.com\\\/actualidad\\\/salud\\\/son-22667-desaparecidos-registrados-por-el-conflicto-armado-en-peru\\\/#primaryimage\"},\"thumbnailUrl\":\"https:\\\/\\\/pulso27.com\\\/wp-content\\\/uploads\\\/2025\\\/08\\\/90-al-20.png\",\"datePublished\":\"2025-08-31T01:56:36+00:00\",\"dateModified\":\"2025-08-31T01:56:41+00:00\",\"breadcrumb\":{\"@id\":\"https:\\\/\\\/pulso27.com\\\/actualidad\\\/salud\\\/son-22667-desaparecidos-registrados-por-el-conflicto-armado-en-peru\\\/#breadcrumb\"},\"inLanguage\":\"en-US\",\"potentialAction\":[{\"@type\":\"ReadAction\",\"target\":[\"https:\\\/\\\/pulso27.com\\\/actualidad\\\/salud\\\/son-22667-desaparecidos-registrados-por-el-conflicto-armado-en-peru\\\/\"]}]},{\"@type\":\"ImageObject\",\"inLanguage\":\"en-US\",\"@id\":\"https:\\\/\\\/pulso27.com\\\/actualidad\\\/salud\\\/son-22667-desaparecidos-registrados-por-el-conflicto-armado-en-peru\\\/#primaryimage\",\"url\":\"https:\\\/\\\/pulso27.com\\\/wp-content\\\/uploads\\\/2025\\\/08\\\/90-al-20.png\",\"contentUrl\":\"https:\\\/\\\/pulso27.com\\\/wp-content\\\/uploads\\\/2025\\\/08\\\/90-al-20.png\",\"width\":1258,\"height\":800},{\"@type\":\"BreadcrumbList\",\"@id\":\"https:\\\/\\\/pulso27.com\\\/actualidad\\\/salud\\\/son-22667-desaparecidos-registrados-por-el-conflicto-armado-en-peru\\\/#breadcrumb\",\"itemListElement\":[{\"@type\":\"ListItem\",\"position\":1,\"name\":\"Portada\",\"item\":\"https:\\\/\\\/pulso27.com\\\/\"},{\"@type\":\"ListItem\",\"position\":2,\"name\":\"Son 22,667 desaparecidos registrados por el conflicto armado en Per\u00fa\"}]},{\"@type\":\"WebSite\",\"@id\":\"https:\\\/\\\/pulso27.com\\\/en\\\/#website\",\"url\":\"https:\\\/\\\/pulso27.com\\\/en\\\/\",\"name\":\"Pulso27\",\"description\":\"Web de noticias y publicidad\",\"publisher\":{\"@id\":\"https:\\\/\\\/pulso27.com\\\/en\\\/#organization\"},\"alternateName\":\"El pulso del pueblo\",\"potentialAction\":[{\"@type\":\"SearchAction\",\"target\":{\"@type\":\"EntryPoint\",\"urlTemplate\":\"https:\\\/\\\/pulso27.com\\\/en\\\/?s={search_term_string}\"},\"query-input\":{\"@type\":\"PropertyValueSpecification\",\"valueRequired\":true,\"valueName\":\"search_term_string\"}}],\"inLanguage\":\"en-US\"},{\"@type\":\"Organization\",\"@id\":\"https:\\\/\\\/pulso27.com\\\/en\\\/#organization\",\"name\":\"Pulso27\",\"url\":\"https:\\\/\\\/pulso27.com\\\/en\\\/\",\"logo\":{\"@type\":\"ImageObject\",\"inLanguage\":\"en-US\",\"@id\":\"https:\\\/\\\/pulso27.com\\\/en\\\/#\\\/schema\\\/logo\\\/image\\\/\",\"url\":\"https:\\\/\\\/pulso27.com\\\/wp-content\\\/uploads\\\/2026\\\/02\\\/Logotipo-de-la-organizacion-696-x-696-px-ok.png\",\"contentUrl\":\"https:\\\/\\\/pulso27.com\\\/wp-content\\\/uploads\\\/2026\\\/02\\\/Logotipo-de-la-organizacion-696-x-696-px-ok.png\",\"width\":696,\"height\":696,\"caption\":\"Pulso27\"},\"image\":{\"@id\":\"https:\\\/\\\/pulso27.com\\\/en\\\/#\\\/schema\\\/logo\\\/image\\\/\"},\"sameAs\":[\"https:\\\/\\\/www.facebook.com\\\/pulso27\\\/\",\"https:\\\/\\\/x.com\\\/Pulso_27\",\"https:\\\/\\\/www.youtube.com\\\/@Pulso27\",\"https:\\\/\\\/www.tiktok.com\\\/@pulso_27\"]},{\"@type\":\"Person\",\"@id\":\"https:\\\/\\\/pulso27.com\\\/en\\\/#\\\/schema\\\/person\\\/d20fd7f5bc7f2e53fd150d43fca07a78\",\"name\":\"Tupaq\",\"image\":{\"@type\":\"ImageObject\",\"inLanguage\":\"en-US\",\"@id\":\"https:\\\/\\\/secure.gravatar.com\\\/avatar\\\/7929e9b034aeea560319a601e4f04c59eb5f45a79eafe192adabb67e9604e7e7?s=96&d=mm&r=g\",\"url\":\"https:\\\/\\\/secure.gravatar.com\\\/avatar\\\/7929e9b034aeea560319a601e4f04c59eb5f45a79eafe192adabb67e9604e7e7?s=96&d=mm&r=g\",\"contentUrl\":\"https:\\\/\\\/secure.gravatar.com\\\/avatar\\\/7929e9b034aeea560319a601e4f04c59eb5f45a79eafe192adabb67e9604e7e7?s=96&d=mm&r=g\",\"caption\":\"Tupaq\"},\"url\":\"https:\\\/\\\/pulso27.com\\\/en\\\/author\\\/tupaq\\\/\"}]}<\/script>\n<!-- \/ Yoast SEO plugin. -->","yoast_head_json":{"title":"Son 22,667 desaparecidos registrados por el conflicto armado en Per\u00fa - Pulso27","robots":{"index":"index","follow":"follow","max-snippet":"max-snippet:-1","max-image-preview":"max-image-preview:large","max-video-preview":"max-video-preview:-1"},"canonical":"https:\/\/pulso27.com\/en\/actualidad\/salud\/son-22667-desaparecidos-registrados-por-el-conflicto-armado-en-peru\/","og_locale":"en_US","og_type":"article","og_title":"Son 22,667 desaparecidos registrados por el conflicto armado en Per\u00fa - Pulso27","og_description":"El Registro Nacional de Personas Desaparecidas y Sitios de Entierro (RENADE) del Ministerio de Justicia y Derechos Humanos (MINJUS) de Per\u00fa inform\u00f3 que, hasta la fecha, se han inscrito 22,667 personas desaparecidas durante el conflicto armado interno que azot\u00f3 al pa\u00eds entre 1980 y 2000. Esta cifra, reconocida oficialmente por el Estado, refleja un incremento [&hellip;]","og_url":"https:\/\/pulso27.com\/en\/actualidad\/salud\/son-22667-desaparecidos-registrados-por-el-conflicto-armado-en-peru\/","og_site_name":"Pulso27","article_publisher":"https:\/\/www.facebook.com\/pulso27\/","article_published_time":"2025-08-31T01:56:36+00:00","article_modified_time":"2025-08-31T01:56:41+00:00","og_image":[{"width":1258,"height":800,"url":"https:\/\/pulso27.com\/wp-content\/uploads\/2025\/08\/90-al-20.png","type":"image\/png"}],"author":"Tupaq","twitter_card":"summary_large_image","twitter_creator":"@Pulso_27","twitter_site":"@Pulso_27","twitter_misc":{"Written by":"Tupaq","Est. reading time":"2 minutes"},"schema":{"@context":"https:\/\/schema.org","@graph":[{"@type":"Article","@id":"https:\/\/pulso27.com\/actualidad\/salud\/son-22667-desaparecidos-registrados-por-el-conflicto-armado-en-peru\/#article","isPartOf":{"@id":"https:\/\/pulso27.com\/actualidad\/salud\/son-22667-desaparecidos-registrados-por-el-conflicto-armado-en-peru\/"},"author":{"name":"Tupaq","@id":"https:\/\/pulso27.com\/en\/#\/schema\/person\/d20fd7f5bc7f2e53fd150d43fca07a78"},"headline":"Son 22,667 desaparecidos registrados por el conflicto armado en Per\u00fa","datePublished":"2025-08-31T01:56:36+00:00","dateModified":"2025-08-31T01:56:41+00:00","mainEntityOfPage":{"@id":"https:\/\/pulso27.com\/actualidad\/salud\/son-22667-desaparecidos-registrados-por-el-conflicto-armado-en-peru\/"},"wordCount":329,"commentCount":0,"publisher":{"@id":"https:\/\/pulso27.com\/en\/#organization"},"image":{"@id":"https:\/\/pulso27.com\/actualidad\/salud\/son-22667-desaparecidos-registrados-por-el-conflicto-armado-en-peru\/#primaryimage"},"thumbnailUrl":"https:\/\/pulso27.com\/wp-content\/uploads\/2025\/08\/90-al-20.png","keywords":["Conflicto armado","Derechos humanos","Desaparecidos","Memoria y justicia","MINJUS"],"articleSection":["Nacional","Salud"],"inLanguage":"en-US","potentialAction":[{"@type":"CommentAction","name":"Comment","target":["https:\/\/pulso27.com\/actualidad\/salud\/son-22667-desaparecidos-registrados-por-el-conflicto-armado-en-peru\/#respond"]}]},{"@type":"WebPage","@id":"https:\/\/pulso27.com\/actualidad\/salud\/son-22667-desaparecidos-registrados-por-el-conflicto-armado-en-peru\/","url":"https:\/\/pulso27.com\/actualidad\/salud\/son-22667-desaparecidos-registrados-por-el-conflicto-armado-en-peru\/","name":"Son 22,667 desaparecidos registrados por el conflicto armado en Per\u00fa - Pulso27","isPartOf":{"@id":"https:\/\/pulso27.com\/en\/#website"},"primaryImageOfPage":{"@id":"https:\/\/pulso27.com\/actualidad\/salud\/son-22667-desaparecidos-registrados-por-el-conflicto-armado-en-peru\/#primaryimage"},"image":{"@id":"https:\/\/pulso27.com\/actualidad\/salud\/son-22667-desaparecidos-registrados-por-el-conflicto-armado-en-peru\/#primaryimage"},"thumbnailUrl":"https:\/\/pulso27.com\/wp-content\/uploads\/2025\/08\/90-al-20.png","datePublished":"2025-08-31T01:56:36+00:00","dateModified":"2025-08-31T01:56:41+00:00","breadcrumb":{"@id":"https:\/\/pulso27.com\/actualidad\/salud\/son-22667-desaparecidos-registrados-por-el-conflicto-armado-en-peru\/#breadcrumb"},"inLanguage":"en-US","potentialAction":[{"@type":"ReadAction","target":["https:\/\/pulso27.com\/actualidad\/salud\/son-22667-desaparecidos-registrados-por-el-conflicto-armado-en-peru\/"]}]},{"@type":"ImageObject","inLanguage":"en-US","@id":"https:\/\/pulso27.com\/actualidad\/salud\/son-22667-desaparecidos-registrados-por-el-conflicto-armado-en-peru\/#primaryimage","url":"https:\/\/pulso27.com\/wp-content\/uploads\/2025\/08\/90-al-20.png","contentUrl":"https:\/\/pulso27.com\/wp-content\/uploads\/2025\/08\/90-al-20.png","width":1258,"height":800},{"@type":"BreadcrumbList","@id":"https:\/\/pulso27.com\/actualidad\/salud\/son-22667-desaparecidos-registrados-por-el-conflicto-armado-en-peru\/#breadcrumb","itemListElement":[{"@type":"ListItem","position":1,"name":"Portada","item":"https:\/\/pulso27.com\/"},{"@type":"ListItem","position":2,"name":"Son 22,667 desaparecidos registrados por el conflicto armado en Per\u00fa"}]},{"@type":"WebSite","@id":"https:\/\/pulso27.com\/en\/#website","url":"https:\/\/pulso27.com\/en\/","name":"Pulso27","description":"Web de noticias y publicidad","publisher":{"@id":"https:\/\/pulso27.com\/en\/#organization"},"alternateName":"El pulso del pueblo","potentialAction":[{"@type":"SearchAction","target":{"@type":"EntryPoint","urlTemplate":"https:\/\/pulso27.com\/en\/?s={search_term_string}"},"query-input":{"@type":"PropertyValueSpecification","valueRequired":true,"valueName":"search_term_string"}}],"inLanguage":"en-US"},{"@type":"Organization","@id":"https:\/\/pulso27.com\/en\/#organization","name":"Pulso27","url":"https:\/\/pulso27.com\/en\/","logo":{"@type":"ImageObject","inLanguage":"en-US","@id":"https:\/\/pulso27.com\/en\/#\/schema\/logo\/image\/","url":"https:\/\/pulso27.com\/wp-content\/uploads\/2026\/02\/Logotipo-de-la-organizacion-696-x-696-px-ok.png","contentUrl":"https:\/\/pulso27.com\/wp-content\/uploads\/2026\/02\/Logotipo-de-la-organizacion-696-x-696-px-ok.png","width":696,"height":696,"caption":"Pulso27"},"image":{"@id":"https:\/\/pulso27.com\/en\/#\/schema\/logo\/image\/"},"sameAs":["https:\/\/www.facebook.com\/pulso27\/","https:\/\/x.com\/Pulso_27","https:\/\/www.youtube.com\/@Pulso27","https:\/\/www.tiktok.com\/@pulso_27"]},{"@type":"Person","@id":"https:\/\/pulso27.com\/en\/#\/schema\/person\/d20fd7f5bc7f2e53fd150d43fca07a78","name":"Tupaq","image":{"@type":"ImageObject","inLanguage":"en-US","@id":"https:\/\/secure.gravatar.com\/avatar\/7929e9b034aeea560319a601e4f04c59eb5f45a79eafe192adabb67e9604e7e7?s=96&d=mm&r=g","url":"https:\/\/secure.gravatar.com\/avatar\/7929e9b034aeea560319a601e4f04c59eb5f45a79eafe192adabb67e9604e7e7?s=96&d=mm&r=g","contentUrl":"https:\/\/secure.gravatar.com\/avatar\/7929e9b034aeea560319a601e4f04c59eb5f45a79eafe192adabb67e9604e7e7?s=96&d=mm&r=g","caption":"Tupaq"},"url":"https:\/\/pulso27.com\/en\/author\/tupaq\/"}]}},"amp_enabled":true,"_links":{"self":[{"href":"https:\/\/pulso27.com\/en\/wp-json\/wp\/v2\/posts\/6172","targetHints":{"allow":["GET"]}}],"collection":[{"href":"https:\/\/pulso27.com\/en\/wp-json\/wp\/v2\/posts"}],"about":[{"href":"https:\/\/pulso27.com\/en\/wp-json\/wp\/v2\/types\/post"}],"author":[{"embeddable":true,"href":"https:\/\/pulso27.com\/en\/wp-json\/wp\/v2\/users\/7"}],"replies":[{"embeddable":true,"href":"https:\/\/pulso27.com\/en\/wp-json\/wp\/v2\/comments?post=6172"}],"version-history":[{"count":1,"href":"https:\/\/pulso27.com\/en\/wp-json\/wp\/v2\/posts\/6172\/revisions"}],"predecessor-version":[{"id":6177,"href":"https:\/\/pulso27.com\/en\/wp-json\/wp\/v2\/posts\/6172\/revisions\/6177"}],"wp:featuredmedia":[{"embeddable":true,"href":"https:\/\/pulso27.com\/en\/wp-json\/wp\/v2\/media\/6173"}],"wp:attachment":[{"href":"https:\/\/pulso27.com\/en\/wp-json\/wp\/v2\/media?parent=6172"}],"wp:term":[{"taxonomy":"category","embeddable":true,"href":"https:\/\/pulso27.com\/en\/wp-json\/wp\/v2\/categories?post=6172"},{"taxonomy":"post_tag","embeddable":true,"href":"https:\/\/pulso27.com\/en\/wp-json\/wp\/v2\/tags?post=6172"}],"curies":[{"name":"wp","href":"https:\/\/api.w.org\/{rel}","templated":true}]}}