{"id":6178,"date":"2025-08-31T07:24:04","date_gmt":"2025-08-31T02:24:04","guid":{"rendered":"https:\/\/pulso27.com\/?p=6178"},"modified":"2025-08-31T07:24:10","modified_gmt":"2025-08-31T02:24:10","slug":"rechazo-a-milei-en-argentina-refleja-rechazo-a-politicas-neoliberales","status":"publish","type":"post","link":"https:\/\/pulso27.com\/en\/actualidad\/politica\/rechazo-a-milei-en-argentina-refleja-rechazo-a-politicas-neoliberales\/","title":{"rendered":"Rechazo a Milei en Argentina refleja rechazo a pol\u00edticas neoliberales"},"content":{"rendered":"<p>El presidente argentino, Javier Milei, fue evacuado de un acto de campa\u00f1a en Lomas de Zamora, provincia de Buenos Aires, tras ser atacado con piedras y botellas por manifestantes opositores. El incidente ocurri\u00f3 durante una caravana proselitista junto a su hermana, Karina Milei, y el candidato Jos\u00e9 Luis Espert, a d\u00edas de las elecciones legislativas del 7 de septiembre. Los agresores, que gritaban \u201c\u00a1Fuera Milei!\u201d, denunciaban presuntos casos de corrupci\u00f3n y el impacto de las pol\u00edticas neoliberales del gobierno.<\/p>\n\n\n\n<p>El ataque evidencia el creciente descontento social en Argentina, donde las medidas de ajuste fiscal, desregulaci\u00f3n y recortes impulsadas por Milei han generado protestas en las \u00faltimas semanas. Sindicatos y movimientos sociales critican el aumento de la inflaci\u00f3n yintregraci\u00f3n y el desempleo, que han golpeado a los sectores populares. El gobierno atribuy\u00f3 el incidente al kirchnerismo, acus\u00e1ndolo de intentar desestabilizar la campa\u00f1a electoral.<\/p>\n\n\n\n<p>La polarizaci\u00f3n en Argentina se intensifica a medida que se acercan las elecciones. Mientras Milei defiende su agenda econ\u00f3mica, las manifestaciones en Buenos Aires, C\u00f3rdoba y otras ciudades reflejan un rechazo creciente a su modelo, que muchos asocian con una profundizaci\u00f3n de la crisis econ\u00f3mica.<\/p>","protected":false},"excerpt":{"rendered":"<p>El presidente argentino, Javier Milei, fue evacuado de un acto de campa\u00f1a en Lomas de Zamora, provincia de Buenos Aires, tras ser atacado con piedras y botellas por manifestantes opositores. El incidente ocurri\u00f3 durante una caravana proselitista junto a su hermana, Karina Milei, y el candidato Jos\u00e9 Luis Espert, a d\u00edas de las elecciones legislativas [&hellip;]<\/p>\n","protected":false},"author":13,"featured_media":6180,"comment_status":"open","ping_status":"open","sticky":false,"template":"","format":"standard","meta":{"footnotes":""},"categories":[173,180],"tags":[397,2465,2467,395,2466],"class_list":["post-6178","post","type-post","status-publish","format-standard","has-post-thumbnail","hentry","category-internacional","category-politica","tag-argentina","tag-buenos-aires","tag-crisis","tag-milei","tag-polarizacion"],"yoast_head":"<!-- This site is optimized with the Yoast SEO plugin v27.4 - https:\/\/yoast.com\/product\/yoast-seo-wordpress\/ -->\n<title>Rechazo a Milei en Argentina refleja rechazo a pol\u00edticas neoliberales - Pulso27<\/title>\n<meta name=\"robots\" content=\"index, follow, max-snippet:-1, max-image-preview:large, max-video-preview:-1\" \/>\n<link rel=\"canonical\" href=\"https:\/\/pulso27.com\/en\/actualidad\/politica\/rechazo-a-milei-en-argentina-refleja-rechazo-a-politicas-neoliberales\/\" \/>\n<meta property=\"og:locale\" content=\"en_US\" \/>\n<meta property=\"og:type\" content=\"article\" \/>\n<meta property=\"og:title\" content=\"Rechazo a Milei en Argentina refleja rechazo a pol\u00edticas neoliberales - Pulso27\" \/>\n<meta property=\"og:description\" content=\"El presidente argentino, Javier Milei, fue evacuado de un acto de campa\u00f1a en Lomas de Zamora, provincia de Buenos Aires, tras ser atacado con piedras y botellas por manifestantes opositores. El incidente ocurri\u00f3 durante una caravana proselitista junto a su hermana, Karina Milei, y el candidato Jos\u00e9 Luis Espert, a d\u00edas de las elecciones legislativas [&hellip;]\" \/>\n<meta property=\"og:url\" content=\"https:\/\/pulso27.com\/en\/actualidad\/politica\/rechazo-a-milei-en-argentina-refleja-rechazo-a-politicas-neoliberales\/\" \/>\n<meta property=\"og:site_name\" content=\"Pulso27\" \/>\n<meta property=\"article:publisher\" content=\"https:\/\/www.facebook.com\/pulso27\/\" \/>\n<meta property=\"article:published_time\" content=\"2025-08-31T02:24:04+00:00\" \/>\n<meta property=\"article:modified_time\" content=\"2025-08-31T02:24:10+00:00\" \/>\n<meta property=\"og:image\" content=\"https:\/\/pulso27.com\/wp-content\/uploads\/2025\/08\/Milei-1.png\" \/>\n\t<meta property=\"og:image:width\" content=\"1280\" \/>\n\t<meta property=\"og:image:height\" content=\"800\" \/>\n\t<meta property=\"og:image:type\" content=\"image\/png\" \/>\n<meta name=\"author\" content=\"Redactor\" \/>\n<meta name=\"twitter:card\" content=\"summary_large_image\" \/>\n<meta name=\"twitter:creator\" content=\"@Pulso_27\" \/>\n<meta name=\"twitter:site\" content=\"@Pulso_27\" \/>\n<meta name=\"twitter:label1\" content=\"Written by\" \/>\n\t<meta name=\"twitter:data1\" content=\"Redactor\" \/>\n\t<meta name=\"twitter:label2\" content=\"Est. reading time\" \/>\n\t<meta name=\"twitter:data2\" content=\"2 minutes\" \/>\n<script type=\"application\/ld+json\" class=\"yoast-schema-graph\">{\"@context\":\"https:\\\/\\\/schema.org\",\"@graph\":[{\"@type\":\"Article\",\"@id\":\"https:\\\/\\\/pulso27.com\\\/actualidad\\\/politica\\\/rechazo-a-milei-en-argentina-refleja-rechazo-a-politicas-neoliberales\\\/#article\",\"isPartOf\":{\"@id\":\"https:\\\/\\\/pulso27.com\\\/actualidad\\\/politica\\\/rechazo-a-milei-en-argentina-refleja-rechazo-a-politicas-neoliberales\\\/\"},\"author\":{\"name\":\"Redactor\",\"@id\":\"https:\\\/\\\/pulso27.com\\\/en\\\/#\\\/schema\\\/person\\\/bf5ee161e6c87f6c7d57f5e689ef8526\"},\"headline\":\"Rechazo a Milei en Argentina refleja rechazo a pol\u00edticas neoliberales\",\"datePublished\":\"2025-08-31T02:24:04+00:00\",\"dateModified\":\"2025-08-31T02:24:10+00:00\",\"mainEntityOfPage\":{\"@id\":\"https:\\\/\\\/pulso27.com\\\/actualidad\\\/politica\\\/rechazo-a-milei-en-argentina-refleja-rechazo-a-politicas-neoliberales\\\/\"},\"wordCount\":211,\"commentCount\":0,\"publisher\":{\"@id\":\"https:\\\/\\\/pulso27.com\\\/en\\\/#organization\"},\"image\":{\"@id\":\"https:\\\/\\\/pulso27.com\\\/actualidad\\\/politica\\\/rechazo-a-milei-en-argentina-refleja-rechazo-a-politicas-neoliberales\\\/#primaryimage\"},\"thumbnailUrl\":\"https:\\\/\\\/pulso27.com\\\/wp-content\\\/uploads\\\/2025\\\/08\\\/Milei-1.png\",\"keywords\":[\"Argentina\",\"Buenos Aires\",\"Crisis\",\"Milei\",\"Polarizaci\u00f3n\"],\"articleSection\":[\"Internacional\",\"Pol\u00edtica\"],\"inLanguage\":\"en-US\",\"potentialAction\":[{\"@type\":\"CommentAction\",\"name\":\"Comment\",\"target\":[\"https:\\\/\\\/pulso27.com\\\/actualidad\\\/politica\\\/rechazo-a-milei-en-argentina-refleja-rechazo-a-politicas-neoliberales\\\/#respond\"]}]},{\"@type\":\"WebPage\",\"@id\":\"https:\\\/\\\/pulso27.com\\\/actualidad\\\/politica\\\/rechazo-a-milei-en-argentina-refleja-rechazo-a-politicas-neoliberales\\\/\",\"url\":\"https:\\\/\\\/pulso27.com\\\/actualidad\\\/politica\\\/rechazo-a-milei-en-argentina-refleja-rechazo-a-politicas-neoliberales\\\/\",\"name\":\"Rechazo a Milei en Argentina refleja rechazo a pol\u00edticas neoliberales - Pulso27\",\"isPartOf\":{\"@id\":\"https:\\\/\\\/pulso27.com\\\/en\\\/#website\"},\"primaryImageOfPage\":{\"@id\":\"https:\\\/\\\/pulso27.com\\\/actualidad\\\/politica\\\/rechazo-a-milei-en-argentina-refleja-rechazo-a-politicas-neoliberales\\\/#primaryimage\"},\"image\":{\"@id\":\"https:\\\/\\\/pulso27.com\\\/actualidad\\\/politica\\\/rechazo-a-milei-en-argentina-refleja-rechazo-a-politicas-neoliberales\\\/#primaryimage\"},\"thumbnailUrl\":\"https:\\\/\\\/pulso27.com\\\/wp-content\\\/uploads\\\/2025\\\/08\\\/Milei-1.png\",\"datePublished\":\"2025-08-31T02:24:04+00:00\",\"dateModified\":\"2025-08-31T02:24:10+00:00\",\"breadcrumb\":{\"@id\":\"https:\\\/\\\/pulso27.com\\\/actualidad\\\/politica\\\/rechazo-a-milei-en-argentina-refleja-rechazo-a-politicas-neoliberales\\\/#breadcrumb\"},\"inLanguage\":\"en-US\",\"potentialAction\":[{\"@type\":\"ReadAction\",\"target\":[\"https:\\\/\\\/pulso27.com\\\/actualidad\\\/politica\\\/rechazo-a-milei-en-argentina-refleja-rechazo-a-politicas-neoliberales\\\/\"]}]},{\"@type\":\"ImageObject\",\"inLanguage\":\"en-US\",\"@id\":\"https:\\\/\\\/pulso27.com\\\/actualidad\\\/politica\\\/rechazo-a-milei-en-argentina-refleja-rechazo-a-politicas-neoliberales\\\/#primaryimage\",\"url\":\"https:\\\/\\\/pulso27.com\\\/wp-content\\\/uploads\\\/2025\\\/08\\\/Milei-1.png\",\"contentUrl\":\"https:\\\/\\\/pulso27.com\\\/wp-content\\\/uploads\\\/2025\\\/08\\\/Milei-1.png\",\"width\":1280,\"height\":800},{\"@type\":\"BreadcrumbList\",\"@id\":\"https:\\\/\\\/pulso27.com\\\/actualidad\\\/politica\\\/rechazo-a-milei-en-argentina-refleja-rechazo-a-politicas-neoliberales\\\/#breadcrumb\",\"itemListElement\":[{\"@type\":\"ListItem\",\"position\":1,\"name\":\"Portada\",\"item\":\"https:\\\/\\\/pulso27.com\\\/\"},{\"@type\":\"ListItem\",\"position\":2,\"name\":\"Rechazo a Milei en Argentina refleja rechazo a pol\u00edticas neoliberales\"}]},{\"@type\":\"WebSite\",\"@id\":\"https:\\\/\\\/pulso27.com\\\/en\\\/#website\",\"url\":\"https:\\\/\\\/pulso27.com\\\/en\\\/\",\"name\":\"Pulso27\",\"description\":\"Web de noticias y publicidad\",\"publisher\":{\"@id\":\"https:\\\/\\\/pulso27.com\\\/en\\\/#organization\"},\"alternateName\":\"El pulso del pueblo\",\"potentialAction\":[{\"@type\":\"SearchAction\",\"target\":{\"@type\":\"EntryPoint\",\"urlTemplate\":\"https:\\\/\\\/pulso27.com\\\/en\\\/?s={search_term_string}\"},\"query-input\":{\"@type\":\"PropertyValueSpecification\",\"valueRequired\":true,\"valueName\":\"search_term_string\"}}],\"inLanguage\":\"en-US\"},{\"@type\":\"Organization\",\"@id\":\"https:\\\/\\\/pulso27.com\\\/en\\\/#organization\",\"name\":\"Pulso27\",\"url\":\"https:\\\/\\\/pulso27.com\\\/en\\\/\",\"logo\":{\"@type\":\"ImageObject\",\"inLanguage\":\"en-US\",\"@id\":\"https:\\\/\\\/pulso27.com\\\/en\\\/#\\\/schema\\\/logo\\\/image\\\/\",\"url\":\"https:\\\/\\\/pulso27.com\\\/wp-content\\\/uploads\\\/2026\\\/02\\\/Logotipo-de-la-organizacion-696-x-696-px-ok.png\",\"contentUrl\":\"https:\\\/\\\/pulso27.com\\\/wp-content\\\/uploads\\\/2026\\\/02\\\/Logotipo-de-la-organizacion-696-x-696-px-ok.png\",\"width\":696,\"height\":696,\"caption\":\"Pulso27\"},\"image\":{\"@id\":\"https:\\\/\\\/pulso27.com\\\/en\\\/#\\\/schema\\\/logo\\\/image\\\/\"},\"sameAs\":[\"https:\\\/\\\/www.facebook.com\\\/pulso27\\\/\",\"https:\\\/\\\/x.com\\\/Pulso_27\",\"https:\\\/\\\/www.youtube.com\\\/@Pulso27\",\"https:\\\/\\\/www.tiktok.com\\\/@pulso_27\"]},{\"@type\":\"Person\",\"@id\":\"https:\\\/\\\/pulso27.com\\\/en\\\/#\\\/schema\\\/person\\\/bf5ee161e6c87f6c7d57f5e689ef8526\",\"name\":\"Redactor\",\"image\":{\"@type\":\"ImageObject\",\"inLanguage\":\"en-US\",\"@id\":\"https:\\\/\\\/pulso27.com\\\/wp-content\\\/uploads\\\/2025\\\/03\\\/a-150x150.png\",\"url\":\"https:\\\/\\\/pulso27.com\\\/wp-content\\\/uploads\\\/2025\\\/03\\\/a-150x150.png\",\"contentUrl\":\"https:\\\/\\\/pulso27.com\\\/wp-content\\\/uploads\\\/2025\\\/03\\\/a-150x150.png\",\"caption\":\"Redactor\"},\"sameAs\":[\"http:\\\/\\\/www.pulso27.com\"],\"url\":\"https:\\\/\\\/pulso27.com\\\/en\\\/author\\\/redactor\\\/\"}]}<\/script>\n<!-- \/ Yoast SEO plugin. -->","yoast_head_json":{"title":"Rechazo a Milei en Argentina refleja rechazo a pol\u00edticas neoliberales - Pulso27","robots":{"index":"index","follow":"follow","max-snippet":"max-snippet:-1","max-image-preview":"max-image-preview:large","max-video-preview":"max-video-preview:-1"},"canonical":"https:\/\/pulso27.com\/en\/actualidad\/politica\/rechazo-a-milei-en-argentina-refleja-rechazo-a-politicas-neoliberales\/","og_locale":"en_US","og_type":"article","og_title":"Rechazo a Milei en Argentina refleja rechazo a pol\u00edticas neoliberales - Pulso27","og_description":"El presidente argentino, Javier Milei, fue evacuado de un acto de campa\u00f1a en Lomas de Zamora, provincia de Buenos Aires, tras ser atacado con piedras y botellas por manifestantes opositores. El incidente ocurri\u00f3 durante una caravana proselitista junto a su hermana, Karina Milei, y el candidato Jos\u00e9 Luis Espert, a d\u00edas de las elecciones legislativas [&hellip;]","og_url":"https:\/\/pulso27.com\/en\/actualidad\/politica\/rechazo-a-milei-en-argentina-refleja-rechazo-a-politicas-neoliberales\/","og_site_name":"Pulso27","article_publisher":"https:\/\/www.facebook.com\/pulso27\/","article_published_time":"2025-08-31T02:24:04+00:00","article_modified_time":"2025-08-31T02:24:10+00:00","og_image":[{"width":1280,"height":800,"url":"https:\/\/pulso27.com\/wp-content\/uploads\/2025\/08\/Milei-1.png","type":"image\/png"}],"author":"Redactor","twitter_card":"summary_large_image","twitter_creator":"@Pulso_27","twitter_site":"@Pulso_27","twitter_misc":{"Written by":"Redactor","Est. reading time":"2 minutes"},"schema":{"@context":"https:\/\/schema.org","@graph":[{"@type":"Article","@id":"https:\/\/pulso27.com\/actualidad\/politica\/rechazo-a-milei-en-argentina-refleja-rechazo-a-politicas-neoliberales\/#article","isPartOf":{"@id":"https:\/\/pulso27.com\/actualidad\/politica\/rechazo-a-milei-en-argentina-refleja-rechazo-a-politicas-neoliberales\/"},"author":{"name":"Redactor","@id":"https:\/\/pulso27.com\/en\/#\/schema\/person\/bf5ee161e6c87f6c7d57f5e689ef8526"},"headline":"Rechazo a Milei en Argentina refleja rechazo a pol\u00edticas neoliberales","datePublished":"2025-08-31T02:24:04+00:00","dateModified":"2025-08-31T02:24:10+00:00","mainEntityOfPage":{"@id":"https:\/\/pulso27.com\/actualidad\/politica\/rechazo-a-milei-en-argentina-refleja-rechazo-a-politicas-neoliberales\/"},"wordCount":211,"commentCount":0,"publisher":{"@id":"https:\/\/pulso27.com\/en\/#organization"},"image":{"@id":"https:\/\/pulso27.com\/actualidad\/politica\/rechazo-a-milei-en-argentina-refleja-rechazo-a-politicas-neoliberales\/#primaryimage"},"thumbnailUrl":"https:\/\/pulso27.com\/wp-content\/uploads\/2025\/08\/Milei-1.png","keywords":["Argentina","Buenos Aires","Crisis","Milei","Polarizaci\u00f3n"],"articleSection":["Internacional","Pol\u00edtica"],"inLanguage":"en-US","potentialAction":[{"@type":"CommentAction","name":"Comment","target":["https:\/\/pulso27.com\/actualidad\/politica\/rechazo-a-milei-en-argentina-refleja-rechazo-a-politicas-neoliberales\/#respond"]}]},{"@type":"WebPage","@id":"https:\/\/pulso27.com\/actualidad\/politica\/rechazo-a-milei-en-argentina-refleja-rechazo-a-politicas-neoliberales\/","url":"https:\/\/pulso27.com\/actualidad\/politica\/rechazo-a-milei-en-argentina-refleja-rechazo-a-politicas-neoliberales\/","name":"Rechazo a Milei en Argentina refleja rechazo a pol\u00edticas neoliberales - Pulso27","isPartOf":{"@id":"https:\/\/pulso27.com\/en\/#website"},"primaryImageOfPage":{"@id":"https:\/\/pulso27.com\/actualidad\/politica\/rechazo-a-milei-en-argentina-refleja-rechazo-a-politicas-neoliberales\/#primaryimage"},"image":{"@id":"https:\/\/pulso27.com\/actualidad\/politica\/rechazo-a-milei-en-argentina-refleja-rechazo-a-politicas-neoliberales\/#primaryimage"},"thumbnailUrl":"https:\/\/pulso27.com\/wp-content\/uploads\/2025\/08\/Milei-1.png","datePublished":"2025-08-31T02:24:04+00:00","dateModified":"2025-08-31T02:24:10+00:00","breadcrumb":{"@id":"https:\/\/pulso27.com\/actualidad\/politica\/rechazo-a-milei-en-argentina-refleja-rechazo-a-politicas-neoliberales\/#breadcrumb"},"inLanguage":"en-US","potentialAction":[{"@type":"ReadAction","target":["https:\/\/pulso27.com\/actualidad\/politica\/rechazo-a-milei-en-argentina-refleja-rechazo-a-politicas-neoliberales\/"]}]},{"@type":"ImageObject","inLanguage":"en-US","@id":"https:\/\/pulso27.com\/actualidad\/politica\/rechazo-a-milei-en-argentina-refleja-rechazo-a-politicas-neoliberales\/#primaryimage","url":"https:\/\/pulso27.com\/wp-content\/uploads\/2025\/08\/Milei-1.png","contentUrl":"https:\/\/pulso27.com\/wp-content\/uploads\/2025\/08\/Milei-1.png","width":1280,"height":800},{"@type":"BreadcrumbList","@id":"https:\/\/pulso27.com\/actualidad\/politica\/rechazo-a-milei-en-argentina-refleja-rechazo-a-politicas-neoliberales\/#breadcrumb","itemListElement":[{"@type":"ListItem","position":1,"name":"Portada","item":"https:\/\/pulso27.com\/"},{"@type":"ListItem","position":2,"name":"Rechazo a Milei en Argentina refleja rechazo a pol\u00edticas neoliberales"}]},{"@type":"WebSite","@id":"https:\/\/pulso27.com\/en\/#website","url":"https:\/\/pulso27.com\/en\/","name":"Pulso27","description":"Web de noticias y publicidad","publisher":{"@id":"https:\/\/pulso27.com\/en\/#organization"},"alternateName":"El pulso del pueblo","potentialAction":[{"@type":"SearchAction","target":{"@type":"EntryPoint","urlTemplate":"https:\/\/pulso27.com\/en\/?s={search_term_string}"},"query-input":{"@type":"PropertyValueSpecification","valueRequired":true,"valueName":"search_term_string"}}],"inLanguage":"en-US"},{"@type":"Organization","@id":"https:\/\/pulso27.com\/en\/#organization","name":"Pulso27","url":"https:\/\/pulso27.com\/en\/","logo":{"@type":"ImageObject","inLanguage":"en-US","@id":"https:\/\/pulso27.com\/en\/#\/schema\/logo\/image\/","url":"https:\/\/pulso27.com\/wp-content\/uploads\/2026\/02\/Logotipo-de-la-organizacion-696-x-696-px-ok.png","contentUrl":"https:\/\/pulso27.com\/wp-content\/uploads\/2026\/02\/Logotipo-de-la-organizacion-696-x-696-px-ok.png","width":696,"height":696,"caption":"Pulso27"},"image":{"@id":"https:\/\/pulso27.com\/en\/#\/schema\/logo\/image\/"},"sameAs":["https:\/\/www.facebook.com\/pulso27\/","https:\/\/x.com\/Pulso_27","https:\/\/www.youtube.com\/@Pulso27","https:\/\/www.tiktok.com\/@pulso_27"]},{"@type":"Person","@id":"https:\/\/pulso27.com\/en\/#\/schema\/person\/bf5ee161e6c87f6c7d57f5e689ef8526","name":"Redactor","image":{"@type":"ImageObject","inLanguage":"en-US","@id":"https:\/\/pulso27.com\/wp-content\/uploads\/2025\/03\/a-150x150.png","url":"https:\/\/pulso27.com\/wp-content\/uploads\/2025\/03\/a-150x150.png","contentUrl":"https:\/\/pulso27.com\/wp-content\/uploads\/2025\/03\/a-150x150.png","caption":"Redactor"},"sameAs":["http:\/\/www.pulso27.com"],"url":"https:\/\/pulso27.com\/en\/author\/redactor\/"}]}},"amp_enabled":true,"_links":{"self":[{"href":"https:\/\/pulso27.com\/en\/wp-json\/wp\/v2\/posts\/6178","targetHints":{"allow":["GET"]}}],"collection":[{"href":"https:\/\/pulso27.com\/en\/wp-json\/wp\/v2\/posts"}],"about":[{"href":"https:\/\/pulso27.com\/en\/wp-json\/wp\/v2\/types\/post"}],"author":[{"embeddable":true,"href":"https:\/\/pulso27.com\/en\/wp-json\/wp\/v2\/users\/13"}],"replies":[{"embeddable":true,"href":"https:\/\/pulso27.com\/en\/wp-json\/wp\/v2\/comments?post=6178"}],"version-history":[{"count":1,"href":"https:\/\/pulso27.com\/en\/wp-json\/wp\/v2\/posts\/6178\/revisions"}],"predecessor-version":[{"id":6184,"href":"https:\/\/pulso27.com\/en\/wp-json\/wp\/v2\/posts\/6178\/revisions\/6184"}],"wp:featuredmedia":[{"embeddable":true,"href":"https:\/\/pulso27.com\/en\/wp-json\/wp\/v2\/media\/6180"}],"wp:attachment":[{"href":"https:\/\/pulso27.com\/en\/wp-json\/wp\/v2\/media?parent=6178"}],"wp:term":[{"taxonomy":"category","embeddable":true,"href":"https:\/\/pulso27.com\/en\/wp-json\/wp\/v2\/categories?post=6178"},{"taxonomy":"post_tag","embeddable":true,"href":"https:\/\/pulso27.com\/en\/wp-json\/wp\/v2\/tags?post=6178"}],"curies":[{"name":"wp","href":"https:\/\/api.w.org\/{rel}","templated":true}]}}