{"id":6198,"date":"2025-09-04T10:50:40","date_gmt":"2025-09-04T05:50:40","guid":{"rendered":"https:\/\/pulso27.com\/?p=6198"},"modified":"2025-09-04T10:50:46","modified_gmt":"2025-09-04T05:50:46","slug":"fuerte-oposicion-a-la-construccion-del-penal-en-el-fronton-impulsada-por-dina-boluarte","status":"publish","type":"post","link":"https:\/\/pulso27.com\/en\/actualidad\/policial\/fuerte-oposicion-a-la-construccion-del-penal-en-el-fronton-impulsada-por-dina-boluarte\/","title":{"rendered":"Fuerte oposici\u00f3n a la construcci\u00f3n del penal en El Front\u00f3n impulsada por Dina Boluarte"},"content":{"rendered":"<p>La presidenta de Per\u00fa, Dina Boluarte, ha impulsado con decisi\u00f3n la construcci\u00f3n de un nuevo penal en la isla El Front\u00f3n, en el Callao, destinado a albergar a 2,000 reos de alta peligrosidad, con una inversi\u00f3n estimada de 500 millones de soles. La iniciativa, presentada como una soluci\u00f3n al hacinamiento carcelario y un golpe contra el crimen organizado, ha sido promovida con rapidez, incluyendo la firma de un convenio interministerial el 3 de septiembre entre los ministerios de Justicia, Defensa y Vivienda. Sin embargo, la propuesta enfrenta un creciente rechazo por parte de autoridades locales, expertos y ciudadanos, quienes cuestionan su viabilidad t\u00e9cnica, impacto ambiental y altos costos log\u00edsticos, adem\u00e1s de se\u00f1alar la falta de estudios t\u00e9cnicos transparentes que justifiquen la obra.<\/p>\n\n\n\n<p>Cr\u00edticos como el exjefe del INPE, Javier Llaque, han advertido que el proyecto podr\u00eda costar hasta 5,000 millones de soles, un monto con el que se podr\u00edan construir m\u00faltiples penales en ubicaciones m\u00e1s accesibles, cuestionando la eficiencia de la inversi\u00f3n. El alcalde de La Punta, Ram\u00f3n Garay, ha expresado su preocupaci\u00f3n por el impacto negativo en la seguridad y el turismo del distrito, argumentando que la presencia del penal alterar\u00eda la tranquilidad de una de las zonas m\u00e1s seguras del pa\u00eds. Adem\u00e1s, un informe del INPE de 2023 ya hab\u00eda desestimado la reapertura de El Front\u00f3n por la falta de servicios b\u00e1sicos como agua, electricidad y desag\u00fce, as\u00ed como por los elevados costos operativos derivados de su ubicaci\u00f3n insular, lo que dificulta el traslado de personal y suministros.<\/p>\n\n\n\n<p>A pesar de las cr\u00edticas, Boluarte y el ministro de Justicia, Juan Jos\u00e9 Santiv\u00e1\u00f1ez, insisten en la viabilidad del proyecto, afirmando que cuenta con evaluaciones t\u00e9cnicas y que las obras podr\u00edan comenzar en enero de 2026. La presidenta ha defendido la iniciativa como una \u201cdecisi\u00f3n valiente\u201d para combatir la delincuencia, aunque reconoci\u00f3 que no resolver\u00e1 por completo el hacinamiento carcelario. Sin embargo, la celeridad con la que se ha impulsado el proyecto, sin un debate p\u00fablico amplio ni claridad sobre los estudios de preinversi\u00f3n, genera dudas sobre su planificaci\u00f3n. Analistas como C\u00e9sar C\u00e1rdenas, extitular del INPE, se\u00f1alan que el tiempo restante de la gesti\u00f3n de Boluarte no ser\u00eda suficiente para concretar una obra de esta magnitud, lo que podr\u00eda dejar el proyecto inconcluso y con un alto costo para el erario nacional.<\/p>","protected":false},"excerpt":{"rendered":"<p>La presidenta de Per\u00fa, Dina Boluarte, ha impulsado con decisi\u00f3n la construcci\u00f3n de un nuevo penal en la isla El Front\u00f3n, en el Callao, destinado a albergar a 2,000 reos de alta peligrosidad, con una inversi\u00f3n estimada de 500 millones de soles. La iniciativa, presentada como una soluci\u00f3n al hacinamiento carcelario y un golpe contra [&hellip;]<\/p>\n","protected":false},"author":7,"featured_media":6199,"comment_status":"open","ping_status":"open","sticky":false,"template":"","format":"standard","meta":{"footnotes":""},"categories":[183,174,178],"tags":[2025,2475,2085,2011,2474],"class_list":["post-6198","post","type-post","status-publish","format-standard","has-post-thumbnail","hentry","category-actualidad","category-nacional","category-policial","tag-callao","tag-el-fronton","tag-inpe","tag-minjusdh","tag-penal"],"yoast_head":"<!-- This site is optimized with the Yoast SEO plugin v27.4 - https:\/\/yoast.com\/product\/yoast-seo-wordpress\/ -->\n<title>Fuerte oposici\u00f3n a la construcci\u00f3n del penal en El Front\u00f3n impulsada por Dina Boluarte - Pulso27<\/title>\n<meta name=\"robots\" content=\"index, follow, max-snippet:-1, max-image-preview:large, max-video-preview:-1\" \/>\n<link rel=\"canonical\" href=\"https:\/\/pulso27.com\/en\/actualidad\/policial\/fuerte-oposicion-a-la-construccion-del-penal-en-el-fronton-impulsada-por-dina-boluarte\/\" \/>\n<meta property=\"og:locale\" content=\"en_US\" \/>\n<meta property=\"og:type\" content=\"article\" \/>\n<meta property=\"og:title\" content=\"Fuerte oposici\u00f3n a la construcci\u00f3n del penal en El Front\u00f3n impulsada por Dina Boluarte - Pulso27\" \/>\n<meta property=\"og:description\" content=\"La presidenta de Per\u00fa, Dina Boluarte, ha impulsado con decisi\u00f3n la construcci\u00f3n de un nuevo penal en la isla El Front\u00f3n, en el Callao, destinado a albergar a 2,000 reos de alta peligrosidad, con una inversi\u00f3n estimada de 500 millones de soles. La iniciativa, presentada como una soluci\u00f3n al hacinamiento carcelario y un golpe contra [&hellip;]\" \/>\n<meta property=\"og:url\" content=\"https:\/\/pulso27.com\/en\/actualidad\/policial\/fuerte-oposicion-a-la-construccion-del-penal-en-el-fronton-impulsada-por-dina-boluarte\/\" \/>\n<meta property=\"og:site_name\" content=\"Pulso27\" \/>\n<meta property=\"article:publisher\" content=\"https:\/\/www.facebook.com\/pulso27\/\" \/>\n<meta property=\"article:published_time\" content=\"2025-09-04T05:50:40+00:00\" \/>\n<meta property=\"article:modified_time\" content=\"2025-09-04T05:50:46+00:00\" \/>\n<meta property=\"og:image\" content=\"https:\/\/pulso27.com\/wp-content\/uploads\/2025\/09\/Fronton.png\" \/>\n\t<meta property=\"og:image:width\" content=\"1280\" \/>\n\t<meta property=\"og:image:height\" content=\"800\" \/>\n\t<meta property=\"og:image:type\" content=\"image\/png\" \/>\n<meta name=\"author\" content=\"Tupaq\" \/>\n<meta name=\"twitter:card\" content=\"summary_large_image\" \/>\n<meta name=\"twitter:creator\" content=\"@Pulso_27\" \/>\n<meta name=\"twitter:site\" content=\"@Pulso_27\" \/>\n<meta name=\"twitter:label1\" content=\"Written by\" \/>\n\t<meta name=\"twitter:data1\" content=\"Tupaq\" \/>\n\t<meta name=\"twitter:label2\" content=\"Est. reading time\" \/>\n\t<meta name=\"twitter:data2\" content=\"2 minutes\" \/>\n<script type=\"application\/ld+json\" class=\"yoast-schema-graph\">{\"@context\":\"https:\\\/\\\/schema.org\",\"@graph\":[{\"@type\":\"Article\",\"@id\":\"https:\\\/\\\/pulso27.com\\\/actualidad\\\/policial\\\/fuerte-oposicion-a-la-construccion-del-penal-en-el-fronton-impulsada-por-dina-boluarte\\\/#article\",\"isPartOf\":{\"@id\":\"https:\\\/\\\/pulso27.com\\\/actualidad\\\/policial\\\/fuerte-oposicion-a-la-construccion-del-penal-en-el-fronton-impulsada-por-dina-boluarte\\\/\"},\"author\":{\"name\":\"Tupaq\",\"@id\":\"https:\\\/\\\/pulso27.com\\\/en\\\/#\\\/schema\\\/person\\\/d20fd7f5bc7f2e53fd150d43fca07a78\"},\"headline\":\"Fuerte oposici\u00f3n a la construcci\u00f3n del penal en El Front\u00f3n impulsada por Dina Boluarte\",\"datePublished\":\"2025-09-04T05:50:40+00:00\",\"dateModified\":\"2025-09-04T05:50:46+00:00\",\"mainEntityOfPage\":{\"@id\":\"https:\\\/\\\/pulso27.com\\\/actualidad\\\/policial\\\/fuerte-oposicion-a-la-construccion-del-penal-en-el-fronton-impulsada-por-dina-boluarte\\\/\"},\"wordCount\":434,\"commentCount\":0,\"publisher\":{\"@id\":\"https:\\\/\\\/pulso27.com\\\/en\\\/#organization\"},\"image\":{\"@id\":\"https:\\\/\\\/pulso27.com\\\/actualidad\\\/policial\\\/fuerte-oposicion-a-la-construccion-del-penal-en-el-fronton-impulsada-por-dina-boluarte\\\/#primaryimage\"},\"thumbnailUrl\":\"https:\\\/\\\/pulso27.com\\\/wp-content\\\/uploads\\\/2025\\\/09\\\/Fronton.png\",\"keywords\":[\"Callao\",\"El Front\u00f3n\",\"INPE\",\"MINJUSDH\",\"Penal\"],\"articleSection\":[\"Actualidad\",\"Nacional\",\"Policial\"],\"inLanguage\":\"en-US\",\"potentialAction\":[{\"@type\":\"CommentAction\",\"name\":\"Comment\",\"target\":[\"https:\\\/\\\/pulso27.com\\\/actualidad\\\/policial\\\/fuerte-oposicion-a-la-construccion-del-penal-en-el-fronton-impulsada-por-dina-boluarte\\\/#respond\"]}]},{\"@type\":\"WebPage\",\"@id\":\"https:\\\/\\\/pulso27.com\\\/actualidad\\\/policial\\\/fuerte-oposicion-a-la-construccion-del-penal-en-el-fronton-impulsada-por-dina-boluarte\\\/\",\"url\":\"https:\\\/\\\/pulso27.com\\\/actualidad\\\/policial\\\/fuerte-oposicion-a-la-construccion-del-penal-en-el-fronton-impulsada-por-dina-boluarte\\\/\",\"name\":\"Fuerte oposici\u00f3n a la construcci\u00f3n del penal en El Front\u00f3n impulsada por Dina Boluarte - Pulso27\",\"isPartOf\":{\"@id\":\"https:\\\/\\\/pulso27.com\\\/en\\\/#website\"},\"primaryImageOfPage\":{\"@id\":\"https:\\\/\\\/pulso27.com\\\/actualidad\\\/policial\\\/fuerte-oposicion-a-la-construccion-del-penal-en-el-fronton-impulsada-por-dina-boluarte\\\/#primaryimage\"},\"image\":{\"@id\":\"https:\\\/\\\/pulso27.com\\\/actualidad\\\/policial\\\/fuerte-oposicion-a-la-construccion-del-penal-en-el-fronton-impulsada-por-dina-boluarte\\\/#primaryimage\"},\"thumbnailUrl\":\"https:\\\/\\\/pulso27.com\\\/wp-content\\\/uploads\\\/2025\\\/09\\\/Fronton.png\",\"datePublished\":\"2025-09-04T05:50:40+00:00\",\"dateModified\":\"2025-09-04T05:50:46+00:00\",\"breadcrumb\":{\"@id\":\"https:\\\/\\\/pulso27.com\\\/actualidad\\\/policial\\\/fuerte-oposicion-a-la-construccion-del-penal-en-el-fronton-impulsada-por-dina-boluarte\\\/#breadcrumb\"},\"inLanguage\":\"en-US\",\"potentialAction\":[{\"@type\":\"ReadAction\",\"target\":[\"https:\\\/\\\/pulso27.com\\\/actualidad\\\/policial\\\/fuerte-oposicion-a-la-construccion-del-penal-en-el-fronton-impulsada-por-dina-boluarte\\\/\"]}]},{\"@type\":\"ImageObject\",\"inLanguage\":\"en-US\",\"@id\":\"https:\\\/\\\/pulso27.com\\\/actualidad\\\/policial\\\/fuerte-oposicion-a-la-construccion-del-penal-en-el-fronton-impulsada-por-dina-boluarte\\\/#primaryimage\",\"url\":\"https:\\\/\\\/pulso27.com\\\/wp-content\\\/uploads\\\/2025\\\/09\\\/Fronton.png\",\"contentUrl\":\"https:\\\/\\\/pulso27.com\\\/wp-content\\\/uploads\\\/2025\\\/09\\\/Fronton.png\",\"width\":1280,\"height\":800},{\"@type\":\"BreadcrumbList\",\"@id\":\"https:\\\/\\\/pulso27.com\\\/actualidad\\\/policial\\\/fuerte-oposicion-a-la-construccion-del-penal-en-el-fronton-impulsada-por-dina-boluarte\\\/#breadcrumb\",\"itemListElement\":[{\"@type\":\"ListItem\",\"position\":1,\"name\":\"Portada\",\"item\":\"https:\\\/\\\/pulso27.com\\\/\"},{\"@type\":\"ListItem\",\"position\":2,\"name\":\"Fuerte oposici\u00f3n a la construcci\u00f3n del penal en El Front\u00f3n impulsada por Dina Boluarte\"}]},{\"@type\":\"WebSite\",\"@id\":\"https:\\\/\\\/pulso27.com\\\/en\\\/#website\",\"url\":\"https:\\\/\\\/pulso27.com\\\/en\\\/\",\"name\":\"Pulso27\",\"description\":\"Web de noticias y publicidad\",\"publisher\":{\"@id\":\"https:\\\/\\\/pulso27.com\\\/en\\\/#organization\"},\"alternateName\":\"El pulso del pueblo\",\"potentialAction\":[{\"@type\":\"SearchAction\",\"target\":{\"@type\":\"EntryPoint\",\"urlTemplate\":\"https:\\\/\\\/pulso27.com\\\/en\\\/?s={search_term_string}\"},\"query-input\":{\"@type\":\"PropertyValueSpecification\",\"valueRequired\":true,\"valueName\":\"search_term_string\"}}],\"inLanguage\":\"en-US\"},{\"@type\":\"Organization\",\"@id\":\"https:\\\/\\\/pulso27.com\\\/en\\\/#organization\",\"name\":\"Pulso27\",\"url\":\"https:\\\/\\\/pulso27.com\\\/en\\\/\",\"logo\":{\"@type\":\"ImageObject\",\"inLanguage\":\"en-US\",\"@id\":\"https:\\\/\\\/pulso27.com\\\/en\\\/#\\\/schema\\\/logo\\\/image\\\/\",\"url\":\"https:\\\/\\\/pulso27.com\\\/wp-content\\\/uploads\\\/2026\\\/02\\\/Logotipo-de-la-organizacion-696-x-696-px-ok.png\",\"contentUrl\":\"https:\\\/\\\/pulso27.com\\\/wp-content\\\/uploads\\\/2026\\\/02\\\/Logotipo-de-la-organizacion-696-x-696-px-ok.png\",\"width\":696,\"height\":696,\"caption\":\"Pulso27\"},\"image\":{\"@id\":\"https:\\\/\\\/pulso27.com\\\/en\\\/#\\\/schema\\\/logo\\\/image\\\/\"},\"sameAs\":[\"https:\\\/\\\/www.facebook.com\\\/pulso27\\\/\",\"https:\\\/\\\/x.com\\\/Pulso_27\",\"https:\\\/\\\/www.youtube.com\\\/@Pulso27\",\"https:\\\/\\\/www.tiktok.com\\\/@pulso_27\"]},{\"@type\":\"Person\",\"@id\":\"https:\\\/\\\/pulso27.com\\\/en\\\/#\\\/schema\\\/person\\\/d20fd7f5bc7f2e53fd150d43fca07a78\",\"name\":\"Tupaq\",\"image\":{\"@type\":\"ImageObject\",\"inLanguage\":\"en-US\",\"@id\":\"https:\\\/\\\/secure.gravatar.com\\\/avatar\\\/7929e9b034aeea560319a601e4f04c59eb5f45a79eafe192adabb67e9604e7e7?s=96&d=mm&r=g\",\"url\":\"https:\\\/\\\/secure.gravatar.com\\\/avatar\\\/7929e9b034aeea560319a601e4f04c59eb5f45a79eafe192adabb67e9604e7e7?s=96&d=mm&r=g\",\"contentUrl\":\"https:\\\/\\\/secure.gravatar.com\\\/avatar\\\/7929e9b034aeea560319a601e4f04c59eb5f45a79eafe192adabb67e9604e7e7?s=96&d=mm&r=g\",\"caption\":\"Tupaq\"},\"url\":\"https:\\\/\\\/pulso27.com\\\/en\\\/author\\\/tupaq\\\/\"}]}<\/script>\n<!-- \/ Yoast SEO plugin. -->","yoast_head_json":{"title":"Fuerte oposici\u00f3n a la construcci\u00f3n del penal en El Front\u00f3n impulsada por Dina Boluarte - Pulso27","robots":{"index":"index","follow":"follow","max-snippet":"max-snippet:-1","max-image-preview":"max-image-preview:large","max-video-preview":"max-video-preview:-1"},"canonical":"https:\/\/pulso27.com\/en\/actualidad\/policial\/fuerte-oposicion-a-la-construccion-del-penal-en-el-fronton-impulsada-por-dina-boluarte\/","og_locale":"en_US","og_type":"article","og_title":"Fuerte oposici\u00f3n a la construcci\u00f3n del penal en El Front\u00f3n impulsada por Dina Boluarte - Pulso27","og_description":"La presidenta de Per\u00fa, Dina Boluarte, ha impulsado con decisi\u00f3n la construcci\u00f3n de un nuevo penal en la isla El Front\u00f3n, en el Callao, destinado a albergar a 2,000 reos de alta peligrosidad, con una inversi\u00f3n estimada de 500 millones de soles. La iniciativa, presentada como una soluci\u00f3n al hacinamiento carcelario y un golpe contra [&hellip;]","og_url":"https:\/\/pulso27.com\/en\/actualidad\/policial\/fuerte-oposicion-a-la-construccion-del-penal-en-el-fronton-impulsada-por-dina-boluarte\/","og_site_name":"Pulso27","article_publisher":"https:\/\/www.facebook.com\/pulso27\/","article_published_time":"2025-09-04T05:50:40+00:00","article_modified_time":"2025-09-04T05:50:46+00:00","og_image":[{"width":1280,"height":800,"url":"https:\/\/pulso27.com\/wp-content\/uploads\/2025\/09\/Fronton.png","type":"image\/png"}],"author":"Tupaq","twitter_card":"summary_large_image","twitter_creator":"@Pulso_27","twitter_site":"@Pulso_27","twitter_misc":{"Written by":"Tupaq","Est. reading time":"2 minutes"},"schema":{"@context":"https:\/\/schema.org","@graph":[{"@type":"Article","@id":"https:\/\/pulso27.com\/actualidad\/policial\/fuerte-oposicion-a-la-construccion-del-penal-en-el-fronton-impulsada-por-dina-boluarte\/#article","isPartOf":{"@id":"https:\/\/pulso27.com\/actualidad\/policial\/fuerte-oposicion-a-la-construccion-del-penal-en-el-fronton-impulsada-por-dina-boluarte\/"},"author":{"name":"Tupaq","@id":"https:\/\/pulso27.com\/en\/#\/schema\/person\/d20fd7f5bc7f2e53fd150d43fca07a78"},"headline":"Fuerte oposici\u00f3n a la construcci\u00f3n del penal en El Front\u00f3n impulsada por Dina Boluarte","datePublished":"2025-09-04T05:50:40+00:00","dateModified":"2025-09-04T05:50:46+00:00","mainEntityOfPage":{"@id":"https:\/\/pulso27.com\/actualidad\/policial\/fuerte-oposicion-a-la-construccion-del-penal-en-el-fronton-impulsada-por-dina-boluarte\/"},"wordCount":434,"commentCount":0,"publisher":{"@id":"https:\/\/pulso27.com\/en\/#organization"},"image":{"@id":"https:\/\/pulso27.com\/actualidad\/policial\/fuerte-oposicion-a-la-construccion-del-penal-en-el-fronton-impulsada-por-dina-boluarte\/#primaryimage"},"thumbnailUrl":"https:\/\/pulso27.com\/wp-content\/uploads\/2025\/09\/Fronton.png","keywords":["Callao","El Front\u00f3n","INPE","MINJUSDH","Penal"],"articleSection":["Actualidad","Nacional","Policial"],"inLanguage":"en-US","potentialAction":[{"@type":"CommentAction","name":"Comment","target":["https:\/\/pulso27.com\/actualidad\/policial\/fuerte-oposicion-a-la-construccion-del-penal-en-el-fronton-impulsada-por-dina-boluarte\/#respond"]}]},{"@type":"WebPage","@id":"https:\/\/pulso27.com\/actualidad\/policial\/fuerte-oposicion-a-la-construccion-del-penal-en-el-fronton-impulsada-por-dina-boluarte\/","url":"https:\/\/pulso27.com\/actualidad\/policial\/fuerte-oposicion-a-la-construccion-del-penal-en-el-fronton-impulsada-por-dina-boluarte\/","name":"Fuerte oposici\u00f3n a la construcci\u00f3n del penal en El Front\u00f3n impulsada por Dina Boluarte - Pulso27","isPartOf":{"@id":"https:\/\/pulso27.com\/en\/#website"},"primaryImageOfPage":{"@id":"https:\/\/pulso27.com\/actualidad\/policial\/fuerte-oposicion-a-la-construccion-del-penal-en-el-fronton-impulsada-por-dina-boluarte\/#primaryimage"},"image":{"@id":"https:\/\/pulso27.com\/actualidad\/policial\/fuerte-oposicion-a-la-construccion-del-penal-en-el-fronton-impulsada-por-dina-boluarte\/#primaryimage"},"thumbnailUrl":"https:\/\/pulso27.com\/wp-content\/uploads\/2025\/09\/Fronton.png","datePublished":"2025-09-04T05:50:40+00:00","dateModified":"2025-09-04T05:50:46+00:00","breadcrumb":{"@id":"https:\/\/pulso27.com\/actualidad\/policial\/fuerte-oposicion-a-la-construccion-del-penal-en-el-fronton-impulsada-por-dina-boluarte\/#breadcrumb"},"inLanguage":"en-US","potentialAction":[{"@type":"ReadAction","target":["https:\/\/pulso27.com\/actualidad\/policial\/fuerte-oposicion-a-la-construccion-del-penal-en-el-fronton-impulsada-por-dina-boluarte\/"]}]},{"@type":"ImageObject","inLanguage":"en-US","@id":"https:\/\/pulso27.com\/actualidad\/policial\/fuerte-oposicion-a-la-construccion-del-penal-en-el-fronton-impulsada-por-dina-boluarte\/#primaryimage","url":"https:\/\/pulso27.com\/wp-content\/uploads\/2025\/09\/Fronton.png","contentUrl":"https:\/\/pulso27.com\/wp-content\/uploads\/2025\/09\/Fronton.png","width":1280,"height":800},{"@type":"BreadcrumbList","@id":"https:\/\/pulso27.com\/actualidad\/policial\/fuerte-oposicion-a-la-construccion-del-penal-en-el-fronton-impulsada-por-dina-boluarte\/#breadcrumb","itemListElement":[{"@type":"ListItem","position":1,"name":"Portada","item":"https:\/\/pulso27.com\/"},{"@type":"ListItem","position":2,"name":"Fuerte oposici\u00f3n a la construcci\u00f3n del penal en El Front\u00f3n impulsada por Dina Boluarte"}]},{"@type":"WebSite","@id":"https:\/\/pulso27.com\/en\/#website","url":"https:\/\/pulso27.com\/en\/","name":"Pulso27","description":"Web de noticias y publicidad","publisher":{"@id":"https:\/\/pulso27.com\/en\/#organization"},"alternateName":"El pulso del pueblo","potentialAction":[{"@type":"SearchAction","target":{"@type":"EntryPoint","urlTemplate":"https:\/\/pulso27.com\/en\/?s={search_term_string}"},"query-input":{"@type":"PropertyValueSpecification","valueRequired":true,"valueName":"search_term_string"}}],"inLanguage":"en-US"},{"@type":"Organization","@id":"https:\/\/pulso27.com\/en\/#organization","name":"Pulso27","url":"https:\/\/pulso27.com\/en\/","logo":{"@type":"ImageObject","inLanguage":"en-US","@id":"https:\/\/pulso27.com\/en\/#\/schema\/logo\/image\/","url":"https:\/\/pulso27.com\/wp-content\/uploads\/2026\/02\/Logotipo-de-la-organizacion-696-x-696-px-ok.png","contentUrl":"https:\/\/pulso27.com\/wp-content\/uploads\/2026\/02\/Logotipo-de-la-organizacion-696-x-696-px-ok.png","width":696,"height":696,"caption":"Pulso27"},"image":{"@id":"https:\/\/pulso27.com\/en\/#\/schema\/logo\/image\/"},"sameAs":["https:\/\/www.facebook.com\/pulso27\/","https:\/\/x.com\/Pulso_27","https:\/\/www.youtube.com\/@Pulso27","https:\/\/www.tiktok.com\/@pulso_27"]},{"@type":"Person","@id":"https:\/\/pulso27.com\/en\/#\/schema\/person\/d20fd7f5bc7f2e53fd150d43fca07a78","name":"Tupaq","image":{"@type":"ImageObject","inLanguage":"en-US","@id":"https:\/\/secure.gravatar.com\/avatar\/7929e9b034aeea560319a601e4f04c59eb5f45a79eafe192adabb67e9604e7e7?s=96&d=mm&r=g","url":"https:\/\/secure.gravatar.com\/avatar\/7929e9b034aeea560319a601e4f04c59eb5f45a79eafe192adabb67e9604e7e7?s=96&d=mm&r=g","contentUrl":"https:\/\/secure.gravatar.com\/avatar\/7929e9b034aeea560319a601e4f04c59eb5f45a79eafe192adabb67e9604e7e7?s=96&d=mm&r=g","caption":"Tupaq"},"url":"https:\/\/pulso27.com\/en\/author\/tupaq\/"}]}},"amp_enabled":true,"_links":{"self":[{"href":"https:\/\/pulso27.com\/en\/wp-json\/wp\/v2\/posts\/6198","targetHints":{"allow":["GET"]}}],"collection":[{"href":"https:\/\/pulso27.com\/en\/wp-json\/wp\/v2\/posts"}],"about":[{"href":"https:\/\/pulso27.com\/en\/wp-json\/wp\/v2\/types\/post"}],"author":[{"embeddable":true,"href":"https:\/\/pulso27.com\/en\/wp-json\/wp\/v2\/users\/7"}],"replies":[{"embeddable":true,"href":"https:\/\/pulso27.com\/en\/wp-json\/wp\/v2\/comments?post=6198"}],"version-history":[{"count":1,"href":"https:\/\/pulso27.com\/en\/wp-json\/wp\/v2\/posts\/6198\/revisions"}],"predecessor-version":[{"id":6203,"href":"https:\/\/pulso27.com\/en\/wp-json\/wp\/v2\/posts\/6198\/revisions\/6203"}],"wp:featuredmedia":[{"embeddable":true,"href":"https:\/\/pulso27.com\/en\/wp-json\/wp\/v2\/media\/6199"}],"wp:attachment":[{"href":"https:\/\/pulso27.com\/en\/wp-json\/wp\/v2\/media?parent=6198"}],"wp:term":[{"taxonomy":"category","embeddable":true,"href":"https:\/\/pulso27.com\/en\/wp-json\/wp\/v2\/categories?post=6198"},{"taxonomy":"post_tag","embeddable":true,"href":"https:\/\/pulso27.com\/en\/wp-json\/wp\/v2\/tags?post=6198"}],"curies":[{"name":"wp","href":"https:\/\/api.w.org\/{rel}","templated":true}]}}