{"id":6227,"date":"2025-09-09T08:49:44","date_gmt":"2025-09-09T03:49:44","guid":{"rendered":"https:\/\/pulso27.com\/?p=6227"},"modified":"2025-09-09T08:49:49","modified_gmt":"2025-09-09T03:49:49","slug":"jaime-chincha-un-legado-marcado-por-duras-criticas-al-gobierno-de-dina-boluarte","status":"publish","type":"post","link":"https:\/\/pulso27.com\/en\/actualidad\/jaime-chincha-un-legado-marcado-por-duras-criticas-al-gobierno-de-dina-boluarte\/","title":{"rendered":"Jaime Chincha: Un legado marcado por duras cr\u00edticas al gobierno de Dina Boluarte"},"content":{"rendered":"<p>El periodismo peruano despide a una de sus figuras m\u00e1s emblem\u00e1ticas con el repentino fallecimiento de Jaime Chincha, conductor y analista pol\u00edtico de 48 a\u00f1os, quien muri\u00f3 este domingo por un infarto fulminante en su hogar en Miraflores. Chincha, con una trayectoria de m\u00e1s de dos d\u00e9cadas en medios como Canal N, Am\u00e9rica Televisi\u00f3n y RPP, se hab\u00eda consolidado en sus \u00faltimos meses como una voz disidente en el canal de YouTube de La Rep\u00fablica, donde moderaba el programa \u00abDel Hecho al Hecho\u00bb. Su partida, confirmada por fuentes m\u00e9dicas y policiales, ha generado conmoci\u00f3n y tributos de colegas, quienes destacan su valent\u00eda en un contexto de tensiones pol\u00edticas. El velatorio se realiza en privado, y entidades como el Instituto Prensa y Sociedad (IPYS) lo recuerdan como un defensor incansable de la libertad de expresi\u00f3n.<\/p>\n\n\n\n<p>Enfocado en sus intervenciones recientes, Chincha hab\u00eda intensificado sus cr\u00edticas contra la presidenta Dina Boluarte, cuestionando abiertamente su gesti\u00f3n en materia de seguridad y econom\u00eda. En el programa del 3 de septiembre, apenas d\u00edas antes de su muerte, arremeti\u00f3 contra la propuesta de reabrir la prisi\u00f3n de El Front\u00f3n como soluci\u00f3n a la crisis carcelaria, tild\u00e1ndola de \u00abmedida populista e irresponsable\u00bb que ignoraba la existencia de cinco megapenales inconclusos en regiones como Ica, Chincha, Cajamarca, Pucallpa y Arequipa. \u00abEl Gobierno de Boluarte prefiere fuegos artificiales a soluciones reales\u00bb, afirm\u00f3, se\u00f1alando al ministro de Justicia, Jos\u00e9 Luis Santiv\u00e1\u00f1ez, como un actor en esta \u00abdistracci\u00f3n\u00bb que agrava la sobrepoblaci\u00f3n penitenciaria y la inseguridad ciudadana. Estas declaraciones resonaron en un pa\u00eds azotado por el aumento de la delincuencia, posicionando a Chincha como un cr\u00edtico frontal del Ejecutivo.<\/p>\n\n\n\n<p>El impacto de sus \u00faltimas apariciones se extiende a otros temas, donde Chincha no escatim\u00f3 en acusaciones directas contra Boluarte por acciones que consideraba hip\u00f3critas y elitistas. En emisiones previas, denunci\u00f3 el aumento salarial de la presidenta en medio de una austeridad impuesta a la poblaci\u00f3n, llam\u00e1ndolo \u00abdescarado\u00bb y destacando que su sueldo superaba \u00ab30 veces el ingreso promedio\u00bb de los peruanos, lo que evidenciaba una desconexi\u00f3n con la realidad social. Asimismo, critic\u00f3 el sobrevuelo en helic\u00f3ptero de Boluarte sobre zonas de emergencia como una \u00abburla\u00bb a los esfuerzos contra la delincuencia, y cuestion\u00f3 la normalizaci\u00f3n de regalos lujosos como relojes Rolex en medio de investigaciones fiscales, vi\u00e9ndolo como un signo de corrupci\u00f3n encubierta. Colegas como M\u00f3nica Delta y Augusto Townsend lo han elogiado por esta \u00abcomplicidad con la verdad\u00bb, subrayando que su legado fortalece el periodismo independiente en tiempos de presiones gubernamentales. Su ausencia deja un vac\u00edo en el debate p\u00fablico, reavivando discusiones sobre su responsabilidad en el poder.<\/p>","protected":false},"excerpt":{"rendered":"<p>El periodismo peruano despide a una de sus figuras m\u00e1s emblem\u00e1ticas con el repentino fallecimiento de Jaime Chincha, conductor y analista pol\u00edtico de 48 a\u00f1os, quien muri\u00f3 este domingo por un infarto fulminante en su hogar en Miraflores. Chincha, con una trayectoria de m\u00e1s de dos d\u00e9cadas en medios como Canal N, Am\u00e9rica Televisi\u00f3n y [&hellip;]<\/p>\n","protected":false},"author":7,"featured_media":6228,"comment_status":"open","ping_status":"open","sticky":false,"template":"","format":"standard","meta":{"footnotes":""},"categories":[183,808,174],"tags":[2483,2484,775],"class_list":["post-6227","post","type-post","status-publish","format-standard","has-post-thumbnail","hentry","category-actualidad","category-educacion","category-nacional","tag-jaime-chincha","tag-la-republica","tag-periodista"],"yoast_head":"<!-- This site is optimized with the Yoast SEO plugin v27.4 - https:\/\/yoast.com\/product\/yoast-seo-wordpress\/ -->\n<title>Jaime Chincha: Un legado marcado por duras cr\u00edticas al gobierno de Dina Boluarte - Pulso27<\/title>\n<meta name=\"robots\" content=\"index, follow, max-snippet:-1, max-image-preview:large, max-video-preview:-1\" \/>\n<link rel=\"canonical\" href=\"https:\/\/pulso27.com\/en\/actualidad\/jaime-chincha-un-legado-marcado-por-duras-criticas-al-gobierno-de-dina-boluarte\/\" \/>\n<meta property=\"og:locale\" content=\"en_US\" \/>\n<meta property=\"og:type\" content=\"article\" \/>\n<meta property=\"og:title\" content=\"Jaime Chincha: Un legado marcado por duras cr\u00edticas al gobierno de Dina Boluarte - Pulso27\" \/>\n<meta property=\"og:description\" content=\"El periodismo peruano despide a una de sus figuras m\u00e1s emblem\u00e1ticas con el repentino fallecimiento de Jaime Chincha, conductor y analista pol\u00edtico de 48 a\u00f1os, quien muri\u00f3 este domingo por un infarto fulminante en su hogar en Miraflores. Chincha, con una trayectoria de m\u00e1s de dos d\u00e9cadas en medios como Canal N, Am\u00e9rica Televisi\u00f3n y [&hellip;]\" \/>\n<meta property=\"og:url\" content=\"https:\/\/pulso27.com\/en\/actualidad\/jaime-chincha-un-legado-marcado-por-duras-criticas-al-gobierno-de-dina-boluarte\/\" \/>\n<meta property=\"og:site_name\" content=\"Pulso27\" \/>\n<meta property=\"article:publisher\" content=\"https:\/\/www.facebook.com\/pulso27\/\" \/>\n<meta property=\"article:published_time\" content=\"2025-09-09T03:49:44+00:00\" \/>\n<meta property=\"article:modified_time\" content=\"2025-09-09T03:49:49+00:00\" \/>\n<meta property=\"og:image\" content=\"https:\/\/pulso27.com\/wp-content\/uploads\/2025\/09\/Jaime.png\" \/>\n\t<meta property=\"og:image:width\" content=\"1285\" \/>\n\t<meta property=\"og:image:height\" content=\"800\" \/>\n\t<meta property=\"og:image:type\" content=\"image\/png\" \/>\n<meta name=\"author\" content=\"Tupaq\" \/>\n<meta name=\"twitter:card\" content=\"summary_large_image\" \/>\n<meta name=\"twitter:creator\" content=\"@Pulso_27\" \/>\n<meta name=\"twitter:site\" content=\"@Pulso_27\" \/>\n<meta name=\"twitter:label1\" content=\"Written by\" \/>\n\t<meta name=\"twitter:data1\" content=\"Tupaq\" \/>\n\t<meta name=\"twitter:label2\" content=\"Est. reading time\" \/>\n\t<meta name=\"twitter:data2\" content=\"3 minutes\" \/>\n<script type=\"application\/ld+json\" class=\"yoast-schema-graph\">{\"@context\":\"https:\\\/\\\/schema.org\",\"@graph\":[{\"@type\":\"Article\",\"@id\":\"https:\\\/\\\/pulso27.com\\\/actualidad\\\/jaime-chincha-un-legado-marcado-por-duras-criticas-al-gobierno-de-dina-boluarte\\\/#article\",\"isPartOf\":{\"@id\":\"https:\\\/\\\/pulso27.com\\\/actualidad\\\/jaime-chincha-un-legado-marcado-por-duras-criticas-al-gobierno-de-dina-boluarte\\\/\"},\"author\":{\"name\":\"Tupaq\",\"@id\":\"https:\\\/\\\/pulso27.com\\\/en\\\/#\\\/schema\\\/person\\\/d20fd7f5bc7f2e53fd150d43fca07a78\"},\"headline\":\"Jaime Chincha: Un legado marcado por duras cr\u00edticas al gobierno de Dina Boluarte\",\"datePublished\":\"2025-09-09T03:49:44+00:00\",\"dateModified\":\"2025-09-09T03:49:49+00:00\",\"mainEntityOfPage\":{\"@id\":\"https:\\\/\\\/pulso27.com\\\/actualidad\\\/jaime-chincha-un-legado-marcado-por-duras-criticas-al-gobierno-de-dina-boluarte\\\/\"},\"wordCount\":480,\"commentCount\":0,\"publisher\":{\"@id\":\"https:\\\/\\\/pulso27.com\\\/en\\\/#organization\"},\"image\":{\"@id\":\"https:\\\/\\\/pulso27.com\\\/actualidad\\\/jaime-chincha-un-legado-marcado-por-duras-criticas-al-gobierno-de-dina-boluarte\\\/#primaryimage\"},\"thumbnailUrl\":\"https:\\\/\\\/pulso27.com\\\/wp-content\\\/uploads\\\/2025\\\/09\\\/Jaime.png\",\"keywords\":[\"Jaime Chincha\",\"La Rep\u00fablica\",\"Periodista\"],\"articleSection\":[\"Actualidad\",\"Educaci\u00f3n\",\"Nacional\"],\"inLanguage\":\"en-US\",\"potentialAction\":[{\"@type\":\"CommentAction\",\"name\":\"Comment\",\"target\":[\"https:\\\/\\\/pulso27.com\\\/actualidad\\\/jaime-chincha-un-legado-marcado-por-duras-criticas-al-gobierno-de-dina-boluarte\\\/#respond\"]}]},{\"@type\":\"WebPage\",\"@id\":\"https:\\\/\\\/pulso27.com\\\/actualidad\\\/jaime-chincha-un-legado-marcado-por-duras-criticas-al-gobierno-de-dina-boluarte\\\/\",\"url\":\"https:\\\/\\\/pulso27.com\\\/actualidad\\\/jaime-chincha-un-legado-marcado-por-duras-criticas-al-gobierno-de-dina-boluarte\\\/\",\"name\":\"Jaime Chincha: Un legado marcado por duras cr\u00edticas al gobierno de Dina Boluarte - Pulso27\",\"isPartOf\":{\"@id\":\"https:\\\/\\\/pulso27.com\\\/en\\\/#website\"},\"primaryImageOfPage\":{\"@id\":\"https:\\\/\\\/pulso27.com\\\/actualidad\\\/jaime-chincha-un-legado-marcado-por-duras-criticas-al-gobierno-de-dina-boluarte\\\/#primaryimage\"},\"image\":{\"@id\":\"https:\\\/\\\/pulso27.com\\\/actualidad\\\/jaime-chincha-un-legado-marcado-por-duras-criticas-al-gobierno-de-dina-boluarte\\\/#primaryimage\"},\"thumbnailUrl\":\"https:\\\/\\\/pulso27.com\\\/wp-content\\\/uploads\\\/2025\\\/09\\\/Jaime.png\",\"datePublished\":\"2025-09-09T03:49:44+00:00\",\"dateModified\":\"2025-09-09T03:49:49+00:00\",\"breadcrumb\":{\"@id\":\"https:\\\/\\\/pulso27.com\\\/actualidad\\\/jaime-chincha-un-legado-marcado-por-duras-criticas-al-gobierno-de-dina-boluarte\\\/#breadcrumb\"},\"inLanguage\":\"en-US\",\"potentialAction\":[{\"@type\":\"ReadAction\",\"target\":[\"https:\\\/\\\/pulso27.com\\\/actualidad\\\/jaime-chincha-un-legado-marcado-por-duras-criticas-al-gobierno-de-dina-boluarte\\\/\"]}]},{\"@type\":\"ImageObject\",\"inLanguage\":\"en-US\",\"@id\":\"https:\\\/\\\/pulso27.com\\\/actualidad\\\/jaime-chincha-un-legado-marcado-por-duras-criticas-al-gobierno-de-dina-boluarte\\\/#primaryimage\",\"url\":\"https:\\\/\\\/pulso27.com\\\/wp-content\\\/uploads\\\/2025\\\/09\\\/Jaime.png\",\"contentUrl\":\"https:\\\/\\\/pulso27.com\\\/wp-content\\\/uploads\\\/2025\\\/09\\\/Jaime.png\",\"width\":1285,\"height\":800},{\"@type\":\"BreadcrumbList\",\"@id\":\"https:\\\/\\\/pulso27.com\\\/actualidad\\\/jaime-chincha-un-legado-marcado-por-duras-criticas-al-gobierno-de-dina-boluarte\\\/#breadcrumb\",\"itemListElement\":[{\"@type\":\"ListItem\",\"position\":1,\"name\":\"Portada\",\"item\":\"https:\\\/\\\/pulso27.com\\\/\"},{\"@type\":\"ListItem\",\"position\":2,\"name\":\"Jaime Chincha: Un legado marcado por duras cr\u00edticas al gobierno de Dina Boluarte\"}]},{\"@type\":\"WebSite\",\"@id\":\"https:\\\/\\\/pulso27.com\\\/en\\\/#website\",\"url\":\"https:\\\/\\\/pulso27.com\\\/en\\\/\",\"name\":\"Pulso27\",\"description\":\"Web de noticias y publicidad\",\"publisher\":{\"@id\":\"https:\\\/\\\/pulso27.com\\\/en\\\/#organization\"},\"alternateName\":\"El pulso del pueblo\",\"potentialAction\":[{\"@type\":\"SearchAction\",\"target\":{\"@type\":\"EntryPoint\",\"urlTemplate\":\"https:\\\/\\\/pulso27.com\\\/en\\\/?s={search_term_string}\"},\"query-input\":{\"@type\":\"PropertyValueSpecification\",\"valueRequired\":true,\"valueName\":\"search_term_string\"}}],\"inLanguage\":\"en-US\"},{\"@type\":\"Organization\",\"@id\":\"https:\\\/\\\/pulso27.com\\\/en\\\/#organization\",\"name\":\"Pulso27\",\"url\":\"https:\\\/\\\/pulso27.com\\\/en\\\/\",\"logo\":{\"@type\":\"ImageObject\",\"inLanguage\":\"en-US\",\"@id\":\"https:\\\/\\\/pulso27.com\\\/en\\\/#\\\/schema\\\/logo\\\/image\\\/\",\"url\":\"https:\\\/\\\/pulso27.com\\\/wp-content\\\/uploads\\\/2026\\\/02\\\/Logotipo-de-la-organizacion-696-x-696-px-ok.png\",\"contentUrl\":\"https:\\\/\\\/pulso27.com\\\/wp-content\\\/uploads\\\/2026\\\/02\\\/Logotipo-de-la-organizacion-696-x-696-px-ok.png\",\"width\":696,\"height\":696,\"caption\":\"Pulso27\"},\"image\":{\"@id\":\"https:\\\/\\\/pulso27.com\\\/en\\\/#\\\/schema\\\/logo\\\/image\\\/\"},\"sameAs\":[\"https:\\\/\\\/www.facebook.com\\\/pulso27\\\/\",\"https:\\\/\\\/x.com\\\/Pulso_27\",\"https:\\\/\\\/www.youtube.com\\\/@Pulso27\",\"https:\\\/\\\/www.tiktok.com\\\/@pulso_27\"]},{\"@type\":\"Person\",\"@id\":\"https:\\\/\\\/pulso27.com\\\/en\\\/#\\\/schema\\\/person\\\/d20fd7f5bc7f2e53fd150d43fca07a78\",\"name\":\"Tupaq\",\"image\":{\"@type\":\"ImageObject\",\"inLanguage\":\"en-US\",\"@id\":\"https:\\\/\\\/secure.gravatar.com\\\/avatar\\\/7929e9b034aeea560319a601e4f04c59eb5f45a79eafe192adabb67e9604e7e7?s=96&d=mm&r=g\",\"url\":\"https:\\\/\\\/secure.gravatar.com\\\/avatar\\\/7929e9b034aeea560319a601e4f04c59eb5f45a79eafe192adabb67e9604e7e7?s=96&d=mm&r=g\",\"contentUrl\":\"https:\\\/\\\/secure.gravatar.com\\\/avatar\\\/7929e9b034aeea560319a601e4f04c59eb5f45a79eafe192adabb67e9604e7e7?s=96&d=mm&r=g\",\"caption\":\"Tupaq\"},\"url\":\"https:\\\/\\\/pulso27.com\\\/en\\\/author\\\/tupaq\\\/\"}]}<\/script>\n<!-- \/ Yoast SEO plugin. -->","yoast_head_json":{"title":"Jaime Chincha: Un legado marcado por duras cr\u00edticas al gobierno de Dina Boluarte - Pulso27","robots":{"index":"index","follow":"follow","max-snippet":"max-snippet:-1","max-image-preview":"max-image-preview:large","max-video-preview":"max-video-preview:-1"},"canonical":"https:\/\/pulso27.com\/en\/actualidad\/jaime-chincha-un-legado-marcado-por-duras-criticas-al-gobierno-de-dina-boluarte\/","og_locale":"en_US","og_type":"article","og_title":"Jaime Chincha: Un legado marcado por duras cr\u00edticas al gobierno de Dina Boluarte - Pulso27","og_description":"El periodismo peruano despide a una de sus figuras m\u00e1s emblem\u00e1ticas con el repentino fallecimiento de Jaime Chincha, conductor y analista pol\u00edtico de 48 a\u00f1os, quien muri\u00f3 este domingo por un infarto fulminante en su hogar en Miraflores. Chincha, con una trayectoria de m\u00e1s de dos d\u00e9cadas en medios como Canal N, Am\u00e9rica Televisi\u00f3n y [&hellip;]","og_url":"https:\/\/pulso27.com\/en\/actualidad\/jaime-chincha-un-legado-marcado-por-duras-criticas-al-gobierno-de-dina-boluarte\/","og_site_name":"Pulso27","article_publisher":"https:\/\/www.facebook.com\/pulso27\/","article_published_time":"2025-09-09T03:49:44+00:00","article_modified_time":"2025-09-09T03:49:49+00:00","og_image":[{"width":1285,"height":800,"url":"https:\/\/pulso27.com\/wp-content\/uploads\/2025\/09\/Jaime.png","type":"image\/png"}],"author":"Tupaq","twitter_card":"summary_large_image","twitter_creator":"@Pulso_27","twitter_site":"@Pulso_27","twitter_misc":{"Written by":"Tupaq","Est. reading time":"3 minutes"},"schema":{"@context":"https:\/\/schema.org","@graph":[{"@type":"Article","@id":"https:\/\/pulso27.com\/actualidad\/jaime-chincha-un-legado-marcado-por-duras-criticas-al-gobierno-de-dina-boluarte\/#article","isPartOf":{"@id":"https:\/\/pulso27.com\/actualidad\/jaime-chincha-un-legado-marcado-por-duras-criticas-al-gobierno-de-dina-boluarte\/"},"author":{"name":"Tupaq","@id":"https:\/\/pulso27.com\/en\/#\/schema\/person\/d20fd7f5bc7f2e53fd150d43fca07a78"},"headline":"Jaime Chincha: Un legado marcado por duras cr\u00edticas al gobierno de Dina Boluarte","datePublished":"2025-09-09T03:49:44+00:00","dateModified":"2025-09-09T03:49:49+00:00","mainEntityOfPage":{"@id":"https:\/\/pulso27.com\/actualidad\/jaime-chincha-un-legado-marcado-por-duras-criticas-al-gobierno-de-dina-boluarte\/"},"wordCount":480,"commentCount":0,"publisher":{"@id":"https:\/\/pulso27.com\/en\/#organization"},"image":{"@id":"https:\/\/pulso27.com\/actualidad\/jaime-chincha-un-legado-marcado-por-duras-criticas-al-gobierno-de-dina-boluarte\/#primaryimage"},"thumbnailUrl":"https:\/\/pulso27.com\/wp-content\/uploads\/2025\/09\/Jaime.png","keywords":["Jaime Chincha","La Rep\u00fablica","Periodista"],"articleSection":["Actualidad","Educaci\u00f3n","Nacional"],"inLanguage":"en-US","potentialAction":[{"@type":"CommentAction","name":"Comment","target":["https:\/\/pulso27.com\/actualidad\/jaime-chincha-un-legado-marcado-por-duras-criticas-al-gobierno-de-dina-boluarte\/#respond"]}]},{"@type":"WebPage","@id":"https:\/\/pulso27.com\/actualidad\/jaime-chincha-un-legado-marcado-por-duras-criticas-al-gobierno-de-dina-boluarte\/","url":"https:\/\/pulso27.com\/actualidad\/jaime-chincha-un-legado-marcado-por-duras-criticas-al-gobierno-de-dina-boluarte\/","name":"Jaime Chincha: Un legado marcado por duras cr\u00edticas al gobierno de Dina Boluarte - Pulso27","isPartOf":{"@id":"https:\/\/pulso27.com\/en\/#website"},"primaryImageOfPage":{"@id":"https:\/\/pulso27.com\/actualidad\/jaime-chincha-un-legado-marcado-por-duras-criticas-al-gobierno-de-dina-boluarte\/#primaryimage"},"image":{"@id":"https:\/\/pulso27.com\/actualidad\/jaime-chincha-un-legado-marcado-por-duras-criticas-al-gobierno-de-dina-boluarte\/#primaryimage"},"thumbnailUrl":"https:\/\/pulso27.com\/wp-content\/uploads\/2025\/09\/Jaime.png","datePublished":"2025-09-09T03:49:44+00:00","dateModified":"2025-09-09T03:49:49+00:00","breadcrumb":{"@id":"https:\/\/pulso27.com\/actualidad\/jaime-chincha-un-legado-marcado-por-duras-criticas-al-gobierno-de-dina-boluarte\/#breadcrumb"},"inLanguage":"en-US","potentialAction":[{"@type":"ReadAction","target":["https:\/\/pulso27.com\/actualidad\/jaime-chincha-un-legado-marcado-por-duras-criticas-al-gobierno-de-dina-boluarte\/"]}]},{"@type":"ImageObject","inLanguage":"en-US","@id":"https:\/\/pulso27.com\/actualidad\/jaime-chincha-un-legado-marcado-por-duras-criticas-al-gobierno-de-dina-boluarte\/#primaryimage","url":"https:\/\/pulso27.com\/wp-content\/uploads\/2025\/09\/Jaime.png","contentUrl":"https:\/\/pulso27.com\/wp-content\/uploads\/2025\/09\/Jaime.png","width":1285,"height":800},{"@type":"BreadcrumbList","@id":"https:\/\/pulso27.com\/actualidad\/jaime-chincha-un-legado-marcado-por-duras-criticas-al-gobierno-de-dina-boluarte\/#breadcrumb","itemListElement":[{"@type":"ListItem","position":1,"name":"Portada","item":"https:\/\/pulso27.com\/"},{"@type":"ListItem","position":2,"name":"Jaime Chincha: Un legado marcado por duras cr\u00edticas al gobierno de Dina Boluarte"}]},{"@type":"WebSite","@id":"https:\/\/pulso27.com\/en\/#website","url":"https:\/\/pulso27.com\/en\/","name":"Pulso27","description":"Web de noticias y publicidad","publisher":{"@id":"https:\/\/pulso27.com\/en\/#organization"},"alternateName":"El pulso del pueblo","potentialAction":[{"@type":"SearchAction","target":{"@type":"EntryPoint","urlTemplate":"https:\/\/pulso27.com\/en\/?s={search_term_string}"},"query-input":{"@type":"PropertyValueSpecification","valueRequired":true,"valueName":"search_term_string"}}],"inLanguage":"en-US"},{"@type":"Organization","@id":"https:\/\/pulso27.com\/en\/#organization","name":"Pulso27","url":"https:\/\/pulso27.com\/en\/","logo":{"@type":"ImageObject","inLanguage":"en-US","@id":"https:\/\/pulso27.com\/en\/#\/schema\/logo\/image\/","url":"https:\/\/pulso27.com\/wp-content\/uploads\/2026\/02\/Logotipo-de-la-organizacion-696-x-696-px-ok.png","contentUrl":"https:\/\/pulso27.com\/wp-content\/uploads\/2026\/02\/Logotipo-de-la-organizacion-696-x-696-px-ok.png","width":696,"height":696,"caption":"Pulso27"},"image":{"@id":"https:\/\/pulso27.com\/en\/#\/schema\/logo\/image\/"},"sameAs":["https:\/\/www.facebook.com\/pulso27\/","https:\/\/x.com\/Pulso_27","https:\/\/www.youtube.com\/@Pulso27","https:\/\/www.tiktok.com\/@pulso_27"]},{"@type":"Person","@id":"https:\/\/pulso27.com\/en\/#\/schema\/person\/d20fd7f5bc7f2e53fd150d43fca07a78","name":"Tupaq","image":{"@type":"ImageObject","inLanguage":"en-US","@id":"https:\/\/secure.gravatar.com\/avatar\/7929e9b034aeea560319a601e4f04c59eb5f45a79eafe192adabb67e9604e7e7?s=96&d=mm&r=g","url":"https:\/\/secure.gravatar.com\/avatar\/7929e9b034aeea560319a601e4f04c59eb5f45a79eafe192adabb67e9604e7e7?s=96&d=mm&r=g","contentUrl":"https:\/\/secure.gravatar.com\/avatar\/7929e9b034aeea560319a601e4f04c59eb5f45a79eafe192adabb67e9604e7e7?s=96&d=mm&r=g","caption":"Tupaq"},"url":"https:\/\/pulso27.com\/en\/author\/tupaq\/"}]}},"amp_enabled":true,"_links":{"self":[{"href":"https:\/\/pulso27.com\/en\/wp-json\/wp\/v2\/posts\/6227","targetHints":{"allow":["GET"]}}],"collection":[{"href":"https:\/\/pulso27.com\/en\/wp-json\/wp\/v2\/posts"}],"about":[{"href":"https:\/\/pulso27.com\/en\/wp-json\/wp\/v2\/types\/post"}],"author":[{"embeddable":true,"href":"https:\/\/pulso27.com\/en\/wp-json\/wp\/v2\/users\/7"}],"replies":[{"embeddable":true,"href":"https:\/\/pulso27.com\/en\/wp-json\/wp\/v2\/comments?post=6227"}],"version-history":[{"count":1,"href":"https:\/\/pulso27.com\/en\/wp-json\/wp\/v2\/posts\/6227\/revisions"}],"predecessor-version":[{"id":6232,"href":"https:\/\/pulso27.com\/en\/wp-json\/wp\/v2\/posts\/6227\/revisions\/6232"}],"wp:featuredmedia":[{"embeddable":true,"href":"https:\/\/pulso27.com\/en\/wp-json\/wp\/v2\/media\/6228"}],"wp:attachment":[{"href":"https:\/\/pulso27.com\/en\/wp-json\/wp\/v2\/media?parent=6227"}],"wp:term":[{"taxonomy":"category","embeddable":true,"href":"https:\/\/pulso27.com\/en\/wp-json\/wp\/v2\/categories?post=6227"},{"taxonomy":"post_tag","embeddable":true,"href":"https:\/\/pulso27.com\/en\/wp-json\/wp\/v2\/tags?post=6227"}],"curies":[{"name":"wp","href":"https:\/\/api.w.org\/{rel}","templated":true}]}}