{"id":6239,"date":"2025-09-09T09:39:29","date_gmt":"2025-09-09T04:39:29","guid":{"rendered":"https:\/\/pulso27.com\/?p=6239"},"modified":"2025-09-09T09:39:35","modified_gmt":"2025-09-09T04:39:35","slug":"congreso-peruano-declara-persona-no-grata-a-presidenta-sheinbaum-de-mexico","status":"publish","type":"post","link":"https:\/\/pulso27.com\/en\/actualidad\/politica\/congreso-peruano-declara-persona-no-grata-a-presidenta-sheinbaum-de-mexico\/","title":{"rendered":"Congreso peruano declara persona no grata a presidenta Sheinbaum de M\u00e9xico"},"content":{"rendered":"<p>En un nuevo cap\u00edtulo de las crecientes fricciones bilaterales, la Comisi\u00f3n de Relaciones Exteriores del Congreso de la Rep\u00fablica del Per\u00fa ha aprobado por mayor\u00eda una moci\u00f3n que declara \u00abpersona non grata\u00bb a la presidenta de M\u00e9xico, Claudia Sheinbaum, por sus recientes declaraciones en defensa del expresidente peruano Pedro Castillo. La iniciativa, impulsada por congresistas de Fuerza Popular y otros bloques conservadores, fue ratificada con 12 votos a favor y 6 en contra, y ahora espera la aprobaci\u00f3n del Pleno del Congreso para su formalizaci\u00f3n. Este paso se produce en medio de la hist\u00f3rica crisis diplom\u00e1tica entre ambos pa\u00edses, exacerbada desde el fallido autogolpe de Castillo en diciembre de 2022.<\/p>\n\n\n\n<p>La condena ya ha sido expresada de manera contundente por la congresista Margot Palacios, del partido de izquierda Juntos por el Per\u00fa y miembro del Bloque Socialista, quien, a pesar de su alineaci\u00f3n ideol\u00f3gica con posiciones progresistas, ha calificado las intervenciones de Sheinbaum como una \u00abinaceptable injerencia en la soberan\u00eda peruana\u00bb. Palacios, conocida por su defensa de los derechos humanos y su origen en el campo popular, argument\u00f3 en sesi\u00f3n que el apoyo expl\u00edcito de la mandataria mexicana a Castillo, a quien se refiere como \u00abpreso pol\u00edtico\u00bb, socava la institucionalidad democr\u00e1tica del Per\u00fa y podr\u00eda alentar divisiones internas. \u00abNo podemos permitir que l\u00edderes extranjeros dicten nuestra justicia interna, independientemente de sus intenciones solidarias\u00bb, declar\u00f3 Palacios, marcando una inesperada postura cr\u00edtica que resalta las fracturas incluso en el espectro de izquierda peruano.<\/p>\n\n\n\n<p>Las declaraciones de Sheinbaum, realizadas el 29 de agosto durante una reuni\u00f3n en el Palacio Nacional con el abogado de Castillo, Guido Croxatto, han sido el detonante directo de esta medida. La presidenta mexicana expres\u00f3 \u00abprofunda solidaridad\u00bb con el exmandatario, al que llam\u00f3 \u00abpresidente leg\u00edtimo\u00bb y v\u00edctima de \u00abpersecuci\u00f3n pol\u00edtica\u00bb, instando a la ONU a intervenir en su defensa. Analistas internacionales advierten que, si el Pleno del Congreso ratifica la declaratoria \u2014lo que se prev\u00e9 inminente dada la mayor\u00eda conservadora\u2014, podr\u00eda escalar las tensiones diplom\u00e1ticas, afectando foros regionales como la Alianza del Pac\u00edfico y profundizando el aislamiento de Per\u00fa en la escena latinoamericana. Hasta el momento, el gobierno mexicano no ha emitido una respuesta oficial, aunque fuentes cercanas indican que se prepara una r\u00e9plica en defensa de la Doctrina Estrada de no intervenci\u00f3n.<\/p>","protected":false},"excerpt":{"rendered":"<p>En un nuevo cap\u00edtulo de las crecientes fricciones bilaterales, la Comisi\u00f3n de Relaciones Exteriores del Congreso de la Rep\u00fablica del Per\u00fa ha aprobado por mayor\u00eda una moci\u00f3n que declara \u00abpersona non grata\u00bb a la presidenta de M\u00e9xico, Claudia Sheinbaum, por sus recientes declaraciones en defensa del expresidente peruano Pedro Castillo. La iniciativa, impulsada por congresistas [&hellip;]<\/p>\n","protected":false},"author":13,"featured_media":6240,"comment_status":"open","ping_status":"open","sticky":false,"template":"","format":"standard","meta":{"footnotes":""},"categories":[173,180,1852],"tags":[2485,719,825,316],"class_list":["post-6239","post","type-post","status-publish","format-standard","has-post-thumbnail","hentry","category-internacional","category-politica","category-tendencia","tag-comision-de-relaciones-exteriores","tag-congreso-de-la-republica-2","tag-mexico","tag-peru"],"yoast_head":"<!-- This site is optimized with the Yoast SEO plugin v27.4 - https:\/\/yoast.com\/product\/yoast-seo-wordpress\/ -->\n<title>Congreso peruano declara persona no grata a presidenta Sheinbaum de M\u00e9xico - Pulso27<\/title>\n<meta name=\"robots\" content=\"index, follow, max-snippet:-1, max-image-preview:large, max-video-preview:-1\" \/>\n<link rel=\"canonical\" href=\"https:\/\/pulso27.com\/en\/actualidad\/politica\/congreso-peruano-declara-persona-no-grata-a-presidenta-sheinbaum-de-mexico\/\" \/>\n<meta property=\"og:locale\" content=\"en_US\" \/>\n<meta property=\"og:type\" content=\"article\" \/>\n<meta property=\"og:title\" content=\"Congreso peruano declara persona no grata a presidenta Sheinbaum de M\u00e9xico - Pulso27\" \/>\n<meta property=\"og:description\" content=\"En un nuevo cap\u00edtulo de las crecientes fricciones bilaterales, la Comisi\u00f3n de Relaciones Exteriores del Congreso de la Rep\u00fablica del Per\u00fa ha aprobado por mayor\u00eda una moci\u00f3n que declara \u00abpersona non grata\u00bb a la presidenta de M\u00e9xico, Claudia Sheinbaum, por sus recientes declaraciones en defensa del expresidente peruano Pedro Castillo. La iniciativa, impulsada por congresistas [&hellip;]\" \/>\n<meta property=\"og:url\" content=\"https:\/\/pulso27.com\/en\/actualidad\/politica\/congreso-peruano-declara-persona-no-grata-a-presidenta-sheinbaum-de-mexico\/\" \/>\n<meta property=\"og:site_name\" content=\"Pulso27\" \/>\n<meta property=\"article:publisher\" content=\"https:\/\/www.facebook.com\/pulso27\/\" \/>\n<meta property=\"article:published_time\" content=\"2025-09-09T04:39:29+00:00\" \/>\n<meta property=\"article:modified_time\" content=\"2025-09-09T04:39:35+00:00\" \/>\n<meta property=\"og:image\" content=\"https:\/\/pulso27.com\/wp-content\/uploads\/2025\/09\/Mexicoo.png\" \/>\n\t<meta property=\"og:image:width\" content=\"1282\" \/>\n\t<meta property=\"og:image:height\" content=\"805\" \/>\n\t<meta property=\"og:image:type\" content=\"image\/png\" \/>\n<meta name=\"author\" content=\"Redactor\" \/>\n<meta name=\"twitter:card\" content=\"summary_large_image\" \/>\n<meta name=\"twitter:creator\" content=\"@Pulso_27\" \/>\n<meta name=\"twitter:site\" content=\"@Pulso_27\" \/>\n<meta name=\"twitter:label1\" content=\"Written by\" \/>\n\t<meta name=\"twitter:data1\" content=\"Redactor\" \/>\n\t<meta name=\"twitter:label2\" content=\"Est. reading time\" \/>\n\t<meta name=\"twitter:data2\" content=\"2 minutes\" \/>\n<script type=\"application\/ld+json\" class=\"yoast-schema-graph\">{\"@context\":\"https:\\\/\\\/schema.org\",\"@graph\":[{\"@type\":\"Article\",\"@id\":\"https:\\\/\\\/pulso27.com\\\/actualidad\\\/politica\\\/congreso-peruano-declara-persona-no-grata-a-presidenta-sheinbaum-de-mexico\\\/#article\",\"isPartOf\":{\"@id\":\"https:\\\/\\\/pulso27.com\\\/actualidad\\\/politica\\\/congreso-peruano-declara-persona-no-grata-a-presidenta-sheinbaum-de-mexico\\\/\"},\"author\":{\"name\":\"Redactor\",\"@id\":\"https:\\\/\\\/pulso27.com\\\/en\\\/#\\\/schema\\\/person\\\/bf5ee161e6c87f6c7d57f5e689ef8526\"},\"headline\":\"Congreso peruano declara persona no grata a presidenta Sheinbaum de M\u00e9xico\",\"datePublished\":\"2025-09-09T04:39:29+00:00\",\"dateModified\":\"2025-09-09T04:39:35+00:00\",\"mainEntityOfPage\":{\"@id\":\"https:\\\/\\\/pulso27.com\\\/actualidad\\\/politica\\\/congreso-peruano-declara-persona-no-grata-a-presidenta-sheinbaum-de-mexico\\\/\"},\"wordCount\":414,\"commentCount\":0,\"publisher\":{\"@id\":\"https:\\\/\\\/pulso27.com\\\/en\\\/#organization\"},\"image\":{\"@id\":\"https:\\\/\\\/pulso27.com\\\/actualidad\\\/politica\\\/congreso-peruano-declara-persona-no-grata-a-presidenta-sheinbaum-de-mexico\\\/#primaryimage\"},\"thumbnailUrl\":\"https:\\\/\\\/pulso27.com\\\/wp-content\\\/uploads\\\/2025\\\/09\\\/Mexicoo.png\",\"keywords\":[\"Comisi\u00f3n de Relaciones Exteriores\",\"Congreso de la Rep\u00fablica\",\"M\u00e9xico\",\"Per\u00fa\"],\"articleSection\":[\"Internacional\",\"Pol\u00edtica\",\"Tendencia\"],\"inLanguage\":\"en-US\",\"potentialAction\":[{\"@type\":\"CommentAction\",\"name\":\"Comment\",\"target\":[\"https:\\\/\\\/pulso27.com\\\/actualidad\\\/politica\\\/congreso-peruano-declara-persona-no-grata-a-presidenta-sheinbaum-de-mexico\\\/#respond\"]}]},{\"@type\":\"WebPage\",\"@id\":\"https:\\\/\\\/pulso27.com\\\/actualidad\\\/politica\\\/congreso-peruano-declara-persona-no-grata-a-presidenta-sheinbaum-de-mexico\\\/\",\"url\":\"https:\\\/\\\/pulso27.com\\\/actualidad\\\/politica\\\/congreso-peruano-declara-persona-no-grata-a-presidenta-sheinbaum-de-mexico\\\/\",\"name\":\"Congreso peruano declara persona no grata a presidenta Sheinbaum de M\u00e9xico - Pulso27\",\"isPartOf\":{\"@id\":\"https:\\\/\\\/pulso27.com\\\/en\\\/#website\"},\"primaryImageOfPage\":{\"@id\":\"https:\\\/\\\/pulso27.com\\\/actualidad\\\/politica\\\/congreso-peruano-declara-persona-no-grata-a-presidenta-sheinbaum-de-mexico\\\/#primaryimage\"},\"image\":{\"@id\":\"https:\\\/\\\/pulso27.com\\\/actualidad\\\/politica\\\/congreso-peruano-declara-persona-no-grata-a-presidenta-sheinbaum-de-mexico\\\/#primaryimage\"},\"thumbnailUrl\":\"https:\\\/\\\/pulso27.com\\\/wp-content\\\/uploads\\\/2025\\\/09\\\/Mexicoo.png\",\"datePublished\":\"2025-09-09T04:39:29+00:00\",\"dateModified\":\"2025-09-09T04:39:35+00:00\",\"breadcrumb\":{\"@id\":\"https:\\\/\\\/pulso27.com\\\/actualidad\\\/politica\\\/congreso-peruano-declara-persona-no-grata-a-presidenta-sheinbaum-de-mexico\\\/#breadcrumb\"},\"inLanguage\":\"en-US\",\"potentialAction\":[{\"@type\":\"ReadAction\",\"target\":[\"https:\\\/\\\/pulso27.com\\\/actualidad\\\/politica\\\/congreso-peruano-declara-persona-no-grata-a-presidenta-sheinbaum-de-mexico\\\/\"]}]},{\"@type\":\"ImageObject\",\"inLanguage\":\"en-US\",\"@id\":\"https:\\\/\\\/pulso27.com\\\/actualidad\\\/politica\\\/congreso-peruano-declara-persona-no-grata-a-presidenta-sheinbaum-de-mexico\\\/#primaryimage\",\"url\":\"https:\\\/\\\/pulso27.com\\\/wp-content\\\/uploads\\\/2025\\\/09\\\/Mexicoo.png\",\"contentUrl\":\"https:\\\/\\\/pulso27.com\\\/wp-content\\\/uploads\\\/2025\\\/09\\\/Mexicoo.png\",\"width\":1282,\"height\":805},{\"@type\":\"BreadcrumbList\",\"@id\":\"https:\\\/\\\/pulso27.com\\\/actualidad\\\/politica\\\/congreso-peruano-declara-persona-no-grata-a-presidenta-sheinbaum-de-mexico\\\/#breadcrumb\",\"itemListElement\":[{\"@type\":\"ListItem\",\"position\":1,\"name\":\"Portada\",\"item\":\"https:\\\/\\\/pulso27.com\\\/\"},{\"@type\":\"ListItem\",\"position\":2,\"name\":\"Congreso peruano declara persona no grata a presidenta Sheinbaum de M\u00e9xico\"}]},{\"@type\":\"WebSite\",\"@id\":\"https:\\\/\\\/pulso27.com\\\/en\\\/#website\",\"url\":\"https:\\\/\\\/pulso27.com\\\/en\\\/\",\"name\":\"Pulso27\",\"description\":\"Web de noticias y publicidad\",\"publisher\":{\"@id\":\"https:\\\/\\\/pulso27.com\\\/en\\\/#organization\"},\"alternateName\":\"El pulso del pueblo\",\"potentialAction\":[{\"@type\":\"SearchAction\",\"target\":{\"@type\":\"EntryPoint\",\"urlTemplate\":\"https:\\\/\\\/pulso27.com\\\/en\\\/?s={search_term_string}\"},\"query-input\":{\"@type\":\"PropertyValueSpecification\",\"valueRequired\":true,\"valueName\":\"search_term_string\"}}],\"inLanguage\":\"en-US\"},{\"@type\":\"Organization\",\"@id\":\"https:\\\/\\\/pulso27.com\\\/en\\\/#organization\",\"name\":\"Pulso27\",\"url\":\"https:\\\/\\\/pulso27.com\\\/en\\\/\",\"logo\":{\"@type\":\"ImageObject\",\"inLanguage\":\"en-US\",\"@id\":\"https:\\\/\\\/pulso27.com\\\/en\\\/#\\\/schema\\\/logo\\\/image\\\/\",\"url\":\"https:\\\/\\\/pulso27.com\\\/wp-content\\\/uploads\\\/2026\\\/02\\\/Logotipo-de-la-organizacion-696-x-696-px-ok.png\",\"contentUrl\":\"https:\\\/\\\/pulso27.com\\\/wp-content\\\/uploads\\\/2026\\\/02\\\/Logotipo-de-la-organizacion-696-x-696-px-ok.png\",\"width\":696,\"height\":696,\"caption\":\"Pulso27\"},\"image\":{\"@id\":\"https:\\\/\\\/pulso27.com\\\/en\\\/#\\\/schema\\\/logo\\\/image\\\/\"},\"sameAs\":[\"https:\\\/\\\/www.facebook.com\\\/pulso27\\\/\",\"https:\\\/\\\/x.com\\\/Pulso_27\",\"https:\\\/\\\/www.youtube.com\\\/@Pulso27\",\"https:\\\/\\\/www.tiktok.com\\\/@pulso_27\"]},{\"@type\":\"Person\",\"@id\":\"https:\\\/\\\/pulso27.com\\\/en\\\/#\\\/schema\\\/person\\\/bf5ee161e6c87f6c7d57f5e689ef8526\",\"name\":\"Redactor\",\"image\":{\"@type\":\"ImageObject\",\"inLanguage\":\"en-US\",\"@id\":\"https:\\\/\\\/pulso27.com\\\/wp-content\\\/uploads\\\/2025\\\/03\\\/a-150x150.png\",\"url\":\"https:\\\/\\\/pulso27.com\\\/wp-content\\\/uploads\\\/2025\\\/03\\\/a-150x150.png\",\"contentUrl\":\"https:\\\/\\\/pulso27.com\\\/wp-content\\\/uploads\\\/2025\\\/03\\\/a-150x150.png\",\"caption\":\"Redactor\"},\"sameAs\":[\"http:\\\/\\\/www.pulso27.com\"],\"url\":\"https:\\\/\\\/pulso27.com\\\/en\\\/author\\\/redactor\\\/\"}]}<\/script>\n<!-- \/ Yoast SEO plugin. -->","yoast_head_json":{"title":"Congreso peruano declara persona no grata a presidenta Sheinbaum de M\u00e9xico - Pulso27","robots":{"index":"index","follow":"follow","max-snippet":"max-snippet:-1","max-image-preview":"max-image-preview:large","max-video-preview":"max-video-preview:-1"},"canonical":"https:\/\/pulso27.com\/en\/actualidad\/politica\/congreso-peruano-declara-persona-no-grata-a-presidenta-sheinbaum-de-mexico\/","og_locale":"en_US","og_type":"article","og_title":"Congreso peruano declara persona no grata a presidenta Sheinbaum de M\u00e9xico - Pulso27","og_description":"En un nuevo cap\u00edtulo de las crecientes fricciones bilaterales, la Comisi\u00f3n de Relaciones Exteriores del Congreso de la Rep\u00fablica del Per\u00fa ha aprobado por mayor\u00eda una moci\u00f3n que declara \u00abpersona non grata\u00bb a la presidenta de M\u00e9xico, Claudia Sheinbaum, por sus recientes declaraciones en defensa del expresidente peruano Pedro Castillo. La iniciativa, impulsada por congresistas [&hellip;]","og_url":"https:\/\/pulso27.com\/en\/actualidad\/politica\/congreso-peruano-declara-persona-no-grata-a-presidenta-sheinbaum-de-mexico\/","og_site_name":"Pulso27","article_publisher":"https:\/\/www.facebook.com\/pulso27\/","article_published_time":"2025-09-09T04:39:29+00:00","article_modified_time":"2025-09-09T04:39:35+00:00","og_image":[{"width":1282,"height":805,"url":"https:\/\/pulso27.com\/wp-content\/uploads\/2025\/09\/Mexicoo.png","type":"image\/png"}],"author":"Redactor","twitter_card":"summary_large_image","twitter_creator":"@Pulso_27","twitter_site":"@Pulso_27","twitter_misc":{"Written by":"Redactor","Est. reading time":"2 minutes"},"schema":{"@context":"https:\/\/schema.org","@graph":[{"@type":"Article","@id":"https:\/\/pulso27.com\/actualidad\/politica\/congreso-peruano-declara-persona-no-grata-a-presidenta-sheinbaum-de-mexico\/#article","isPartOf":{"@id":"https:\/\/pulso27.com\/actualidad\/politica\/congreso-peruano-declara-persona-no-grata-a-presidenta-sheinbaum-de-mexico\/"},"author":{"name":"Redactor","@id":"https:\/\/pulso27.com\/en\/#\/schema\/person\/bf5ee161e6c87f6c7d57f5e689ef8526"},"headline":"Congreso peruano declara persona no grata a presidenta Sheinbaum de M\u00e9xico","datePublished":"2025-09-09T04:39:29+00:00","dateModified":"2025-09-09T04:39:35+00:00","mainEntityOfPage":{"@id":"https:\/\/pulso27.com\/actualidad\/politica\/congreso-peruano-declara-persona-no-grata-a-presidenta-sheinbaum-de-mexico\/"},"wordCount":414,"commentCount":0,"publisher":{"@id":"https:\/\/pulso27.com\/en\/#organization"},"image":{"@id":"https:\/\/pulso27.com\/actualidad\/politica\/congreso-peruano-declara-persona-no-grata-a-presidenta-sheinbaum-de-mexico\/#primaryimage"},"thumbnailUrl":"https:\/\/pulso27.com\/wp-content\/uploads\/2025\/09\/Mexicoo.png","keywords":["Comisi\u00f3n de Relaciones Exteriores","Congreso de la Rep\u00fablica","M\u00e9xico","Per\u00fa"],"articleSection":["Internacional","Pol\u00edtica","Tendencia"],"inLanguage":"en-US","potentialAction":[{"@type":"CommentAction","name":"Comment","target":["https:\/\/pulso27.com\/actualidad\/politica\/congreso-peruano-declara-persona-no-grata-a-presidenta-sheinbaum-de-mexico\/#respond"]}]},{"@type":"WebPage","@id":"https:\/\/pulso27.com\/actualidad\/politica\/congreso-peruano-declara-persona-no-grata-a-presidenta-sheinbaum-de-mexico\/","url":"https:\/\/pulso27.com\/actualidad\/politica\/congreso-peruano-declara-persona-no-grata-a-presidenta-sheinbaum-de-mexico\/","name":"Congreso peruano declara persona no grata a presidenta Sheinbaum de M\u00e9xico - Pulso27","isPartOf":{"@id":"https:\/\/pulso27.com\/en\/#website"},"primaryImageOfPage":{"@id":"https:\/\/pulso27.com\/actualidad\/politica\/congreso-peruano-declara-persona-no-grata-a-presidenta-sheinbaum-de-mexico\/#primaryimage"},"image":{"@id":"https:\/\/pulso27.com\/actualidad\/politica\/congreso-peruano-declara-persona-no-grata-a-presidenta-sheinbaum-de-mexico\/#primaryimage"},"thumbnailUrl":"https:\/\/pulso27.com\/wp-content\/uploads\/2025\/09\/Mexicoo.png","datePublished":"2025-09-09T04:39:29+00:00","dateModified":"2025-09-09T04:39:35+00:00","breadcrumb":{"@id":"https:\/\/pulso27.com\/actualidad\/politica\/congreso-peruano-declara-persona-no-grata-a-presidenta-sheinbaum-de-mexico\/#breadcrumb"},"inLanguage":"en-US","potentialAction":[{"@type":"ReadAction","target":["https:\/\/pulso27.com\/actualidad\/politica\/congreso-peruano-declara-persona-no-grata-a-presidenta-sheinbaum-de-mexico\/"]}]},{"@type":"ImageObject","inLanguage":"en-US","@id":"https:\/\/pulso27.com\/actualidad\/politica\/congreso-peruano-declara-persona-no-grata-a-presidenta-sheinbaum-de-mexico\/#primaryimage","url":"https:\/\/pulso27.com\/wp-content\/uploads\/2025\/09\/Mexicoo.png","contentUrl":"https:\/\/pulso27.com\/wp-content\/uploads\/2025\/09\/Mexicoo.png","width":1282,"height":805},{"@type":"BreadcrumbList","@id":"https:\/\/pulso27.com\/actualidad\/politica\/congreso-peruano-declara-persona-no-grata-a-presidenta-sheinbaum-de-mexico\/#breadcrumb","itemListElement":[{"@type":"ListItem","position":1,"name":"Portada","item":"https:\/\/pulso27.com\/"},{"@type":"ListItem","position":2,"name":"Congreso peruano declara persona no grata a presidenta Sheinbaum de M\u00e9xico"}]},{"@type":"WebSite","@id":"https:\/\/pulso27.com\/en\/#website","url":"https:\/\/pulso27.com\/en\/","name":"Pulso27","description":"Web de noticias y publicidad","publisher":{"@id":"https:\/\/pulso27.com\/en\/#organization"},"alternateName":"El pulso del pueblo","potentialAction":[{"@type":"SearchAction","target":{"@type":"EntryPoint","urlTemplate":"https:\/\/pulso27.com\/en\/?s={search_term_string}"},"query-input":{"@type":"PropertyValueSpecification","valueRequired":true,"valueName":"search_term_string"}}],"inLanguage":"en-US"},{"@type":"Organization","@id":"https:\/\/pulso27.com\/en\/#organization","name":"Pulso27","url":"https:\/\/pulso27.com\/en\/","logo":{"@type":"ImageObject","inLanguage":"en-US","@id":"https:\/\/pulso27.com\/en\/#\/schema\/logo\/image\/","url":"https:\/\/pulso27.com\/wp-content\/uploads\/2026\/02\/Logotipo-de-la-organizacion-696-x-696-px-ok.png","contentUrl":"https:\/\/pulso27.com\/wp-content\/uploads\/2026\/02\/Logotipo-de-la-organizacion-696-x-696-px-ok.png","width":696,"height":696,"caption":"Pulso27"},"image":{"@id":"https:\/\/pulso27.com\/en\/#\/schema\/logo\/image\/"},"sameAs":["https:\/\/www.facebook.com\/pulso27\/","https:\/\/x.com\/Pulso_27","https:\/\/www.youtube.com\/@Pulso27","https:\/\/www.tiktok.com\/@pulso_27"]},{"@type":"Person","@id":"https:\/\/pulso27.com\/en\/#\/schema\/person\/bf5ee161e6c87f6c7d57f5e689ef8526","name":"Redactor","image":{"@type":"ImageObject","inLanguage":"en-US","@id":"https:\/\/pulso27.com\/wp-content\/uploads\/2025\/03\/a-150x150.png","url":"https:\/\/pulso27.com\/wp-content\/uploads\/2025\/03\/a-150x150.png","contentUrl":"https:\/\/pulso27.com\/wp-content\/uploads\/2025\/03\/a-150x150.png","caption":"Redactor"},"sameAs":["http:\/\/www.pulso27.com"],"url":"https:\/\/pulso27.com\/en\/author\/redactor\/"}]}},"amp_enabled":true,"_links":{"self":[{"href":"https:\/\/pulso27.com\/en\/wp-json\/wp\/v2\/posts\/6239","targetHints":{"allow":["GET"]}}],"collection":[{"href":"https:\/\/pulso27.com\/en\/wp-json\/wp\/v2\/posts"}],"about":[{"href":"https:\/\/pulso27.com\/en\/wp-json\/wp\/v2\/types\/post"}],"author":[{"embeddable":true,"href":"https:\/\/pulso27.com\/en\/wp-json\/wp\/v2\/users\/13"}],"replies":[{"embeddable":true,"href":"https:\/\/pulso27.com\/en\/wp-json\/wp\/v2\/comments?post=6239"}],"version-history":[{"count":1,"href":"https:\/\/pulso27.com\/en\/wp-json\/wp\/v2\/posts\/6239\/revisions"}],"predecessor-version":[{"id":6244,"href":"https:\/\/pulso27.com\/en\/wp-json\/wp\/v2\/posts\/6239\/revisions\/6244"}],"wp:featuredmedia":[{"embeddable":true,"href":"https:\/\/pulso27.com\/en\/wp-json\/wp\/v2\/media\/6240"}],"wp:attachment":[{"href":"https:\/\/pulso27.com\/en\/wp-json\/wp\/v2\/media?parent=6239"}],"wp:term":[{"taxonomy":"category","embeddable":true,"href":"https:\/\/pulso27.com\/en\/wp-json\/wp\/v2\/categories?post=6239"},{"taxonomy":"post_tag","embeddable":true,"href":"https:\/\/pulso27.com\/en\/wp-json\/wp\/v2\/tags?post=6239"}],"curies":[{"name":"wp","href":"https:\/\/api.w.org\/{rel}","templated":true}]}}