{"id":6247,"date":"2025-09-11T08:54:09","date_gmt":"2025-09-11T03:54:09","guid":{"rendered":"https:\/\/pulso27.com\/?p=6247"},"modified":"2025-09-11T08:54:14","modified_gmt":"2025-09-11T03:54:14","slug":"congreso-peruano-amplia-plazo-de-afiliacion-partidaria-para-elecciones-subnacionales-de-2026","status":"publish","type":"post","link":"https:\/\/pulso27.com\/en\/actualidad\/congreso-peruano-amplia-plazo-de-afiliacion-partidaria-para-elecciones-subnacionales-de-2026\/","title":{"rendered":"Congreso peruano ampl\u00eda plazo de afiliaci\u00f3n partidaria para elecciones subnacionales de 2026"},"content":{"rendered":"<p>La Comisi\u00f3n de Constituci\u00f3n del Congreso de la Rep\u00fablica aprob\u00f3 el 9 de septiembre de 2025 una modificaci\u00f3n excepcional a la Ley Org\u00e1nica de Elecciones que ampl\u00eda hasta el 30 de noviembre de 2025 el plazo para que nuevos militantes puedan afiliarse a partidos pol\u00edticos y postular en las Elecciones Regionales y Municipales de octubre de 2026. La propuesta, respaldada por bancadas como Podemos Per\u00fa y Renovaci\u00f3n Popular, busca incrementar la participaci\u00f3n ciudadana y renovar los liderazgos pol\u00edticos a nivel local.<\/p>\n\n\n\n<p>El dictamen, que requiere a\u00fan la aprobaci\u00f3n del Pleno del Congreso, permitir\u00eda postular a personas que se afilien despu\u00e9s del plazo original del 16 de junio de 2025, siempre que no mantengan m\u00faltiples afiliaciones. La medida aplica exclusivamente para los comicios subnacionales, pues el plazo para las Elecciones Generales de abril de 2026 venci\u00f3 en julio de 2024.<\/p>\n\n\n\n<p>La Oficina Nacional de Procesos Electorales (ONPE) y el Jurado Nacional de Elecciones (JNE) han manifestado preocupaci\u00f3n por posibles afectaciones al calendario electoral y a la seguridad jur\u00eddica del proceso. Ambos organismos exhortaron al Legislativo a garantizar la estabilidad de las normas electorales mientras se debate la iniciativa parlamentaria.<\/p>","protected":false},"excerpt":{"rendered":"<p>La Comisi\u00f3n de Constituci\u00f3n del Congreso de la Rep\u00fablica aprob\u00f3 el 9 de septiembre de 2025 una modificaci\u00f3n excepcional a la Ley Org\u00e1nica de Elecciones que ampl\u00eda hasta el 30 de noviembre de 2025 el plazo para que nuevos militantes puedan afiliarse a partidos pol\u00edticos y postular en las Elecciones Regionales y Municipales de octubre [&hellip;]<\/p>\n","protected":false},"author":13,"featured_media":6248,"comment_status":"open","ping_status":"open","sticky":false,"template":"","format":"standard","meta":{"footnotes":""},"categories":[183,174,180],"tags":[2486],"class_list":["post-6247","post","type-post","status-publish","format-standard","has-post-thumbnail","hentry","category-actualidad","category-nacional","category-politica","tag-elecciones-regionales-y-municipales-2026"],"yoast_head":"<!-- This site is optimized with the Yoast SEO plugin v27.4 - https:\/\/yoast.com\/product\/yoast-seo-wordpress\/ -->\n<title>Congreso peruano ampl\u00eda plazo de afiliaci\u00f3n partidaria para elecciones subnacionales de 2026 - Pulso27<\/title>\n<meta name=\"robots\" content=\"index, follow, max-snippet:-1, max-image-preview:large, max-video-preview:-1\" \/>\n<link rel=\"canonical\" href=\"https:\/\/pulso27.com\/en\/actualidad\/congreso-peruano-amplia-plazo-de-afiliacion-partidaria-para-elecciones-subnacionales-de-2026\/\" \/>\n<meta property=\"og:locale\" content=\"en_US\" \/>\n<meta property=\"og:type\" content=\"article\" \/>\n<meta property=\"og:title\" content=\"Congreso peruano ampl\u00eda plazo de afiliaci\u00f3n partidaria para elecciones subnacionales de 2026 - Pulso27\" \/>\n<meta property=\"og:description\" content=\"La Comisi\u00f3n de Constituci\u00f3n del Congreso de la Rep\u00fablica aprob\u00f3 el 9 de septiembre de 2025 una modificaci\u00f3n excepcional a la Ley Org\u00e1nica de Elecciones que ampl\u00eda hasta el 30 de noviembre de 2025 el plazo para que nuevos militantes puedan afiliarse a partidos pol\u00edticos y postular en las Elecciones Regionales y Municipales de octubre [&hellip;]\" \/>\n<meta property=\"og:url\" content=\"https:\/\/pulso27.com\/en\/actualidad\/congreso-peruano-amplia-plazo-de-afiliacion-partidaria-para-elecciones-subnacionales-de-2026\/\" \/>\n<meta property=\"og:site_name\" content=\"Pulso27\" \/>\n<meta property=\"article:publisher\" content=\"https:\/\/www.facebook.com\/pulso27\/\" \/>\n<meta property=\"article:published_time\" content=\"2025-09-11T03:54:09+00:00\" \/>\n<meta property=\"article:modified_time\" content=\"2025-09-11T03:54:14+00:00\" \/>\n<meta property=\"og:image\" content=\"https:\/\/pulso27.com\/wp-content\/uploads\/2025\/09\/Afiliacion.png\" \/>\n\t<meta property=\"og:image:width\" content=\"1280\" \/>\n\t<meta property=\"og:image:height\" content=\"804\" \/>\n\t<meta property=\"og:image:type\" content=\"image\/png\" \/>\n<meta name=\"author\" content=\"Redactor\" \/>\n<meta name=\"twitter:card\" content=\"summary_large_image\" \/>\n<meta name=\"twitter:creator\" content=\"@Pulso_27\" \/>\n<meta name=\"twitter:site\" content=\"@Pulso_27\" \/>\n<meta name=\"twitter:label1\" content=\"Written by\" \/>\n\t<meta name=\"twitter:data1\" content=\"Redactor\" \/>\n\t<meta name=\"twitter:label2\" content=\"Est. reading time\" \/>\n\t<meta name=\"twitter:data2\" content=\"2 minutes\" \/>\n<script type=\"application\/ld+json\" class=\"yoast-schema-graph\">{\"@context\":\"https:\\\/\\\/schema.org\",\"@graph\":[{\"@type\":\"Article\",\"@id\":\"https:\\\/\\\/pulso27.com\\\/actualidad\\\/congreso-peruano-amplia-plazo-de-afiliacion-partidaria-para-elecciones-subnacionales-de-2026\\\/#article\",\"isPartOf\":{\"@id\":\"https:\\\/\\\/pulso27.com\\\/actualidad\\\/congreso-peruano-amplia-plazo-de-afiliacion-partidaria-para-elecciones-subnacionales-de-2026\\\/\"},\"author\":{\"name\":\"Redactor\",\"@id\":\"https:\\\/\\\/pulso27.com\\\/en\\\/#\\\/schema\\\/person\\\/bf5ee161e6c87f6c7d57f5e689ef8526\"},\"headline\":\"Congreso peruano ampl\u00eda plazo de afiliaci\u00f3n partidaria para elecciones subnacionales de 2026\",\"datePublished\":\"2025-09-11T03:54:09+00:00\",\"dateModified\":\"2025-09-11T03:54:14+00:00\",\"mainEntityOfPage\":{\"@id\":\"https:\\\/\\\/pulso27.com\\\/actualidad\\\/congreso-peruano-amplia-plazo-de-afiliacion-partidaria-para-elecciones-subnacionales-de-2026\\\/\"},\"wordCount\":209,\"commentCount\":0,\"publisher\":{\"@id\":\"https:\\\/\\\/pulso27.com\\\/en\\\/#organization\"},\"image\":{\"@id\":\"https:\\\/\\\/pulso27.com\\\/actualidad\\\/congreso-peruano-amplia-plazo-de-afiliacion-partidaria-para-elecciones-subnacionales-de-2026\\\/#primaryimage\"},\"thumbnailUrl\":\"https:\\\/\\\/pulso27.com\\\/wp-content\\\/uploads\\\/2025\\\/09\\\/Afiliacion.png\",\"keywords\":[\"Elecciones Regionales y Municipales 2026\"],\"articleSection\":[\"Actualidad\",\"Nacional\",\"Pol\u00edtica\"],\"inLanguage\":\"en-US\",\"potentialAction\":[{\"@type\":\"CommentAction\",\"name\":\"Comment\",\"target\":[\"https:\\\/\\\/pulso27.com\\\/actualidad\\\/congreso-peruano-amplia-plazo-de-afiliacion-partidaria-para-elecciones-subnacionales-de-2026\\\/#respond\"]}]},{\"@type\":\"WebPage\",\"@id\":\"https:\\\/\\\/pulso27.com\\\/actualidad\\\/congreso-peruano-amplia-plazo-de-afiliacion-partidaria-para-elecciones-subnacionales-de-2026\\\/\",\"url\":\"https:\\\/\\\/pulso27.com\\\/actualidad\\\/congreso-peruano-amplia-plazo-de-afiliacion-partidaria-para-elecciones-subnacionales-de-2026\\\/\",\"name\":\"Congreso peruano ampl\u00eda plazo de afiliaci\u00f3n partidaria para elecciones subnacionales de 2026 - Pulso27\",\"isPartOf\":{\"@id\":\"https:\\\/\\\/pulso27.com\\\/en\\\/#website\"},\"primaryImageOfPage\":{\"@id\":\"https:\\\/\\\/pulso27.com\\\/actualidad\\\/congreso-peruano-amplia-plazo-de-afiliacion-partidaria-para-elecciones-subnacionales-de-2026\\\/#primaryimage\"},\"image\":{\"@id\":\"https:\\\/\\\/pulso27.com\\\/actualidad\\\/congreso-peruano-amplia-plazo-de-afiliacion-partidaria-para-elecciones-subnacionales-de-2026\\\/#primaryimage\"},\"thumbnailUrl\":\"https:\\\/\\\/pulso27.com\\\/wp-content\\\/uploads\\\/2025\\\/09\\\/Afiliacion.png\",\"datePublished\":\"2025-09-11T03:54:09+00:00\",\"dateModified\":\"2025-09-11T03:54:14+00:00\",\"breadcrumb\":{\"@id\":\"https:\\\/\\\/pulso27.com\\\/actualidad\\\/congreso-peruano-amplia-plazo-de-afiliacion-partidaria-para-elecciones-subnacionales-de-2026\\\/#breadcrumb\"},\"inLanguage\":\"en-US\",\"potentialAction\":[{\"@type\":\"ReadAction\",\"target\":[\"https:\\\/\\\/pulso27.com\\\/actualidad\\\/congreso-peruano-amplia-plazo-de-afiliacion-partidaria-para-elecciones-subnacionales-de-2026\\\/\"]}]},{\"@type\":\"ImageObject\",\"inLanguage\":\"en-US\",\"@id\":\"https:\\\/\\\/pulso27.com\\\/actualidad\\\/congreso-peruano-amplia-plazo-de-afiliacion-partidaria-para-elecciones-subnacionales-de-2026\\\/#primaryimage\",\"url\":\"https:\\\/\\\/pulso27.com\\\/wp-content\\\/uploads\\\/2025\\\/09\\\/Afiliacion.png\",\"contentUrl\":\"https:\\\/\\\/pulso27.com\\\/wp-content\\\/uploads\\\/2025\\\/09\\\/Afiliacion.png\",\"width\":1280,\"height\":804},{\"@type\":\"BreadcrumbList\",\"@id\":\"https:\\\/\\\/pulso27.com\\\/actualidad\\\/congreso-peruano-amplia-plazo-de-afiliacion-partidaria-para-elecciones-subnacionales-de-2026\\\/#breadcrumb\",\"itemListElement\":[{\"@type\":\"ListItem\",\"position\":1,\"name\":\"Portada\",\"item\":\"https:\\\/\\\/pulso27.com\\\/\"},{\"@type\":\"ListItem\",\"position\":2,\"name\":\"Congreso peruano ampl\u00eda plazo de afiliaci\u00f3n partidaria para elecciones subnacionales de 2026\"}]},{\"@type\":\"WebSite\",\"@id\":\"https:\\\/\\\/pulso27.com\\\/en\\\/#website\",\"url\":\"https:\\\/\\\/pulso27.com\\\/en\\\/\",\"name\":\"Pulso27\",\"description\":\"Web de noticias y publicidad\",\"publisher\":{\"@id\":\"https:\\\/\\\/pulso27.com\\\/en\\\/#organization\"},\"alternateName\":\"El pulso del pueblo\",\"potentialAction\":[{\"@type\":\"SearchAction\",\"target\":{\"@type\":\"EntryPoint\",\"urlTemplate\":\"https:\\\/\\\/pulso27.com\\\/en\\\/?s={search_term_string}\"},\"query-input\":{\"@type\":\"PropertyValueSpecification\",\"valueRequired\":true,\"valueName\":\"search_term_string\"}}],\"inLanguage\":\"en-US\"},{\"@type\":\"Organization\",\"@id\":\"https:\\\/\\\/pulso27.com\\\/en\\\/#organization\",\"name\":\"Pulso27\",\"url\":\"https:\\\/\\\/pulso27.com\\\/en\\\/\",\"logo\":{\"@type\":\"ImageObject\",\"inLanguage\":\"en-US\",\"@id\":\"https:\\\/\\\/pulso27.com\\\/en\\\/#\\\/schema\\\/logo\\\/image\\\/\",\"url\":\"https:\\\/\\\/pulso27.com\\\/wp-content\\\/uploads\\\/2026\\\/02\\\/Logotipo-de-la-organizacion-696-x-696-px-ok.png\",\"contentUrl\":\"https:\\\/\\\/pulso27.com\\\/wp-content\\\/uploads\\\/2026\\\/02\\\/Logotipo-de-la-organizacion-696-x-696-px-ok.png\",\"width\":696,\"height\":696,\"caption\":\"Pulso27\"},\"image\":{\"@id\":\"https:\\\/\\\/pulso27.com\\\/en\\\/#\\\/schema\\\/logo\\\/image\\\/\"},\"sameAs\":[\"https:\\\/\\\/www.facebook.com\\\/pulso27\\\/\",\"https:\\\/\\\/x.com\\\/Pulso_27\",\"https:\\\/\\\/www.youtube.com\\\/@Pulso27\",\"https:\\\/\\\/www.tiktok.com\\\/@pulso_27\"]},{\"@type\":\"Person\",\"@id\":\"https:\\\/\\\/pulso27.com\\\/en\\\/#\\\/schema\\\/person\\\/bf5ee161e6c87f6c7d57f5e689ef8526\",\"name\":\"Redactor\",\"image\":{\"@type\":\"ImageObject\",\"inLanguage\":\"en-US\",\"@id\":\"https:\\\/\\\/pulso27.com\\\/wp-content\\\/uploads\\\/2025\\\/03\\\/a-150x150.png\",\"url\":\"https:\\\/\\\/pulso27.com\\\/wp-content\\\/uploads\\\/2025\\\/03\\\/a-150x150.png\",\"contentUrl\":\"https:\\\/\\\/pulso27.com\\\/wp-content\\\/uploads\\\/2025\\\/03\\\/a-150x150.png\",\"caption\":\"Redactor\"},\"sameAs\":[\"http:\\\/\\\/www.pulso27.com\"],\"url\":\"https:\\\/\\\/pulso27.com\\\/en\\\/author\\\/redactor\\\/\"}]}<\/script>\n<!-- \/ Yoast SEO plugin. -->","yoast_head_json":{"title":"Congreso peruano ampl\u00eda plazo de afiliaci\u00f3n partidaria para elecciones subnacionales de 2026 - Pulso27","robots":{"index":"index","follow":"follow","max-snippet":"max-snippet:-1","max-image-preview":"max-image-preview:large","max-video-preview":"max-video-preview:-1"},"canonical":"https:\/\/pulso27.com\/en\/actualidad\/congreso-peruano-amplia-plazo-de-afiliacion-partidaria-para-elecciones-subnacionales-de-2026\/","og_locale":"en_US","og_type":"article","og_title":"Congreso peruano ampl\u00eda plazo de afiliaci\u00f3n partidaria para elecciones subnacionales de 2026 - Pulso27","og_description":"La Comisi\u00f3n de Constituci\u00f3n del Congreso de la Rep\u00fablica aprob\u00f3 el 9 de septiembre de 2025 una modificaci\u00f3n excepcional a la Ley Org\u00e1nica de Elecciones que ampl\u00eda hasta el 30 de noviembre de 2025 el plazo para que nuevos militantes puedan afiliarse a partidos pol\u00edticos y postular en las Elecciones Regionales y Municipales de octubre [&hellip;]","og_url":"https:\/\/pulso27.com\/en\/actualidad\/congreso-peruano-amplia-plazo-de-afiliacion-partidaria-para-elecciones-subnacionales-de-2026\/","og_site_name":"Pulso27","article_publisher":"https:\/\/www.facebook.com\/pulso27\/","article_published_time":"2025-09-11T03:54:09+00:00","article_modified_time":"2025-09-11T03:54:14+00:00","og_image":[{"width":1280,"height":804,"url":"https:\/\/pulso27.com\/wp-content\/uploads\/2025\/09\/Afiliacion.png","type":"image\/png"}],"author":"Redactor","twitter_card":"summary_large_image","twitter_creator":"@Pulso_27","twitter_site":"@Pulso_27","twitter_misc":{"Written by":"Redactor","Est. reading time":"2 minutes"},"schema":{"@context":"https:\/\/schema.org","@graph":[{"@type":"Article","@id":"https:\/\/pulso27.com\/actualidad\/congreso-peruano-amplia-plazo-de-afiliacion-partidaria-para-elecciones-subnacionales-de-2026\/#article","isPartOf":{"@id":"https:\/\/pulso27.com\/actualidad\/congreso-peruano-amplia-plazo-de-afiliacion-partidaria-para-elecciones-subnacionales-de-2026\/"},"author":{"name":"Redactor","@id":"https:\/\/pulso27.com\/en\/#\/schema\/person\/bf5ee161e6c87f6c7d57f5e689ef8526"},"headline":"Congreso peruano ampl\u00eda plazo de afiliaci\u00f3n partidaria para elecciones subnacionales de 2026","datePublished":"2025-09-11T03:54:09+00:00","dateModified":"2025-09-11T03:54:14+00:00","mainEntityOfPage":{"@id":"https:\/\/pulso27.com\/actualidad\/congreso-peruano-amplia-plazo-de-afiliacion-partidaria-para-elecciones-subnacionales-de-2026\/"},"wordCount":209,"commentCount":0,"publisher":{"@id":"https:\/\/pulso27.com\/en\/#organization"},"image":{"@id":"https:\/\/pulso27.com\/actualidad\/congreso-peruano-amplia-plazo-de-afiliacion-partidaria-para-elecciones-subnacionales-de-2026\/#primaryimage"},"thumbnailUrl":"https:\/\/pulso27.com\/wp-content\/uploads\/2025\/09\/Afiliacion.png","keywords":["Elecciones Regionales y Municipales 2026"],"articleSection":["Actualidad","Nacional","Pol\u00edtica"],"inLanguage":"en-US","potentialAction":[{"@type":"CommentAction","name":"Comment","target":["https:\/\/pulso27.com\/actualidad\/congreso-peruano-amplia-plazo-de-afiliacion-partidaria-para-elecciones-subnacionales-de-2026\/#respond"]}]},{"@type":"WebPage","@id":"https:\/\/pulso27.com\/actualidad\/congreso-peruano-amplia-plazo-de-afiliacion-partidaria-para-elecciones-subnacionales-de-2026\/","url":"https:\/\/pulso27.com\/actualidad\/congreso-peruano-amplia-plazo-de-afiliacion-partidaria-para-elecciones-subnacionales-de-2026\/","name":"Congreso peruano ampl\u00eda plazo de afiliaci\u00f3n partidaria para elecciones subnacionales de 2026 - Pulso27","isPartOf":{"@id":"https:\/\/pulso27.com\/en\/#website"},"primaryImageOfPage":{"@id":"https:\/\/pulso27.com\/actualidad\/congreso-peruano-amplia-plazo-de-afiliacion-partidaria-para-elecciones-subnacionales-de-2026\/#primaryimage"},"image":{"@id":"https:\/\/pulso27.com\/actualidad\/congreso-peruano-amplia-plazo-de-afiliacion-partidaria-para-elecciones-subnacionales-de-2026\/#primaryimage"},"thumbnailUrl":"https:\/\/pulso27.com\/wp-content\/uploads\/2025\/09\/Afiliacion.png","datePublished":"2025-09-11T03:54:09+00:00","dateModified":"2025-09-11T03:54:14+00:00","breadcrumb":{"@id":"https:\/\/pulso27.com\/actualidad\/congreso-peruano-amplia-plazo-de-afiliacion-partidaria-para-elecciones-subnacionales-de-2026\/#breadcrumb"},"inLanguage":"en-US","potentialAction":[{"@type":"ReadAction","target":["https:\/\/pulso27.com\/actualidad\/congreso-peruano-amplia-plazo-de-afiliacion-partidaria-para-elecciones-subnacionales-de-2026\/"]}]},{"@type":"ImageObject","inLanguage":"en-US","@id":"https:\/\/pulso27.com\/actualidad\/congreso-peruano-amplia-plazo-de-afiliacion-partidaria-para-elecciones-subnacionales-de-2026\/#primaryimage","url":"https:\/\/pulso27.com\/wp-content\/uploads\/2025\/09\/Afiliacion.png","contentUrl":"https:\/\/pulso27.com\/wp-content\/uploads\/2025\/09\/Afiliacion.png","width":1280,"height":804},{"@type":"BreadcrumbList","@id":"https:\/\/pulso27.com\/actualidad\/congreso-peruano-amplia-plazo-de-afiliacion-partidaria-para-elecciones-subnacionales-de-2026\/#breadcrumb","itemListElement":[{"@type":"ListItem","position":1,"name":"Portada","item":"https:\/\/pulso27.com\/"},{"@type":"ListItem","position":2,"name":"Congreso peruano ampl\u00eda plazo de afiliaci\u00f3n partidaria para elecciones subnacionales de 2026"}]},{"@type":"WebSite","@id":"https:\/\/pulso27.com\/en\/#website","url":"https:\/\/pulso27.com\/en\/","name":"Pulso27","description":"Web de noticias y publicidad","publisher":{"@id":"https:\/\/pulso27.com\/en\/#organization"},"alternateName":"El pulso del pueblo","potentialAction":[{"@type":"SearchAction","target":{"@type":"EntryPoint","urlTemplate":"https:\/\/pulso27.com\/en\/?s={search_term_string}"},"query-input":{"@type":"PropertyValueSpecification","valueRequired":true,"valueName":"search_term_string"}}],"inLanguage":"en-US"},{"@type":"Organization","@id":"https:\/\/pulso27.com\/en\/#organization","name":"Pulso27","url":"https:\/\/pulso27.com\/en\/","logo":{"@type":"ImageObject","inLanguage":"en-US","@id":"https:\/\/pulso27.com\/en\/#\/schema\/logo\/image\/","url":"https:\/\/pulso27.com\/wp-content\/uploads\/2026\/02\/Logotipo-de-la-organizacion-696-x-696-px-ok.png","contentUrl":"https:\/\/pulso27.com\/wp-content\/uploads\/2026\/02\/Logotipo-de-la-organizacion-696-x-696-px-ok.png","width":696,"height":696,"caption":"Pulso27"},"image":{"@id":"https:\/\/pulso27.com\/en\/#\/schema\/logo\/image\/"},"sameAs":["https:\/\/www.facebook.com\/pulso27\/","https:\/\/x.com\/Pulso_27","https:\/\/www.youtube.com\/@Pulso27","https:\/\/www.tiktok.com\/@pulso_27"]},{"@type":"Person","@id":"https:\/\/pulso27.com\/en\/#\/schema\/person\/bf5ee161e6c87f6c7d57f5e689ef8526","name":"Redactor","image":{"@type":"ImageObject","inLanguage":"en-US","@id":"https:\/\/pulso27.com\/wp-content\/uploads\/2025\/03\/a-150x150.png","url":"https:\/\/pulso27.com\/wp-content\/uploads\/2025\/03\/a-150x150.png","contentUrl":"https:\/\/pulso27.com\/wp-content\/uploads\/2025\/03\/a-150x150.png","caption":"Redactor"},"sameAs":["http:\/\/www.pulso27.com"],"url":"https:\/\/pulso27.com\/en\/author\/redactor\/"}]}},"amp_enabled":true,"_links":{"self":[{"href":"https:\/\/pulso27.com\/en\/wp-json\/wp\/v2\/posts\/6247","targetHints":{"allow":["GET"]}}],"collection":[{"href":"https:\/\/pulso27.com\/en\/wp-json\/wp\/v2\/posts"}],"about":[{"href":"https:\/\/pulso27.com\/en\/wp-json\/wp\/v2\/types\/post"}],"author":[{"embeddable":true,"href":"https:\/\/pulso27.com\/en\/wp-json\/wp\/v2\/users\/13"}],"replies":[{"embeddable":true,"href":"https:\/\/pulso27.com\/en\/wp-json\/wp\/v2\/comments?post=6247"}],"version-history":[{"count":1,"href":"https:\/\/pulso27.com\/en\/wp-json\/wp\/v2\/posts\/6247\/revisions"}],"predecessor-version":[{"id":6249,"href":"https:\/\/pulso27.com\/en\/wp-json\/wp\/v2\/posts\/6247\/revisions\/6249"}],"wp:featuredmedia":[{"embeddable":true,"href":"https:\/\/pulso27.com\/en\/wp-json\/wp\/v2\/media\/6248"}],"wp:attachment":[{"href":"https:\/\/pulso27.com\/en\/wp-json\/wp\/v2\/media?parent=6247"}],"wp:term":[{"taxonomy":"category","embeddable":true,"href":"https:\/\/pulso27.com\/en\/wp-json\/wp\/v2\/categories?post=6247"},{"taxonomy":"post_tag","embeddable":true,"href":"https:\/\/pulso27.com\/en\/wp-json\/wp\/v2\/tags?post=6247"}],"curies":[{"name":"wp","href":"https:\/\/api.w.org\/{rel}","templated":true}]}}