{"id":6253,"date":"2025-09-11T09:34:26","date_gmt":"2025-09-11T04:34:26","guid":{"rendered":"https:\/\/pulso27.com\/?p=6253"},"modified":"2025-09-11T09:42:26","modified_gmt":"2025-09-11T04:42:26","slug":"dirigentes-agrarios-denuncian-presunto-cobro-de-cupos-en-el-provraem","status":"publish","type":"post","link":"https:\/\/pulso27.com\/en\/actualidad\/dirigentes-agrarios-denuncian-presunto-cobro-de-cupos-en-el-provraem\/","title":{"rendered":"Dirigentes agrarios denuncian presunto cobro de cupos en el PROVRAEM"},"content":{"rendered":"<p>El dirigente social Nelson Palomino La Serna denunci\u00f3 que presuntamente se estar\u00edan cobrando cupos laborales para acceder a puestos en el Proyecto Especial de Desarrollo del Valle de los R\u00edos Apur\u00edmac, Ene y Mantaro (PROVRAEM). Seg\u00fan indic\u00f3 en declaraciones a radio Studiovraem, una persona identificada como \u201cMar\u00eda\u201d estar\u00eda vinculada a estas pr\u00e1cticas y afirm\u00f3 contar con audios que sustentar\u00edan sus se\u00f1alamientos.<\/p>\n\n\n\n<p>Por otro lado, el exsecretario de la Federaci\u00f3n de Productores Agropecuarios del Valle de los R\u00edos Apur\u00edmac y Ene (Fepavrae), Juli\u00e1n P\u00e9rez Mallqui, cuestion\u00f3 la designaci\u00f3n de Rogelio Huamani Carbajal como director ejecutivo del PROVRAEM. Asegur\u00f3 que su nombramiento habr\u00eda sido \u201capadrinado\u201d y que la dirigencia actual de la Fepavrae tendr\u00eda conocimiento de esa situaci\u00f3n.<\/p>\n\n\n\n<p>Asimismo, P\u00e9rez critic\u00f3 el rol del sindicato de la entidad, al que acus\u00f3 de mantener acuerdos con directivos designados. Ante ello, solicit\u00f3 que la dirigencia de la Fepavrae convoque a una reuni\u00f3n con representantes de la cuenca del VRAEM para evaluar medidas frente a estas presuntas irregularidades.<\/p>","protected":false},"excerpt":{"rendered":"<p>El dirigente social Nelson Palomino La Serna denunci\u00f3 que presuntamente se estar\u00edan cobrando cupos laborales para acceder a puestos en el Proyecto Especial de Desarrollo del Valle de los R\u00edos Apur\u00edmac, Ene y Mantaro (PROVRAEM). Seg\u00fan indic\u00f3 en declaraciones a radio Studiovraem, una persona identificada como \u201cMar\u00eda\u201d estar\u00eda vinculada a estas pr\u00e1cticas y afirm\u00f3 contar [&hellip;]<\/p>\n","protected":false},"author":7,"featured_media":6261,"comment_status":"open","ping_status":"open","sticky":false,"template":"","format":"standard","meta":{"footnotes":""},"categories":[183,177,174],"tags":[2490,2488,2487,2489],"class_list":["post-6253","post","type-post","status-publish","format-standard","has-post-thumbnail","hentry","category-actualidad","category-economia","category-nacional","tag-cupos","tag-fepavrae","tag-provraem","tag-vraem"],"yoast_head":"<!-- This site is optimized with the Yoast SEO plugin v27.4 - https:\/\/yoast.com\/product\/yoast-seo-wordpress\/ -->\n<title>Dirigentes agrarios denuncian presunto cobro de cupos en el PROVRAEM - Pulso27<\/title>\n<meta name=\"robots\" content=\"index, follow, max-snippet:-1, max-image-preview:large, max-video-preview:-1\" \/>\n<link rel=\"canonical\" href=\"https:\/\/pulso27.com\/en\/actualidad\/dirigentes-agrarios-denuncian-presunto-cobro-de-cupos-en-el-provraem\/\" \/>\n<meta property=\"og:locale\" content=\"en_US\" \/>\n<meta property=\"og:type\" content=\"article\" \/>\n<meta property=\"og:title\" content=\"Dirigentes agrarios denuncian presunto cobro de cupos en el PROVRAEM - Pulso27\" \/>\n<meta property=\"og:description\" content=\"El dirigente social Nelson Palomino La Serna denunci\u00f3 que presuntamente se estar\u00edan cobrando cupos laborales para acceder a puestos en el Proyecto Especial de Desarrollo del Valle de los R\u00edos Apur\u00edmac, Ene y Mantaro (PROVRAEM). Seg\u00fan indic\u00f3 en declaraciones a radio Studiovraem, una persona identificada como \u201cMar\u00eda\u201d estar\u00eda vinculada a estas pr\u00e1cticas y afirm\u00f3 contar [&hellip;]\" \/>\n<meta property=\"og:url\" content=\"https:\/\/pulso27.com\/en\/actualidad\/dirigentes-agrarios-denuncian-presunto-cobro-de-cupos-en-el-provraem\/\" \/>\n<meta property=\"og:site_name\" content=\"Pulso27\" \/>\n<meta property=\"article:publisher\" content=\"https:\/\/www.facebook.com\/pulso27\/\" \/>\n<meta property=\"article:published_time\" content=\"2025-09-11T04:34:26+00:00\" \/>\n<meta property=\"article:modified_time\" content=\"2025-09-11T04:42:26+00:00\" \/>\n<meta property=\"og:image\" content=\"https:\/\/pulso27.com\/wp-content\/uploads\/2025\/09\/Provraem.png\" \/>\n\t<meta property=\"og:image:width\" content=\"1280\" \/>\n\t<meta property=\"og:image:height\" content=\"799\" \/>\n\t<meta property=\"og:image:type\" content=\"image\/png\" \/>\n<meta name=\"author\" content=\"Tupaq\" \/>\n<meta name=\"twitter:card\" content=\"summary_large_image\" \/>\n<meta name=\"twitter:creator\" content=\"@Pulso_27\" \/>\n<meta name=\"twitter:site\" content=\"@Pulso_27\" \/>\n<meta name=\"twitter:label1\" content=\"Written by\" \/>\n\t<meta name=\"twitter:data1\" content=\"Tupaq\" \/>\n\t<meta name=\"twitter:label2\" content=\"Est. reading time\" \/>\n\t<meta name=\"twitter:data2\" content=\"1 minute\" \/>\n<script type=\"application\/ld+json\" class=\"yoast-schema-graph\">{\"@context\":\"https:\\\/\\\/schema.org\",\"@graph\":[{\"@type\":\"Article\",\"@id\":\"https:\\\/\\\/pulso27.com\\\/actualidad\\\/dirigentes-agrarios-denuncian-presunto-cobro-de-cupos-en-el-provraem\\\/#article\",\"isPartOf\":{\"@id\":\"https:\\\/\\\/pulso27.com\\\/actualidad\\\/dirigentes-agrarios-denuncian-presunto-cobro-de-cupos-en-el-provraem\\\/\"},\"author\":{\"name\":\"Tupaq\",\"@id\":\"https:\\\/\\\/pulso27.com\\\/en\\\/#\\\/schema\\\/person\\\/d20fd7f5bc7f2e53fd150d43fca07a78\"},\"headline\":\"Dirigentes agrarios denuncian presunto cobro de cupos en el PROVRAEM\",\"datePublished\":\"2025-09-11T04:34:26+00:00\",\"dateModified\":\"2025-09-11T04:42:26+00:00\",\"mainEntityOfPage\":{\"@id\":\"https:\\\/\\\/pulso27.com\\\/actualidad\\\/dirigentes-agrarios-denuncian-presunto-cobro-de-cupos-en-el-provraem\\\/\"},\"wordCount\":193,\"commentCount\":0,\"publisher\":{\"@id\":\"https:\\\/\\\/pulso27.com\\\/en\\\/#organization\"},\"image\":{\"@id\":\"https:\\\/\\\/pulso27.com\\\/actualidad\\\/dirigentes-agrarios-denuncian-presunto-cobro-de-cupos-en-el-provraem\\\/#primaryimage\"},\"thumbnailUrl\":\"https:\\\/\\\/pulso27.com\\\/wp-content\\\/uploads\\\/2025\\\/09\\\/Provraem.png\",\"keywords\":[\"Cupos\",\"FEPAVRAE\",\"PROVRAEM\",\"VRAEM\"],\"articleSection\":[\"Actualidad\",\"Econom\u00eda\",\"Nacional\"],\"inLanguage\":\"en-US\",\"potentialAction\":[{\"@type\":\"CommentAction\",\"name\":\"Comment\",\"target\":[\"https:\\\/\\\/pulso27.com\\\/actualidad\\\/dirigentes-agrarios-denuncian-presunto-cobro-de-cupos-en-el-provraem\\\/#respond\"]}]},{\"@type\":\"WebPage\",\"@id\":\"https:\\\/\\\/pulso27.com\\\/actualidad\\\/dirigentes-agrarios-denuncian-presunto-cobro-de-cupos-en-el-provraem\\\/\",\"url\":\"https:\\\/\\\/pulso27.com\\\/actualidad\\\/dirigentes-agrarios-denuncian-presunto-cobro-de-cupos-en-el-provraem\\\/\",\"name\":\"Dirigentes agrarios denuncian presunto cobro de cupos en el PROVRAEM - Pulso27\",\"isPartOf\":{\"@id\":\"https:\\\/\\\/pulso27.com\\\/en\\\/#website\"},\"primaryImageOfPage\":{\"@id\":\"https:\\\/\\\/pulso27.com\\\/actualidad\\\/dirigentes-agrarios-denuncian-presunto-cobro-de-cupos-en-el-provraem\\\/#primaryimage\"},\"image\":{\"@id\":\"https:\\\/\\\/pulso27.com\\\/actualidad\\\/dirigentes-agrarios-denuncian-presunto-cobro-de-cupos-en-el-provraem\\\/#primaryimage\"},\"thumbnailUrl\":\"https:\\\/\\\/pulso27.com\\\/wp-content\\\/uploads\\\/2025\\\/09\\\/Provraem.png\",\"datePublished\":\"2025-09-11T04:34:26+00:00\",\"dateModified\":\"2025-09-11T04:42:26+00:00\",\"breadcrumb\":{\"@id\":\"https:\\\/\\\/pulso27.com\\\/actualidad\\\/dirigentes-agrarios-denuncian-presunto-cobro-de-cupos-en-el-provraem\\\/#breadcrumb\"},\"inLanguage\":\"en-US\",\"potentialAction\":[{\"@type\":\"ReadAction\",\"target\":[\"https:\\\/\\\/pulso27.com\\\/actualidad\\\/dirigentes-agrarios-denuncian-presunto-cobro-de-cupos-en-el-provraem\\\/\"]}]},{\"@type\":\"ImageObject\",\"inLanguage\":\"en-US\",\"@id\":\"https:\\\/\\\/pulso27.com\\\/actualidad\\\/dirigentes-agrarios-denuncian-presunto-cobro-de-cupos-en-el-provraem\\\/#primaryimage\",\"url\":\"https:\\\/\\\/pulso27.com\\\/wp-content\\\/uploads\\\/2025\\\/09\\\/Provraem.png\",\"contentUrl\":\"https:\\\/\\\/pulso27.com\\\/wp-content\\\/uploads\\\/2025\\\/09\\\/Provraem.png\",\"width\":1280,\"height\":799},{\"@type\":\"BreadcrumbList\",\"@id\":\"https:\\\/\\\/pulso27.com\\\/actualidad\\\/dirigentes-agrarios-denuncian-presunto-cobro-de-cupos-en-el-provraem\\\/#breadcrumb\",\"itemListElement\":[{\"@type\":\"ListItem\",\"position\":1,\"name\":\"Portada\",\"item\":\"https:\\\/\\\/pulso27.com\\\/\"},{\"@type\":\"ListItem\",\"position\":2,\"name\":\"Dirigentes agrarios denuncian presunto cobro de cupos en el PROVRAEM\"}]},{\"@type\":\"WebSite\",\"@id\":\"https:\\\/\\\/pulso27.com\\\/en\\\/#website\",\"url\":\"https:\\\/\\\/pulso27.com\\\/en\\\/\",\"name\":\"Pulso27\",\"description\":\"Web de noticias y publicidad\",\"publisher\":{\"@id\":\"https:\\\/\\\/pulso27.com\\\/en\\\/#organization\"},\"alternateName\":\"El pulso del pueblo\",\"potentialAction\":[{\"@type\":\"SearchAction\",\"target\":{\"@type\":\"EntryPoint\",\"urlTemplate\":\"https:\\\/\\\/pulso27.com\\\/en\\\/?s={search_term_string}\"},\"query-input\":{\"@type\":\"PropertyValueSpecification\",\"valueRequired\":true,\"valueName\":\"search_term_string\"}}],\"inLanguage\":\"en-US\"},{\"@type\":\"Organization\",\"@id\":\"https:\\\/\\\/pulso27.com\\\/en\\\/#organization\",\"name\":\"Pulso27\",\"url\":\"https:\\\/\\\/pulso27.com\\\/en\\\/\",\"logo\":{\"@type\":\"ImageObject\",\"inLanguage\":\"en-US\",\"@id\":\"https:\\\/\\\/pulso27.com\\\/en\\\/#\\\/schema\\\/logo\\\/image\\\/\",\"url\":\"https:\\\/\\\/pulso27.com\\\/wp-content\\\/uploads\\\/2026\\\/02\\\/Logotipo-de-la-organizacion-696-x-696-px-ok.png\",\"contentUrl\":\"https:\\\/\\\/pulso27.com\\\/wp-content\\\/uploads\\\/2026\\\/02\\\/Logotipo-de-la-organizacion-696-x-696-px-ok.png\",\"width\":696,\"height\":696,\"caption\":\"Pulso27\"},\"image\":{\"@id\":\"https:\\\/\\\/pulso27.com\\\/en\\\/#\\\/schema\\\/logo\\\/image\\\/\"},\"sameAs\":[\"https:\\\/\\\/www.facebook.com\\\/pulso27\\\/\",\"https:\\\/\\\/x.com\\\/Pulso_27\",\"https:\\\/\\\/www.youtube.com\\\/@Pulso27\",\"https:\\\/\\\/www.tiktok.com\\\/@pulso_27\"]},{\"@type\":\"Person\",\"@id\":\"https:\\\/\\\/pulso27.com\\\/en\\\/#\\\/schema\\\/person\\\/d20fd7f5bc7f2e53fd150d43fca07a78\",\"name\":\"Tupaq\",\"image\":{\"@type\":\"ImageObject\",\"inLanguage\":\"en-US\",\"@id\":\"https:\\\/\\\/secure.gravatar.com\\\/avatar\\\/7929e9b034aeea560319a601e4f04c59eb5f45a79eafe192adabb67e9604e7e7?s=96&d=mm&r=g\",\"url\":\"https:\\\/\\\/secure.gravatar.com\\\/avatar\\\/7929e9b034aeea560319a601e4f04c59eb5f45a79eafe192adabb67e9604e7e7?s=96&d=mm&r=g\",\"contentUrl\":\"https:\\\/\\\/secure.gravatar.com\\\/avatar\\\/7929e9b034aeea560319a601e4f04c59eb5f45a79eafe192adabb67e9604e7e7?s=96&d=mm&r=g\",\"caption\":\"Tupaq\"},\"url\":\"https:\\\/\\\/pulso27.com\\\/en\\\/author\\\/tupaq\\\/\"}]}<\/script>\n<!-- \/ Yoast SEO plugin. -->","yoast_head_json":{"title":"Dirigentes agrarios denuncian presunto cobro de cupos en el PROVRAEM - Pulso27","robots":{"index":"index","follow":"follow","max-snippet":"max-snippet:-1","max-image-preview":"max-image-preview:large","max-video-preview":"max-video-preview:-1"},"canonical":"https:\/\/pulso27.com\/en\/actualidad\/dirigentes-agrarios-denuncian-presunto-cobro-de-cupos-en-el-provraem\/","og_locale":"en_US","og_type":"article","og_title":"Dirigentes agrarios denuncian presunto cobro de cupos en el PROVRAEM - Pulso27","og_description":"El dirigente social Nelson Palomino La Serna denunci\u00f3 que presuntamente se estar\u00edan cobrando cupos laborales para acceder a puestos en el Proyecto Especial de Desarrollo del Valle de los R\u00edos Apur\u00edmac, Ene y Mantaro (PROVRAEM). Seg\u00fan indic\u00f3 en declaraciones a radio Studiovraem, una persona identificada como \u201cMar\u00eda\u201d estar\u00eda vinculada a estas pr\u00e1cticas y afirm\u00f3 contar [&hellip;]","og_url":"https:\/\/pulso27.com\/en\/actualidad\/dirigentes-agrarios-denuncian-presunto-cobro-de-cupos-en-el-provraem\/","og_site_name":"Pulso27","article_publisher":"https:\/\/www.facebook.com\/pulso27\/","article_published_time":"2025-09-11T04:34:26+00:00","article_modified_time":"2025-09-11T04:42:26+00:00","og_image":[{"width":1280,"height":799,"url":"https:\/\/pulso27.com\/wp-content\/uploads\/2025\/09\/Provraem.png","type":"image\/png"}],"author":"Tupaq","twitter_card":"summary_large_image","twitter_creator":"@Pulso_27","twitter_site":"@Pulso_27","twitter_misc":{"Written by":"Tupaq","Est. reading time":"1 minute"},"schema":{"@context":"https:\/\/schema.org","@graph":[{"@type":"Article","@id":"https:\/\/pulso27.com\/actualidad\/dirigentes-agrarios-denuncian-presunto-cobro-de-cupos-en-el-provraem\/#article","isPartOf":{"@id":"https:\/\/pulso27.com\/actualidad\/dirigentes-agrarios-denuncian-presunto-cobro-de-cupos-en-el-provraem\/"},"author":{"name":"Tupaq","@id":"https:\/\/pulso27.com\/en\/#\/schema\/person\/d20fd7f5bc7f2e53fd150d43fca07a78"},"headline":"Dirigentes agrarios denuncian presunto cobro de cupos en el PROVRAEM","datePublished":"2025-09-11T04:34:26+00:00","dateModified":"2025-09-11T04:42:26+00:00","mainEntityOfPage":{"@id":"https:\/\/pulso27.com\/actualidad\/dirigentes-agrarios-denuncian-presunto-cobro-de-cupos-en-el-provraem\/"},"wordCount":193,"commentCount":0,"publisher":{"@id":"https:\/\/pulso27.com\/en\/#organization"},"image":{"@id":"https:\/\/pulso27.com\/actualidad\/dirigentes-agrarios-denuncian-presunto-cobro-de-cupos-en-el-provraem\/#primaryimage"},"thumbnailUrl":"https:\/\/pulso27.com\/wp-content\/uploads\/2025\/09\/Provraem.png","keywords":["Cupos","FEPAVRAE","PROVRAEM","VRAEM"],"articleSection":["Actualidad","Econom\u00eda","Nacional"],"inLanguage":"en-US","potentialAction":[{"@type":"CommentAction","name":"Comment","target":["https:\/\/pulso27.com\/actualidad\/dirigentes-agrarios-denuncian-presunto-cobro-de-cupos-en-el-provraem\/#respond"]}]},{"@type":"WebPage","@id":"https:\/\/pulso27.com\/actualidad\/dirigentes-agrarios-denuncian-presunto-cobro-de-cupos-en-el-provraem\/","url":"https:\/\/pulso27.com\/actualidad\/dirigentes-agrarios-denuncian-presunto-cobro-de-cupos-en-el-provraem\/","name":"Dirigentes agrarios denuncian presunto cobro de cupos en el PROVRAEM - Pulso27","isPartOf":{"@id":"https:\/\/pulso27.com\/en\/#website"},"primaryImageOfPage":{"@id":"https:\/\/pulso27.com\/actualidad\/dirigentes-agrarios-denuncian-presunto-cobro-de-cupos-en-el-provraem\/#primaryimage"},"image":{"@id":"https:\/\/pulso27.com\/actualidad\/dirigentes-agrarios-denuncian-presunto-cobro-de-cupos-en-el-provraem\/#primaryimage"},"thumbnailUrl":"https:\/\/pulso27.com\/wp-content\/uploads\/2025\/09\/Provraem.png","datePublished":"2025-09-11T04:34:26+00:00","dateModified":"2025-09-11T04:42:26+00:00","breadcrumb":{"@id":"https:\/\/pulso27.com\/actualidad\/dirigentes-agrarios-denuncian-presunto-cobro-de-cupos-en-el-provraem\/#breadcrumb"},"inLanguage":"en-US","potentialAction":[{"@type":"ReadAction","target":["https:\/\/pulso27.com\/actualidad\/dirigentes-agrarios-denuncian-presunto-cobro-de-cupos-en-el-provraem\/"]}]},{"@type":"ImageObject","inLanguage":"en-US","@id":"https:\/\/pulso27.com\/actualidad\/dirigentes-agrarios-denuncian-presunto-cobro-de-cupos-en-el-provraem\/#primaryimage","url":"https:\/\/pulso27.com\/wp-content\/uploads\/2025\/09\/Provraem.png","contentUrl":"https:\/\/pulso27.com\/wp-content\/uploads\/2025\/09\/Provraem.png","width":1280,"height":799},{"@type":"BreadcrumbList","@id":"https:\/\/pulso27.com\/actualidad\/dirigentes-agrarios-denuncian-presunto-cobro-de-cupos-en-el-provraem\/#breadcrumb","itemListElement":[{"@type":"ListItem","position":1,"name":"Portada","item":"https:\/\/pulso27.com\/"},{"@type":"ListItem","position":2,"name":"Dirigentes agrarios denuncian presunto cobro de cupos en el PROVRAEM"}]},{"@type":"WebSite","@id":"https:\/\/pulso27.com\/en\/#website","url":"https:\/\/pulso27.com\/en\/","name":"Pulso27","description":"Web de noticias y publicidad","publisher":{"@id":"https:\/\/pulso27.com\/en\/#organization"},"alternateName":"El pulso del pueblo","potentialAction":[{"@type":"SearchAction","target":{"@type":"EntryPoint","urlTemplate":"https:\/\/pulso27.com\/en\/?s={search_term_string}"},"query-input":{"@type":"PropertyValueSpecification","valueRequired":true,"valueName":"search_term_string"}}],"inLanguage":"en-US"},{"@type":"Organization","@id":"https:\/\/pulso27.com\/en\/#organization","name":"Pulso27","url":"https:\/\/pulso27.com\/en\/","logo":{"@type":"ImageObject","inLanguage":"en-US","@id":"https:\/\/pulso27.com\/en\/#\/schema\/logo\/image\/","url":"https:\/\/pulso27.com\/wp-content\/uploads\/2026\/02\/Logotipo-de-la-organizacion-696-x-696-px-ok.png","contentUrl":"https:\/\/pulso27.com\/wp-content\/uploads\/2026\/02\/Logotipo-de-la-organizacion-696-x-696-px-ok.png","width":696,"height":696,"caption":"Pulso27"},"image":{"@id":"https:\/\/pulso27.com\/en\/#\/schema\/logo\/image\/"},"sameAs":["https:\/\/www.facebook.com\/pulso27\/","https:\/\/x.com\/Pulso_27","https:\/\/www.youtube.com\/@Pulso27","https:\/\/www.tiktok.com\/@pulso_27"]},{"@type":"Person","@id":"https:\/\/pulso27.com\/en\/#\/schema\/person\/d20fd7f5bc7f2e53fd150d43fca07a78","name":"Tupaq","image":{"@type":"ImageObject","inLanguage":"en-US","@id":"https:\/\/secure.gravatar.com\/avatar\/7929e9b034aeea560319a601e4f04c59eb5f45a79eafe192adabb67e9604e7e7?s=96&d=mm&r=g","url":"https:\/\/secure.gravatar.com\/avatar\/7929e9b034aeea560319a601e4f04c59eb5f45a79eafe192adabb67e9604e7e7?s=96&d=mm&r=g","contentUrl":"https:\/\/secure.gravatar.com\/avatar\/7929e9b034aeea560319a601e4f04c59eb5f45a79eafe192adabb67e9604e7e7?s=96&d=mm&r=g","caption":"Tupaq"},"url":"https:\/\/pulso27.com\/en\/author\/tupaq\/"}]}},"amp_enabled":true,"_links":{"self":[{"href":"https:\/\/pulso27.com\/en\/wp-json\/wp\/v2\/posts\/6253","targetHints":{"allow":["GET"]}}],"collection":[{"href":"https:\/\/pulso27.com\/en\/wp-json\/wp\/v2\/posts"}],"about":[{"href":"https:\/\/pulso27.com\/en\/wp-json\/wp\/v2\/types\/post"}],"author":[{"embeddable":true,"href":"https:\/\/pulso27.com\/en\/wp-json\/wp\/v2\/users\/7"}],"replies":[{"embeddable":true,"href":"https:\/\/pulso27.com\/en\/wp-json\/wp\/v2\/comments?post=6253"}],"version-history":[{"count":1,"href":"https:\/\/pulso27.com\/en\/wp-json\/wp\/v2\/posts\/6253\/revisions"}],"predecessor-version":[{"id":6258,"href":"https:\/\/pulso27.com\/en\/wp-json\/wp\/v2\/posts\/6253\/revisions\/6258"}],"wp:featuredmedia":[{"embeddable":true,"href":"https:\/\/pulso27.com\/en\/wp-json\/wp\/v2\/media\/6261"}],"wp:attachment":[{"href":"https:\/\/pulso27.com\/en\/wp-json\/wp\/v2\/media?parent=6253"}],"wp:term":[{"taxonomy":"category","embeddable":true,"href":"https:\/\/pulso27.com\/en\/wp-json\/wp\/v2\/categories?post=6253"},{"taxonomy":"post_tag","embeddable":true,"href":"https:\/\/pulso27.com\/en\/wp-json\/wp\/v2\/tags?post=6253"}],"curies":[{"name":"wp","href":"https:\/\/api.w.org\/{rel}","templated":true}]}}