{"id":6556,"date":"2025-10-13T08:20:51","date_gmt":"2025-10-13T03:20:51","guid":{"rendered":"https:\/\/pulso27.com\/?p=6556"},"modified":"2025-10-13T08:20:57","modified_gmt":"2025-10-13T03:20:57","slug":"alcalde-de-pataz-fue-expulsado-de-la-plaza-san-martin-tras-reunion-con-presidente-jose-jeri-ore","status":"publish","type":"post","link":"https:\/\/pulso27.com\/en\/actualidad\/alcalde-de-pataz-fue-expulsado-de-la-plaza-san-martin-tras-reunion-con-presidente-jose-jeri-ore\/","title":{"rendered":"Alcalde de Pataz fue expulsado de la Plaza San Mart\u00edn tras reuni\u00f3n con presidente Jos\u00e9 Jer\u00ed Or\u00e9"},"content":{"rendered":"<p>Lima, 12 de octubre de 2025 \u2013 Aldo Carlos Mari\u00f1os, alcalde de la provincia de Pataz, fue confrontado por una multitud enardecida en la Plaza San Mart\u00edn de Lima tras su encuentro con el presidente Jos\u00e9 Jer\u00ed Or\u00e9 en Palacio de Gobierno. La reuni\u00f3n, ocurrida el mismo d\u00eda, fue vista por muchos como un acto de traici\u00f3n, dado que Mari\u00f1os hab\u00eda liderado una \u00abMarcha del Sacrificio\u00bb de 45 d\u00edas desde Pataz hasta Lima para exigir obras de infraestructura, salud y seguridad, demandas que no hab\u00edan sido atendidas por anteriores gobiernos. Pero el movimiento popular que crece en Per\u00fa busca cambios estructurales que denotan en mensajes y discursos durante sus movilizaciones. Como se puede apreciar en el link: https:\/\/x.com\/RPPNoticias\/status\/1977571808464298271<\/p>\n\n\n\n<p>La multitud, compuesta por simpatizantes de partidos progresistas y de izquierda, adem\u00e1s de ciudadanos comunes, lo acus\u00f3 de \u00abvendido\u00bb y \u00aboportunista,\u00bb durante su presentaci\u00f3n en la Plaza San Mart\u00edn, donde aparentemente pretend\u00eda dar informe de la reuni\u00f3n sostenida con el presidente interino de Per\u00fa, reflejando la profunda desconfianza hacia la clase pol\u00edtica peruana, un sentimiento exacerbado por la reciente vacancia de la expresidenta Dina Boluarte y la asunci\u00f3n de Jer\u00ed, respaldado por los mismos parlamentarios y partidos de la derecha que mantuvieron en el gobierno a Boluarte.<\/p>\n\n\n\n<p>El incidente se produjo horas despu\u00e9s de que Jer\u00ed invitara p\u00fablicamente a Mari\u00f1os a dialogar en Palacio, un gesto que el presidente calific\u00f3 como una apertura al di\u00e1logo constructivo. Sin embargo, para muchos peruanos, esta reuni\u00f3n simboliz\u00f3 un compromiso con un Congreso y un Ejecutivo percibidos como corruptos y ineficientes, especialmente en un contexto donde la confianza en las instituciones gubernamentales es extremadamente baja, especialmente por las muertes producidas en el 2022 y 2023, cuyos deudos a\u00fan claman justicia.<\/p>","protected":false},"excerpt":{"rendered":"<p>Lima, 12 de octubre de 2025 \u2013 Aldo Carlos Mari\u00f1os, alcalde de la provincia de Pataz, fue confrontado por una multitud enardecida en la Plaza San Mart\u00edn de Lima tras su encuentro con el presidente Jos\u00e9 Jer\u00ed Or\u00e9 en Palacio de Gobierno. La reuni\u00f3n, ocurrida el mismo d\u00eda, fue vista por muchos como un acto [&hellip;]<\/p>\n","protected":false},"author":7,"featured_media":6557,"comment_status":"open","ping_status":"open","sticky":false,"template":"","format":"standard","meta":{"footnotes":""},"categories":[183,174,180],"tags":[2551,2546,2306],"class_list":["post-6556","post","type-post","status-publish","format-standard","has-post-thumbnail","hentry","category-actualidad","category-nacional","category-politica","tag-aldo-carlos-marinos","tag-jose-jeri-ore","tag-pataz"],"yoast_head":"<!-- This site is optimized with the Yoast SEO plugin v27.4 - https:\/\/yoast.com\/product\/yoast-seo-wordpress\/ -->\n<title>Alcalde de Pataz fue expulsado de la Plaza San Mart\u00edn tras reuni\u00f3n con presidente Jos\u00e9 Jer\u00ed Or\u00e9 - Pulso27<\/title>\n<meta name=\"robots\" content=\"index, follow, max-snippet:-1, max-image-preview:large, max-video-preview:-1\" \/>\n<link rel=\"canonical\" href=\"https:\/\/pulso27.com\/en\/actualidad\/alcalde-de-pataz-fue-expulsado-de-la-plaza-san-martin-tras-reunion-con-presidente-jose-jeri-ore\/\" \/>\n<meta property=\"og:locale\" content=\"en_US\" \/>\n<meta property=\"og:type\" content=\"article\" \/>\n<meta property=\"og:title\" content=\"Alcalde de Pataz fue expulsado de la Plaza San Mart\u00edn tras reuni\u00f3n con presidente Jos\u00e9 Jer\u00ed Or\u00e9 - Pulso27\" \/>\n<meta property=\"og:description\" content=\"Lima, 12 de octubre de 2025 \u2013 Aldo Carlos Mari\u00f1os, alcalde de la provincia de Pataz, fue confrontado por una multitud enardecida en la Plaza San Mart\u00edn de Lima tras su encuentro con el presidente Jos\u00e9 Jer\u00ed Or\u00e9 en Palacio de Gobierno. La reuni\u00f3n, ocurrida el mismo d\u00eda, fue vista por muchos como un acto [&hellip;]\" \/>\n<meta property=\"og:url\" content=\"https:\/\/pulso27.com\/en\/actualidad\/alcalde-de-pataz-fue-expulsado-de-la-plaza-san-martin-tras-reunion-con-presidente-jose-jeri-ore\/\" \/>\n<meta property=\"og:site_name\" content=\"Pulso27\" \/>\n<meta property=\"article:publisher\" content=\"https:\/\/www.facebook.com\/pulso27\/\" \/>\n<meta property=\"article:published_time\" content=\"2025-10-13T03:20:51+00:00\" \/>\n<meta property=\"article:modified_time\" content=\"2025-10-13T03:20:57+00:00\" \/>\n<meta property=\"og:image\" content=\"https:\/\/pulso27.com\/wp-content\/uploads\/2025\/10\/Pataz-1024x639.png\" \/>\n\t<meta property=\"og:image:width\" content=\"1024\" \/>\n\t<meta property=\"og:image:height\" content=\"639\" \/>\n\t<meta property=\"og:image:type\" content=\"image\/png\" \/>\n<meta name=\"author\" content=\"Tupaq\" \/>\n<meta name=\"twitter:card\" content=\"summary_large_image\" \/>\n<meta name=\"twitter:creator\" content=\"@Pulso_27\" \/>\n<meta name=\"twitter:site\" content=\"@Pulso_27\" \/>\n<meta name=\"twitter:label1\" content=\"Written by\" \/>\n\t<meta name=\"twitter:data1\" content=\"Tupaq\" \/>\n\t<meta name=\"twitter:label2\" content=\"Est. reading time\" \/>\n\t<meta name=\"twitter:data2\" content=\"2 minutes\" \/>\n<script type=\"application\/ld+json\" class=\"yoast-schema-graph\">{\"@context\":\"https:\\\/\\\/schema.org\",\"@graph\":[{\"@type\":\"Article\",\"@id\":\"https:\\\/\\\/pulso27.com\\\/actualidad\\\/alcalde-de-pataz-fue-expulsado-de-la-plaza-san-martin-tras-reunion-con-presidente-jose-jeri-ore\\\/#article\",\"isPartOf\":{\"@id\":\"https:\\\/\\\/pulso27.com\\\/actualidad\\\/alcalde-de-pataz-fue-expulsado-de-la-plaza-san-martin-tras-reunion-con-presidente-jose-jeri-ore\\\/\"},\"author\":{\"name\":\"Tupaq\",\"@id\":\"https:\\\/\\\/pulso27.com\\\/en\\\/#\\\/schema\\\/person\\\/d20fd7f5bc7f2e53fd150d43fca07a78\"},\"headline\":\"Alcalde de Pataz fue expulsado de la Plaza San Mart\u00edn tras reuni\u00f3n con presidente Jos\u00e9 Jer\u00ed Or\u00e9\",\"datePublished\":\"2025-10-13T03:20:51+00:00\",\"dateModified\":\"2025-10-13T03:20:57+00:00\",\"mainEntityOfPage\":{\"@id\":\"https:\\\/\\\/pulso27.com\\\/actualidad\\\/alcalde-de-pataz-fue-expulsado-de-la-plaza-san-martin-tras-reunion-con-presidente-jose-jeri-ore\\\/\"},\"wordCount\":323,\"commentCount\":0,\"publisher\":{\"@id\":\"https:\\\/\\\/pulso27.com\\\/en\\\/#organization\"},\"image\":{\"@id\":\"https:\\\/\\\/pulso27.com\\\/actualidad\\\/alcalde-de-pataz-fue-expulsado-de-la-plaza-san-martin-tras-reunion-con-presidente-jose-jeri-ore\\\/#primaryimage\"},\"thumbnailUrl\":\"https:\\\/\\\/pulso27.com\\\/wp-content\\\/uploads\\\/2025\\\/10\\\/Pataz.png\",\"keywords\":[\"Aldo Carlos Mari\u00f1os\",\"Jos\u00e9 Jer\u00ed Or\u00e9\",\"Pataz\"],\"articleSection\":[\"Actualidad\",\"Nacional\",\"Pol\u00edtica\"],\"inLanguage\":\"en-US\",\"potentialAction\":[{\"@type\":\"CommentAction\",\"name\":\"Comment\",\"target\":[\"https:\\\/\\\/pulso27.com\\\/actualidad\\\/alcalde-de-pataz-fue-expulsado-de-la-plaza-san-martin-tras-reunion-con-presidente-jose-jeri-ore\\\/#respond\"]}]},{\"@type\":\"WebPage\",\"@id\":\"https:\\\/\\\/pulso27.com\\\/actualidad\\\/alcalde-de-pataz-fue-expulsado-de-la-plaza-san-martin-tras-reunion-con-presidente-jose-jeri-ore\\\/\",\"url\":\"https:\\\/\\\/pulso27.com\\\/actualidad\\\/alcalde-de-pataz-fue-expulsado-de-la-plaza-san-martin-tras-reunion-con-presidente-jose-jeri-ore\\\/\",\"name\":\"Alcalde de Pataz fue expulsado de la Plaza San Mart\u00edn tras reuni\u00f3n con presidente Jos\u00e9 Jer\u00ed Or\u00e9 - Pulso27\",\"isPartOf\":{\"@id\":\"https:\\\/\\\/pulso27.com\\\/en\\\/#website\"},\"primaryImageOfPage\":{\"@id\":\"https:\\\/\\\/pulso27.com\\\/actualidad\\\/alcalde-de-pataz-fue-expulsado-de-la-plaza-san-martin-tras-reunion-con-presidente-jose-jeri-ore\\\/#primaryimage\"},\"image\":{\"@id\":\"https:\\\/\\\/pulso27.com\\\/actualidad\\\/alcalde-de-pataz-fue-expulsado-de-la-plaza-san-martin-tras-reunion-con-presidente-jose-jeri-ore\\\/#primaryimage\"},\"thumbnailUrl\":\"https:\\\/\\\/pulso27.com\\\/wp-content\\\/uploads\\\/2025\\\/10\\\/Pataz.png\",\"datePublished\":\"2025-10-13T03:20:51+00:00\",\"dateModified\":\"2025-10-13T03:20:57+00:00\",\"breadcrumb\":{\"@id\":\"https:\\\/\\\/pulso27.com\\\/actualidad\\\/alcalde-de-pataz-fue-expulsado-de-la-plaza-san-martin-tras-reunion-con-presidente-jose-jeri-ore\\\/#breadcrumb\"},\"inLanguage\":\"en-US\",\"potentialAction\":[{\"@type\":\"ReadAction\",\"target\":[\"https:\\\/\\\/pulso27.com\\\/actualidad\\\/alcalde-de-pataz-fue-expulsado-de-la-plaza-san-martin-tras-reunion-con-presidente-jose-jeri-ore\\\/\"]}]},{\"@type\":\"ImageObject\",\"inLanguage\":\"en-US\",\"@id\":\"https:\\\/\\\/pulso27.com\\\/actualidad\\\/alcalde-de-pataz-fue-expulsado-de-la-plaza-san-martin-tras-reunion-con-presidente-jose-jeri-ore\\\/#primaryimage\",\"url\":\"https:\\\/\\\/pulso27.com\\\/wp-content\\\/uploads\\\/2025\\\/10\\\/Pataz.png\",\"contentUrl\":\"https:\\\/\\\/pulso27.com\\\/wp-content\\\/uploads\\\/2025\\\/10\\\/Pataz.png\",\"width\":1280,\"height\":799},{\"@type\":\"BreadcrumbList\",\"@id\":\"https:\\\/\\\/pulso27.com\\\/actualidad\\\/alcalde-de-pataz-fue-expulsado-de-la-plaza-san-martin-tras-reunion-con-presidente-jose-jeri-ore\\\/#breadcrumb\",\"itemListElement\":[{\"@type\":\"ListItem\",\"position\":1,\"name\":\"Portada\",\"item\":\"https:\\\/\\\/pulso27.com\\\/\"},{\"@type\":\"ListItem\",\"position\":2,\"name\":\"Alcalde de Pataz fue expulsado de la Plaza San Mart\u00edn tras reuni\u00f3n con presidente Jos\u00e9 Jer\u00ed Or\u00e9\"}]},{\"@type\":\"WebSite\",\"@id\":\"https:\\\/\\\/pulso27.com\\\/en\\\/#website\",\"url\":\"https:\\\/\\\/pulso27.com\\\/en\\\/\",\"name\":\"Pulso27\",\"description\":\"Web de noticias y publicidad\",\"publisher\":{\"@id\":\"https:\\\/\\\/pulso27.com\\\/en\\\/#organization\"},\"alternateName\":\"El pulso del pueblo\",\"potentialAction\":[{\"@type\":\"SearchAction\",\"target\":{\"@type\":\"EntryPoint\",\"urlTemplate\":\"https:\\\/\\\/pulso27.com\\\/en\\\/?s={search_term_string}\"},\"query-input\":{\"@type\":\"PropertyValueSpecification\",\"valueRequired\":true,\"valueName\":\"search_term_string\"}}],\"inLanguage\":\"en-US\"},{\"@type\":\"Organization\",\"@id\":\"https:\\\/\\\/pulso27.com\\\/en\\\/#organization\",\"name\":\"Pulso27\",\"url\":\"https:\\\/\\\/pulso27.com\\\/en\\\/\",\"logo\":{\"@type\":\"ImageObject\",\"inLanguage\":\"en-US\",\"@id\":\"https:\\\/\\\/pulso27.com\\\/en\\\/#\\\/schema\\\/logo\\\/image\\\/\",\"url\":\"https:\\\/\\\/pulso27.com\\\/wp-content\\\/uploads\\\/2026\\\/02\\\/Logotipo-de-la-organizacion-696-x-696-px-ok.png\",\"contentUrl\":\"https:\\\/\\\/pulso27.com\\\/wp-content\\\/uploads\\\/2026\\\/02\\\/Logotipo-de-la-organizacion-696-x-696-px-ok.png\",\"width\":696,\"height\":696,\"caption\":\"Pulso27\"},\"image\":{\"@id\":\"https:\\\/\\\/pulso27.com\\\/en\\\/#\\\/schema\\\/logo\\\/image\\\/\"},\"sameAs\":[\"https:\\\/\\\/www.facebook.com\\\/pulso27\\\/\",\"https:\\\/\\\/x.com\\\/Pulso_27\",\"https:\\\/\\\/www.youtube.com\\\/@Pulso27\",\"https:\\\/\\\/www.tiktok.com\\\/@pulso_27\"]},{\"@type\":\"Person\",\"@id\":\"https:\\\/\\\/pulso27.com\\\/en\\\/#\\\/schema\\\/person\\\/d20fd7f5bc7f2e53fd150d43fca07a78\",\"name\":\"Tupaq\",\"image\":{\"@type\":\"ImageObject\",\"inLanguage\":\"en-US\",\"@id\":\"https:\\\/\\\/secure.gravatar.com\\\/avatar\\\/7929e9b034aeea560319a601e4f04c59eb5f45a79eafe192adabb67e9604e7e7?s=96&d=mm&r=g\",\"url\":\"https:\\\/\\\/secure.gravatar.com\\\/avatar\\\/7929e9b034aeea560319a601e4f04c59eb5f45a79eafe192adabb67e9604e7e7?s=96&d=mm&r=g\",\"contentUrl\":\"https:\\\/\\\/secure.gravatar.com\\\/avatar\\\/7929e9b034aeea560319a601e4f04c59eb5f45a79eafe192adabb67e9604e7e7?s=96&d=mm&r=g\",\"caption\":\"Tupaq\"},\"url\":\"https:\\\/\\\/pulso27.com\\\/en\\\/author\\\/tupaq\\\/\"}]}<\/script>\n<!-- \/ Yoast SEO plugin. -->","yoast_head_json":{"title":"Alcalde de Pataz fue expulsado de la Plaza San Mart\u00edn tras reuni\u00f3n con presidente Jos\u00e9 Jer\u00ed Or\u00e9 - Pulso27","robots":{"index":"index","follow":"follow","max-snippet":"max-snippet:-1","max-image-preview":"max-image-preview:large","max-video-preview":"max-video-preview:-1"},"canonical":"https:\/\/pulso27.com\/en\/actualidad\/alcalde-de-pataz-fue-expulsado-de-la-plaza-san-martin-tras-reunion-con-presidente-jose-jeri-ore\/","og_locale":"en_US","og_type":"article","og_title":"Alcalde de Pataz fue expulsado de la Plaza San Mart\u00edn tras reuni\u00f3n con presidente Jos\u00e9 Jer\u00ed Or\u00e9 - Pulso27","og_description":"Lima, 12 de octubre de 2025 \u2013 Aldo Carlos Mari\u00f1os, alcalde de la provincia de Pataz, fue confrontado por una multitud enardecida en la Plaza San Mart\u00edn de Lima tras su encuentro con el presidente Jos\u00e9 Jer\u00ed Or\u00e9 en Palacio de Gobierno. La reuni\u00f3n, ocurrida el mismo d\u00eda, fue vista por muchos como un acto [&hellip;]","og_url":"https:\/\/pulso27.com\/en\/actualidad\/alcalde-de-pataz-fue-expulsado-de-la-plaza-san-martin-tras-reunion-con-presidente-jose-jeri-ore\/","og_site_name":"Pulso27","article_publisher":"https:\/\/www.facebook.com\/pulso27\/","article_published_time":"2025-10-13T03:20:51+00:00","article_modified_time":"2025-10-13T03:20:57+00:00","og_image":[{"width":1024,"height":639,"url":"https:\/\/pulso27.com\/wp-content\/uploads\/2025\/10\/Pataz-1024x639.png","type":"image\/png"}],"author":"Tupaq","twitter_card":"summary_large_image","twitter_creator":"@Pulso_27","twitter_site":"@Pulso_27","twitter_misc":{"Written by":"Tupaq","Est. reading time":"2 minutes"},"schema":{"@context":"https:\/\/schema.org","@graph":[{"@type":"Article","@id":"https:\/\/pulso27.com\/actualidad\/alcalde-de-pataz-fue-expulsado-de-la-plaza-san-martin-tras-reunion-con-presidente-jose-jeri-ore\/#article","isPartOf":{"@id":"https:\/\/pulso27.com\/actualidad\/alcalde-de-pataz-fue-expulsado-de-la-plaza-san-martin-tras-reunion-con-presidente-jose-jeri-ore\/"},"author":{"name":"Tupaq","@id":"https:\/\/pulso27.com\/en\/#\/schema\/person\/d20fd7f5bc7f2e53fd150d43fca07a78"},"headline":"Alcalde de Pataz fue expulsado de la Plaza San Mart\u00edn tras reuni\u00f3n con presidente Jos\u00e9 Jer\u00ed Or\u00e9","datePublished":"2025-10-13T03:20:51+00:00","dateModified":"2025-10-13T03:20:57+00:00","mainEntityOfPage":{"@id":"https:\/\/pulso27.com\/actualidad\/alcalde-de-pataz-fue-expulsado-de-la-plaza-san-martin-tras-reunion-con-presidente-jose-jeri-ore\/"},"wordCount":323,"commentCount":0,"publisher":{"@id":"https:\/\/pulso27.com\/en\/#organization"},"image":{"@id":"https:\/\/pulso27.com\/actualidad\/alcalde-de-pataz-fue-expulsado-de-la-plaza-san-martin-tras-reunion-con-presidente-jose-jeri-ore\/#primaryimage"},"thumbnailUrl":"https:\/\/pulso27.com\/wp-content\/uploads\/2025\/10\/Pataz.png","keywords":["Aldo Carlos Mari\u00f1os","Jos\u00e9 Jer\u00ed Or\u00e9","Pataz"],"articleSection":["Actualidad","Nacional","Pol\u00edtica"],"inLanguage":"en-US","potentialAction":[{"@type":"CommentAction","name":"Comment","target":["https:\/\/pulso27.com\/actualidad\/alcalde-de-pataz-fue-expulsado-de-la-plaza-san-martin-tras-reunion-con-presidente-jose-jeri-ore\/#respond"]}]},{"@type":"WebPage","@id":"https:\/\/pulso27.com\/actualidad\/alcalde-de-pataz-fue-expulsado-de-la-plaza-san-martin-tras-reunion-con-presidente-jose-jeri-ore\/","url":"https:\/\/pulso27.com\/actualidad\/alcalde-de-pataz-fue-expulsado-de-la-plaza-san-martin-tras-reunion-con-presidente-jose-jeri-ore\/","name":"Alcalde de Pataz fue expulsado de la Plaza San Mart\u00edn tras reuni\u00f3n con presidente Jos\u00e9 Jer\u00ed Or\u00e9 - Pulso27","isPartOf":{"@id":"https:\/\/pulso27.com\/en\/#website"},"primaryImageOfPage":{"@id":"https:\/\/pulso27.com\/actualidad\/alcalde-de-pataz-fue-expulsado-de-la-plaza-san-martin-tras-reunion-con-presidente-jose-jeri-ore\/#primaryimage"},"image":{"@id":"https:\/\/pulso27.com\/actualidad\/alcalde-de-pataz-fue-expulsado-de-la-plaza-san-martin-tras-reunion-con-presidente-jose-jeri-ore\/#primaryimage"},"thumbnailUrl":"https:\/\/pulso27.com\/wp-content\/uploads\/2025\/10\/Pataz.png","datePublished":"2025-10-13T03:20:51+00:00","dateModified":"2025-10-13T03:20:57+00:00","breadcrumb":{"@id":"https:\/\/pulso27.com\/actualidad\/alcalde-de-pataz-fue-expulsado-de-la-plaza-san-martin-tras-reunion-con-presidente-jose-jeri-ore\/#breadcrumb"},"inLanguage":"en-US","potentialAction":[{"@type":"ReadAction","target":["https:\/\/pulso27.com\/actualidad\/alcalde-de-pataz-fue-expulsado-de-la-plaza-san-martin-tras-reunion-con-presidente-jose-jeri-ore\/"]}]},{"@type":"ImageObject","inLanguage":"en-US","@id":"https:\/\/pulso27.com\/actualidad\/alcalde-de-pataz-fue-expulsado-de-la-plaza-san-martin-tras-reunion-con-presidente-jose-jeri-ore\/#primaryimage","url":"https:\/\/pulso27.com\/wp-content\/uploads\/2025\/10\/Pataz.png","contentUrl":"https:\/\/pulso27.com\/wp-content\/uploads\/2025\/10\/Pataz.png","width":1280,"height":799},{"@type":"BreadcrumbList","@id":"https:\/\/pulso27.com\/actualidad\/alcalde-de-pataz-fue-expulsado-de-la-plaza-san-martin-tras-reunion-con-presidente-jose-jeri-ore\/#breadcrumb","itemListElement":[{"@type":"ListItem","position":1,"name":"Portada","item":"https:\/\/pulso27.com\/"},{"@type":"ListItem","position":2,"name":"Alcalde de Pataz fue expulsado de la Plaza San Mart\u00edn tras reuni\u00f3n con presidente Jos\u00e9 Jer\u00ed Or\u00e9"}]},{"@type":"WebSite","@id":"https:\/\/pulso27.com\/en\/#website","url":"https:\/\/pulso27.com\/en\/","name":"Pulso27","description":"Web de noticias y publicidad","publisher":{"@id":"https:\/\/pulso27.com\/en\/#organization"},"alternateName":"El pulso del pueblo","potentialAction":[{"@type":"SearchAction","target":{"@type":"EntryPoint","urlTemplate":"https:\/\/pulso27.com\/en\/?s={search_term_string}"},"query-input":{"@type":"PropertyValueSpecification","valueRequired":true,"valueName":"search_term_string"}}],"inLanguage":"en-US"},{"@type":"Organization","@id":"https:\/\/pulso27.com\/en\/#organization","name":"Pulso27","url":"https:\/\/pulso27.com\/en\/","logo":{"@type":"ImageObject","inLanguage":"en-US","@id":"https:\/\/pulso27.com\/en\/#\/schema\/logo\/image\/","url":"https:\/\/pulso27.com\/wp-content\/uploads\/2026\/02\/Logotipo-de-la-organizacion-696-x-696-px-ok.png","contentUrl":"https:\/\/pulso27.com\/wp-content\/uploads\/2026\/02\/Logotipo-de-la-organizacion-696-x-696-px-ok.png","width":696,"height":696,"caption":"Pulso27"},"image":{"@id":"https:\/\/pulso27.com\/en\/#\/schema\/logo\/image\/"},"sameAs":["https:\/\/www.facebook.com\/pulso27\/","https:\/\/x.com\/Pulso_27","https:\/\/www.youtube.com\/@Pulso27","https:\/\/www.tiktok.com\/@pulso_27"]},{"@type":"Person","@id":"https:\/\/pulso27.com\/en\/#\/schema\/person\/d20fd7f5bc7f2e53fd150d43fca07a78","name":"Tupaq","image":{"@type":"ImageObject","inLanguage":"en-US","@id":"https:\/\/secure.gravatar.com\/avatar\/7929e9b034aeea560319a601e4f04c59eb5f45a79eafe192adabb67e9604e7e7?s=96&d=mm&r=g","url":"https:\/\/secure.gravatar.com\/avatar\/7929e9b034aeea560319a601e4f04c59eb5f45a79eafe192adabb67e9604e7e7?s=96&d=mm&r=g","contentUrl":"https:\/\/secure.gravatar.com\/avatar\/7929e9b034aeea560319a601e4f04c59eb5f45a79eafe192adabb67e9604e7e7?s=96&d=mm&r=g","caption":"Tupaq"},"url":"https:\/\/pulso27.com\/en\/author\/tupaq\/"}]}},"amp_enabled":true,"_links":{"self":[{"href":"https:\/\/pulso27.com\/en\/wp-json\/wp\/v2\/posts\/6556","targetHints":{"allow":["GET"]}}],"collection":[{"href":"https:\/\/pulso27.com\/en\/wp-json\/wp\/v2\/posts"}],"about":[{"href":"https:\/\/pulso27.com\/en\/wp-json\/wp\/v2\/types\/post"}],"author":[{"embeddable":true,"href":"https:\/\/pulso27.com\/en\/wp-json\/wp\/v2\/users\/7"}],"replies":[{"embeddable":true,"href":"https:\/\/pulso27.com\/en\/wp-json\/wp\/v2\/comments?post=6556"}],"version-history":[{"count":1,"href":"https:\/\/pulso27.com\/en\/wp-json\/wp\/v2\/posts\/6556\/revisions"}],"predecessor-version":[{"id":6561,"href":"https:\/\/pulso27.com\/en\/wp-json\/wp\/v2\/posts\/6556\/revisions\/6561"}],"wp:featuredmedia":[{"embeddable":true,"href":"https:\/\/pulso27.com\/en\/wp-json\/wp\/v2\/media\/6557"}],"wp:attachment":[{"href":"https:\/\/pulso27.com\/en\/wp-json\/wp\/v2\/media?parent=6556"}],"wp:term":[{"taxonomy":"category","embeddable":true,"href":"https:\/\/pulso27.com\/en\/wp-json\/wp\/v2\/categories?post=6556"},{"taxonomy":"post_tag","embeddable":true,"href":"https:\/\/pulso27.com\/en\/wp-json\/wp\/v2\/tags?post=6556"}],"curies":[{"name":"wp","href":"https:\/\/api.w.org\/{rel}","templated":true}]}}