{"id":6567,"date":"2025-10-14T10:04:02","date_gmt":"2025-10-14T05:04:02","guid":{"rendered":"https:\/\/pulso27.com\/?p=6567"},"modified":"2025-10-14T10:04:11","modified_gmt":"2025-10-14T05:04:11","slug":"gobernadores-regionales-cuestionados-expresan-respaldo-al-presidente-interino-jose-jeri-ore","status":"publish","type":"post","link":"https:\/\/pulso27.com\/en\/actualidad\/gobernadores-regionales-cuestionados-expresan-respaldo-al-presidente-interino-jose-jeri-ore\/","title":{"rendered":"Gobernadores regionales cuestionados expresan respaldo al presidente interino Jos\u00e9 Jeri Or\u00e9"},"content":{"rendered":"<p>Lima, 13 de octubre de 2025.\u2013 En un contexto de crisis pol\u00edtica y creciente malestar ciudadano hacia el Gobierno, un grupo de gobernadores regionales, varios de ellos investigados por corrupci\u00f3n y ligados a partidos de derecha, emiti\u00f3 un pronunciamiento en apoyo al presidente Jos\u00e9 Enrique Jeri Or\u00e9. En el documento, los firmantes respaldan la convocatoria a un \u201cPacto por la gobernabilidad democr\u00e1tica y la paz social\u201d, abogando por la unidad entre fuerzas pol\u00edticas y sociales, pese a las serias cr\u00edticas que enfrentan por su propia gesti\u00f3n.<\/p>\n\n\n<div class=\"wp-block-image\">\n<figure class=\"alignleft size-full is-resized\"><img loading=\"lazy\" decoding=\"async\" width=\"682\" height=\"852\" src=\"https:\/\/pulso27.com\/wp-content\/uploads\/2025\/10\/image-1.png\" alt=\"\" class=\"wp-image-6568\" style=\"width:253px;height:auto\" srcset=\"https:\/\/pulso27.com\/wp-content\/uploads\/2025\/10\/image-1.png 682w, https:\/\/pulso27.com\/wp-content\/uploads\/2025\/10\/image-1-240x300.png 240w, https:\/\/pulso27.com\/wp-content\/uploads\/2025\/10\/image-1-10x12.png 10w\" sizes=\"auto, (max-width: 682px) 100vw, 682px\" \/><\/figure><\/div>\n\n\n<p>El comunicado, publicado este lunes, busca transmitir una imagen de di\u00e1logo y estabilidad; sin embargo, diversos analistas lo interpretan como un intento de blindaje pol\u00edtico entre las autoridades regionales y el Ejecutivo. Entre los firmantes destacan los gobernadores de Lambayeque, Ayacucho, Callao, Pasco y Amazonas, muchos de los cuales est\u00e1n involucrados en procesos judiciales por delitos como corrupci\u00f3n, colusi\u00f3n y malversaci\u00f3n de fondos. Seg\u00fan expertos, este respaldo tendr\u00eda como objetivo garantizar impunidad frente a posibles investigaciones y preservar cuotas de poder en un escenario de reconfiguraci\u00f3n pol\u00edtica.<\/p>\n\n\n\n<p>El pronunciamiento apela a la \u201cunidad nacional\u201d y al \u201cfortalecimiento del Estado descentralizado\u201d, pero elude cualquier autocr\u00edtica sobre los casos de corrupci\u00f3n y la deficiente gesti\u00f3n presupuestal en las regiones. En un clima de creciente desconfianza hacia las instituciones, el documento ha generado rechazo entre sectores populares y organizaciones sociales, que lo consideran un pacto entre \u00e9lites regionales para sostener un gobierno debilitado y proteger sus propios intereses pol\u00edticos y econ\u00f3micos.<\/p>","protected":false},"excerpt":{"rendered":"<p>Lima, 13 de octubre de 2025.\u2013 En un contexto de crisis pol\u00edtica y creciente malestar ciudadano hacia el Gobierno, un grupo de gobernadores regionales, varios de ellos investigados por corrupci\u00f3n y ligados a partidos de derecha, emiti\u00f3 un pronunciamiento en apoyo al presidente Jos\u00e9 Enrique Jeri Or\u00e9. En el documento, los firmantes respaldan la convocatoria [&hellip;]<\/p>\n","protected":false},"author":8,"featured_media":6569,"comment_status":"open","ping_status":"open","sticky":false,"template":"","format":"standard","meta":{"footnotes":""},"categories":[183,177,810,1852],"tags":[2552,2546,2543],"class_list":["post-6567","post","type-post","status-publish","format-standard","has-post-thumbnail","hentry","category-actualidad","category-economia","category-regional","category-tendencia","tag-gobernadores-regionales","tag-jose-jeri-ore","tag-presidencia-del-peru"],"yoast_head":"<!-- This site is optimized with the Yoast SEO plugin v27.4 - https:\/\/yoast.com\/product\/yoast-seo-wordpress\/ -->\n<title>Gobernadores regionales cuestionados expresan respaldo al presidente interino Jos\u00e9 Jeri Or\u00e9 - Pulso27<\/title>\n<meta name=\"robots\" content=\"index, follow, max-snippet:-1, max-image-preview:large, max-video-preview:-1\" \/>\n<link rel=\"canonical\" href=\"https:\/\/pulso27.com\/en\/actualidad\/gobernadores-regionales-cuestionados-expresan-respaldo-al-presidente-interino-jose-jeri-ore\/\" \/>\n<meta property=\"og:locale\" content=\"en_US\" \/>\n<meta property=\"og:type\" content=\"article\" \/>\n<meta property=\"og:title\" content=\"Gobernadores regionales cuestionados expresan respaldo al presidente interino Jos\u00e9 Jeri Or\u00e9 - Pulso27\" \/>\n<meta property=\"og:description\" content=\"Lima, 13 de octubre de 2025.\u2013 En un contexto de crisis pol\u00edtica y creciente malestar ciudadano hacia el Gobierno, un grupo de gobernadores regionales, varios de ellos investigados por corrupci\u00f3n y ligados a partidos de derecha, emiti\u00f3 un pronunciamiento en apoyo al presidente Jos\u00e9 Enrique Jeri Or\u00e9. En el documento, los firmantes respaldan la convocatoria [&hellip;]\" \/>\n<meta property=\"og:url\" content=\"https:\/\/pulso27.com\/en\/actualidad\/gobernadores-regionales-cuestionados-expresan-respaldo-al-presidente-interino-jose-jeri-ore\/\" \/>\n<meta property=\"og:site_name\" content=\"Pulso27\" \/>\n<meta property=\"article:publisher\" content=\"https:\/\/www.facebook.com\/pulso27\/\" \/>\n<meta property=\"article:published_time\" content=\"2025-10-14T05:04:02+00:00\" \/>\n<meta property=\"article:modified_time\" content=\"2025-10-14T05:04:11+00:00\" \/>\n<meta property=\"og:image\" content=\"https:\/\/pulso27.com\/wp-content\/uploads\/2025\/10\/Gobernadores.png\" \/>\n\t<meta property=\"og:image:width\" content=\"1280\" \/>\n\t<meta property=\"og:image:height\" content=\"799\" \/>\n\t<meta property=\"og:image:type\" content=\"image\/png\" \/>\n<meta name=\"author\" content=\"Maga\" \/>\n<meta name=\"twitter:card\" content=\"summary_large_image\" \/>\n<meta name=\"twitter:creator\" content=\"@Pulso_27\" \/>\n<meta name=\"twitter:site\" content=\"@Pulso_27\" \/>\n<meta name=\"twitter:label1\" content=\"Written by\" \/>\n\t<meta name=\"twitter:data1\" content=\"Maga\" \/>\n\t<meta name=\"twitter:label2\" content=\"Est. reading time\" \/>\n\t<meta name=\"twitter:data2\" content=\"2 minutes\" \/>\n<script type=\"application\/ld+json\" class=\"yoast-schema-graph\">{\"@context\":\"https:\\\/\\\/schema.org\",\"@graph\":[{\"@type\":\"Article\",\"@id\":\"https:\\\/\\\/pulso27.com\\\/actualidad\\\/gobernadores-regionales-cuestionados-expresan-respaldo-al-presidente-interino-jose-jeri-ore\\\/#article\",\"isPartOf\":{\"@id\":\"https:\\\/\\\/pulso27.com\\\/actualidad\\\/gobernadores-regionales-cuestionados-expresan-respaldo-al-presidente-interino-jose-jeri-ore\\\/\"},\"author\":{\"name\":\"Maga\",\"@id\":\"https:\\\/\\\/pulso27.com\\\/en\\\/#\\\/schema\\\/person\\\/92f5059eb04cb644a32d22c9bc998684\"},\"headline\":\"Gobernadores regionales cuestionados expresan respaldo al presidente interino Jos\u00e9 Jeri Or\u00e9\",\"datePublished\":\"2025-10-14T05:04:02+00:00\",\"dateModified\":\"2025-10-14T05:04:11+00:00\",\"mainEntityOfPage\":{\"@id\":\"https:\\\/\\\/pulso27.com\\\/actualidad\\\/gobernadores-regionales-cuestionados-expresan-respaldo-al-presidente-interino-jose-jeri-ore\\\/\"},\"wordCount\":274,\"commentCount\":0,\"publisher\":{\"@id\":\"https:\\\/\\\/pulso27.com\\\/en\\\/#organization\"},\"image\":{\"@id\":\"https:\\\/\\\/pulso27.com\\\/actualidad\\\/gobernadores-regionales-cuestionados-expresan-respaldo-al-presidente-interino-jose-jeri-ore\\\/#primaryimage\"},\"thumbnailUrl\":\"https:\\\/\\\/pulso27.com\\\/wp-content\\\/uploads\\\/2025\\\/10\\\/Gobernadores.png\",\"keywords\":[\"Gobernadores Regionales\",\"Jos\u00e9 Jer\u00ed Or\u00e9\",\"Presidencia del Per\u00fa\"],\"articleSection\":[\"Actualidad\",\"Econom\u00eda\",\"Regional\",\"Tendencia\"],\"inLanguage\":\"en-US\",\"potentialAction\":[{\"@type\":\"CommentAction\",\"name\":\"Comment\",\"target\":[\"https:\\\/\\\/pulso27.com\\\/actualidad\\\/gobernadores-regionales-cuestionados-expresan-respaldo-al-presidente-interino-jose-jeri-ore\\\/#respond\"]}]},{\"@type\":\"WebPage\",\"@id\":\"https:\\\/\\\/pulso27.com\\\/actualidad\\\/gobernadores-regionales-cuestionados-expresan-respaldo-al-presidente-interino-jose-jeri-ore\\\/\",\"url\":\"https:\\\/\\\/pulso27.com\\\/actualidad\\\/gobernadores-regionales-cuestionados-expresan-respaldo-al-presidente-interino-jose-jeri-ore\\\/\",\"name\":\"Gobernadores regionales cuestionados expresan respaldo al presidente interino Jos\u00e9 Jeri Or\u00e9 - Pulso27\",\"isPartOf\":{\"@id\":\"https:\\\/\\\/pulso27.com\\\/en\\\/#website\"},\"primaryImageOfPage\":{\"@id\":\"https:\\\/\\\/pulso27.com\\\/actualidad\\\/gobernadores-regionales-cuestionados-expresan-respaldo-al-presidente-interino-jose-jeri-ore\\\/#primaryimage\"},\"image\":{\"@id\":\"https:\\\/\\\/pulso27.com\\\/actualidad\\\/gobernadores-regionales-cuestionados-expresan-respaldo-al-presidente-interino-jose-jeri-ore\\\/#primaryimage\"},\"thumbnailUrl\":\"https:\\\/\\\/pulso27.com\\\/wp-content\\\/uploads\\\/2025\\\/10\\\/Gobernadores.png\",\"datePublished\":\"2025-10-14T05:04:02+00:00\",\"dateModified\":\"2025-10-14T05:04:11+00:00\",\"breadcrumb\":{\"@id\":\"https:\\\/\\\/pulso27.com\\\/actualidad\\\/gobernadores-regionales-cuestionados-expresan-respaldo-al-presidente-interino-jose-jeri-ore\\\/#breadcrumb\"},\"inLanguage\":\"en-US\",\"potentialAction\":[{\"@type\":\"ReadAction\",\"target\":[\"https:\\\/\\\/pulso27.com\\\/actualidad\\\/gobernadores-regionales-cuestionados-expresan-respaldo-al-presidente-interino-jose-jeri-ore\\\/\"]}]},{\"@type\":\"ImageObject\",\"inLanguage\":\"en-US\",\"@id\":\"https:\\\/\\\/pulso27.com\\\/actualidad\\\/gobernadores-regionales-cuestionados-expresan-respaldo-al-presidente-interino-jose-jeri-ore\\\/#primaryimage\",\"url\":\"https:\\\/\\\/pulso27.com\\\/wp-content\\\/uploads\\\/2025\\\/10\\\/Gobernadores.png\",\"contentUrl\":\"https:\\\/\\\/pulso27.com\\\/wp-content\\\/uploads\\\/2025\\\/10\\\/Gobernadores.png\",\"width\":1280,\"height\":799},{\"@type\":\"BreadcrumbList\",\"@id\":\"https:\\\/\\\/pulso27.com\\\/actualidad\\\/gobernadores-regionales-cuestionados-expresan-respaldo-al-presidente-interino-jose-jeri-ore\\\/#breadcrumb\",\"itemListElement\":[{\"@type\":\"ListItem\",\"position\":1,\"name\":\"Portada\",\"item\":\"https:\\\/\\\/pulso27.com\\\/\"},{\"@type\":\"ListItem\",\"position\":2,\"name\":\"Gobernadores regionales cuestionados expresan respaldo al presidente interino Jos\u00e9 Jeri Or\u00e9\"}]},{\"@type\":\"WebSite\",\"@id\":\"https:\\\/\\\/pulso27.com\\\/en\\\/#website\",\"url\":\"https:\\\/\\\/pulso27.com\\\/en\\\/\",\"name\":\"Pulso27\",\"description\":\"Web de noticias y publicidad\",\"publisher\":{\"@id\":\"https:\\\/\\\/pulso27.com\\\/en\\\/#organization\"},\"alternateName\":\"El pulso del pueblo\",\"potentialAction\":[{\"@type\":\"SearchAction\",\"target\":{\"@type\":\"EntryPoint\",\"urlTemplate\":\"https:\\\/\\\/pulso27.com\\\/en\\\/?s={search_term_string}\"},\"query-input\":{\"@type\":\"PropertyValueSpecification\",\"valueRequired\":true,\"valueName\":\"search_term_string\"}}],\"inLanguage\":\"en-US\"},{\"@type\":\"Organization\",\"@id\":\"https:\\\/\\\/pulso27.com\\\/en\\\/#organization\",\"name\":\"Pulso27\",\"url\":\"https:\\\/\\\/pulso27.com\\\/en\\\/\",\"logo\":{\"@type\":\"ImageObject\",\"inLanguage\":\"en-US\",\"@id\":\"https:\\\/\\\/pulso27.com\\\/en\\\/#\\\/schema\\\/logo\\\/image\\\/\",\"url\":\"https:\\\/\\\/pulso27.com\\\/wp-content\\\/uploads\\\/2026\\\/02\\\/Logotipo-de-la-organizacion-696-x-696-px-ok.png\",\"contentUrl\":\"https:\\\/\\\/pulso27.com\\\/wp-content\\\/uploads\\\/2026\\\/02\\\/Logotipo-de-la-organizacion-696-x-696-px-ok.png\",\"width\":696,\"height\":696,\"caption\":\"Pulso27\"},\"image\":{\"@id\":\"https:\\\/\\\/pulso27.com\\\/en\\\/#\\\/schema\\\/logo\\\/image\\\/\"},\"sameAs\":[\"https:\\\/\\\/www.facebook.com\\\/pulso27\\\/\",\"https:\\\/\\\/x.com\\\/Pulso_27\",\"https:\\\/\\\/www.youtube.com\\\/@Pulso27\",\"https:\\\/\\\/www.tiktok.com\\\/@pulso_27\"]},{\"@type\":\"Person\",\"@id\":\"https:\\\/\\\/pulso27.com\\\/en\\\/#\\\/schema\\\/person\\\/92f5059eb04cb644a32d22c9bc998684\",\"name\":\"Maga\",\"image\":{\"@type\":\"ImageObject\",\"inLanguage\":\"en-US\",\"@id\":\"https:\\\/\\\/secure.gravatar.com\\\/avatar\\\/c4d5224d4227e7c057cd5793ba910425cc902f3aef97cda3eccc7acba8be2edc?s=96&d=mm&r=g\",\"url\":\"https:\\\/\\\/secure.gravatar.com\\\/avatar\\\/c4d5224d4227e7c057cd5793ba910425cc902f3aef97cda3eccc7acba8be2edc?s=96&d=mm&r=g\",\"contentUrl\":\"https:\\\/\\\/secure.gravatar.com\\\/avatar\\\/c4d5224d4227e7c057cd5793ba910425cc902f3aef97cda3eccc7acba8be2edc?s=96&d=mm&r=g\",\"caption\":\"Maga\"},\"sameAs\":[\"http:\\\/\\\/www.pulso27.com\"],\"url\":\"https:\\\/\\\/pulso27.com\\\/en\\\/author\\\/maga\\\/\"}]}<\/script>\n<!-- \/ Yoast SEO plugin. -->","yoast_head_json":{"title":"Gobernadores regionales cuestionados expresan respaldo al presidente interino Jos\u00e9 Jeri Or\u00e9 - Pulso27","robots":{"index":"index","follow":"follow","max-snippet":"max-snippet:-1","max-image-preview":"max-image-preview:large","max-video-preview":"max-video-preview:-1"},"canonical":"https:\/\/pulso27.com\/en\/actualidad\/gobernadores-regionales-cuestionados-expresan-respaldo-al-presidente-interino-jose-jeri-ore\/","og_locale":"en_US","og_type":"article","og_title":"Gobernadores regionales cuestionados expresan respaldo al presidente interino Jos\u00e9 Jeri Or\u00e9 - Pulso27","og_description":"Lima, 13 de octubre de 2025.\u2013 En un contexto de crisis pol\u00edtica y creciente malestar ciudadano hacia el Gobierno, un grupo de gobernadores regionales, varios de ellos investigados por corrupci\u00f3n y ligados a partidos de derecha, emiti\u00f3 un pronunciamiento en apoyo al presidente Jos\u00e9 Enrique Jeri Or\u00e9. En el documento, los firmantes respaldan la convocatoria [&hellip;]","og_url":"https:\/\/pulso27.com\/en\/actualidad\/gobernadores-regionales-cuestionados-expresan-respaldo-al-presidente-interino-jose-jeri-ore\/","og_site_name":"Pulso27","article_publisher":"https:\/\/www.facebook.com\/pulso27\/","article_published_time":"2025-10-14T05:04:02+00:00","article_modified_time":"2025-10-14T05:04:11+00:00","og_image":[{"width":1280,"height":799,"url":"https:\/\/pulso27.com\/wp-content\/uploads\/2025\/10\/Gobernadores.png","type":"image\/png"}],"author":"Maga","twitter_card":"summary_large_image","twitter_creator":"@Pulso_27","twitter_site":"@Pulso_27","twitter_misc":{"Written by":"Maga","Est. reading time":"2 minutes"},"schema":{"@context":"https:\/\/schema.org","@graph":[{"@type":"Article","@id":"https:\/\/pulso27.com\/actualidad\/gobernadores-regionales-cuestionados-expresan-respaldo-al-presidente-interino-jose-jeri-ore\/#article","isPartOf":{"@id":"https:\/\/pulso27.com\/actualidad\/gobernadores-regionales-cuestionados-expresan-respaldo-al-presidente-interino-jose-jeri-ore\/"},"author":{"name":"Maga","@id":"https:\/\/pulso27.com\/en\/#\/schema\/person\/92f5059eb04cb644a32d22c9bc998684"},"headline":"Gobernadores regionales cuestionados expresan respaldo al presidente interino Jos\u00e9 Jeri Or\u00e9","datePublished":"2025-10-14T05:04:02+00:00","dateModified":"2025-10-14T05:04:11+00:00","mainEntityOfPage":{"@id":"https:\/\/pulso27.com\/actualidad\/gobernadores-regionales-cuestionados-expresan-respaldo-al-presidente-interino-jose-jeri-ore\/"},"wordCount":274,"commentCount":0,"publisher":{"@id":"https:\/\/pulso27.com\/en\/#organization"},"image":{"@id":"https:\/\/pulso27.com\/actualidad\/gobernadores-regionales-cuestionados-expresan-respaldo-al-presidente-interino-jose-jeri-ore\/#primaryimage"},"thumbnailUrl":"https:\/\/pulso27.com\/wp-content\/uploads\/2025\/10\/Gobernadores.png","keywords":["Gobernadores Regionales","Jos\u00e9 Jer\u00ed Or\u00e9","Presidencia del Per\u00fa"],"articleSection":["Actualidad","Econom\u00eda","Regional","Tendencia"],"inLanguage":"en-US","potentialAction":[{"@type":"CommentAction","name":"Comment","target":["https:\/\/pulso27.com\/actualidad\/gobernadores-regionales-cuestionados-expresan-respaldo-al-presidente-interino-jose-jeri-ore\/#respond"]}]},{"@type":"WebPage","@id":"https:\/\/pulso27.com\/actualidad\/gobernadores-regionales-cuestionados-expresan-respaldo-al-presidente-interino-jose-jeri-ore\/","url":"https:\/\/pulso27.com\/actualidad\/gobernadores-regionales-cuestionados-expresan-respaldo-al-presidente-interino-jose-jeri-ore\/","name":"Gobernadores regionales cuestionados expresan respaldo al presidente interino Jos\u00e9 Jeri Or\u00e9 - Pulso27","isPartOf":{"@id":"https:\/\/pulso27.com\/en\/#website"},"primaryImageOfPage":{"@id":"https:\/\/pulso27.com\/actualidad\/gobernadores-regionales-cuestionados-expresan-respaldo-al-presidente-interino-jose-jeri-ore\/#primaryimage"},"image":{"@id":"https:\/\/pulso27.com\/actualidad\/gobernadores-regionales-cuestionados-expresan-respaldo-al-presidente-interino-jose-jeri-ore\/#primaryimage"},"thumbnailUrl":"https:\/\/pulso27.com\/wp-content\/uploads\/2025\/10\/Gobernadores.png","datePublished":"2025-10-14T05:04:02+00:00","dateModified":"2025-10-14T05:04:11+00:00","breadcrumb":{"@id":"https:\/\/pulso27.com\/actualidad\/gobernadores-regionales-cuestionados-expresan-respaldo-al-presidente-interino-jose-jeri-ore\/#breadcrumb"},"inLanguage":"en-US","potentialAction":[{"@type":"ReadAction","target":["https:\/\/pulso27.com\/actualidad\/gobernadores-regionales-cuestionados-expresan-respaldo-al-presidente-interino-jose-jeri-ore\/"]}]},{"@type":"ImageObject","inLanguage":"en-US","@id":"https:\/\/pulso27.com\/actualidad\/gobernadores-regionales-cuestionados-expresan-respaldo-al-presidente-interino-jose-jeri-ore\/#primaryimage","url":"https:\/\/pulso27.com\/wp-content\/uploads\/2025\/10\/Gobernadores.png","contentUrl":"https:\/\/pulso27.com\/wp-content\/uploads\/2025\/10\/Gobernadores.png","width":1280,"height":799},{"@type":"BreadcrumbList","@id":"https:\/\/pulso27.com\/actualidad\/gobernadores-regionales-cuestionados-expresan-respaldo-al-presidente-interino-jose-jeri-ore\/#breadcrumb","itemListElement":[{"@type":"ListItem","position":1,"name":"Portada","item":"https:\/\/pulso27.com\/"},{"@type":"ListItem","position":2,"name":"Gobernadores regionales cuestionados expresan respaldo al presidente interino Jos\u00e9 Jeri Or\u00e9"}]},{"@type":"WebSite","@id":"https:\/\/pulso27.com\/en\/#website","url":"https:\/\/pulso27.com\/en\/","name":"Pulso27","description":"Web de noticias y publicidad","publisher":{"@id":"https:\/\/pulso27.com\/en\/#organization"},"alternateName":"El pulso del pueblo","potentialAction":[{"@type":"SearchAction","target":{"@type":"EntryPoint","urlTemplate":"https:\/\/pulso27.com\/en\/?s={search_term_string}"},"query-input":{"@type":"PropertyValueSpecification","valueRequired":true,"valueName":"search_term_string"}}],"inLanguage":"en-US"},{"@type":"Organization","@id":"https:\/\/pulso27.com\/en\/#organization","name":"Pulso27","url":"https:\/\/pulso27.com\/en\/","logo":{"@type":"ImageObject","inLanguage":"en-US","@id":"https:\/\/pulso27.com\/en\/#\/schema\/logo\/image\/","url":"https:\/\/pulso27.com\/wp-content\/uploads\/2026\/02\/Logotipo-de-la-organizacion-696-x-696-px-ok.png","contentUrl":"https:\/\/pulso27.com\/wp-content\/uploads\/2026\/02\/Logotipo-de-la-organizacion-696-x-696-px-ok.png","width":696,"height":696,"caption":"Pulso27"},"image":{"@id":"https:\/\/pulso27.com\/en\/#\/schema\/logo\/image\/"},"sameAs":["https:\/\/www.facebook.com\/pulso27\/","https:\/\/x.com\/Pulso_27","https:\/\/www.youtube.com\/@Pulso27","https:\/\/www.tiktok.com\/@pulso_27"]},{"@type":"Person","@id":"https:\/\/pulso27.com\/en\/#\/schema\/person\/92f5059eb04cb644a32d22c9bc998684","name":"Maga","image":{"@type":"ImageObject","inLanguage":"en-US","@id":"https:\/\/secure.gravatar.com\/avatar\/c4d5224d4227e7c057cd5793ba910425cc902f3aef97cda3eccc7acba8be2edc?s=96&d=mm&r=g","url":"https:\/\/secure.gravatar.com\/avatar\/c4d5224d4227e7c057cd5793ba910425cc902f3aef97cda3eccc7acba8be2edc?s=96&d=mm&r=g","contentUrl":"https:\/\/secure.gravatar.com\/avatar\/c4d5224d4227e7c057cd5793ba910425cc902f3aef97cda3eccc7acba8be2edc?s=96&d=mm&r=g","caption":"Maga"},"sameAs":["http:\/\/www.pulso27.com"],"url":"https:\/\/pulso27.com\/en\/author\/maga\/"}]}},"amp_enabled":true,"_links":{"self":[{"href":"https:\/\/pulso27.com\/en\/wp-json\/wp\/v2\/posts\/6567","targetHints":{"allow":["GET"]}}],"collection":[{"href":"https:\/\/pulso27.com\/en\/wp-json\/wp\/v2\/posts"}],"about":[{"href":"https:\/\/pulso27.com\/en\/wp-json\/wp\/v2\/types\/post"}],"author":[{"embeddable":true,"href":"https:\/\/pulso27.com\/en\/wp-json\/wp\/v2\/users\/8"}],"replies":[{"embeddable":true,"href":"https:\/\/pulso27.com\/en\/wp-json\/wp\/v2\/comments?post=6567"}],"version-history":[{"count":1,"href":"https:\/\/pulso27.com\/en\/wp-json\/wp\/v2\/posts\/6567\/revisions"}],"predecessor-version":[{"id":6573,"href":"https:\/\/pulso27.com\/en\/wp-json\/wp\/v2\/posts\/6567\/revisions\/6573"}],"wp:featuredmedia":[{"embeddable":true,"href":"https:\/\/pulso27.com\/en\/wp-json\/wp\/v2\/media\/6569"}],"wp:attachment":[{"href":"https:\/\/pulso27.com\/en\/wp-json\/wp\/v2\/media?parent=6567"}],"wp:term":[{"taxonomy":"category","embeddable":true,"href":"https:\/\/pulso27.com\/en\/wp-json\/wp\/v2\/categories?post=6567"},{"taxonomy":"post_tag","embeddable":true,"href":"https:\/\/pulso27.com\/en\/wp-json\/wp\/v2\/tags?post=6567"}],"curies":[{"name":"wp","href":"https:\/\/api.w.org\/{rel}","templated":true}]}}