{"id":6598,"date":"2025-10-22T22:52:36","date_gmt":"2025-10-22T17:52:36","guid":{"rendered":"https:\/\/pulso27.com\/?p=6598"},"modified":"2025-10-22T22:52:42","modified_gmt":"2025-10-22T17:52:42","slug":"bolivia-elige-a-rodrigo-paz-como-presidente-retorna-la-centro-derecha-tras-inhabilitacion-de-evo-morales","status":"publish","type":"post","link":"https:\/\/pulso27.com\/en\/internacional\/bolivia-elige-a-rodrigo-paz-como-presidente-retorna-la-centro-derecha-tras-inhabilitacion-de-evo-morales\/","title":{"rendered":"Bolivia elige a Rodrigo Paz como presidente: retorna la centro-derecha tras inhabilitaci\u00f3n de Evo Morales"},"content":{"rendered":"<p>La Paz, Bolivia \u2013 En un re\u00f1ido balotaje presidencial, el senador Rodrigo Paz Pereira, del Partido Dem\u00f3crata Cristiano (PDC), se alz\u00f3 con la victoria al obtener el 54,5% de los votos frente al 45,5% del conservador Jorge \u00abTuto\u00bb Quiroga, de la Alianza Libre, seg\u00fan datos preliminares del Tribunal Supremo Electoral (TSE) del domingo 19 de octubre. Este triunfo marca el retorno de la centro-derecha al poder tras casi dos d\u00e9cadas de dominio del Movimiento al Socialismo (MAS), liderado por Evo Morales. Paz, hijo del expresidente Jaime Paz Zamora, asumir\u00e1 la presidencia el 8 de noviembre, prometiendo un \u00abcapitalismo inclusivo\u00bb para enfrentar la crisis econ\u00f3mica, caracterizada por escasez de combustible y devaluaci\u00f3n del boliviano<\/p>\n\n\n\n<p>El ascenso de Paz solo fue posible por la inhabilitaci\u00f3n de Evo Morales, prescrito de participar en las elecciones por el Tribunal Constitucional Plurinacional en 2023, que ratific\u00f3 la prohibici\u00f3n de la reelecci\u00f3n indefinida. Esta decisi\u00f3n, que excluy\u00f3 al l\u00edder del MAS, provoc\u00f3 una profunda divisi\u00f3n en el partido oficialista. Morales, desde su basti\u00f3n en el Chapare, llam\u00f3 a sus seguidores a votar en blanco o nulo, generando un 20% de boletas inv\u00e1lidas que fragmentaron a\u00fan m\u00e1s el apoyo al MAS. Aunque la jornada electoral fue calificada como transparente por observadores de la Uni\u00f3n Europea, las tensiones por la exclusi\u00f3n de Morales alimentaron denuncias de irregularidades en redes sociales, sin que estas alteraran el resultado oficial.<\/p>\n\n\n\n<p>Para Per\u00fa, el cambio de rumbo en Bolivia plantea oportunidades y desaf\u00edos en la integraci\u00f3n regional. Paz ha prometido fortalecer lazos con Estados Unidos y atraer inversiones extranjeras, lo que podr\u00eda dinamizar el comercio con Lima en sectores como miner\u00eda y agroindustria. Sin embargo, la sombra de Morales, con una base leal en el altiplano, podr\u00eda desencadenar protestas si las demandas rurales no son atendidas.<\/p>","protected":false},"excerpt":{"rendered":"<p>La Paz, Bolivia \u2013 En un re\u00f1ido balotaje presidencial, el senador Rodrigo Paz Pereira, del Partido Dem\u00f3crata Cristiano (PDC), se alz\u00f3 con la victoria al obtener el 54,5% de los votos frente al 45,5% del conservador Jorge \u00abTuto\u00bb Quiroga, de la Alianza Libre, seg\u00fan datos preliminares del Tribunal Supremo Electoral (TSE) del domingo 19 de [&hellip;]<\/p>\n","protected":false},"author":5,"featured_media":6599,"comment_status":"open","ping_status":"open","sticky":false,"template":"","format":"standard","meta":{"footnotes":""},"categories":[183,173,180],"tags":[445,2424],"class_list":["post-6598","post","type-post","status-publish","format-standard","has-post-thumbnail","hentry","category-actualidad","category-internacional","category-politica","tag-bolivia","tag-evo-morales"],"yoast_head":"<!-- This site is optimized with the Yoast SEO plugin v27.4 - https:\/\/yoast.com\/product\/yoast-seo-wordpress\/ -->\n<title>Bolivia elige a Rodrigo Paz como presidente: retorna la centro-derecha tras inhabilitaci\u00f3n de Evo Morales - Pulso27<\/title>\n<meta name=\"robots\" content=\"index, follow, max-snippet:-1, max-image-preview:large, max-video-preview:-1\" \/>\n<link rel=\"canonical\" href=\"https:\/\/pulso27.com\/en\/internacional\/bolivia-elige-a-rodrigo-paz-como-presidente-retorna-la-centro-derecha-tras-inhabilitacion-de-evo-morales\/\" \/>\n<meta property=\"og:locale\" content=\"en_US\" \/>\n<meta property=\"og:type\" content=\"article\" \/>\n<meta property=\"og:title\" content=\"Bolivia elige a Rodrigo Paz como presidente: retorna la centro-derecha tras inhabilitaci\u00f3n de Evo Morales - Pulso27\" \/>\n<meta property=\"og:description\" content=\"La Paz, Bolivia \u2013 En un re\u00f1ido balotaje presidencial, el senador Rodrigo Paz Pereira, del Partido Dem\u00f3crata Cristiano (PDC), se alz\u00f3 con la victoria al obtener el 54,5% de los votos frente al 45,5% del conservador Jorge \u00abTuto\u00bb Quiroga, de la Alianza Libre, seg\u00fan datos preliminares del Tribunal Supremo Electoral (TSE) del domingo 19 de [&hellip;]\" \/>\n<meta property=\"og:url\" content=\"https:\/\/pulso27.com\/en\/internacional\/bolivia-elige-a-rodrigo-paz-como-presidente-retorna-la-centro-derecha-tras-inhabilitacion-de-evo-morales\/\" \/>\n<meta property=\"og:site_name\" content=\"Pulso27\" \/>\n<meta property=\"article:publisher\" content=\"https:\/\/www.facebook.com\/pulso27\/\" \/>\n<meta property=\"article:published_time\" content=\"2025-10-22T17:52:36+00:00\" \/>\n<meta property=\"article:modified_time\" content=\"2025-10-22T17:52:42+00:00\" \/>\n<meta property=\"og:image\" content=\"https:\/\/pulso27.com\/wp-content\/uploads\/2025\/10\/Paz.png\" \/>\n\t<meta property=\"og:image:width\" content=\"1280\" \/>\n\t<meta property=\"og:image:height\" content=\"800\" \/>\n\t<meta property=\"og:image:type\" content=\"image\/png\" \/>\n<meta name=\"author\" content=\"admin\" \/>\n<meta name=\"twitter:card\" content=\"summary_large_image\" \/>\n<meta name=\"twitter:creator\" content=\"@Pulso_27\" \/>\n<meta name=\"twitter:site\" content=\"@Pulso_27\" \/>\n<meta name=\"twitter:label1\" content=\"Written by\" \/>\n\t<meta name=\"twitter:data1\" content=\"admin\" \/>\n\t<meta name=\"twitter:label2\" content=\"Est. reading time\" \/>\n\t<meta name=\"twitter:data2\" content=\"2 minutes\" \/>\n<script type=\"application\/ld+json\" class=\"yoast-schema-graph\">{\"@context\":\"https:\\\/\\\/schema.org\",\"@graph\":[{\"@type\":\"Article\",\"@id\":\"https:\\\/\\\/pulso27.com\\\/internacional\\\/bolivia-elige-a-rodrigo-paz-como-presidente-retorna-la-centro-derecha-tras-inhabilitacion-de-evo-morales\\\/#article\",\"isPartOf\":{\"@id\":\"https:\\\/\\\/pulso27.com\\\/internacional\\\/bolivia-elige-a-rodrigo-paz-como-presidente-retorna-la-centro-derecha-tras-inhabilitacion-de-evo-morales\\\/\"},\"author\":{\"name\":\"admin\",\"@id\":\"https:\\\/\\\/pulso27.com\\\/en\\\/#\\\/schema\\\/person\\\/df15ecbcbba89b8627097bc602dc9e15\"},\"headline\":\"Bolivia elige a Rodrigo Paz como presidente: retorna la centro-derecha tras inhabilitaci\u00f3n de Evo Morales\",\"datePublished\":\"2025-10-22T17:52:36+00:00\",\"dateModified\":\"2025-10-22T17:52:42+00:00\",\"mainEntityOfPage\":{\"@id\":\"https:\\\/\\\/pulso27.com\\\/internacional\\\/bolivia-elige-a-rodrigo-paz-como-presidente-retorna-la-centro-derecha-tras-inhabilitacion-de-evo-morales\\\/\"},\"wordCount\":326,\"commentCount\":0,\"publisher\":{\"@id\":\"https:\\\/\\\/pulso27.com\\\/en\\\/#organization\"},\"image\":{\"@id\":\"https:\\\/\\\/pulso27.com\\\/internacional\\\/bolivia-elige-a-rodrigo-paz-como-presidente-retorna-la-centro-derecha-tras-inhabilitacion-de-evo-morales\\\/#primaryimage\"},\"thumbnailUrl\":\"https:\\\/\\\/pulso27.com\\\/wp-content\\\/uploads\\\/2025\\\/10\\\/Paz.png\",\"keywords\":[\"Bolivia\",\"Evo Morales\"],\"articleSection\":[\"Actualidad\",\"Internacional\",\"Pol\u00edtica\"],\"inLanguage\":\"en-US\",\"potentialAction\":[{\"@type\":\"CommentAction\",\"name\":\"Comment\",\"target\":[\"https:\\\/\\\/pulso27.com\\\/internacional\\\/bolivia-elige-a-rodrigo-paz-como-presidente-retorna-la-centro-derecha-tras-inhabilitacion-de-evo-morales\\\/#respond\"]}]},{\"@type\":\"WebPage\",\"@id\":\"https:\\\/\\\/pulso27.com\\\/internacional\\\/bolivia-elige-a-rodrigo-paz-como-presidente-retorna-la-centro-derecha-tras-inhabilitacion-de-evo-morales\\\/\",\"url\":\"https:\\\/\\\/pulso27.com\\\/internacional\\\/bolivia-elige-a-rodrigo-paz-como-presidente-retorna-la-centro-derecha-tras-inhabilitacion-de-evo-morales\\\/\",\"name\":\"Bolivia elige a Rodrigo Paz como presidente: retorna la centro-derecha tras inhabilitaci\u00f3n de Evo Morales - Pulso27\",\"isPartOf\":{\"@id\":\"https:\\\/\\\/pulso27.com\\\/en\\\/#website\"},\"primaryImageOfPage\":{\"@id\":\"https:\\\/\\\/pulso27.com\\\/internacional\\\/bolivia-elige-a-rodrigo-paz-como-presidente-retorna-la-centro-derecha-tras-inhabilitacion-de-evo-morales\\\/#primaryimage\"},\"image\":{\"@id\":\"https:\\\/\\\/pulso27.com\\\/internacional\\\/bolivia-elige-a-rodrigo-paz-como-presidente-retorna-la-centro-derecha-tras-inhabilitacion-de-evo-morales\\\/#primaryimage\"},\"thumbnailUrl\":\"https:\\\/\\\/pulso27.com\\\/wp-content\\\/uploads\\\/2025\\\/10\\\/Paz.png\",\"datePublished\":\"2025-10-22T17:52:36+00:00\",\"dateModified\":\"2025-10-22T17:52:42+00:00\",\"breadcrumb\":{\"@id\":\"https:\\\/\\\/pulso27.com\\\/internacional\\\/bolivia-elige-a-rodrigo-paz-como-presidente-retorna-la-centro-derecha-tras-inhabilitacion-de-evo-morales\\\/#breadcrumb\"},\"inLanguage\":\"en-US\",\"potentialAction\":[{\"@type\":\"ReadAction\",\"target\":[\"https:\\\/\\\/pulso27.com\\\/internacional\\\/bolivia-elige-a-rodrigo-paz-como-presidente-retorna-la-centro-derecha-tras-inhabilitacion-de-evo-morales\\\/\"]}]},{\"@type\":\"ImageObject\",\"inLanguage\":\"en-US\",\"@id\":\"https:\\\/\\\/pulso27.com\\\/internacional\\\/bolivia-elige-a-rodrigo-paz-como-presidente-retorna-la-centro-derecha-tras-inhabilitacion-de-evo-morales\\\/#primaryimage\",\"url\":\"https:\\\/\\\/pulso27.com\\\/wp-content\\\/uploads\\\/2025\\\/10\\\/Paz.png\",\"contentUrl\":\"https:\\\/\\\/pulso27.com\\\/wp-content\\\/uploads\\\/2025\\\/10\\\/Paz.png\",\"width\":1280,\"height\":800},{\"@type\":\"BreadcrumbList\",\"@id\":\"https:\\\/\\\/pulso27.com\\\/internacional\\\/bolivia-elige-a-rodrigo-paz-como-presidente-retorna-la-centro-derecha-tras-inhabilitacion-de-evo-morales\\\/#breadcrumb\",\"itemListElement\":[{\"@type\":\"ListItem\",\"position\":1,\"name\":\"Portada\",\"item\":\"https:\\\/\\\/pulso27.com\\\/\"},{\"@type\":\"ListItem\",\"position\":2,\"name\":\"Bolivia elige a Rodrigo Paz como presidente: retorna la centro-derecha tras inhabilitaci\u00f3n de Evo Morales\"}]},{\"@type\":\"WebSite\",\"@id\":\"https:\\\/\\\/pulso27.com\\\/en\\\/#website\",\"url\":\"https:\\\/\\\/pulso27.com\\\/en\\\/\",\"name\":\"Pulso27\",\"description\":\"Web de noticias y publicidad\",\"publisher\":{\"@id\":\"https:\\\/\\\/pulso27.com\\\/en\\\/#organization\"},\"alternateName\":\"El pulso del pueblo\",\"potentialAction\":[{\"@type\":\"SearchAction\",\"target\":{\"@type\":\"EntryPoint\",\"urlTemplate\":\"https:\\\/\\\/pulso27.com\\\/en\\\/?s={search_term_string}\"},\"query-input\":{\"@type\":\"PropertyValueSpecification\",\"valueRequired\":true,\"valueName\":\"search_term_string\"}}],\"inLanguage\":\"en-US\"},{\"@type\":\"Organization\",\"@id\":\"https:\\\/\\\/pulso27.com\\\/en\\\/#organization\",\"name\":\"Pulso27\",\"url\":\"https:\\\/\\\/pulso27.com\\\/en\\\/\",\"logo\":{\"@type\":\"ImageObject\",\"inLanguage\":\"en-US\",\"@id\":\"https:\\\/\\\/pulso27.com\\\/en\\\/#\\\/schema\\\/logo\\\/image\\\/\",\"url\":\"https:\\\/\\\/pulso27.com\\\/wp-content\\\/uploads\\\/2026\\\/02\\\/Logotipo-de-la-organizacion-696-x-696-px-ok.png\",\"contentUrl\":\"https:\\\/\\\/pulso27.com\\\/wp-content\\\/uploads\\\/2026\\\/02\\\/Logotipo-de-la-organizacion-696-x-696-px-ok.png\",\"width\":696,\"height\":696,\"caption\":\"Pulso27\"},\"image\":{\"@id\":\"https:\\\/\\\/pulso27.com\\\/en\\\/#\\\/schema\\\/logo\\\/image\\\/\"},\"sameAs\":[\"https:\\\/\\\/www.facebook.com\\\/pulso27\\\/\",\"https:\\\/\\\/x.com\\\/Pulso_27\",\"https:\\\/\\\/www.youtube.com\\\/@Pulso27\",\"https:\\\/\\\/www.tiktok.com\\\/@pulso_27\"]},{\"@type\":\"Person\",\"@id\":\"https:\\\/\\\/pulso27.com\\\/en\\\/#\\\/schema\\\/person\\\/df15ecbcbba89b8627097bc602dc9e15\",\"name\":\"admin\",\"image\":{\"@type\":\"ImageObject\",\"inLanguage\":\"en-US\",\"@id\":\"https:\\\/\\\/secure.gravatar.com\\\/avatar\\\/828f4a09ba8ce37cfca622f580fec4411ddb2550515ba4e452fa5d850713b8d1?s=96&d=mm&r=g\",\"url\":\"https:\\\/\\\/secure.gravatar.com\\\/avatar\\\/828f4a09ba8ce37cfca622f580fec4411ddb2550515ba4e452fa5d850713b8d1?s=96&d=mm&r=g\",\"contentUrl\":\"https:\\\/\\\/secure.gravatar.com\\\/avatar\\\/828f4a09ba8ce37cfca622f580fec4411ddb2550515ba4e452fa5d850713b8d1?s=96&d=mm&r=g\",\"caption\":\"admin\"},\"sameAs\":[\"http:\\\/\\\/www.pulso27.com\"],\"url\":\"https:\\\/\\\/pulso27.com\\\/en\\\/author\\\/admin-2\\\/\"}]}<\/script>\n<!-- \/ Yoast SEO plugin. -->","yoast_head_json":{"title":"Bolivia elige a Rodrigo Paz como presidente: retorna la centro-derecha tras inhabilitaci\u00f3n de Evo Morales - Pulso27","robots":{"index":"index","follow":"follow","max-snippet":"max-snippet:-1","max-image-preview":"max-image-preview:large","max-video-preview":"max-video-preview:-1"},"canonical":"https:\/\/pulso27.com\/en\/internacional\/bolivia-elige-a-rodrigo-paz-como-presidente-retorna-la-centro-derecha-tras-inhabilitacion-de-evo-morales\/","og_locale":"en_US","og_type":"article","og_title":"Bolivia elige a Rodrigo Paz como presidente: retorna la centro-derecha tras inhabilitaci\u00f3n de Evo Morales - Pulso27","og_description":"La Paz, Bolivia \u2013 En un re\u00f1ido balotaje presidencial, el senador Rodrigo Paz Pereira, del Partido Dem\u00f3crata Cristiano (PDC), se alz\u00f3 con la victoria al obtener el 54,5% de los votos frente al 45,5% del conservador Jorge \u00abTuto\u00bb Quiroga, de la Alianza Libre, seg\u00fan datos preliminares del Tribunal Supremo Electoral (TSE) del domingo 19 de [&hellip;]","og_url":"https:\/\/pulso27.com\/en\/internacional\/bolivia-elige-a-rodrigo-paz-como-presidente-retorna-la-centro-derecha-tras-inhabilitacion-de-evo-morales\/","og_site_name":"Pulso27","article_publisher":"https:\/\/www.facebook.com\/pulso27\/","article_published_time":"2025-10-22T17:52:36+00:00","article_modified_time":"2025-10-22T17:52:42+00:00","og_image":[{"width":1280,"height":800,"url":"https:\/\/pulso27.com\/wp-content\/uploads\/2025\/10\/Paz.png","type":"image\/png"}],"author":"admin","twitter_card":"summary_large_image","twitter_creator":"@Pulso_27","twitter_site":"@Pulso_27","twitter_misc":{"Written by":"admin","Est. reading time":"2 minutes"},"schema":{"@context":"https:\/\/schema.org","@graph":[{"@type":"Article","@id":"https:\/\/pulso27.com\/internacional\/bolivia-elige-a-rodrigo-paz-como-presidente-retorna-la-centro-derecha-tras-inhabilitacion-de-evo-morales\/#article","isPartOf":{"@id":"https:\/\/pulso27.com\/internacional\/bolivia-elige-a-rodrigo-paz-como-presidente-retorna-la-centro-derecha-tras-inhabilitacion-de-evo-morales\/"},"author":{"name":"admin","@id":"https:\/\/pulso27.com\/en\/#\/schema\/person\/df15ecbcbba89b8627097bc602dc9e15"},"headline":"Bolivia elige a Rodrigo Paz como presidente: retorna la centro-derecha tras inhabilitaci\u00f3n de Evo Morales","datePublished":"2025-10-22T17:52:36+00:00","dateModified":"2025-10-22T17:52:42+00:00","mainEntityOfPage":{"@id":"https:\/\/pulso27.com\/internacional\/bolivia-elige-a-rodrigo-paz-como-presidente-retorna-la-centro-derecha-tras-inhabilitacion-de-evo-morales\/"},"wordCount":326,"commentCount":0,"publisher":{"@id":"https:\/\/pulso27.com\/en\/#organization"},"image":{"@id":"https:\/\/pulso27.com\/internacional\/bolivia-elige-a-rodrigo-paz-como-presidente-retorna-la-centro-derecha-tras-inhabilitacion-de-evo-morales\/#primaryimage"},"thumbnailUrl":"https:\/\/pulso27.com\/wp-content\/uploads\/2025\/10\/Paz.png","keywords":["Bolivia","Evo Morales"],"articleSection":["Actualidad","Internacional","Pol\u00edtica"],"inLanguage":"en-US","potentialAction":[{"@type":"CommentAction","name":"Comment","target":["https:\/\/pulso27.com\/internacional\/bolivia-elige-a-rodrigo-paz-como-presidente-retorna-la-centro-derecha-tras-inhabilitacion-de-evo-morales\/#respond"]}]},{"@type":"WebPage","@id":"https:\/\/pulso27.com\/internacional\/bolivia-elige-a-rodrigo-paz-como-presidente-retorna-la-centro-derecha-tras-inhabilitacion-de-evo-morales\/","url":"https:\/\/pulso27.com\/internacional\/bolivia-elige-a-rodrigo-paz-como-presidente-retorna-la-centro-derecha-tras-inhabilitacion-de-evo-morales\/","name":"Bolivia elige a Rodrigo Paz como presidente: retorna la centro-derecha tras inhabilitaci\u00f3n de Evo Morales - Pulso27","isPartOf":{"@id":"https:\/\/pulso27.com\/en\/#website"},"primaryImageOfPage":{"@id":"https:\/\/pulso27.com\/internacional\/bolivia-elige-a-rodrigo-paz-como-presidente-retorna-la-centro-derecha-tras-inhabilitacion-de-evo-morales\/#primaryimage"},"image":{"@id":"https:\/\/pulso27.com\/internacional\/bolivia-elige-a-rodrigo-paz-como-presidente-retorna-la-centro-derecha-tras-inhabilitacion-de-evo-morales\/#primaryimage"},"thumbnailUrl":"https:\/\/pulso27.com\/wp-content\/uploads\/2025\/10\/Paz.png","datePublished":"2025-10-22T17:52:36+00:00","dateModified":"2025-10-22T17:52:42+00:00","breadcrumb":{"@id":"https:\/\/pulso27.com\/internacional\/bolivia-elige-a-rodrigo-paz-como-presidente-retorna-la-centro-derecha-tras-inhabilitacion-de-evo-morales\/#breadcrumb"},"inLanguage":"en-US","potentialAction":[{"@type":"ReadAction","target":["https:\/\/pulso27.com\/internacional\/bolivia-elige-a-rodrigo-paz-como-presidente-retorna-la-centro-derecha-tras-inhabilitacion-de-evo-morales\/"]}]},{"@type":"ImageObject","inLanguage":"en-US","@id":"https:\/\/pulso27.com\/internacional\/bolivia-elige-a-rodrigo-paz-como-presidente-retorna-la-centro-derecha-tras-inhabilitacion-de-evo-morales\/#primaryimage","url":"https:\/\/pulso27.com\/wp-content\/uploads\/2025\/10\/Paz.png","contentUrl":"https:\/\/pulso27.com\/wp-content\/uploads\/2025\/10\/Paz.png","width":1280,"height":800},{"@type":"BreadcrumbList","@id":"https:\/\/pulso27.com\/internacional\/bolivia-elige-a-rodrigo-paz-como-presidente-retorna-la-centro-derecha-tras-inhabilitacion-de-evo-morales\/#breadcrumb","itemListElement":[{"@type":"ListItem","position":1,"name":"Portada","item":"https:\/\/pulso27.com\/"},{"@type":"ListItem","position":2,"name":"Bolivia elige a Rodrigo Paz como presidente: retorna la centro-derecha tras inhabilitaci\u00f3n de Evo Morales"}]},{"@type":"WebSite","@id":"https:\/\/pulso27.com\/en\/#website","url":"https:\/\/pulso27.com\/en\/","name":"Pulso27","description":"Web de noticias y publicidad","publisher":{"@id":"https:\/\/pulso27.com\/en\/#organization"},"alternateName":"El pulso del pueblo","potentialAction":[{"@type":"SearchAction","target":{"@type":"EntryPoint","urlTemplate":"https:\/\/pulso27.com\/en\/?s={search_term_string}"},"query-input":{"@type":"PropertyValueSpecification","valueRequired":true,"valueName":"search_term_string"}}],"inLanguage":"en-US"},{"@type":"Organization","@id":"https:\/\/pulso27.com\/en\/#organization","name":"Pulso27","url":"https:\/\/pulso27.com\/en\/","logo":{"@type":"ImageObject","inLanguage":"en-US","@id":"https:\/\/pulso27.com\/en\/#\/schema\/logo\/image\/","url":"https:\/\/pulso27.com\/wp-content\/uploads\/2026\/02\/Logotipo-de-la-organizacion-696-x-696-px-ok.png","contentUrl":"https:\/\/pulso27.com\/wp-content\/uploads\/2026\/02\/Logotipo-de-la-organizacion-696-x-696-px-ok.png","width":696,"height":696,"caption":"Pulso27"},"image":{"@id":"https:\/\/pulso27.com\/en\/#\/schema\/logo\/image\/"},"sameAs":["https:\/\/www.facebook.com\/pulso27\/","https:\/\/x.com\/Pulso_27","https:\/\/www.youtube.com\/@Pulso27","https:\/\/www.tiktok.com\/@pulso_27"]},{"@type":"Person","@id":"https:\/\/pulso27.com\/en\/#\/schema\/person\/df15ecbcbba89b8627097bc602dc9e15","name":"admin","image":{"@type":"ImageObject","inLanguage":"en-US","@id":"https:\/\/secure.gravatar.com\/avatar\/828f4a09ba8ce37cfca622f580fec4411ddb2550515ba4e452fa5d850713b8d1?s=96&d=mm&r=g","url":"https:\/\/secure.gravatar.com\/avatar\/828f4a09ba8ce37cfca622f580fec4411ddb2550515ba4e452fa5d850713b8d1?s=96&d=mm&r=g","contentUrl":"https:\/\/secure.gravatar.com\/avatar\/828f4a09ba8ce37cfca622f580fec4411ddb2550515ba4e452fa5d850713b8d1?s=96&d=mm&r=g","caption":"admin"},"sameAs":["http:\/\/www.pulso27.com"],"url":"https:\/\/pulso27.com\/en\/author\/admin-2\/"}]}},"amp_enabled":true,"_links":{"self":[{"href":"https:\/\/pulso27.com\/en\/wp-json\/wp\/v2\/posts\/6598","targetHints":{"allow":["GET"]}}],"collection":[{"href":"https:\/\/pulso27.com\/en\/wp-json\/wp\/v2\/posts"}],"about":[{"href":"https:\/\/pulso27.com\/en\/wp-json\/wp\/v2\/types\/post"}],"author":[{"embeddable":true,"href":"https:\/\/pulso27.com\/en\/wp-json\/wp\/v2\/users\/5"}],"replies":[{"embeddable":true,"href":"https:\/\/pulso27.com\/en\/wp-json\/wp\/v2\/comments?post=6598"}],"version-history":[{"count":1,"href":"https:\/\/pulso27.com\/en\/wp-json\/wp\/v2\/posts\/6598\/revisions"}],"predecessor-version":[{"id":6603,"href":"https:\/\/pulso27.com\/en\/wp-json\/wp\/v2\/posts\/6598\/revisions\/6603"}],"wp:featuredmedia":[{"embeddable":true,"href":"https:\/\/pulso27.com\/en\/wp-json\/wp\/v2\/media\/6599"}],"wp:attachment":[{"href":"https:\/\/pulso27.com\/en\/wp-json\/wp\/v2\/media?parent=6598"}],"wp:term":[{"taxonomy":"category","embeddable":true,"href":"https:\/\/pulso27.com\/en\/wp-json\/wp\/v2\/categories?post=6598"},{"taxonomy":"post_tag","embeddable":true,"href":"https:\/\/pulso27.com\/en\/wp-json\/wp\/v2\/tags?post=6598"}],"curies":[{"name":"wp","href":"https:\/\/api.w.org\/{rel}","templated":true}]}}