{"id":6638,"date":"2025-10-26T09:48:52","date_gmt":"2025-10-26T04:48:52","guid":{"rendered":"https:\/\/pulso27.com\/?p=6638"},"modified":"2025-10-26T09:49:17","modified_gmt":"2025-10-26T04:49:17","slug":"condenan-a-15-anos-a-bermejo-justicia-o-revancha-selectiva","status":"publish","type":"post","link":"https:\/\/pulso27.com\/en\/actualidad\/politica\/condenan-a-15-anos-a-bermejo-justicia-o-revancha-selectiva\/","title":{"rendered":"Condenan a 15 a\u00f1os a Bermejo: \u00bfjusticia o revancha selectiva?"},"content":{"rendered":"<p>El congresista Guillermo Bermejo fue sentenciado este 24 de octubre a 15 a\u00f1os de prisi\u00f3n efectiva por afiliaci\u00f3n al terrorismo, en un tercer juicio que revierte dos absoluciones previas anuladas por la Corte Suprema. La Tercera Sala Penal Superior Nacional Liquidadora Transitoria valid\u00f3 testimonios de colaboradores eficaces y fotos de 2008-2009 en el VRAEM, donde Bermejo habr\u00eda sido \u201ccamarada Che\u201d. Sin embargo, la defensa denuncia que no hay pruebas nuevas y que el caso se reactiv\u00f3 tras su precandidatura presidencial con Venceremos, alimentando sospechas de lawfare para sacarlo del tablero electoral.<\/p>\n\n\n\n<p><strong>Progresismo clama persecuci\u00f3n; derecha exige vacancia inmediata.<\/strong><\/p>\n\n\n\n<p>Guido Bellido habl\u00f3 de \u201cjuez a la medida\u201d, Sigrid Baz\u00e1n de \u201cjusticia con sa\u00f1a selectiva\u201d y la Bancada Socialista de \u201cterruqueo institucionalizado\u201d. Mientras, Patricia Ju\u00e1rez (Fuerza Popular) celebr\u00f3 el fallo y pidi\u00f3 vacancia sin accesitario, alegando delito grave. La polarizaci\u00f3n estalla: un 68% de peruanos rechaza congresistas con antecedentes, pero el 62% duda de la imparcialidad judicial en casos pol\u00edticos, seg\u00fan Datum. El Congreso debate si Zaira Arias asumir\u00e1 la curul o si Bermejo apelar\u00e1 internacionalmente antes de ingresar al penal.<\/p>\n\n\n\n<p><strong>Un fallo que huele a vendetta y debilita la democracia.<\/strong><\/p>\n\n\n\n<p>Tres juicios, dos absoluciones anuladas y una condena repentina cuando Bermejo amenazaba al statu quo: el patr\u00f3n es conocido. La sentencia llega en plena campa\u00f1a electoral y con el Ejecutivo acorralado por protestas; silenciar a un cr\u00edtico del progresismo parece prioridad. Si la justicia peruana quiere credibilidad, debe explicar por qu\u00e9 las mismas pruebas valieron absoluci\u00f3n dos veces y ahora 15 a\u00f1os.<\/p>","protected":false},"excerpt":{"rendered":"<p>El congresista Guillermo Bermejo fue sentenciado este 24 de octubre a 15 a\u00f1os de prisi\u00f3n efectiva por afiliaci\u00f3n al terrorismo, en un tercer juicio que revierte dos absoluciones previas anuladas por la Corte Suprema. La Tercera Sala Penal Superior Nacional Liquidadora Transitoria valid\u00f3 testimonios de colaboradores eficaces y fotos de 2008-2009 en el VRAEM, donde [&hellip;]<\/p>\n","protected":false},"author":7,"featured_media":6639,"comment_status":"open","ping_status":"open","sticky":false,"template":"","format":"standard","meta":{"footnotes":""},"categories":[183,174,180],"tags":[2563,2564,2565],"class_list":["post-6638","post","type-post","status-publish","format-standard","has-post-thumbnail","hentry","category-actualidad","category-nacional","category-politica","tag-guillermo-bermejo","tag-sentenciados","tag-terrorismo"],"yoast_head":"<!-- This site is optimized with the Yoast SEO plugin v27.4 - https:\/\/yoast.com\/product\/yoast-seo-wordpress\/ -->\n<title>Condenan a 15 a\u00f1os a Bermejo: \u00bfjusticia o revancha selectiva? - Pulso27<\/title>\n<meta name=\"robots\" content=\"index, follow, max-snippet:-1, max-image-preview:large, max-video-preview:-1\" \/>\n<link rel=\"canonical\" href=\"https:\/\/pulso27.com\/en\/actualidad\/politica\/condenan-a-15-anos-a-bermejo-justicia-o-revancha-selectiva\/\" \/>\n<meta property=\"og:locale\" content=\"en_US\" \/>\n<meta property=\"og:type\" content=\"article\" \/>\n<meta property=\"og:title\" content=\"Condenan a 15 a\u00f1os a Bermejo: \u00bfjusticia o revancha selectiva? - Pulso27\" \/>\n<meta property=\"og:description\" content=\"El congresista Guillermo Bermejo fue sentenciado este 24 de octubre a 15 a\u00f1os de prisi\u00f3n efectiva por afiliaci\u00f3n al terrorismo, en un tercer juicio que revierte dos absoluciones previas anuladas por la Corte Suprema. La Tercera Sala Penal Superior Nacional Liquidadora Transitoria valid\u00f3 testimonios de colaboradores eficaces y fotos de 2008-2009 en el VRAEM, donde [&hellip;]\" \/>\n<meta property=\"og:url\" content=\"https:\/\/pulso27.com\/en\/actualidad\/politica\/condenan-a-15-anos-a-bermejo-justicia-o-revancha-selectiva\/\" \/>\n<meta property=\"og:site_name\" content=\"Pulso27\" \/>\n<meta property=\"article:publisher\" content=\"https:\/\/www.facebook.com\/pulso27\/\" \/>\n<meta property=\"article:published_time\" content=\"2025-10-26T04:48:52+00:00\" \/>\n<meta property=\"article:modified_time\" content=\"2025-10-26T04:49:17+00:00\" \/>\n<meta property=\"og:image\" content=\"https:\/\/pulso27.com\/wp-content\/uploads\/2025\/10\/Bermejo.png\" \/>\n\t<meta property=\"og:image:width\" content=\"1200\" \/>\n\t<meta property=\"og:image:height\" content=\"800\" \/>\n\t<meta property=\"og:image:type\" content=\"image\/png\" \/>\n<meta name=\"author\" content=\"Tupaq\" \/>\n<meta name=\"twitter:card\" content=\"summary_large_image\" \/>\n<meta name=\"twitter:creator\" content=\"@Pulso_27\" \/>\n<meta name=\"twitter:site\" content=\"@Pulso_27\" \/>\n<meta name=\"twitter:label1\" content=\"Written by\" \/>\n\t<meta name=\"twitter:data1\" content=\"Tupaq\" \/>\n\t<meta name=\"twitter:label2\" content=\"Est. reading time\" \/>\n\t<meta name=\"twitter:data2\" content=\"2 minutes\" \/>\n<script type=\"application\/ld+json\" class=\"yoast-schema-graph\">{\"@context\":\"https:\\\/\\\/schema.org\",\"@graph\":[{\"@type\":\"Article\",\"@id\":\"https:\\\/\\\/pulso27.com\\\/actualidad\\\/politica\\\/condenan-a-15-anos-a-bermejo-justicia-o-revancha-selectiva\\\/#article\",\"isPartOf\":{\"@id\":\"https:\\\/\\\/pulso27.com\\\/actualidad\\\/politica\\\/condenan-a-15-anos-a-bermejo-justicia-o-revancha-selectiva\\\/\"},\"author\":{\"name\":\"Tupaq\",\"@id\":\"https:\\\/\\\/pulso27.com\\\/en\\\/#\\\/schema\\\/person\\\/d20fd7f5bc7f2e53fd150d43fca07a78\"},\"headline\":\"Condenan a 15 a\u00f1os a Bermejo: \u00bfjusticia o revancha selectiva?\",\"datePublished\":\"2025-10-26T04:48:52+00:00\",\"dateModified\":\"2025-10-26T04:49:17+00:00\",\"mainEntityOfPage\":{\"@id\":\"https:\\\/\\\/pulso27.com\\\/actualidad\\\/politica\\\/condenan-a-15-anos-a-bermejo-justicia-o-revancha-selectiva\\\/\"},\"wordCount\":272,\"commentCount\":0,\"publisher\":{\"@id\":\"https:\\\/\\\/pulso27.com\\\/en\\\/#organization\"},\"image\":{\"@id\":\"https:\\\/\\\/pulso27.com\\\/actualidad\\\/politica\\\/condenan-a-15-anos-a-bermejo-justicia-o-revancha-selectiva\\\/#primaryimage\"},\"thumbnailUrl\":\"https:\\\/\\\/pulso27.com\\\/wp-content\\\/uploads\\\/2025\\\/10\\\/Bermejo.png\",\"keywords\":[\"Guillermo Bermejo\",\"Sentenciados\",\"Terrorismo\"],\"articleSection\":[\"Actualidad\",\"Nacional\",\"Pol\u00edtica\"],\"inLanguage\":\"en-US\",\"potentialAction\":[{\"@type\":\"CommentAction\",\"name\":\"Comment\",\"target\":[\"https:\\\/\\\/pulso27.com\\\/actualidad\\\/politica\\\/condenan-a-15-anos-a-bermejo-justicia-o-revancha-selectiva\\\/#respond\"]}]},{\"@type\":\"WebPage\",\"@id\":\"https:\\\/\\\/pulso27.com\\\/actualidad\\\/politica\\\/condenan-a-15-anos-a-bermejo-justicia-o-revancha-selectiva\\\/\",\"url\":\"https:\\\/\\\/pulso27.com\\\/actualidad\\\/politica\\\/condenan-a-15-anos-a-bermejo-justicia-o-revancha-selectiva\\\/\",\"name\":\"Condenan a 15 a\u00f1os a Bermejo: \u00bfjusticia o revancha selectiva? - Pulso27\",\"isPartOf\":{\"@id\":\"https:\\\/\\\/pulso27.com\\\/en\\\/#website\"},\"primaryImageOfPage\":{\"@id\":\"https:\\\/\\\/pulso27.com\\\/actualidad\\\/politica\\\/condenan-a-15-anos-a-bermejo-justicia-o-revancha-selectiva\\\/#primaryimage\"},\"image\":{\"@id\":\"https:\\\/\\\/pulso27.com\\\/actualidad\\\/politica\\\/condenan-a-15-anos-a-bermejo-justicia-o-revancha-selectiva\\\/#primaryimage\"},\"thumbnailUrl\":\"https:\\\/\\\/pulso27.com\\\/wp-content\\\/uploads\\\/2025\\\/10\\\/Bermejo.png\",\"datePublished\":\"2025-10-26T04:48:52+00:00\",\"dateModified\":\"2025-10-26T04:49:17+00:00\",\"breadcrumb\":{\"@id\":\"https:\\\/\\\/pulso27.com\\\/actualidad\\\/politica\\\/condenan-a-15-anos-a-bermejo-justicia-o-revancha-selectiva\\\/#breadcrumb\"},\"inLanguage\":\"en-US\",\"potentialAction\":[{\"@type\":\"ReadAction\",\"target\":[\"https:\\\/\\\/pulso27.com\\\/actualidad\\\/politica\\\/condenan-a-15-anos-a-bermejo-justicia-o-revancha-selectiva\\\/\"]}]},{\"@type\":\"ImageObject\",\"inLanguage\":\"en-US\",\"@id\":\"https:\\\/\\\/pulso27.com\\\/actualidad\\\/politica\\\/condenan-a-15-anos-a-bermejo-justicia-o-revancha-selectiva\\\/#primaryimage\",\"url\":\"https:\\\/\\\/pulso27.com\\\/wp-content\\\/uploads\\\/2025\\\/10\\\/Bermejo.png\",\"contentUrl\":\"https:\\\/\\\/pulso27.com\\\/wp-content\\\/uploads\\\/2025\\\/10\\\/Bermejo.png\",\"width\":1200,\"height\":800},{\"@type\":\"BreadcrumbList\",\"@id\":\"https:\\\/\\\/pulso27.com\\\/actualidad\\\/politica\\\/condenan-a-15-anos-a-bermejo-justicia-o-revancha-selectiva\\\/#breadcrumb\",\"itemListElement\":[{\"@type\":\"ListItem\",\"position\":1,\"name\":\"Portada\",\"item\":\"https:\\\/\\\/pulso27.com\\\/\"},{\"@type\":\"ListItem\",\"position\":2,\"name\":\"Condenan a 15 a\u00f1os a Bermejo: \u00bfjusticia o revancha selectiva?\"}]},{\"@type\":\"WebSite\",\"@id\":\"https:\\\/\\\/pulso27.com\\\/en\\\/#website\",\"url\":\"https:\\\/\\\/pulso27.com\\\/en\\\/\",\"name\":\"Pulso27\",\"description\":\"Web de noticias y publicidad\",\"publisher\":{\"@id\":\"https:\\\/\\\/pulso27.com\\\/en\\\/#organization\"},\"alternateName\":\"El pulso del pueblo\",\"potentialAction\":[{\"@type\":\"SearchAction\",\"target\":{\"@type\":\"EntryPoint\",\"urlTemplate\":\"https:\\\/\\\/pulso27.com\\\/en\\\/?s={search_term_string}\"},\"query-input\":{\"@type\":\"PropertyValueSpecification\",\"valueRequired\":true,\"valueName\":\"search_term_string\"}}],\"inLanguage\":\"en-US\"},{\"@type\":\"Organization\",\"@id\":\"https:\\\/\\\/pulso27.com\\\/en\\\/#organization\",\"name\":\"Pulso27\",\"url\":\"https:\\\/\\\/pulso27.com\\\/en\\\/\",\"logo\":{\"@type\":\"ImageObject\",\"inLanguage\":\"en-US\",\"@id\":\"https:\\\/\\\/pulso27.com\\\/en\\\/#\\\/schema\\\/logo\\\/image\\\/\",\"url\":\"https:\\\/\\\/pulso27.com\\\/wp-content\\\/uploads\\\/2026\\\/02\\\/Logotipo-de-la-organizacion-696-x-696-px-ok.png\",\"contentUrl\":\"https:\\\/\\\/pulso27.com\\\/wp-content\\\/uploads\\\/2026\\\/02\\\/Logotipo-de-la-organizacion-696-x-696-px-ok.png\",\"width\":696,\"height\":696,\"caption\":\"Pulso27\"},\"image\":{\"@id\":\"https:\\\/\\\/pulso27.com\\\/en\\\/#\\\/schema\\\/logo\\\/image\\\/\"},\"sameAs\":[\"https:\\\/\\\/www.facebook.com\\\/pulso27\\\/\",\"https:\\\/\\\/x.com\\\/Pulso_27\",\"https:\\\/\\\/www.youtube.com\\\/@Pulso27\",\"https:\\\/\\\/www.tiktok.com\\\/@pulso_27\"]},{\"@type\":\"Person\",\"@id\":\"https:\\\/\\\/pulso27.com\\\/en\\\/#\\\/schema\\\/person\\\/d20fd7f5bc7f2e53fd150d43fca07a78\",\"name\":\"Tupaq\",\"image\":{\"@type\":\"ImageObject\",\"inLanguage\":\"en-US\",\"@id\":\"https:\\\/\\\/secure.gravatar.com\\\/avatar\\\/7929e9b034aeea560319a601e4f04c59eb5f45a79eafe192adabb67e9604e7e7?s=96&d=mm&r=g\",\"url\":\"https:\\\/\\\/secure.gravatar.com\\\/avatar\\\/7929e9b034aeea560319a601e4f04c59eb5f45a79eafe192adabb67e9604e7e7?s=96&d=mm&r=g\",\"contentUrl\":\"https:\\\/\\\/secure.gravatar.com\\\/avatar\\\/7929e9b034aeea560319a601e4f04c59eb5f45a79eafe192adabb67e9604e7e7?s=96&d=mm&r=g\",\"caption\":\"Tupaq\"},\"url\":\"https:\\\/\\\/pulso27.com\\\/en\\\/author\\\/tupaq\\\/\"}]}<\/script>\n<!-- \/ Yoast SEO plugin. -->","yoast_head_json":{"title":"Condenan a 15 a\u00f1os a Bermejo: \u00bfjusticia o revancha selectiva? - Pulso27","robots":{"index":"index","follow":"follow","max-snippet":"max-snippet:-1","max-image-preview":"max-image-preview:large","max-video-preview":"max-video-preview:-1"},"canonical":"https:\/\/pulso27.com\/en\/actualidad\/politica\/condenan-a-15-anos-a-bermejo-justicia-o-revancha-selectiva\/","og_locale":"en_US","og_type":"article","og_title":"Condenan a 15 a\u00f1os a Bermejo: \u00bfjusticia o revancha selectiva? - Pulso27","og_description":"El congresista Guillermo Bermejo fue sentenciado este 24 de octubre a 15 a\u00f1os de prisi\u00f3n efectiva por afiliaci\u00f3n al terrorismo, en un tercer juicio que revierte dos absoluciones previas anuladas por la Corte Suprema. La Tercera Sala Penal Superior Nacional Liquidadora Transitoria valid\u00f3 testimonios de colaboradores eficaces y fotos de 2008-2009 en el VRAEM, donde [&hellip;]","og_url":"https:\/\/pulso27.com\/en\/actualidad\/politica\/condenan-a-15-anos-a-bermejo-justicia-o-revancha-selectiva\/","og_site_name":"Pulso27","article_publisher":"https:\/\/www.facebook.com\/pulso27\/","article_published_time":"2025-10-26T04:48:52+00:00","article_modified_time":"2025-10-26T04:49:17+00:00","og_image":[{"width":1200,"height":800,"url":"https:\/\/pulso27.com\/wp-content\/uploads\/2025\/10\/Bermejo.png","type":"image\/png"}],"author":"Tupaq","twitter_card":"summary_large_image","twitter_creator":"@Pulso_27","twitter_site":"@Pulso_27","twitter_misc":{"Written by":"Tupaq","Est. reading time":"2 minutes"},"schema":{"@context":"https:\/\/schema.org","@graph":[{"@type":"Article","@id":"https:\/\/pulso27.com\/actualidad\/politica\/condenan-a-15-anos-a-bermejo-justicia-o-revancha-selectiva\/#article","isPartOf":{"@id":"https:\/\/pulso27.com\/actualidad\/politica\/condenan-a-15-anos-a-bermejo-justicia-o-revancha-selectiva\/"},"author":{"name":"Tupaq","@id":"https:\/\/pulso27.com\/en\/#\/schema\/person\/d20fd7f5bc7f2e53fd150d43fca07a78"},"headline":"Condenan a 15 a\u00f1os a Bermejo: \u00bfjusticia o revancha selectiva?","datePublished":"2025-10-26T04:48:52+00:00","dateModified":"2025-10-26T04:49:17+00:00","mainEntityOfPage":{"@id":"https:\/\/pulso27.com\/actualidad\/politica\/condenan-a-15-anos-a-bermejo-justicia-o-revancha-selectiva\/"},"wordCount":272,"commentCount":0,"publisher":{"@id":"https:\/\/pulso27.com\/en\/#organization"},"image":{"@id":"https:\/\/pulso27.com\/actualidad\/politica\/condenan-a-15-anos-a-bermejo-justicia-o-revancha-selectiva\/#primaryimage"},"thumbnailUrl":"https:\/\/pulso27.com\/wp-content\/uploads\/2025\/10\/Bermejo.png","keywords":["Guillermo Bermejo","Sentenciados","Terrorismo"],"articleSection":["Actualidad","Nacional","Pol\u00edtica"],"inLanguage":"en-US","potentialAction":[{"@type":"CommentAction","name":"Comment","target":["https:\/\/pulso27.com\/actualidad\/politica\/condenan-a-15-anos-a-bermejo-justicia-o-revancha-selectiva\/#respond"]}]},{"@type":"WebPage","@id":"https:\/\/pulso27.com\/actualidad\/politica\/condenan-a-15-anos-a-bermejo-justicia-o-revancha-selectiva\/","url":"https:\/\/pulso27.com\/actualidad\/politica\/condenan-a-15-anos-a-bermejo-justicia-o-revancha-selectiva\/","name":"Condenan a 15 a\u00f1os a Bermejo: \u00bfjusticia o revancha selectiva? - Pulso27","isPartOf":{"@id":"https:\/\/pulso27.com\/en\/#website"},"primaryImageOfPage":{"@id":"https:\/\/pulso27.com\/actualidad\/politica\/condenan-a-15-anos-a-bermejo-justicia-o-revancha-selectiva\/#primaryimage"},"image":{"@id":"https:\/\/pulso27.com\/actualidad\/politica\/condenan-a-15-anos-a-bermejo-justicia-o-revancha-selectiva\/#primaryimage"},"thumbnailUrl":"https:\/\/pulso27.com\/wp-content\/uploads\/2025\/10\/Bermejo.png","datePublished":"2025-10-26T04:48:52+00:00","dateModified":"2025-10-26T04:49:17+00:00","breadcrumb":{"@id":"https:\/\/pulso27.com\/actualidad\/politica\/condenan-a-15-anos-a-bermejo-justicia-o-revancha-selectiva\/#breadcrumb"},"inLanguage":"en-US","potentialAction":[{"@type":"ReadAction","target":["https:\/\/pulso27.com\/actualidad\/politica\/condenan-a-15-anos-a-bermejo-justicia-o-revancha-selectiva\/"]}]},{"@type":"ImageObject","inLanguage":"en-US","@id":"https:\/\/pulso27.com\/actualidad\/politica\/condenan-a-15-anos-a-bermejo-justicia-o-revancha-selectiva\/#primaryimage","url":"https:\/\/pulso27.com\/wp-content\/uploads\/2025\/10\/Bermejo.png","contentUrl":"https:\/\/pulso27.com\/wp-content\/uploads\/2025\/10\/Bermejo.png","width":1200,"height":800},{"@type":"BreadcrumbList","@id":"https:\/\/pulso27.com\/actualidad\/politica\/condenan-a-15-anos-a-bermejo-justicia-o-revancha-selectiva\/#breadcrumb","itemListElement":[{"@type":"ListItem","position":1,"name":"Portada","item":"https:\/\/pulso27.com\/"},{"@type":"ListItem","position":2,"name":"Condenan a 15 a\u00f1os a Bermejo: \u00bfjusticia o revancha selectiva?"}]},{"@type":"WebSite","@id":"https:\/\/pulso27.com\/en\/#website","url":"https:\/\/pulso27.com\/en\/","name":"Pulso27","description":"Web de noticias y publicidad","publisher":{"@id":"https:\/\/pulso27.com\/en\/#organization"},"alternateName":"El pulso del pueblo","potentialAction":[{"@type":"SearchAction","target":{"@type":"EntryPoint","urlTemplate":"https:\/\/pulso27.com\/en\/?s={search_term_string}"},"query-input":{"@type":"PropertyValueSpecification","valueRequired":true,"valueName":"search_term_string"}}],"inLanguage":"en-US"},{"@type":"Organization","@id":"https:\/\/pulso27.com\/en\/#organization","name":"Pulso27","url":"https:\/\/pulso27.com\/en\/","logo":{"@type":"ImageObject","inLanguage":"en-US","@id":"https:\/\/pulso27.com\/en\/#\/schema\/logo\/image\/","url":"https:\/\/pulso27.com\/wp-content\/uploads\/2026\/02\/Logotipo-de-la-organizacion-696-x-696-px-ok.png","contentUrl":"https:\/\/pulso27.com\/wp-content\/uploads\/2026\/02\/Logotipo-de-la-organizacion-696-x-696-px-ok.png","width":696,"height":696,"caption":"Pulso27"},"image":{"@id":"https:\/\/pulso27.com\/en\/#\/schema\/logo\/image\/"},"sameAs":["https:\/\/www.facebook.com\/pulso27\/","https:\/\/x.com\/Pulso_27","https:\/\/www.youtube.com\/@Pulso27","https:\/\/www.tiktok.com\/@pulso_27"]},{"@type":"Person","@id":"https:\/\/pulso27.com\/en\/#\/schema\/person\/d20fd7f5bc7f2e53fd150d43fca07a78","name":"Tupaq","image":{"@type":"ImageObject","inLanguage":"en-US","@id":"https:\/\/secure.gravatar.com\/avatar\/7929e9b034aeea560319a601e4f04c59eb5f45a79eafe192adabb67e9604e7e7?s=96&d=mm&r=g","url":"https:\/\/secure.gravatar.com\/avatar\/7929e9b034aeea560319a601e4f04c59eb5f45a79eafe192adabb67e9604e7e7?s=96&d=mm&r=g","contentUrl":"https:\/\/secure.gravatar.com\/avatar\/7929e9b034aeea560319a601e4f04c59eb5f45a79eafe192adabb67e9604e7e7?s=96&d=mm&r=g","caption":"Tupaq"},"url":"https:\/\/pulso27.com\/en\/author\/tupaq\/"}]}},"amp_enabled":true,"_links":{"self":[{"href":"https:\/\/pulso27.com\/en\/wp-json\/wp\/v2\/posts\/6638","targetHints":{"allow":["GET"]}}],"collection":[{"href":"https:\/\/pulso27.com\/en\/wp-json\/wp\/v2\/posts"}],"about":[{"href":"https:\/\/pulso27.com\/en\/wp-json\/wp\/v2\/types\/post"}],"author":[{"embeddable":true,"href":"https:\/\/pulso27.com\/en\/wp-json\/wp\/v2\/users\/7"}],"replies":[{"embeddable":true,"href":"https:\/\/pulso27.com\/en\/wp-json\/wp\/v2\/comments?post=6638"}],"version-history":[{"count":1,"href":"https:\/\/pulso27.com\/en\/wp-json\/wp\/v2\/posts\/6638\/revisions"}],"predecessor-version":[{"id":6643,"href":"https:\/\/pulso27.com\/en\/wp-json\/wp\/v2\/posts\/6638\/revisions\/6643"}],"wp:featuredmedia":[{"embeddable":true,"href":"https:\/\/pulso27.com\/en\/wp-json\/wp\/v2\/media\/6639"}],"wp:attachment":[{"href":"https:\/\/pulso27.com\/en\/wp-json\/wp\/v2\/media?parent=6638"}],"wp:term":[{"taxonomy":"category","embeddable":true,"href":"https:\/\/pulso27.com\/en\/wp-json\/wp\/v2\/categories?post=6638"},{"taxonomy":"post_tag","embeddable":true,"href":"https:\/\/pulso27.com\/en\/wp-json\/wp\/v2\/tags?post=6638"}],"curies":[{"name":"wp","href":"https:\/\/api.w.org\/{rel}","templated":true}]}}