{"id":6704,"date":"2025-11-01T10:48:11","date_gmt":"2025-11-01T05:48:11","guid":{"rendered":"https:\/\/pulso27.com\/?p=6704"},"modified":"2025-11-01T10:48:18","modified_gmt":"2025-11-01T05:48:18","slug":"partidos-politicos-inscriben-planchas-presidenciales-ante-organos-internos-de-cara-a-elecciones-2026","status":"publish","type":"post","link":"https:\/\/pulso27.com\/en\/actualidad\/partidos-politicos-inscriben-planchas-presidenciales-ante-organos-internos-de-cara-a-elecciones-2026\/","title":{"rendered":"Partidos Pol\u00edticos Inscriben Planchas Presidenciales ante \u00d3rganos Internos de Cara a Elecciones 2026"},"content":{"rendered":"<p>Lima, 31 de octubre de 2025.- En cumplimiento del cronograma electoral establecido por el Jurado Nacional de Elecciones (JNE), diversos partidos y alianzas pol\u00edticas del Per\u00fa presentaron este viernes sus planchas presidenciales y listas de precandidatos ante sus respectivos \u00f3rganos electorales internos. Esta inscripci\u00f3n, que vence hoy, marca un paso clave en la preparaci\u00f3n de las elecciones primarias programadas para noviembre y diciembre, previas a los comicios generales del 12 de abril de 2026. La medida responde a la nueva normativa que elimina las elecciones primarias abiertas, obligando a las organizaciones a seleccionar internamente a sus representantes para el per\u00edodo 2026-2031.<\/p>\n\n\n\n<p>Entre las planchas destacadas se encuentra la de Renovaci\u00f3n Popular, encabezada por el exalcalde de Lima Rafael L\u00f3pez Aliaga, quien aspira a la Presidencia acompa\u00f1ada de una f\u00f3rmula que incluye figuras como el ingeniero industrial Juan Carlos Ramos Malpica en la primera vicepresidencia. De igual modo, Fuerza Popular inscribi\u00f3 a Keiko Fujimori como precandidata principal, con Luis Galarreta y Miki Torres como posibles vicepresidentes, y Luis Alberto Oliden en un rol accesitario. Estas inscripciones buscan consolidar la presencia de la derecha en el Congreso, seg\u00fan fuentes partidarias consultadas.<\/p>\n\n\n\n<p>Avanza Pa\u00eds present\u00f3 la plancha liderada por el periodista Phillip Butters Rivadeneira, mientras que Ahora Naci\u00f3n oficializ\u00f3 la candidatura de Alfonso L\u00f3pez Chau, con Luis Alberto Villanueva Carbajal como primer vicepresidente y Ruth Buend\u00eda Mestoquiari en la segunda posici\u00f3n. Por su parte, Pa\u00eds para Todos inscribi\u00f3 al humorista Carlos \u00c1lvarez al frente de su f\u00f3rmula, en un esfuerzo por diversificar las opciones conservadoras. Alianza para el Progreso (APP) tambi\u00e9n avanz\u00f3 con C\u00e9sar Acu\u00f1a como precandidato, y Somos Per\u00fa respald\u00f3 nuevamente a George Forsyth, confirmando su continuidad en la contienda.<\/p>\n\n\n\n<p>En el espectro de centro, Acci\u00f3n Popular registr\u00f3 seis f\u00f3rmulas presidenciales para competir en sus internas, incluyendo nombres como los de sus principales militantes, con elecciones programadas para el 30 de noviembre entre afiliados y el 7 de diciembre entre delegados. Per\u00fa Primero opt\u00f3 por una plancha encabezada por Mario Vizcarra, hermano del exmandatario, en medio de debates sobre posibles inhabilitaciones. Otras agrupaciones como el Partido Popular Cristiano (PPC) en alianza con Unidad y Paz postularon a Roberto Chiabra, y Fe en el Per\u00fa a \u00c1lvaro Paz de la Barra, ampliando el abanico de opciones disponibles. En el \u00e1mbito de la izquierda, Juntos por el Per\u00fa present\u00f3 la plancha liderada por el congresista Roberto S\u00e1nchez Palomino, acompa\u00f1ado de la abogada Anal\u00ed M\u00e1rquez Huanca en la primera vicepresidencia y Br\u00edgida Curo en la segunda, respaldada por el expresidente Pedro Castillo durante una audiencia judicial.<\/p>\n\n\n\n<p>La alianza Venceremos, integrada por Nuevo Per\u00fa por el Buen Vivir y Voces del Pueblo, inscribi\u00f3 la plancha encabezada por el abogado Ronald Atencio, quien asumi\u00f3 la precandidatura tras la condena del congresista Guillermo Bermejo por afiliaci\u00f3n a organizaci\u00f3n terrorista, dejando expedita la f\u00f3rmula que incluye a Vicente Alanoca como alternativa inicial. El JNE supervisar\u00e1 el proceso de validaci\u00f3n de estas inscripciones, con un plazo para apelaciones hasta el 13 de marzo de 2026 y la inscripci\u00f3n formal de candidaturas el 14 de marzo. <\/p>","protected":false},"excerpt":{"rendered":"<p>Lima, 31 de octubre de 2025.- En cumplimiento del cronograma electoral establecido por el Jurado Nacional de Elecciones (JNE), diversos partidos y alianzas pol\u00edticas del Per\u00fa presentaron este viernes sus planchas presidenciales y listas de precandidatos ante sus respectivos \u00f3rganos electorales internos. Esta inscripci\u00f3n, que vence hoy, marca un paso clave en la preparaci\u00f3n de [&hellip;]<\/p>\n","protected":false},"author":7,"featured_media":6705,"comment_status":"open","ping_status":"open","sticky":false,"template":"","format":"standard","meta":{"footnotes":""},"categories":[183,174,180,1852],"tags":[2226,601,2185,603],"class_list":["post-6704","post","type-post","status-publish","format-standard","has-post-thumbnail","hentry","category-actualidad","category-nacional","category-politica","category-tendencia","tag-elecciones2026","tag-jne","tag-onpe","tag-partidos-politicos"],"yoast_head":"<!-- This site is optimized with the Yoast SEO plugin v27.4 - https:\/\/yoast.com\/product\/yoast-seo-wordpress\/ -->\n<title>Partidos Pol\u00edticos Inscriben Planchas Presidenciales ante \u00d3rganos Internos de Cara a Elecciones 2026 - Pulso27<\/title>\n<meta name=\"robots\" content=\"index, follow, max-snippet:-1, max-image-preview:large, max-video-preview:-1\" \/>\n<link rel=\"canonical\" href=\"https:\/\/pulso27.com\/en\/actualidad\/partidos-politicos-inscriben-planchas-presidenciales-ante-organos-internos-de-cara-a-elecciones-2026\/\" \/>\n<meta property=\"og:locale\" content=\"en_US\" \/>\n<meta property=\"og:type\" content=\"article\" \/>\n<meta property=\"og:title\" content=\"Partidos Pol\u00edticos Inscriben Planchas Presidenciales ante \u00d3rganos Internos de Cara a Elecciones 2026 - Pulso27\" \/>\n<meta property=\"og:description\" content=\"Lima, 31 de octubre de 2025.- En cumplimiento del cronograma electoral establecido por el Jurado Nacional de Elecciones (JNE), diversos partidos y alianzas pol\u00edticas del Per\u00fa presentaron este viernes sus planchas presidenciales y listas de precandidatos ante sus respectivos \u00f3rganos electorales internos. Esta inscripci\u00f3n, que vence hoy, marca un paso clave en la preparaci\u00f3n de [&hellip;]\" \/>\n<meta property=\"og:url\" content=\"https:\/\/pulso27.com\/en\/actualidad\/partidos-politicos-inscriben-planchas-presidenciales-ante-organos-internos-de-cara-a-elecciones-2026\/\" \/>\n<meta property=\"og:site_name\" content=\"Pulso27\" \/>\n<meta property=\"article:publisher\" content=\"https:\/\/www.facebook.com\/pulso27\/\" \/>\n<meta property=\"article:published_time\" content=\"2025-11-01T05:48:11+00:00\" \/>\n<meta property=\"article:modified_time\" content=\"2025-11-01T05:48:18+00:00\" \/>\n<meta property=\"og:image\" content=\"https:\/\/pulso27.com\/wp-content\/uploads\/2025\/11\/JNE.png\" \/>\n\t<meta property=\"og:image:width\" content=\"1228\" \/>\n\t<meta property=\"og:image:height\" content=\"800\" \/>\n\t<meta property=\"og:image:type\" content=\"image\/png\" \/>\n<meta name=\"author\" content=\"Tupaq\" \/>\n<meta name=\"twitter:card\" content=\"summary_large_image\" \/>\n<meta name=\"twitter:creator\" content=\"@Pulso_27\" \/>\n<meta name=\"twitter:site\" content=\"@Pulso_27\" \/>\n<meta name=\"twitter:label1\" content=\"Written by\" \/>\n\t<meta name=\"twitter:data1\" content=\"Tupaq\" \/>\n\t<meta name=\"twitter:label2\" content=\"Est. reading time\" \/>\n\t<meta name=\"twitter:data2\" content=\"3 minutes\" \/>\n<script type=\"application\/ld+json\" class=\"yoast-schema-graph\">{\"@context\":\"https:\\\/\\\/schema.org\",\"@graph\":[{\"@type\":\"Article\",\"@id\":\"https:\\\/\\\/pulso27.com\\\/actualidad\\\/partidos-politicos-inscriben-planchas-presidenciales-ante-organos-internos-de-cara-a-elecciones-2026\\\/#article\",\"isPartOf\":{\"@id\":\"https:\\\/\\\/pulso27.com\\\/actualidad\\\/partidos-politicos-inscriben-planchas-presidenciales-ante-organos-internos-de-cara-a-elecciones-2026\\\/\"},\"author\":{\"name\":\"Tupaq\",\"@id\":\"https:\\\/\\\/pulso27.com\\\/en\\\/#\\\/schema\\\/person\\\/d20fd7f5bc7f2e53fd150d43fca07a78\"},\"headline\":\"Partidos Pol\u00edticos Inscriben Planchas Presidenciales ante \u00d3rganos Internos de Cara a Elecciones 2026\",\"datePublished\":\"2025-11-01T05:48:11+00:00\",\"dateModified\":\"2025-11-01T05:48:18+00:00\",\"mainEntityOfPage\":{\"@id\":\"https:\\\/\\\/pulso27.com\\\/actualidad\\\/partidos-politicos-inscriben-planchas-presidenciales-ante-organos-internos-de-cara-a-elecciones-2026\\\/\"},\"wordCount\":540,\"commentCount\":0,\"publisher\":{\"@id\":\"https:\\\/\\\/pulso27.com\\\/en\\\/#organization\"},\"image\":{\"@id\":\"https:\\\/\\\/pulso27.com\\\/actualidad\\\/partidos-politicos-inscriben-planchas-presidenciales-ante-organos-internos-de-cara-a-elecciones-2026\\\/#primaryimage\"},\"thumbnailUrl\":\"https:\\\/\\\/pulso27.com\\\/wp-content\\\/uploads\\\/2025\\\/11\\\/JNE.png\",\"keywords\":[\"Elecciones2026\",\"JNE\",\"ONPE\",\"Partidos Pol\u00edticos\"],\"articleSection\":[\"Actualidad\",\"Nacional\",\"Pol\u00edtica\",\"Tendencia\"],\"inLanguage\":\"en-US\",\"potentialAction\":[{\"@type\":\"CommentAction\",\"name\":\"Comment\",\"target\":[\"https:\\\/\\\/pulso27.com\\\/actualidad\\\/partidos-politicos-inscriben-planchas-presidenciales-ante-organos-internos-de-cara-a-elecciones-2026\\\/#respond\"]}]},{\"@type\":\"WebPage\",\"@id\":\"https:\\\/\\\/pulso27.com\\\/actualidad\\\/partidos-politicos-inscriben-planchas-presidenciales-ante-organos-internos-de-cara-a-elecciones-2026\\\/\",\"url\":\"https:\\\/\\\/pulso27.com\\\/actualidad\\\/partidos-politicos-inscriben-planchas-presidenciales-ante-organos-internos-de-cara-a-elecciones-2026\\\/\",\"name\":\"Partidos Pol\u00edticos Inscriben Planchas Presidenciales ante \u00d3rganos Internos de Cara a Elecciones 2026 - Pulso27\",\"isPartOf\":{\"@id\":\"https:\\\/\\\/pulso27.com\\\/en\\\/#website\"},\"primaryImageOfPage\":{\"@id\":\"https:\\\/\\\/pulso27.com\\\/actualidad\\\/partidos-politicos-inscriben-planchas-presidenciales-ante-organos-internos-de-cara-a-elecciones-2026\\\/#primaryimage\"},\"image\":{\"@id\":\"https:\\\/\\\/pulso27.com\\\/actualidad\\\/partidos-politicos-inscriben-planchas-presidenciales-ante-organos-internos-de-cara-a-elecciones-2026\\\/#primaryimage\"},\"thumbnailUrl\":\"https:\\\/\\\/pulso27.com\\\/wp-content\\\/uploads\\\/2025\\\/11\\\/JNE.png\",\"datePublished\":\"2025-11-01T05:48:11+00:00\",\"dateModified\":\"2025-11-01T05:48:18+00:00\",\"breadcrumb\":{\"@id\":\"https:\\\/\\\/pulso27.com\\\/actualidad\\\/partidos-politicos-inscriben-planchas-presidenciales-ante-organos-internos-de-cara-a-elecciones-2026\\\/#breadcrumb\"},\"inLanguage\":\"en-US\",\"potentialAction\":[{\"@type\":\"ReadAction\",\"target\":[\"https:\\\/\\\/pulso27.com\\\/actualidad\\\/partidos-politicos-inscriben-planchas-presidenciales-ante-organos-internos-de-cara-a-elecciones-2026\\\/\"]}]},{\"@type\":\"ImageObject\",\"inLanguage\":\"en-US\",\"@id\":\"https:\\\/\\\/pulso27.com\\\/actualidad\\\/partidos-politicos-inscriben-planchas-presidenciales-ante-organos-internos-de-cara-a-elecciones-2026\\\/#primaryimage\",\"url\":\"https:\\\/\\\/pulso27.com\\\/wp-content\\\/uploads\\\/2025\\\/11\\\/JNE.png\",\"contentUrl\":\"https:\\\/\\\/pulso27.com\\\/wp-content\\\/uploads\\\/2025\\\/11\\\/JNE.png\",\"width\":1228,\"height\":800},{\"@type\":\"BreadcrumbList\",\"@id\":\"https:\\\/\\\/pulso27.com\\\/actualidad\\\/partidos-politicos-inscriben-planchas-presidenciales-ante-organos-internos-de-cara-a-elecciones-2026\\\/#breadcrumb\",\"itemListElement\":[{\"@type\":\"ListItem\",\"position\":1,\"name\":\"Portada\",\"item\":\"https:\\\/\\\/pulso27.com\\\/\"},{\"@type\":\"ListItem\",\"position\":2,\"name\":\"Partidos Pol\u00edticos Inscriben Planchas Presidenciales ante \u00d3rganos Internos de Cara a Elecciones 2026\"}]},{\"@type\":\"WebSite\",\"@id\":\"https:\\\/\\\/pulso27.com\\\/en\\\/#website\",\"url\":\"https:\\\/\\\/pulso27.com\\\/en\\\/\",\"name\":\"Pulso27\",\"description\":\"Web de noticias y publicidad\",\"publisher\":{\"@id\":\"https:\\\/\\\/pulso27.com\\\/en\\\/#organization\"},\"alternateName\":\"El pulso del pueblo\",\"potentialAction\":[{\"@type\":\"SearchAction\",\"target\":{\"@type\":\"EntryPoint\",\"urlTemplate\":\"https:\\\/\\\/pulso27.com\\\/en\\\/?s={search_term_string}\"},\"query-input\":{\"@type\":\"PropertyValueSpecification\",\"valueRequired\":true,\"valueName\":\"search_term_string\"}}],\"inLanguage\":\"en-US\"},{\"@type\":\"Organization\",\"@id\":\"https:\\\/\\\/pulso27.com\\\/en\\\/#organization\",\"name\":\"Pulso27\",\"url\":\"https:\\\/\\\/pulso27.com\\\/en\\\/\",\"logo\":{\"@type\":\"ImageObject\",\"inLanguage\":\"en-US\",\"@id\":\"https:\\\/\\\/pulso27.com\\\/en\\\/#\\\/schema\\\/logo\\\/image\\\/\",\"url\":\"https:\\\/\\\/pulso27.com\\\/wp-content\\\/uploads\\\/2026\\\/02\\\/Logotipo-de-la-organizacion-696-x-696-px-ok.png\",\"contentUrl\":\"https:\\\/\\\/pulso27.com\\\/wp-content\\\/uploads\\\/2026\\\/02\\\/Logotipo-de-la-organizacion-696-x-696-px-ok.png\",\"width\":696,\"height\":696,\"caption\":\"Pulso27\"},\"image\":{\"@id\":\"https:\\\/\\\/pulso27.com\\\/en\\\/#\\\/schema\\\/logo\\\/image\\\/\"},\"sameAs\":[\"https:\\\/\\\/www.facebook.com\\\/pulso27\\\/\",\"https:\\\/\\\/x.com\\\/Pulso_27\",\"https:\\\/\\\/www.youtube.com\\\/@Pulso27\",\"https:\\\/\\\/www.tiktok.com\\\/@pulso_27\"]},{\"@type\":\"Person\",\"@id\":\"https:\\\/\\\/pulso27.com\\\/en\\\/#\\\/schema\\\/person\\\/d20fd7f5bc7f2e53fd150d43fca07a78\",\"name\":\"Tupaq\",\"image\":{\"@type\":\"ImageObject\",\"inLanguage\":\"en-US\",\"@id\":\"https:\\\/\\\/secure.gravatar.com\\\/avatar\\\/7929e9b034aeea560319a601e4f04c59eb5f45a79eafe192adabb67e9604e7e7?s=96&d=mm&r=g\",\"url\":\"https:\\\/\\\/secure.gravatar.com\\\/avatar\\\/7929e9b034aeea560319a601e4f04c59eb5f45a79eafe192adabb67e9604e7e7?s=96&d=mm&r=g\",\"contentUrl\":\"https:\\\/\\\/secure.gravatar.com\\\/avatar\\\/7929e9b034aeea560319a601e4f04c59eb5f45a79eafe192adabb67e9604e7e7?s=96&d=mm&r=g\",\"caption\":\"Tupaq\"},\"url\":\"https:\\\/\\\/pulso27.com\\\/en\\\/author\\\/tupaq\\\/\"}]}<\/script>\n<!-- \/ Yoast SEO plugin. -->","yoast_head_json":{"title":"Partidos Pol\u00edticos Inscriben Planchas Presidenciales ante \u00d3rganos Internos de Cara a Elecciones 2026 - Pulso27","robots":{"index":"index","follow":"follow","max-snippet":"max-snippet:-1","max-image-preview":"max-image-preview:large","max-video-preview":"max-video-preview:-1"},"canonical":"https:\/\/pulso27.com\/en\/actualidad\/partidos-politicos-inscriben-planchas-presidenciales-ante-organos-internos-de-cara-a-elecciones-2026\/","og_locale":"en_US","og_type":"article","og_title":"Partidos Pol\u00edticos Inscriben Planchas Presidenciales ante \u00d3rganos Internos de Cara a Elecciones 2026 - Pulso27","og_description":"Lima, 31 de octubre de 2025.- En cumplimiento del cronograma electoral establecido por el Jurado Nacional de Elecciones (JNE), diversos partidos y alianzas pol\u00edticas del Per\u00fa presentaron este viernes sus planchas presidenciales y listas de precandidatos ante sus respectivos \u00f3rganos electorales internos. Esta inscripci\u00f3n, que vence hoy, marca un paso clave en la preparaci\u00f3n de [&hellip;]","og_url":"https:\/\/pulso27.com\/en\/actualidad\/partidos-politicos-inscriben-planchas-presidenciales-ante-organos-internos-de-cara-a-elecciones-2026\/","og_site_name":"Pulso27","article_publisher":"https:\/\/www.facebook.com\/pulso27\/","article_published_time":"2025-11-01T05:48:11+00:00","article_modified_time":"2025-11-01T05:48:18+00:00","og_image":[{"width":1228,"height":800,"url":"https:\/\/pulso27.com\/wp-content\/uploads\/2025\/11\/JNE.png","type":"image\/png"}],"author":"Tupaq","twitter_card":"summary_large_image","twitter_creator":"@Pulso_27","twitter_site":"@Pulso_27","twitter_misc":{"Written by":"Tupaq","Est. reading time":"3 minutes"},"schema":{"@context":"https:\/\/schema.org","@graph":[{"@type":"Article","@id":"https:\/\/pulso27.com\/actualidad\/partidos-politicos-inscriben-planchas-presidenciales-ante-organos-internos-de-cara-a-elecciones-2026\/#article","isPartOf":{"@id":"https:\/\/pulso27.com\/actualidad\/partidos-politicos-inscriben-planchas-presidenciales-ante-organos-internos-de-cara-a-elecciones-2026\/"},"author":{"name":"Tupaq","@id":"https:\/\/pulso27.com\/en\/#\/schema\/person\/d20fd7f5bc7f2e53fd150d43fca07a78"},"headline":"Partidos Pol\u00edticos Inscriben Planchas Presidenciales ante \u00d3rganos Internos de Cara a Elecciones 2026","datePublished":"2025-11-01T05:48:11+00:00","dateModified":"2025-11-01T05:48:18+00:00","mainEntityOfPage":{"@id":"https:\/\/pulso27.com\/actualidad\/partidos-politicos-inscriben-planchas-presidenciales-ante-organos-internos-de-cara-a-elecciones-2026\/"},"wordCount":540,"commentCount":0,"publisher":{"@id":"https:\/\/pulso27.com\/en\/#organization"},"image":{"@id":"https:\/\/pulso27.com\/actualidad\/partidos-politicos-inscriben-planchas-presidenciales-ante-organos-internos-de-cara-a-elecciones-2026\/#primaryimage"},"thumbnailUrl":"https:\/\/pulso27.com\/wp-content\/uploads\/2025\/11\/JNE.png","keywords":["Elecciones2026","JNE","ONPE","Partidos Pol\u00edticos"],"articleSection":["Actualidad","Nacional","Pol\u00edtica","Tendencia"],"inLanguage":"en-US","potentialAction":[{"@type":"CommentAction","name":"Comment","target":["https:\/\/pulso27.com\/actualidad\/partidos-politicos-inscriben-planchas-presidenciales-ante-organos-internos-de-cara-a-elecciones-2026\/#respond"]}]},{"@type":"WebPage","@id":"https:\/\/pulso27.com\/actualidad\/partidos-politicos-inscriben-planchas-presidenciales-ante-organos-internos-de-cara-a-elecciones-2026\/","url":"https:\/\/pulso27.com\/actualidad\/partidos-politicos-inscriben-planchas-presidenciales-ante-organos-internos-de-cara-a-elecciones-2026\/","name":"Partidos Pol\u00edticos Inscriben Planchas Presidenciales ante \u00d3rganos Internos de Cara a Elecciones 2026 - Pulso27","isPartOf":{"@id":"https:\/\/pulso27.com\/en\/#website"},"primaryImageOfPage":{"@id":"https:\/\/pulso27.com\/actualidad\/partidos-politicos-inscriben-planchas-presidenciales-ante-organos-internos-de-cara-a-elecciones-2026\/#primaryimage"},"image":{"@id":"https:\/\/pulso27.com\/actualidad\/partidos-politicos-inscriben-planchas-presidenciales-ante-organos-internos-de-cara-a-elecciones-2026\/#primaryimage"},"thumbnailUrl":"https:\/\/pulso27.com\/wp-content\/uploads\/2025\/11\/JNE.png","datePublished":"2025-11-01T05:48:11+00:00","dateModified":"2025-11-01T05:48:18+00:00","breadcrumb":{"@id":"https:\/\/pulso27.com\/actualidad\/partidos-politicos-inscriben-planchas-presidenciales-ante-organos-internos-de-cara-a-elecciones-2026\/#breadcrumb"},"inLanguage":"en-US","potentialAction":[{"@type":"ReadAction","target":["https:\/\/pulso27.com\/actualidad\/partidos-politicos-inscriben-planchas-presidenciales-ante-organos-internos-de-cara-a-elecciones-2026\/"]}]},{"@type":"ImageObject","inLanguage":"en-US","@id":"https:\/\/pulso27.com\/actualidad\/partidos-politicos-inscriben-planchas-presidenciales-ante-organos-internos-de-cara-a-elecciones-2026\/#primaryimage","url":"https:\/\/pulso27.com\/wp-content\/uploads\/2025\/11\/JNE.png","contentUrl":"https:\/\/pulso27.com\/wp-content\/uploads\/2025\/11\/JNE.png","width":1228,"height":800},{"@type":"BreadcrumbList","@id":"https:\/\/pulso27.com\/actualidad\/partidos-politicos-inscriben-planchas-presidenciales-ante-organos-internos-de-cara-a-elecciones-2026\/#breadcrumb","itemListElement":[{"@type":"ListItem","position":1,"name":"Portada","item":"https:\/\/pulso27.com\/"},{"@type":"ListItem","position":2,"name":"Partidos Pol\u00edticos Inscriben Planchas Presidenciales ante \u00d3rganos Internos de Cara a Elecciones 2026"}]},{"@type":"WebSite","@id":"https:\/\/pulso27.com\/en\/#website","url":"https:\/\/pulso27.com\/en\/","name":"Pulso27","description":"Web de noticias y publicidad","publisher":{"@id":"https:\/\/pulso27.com\/en\/#organization"},"alternateName":"El pulso del pueblo","potentialAction":[{"@type":"SearchAction","target":{"@type":"EntryPoint","urlTemplate":"https:\/\/pulso27.com\/en\/?s={search_term_string}"},"query-input":{"@type":"PropertyValueSpecification","valueRequired":true,"valueName":"search_term_string"}}],"inLanguage":"en-US"},{"@type":"Organization","@id":"https:\/\/pulso27.com\/en\/#organization","name":"Pulso27","url":"https:\/\/pulso27.com\/en\/","logo":{"@type":"ImageObject","inLanguage":"en-US","@id":"https:\/\/pulso27.com\/en\/#\/schema\/logo\/image\/","url":"https:\/\/pulso27.com\/wp-content\/uploads\/2026\/02\/Logotipo-de-la-organizacion-696-x-696-px-ok.png","contentUrl":"https:\/\/pulso27.com\/wp-content\/uploads\/2026\/02\/Logotipo-de-la-organizacion-696-x-696-px-ok.png","width":696,"height":696,"caption":"Pulso27"},"image":{"@id":"https:\/\/pulso27.com\/en\/#\/schema\/logo\/image\/"},"sameAs":["https:\/\/www.facebook.com\/pulso27\/","https:\/\/x.com\/Pulso_27","https:\/\/www.youtube.com\/@Pulso27","https:\/\/www.tiktok.com\/@pulso_27"]},{"@type":"Person","@id":"https:\/\/pulso27.com\/en\/#\/schema\/person\/d20fd7f5bc7f2e53fd150d43fca07a78","name":"Tupaq","image":{"@type":"ImageObject","inLanguage":"en-US","@id":"https:\/\/secure.gravatar.com\/avatar\/7929e9b034aeea560319a601e4f04c59eb5f45a79eafe192adabb67e9604e7e7?s=96&d=mm&r=g","url":"https:\/\/secure.gravatar.com\/avatar\/7929e9b034aeea560319a601e4f04c59eb5f45a79eafe192adabb67e9604e7e7?s=96&d=mm&r=g","contentUrl":"https:\/\/secure.gravatar.com\/avatar\/7929e9b034aeea560319a601e4f04c59eb5f45a79eafe192adabb67e9604e7e7?s=96&d=mm&r=g","caption":"Tupaq"},"url":"https:\/\/pulso27.com\/en\/author\/tupaq\/"}]}},"amp_enabled":true,"_links":{"self":[{"href":"https:\/\/pulso27.com\/en\/wp-json\/wp\/v2\/posts\/6704","targetHints":{"allow":["GET"]}}],"collection":[{"href":"https:\/\/pulso27.com\/en\/wp-json\/wp\/v2\/posts"}],"about":[{"href":"https:\/\/pulso27.com\/en\/wp-json\/wp\/v2\/types\/post"}],"author":[{"embeddable":true,"href":"https:\/\/pulso27.com\/en\/wp-json\/wp\/v2\/users\/7"}],"replies":[{"embeddable":true,"href":"https:\/\/pulso27.com\/en\/wp-json\/wp\/v2\/comments?post=6704"}],"version-history":[{"count":1,"href":"https:\/\/pulso27.com\/en\/wp-json\/wp\/v2\/posts\/6704\/revisions"}],"predecessor-version":[{"id":6709,"href":"https:\/\/pulso27.com\/en\/wp-json\/wp\/v2\/posts\/6704\/revisions\/6709"}],"wp:featuredmedia":[{"embeddable":true,"href":"https:\/\/pulso27.com\/en\/wp-json\/wp\/v2\/media\/6705"}],"wp:attachment":[{"href":"https:\/\/pulso27.com\/en\/wp-json\/wp\/v2\/media?parent=6704"}],"wp:term":[{"taxonomy":"category","embeddable":true,"href":"https:\/\/pulso27.com\/en\/wp-json\/wp\/v2\/categories?post=6704"},{"taxonomy":"post_tag","embeddable":true,"href":"https:\/\/pulso27.com\/en\/wp-json\/wp\/v2\/tags?post=6704"}],"curies":[{"name":"wp","href":"https:\/\/api.w.org\/{rel}","templated":true}]}}