{"id":675,"date":"2023-11-12T00:31:28","date_gmt":"2023-11-12T00:31:28","guid":{"rendered":"http:\/\/pulso27.com\/?p=675"},"modified":"2023-11-12T00:33:41","modified_gmt":"2023-11-12T00:33:41","slug":"cesar-hinostroza-pj-rechazo-pedido-de-para-que-grabaciones-telefonicas-no-sean-admitidas-como-pruebas","status":"publish","type":"post","link":"https:\/\/pulso27.com\/en\/nacional\/cesar-hinostroza-pj-rechazo-pedido-de-para-que-grabaciones-telefonicas-no-sean-admitidas-como-pruebas\/","title":{"rendered":"C\u00e9sar Hinostroza: PJ rechaz\u00f3 pedido de para que grabaciones telef\u00f3nicas no sean admitidas como pruebas"},"content":{"rendered":"<p>El Poder Judicial decidi\u00f3 rechazar el pedido de la defensa del exmagistrado C\u00e9sar Hinostroza para que no se tengan en cuenta las grabaciones de llamadas telef\u00f3nicas que se realizaron tras el levantamiento del secreto de sus comunicaciones, como parte del caso \u201cLos cuellos blancos del puerto\u201d.<\/p>\n\n\n\n<p>La resoluci\u00f3n del recurso de tutela de derechos estuvo a cargo del juez supremo Juan Carlos Checkley Soria, quien declar\u00f3 improcedente el pedido realizado en el marco del proceso penal que se sigue contra Hinostroza Pariachi por el presunto delito de tr\u00e1fico de Influencias y otros en agravio del Estado.<\/p>\n\n\n\n<p>Fundamentos<br>La defensa de C\u00e9sar Hinostroza planteaba que se hab\u00eda vulnerado \u00abel secreto de sus comunicaciones telef\u00f3nicas y vulneraci\u00f3n de sus derechos constitucionales al debido proceso\u00bb, adem\u00e1s del \u00abderecho constitucional a la defensa\u00bb, por lo que ped\u00eda que \u00abse declare prueba il\u00edcita o prohibida todas las grabaciones de las comunicaciones telef\u00f3nicas de su patrocinado\u00bb, transcritas en las actas fiscales.<\/p>\n\n\n\n<p>Como se recuerda, estas grabaciones telef\u00f3nicas fueron cruciales para dar a conocer la presunta red de corrupci\u00f3n que operaba en el desaparecido Consejo Nacional de la Magistratura (CNM) y que se extend\u00eda hasta diversas dependencias judiciales. Por ello, dichos registros fueron conocidos como los CNM Audios.<\/p>\n\n\n\n<p><\/p>\n\n\n\n<blockquote class=\"wp-block-quote is-layout-flow wp-block-quote-is-layout-flow\">\n<p>el juez Checkley Soria indic\u00f3 que \u00aba trav\u00e9s de la tutela de derechos, un juez de investigaci\u00f3n preparatoria realiza el control judicial de las actuaciones policiales y fiscales realizadas durante la fase de diligencias preliminares\u00bb y \u00abno realiza una revisi\u00f3n o control de resoluciones\u00bb, ya que, para ese fin, \u00abexisten los mecanismos de impugnaci\u00f3n que el propio ordenamiento procesal contempla\u00bb.<\/p>\n<\/blockquote>\n\n\n\n<p>La defensa de Hinostroza Pariachi indic\u00f3 que las \u00abresoluciones judiciales\u00bb que sirvieron para levantar el secreto de las comunicaciones de su patrocinado \u00abno est\u00e1n debidamente motivadas en cuanto a los elementos de convicci\u00f3n (\u2026); as\u00ed como no se indica cu\u00e1l es el dato indiciario que permit\u00eda establecer que (\u2026) habr\u00eda cometido alguno de los delitos que se investigaban\u00bb, toda vez que \u00abHinostroza no estaba siendo investigado a la fecha de emisiones de las resoluciones judiciales y con ello se vulner\u00f3 el principio de proporcionalidad\u00bb.<\/p>\n\n\n\n<p>Al respecto, el juez Checkley Soria indic\u00f3 que \u00aba trav\u00e9s de la tutela de derechos, un juez de investigaci\u00f3n preparatoria realiza el control judicial de las actuaciones policiales y fiscales realizadas durante la fase de diligencias preliminares\u00bb y \u00abno realiza una revisi\u00f3n o control de resoluciones\u00bb, ya que, para ese fin, \u00abexisten los mecanismos de impugnaci\u00f3n que el propio ordenamiento procesal contempla\u00bb.<\/p>\n\n\n\n<p>En ese sentido, indic\u00f3 que \u00abun juez penal de primera instancia del Callao, concedi\u00f3 el levantamiento del secreto de las comunicaciones\u00bb, y que, por lo tanto, \u00abel ordenamiento procesal habilita un mecanismo de impugnaci\u00f3n espec\u00edfico, que es el recurso de apelaci\u00f3n, el que debi\u00f3 ser interpuesto en el plazo legalmente concedido\u00bb.<\/p>\n\n\n\n<p>\u00abLa tutela de derechos deviene improcedente, dado su car\u00e1cter residual y porque adem\u00e1s, dicha instituci\u00f3n no puede ser utilizada para revisar autos que levantaron el secreto de las comunicaciones, los cuales deben ser impugnadas a trav\u00e9s de los mecanismos que la ley franquea, a fin el superior jer\u00e1rquicamente competente, pueda revisarlo conforme a sus atribuciones\u00bb, puntualiza la resoluci\u00f3n del magistrado.<\/p>\n\n\n\n<p><\/p>","protected":false},"excerpt":{"rendered":"<p>C\u00e9sar Hinostroza pretend\u00eda que las grabaciones telef\u00f3nicas se consideren \u00abprueba il\u00edcita\u201d y se excluyan del caso. Dichos registros fueron cruciales para la investigaci\u00f3n sobre el caso \u201cLos cuellos blancos del puerto\u201d.<\/p>","protected":false},"author":10,"featured_media":676,"comment_status":"open","ping_status":"open","sticky":false,"template":"","format":"standard","meta":{"footnotes":""},"categories":[183,174],"tags":[211,210,212],"class_list":["post-675","post","type-post","status-publish","format-standard","has-post-thumbnail","hentry","category-actualidad","category-nacional","tag-cesar-hinostroza","tag-checkley","tag-pj"],"yoast_head":"<!-- This site is optimized with the Yoast SEO plugin v27.4 - https:\/\/yoast.com\/product\/yoast-seo-wordpress\/ -->\n<title>C\u00e9sar Hinostroza: PJ rechaz\u00f3 pedido de para que grabaciones telef\u00f3nicas no sean admitidas como pruebas - Pulso27<\/title>\n<meta name=\"robots\" content=\"index, follow, max-snippet:-1, max-image-preview:large, max-video-preview:-1\" \/>\n<link rel=\"canonical\" href=\"https:\/\/pulso27.com\/en\/nacional\/cesar-hinostroza-pj-rechazo-pedido-de-para-que-grabaciones-telefonicas-no-sean-admitidas-como-pruebas\/\" \/>\n<meta property=\"og:locale\" content=\"en_US\" \/>\n<meta property=\"og:type\" content=\"article\" \/>\n<meta property=\"og:title\" content=\"C\u00e9sar Hinostroza: PJ rechaz\u00f3 pedido de para que grabaciones telef\u00f3nicas no sean admitidas como pruebas - Pulso27\" \/>\n<meta property=\"og:description\" content=\"C\u00e9sar Hinostroza pretend\u00eda que las grabaciones telef\u00f3nicas se consideren &quot;prueba il\u00edcita\u201d y se excluyan del caso. Dichos registros fueron cruciales para la investigaci\u00f3n sobre el caso \u201cLos cuellos blancos del puerto\u201d.\" \/>\n<meta property=\"og:url\" content=\"https:\/\/pulso27.com\/en\/nacional\/cesar-hinostroza-pj-rechazo-pedido-de-para-que-grabaciones-telefonicas-no-sean-admitidas-como-pruebas\/\" \/>\n<meta property=\"og:site_name\" content=\"Pulso27\" \/>\n<meta property=\"article:publisher\" content=\"https:\/\/www.facebook.com\/pulso27\/\" \/>\n<meta property=\"article:published_time\" content=\"2023-11-12T00:31:28+00:00\" \/>\n<meta property=\"article:modified_time\" content=\"2023-11-12T00:33:41+00:00\" \/>\n<meta property=\"og:image\" content=\"https:\/\/pulso27.com\/wp-content\/uploads\/2023\/11\/cesar-hinostroza.jpg\" \/>\n\t<meta property=\"og:image:width\" content=\"980\" \/>\n\t<meta property=\"og:image:height\" content=\"528\" \/>\n\t<meta property=\"og:image:type\" content=\"image\/jpeg\" \/>\n<meta name=\"author\" content=\"El Muki\" \/>\n<meta name=\"twitter:card\" content=\"summary_large_image\" \/>\n<meta name=\"twitter:creator\" content=\"@Pulso_27\" \/>\n<meta name=\"twitter:site\" content=\"@Pulso_27\" \/>\n<meta name=\"twitter:label1\" content=\"Written by\" \/>\n\t<meta name=\"twitter:data1\" content=\"El Muki\" \/>\n\t<meta name=\"twitter:label2\" content=\"Est. reading time\" \/>\n\t<meta name=\"twitter:data2\" content=\"3 minutes\" \/>\n<script type=\"application\/ld+json\" class=\"yoast-schema-graph\">{\"@context\":\"https:\\\/\\\/schema.org\",\"@graph\":[{\"@type\":\"Article\",\"@id\":\"https:\\\/\\\/pulso27.com\\\/nacional\\\/cesar-hinostroza-pj-rechazo-pedido-de-para-que-grabaciones-telefonicas-no-sean-admitidas-como-pruebas\\\/#article\",\"isPartOf\":{\"@id\":\"https:\\\/\\\/pulso27.com\\\/nacional\\\/cesar-hinostroza-pj-rechazo-pedido-de-para-que-grabaciones-telefonicas-no-sean-admitidas-como-pruebas\\\/\"},\"author\":{\"name\":\"El Muki\",\"@id\":\"https:\\\/\\\/pulso27.com\\\/en\\\/#\\\/schema\\\/person\\\/a0930a7f318e7d9d83bd7cffed9f34f6\"},\"headline\":\"C\u00e9sar Hinostroza: PJ rechaz\u00f3 pedido de para que grabaciones telef\u00f3nicas no sean admitidas como pruebas\",\"datePublished\":\"2023-11-12T00:31:28+00:00\",\"dateModified\":\"2023-11-12T00:33:41+00:00\",\"mainEntityOfPage\":{\"@id\":\"https:\\\/\\\/pulso27.com\\\/nacional\\\/cesar-hinostroza-pj-rechazo-pedido-de-para-que-grabaciones-telefonicas-no-sean-admitidas-como-pruebas\\\/\"},\"wordCount\":569,\"commentCount\":0,\"publisher\":{\"@id\":\"https:\\\/\\\/pulso27.com\\\/en\\\/#organization\"},\"image\":{\"@id\":\"https:\\\/\\\/pulso27.com\\\/nacional\\\/cesar-hinostroza-pj-rechazo-pedido-de-para-que-grabaciones-telefonicas-no-sean-admitidas-como-pruebas\\\/#primaryimage\"},\"thumbnailUrl\":\"https:\\\/\\\/pulso27.com\\\/wp-content\\\/uploads\\\/2023\\\/11\\\/cesar-hinostroza.jpg\",\"keywords\":[\"Cesar Hinostroza\",\"Checkley\",\"PJ\"],\"articleSection\":[\"Actualidad\",\"Nacional\"],\"inLanguage\":\"en-US\",\"potentialAction\":[{\"@type\":\"CommentAction\",\"name\":\"Comment\",\"target\":[\"https:\\\/\\\/pulso27.com\\\/nacional\\\/cesar-hinostroza-pj-rechazo-pedido-de-para-que-grabaciones-telefonicas-no-sean-admitidas-como-pruebas\\\/#respond\"]}]},{\"@type\":\"WebPage\",\"@id\":\"https:\\\/\\\/pulso27.com\\\/nacional\\\/cesar-hinostroza-pj-rechazo-pedido-de-para-que-grabaciones-telefonicas-no-sean-admitidas-como-pruebas\\\/\",\"url\":\"https:\\\/\\\/pulso27.com\\\/nacional\\\/cesar-hinostroza-pj-rechazo-pedido-de-para-que-grabaciones-telefonicas-no-sean-admitidas-como-pruebas\\\/\",\"name\":\"C\u00e9sar Hinostroza: PJ rechaz\u00f3 pedido de para que grabaciones telef\u00f3nicas no sean admitidas como pruebas - Pulso27\",\"isPartOf\":{\"@id\":\"https:\\\/\\\/pulso27.com\\\/en\\\/#website\"},\"primaryImageOfPage\":{\"@id\":\"https:\\\/\\\/pulso27.com\\\/nacional\\\/cesar-hinostroza-pj-rechazo-pedido-de-para-que-grabaciones-telefonicas-no-sean-admitidas-como-pruebas\\\/#primaryimage\"},\"image\":{\"@id\":\"https:\\\/\\\/pulso27.com\\\/nacional\\\/cesar-hinostroza-pj-rechazo-pedido-de-para-que-grabaciones-telefonicas-no-sean-admitidas-como-pruebas\\\/#primaryimage\"},\"thumbnailUrl\":\"https:\\\/\\\/pulso27.com\\\/wp-content\\\/uploads\\\/2023\\\/11\\\/cesar-hinostroza.jpg\",\"datePublished\":\"2023-11-12T00:31:28+00:00\",\"dateModified\":\"2023-11-12T00:33:41+00:00\",\"breadcrumb\":{\"@id\":\"https:\\\/\\\/pulso27.com\\\/nacional\\\/cesar-hinostroza-pj-rechazo-pedido-de-para-que-grabaciones-telefonicas-no-sean-admitidas-como-pruebas\\\/#breadcrumb\"},\"inLanguage\":\"en-US\",\"potentialAction\":[{\"@type\":\"ReadAction\",\"target\":[\"https:\\\/\\\/pulso27.com\\\/nacional\\\/cesar-hinostroza-pj-rechazo-pedido-de-para-que-grabaciones-telefonicas-no-sean-admitidas-como-pruebas\\\/\"]}]},{\"@type\":\"ImageObject\",\"inLanguage\":\"en-US\",\"@id\":\"https:\\\/\\\/pulso27.com\\\/nacional\\\/cesar-hinostroza-pj-rechazo-pedido-de-para-que-grabaciones-telefonicas-no-sean-admitidas-como-pruebas\\\/#primaryimage\",\"url\":\"https:\\\/\\\/pulso27.com\\\/wp-content\\\/uploads\\\/2023\\\/11\\\/cesar-hinostroza.jpg\",\"contentUrl\":\"https:\\\/\\\/pulso27.com\\\/wp-content\\\/uploads\\\/2023\\\/11\\\/cesar-hinostroza.jpg\",\"width\":980,\"height\":528},{\"@type\":\"BreadcrumbList\",\"@id\":\"https:\\\/\\\/pulso27.com\\\/nacional\\\/cesar-hinostroza-pj-rechazo-pedido-de-para-que-grabaciones-telefonicas-no-sean-admitidas-como-pruebas\\\/#breadcrumb\",\"itemListElement\":[{\"@type\":\"ListItem\",\"position\":1,\"name\":\"Portada\",\"item\":\"https:\\\/\\\/pulso27.com\\\/\"},{\"@type\":\"ListItem\",\"position\":2,\"name\":\"C\u00e9sar Hinostroza: PJ rechaz\u00f3 pedido de para que grabaciones telef\u00f3nicas no sean admitidas como pruebas\"}]},{\"@type\":\"WebSite\",\"@id\":\"https:\\\/\\\/pulso27.com\\\/en\\\/#website\",\"url\":\"https:\\\/\\\/pulso27.com\\\/en\\\/\",\"name\":\"Pulso27\",\"description\":\"Web de noticias y publicidad\",\"publisher\":{\"@id\":\"https:\\\/\\\/pulso27.com\\\/en\\\/#organization\"},\"alternateName\":\"El pulso del pueblo\",\"potentialAction\":[{\"@type\":\"SearchAction\",\"target\":{\"@type\":\"EntryPoint\",\"urlTemplate\":\"https:\\\/\\\/pulso27.com\\\/en\\\/?s={search_term_string}\"},\"query-input\":{\"@type\":\"PropertyValueSpecification\",\"valueRequired\":true,\"valueName\":\"search_term_string\"}}],\"inLanguage\":\"en-US\"},{\"@type\":\"Organization\",\"@id\":\"https:\\\/\\\/pulso27.com\\\/en\\\/#organization\",\"name\":\"Pulso27\",\"url\":\"https:\\\/\\\/pulso27.com\\\/en\\\/\",\"logo\":{\"@type\":\"ImageObject\",\"inLanguage\":\"en-US\",\"@id\":\"https:\\\/\\\/pulso27.com\\\/en\\\/#\\\/schema\\\/logo\\\/image\\\/\",\"url\":\"https:\\\/\\\/pulso27.com\\\/wp-content\\\/uploads\\\/2026\\\/02\\\/Logotipo-de-la-organizacion-696-x-696-px-ok.png\",\"contentUrl\":\"https:\\\/\\\/pulso27.com\\\/wp-content\\\/uploads\\\/2026\\\/02\\\/Logotipo-de-la-organizacion-696-x-696-px-ok.png\",\"width\":696,\"height\":696,\"caption\":\"Pulso27\"},\"image\":{\"@id\":\"https:\\\/\\\/pulso27.com\\\/en\\\/#\\\/schema\\\/logo\\\/image\\\/\"},\"sameAs\":[\"https:\\\/\\\/www.facebook.com\\\/pulso27\\\/\",\"https:\\\/\\\/x.com\\\/Pulso_27\",\"https:\\\/\\\/www.youtube.com\\\/@Pulso27\",\"https:\\\/\\\/www.tiktok.com\\\/@pulso_27\"]},{\"@type\":\"Person\",\"@id\":\"https:\\\/\\\/pulso27.com\\\/en\\\/#\\\/schema\\\/person\\\/a0930a7f318e7d9d83bd7cffed9f34f6\",\"name\":\"El Muki\",\"image\":{\"@type\":\"ImageObject\",\"inLanguage\":\"en-US\",\"@id\":\"https:\\\/\\\/secure.gravatar.com\\\/avatar\\\/dc91c2607c5eebda74cbb40d13031f489096c96ead89c4c30c17db262267b2b3?s=96&d=mm&r=g\",\"url\":\"https:\\\/\\\/secure.gravatar.com\\\/avatar\\\/dc91c2607c5eebda74cbb40d13031f489096c96ead89c4c30c17db262267b2b3?s=96&d=mm&r=g\",\"contentUrl\":\"https:\\\/\\\/secure.gravatar.com\\\/avatar\\\/dc91c2607c5eebda74cbb40d13031f489096c96ead89c4c30c17db262267b2b3?s=96&d=mm&r=g\",\"caption\":\"El Muki\"},\"sameAs\":[\"http:\\\/\\\/www.pulso27.com\"],\"url\":\"https:\\\/\\\/pulso27.com\\\/en\\\/author\\\/elcuervo\\\/\"}]}<\/script>\n<!-- \/ Yoast SEO plugin. -->","yoast_head_json":{"title":"C\u00e9sar Hinostroza: PJ rechaz\u00f3 pedido de para que grabaciones telef\u00f3nicas no sean admitidas como pruebas - Pulso27","robots":{"index":"index","follow":"follow","max-snippet":"max-snippet:-1","max-image-preview":"max-image-preview:large","max-video-preview":"max-video-preview:-1"},"canonical":"https:\/\/pulso27.com\/en\/nacional\/cesar-hinostroza-pj-rechazo-pedido-de-para-que-grabaciones-telefonicas-no-sean-admitidas-como-pruebas\/","og_locale":"en_US","og_type":"article","og_title":"C\u00e9sar Hinostroza: PJ rechaz\u00f3 pedido de para que grabaciones telef\u00f3nicas no sean admitidas como pruebas - Pulso27","og_description":"C\u00e9sar Hinostroza pretend\u00eda que las grabaciones telef\u00f3nicas se consideren \"prueba il\u00edcita\u201d y se excluyan del caso. Dichos registros fueron cruciales para la investigaci\u00f3n sobre el caso \u201cLos cuellos blancos del puerto\u201d.","og_url":"https:\/\/pulso27.com\/en\/nacional\/cesar-hinostroza-pj-rechazo-pedido-de-para-que-grabaciones-telefonicas-no-sean-admitidas-como-pruebas\/","og_site_name":"Pulso27","article_publisher":"https:\/\/www.facebook.com\/pulso27\/","article_published_time":"2023-11-12T00:31:28+00:00","article_modified_time":"2023-11-12T00:33:41+00:00","og_image":[{"width":980,"height":528,"url":"https:\/\/pulso27.com\/wp-content\/uploads\/2023\/11\/cesar-hinostroza.jpg","type":"image\/jpeg"}],"author":"El Muki","twitter_card":"summary_large_image","twitter_creator":"@Pulso_27","twitter_site":"@Pulso_27","twitter_misc":{"Written by":"El Muki","Est. reading time":"3 minutes"},"schema":{"@context":"https:\/\/schema.org","@graph":[{"@type":"Article","@id":"https:\/\/pulso27.com\/nacional\/cesar-hinostroza-pj-rechazo-pedido-de-para-que-grabaciones-telefonicas-no-sean-admitidas-como-pruebas\/#article","isPartOf":{"@id":"https:\/\/pulso27.com\/nacional\/cesar-hinostroza-pj-rechazo-pedido-de-para-que-grabaciones-telefonicas-no-sean-admitidas-como-pruebas\/"},"author":{"name":"El Muki","@id":"https:\/\/pulso27.com\/en\/#\/schema\/person\/a0930a7f318e7d9d83bd7cffed9f34f6"},"headline":"C\u00e9sar Hinostroza: PJ rechaz\u00f3 pedido de para que grabaciones telef\u00f3nicas no sean admitidas como pruebas","datePublished":"2023-11-12T00:31:28+00:00","dateModified":"2023-11-12T00:33:41+00:00","mainEntityOfPage":{"@id":"https:\/\/pulso27.com\/nacional\/cesar-hinostroza-pj-rechazo-pedido-de-para-que-grabaciones-telefonicas-no-sean-admitidas-como-pruebas\/"},"wordCount":569,"commentCount":0,"publisher":{"@id":"https:\/\/pulso27.com\/en\/#organization"},"image":{"@id":"https:\/\/pulso27.com\/nacional\/cesar-hinostroza-pj-rechazo-pedido-de-para-que-grabaciones-telefonicas-no-sean-admitidas-como-pruebas\/#primaryimage"},"thumbnailUrl":"https:\/\/pulso27.com\/wp-content\/uploads\/2023\/11\/cesar-hinostroza.jpg","keywords":["Cesar Hinostroza","Checkley","PJ"],"articleSection":["Actualidad","Nacional"],"inLanguage":"en-US","potentialAction":[{"@type":"CommentAction","name":"Comment","target":["https:\/\/pulso27.com\/nacional\/cesar-hinostroza-pj-rechazo-pedido-de-para-que-grabaciones-telefonicas-no-sean-admitidas-como-pruebas\/#respond"]}]},{"@type":"WebPage","@id":"https:\/\/pulso27.com\/nacional\/cesar-hinostroza-pj-rechazo-pedido-de-para-que-grabaciones-telefonicas-no-sean-admitidas-como-pruebas\/","url":"https:\/\/pulso27.com\/nacional\/cesar-hinostroza-pj-rechazo-pedido-de-para-que-grabaciones-telefonicas-no-sean-admitidas-como-pruebas\/","name":"C\u00e9sar Hinostroza: PJ rechaz\u00f3 pedido de para que grabaciones telef\u00f3nicas no sean admitidas como pruebas - Pulso27","isPartOf":{"@id":"https:\/\/pulso27.com\/en\/#website"},"primaryImageOfPage":{"@id":"https:\/\/pulso27.com\/nacional\/cesar-hinostroza-pj-rechazo-pedido-de-para-que-grabaciones-telefonicas-no-sean-admitidas-como-pruebas\/#primaryimage"},"image":{"@id":"https:\/\/pulso27.com\/nacional\/cesar-hinostroza-pj-rechazo-pedido-de-para-que-grabaciones-telefonicas-no-sean-admitidas-como-pruebas\/#primaryimage"},"thumbnailUrl":"https:\/\/pulso27.com\/wp-content\/uploads\/2023\/11\/cesar-hinostroza.jpg","datePublished":"2023-11-12T00:31:28+00:00","dateModified":"2023-11-12T00:33:41+00:00","breadcrumb":{"@id":"https:\/\/pulso27.com\/nacional\/cesar-hinostroza-pj-rechazo-pedido-de-para-que-grabaciones-telefonicas-no-sean-admitidas-como-pruebas\/#breadcrumb"},"inLanguage":"en-US","potentialAction":[{"@type":"ReadAction","target":["https:\/\/pulso27.com\/nacional\/cesar-hinostroza-pj-rechazo-pedido-de-para-que-grabaciones-telefonicas-no-sean-admitidas-como-pruebas\/"]}]},{"@type":"ImageObject","inLanguage":"en-US","@id":"https:\/\/pulso27.com\/nacional\/cesar-hinostroza-pj-rechazo-pedido-de-para-que-grabaciones-telefonicas-no-sean-admitidas-como-pruebas\/#primaryimage","url":"https:\/\/pulso27.com\/wp-content\/uploads\/2023\/11\/cesar-hinostroza.jpg","contentUrl":"https:\/\/pulso27.com\/wp-content\/uploads\/2023\/11\/cesar-hinostroza.jpg","width":980,"height":528},{"@type":"BreadcrumbList","@id":"https:\/\/pulso27.com\/nacional\/cesar-hinostroza-pj-rechazo-pedido-de-para-que-grabaciones-telefonicas-no-sean-admitidas-como-pruebas\/#breadcrumb","itemListElement":[{"@type":"ListItem","position":1,"name":"Portada","item":"https:\/\/pulso27.com\/"},{"@type":"ListItem","position":2,"name":"C\u00e9sar Hinostroza: PJ rechaz\u00f3 pedido de para que grabaciones telef\u00f3nicas no sean admitidas como pruebas"}]},{"@type":"WebSite","@id":"https:\/\/pulso27.com\/en\/#website","url":"https:\/\/pulso27.com\/en\/","name":"Pulso27","description":"Web de noticias y publicidad","publisher":{"@id":"https:\/\/pulso27.com\/en\/#organization"},"alternateName":"El pulso del pueblo","potentialAction":[{"@type":"SearchAction","target":{"@type":"EntryPoint","urlTemplate":"https:\/\/pulso27.com\/en\/?s={search_term_string}"},"query-input":{"@type":"PropertyValueSpecification","valueRequired":true,"valueName":"search_term_string"}}],"inLanguage":"en-US"},{"@type":"Organization","@id":"https:\/\/pulso27.com\/en\/#organization","name":"Pulso27","url":"https:\/\/pulso27.com\/en\/","logo":{"@type":"ImageObject","inLanguage":"en-US","@id":"https:\/\/pulso27.com\/en\/#\/schema\/logo\/image\/","url":"https:\/\/pulso27.com\/wp-content\/uploads\/2026\/02\/Logotipo-de-la-organizacion-696-x-696-px-ok.png","contentUrl":"https:\/\/pulso27.com\/wp-content\/uploads\/2026\/02\/Logotipo-de-la-organizacion-696-x-696-px-ok.png","width":696,"height":696,"caption":"Pulso27"},"image":{"@id":"https:\/\/pulso27.com\/en\/#\/schema\/logo\/image\/"},"sameAs":["https:\/\/www.facebook.com\/pulso27\/","https:\/\/x.com\/Pulso_27","https:\/\/www.youtube.com\/@Pulso27","https:\/\/www.tiktok.com\/@pulso_27"]},{"@type":"Person","@id":"https:\/\/pulso27.com\/en\/#\/schema\/person\/a0930a7f318e7d9d83bd7cffed9f34f6","name":"El Muki","image":{"@type":"ImageObject","inLanguage":"en-US","@id":"https:\/\/secure.gravatar.com\/avatar\/dc91c2607c5eebda74cbb40d13031f489096c96ead89c4c30c17db262267b2b3?s=96&d=mm&r=g","url":"https:\/\/secure.gravatar.com\/avatar\/dc91c2607c5eebda74cbb40d13031f489096c96ead89c4c30c17db262267b2b3?s=96&d=mm&r=g","contentUrl":"https:\/\/secure.gravatar.com\/avatar\/dc91c2607c5eebda74cbb40d13031f489096c96ead89c4c30c17db262267b2b3?s=96&d=mm&r=g","caption":"El Muki"},"sameAs":["http:\/\/www.pulso27.com"],"url":"https:\/\/pulso27.com\/en\/author\/elcuervo\/"}]}},"amp_enabled":true,"_links":{"self":[{"href":"https:\/\/pulso27.com\/en\/wp-json\/wp\/v2\/posts\/675","targetHints":{"allow":["GET"]}}],"collection":[{"href":"https:\/\/pulso27.com\/en\/wp-json\/wp\/v2\/posts"}],"about":[{"href":"https:\/\/pulso27.com\/en\/wp-json\/wp\/v2\/types\/post"}],"author":[{"embeddable":true,"href":"https:\/\/pulso27.com\/en\/wp-json\/wp\/v2\/users\/10"}],"replies":[{"embeddable":true,"href":"https:\/\/pulso27.com\/en\/wp-json\/wp\/v2\/comments?post=675"}],"version-history":[{"count":1,"href":"https:\/\/pulso27.com\/en\/wp-json\/wp\/v2\/posts\/675\/revisions"}],"predecessor-version":[{"id":677,"href":"https:\/\/pulso27.com\/en\/wp-json\/wp\/v2\/posts\/675\/revisions\/677"}],"wp:featuredmedia":[{"embeddable":true,"href":"https:\/\/pulso27.com\/en\/wp-json\/wp\/v2\/media\/676"}],"wp:attachment":[{"href":"https:\/\/pulso27.com\/en\/wp-json\/wp\/v2\/media?parent=675"}],"wp:term":[{"taxonomy":"category","embeddable":true,"href":"https:\/\/pulso27.com\/en\/wp-json\/wp\/v2\/categories?post=675"},{"taxonomy":"post_tag","embeddable":true,"href":"https:\/\/pulso27.com\/en\/wp-json\/wp\/v2\/tags?post=675"}],"curies":[{"name":"wp","href":"https:\/\/api.w.org\/{rel}","templated":true}]}}