{"id":678,"date":"2023-11-12T16:37:10","date_gmt":"2023-11-12T16:37:10","guid":{"rendered":"http:\/\/pulso27.com\/?p=678"},"modified":"2024-11-02T08:49:16","modified_gmt":"2024-11-02T03:49:16","slug":"ica-anuncian-paro-y-bloqueo-de-vias-tras-liberacion-de-dirigentes","status":"publish","type":"post","link":"https:\/\/pulso27.com\/en\/actualidad\/politica\/ica-anuncian-paro-y-bloqueo-de-vias-tras-liberacion-de-dirigentes\/","title":{"rendered":"Ica: Anuncian paro y bloqueo de v\u00edas, tras liberaci\u00f3n de dirigentes"},"content":{"rendered":"<p>Manifestantes fueron liberas por casi 9 meses dese enero, acusados de participar en las violentas protestas en el Barrio Chino, de Ica.<\/p>\n\n\n\n<p>Dirigentes del sector Barrio Chino, en la regi\u00f3n Ica, anunciaron un paro y bloqueo de la Panamericana Sur y otras v\u00edas en el sur por m\u00e1s de 20 d\u00edas, tras la liberaci\u00f3n de sus 7 l\u00edderes que cumplieron prisi\u00f3n preventiva tras ser detenidos en enero \u00faltimo por participar en violentas manifestaciones.<\/p>\n\n\n\n<blockquote class=\"wp-block-quote is-layout-flow wp-block-quote-is-layout-flow\">\n<p>Las protestas han sido programadas para iniciar el mi\u00e9rcoles 15 y culminar el 7 de diciembre, d\u00eda en que el expresidente Pedro Castillo decidi\u00f3 dar un golpe de Estado al anunciar por los medios de comunicaci\u00f3n el cierre del Congreso de la Rep\u00fablica.<\/p>\n<\/blockquote>\n\n\n\n<p><\/p>\n\n\n\n<p>Las protestas han sido programadas para iniciar el mi\u00e9rcoles 15 y culminar el 7 de diciembre, d\u00eda en que el expresidente Pedro Castillo decidi\u00f3 dar un golpe de Estado al anunciar por los medios de comunicaci\u00f3n el cierre del Congreso de la Rep\u00fablica.<\/p>\n\n\n\n<p>Estas protestas anunciadas en Ica podr\u00edan desabastecer de alimentos a Lima y generar p\u00e9rdidas de hasta 74 millones de d\u00f3lares al turismo y agroexportaci\u00f3n, alert\u00f3 el presidente de la C\u00e1mara de Comercio, Industria y Turismo de Ica, Eduardo Ojeda.<\/p>\n\n\n\n<p>Inform\u00f3 que solicitar\u00e1n al primer ministro, Alberto Ot\u00e1rola, el env\u00edo inmediato de un contingente de 200 polic\u00edas para evitar que v\u00e1ndalos puedan adue\u00f1arse de la carretera con piedras y palos.<\/p>\n\n\n\n<p>Por su parte, el general PNP en retiro, Jos\u00e9 Baella, opin\u00f3 que con urgencia el Gobierno debe enviar agentes especiales e instalar un campamento policial militar en el lugar para evitar el bloqueo de v\u00edas.<\/p>\n\n\n\n<figure class=\"wp-block-image size-full is-resized\"><img loading=\"lazy\" decoding=\"async\" width=\"293\" height=\"172\" src=\"http:\/\/pulso27.com\/wp-content\/uploads\/2023\/11\/ica_paro_enero.jpg\" alt=\"\" class=\"wp-image-680\" style=\"width:741px;height:auto\"\/><\/figure>","protected":false},"excerpt":{"rendered":"<p>Manifestantes fueron liberas por casi 9 meses dese enero, acusados de participar en las violentas protestas en el Barrio Chino, de Ica. Dirigentes del sector Barrio Chino, en la regi\u00f3n Ica, anunciaron un paro y bloqueo de la Panamericana Sur y otras v\u00edas en el sur por m\u00e1s de 20 d\u00edas, tras la liberaci\u00f3n de [&hellip;]<\/p>\n","protected":false},"author":13,"featured_media":679,"comment_status":"open","ping_status":"open","sticky":false,"template":"","format":"standard","meta":{"footnotes":""},"categories":[183,180],"tags":[],"class_list":["post-678","post","type-post","status-publish","format-standard","has-post-thumbnail","hentry","category-actualidad","category-politica"],"yoast_head":"<!-- This site is optimized with the Yoast SEO plugin v27.4 - https:\/\/yoast.com\/product\/yoast-seo-wordpress\/ -->\n<title>Ica: Anuncian paro y bloqueo de v\u00edas, tras liberaci\u00f3n de dirigentes - Pulso27<\/title>\n<meta name=\"robots\" content=\"index, follow, max-snippet:-1, max-image-preview:large, max-video-preview:-1\" \/>\n<link rel=\"canonical\" href=\"https:\/\/pulso27.com\/en\/politica\/ica-anuncian-paro-y-bloqueo-de-vias-tras-liberacion-de-dirigentes\/\" \/>\n<meta property=\"og:locale\" content=\"en_US\" \/>\n<meta property=\"og:type\" content=\"article\" \/>\n<meta property=\"og:title\" content=\"Ica: Anuncian paro y bloqueo de v\u00edas, tras liberaci\u00f3n de dirigentes - Pulso27\" \/>\n<meta property=\"og:description\" content=\"Manifestantes fueron liberas por casi 9 meses dese enero, acusados de participar en las violentas protestas en el Barrio Chino, de Ica. Dirigentes del sector Barrio Chino, en la regi\u00f3n Ica, anunciaron un paro y bloqueo de la Panamericana Sur y otras v\u00edas en el sur por m\u00e1s de 20 d\u00edas, tras la liberaci\u00f3n de [&hellip;]\" \/>\n<meta property=\"og:url\" content=\"https:\/\/pulso27.com\/en\/politica\/ica-anuncian-paro-y-bloqueo-de-vias-tras-liberacion-de-dirigentes\/\" \/>\n<meta property=\"og:site_name\" content=\"Pulso27\" \/>\n<meta property=\"article:publisher\" content=\"https:\/\/www.facebook.com\/pulso27\/\" \/>\n<meta property=\"article:published_time\" content=\"2023-11-12T16:37:10+00:00\" \/>\n<meta property=\"article:modified_time\" content=\"2024-11-02T03:49:16+00:00\" \/>\n<meta property=\"og:image\" content=\"https:\/\/pulso27.com\/wp-content\/uploads\/2023\/11\/ica_paro.jpg\" \/>\n\t<meta property=\"og:image:width\" content=\"950\" \/>\n\t<meta property=\"og:image:height\" content=\"735\" \/>\n\t<meta property=\"og:image:type\" content=\"image\/jpeg\" \/>\n<meta name=\"author\" content=\"Redactor\" \/>\n<meta name=\"twitter:card\" content=\"summary_large_image\" \/>\n<meta name=\"twitter:creator\" content=\"@Pulso_27\" \/>\n<meta name=\"twitter:site\" content=\"@Pulso_27\" \/>\n<meta name=\"twitter:label1\" content=\"Written by\" \/>\n\t<meta name=\"twitter:data1\" content=\"Redactor\" \/>\n\t<meta name=\"twitter:label2\" content=\"Est. reading time\" \/>\n\t<meta name=\"twitter:data2\" content=\"1 minute\" \/>\n<script type=\"application\/ld+json\" class=\"yoast-schema-graph\">{\"@context\":\"https:\\\/\\\/schema.org\",\"@graph\":[{\"@type\":\"Article\",\"@id\":\"https:\\\/\\\/pulso27.com\\\/politica\\\/ica-anuncian-paro-y-bloqueo-de-vias-tras-liberacion-de-dirigentes\\\/#article\",\"isPartOf\":{\"@id\":\"https:\\\/\\\/pulso27.com\\\/politica\\\/ica-anuncian-paro-y-bloqueo-de-vias-tras-liberacion-de-dirigentes\\\/\"},\"author\":{\"name\":\"Redactor\",\"@id\":\"https:\\\/\\\/pulso27.com\\\/en\\\/#\\\/schema\\\/person\\\/bf5ee161e6c87f6c7d57f5e689ef8526\"},\"headline\":\"Ica: Anuncian paro y bloqueo de v\u00edas, tras liberaci\u00f3n de dirigentes\",\"datePublished\":\"2023-11-12T16:37:10+00:00\",\"dateModified\":\"2024-11-02T03:49:16+00:00\",\"mainEntityOfPage\":{\"@id\":\"https:\\\/\\\/pulso27.com\\\/politica\\\/ica-anuncian-paro-y-bloqueo-de-vias-tras-liberacion-de-dirigentes\\\/\"},\"wordCount\":294,\"commentCount\":0,\"publisher\":{\"@id\":\"https:\\\/\\\/pulso27.com\\\/en\\\/#organization\"},\"image\":{\"@id\":\"https:\\\/\\\/pulso27.com\\\/politica\\\/ica-anuncian-paro-y-bloqueo-de-vias-tras-liberacion-de-dirigentes\\\/#primaryimage\"},\"thumbnailUrl\":\"https:\\\/\\\/pulso27.com\\\/wp-content\\\/uploads\\\/2023\\\/11\\\/ica_paro.jpg\",\"articleSection\":[\"Actualidad\",\"Pol\u00edtica\"],\"inLanguage\":\"en-US\",\"potentialAction\":[{\"@type\":\"CommentAction\",\"name\":\"Comment\",\"target\":[\"https:\\\/\\\/pulso27.com\\\/politica\\\/ica-anuncian-paro-y-bloqueo-de-vias-tras-liberacion-de-dirigentes\\\/#respond\"]}]},{\"@type\":\"WebPage\",\"@id\":\"https:\\\/\\\/pulso27.com\\\/politica\\\/ica-anuncian-paro-y-bloqueo-de-vias-tras-liberacion-de-dirigentes\\\/\",\"url\":\"https:\\\/\\\/pulso27.com\\\/politica\\\/ica-anuncian-paro-y-bloqueo-de-vias-tras-liberacion-de-dirigentes\\\/\",\"name\":\"Ica: Anuncian paro y bloqueo de v\u00edas, tras liberaci\u00f3n de dirigentes - Pulso27\",\"isPartOf\":{\"@id\":\"https:\\\/\\\/pulso27.com\\\/en\\\/#website\"},\"primaryImageOfPage\":{\"@id\":\"https:\\\/\\\/pulso27.com\\\/politica\\\/ica-anuncian-paro-y-bloqueo-de-vias-tras-liberacion-de-dirigentes\\\/#primaryimage\"},\"image\":{\"@id\":\"https:\\\/\\\/pulso27.com\\\/politica\\\/ica-anuncian-paro-y-bloqueo-de-vias-tras-liberacion-de-dirigentes\\\/#primaryimage\"},\"thumbnailUrl\":\"https:\\\/\\\/pulso27.com\\\/wp-content\\\/uploads\\\/2023\\\/11\\\/ica_paro.jpg\",\"datePublished\":\"2023-11-12T16:37:10+00:00\",\"dateModified\":\"2024-11-02T03:49:16+00:00\",\"breadcrumb\":{\"@id\":\"https:\\\/\\\/pulso27.com\\\/politica\\\/ica-anuncian-paro-y-bloqueo-de-vias-tras-liberacion-de-dirigentes\\\/#breadcrumb\"},\"inLanguage\":\"en-US\",\"potentialAction\":[{\"@type\":\"ReadAction\",\"target\":[\"https:\\\/\\\/pulso27.com\\\/politica\\\/ica-anuncian-paro-y-bloqueo-de-vias-tras-liberacion-de-dirigentes\\\/\"]}]},{\"@type\":\"ImageObject\",\"inLanguage\":\"en-US\",\"@id\":\"https:\\\/\\\/pulso27.com\\\/politica\\\/ica-anuncian-paro-y-bloqueo-de-vias-tras-liberacion-de-dirigentes\\\/#primaryimage\",\"url\":\"https:\\\/\\\/pulso27.com\\\/wp-content\\\/uploads\\\/2023\\\/11\\\/ica_paro.jpg\",\"contentUrl\":\"https:\\\/\\\/pulso27.com\\\/wp-content\\\/uploads\\\/2023\\\/11\\\/ica_paro.jpg\",\"width\":950,\"height\":735},{\"@type\":\"BreadcrumbList\",\"@id\":\"https:\\\/\\\/pulso27.com\\\/politica\\\/ica-anuncian-paro-y-bloqueo-de-vias-tras-liberacion-de-dirigentes\\\/#breadcrumb\",\"itemListElement\":[{\"@type\":\"ListItem\",\"position\":1,\"name\":\"Portada\",\"item\":\"https:\\\/\\\/pulso27.com\\\/\"},{\"@type\":\"ListItem\",\"position\":2,\"name\":\"Ica: Anuncian paro y bloqueo de v\u00edas, tras liberaci\u00f3n de dirigentes\"}]},{\"@type\":\"WebSite\",\"@id\":\"https:\\\/\\\/pulso27.com\\\/en\\\/#website\",\"url\":\"https:\\\/\\\/pulso27.com\\\/en\\\/\",\"name\":\"Pulso27\",\"description\":\"Web de noticias y publicidad\",\"publisher\":{\"@id\":\"https:\\\/\\\/pulso27.com\\\/en\\\/#organization\"},\"alternateName\":\"El pulso del pueblo\",\"potentialAction\":[{\"@type\":\"SearchAction\",\"target\":{\"@type\":\"EntryPoint\",\"urlTemplate\":\"https:\\\/\\\/pulso27.com\\\/en\\\/?s={search_term_string}\"},\"query-input\":{\"@type\":\"PropertyValueSpecification\",\"valueRequired\":true,\"valueName\":\"search_term_string\"}}],\"inLanguage\":\"en-US\"},{\"@type\":\"Organization\",\"@id\":\"https:\\\/\\\/pulso27.com\\\/en\\\/#organization\",\"name\":\"Pulso27\",\"url\":\"https:\\\/\\\/pulso27.com\\\/en\\\/\",\"logo\":{\"@type\":\"ImageObject\",\"inLanguage\":\"en-US\",\"@id\":\"https:\\\/\\\/pulso27.com\\\/en\\\/#\\\/schema\\\/logo\\\/image\\\/\",\"url\":\"https:\\\/\\\/pulso27.com\\\/wp-content\\\/uploads\\\/2026\\\/02\\\/Logotipo-de-la-organizacion-696-x-696-px-ok.png\",\"contentUrl\":\"https:\\\/\\\/pulso27.com\\\/wp-content\\\/uploads\\\/2026\\\/02\\\/Logotipo-de-la-organizacion-696-x-696-px-ok.png\",\"width\":696,\"height\":696,\"caption\":\"Pulso27\"},\"image\":{\"@id\":\"https:\\\/\\\/pulso27.com\\\/en\\\/#\\\/schema\\\/logo\\\/image\\\/\"},\"sameAs\":[\"https:\\\/\\\/www.facebook.com\\\/pulso27\\\/\",\"https:\\\/\\\/x.com\\\/Pulso_27\",\"https:\\\/\\\/www.youtube.com\\\/@Pulso27\",\"https:\\\/\\\/www.tiktok.com\\\/@pulso_27\"]},{\"@type\":\"Person\",\"@id\":\"https:\\\/\\\/pulso27.com\\\/en\\\/#\\\/schema\\\/person\\\/bf5ee161e6c87f6c7d57f5e689ef8526\",\"name\":\"Redactor\",\"image\":{\"@type\":\"ImageObject\",\"inLanguage\":\"en-US\",\"@id\":\"https:\\\/\\\/pulso27.com\\\/wp-content\\\/uploads\\\/2025\\\/03\\\/a-150x150.png\",\"url\":\"https:\\\/\\\/pulso27.com\\\/wp-content\\\/uploads\\\/2025\\\/03\\\/a-150x150.png\",\"contentUrl\":\"https:\\\/\\\/pulso27.com\\\/wp-content\\\/uploads\\\/2025\\\/03\\\/a-150x150.png\",\"caption\":\"Redactor\"},\"sameAs\":[\"http:\\\/\\\/www.pulso27.com\"],\"url\":\"https:\\\/\\\/pulso27.com\\\/en\\\/author\\\/redactor\\\/\"}]}<\/script>\n<!-- \/ Yoast SEO plugin. -->","yoast_head_json":{"title":"Ica: Anuncian paro y bloqueo de v\u00edas, tras liberaci\u00f3n de dirigentes - Pulso27","robots":{"index":"index","follow":"follow","max-snippet":"max-snippet:-1","max-image-preview":"max-image-preview:large","max-video-preview":"max-video-preview:-1"},"canonical":"https:\/\/pulso27.com\/en\/politica\/ica-anuncian-paro-y-bloqueo-de-vias-tras-liberacion-de-dirigentes\/","og_locale":"en_US","og_type":"article","og_title":"Ica: Anuncian paro y bloqueo de v\u00edas, tras liberaci\u00f3n de dirigentes - Pulso27","og_description":"Manifestantes fueron liberas por casi 9 meses dese enero, acusados de participar en las violentas protestas en el Barrio Chino, de Ica. Dirigentes del sector Barrio Chino, en la regi\u00f3n Ica, anunciaron un paro y bloqueo de la Panamericana Sur y otras v\u00edas en el sur por m\u00e1s de 20 d\u00edas, tras la liberaci\u00f3n de [&hellip;]","og_url":"https:\/\/pulso27.com\/en\/politica\/ica-anuncian-paro-y-bloqueo-de-vias-tras-liberacion-de-dirigentes\/","og_site_name":"Pulso27","article_publisher":"https:\/\/www.facebook.com\/pulso27\/","article_published_time":"2023-11-12T16:37:10+00:00","article_modified_time":"2024-11-02T03:49:16+00:00","og_image":[{"width":950,"height":735,"url":"https:\/\/pulso27.com\/wp-content\/uploads\/2023\/11\/ica_paro.jpg","type":"image\/jpeg"}],"author":"Redactor","twitter_card":"summary_large_image","twitter_creator":"@Pulso_27","twitter_site":"@Pulso_27","twitter_misc":{"Written by":"Redactor","Est. reading time":"1 minute"},"schema":{"@context":"https:\/\/schema.org","@graph":[{"@type":"Article","@id":"https:\/\/pulso27.com\/politica\/ica-anuncian-paro-y-bloqueo-de-vias-tras-liberacion-de-dirigentes\/#article","isPartOf":{"@id":"https:\/\/pulso27.com\/politica\/ica-anuncian-paro-y-bloqueo-de-vias-tras-liberacion-de-dirigentes\/"},"author":{"name":"Redactor","@id":"https:\/\/pulso27.com\/en\/#\/schema\/person\/bf5ee161e6c87f6c7d57f5e689ef8526"},"headline":"Ica: Anuncian paro y bloqueo de v\u00edas, tras liberaci\u00f3n de dirigentes","datePublished":"2023-11-12T16:37:10+00:00","dateModified":"2024-11-02T03:49:16+00:00","mainEntityOfPage":{"@id":"https:\/\/pulso27.com\/politica\/ica-anuncian-paro-y-bloqueo-de-vias-tras-liberacion-de-dirigentes\/"},"wordCount":294,"commentCount":0,"publisher":{"@id":"https:\/\/pulso27.com\/en\/#organization"},"image":{"@id":"https:\/\/pulso27.com\/politica\/ica-anuncian-paro-y-bloqueo-de-vias-tras-liberacion-de-dirigentes\/#primaryimage"},"thumbnailUrl":"https:\/\/pulso27.com\/wp-content\/uploads\/2023\/11\/ica_paro.jpg","articleSection":["Actualidad","Pol\u00edtica"],"inLanguage":"en-US","potentialAction":[{"@type":"CommentAction","name":"Comment","target":["https:\/\/pulso27.com\/politica\/ica-anuncian-paro-y-bloqueo-de-vias-tras-liberacion-de-dirigentes\/#respond"]}]},{"@type":"WebPage","@id":"https:\/\/pulso27.com\/politica\/ica-anuncian-paro-y-bloqueo-de-vias-tras-liberacion-de-dirigentes\/","url":"https:\/\/pulso27.com\/politica\/ica-anuncian-paro-y-bloqueo-de-vias-tras-liberacion-de-dirigentes\/","name":"Ica: Anuncian paro y bloqueo de v\u00edas, tras liberaci\u00f3n de dirigentes - Pulso27","isPartOf":{"@id":"https:\/\/pulso27.com\/en\/#website"},"primaryImageOfPage":{"@id":"https:\/\/pulso27.com\/politica\/ica-anuncian-paro-y-bloqueo-de-vias-tras-liberacion-de-dirigentes\/#primaryimage"},"image":{"@id":"https:\/\/pulso27.com\/politica\/ica-anuncian-paro-y-bloqueo-de-vias-tras-liberacion-de-dirigentes\/#primaryimage"},"thumbnailUrl":"https:\/\/pulso27.com\/wp-content\/uploads\/2023\/11\/ica_paro.jpg","datePublished":"2023-11-12T16:37:10+00:00","dateModified":"2024-11-02T03:49:16+00:00","breadcrumb":{"@id":"https:\/\/pulso27.com\/politica\/ica-anuncian-paro-y-bloqueo-de-vias-tras-liberacion-de-dirigentes\/#breadcrumb"},"inLanguage":"en-US","potentialAction":[{"@type":"ReadAction","target":["https:\/\/pulso27.com\/politica\/ica-anuncian-paro-y-bloqueo-de-vias-tras-liberacion-de-dirigentes\/"]}]},{"@type":"ImageObject","inLanguage":"en-US","@id":"https:\/\/pulso27.com\/politica\/ica-anuncian-paro-y-bloqueo-de-vias-tras-liberacion-de-dirigentes\/#primaryimage","url":"https:\/\/pulso27.com\/wp-content\/uploads\/2023\/11\/ica_paro.jpg","contentUrl":"https:\/\/pulso27.com\/wp-content\/uploads\/2023\/11\/ica_paro.jpg","width":950,"height":735},{"@type":"BreadcrumbList","@id":"https:\/\/pulso27.com\/politica\/ica-anuncian-paro-y-bloqueo-de-vias-tras-liberacion-de-dirigentes\/#breadcrumb","itemListElement":[{"@type":"ListItem","position":1,"name":"Portada","item":"https:\/\/pulso27.com\/"},{"@type":"ListItem","position":2,"name":"Ica: Anuncian paro y bloqueo de v\u00edas, tras liberaci\u00f3n de dirigentes"}]},{"@type":"WebSite","@id":"https:\/\/pulso27.com\/en\/#website","url":"https:\/\/pulso27.com\/en\/","name":"Pulso27","description":"Web de noticias y publicidad","publisher":{"@id":"https:\/\/pulso27.com\/en\/#organization"},"alternateName":"El pulso del pueblo","potentialAction":[{"@type":"SearchAction","target":{"@type":"EntryPoint","urlTemplate":"https:\/\/pulso27.com\/en\/?s={search_term_string}"},"query-input":{"@type":"PropertyValueSpecification","valueRequired":true,"valueName":"search_term_string"}}],"inLanguage":"en-US"},{"@type":"Organization","@id":"https:\/\/pulso27.com\/en\/#organization","name":"Pulso27","url":"https:\/\/pulso27.com\/en\/","logo":{"@type":"ImageObject","inLanguage":"en-US","@id":"https:\/\/pulso27.com\/en\/#\/schema\/logo\/image\/","url":"https:\/\/pulso27.com\/wp-content\/uploads\/2026\/02\/Logotipo-de-la-organizacion-696-x-696-px-ok.png","contentUrl":"https:\/\/pulso27.com\/wp-content\/uploads\/2026\/02\/Logotipo-de-la-organizacion-696-x-696-px-ok.png","width":696,"height":696,"caption":"Pulso27"},"image":{"@id":"https:\/\/pulso27.com\/en\/#\/schema\/logo\/image\/"},"sameAs":["https:\/\/www.facebook.com\/pulso27\/","https:\/\/x.com\/Pulso_27","https:\/\/www.youtube.com\/@Pulso27","https:\/\/www.tiktok.com\/@pulso_27"]},{"@type":"Person","@id":"https:\/\/pulso27.com\/en\/#\/schema\/person\/bf5ee161e6c87f6c7d57f5e689ef8526","name":"Redactor","image":{"@type":"ImageObject","inLanguage":"en-US","@id":"https:\/\/pulso27.com\/wp-content\/uploads\/2025\/03\/a-150x150.png","url":"https:\/\/pulso27.com\/wp-content\/uploads\/2025\/03\/a-150x150.png","contentUrl":"https:\/\/pulso27.com\/wp-content\/uploads\/2025\/03\/a-150x150.png","caption":"Redactor"},"sameAs":["http:\/\/www.pulso27.com"],"url":"https:\/\/pulso27.com\/en\/author\/redactor\/"}]}},"amp_enabled":true,"_links":{"self":[{"href":"https:\/\/pulso27.com\/en\/wp-json\/wp\/v2\/posts\/678","targetHints":{"allow":["GET"]}}],"collection":[{"href":"https:\/\/pulso27.com\/en\/wp-json\/wp\/v2\/posts"}],"about":[{"href":"https:\/\/pulso27.com\/en\/wp-json\/wp\/v2\/types\/post"}],"author":[{"embeddable":true,"href":"https:\/\/pulso27.com\/en\/wp-json\/wp\/v2\/users\/13"}],"replies":[{"embeddable":true,"href":"https:\/\/pulso27.com\/en\/wp-json\/wp\/v2\/comments?post=678"}],"version-history":[{"count":2,"href":"https:\/\/pulso27.com\/en\/wp-json\/wp\/v2\/posts\/678\/revisions"}],"predecessor-version":[{"id":696,"href":"https:\/\/pulso27.com\/en\/wp-json\/wp\/v2\/posts\/678\/revisions\/696"}],"wp:featuredmedia":[{"embeddable":true,"href":"https:\/\/pulso27.com\/en\/wp-json\/wp\/v2\/media\/679"}],"wp:attachment":[{"href":"https:\/\/pulso27.com\/en\/wp-json\/wp\/v2\/media?parent=678"}],"wp:term":[{"taxonomy":"category","embeddable":true,"href":"https:\/\/pulso27.com\/en\/wp-json\/wp\/v2\/categories?post=678"},{"taxonomy":"post_tag","embeddable":true,"href":"https:\/\/pulso27.com\/en\/wp-json\/wp\/v2\/tags?post=678"}],"curies":[{"name":"wp","href":"https:\/\/api.w.org\/{rel}","templated":true}]}}